{"id":47310,"date":"2025-02-15T09:33:00","date_gmt":"2025-02-15T09:33:00","guid":{"rendered":"https:\/\/algarve7.pt\/?p=47310"},"modified":"2025-02-14T21:35:54","modified_gmt":"2025-02-14T21:35:54","slug":"tavira-dinamiza-oficina-mascara-grotesca","status":"publish","type":"post","link":"https:\/\/algarve7.pt\/index.php\/2025\/02\/tavira-dinamiza-oficina-mascara-grotesca\/cultura\/09\/33\/","title":{"rendered":"Tavira dinamiza oficina \u201cM\u00e1scara Grotesca\u201d"},"content":{"rendered":"\n<p>No \u00e2mbito das celebra\u00e7\u00f5es do Carnaval e com o intuito de manter viva esta tradi\u00e7\u00e3o, assim como preservar, valorizar e transmitir \u00e0s novas gera\u00e7\u00f5es o estilo de vida da Dieta Mediterr\u00e2nica (patrim\u00f3nio cultural e imaterial da UNESCO), o Munic\u00edpio de Tavira promove, no dia 22 de fevereiro, entre as 14h00 e as 16h00, no Museu Municipal | Pal\u00e1cio da Galeria, a oficina \u201cM\u00e1scara Grotesca\u201d.<\/p>\n\n\n\n<p>Esta a\u00e7\u00e3o, destinada a fam\u00edlias com crian\u00e7as entre os 06 e os 12 anos, visa sensibilizar para a decora\u00e7\u00e3o grotesca presente nalguns edif\u00edcios da cidade de Tavira. Figuras fant\u00e1sticas como um homem com cauda de peixe, um m\u00fasico e um drag\u00e3o s\u00e3o \u00f3timas inspira\u00e7\u00f5es para a cria\u00e7\u00e3o de uma m\u00e1scara para usar no Carnaval.&nbsp;<\/p>\n\n\n\n<p>A atividade destina-se a um n\u00famero m\u00e1ximo de 10 participantes e m\u00ednimo de 4.<\/p>\n\n\n\n<p>Os interessados dever\u00e3o efetuar a sua inscri\u00e7\u00e3o (gratuita e obrigat\u00f3ria), atrav\u00e9s do formul\u00e1rio:\u00a0<a href=\"https:\/\/forms.gle\/YMSCL29iTWCkzGrz9\" target=\"_blank\" rel=\"noreferrer noopener\">https:\/\/forms.gle\/YMSCL29iTWCkzGrz9<\/a><\/p>\n","protected":false},"excerpt":{"rendered":"<p>No \u00e2mbito das celebra\u00e7\u00f5es do Carnaval e com o intuito de manter viva esta tradi\u00e7\u00e3o, assim como preservar, valorizar e<\/p>\n","protected":false},"author":1,"featured_media":47311,"comment_status":"closed","ping_status":"closed","sticky":false,"template":"","format":"standard","meta":{"colormag_page_container_layout":"default_layout","colormag_page_sidebar_layout":"default_layout","_monsterinsights_skip_tracking":false,"_monsterinsights_sitenote_active":false,"_monsterinsights_sitenote_note":"","_monsterinsights_sitenote_category":0,"jetpack_post_was_ever_published":false,"_jetpack_newsletter_access":"","_jetpack_dont_email_post_to_subs":false,"_jetpack_newsletter_tier_id":0,"_jetpack_memberships_contains_paywalled_content":false,"_jetpack_memberships_contains_paid_content":false,"footnotes":"","jetpack_publicize_message":"","jetpack_publicize_feature_enabled":true,"jetpack_social_post_already_shared":true,"jetpack_social_options":{"image_generator_settings":{"template":"highway","default_image_id":0,"font":"","enabled":false},"version":2}},"categories":[14],"tags":[36,187,35,54],"class_list":["post-47310","post","type-post","status-publish","format-standard","has-post-thumbnail","hentry","category-cultura","tag-algarve","tag-carnaval","tag-cultura","tag-tavira"],"yoast_head":"<!-- This site is optimized with the Yoast SEO plugin v27.5 - https:\/\/yoast.com\/product\/yoast-seo-wordpress\/ -->\n<title>Tavira dinamiza oficina \u201cM\u00e1scara Grotesca\u201d - Algarve 7<\/title>\n<meta name=\"description\" content=\"Tavira dinamiza oficina \u201cM\u00e1scara Grotesca\u201d Cultura\" \/>\n<meta name=\"robots\" content=\"index, follow, max-snippet:-1, max-image-preview:large, max-video-preview:-1\" \/>\n<link rel=\"canonical\" href=\"https:\/\/algarve7.pt\/index.php\/2025\/02\/tavira-dinamiza-oficina-mascara-grotesca\/cultura\/09\/33\/\" \/>\n<meta property=\"og:locale\" content=\"pt_PT\" \/>\n<meta property=\"og:type\" content=\"article\" \/>\n<meta property=\"og:title\" content=\"Tavira dinamiza oficina \u201cM\u00e1scara Grotesca\u201d - Algarve 7\" \/>\n<meta property=\"og:description\" content=\"Tavira dinamiza oficina \u201cM\u00e1scara Grotesca\u201d Cultura\" \/>\n<meta property=\"og:url\" content=\"https:\/\/algarve7.pt\/index.php\/2025\/02\/tavira-dinamiza-oficina-mascara-grotesca\/cultura\/09\/33\/\" \/>\n<meta property=\"og:site_name\" content=\"Algarve 7\" \/>\n<meta property=\"article:publisher\" content=\"https:\/\/www.facebook.com\/algarve7\" \/>\n<meta property=\"article:author\" content=\"https:\/\/www.facebook.com\/algarve7\" \/>\n<meta property=\"article:published_time\" content=\"2025-02-15T09:33:00+00:00\" \/>\n<meta property=\"og:image\" content=\"https:\/\/algarve7.pt\/wp-content\/uploads\/2025\/02\/Captura-de-ecra-2025-02-14-as-21.32.54.png\" \/>\n\t<meta property=\"og:image:width\" content=\"800\" \/>\n\t<meta property=\"og:image:height\" content=\"500\" \/>\n\t<meta property=\"og:image:type\" content=\"image\/png\" \/>\n<meta name=\"author\" content=\"Algarve 7\" \/>\n<meta name=\"twitter:card\" content=\"summary_large_image\" \/>\n<meta name=\"twitter:creator\" content=\"@Algarvesete\" \/>\n<meta name=\"twitter:site\" content=\"@Algarvesete\" \/>\n<meta name=\"twitter:label1\" content=\"Escrito por\" \/>\n\t<meta name=\"twitter:data1\" content=\"Algarve 7\" \/>\n\t<meta name=\"twitter:label2\" content=\"Tempo estimado de leitura\" \/>\n\t<meta name=\"twitter:data2\" content=\"2 minutos\" \/>\n<script type=\"application\/ld+json\" class=\"yoast-schema-graph\">{\"@context\":\"https:\\\/\\\/schema.org\",\"@graph\":[{\"@type\":\"Article\",\"@id\":\"https:\\\/\\\/algarve7.pt\\\/index.php\\\/2025\\\/02\\\/tavira-dinamiza-oficina-mascara-grotesca\\\/cultura\\\/09\\\/33\\\/#article\",\"isPartOf\":{\"@id\":\"https:\\\/\\\/algarve7.pt\\\/index.php\\\/2025\\\/02\\\/tavira-dinamiza-oficina-mascara-grotesca\\\/cultura\\\/09\\\/33\\\/\"},\"author\":{\"name\":\"Algarve 7\",\"@id\":\"https:\\\/\\\/algarve7.pt\\\/#\\\/schema\\\/person\\\/23fa70681308e7b319a3204bcea45e0c\"},\"headline\":\"Tavira dinamiza oficina \u201cM\u00e1scara Grotesca\u201d\",\"datePublished\":\"2025-02-15T09:33:00+00:00\",\"mainEntityOfPage\":{\"@id\":\"https:\\\/\\\/algarve7.pt\\\/index.php\\\/2025\\\/02\\\/tavira-dinamiza-oficina-mascara-grotesca\\\/cultura\\\/09\\\/33\\\/\"},\"wordCount\":179,\"publisher\":{\"@id\":\"https:\\\/\\\/algarve7.pt\\\/#organization\"},\"image\":{\"@id\":\"https:\\\/\\\/algarve7.pt\\\/index.php\\\/2025\\\/02\\\/tavira-dinamiza-oficina-mascara-grotesca\\\/cultura\\\/09\\\/33\\\/#primaryimage\"},\"thumbnailUrl\":\"https:\\\/\\\/algarve7.pt\\\/wp-content\\\/uploads\\\/2025\\\/02\\\/Captura-de-ecra-2025-02-14-as-21.32.54.png\",\"keywords\":[\"Algarve\",\"Carnaval\",\"Cultura\",\"Tavira\"],\"articleSection\":[\"Cultura\"],\"inLanguage\":\"pt-PT\"},{\"@type\":\"WebPage\",\"@id\":\"https:\\\/\\\/algarve7.pt\\\/index.php\\\/2025\\\/02\\\/tavira-dinamiza-oficina-mascara-grotesca\\\/cultura\\\/09\\\/33\\\/\",\"url\":\"https:\\\/\\\/algarve7.pt\\\/index.php\\\/2025\\\/02\\\/tavira-dinamiza-oficina-mascara-grotesca\\\/cultura\\\/09\\\/33\\\/\",\"name\":\"Tavira dinamiza oficina \u201cM\u00e1scara Grotesca\u201d - Algarve 7\",\"isPartOf\":{\"@id\":\"https:\\\/\\\/algarve7.pt\\\/#website\"},\"primaryImageOfPage\":{\"@id\":\"https:\\\/\\\/algarve7.pt\\\/index.php\\\/2025\\\/02\\\/tavira-dinamiza-oficina-mascara-grotesca\\\/cultura\\\/09\\\/33\\\/#primaryimage\"},\"image\":{\"@id\":\"https:\\\/\\\/algarve7.pt\\\/index.php\\\/2025\\\/02\\\/tavira-dinamiza-oficina-mascara-grotesca\\\/cultura\\\/09\\\/33\\\/#primaryimage\"},\"thumbnailUrl\":\"https:\\\/\\\/algarve7.pt\\\/wp-content\\\/uploads\\\/2025\\\/02\\\/Captura-de-ecra-2025-02-14-as-21.32.54.png\",\"datePublished\":\"2025-02-15T09:33:00+00:00\",\"description\":\"Tavira dinamiza oficina \u201cM\u00e1scara Grotesca\u201d Cultura\",\"breadcrumb\":{\"@id\":\"https:\\\/\\\/algarve7.pt\\\/index.php\\\/2025\\\/02\\\/tavira-dinamiza-oficina-mascara-grotesca\\\/cultura\\\/09\\\/33\\\/#breadcrumb\"},\"inLanguage\":\"pt-PT\",\"potentialAction\":[{\"@type\":\"ReadAction\",\"target\":[\"https:\\\/\\\/algarve7.pt\\\/index.php\\\/2025\\\/02\\\/tavira-dinamiza-oficina-mascara-grotesca\\\/cultura\\\/09\\\/33\\\/\"]}]},{\"@type\":\"ImageObject\",\"inLanguage\":\"pt-PT\",\"@id\":\"https:\\\/\\\/algarve7.pt\\\/index.php\\\/2025\\\/02\\\/tavira-dinamiza-oficina-mascara-grotesca\\\/cultura\\\/09\\\/33\\\/#primaryimage\",\"url\":\"https:\\\/\\\/algarve7.pt\\\/wp-content\\\/uploads\\\/2025\\\/02\\\/Captura-de-ecra-2025-02-14-as-21.32.54.png\",\"contentUrl\":\"https:\\\/\\\/algarve7.pt\\\/wp-content\\\/uploads\\\/2025\\\/02\\\/Captura-de-ecra-2025-02-14-as-21.32.54.png\",\"width\":800,\"height\":500},{\"@type\":\"BreadcrumbList\",\"@id\":\"https:\\\/\\\/algarve7.pt\\\/index.php\\\/2025\\\/02\\\/tavira-dinamiza-oficina-mascara-grotesca\\\/cultura\\\/09\\\/33\\\/#breadcrumb\",\"itemListElement\":[{\"@type\":\"ListItem\",\"position\":1,\"name\":\"In\u00edcio\",\"item\":\"https:\\\/\\\/algarve7.pt\\\/\"},{\"@type\":\"ListItem\",\"position\":2,\"name\":\"Tavira dinamiza oficina \u201cM\u00e1scara Grotesca\u201d\"}]},{\"@type\":\"WebSite\",\"@id\":\"https:\\\/\\\/algarve7.pt\\\/#website\",\"url\":\"https:\\\/\\\/algarve7.pt\\\/\",\"name\":\"Algarve 7\",\"description\":\"Informa\u00e7\u00e3o sobre o Algarve\",\"publisher\":{\"@id\":\"https:\\\/\\\/algarve7.pt\\\/#organization\"},\"potentialAction\":[{\"@type\":\"SearchAction\",\"target\":{\"@type\":\"EntryPoint\",\"urlTemplate\":\"https:\\\/\\\/algarve7.pt\\\/?s={search_term_string}\"},\"query-input\":{\"@type\":\"PropertyValueSpecification\",\"valueRequired\":true,\"valueName\":\"search_term_string\"}}],\"inLanguage\":\"pt-PT\"},{\"@type\":\"Organization\",\"@id\":\"https:\\\/\\\/algarve7.pt\\\/#organization\",\"name\":\"Algarve 7\",\"url\":\"https:\\\/\\\/algarve7.pt\\\/\",\"logo\":{\"@type\":\"ImageObject\",\"inLanguage\":\"pt-PT\",\"@id\":\"https:\\\/\\\/algarve7.pt\\\/#\\\/schema\\\/logo\\\/image\\\/\",\"url\":\"https:\\\/\\\/algarve7.pt\\\/wp-content\\\/uploads\\\/2020\\\/10\\\/Logo-8.jpg\",\"contentUrl\":\"https:\\\/\\\/algarve7.pt\\\/wp-content\\\/uploads\\\/2020\\\/10\\\/Logo-8.jpg\",\"width\":1680,\"height\":1186,\"caption\":\"Algarve 7\"},\"image\":{\"@id\":\"https:\\\/\\\/algarve7.pt\\\/#\\\/schema\\\/logo\\\/image\\\/\"},\"sameAs\":[\"https:\\\/\\\/www.facebook.com\\\/algarve7\",\"https:\\\/\\\/x.com\\\/Algarvesete\",\"https:\\\/\\\/www.instagram.com\\\/jornalalgarve7\\\/\",\"https:\\\/\\\/www.linkedin.com\\\/company\\\/algarve7\",\"https:\\\/\\\/www.pinterest.pt\\\/geral0939\\\/_created\\\/\"]},{\"@type\":\"Person\",\"@id\":\"https:\\\/\\\/algarve7.pt\\\/#\\\/schema\\\/person\\\/23fa70681308e7b319a3204bcea45e0c\",\"name\":\"Algarve 7\",\"sameAs\":[\"https:\\\/\\\/algarve7.pt\",\"https:\\\/\\\/www.facebook.com\\\/algarve7\"],\"url\":\"https:\\\/\\\/algarve7.pt\\\/index.php\\\/author\\\/geralalgarve7-pt\\\/\"}]}<\/script>\n<!-- \/ Yoast SEO plugin. -->","yoast_head_json":{"title":"Tavira dinamiza oficina \u201cM\u00e1scara Grotesca\u201d - Algarve 7","description":"Tavira dinamiza oficina \u201cM\u00e1scara Grotesca\u201d Cultura","robots":{"index":"index","follow":"follow","max-snippet":"max-snippet:-1","max-image-preview":"max-image-preview:large","max-video-preview":"max-video-preview:-1"},"canonical":"https:\/\/algarve7.pt\/index.php\/2025\/02\/tavira-dinamiza-oficina-mascara-grotesca\/cultura\/09\/33\/","og_locale":"pt_PT","og_type":"article","og_title":"Tavira dinamiza oficina \u201cM\u00e1scara Grotesca\u201d - Algarve 7","og_description":"Tavira dinamiza oficina \u201cM\u00e1scara Grotesca\u201d Cultura","og_url":"https:\/\/algarve7.pt\/index.php\/2025\/02\/tavira-dinamiza-oficina-mascara-grotesca\/cultura\/09\/33\/","og_site_name":"Algarve 7","article_publisher":"https:\/\/www.facebook.com\/algarve7","article_author":"https:\/\/www.facebook.com\/algarve7","article_published_time":"2025-02-15T09:33:00+00:00","og_image":[{"width":800,"height":500,"url":"https:\/\/algarve7.pt\/wp-content\/uploads\/2025\/02\/Captura-de-ecra-2025-02-14-as-21.32.54.png","type":"image\/png"}],"author":"Algarve 7","twitter_card":"summary_large_image","twitter_creator":"@Algarvesete","twitter_site":"@Algarvesete","twitter_misc":{"Escrito por":"Algarve 7","Tempo estimado de leitura":"2 minutos"},"schema":{"@context":"https:\/\/schema.org","@graph":[{"@type":"Article","@id":"https:\/\/algarve7.pt\/index.php\/2025\/02\/tavira-dinamiza-oficina-mascara-grotesca\/cultura\/09\/33\/#article","isPartOf":{"@id":"https:\/\/algarve7.pt\/index.php\/2025\/02\/tavira-dinamiza-oficina-mascara-grotesca\/cultura\/09\/33\/"},"author":{"name":"Algarve 7","@id":"https:\/\/algarve7.pt\/#\/schema\/person\/23fa70681308e7b319a3204bcea45e0c"},"headline":"Tavira dinamiza oficina \u201cM\u00e1scara Grotesca\u201d","datePublished":"2025-02-15T09:33:00+00:00","mainEntityOfPage":{"@id":"https:\/\/algarve7.pt\/index.php\/2025\/02\/tavira-dinamiza-oficina-mascara-grotesca\/cultura\/09\/33\/"},"wordCount":179,"publisher":{"@id":"https:\/\/algarve7.pt\/#organization"},"image":{"@id":"https:\/\/algarve7.pt\/index.php\/2025\/02\/tavira-dinamiza-oficina-mascara-grotesca\/cultura\/09\/33\/#primaryimage"},"thumbnailUrl":"https:\/\/algarve7.pt\/wp-content\/uploads\/2025\/02\/Captura-de-ecra-2025-02-14-as-21.32.54.png","keywords":["Algarve","Carnaval","Cultura","Tavira"],"articleSection":["Cultura"],"inLanguage":"pt-PT"},{"@type":"WebPage","@id":"https:\/\/algarve7.pt\/index.php\/2025\/02\/tavira-dinamiza-oficina-mascara-grotesca\/cultura\/09\/33\/","url":"https:\/\/algarve7.pt\/index.php\/2025\/02\/tavira-dinamiza-oficina-mascara-grotesca\/cultura\/09\/33\/","name":"Tavira dinamiza oficina \u201cM\u00e1scara Grotesca\u201d - Algarve 7","isPartOf":{"@id":"https:\/\/algarve7.pt\/#website"},"primaryImageOfPage":{"@id":"https:\/\/algarve7.pt\/index.php\/2025\/02\/tavira-dinamiza-oficina-mascara-grotesca\/cultura\/09\/33\/#primaryimage"},"image":{"@id":"https:\/\/algarve7.pt\/index.php\/2025\/02\/tavira-dinamiza-oficina-mascara-grotesca\/cultura\/09\/33\/#primaryimage"},"thumbnailUrl":"https:\/\/algarve7.pt\/wp-content\/uploads\/2025\/02\/Captura-de-ecra-2025-02-14-as-21.32.54.png","datePublished":"2025-02-15T09:33:00+00:00","description":"Tavira dinamiza oficina \u201cM\u00e1scara Grotesca\u201d Cultura","breadcrumb":{"@id":"https:\/\/algarve7.pt\/index.php\/2025\/02\/tavira-dinamiza-oficina-mascara-grotesca\/cultura\/09\/33\/#breadcrumb"},"inLanguage":"pt-PT","potentialAction":[{"@type":"ReadAction","target":["https:\/\/algarve7.pt\/index.php\/2025\/02\/tavira-dinamiza-oficina-mascara-grotesca\/cultura\/09\/33\/"]}]},{"@type":"ImageObject","inLanguage":"pt-PT","@id":"https:\/\/algarve7.pt\/index.php\/2025\/02\/tavira-dinamiza-oficina-mascara-grotesca\/cultura\/09\/33\/#primaryimage","url":"https:\/\/algarve7.pt\/wp-content\/uploads\/2025\/02\/Captura-de-ecra-2025-02-14-as-21.32.54.png","contentUrl":"https:\/\/algarve7.pt\/wp-content\/uploads\/2025\/02\/Captura-de-ecra-2025-02-14-as-21.32.54.png","width":800,"height":500},{"@type":"BreadcrumbList","@id":"https:\/\/algarve7.pt\/index.php\/2025\/02\/tavira-dinamiza-oficina-mascara-grotesca\/cultura\/09\/33\/#breadcrumb","itemListElement":[{"@type":"ListItem","position":1,"name":"In\u00edcio","item":"https:\/\/algarve7.pt\/"},{"@type":"ListItem","position":2,"name":"Tavira dinamiza oficina \u201cM\u00e1scara Grotesca\u201d"}]},{"@type":"WebSite","@id":"https:\/\/algarve7.pt\/#website","url":"https:\/\/algarve7.pt\/","name":"Algarve 7","description":"Informa\u00e7\u00e3o sobre o Algarve","publisher":{"@id":"https:\/\/algarve7.pt\/#organization"},"potentialAction":[{"@type":"SearchAction","target":{"@type":"EntryPoint","urlTemplate":"https:\/\/algarve7.pt\/?s={search_term_string}"},"query-input":{"@type":"PropertyValueSpecification","valueRequired":true,"valueName":"search_term_string"}}],"inLanguage":"pt-PT"},{"@type":"Organization","@id":"https:\/\/algarve7.pt\/#organization","name":"Algarve 7","url":"https:\/\/algarve7.pt\/","logo":{"@type":"ImageObject","inLanguage":"pt-PT","@id":"https:\/\/algarve7.pt\/#\/schema\/logo\/image\/","url":"https:\/\/algarve7.pt\/wp-content\/uploads\/2020\/10\/Logo-8.jpg","contentUrl":"https:\/\/algarve7.pt\/wp-content\/uploads\/2020\/10\/Logo-8.jpg","width":1680,"height":1186,"caption":"Algarve 7"},"image":{"@id":"https:\/\/algarve7.pt\/#\/schema\/logo\/image\/"},"sameAs":["https:\/\/www.facebook.com\/algarve7","https:\/\/x.com\/Algarvesete","https:\/\/www.instagram.com\/jornalalgarve7\/","https:\/\/www.linkedin.com\/company\/algarve7","https:\/\/www.pinterest.pt\/geral0939\/_created\/"]},{"@type":"Person","@id":"https:\/\/algarve7.pt\/#\/schema\/person\/23fa70681308e7b319a3204bcea45e0c","name":"Algarve 7","sameAs":["https:\/\/algarve7.pt","https:\/\/www.facebook.com\/algarve7"],"url":"https:\/\/algarve7.pt\/index.php\/author\/geralalgarve7-pt\/"}]}},"jetpack_publicize_connections":[],"jetpack_featured_media_url":"https:\/\/algarve7.pt\/wp-content\/uploads\/2025\/02\/Captura-de-ecra-2025-02-14-as-21.32.54.png","jetpack_shortlink":"https:\/\/wp.me\/pcezmW-cj4","jetpack_sharing_enabled":true,"_links":{"self":[{"href":"https:\/\/algarve7.pt\/index.php\/wp-json\/wp\/v2\/posts\/47310","targetHints":{"allow":["GET"]}}],"collection":[{"href":"https:\/\/algarve7.pt\/index.php\/wp-json\/wp\/v2\/posts"}],"about":[{"href":"https:\/\/algarve7.pt\/index.php\/wp-json\/wp\/v2\/types\/post"}],"author":[{"embeddable":true,"href":"https:\/\/algarve7.pt\/index.php\/wp-json\/wp\/v2\/users\/1"}],"replies":[{"embeddable":true,"href":"https:\/\/algarve7.pt\/index.php\/wp-json\/wp\/v2\/comments?post=47310"}],"version-history":[{"count":0,"href":"https:\/\/algarve7.pt\/index.php\/wp-json\/wp\/v2\/posts\/47310\/revisions"}],"wp:featuredmedia":[{"embeddable":true,"href":"https:\/\/algarve7.pt\/index.php\/wp-json\/wp\/v2\/media\/47311"}],"wp:attachment":[{"href":"https:\/\/algarve7.pt\/index.php\/wp-json\/wp\/v2\/media?parent=47310"}],"wp:term":[{"taxonomy":"category","embeddable":true,"href":"https:\/\/algarve7.pt\/index.php\/wp-json\/wp\/v2\/categories?post=47310"},{"taxonomy":"post_tag","embeddable":true,"href":"https:\/\/algarve7.pt\/index.php\/wp-json\/wp\/v2\/tags?post=47310"}],"curies":[{"name":"wp","href":"https:\/\/api.w.org\/{rel}","templated":true}]}}