{"id":47300,"date":"2025-02-13T21:17:35","date_gmt":"2025-02-13T21:17:35","guid":{"rendered":"https:\/\/algarve7.pt\/?p=47300"},"modified":"2025-02-13T21:17:39","modified_gmt":"2025-02-13T21:17:39","slug":"5-o-open-internacional-de-tenis-de-vrsa-fred-silva-e-gastao-elias-nos-quartos-de-final","status":"publish","type":"post","link":"https:\/\/algarve7.pt\/index.php\/2025\/02\/5-o-open-internacional-de-tenis-de-vrsa-fred-silva-e-gastao-elias-nos-quartos-de-final\/desporto\/21\/17\/","title":{"rendered":"5.\u00ba Open Internacional de T\u00e9nis de VRSA: Fred Silva e Gast\u00e3o Elias\u00a0 nos quartos de final"},"content":{"rendered":"\n<p>Frederico Silva e Gast\u00e3o Elias foram dois dos sete cabe\u00e7as de s\u00e9rie que qualificaram-se hoje (quinta-feira) para os quartos de final do 5.\u00ba Open Internacional de T\u00e9nis de Vila Real de Santo Ant\u00f3nio, o torneio da categoria M25, de 30 mil d\u00f3lares (quase 29 mil euros) em pr\u00e9mios monet\u00e1rios, que decorre esta semana no Complexo Desportivo de Vila Real de Santo Ant\u00f3nio.\u00a0<\/p>\n\n\n\n<p>O franc\u00eas Robin Bertrand, curiosamente o n.\u00ba1 do torneio, foi o \u00fanico cabe\u00e7a de s\u00e9rie eliminado nos oitavos de final, derrotado pelo espanhol Tom\u00e1s Curras, por 6-2 e 6-3.\u00a0\u00a0Isso significa que os quartos de final ir\u00e3o oferecer tr\u00eas encontros exclusivamente entre cabe\u00e7as de s\u00e9rie.\u00a0<\/p>\n\n\n\n<p>O espet\u00e1culo est\u00e1, desde logo, garantido com um grande destaque para o medi\u00e1tico embate entre Gast\u00e3o Elias, ex-57.\u00ba do ATP Tour e vencedor de 10 challengers, e o eslovaco Martin Klizan, um antigo 24.\u00ba do ranking mundial e campe\u00e3o de seis t\u00edtulos do ATP Tour.\u00a0<\/p>\n\n\n\n<p>Para Martin Klizan, o 4.\u00ba cabe\u00e7a de s\u00e9rie, que regressou \u00e0 competi\u00e7\u00e3o ap\u00f3s uma aus\u00eancia de dois anos e meio, ser\u00e1 um segundo confronto seguido frente a um portugu\u00eas, depois de hoje ter deixado pelo caminho Francisco Rocha por 6-3 e 6-4.\u00a0<\/p>\n\n\n\n<p>Francisco Rocha considerou que \u00abfoi um encontro de muito bom n\u00edvel, fiquei contente com o meu n\u00edvel, n\u00e3o contente com o resultado e h\u00e1 ila\u00e7\u00f5es muito positivas a retirar\u00bb. Basta dizer que o \u2018canhoto\u2019 que j\u00e1 venceu Rafa Nadal e Domi Thiem teve de recuperar da desvantagem de 2-4 no segundo set e salvou v\u00e1rios pontos de duplo-break abaixo.\u00a0<\/p>\n\n\n\n<p>Gast\u00e3o Elias, por seu lado, \u00e9 o 8.\u00ba cabe\u00e7a de s\u00e9rie e desfeiteou o desconcertante brit\u00e2nico Millen Hurrion por 7-6 (7\/3) e 6-1, num encontro com pontos deslumbrantes, mas no qual o \u2018m\u00e1gico\u2019 sentiu-se longe do seu melhor. Apesar de tudo, manteve sempre a cabe\u00e7a fria.\u00a0<\/p>\n\n\n\n<p>\u00abQuando me inscrevi num \u2018Future\u2019 (ITF World Tennis Tour) n\u00e3o estava \u00e0 espera de apanhar nos quartos de final um ex-top30, mas \u00e9 um desafio engra\u00e7ado\u00bb, referiu o jogador da Lourinh\u00e3, acompanhado no Algarve pelo treinador Lu\u00eds Alves e a namorada, Rute Valente.\u00a0\u00a0<\/p>\n\n\n\n<p>\u00abEle voltou a jogar no ano passado, ficou uns anos sem jogar, mas n\u00e3o precisou de muito tempo para voltar ao top-300. \u00c9 um jogador com muita qualidade, que pode surpreender qualquer um, tanto aqui, como num challenger ou no ATP. Conhe\u00e7o-o desde os 12 anos, ele \u00e9 um ano mais velho do que eu (35 anos para 34), vi um pouco do encontro dele com o Francisco, mas n\u00e3o precisava, pois conhe\u00e7o-o bastante bem\u00bb, concluiu Gast\u00e3o Elias.\u00a0<\/p>\n\n\n\n<p>Ser\u00e1 o terceiro confronto entre os dois craques. Defrontaram-se pela primeira vez em 2012, ao servi\u00e7o das respetivas sele\u00e7\u00f5es nacionais da Ta\u00e7a Davis, e Klizan venceu por 3-6, 6-2, 7-6 e 6-2 (na altura, jogava-se \u00e0 melhor de cinco sets).\u00a0\u00a0<\/p>\n\n\n\n<p>Em 2006, nos quartos de final de um torneio do ITF World Tennis Tour, em Ponta Delgada, Elias desforrou-se por 6-2 e 6-4. Amanh\u00e3 ser\u00e1 o tira-teimas.\u00a0\u00a0\u00a0<\/p>\n\n\n\n<p>O outro portugu\u00eas a vencer hoje foi Frederico Silva, o 2.\u00ba cabe\u00e7a de s\u00e9rie, que esmagou o compatriota Pedro Ara\u00fajo por 6-0 e 6-1, embora os parciais n\u00e3o mostrem a qualidade do encontro.\u00a0\u00a0<\/p>\n\n\n\n<p>Foi o terceiro sucesso de Fred Silva sobre este advers\u00e1rio e continua sem perder qualquer set com Pedro Ara\u00fajo.\u00a0<\/p>\n\n\n\n<p>\u00abHouve v\u00e1rios jogos nas vantagens, houve pontos muito bem disputados, houve trocas intensas e frente ao Pedro nunca poderia ser um 6-0, 6-1\u2026 f\u00e1cil. Estive muito bem nos pontos mais importantes, aproveitei as minhas oportunidades para fazer breaks, hoje servi melhor do que ontem e acabei por fazer um bom jogo, consistente e estou satisfeito\u00bb, disse o jogador que treina no Centro de Alto Rendimento da Federa\u00e7\u00e3o Portuguesa de T\u00e9nis (FPT), no Jamor.\u00a0\u00a0<\/p>\n\n\n\n<p>Fred Silva mede agora for\u00e7as, nos quartos de final, com o russo Ivan Gakhov, o 5.\u00ba cabe\u00e7a de s\u00e9rie, um jogador que treina em Barcelona e que tem a curiosidade de ser esquerdino como o portugu\u00eas. Ser\u00e1 um advers\u00e1rio perigoso, j\u00e1 venceu 14 t\u00edtulos do ITF World Tennis Tour e dois challengers. O internacional portugu\u00eas da Ta\u00e7a Davis, por seu lado, conta com 19 trof\u00e9us do ITF World Tennis Tour e em Challengers chegou por quatro vezes \u00e0 final.\u00a0<\/p>\n\n\n\n<p>Ser\u00e1 o terceiro confronto entre ambos e o portugu\u00eas perdeu os dois anteriores. Em 2013, num evento do ITF World Tennis Tour em Madrid, o \u2018canhoto\u2019 russo venceu por 7-6 e 7-6; e em 2023, nu challenger 75, na Alemanha, Gakhov levou a melhor por 6-2, 5-7 e 6-3. A jogar em casa, est\u00e1 na hora da desforra para o jogador das Caldas da Rainha.\u00a0<\/p>\n\n\n\n<p>Os outros dois portugueses que jogaram hoje os oitavos de final foram eliminados. Diogo Marques cedeu diante do 6.\u00ba cabe\u00e7a de s\u00e9rie, o romeno Cezar Cretu, pelos parciais de 6-2 e 6-2, num encontro em que at\u00e9 exibiu-se bem.\u00a0\u00a0<\/p>\n\n\n\n<p>J\u00e1 Jo\u00e3o Gra\u00e7a so\u00e7obrou diante do croata Mili Poljicak, o 3.\u00ba cabe\u00e7a de s\u00e9rie, pelos parciais de 6-2, 6-7 (5\/7) e 6-2. Aten\u00e7\u00e3o a este jogador de 20 anos, campe\u00e3o de Wimbledon de sub-18 em 2022 e n.\u00ba2 mundial de juniores nesse ano. Jo\u00e3o Gra\u00e7a, depois de 2h26 minutos na v\u00e9spera, para derrotar o portugu\u00eas Guilherme Valdoleiros, \u2018correu\u2019 hoje outra maratona de 2h25.\u00a0\u00a0<\/p>\n\n\n\n<p>O 5.\u00ba Open Internacional de T\u00e9nis de Vila Real de Santo Ant\u00f3nio conta para o ranking mundial do ATP Tour, e \u00e9 organizado pelo Clube de T\u00e9nis de Vila Real de Santo Ant\u00f3nio, com o apoio da C\u00e2mara Municipal (CMVRSA) e da FPT.<\/p>\n","protected":false},"excerpt":{"rendered":"<p>Frederico Silva e Gast\u00e3o Elias foram dois dos sete cabe\u00e7as de s\u00e9rie que qualificaram-se hoje (quinta-feira) para os quartos de<\/p>\n","protected":false},"author":1,"featured_media":47301,"comment_status":"closed","ping_status":"closed","sticky":false,"template":"","format":"standard","meta":{"colormag_page_container_layout":"default_layout","colormag_page_sidebar_layout":"default_layout","_monsterinsights_skip_tracking":false,"_monsterinsights_sitenote_active":false,"_monsterinsights_sitenote_note":"","_monsterinsights_sitenote_category":0,"jetpack_post_was_ever_published":false,"_jetpack_newsletter_access":"","_jetpack_dont_email_post_to_subs":false,"_jetpack_newsletter_tier_id":0,"_jetpack_memberships_contains_paywalled_content":false,"_jetpack_memberships_contains_paid_content":false,"footnotes":"","jetpack_publicize_message":"","jetpack_publicize_feature_enabled":true,"jetpack_social_post_already_shared":true,"jetpack_social_options":{"image_generator_settings":{"template":"highway","default_image_id":0,"font":"","enabled":false},"version":2}},"categories":[15],"tags":[36,40,458,123],"class_list":["post-47300","post","type-post","status-publish","format-standard","has-post-thumbnail","hentry","category-desporto","tag-algarve","tag-desporto","tag-tenis-2","tag-vila-real-de-sto-antonio"],"yoast_head":"<!-- This site is optimized with the Yoast SEO plugin v27.5 - https:\/\/yoast.com\/product\/yoast-seo-wordpress\/ -->\n<title>5.\u00ba Open Internacional de T\u00e9nis de VRSA: Fred Silva e Gast\u00e3o Elias\u00a0 nos quartos de final - Algarve 7<\/title>\n<meta name=\"description\" content=\"5.\u00ba Open Internacional de T\u00e9nis de VRSA: Fred Silva e Gast\u00e3o Elias\u00a0 nos quartos de final Desporto\" \/>\n<meta name=\"robots\" content=\"index, follow, max-snippet:-1, max-image-preview:large, max-video-preview:-1\" \/>\n<link rel=\"canonical\" href=\"https:\/\/algarve7.pt\/index.php\/2025\/02\/5-o-open-internacional-de-tenis-de-vrsa-fred-silva-e-gastao-elias-nos-quartos-de-final\/desporto\/21\/17\/\" \/>\n<meta property=\"og:locale\" content=\"pt_PT\" \/>\n<meta property=\"og:type\" content=\"article\" \/>\n<meta property=\"og:title\" content=\"5.\u00ba Open Internacional de T\u00e9nis de VRSA: Fred Silva e Gast\u00e3o Elias\u00a0 nos quartos de final - Algarve 7\" \/>\n<meta property=\"og:description\" content=\"5.\u00ba Open Internacional de T\u00e9nis de VRSA: Fred Silva e Gast\u00e3o Elias\u00a0 nos quartos de final Desporto\" \/>\n<meta property=\"og:url\" content=\"https:\/\/algarve7.pt\/index.php\/2025\/02\/5-o-open-internacional-de-tenis-de-vrsa-fred-silva-e-gastao-elias-nos-quartos-de-final\/desporto\/21\/17\/\" \/>\n<meta property=\"og:site_name\" content=\"Algarve 7\" \/>\n<meta property=\"article:publisher\" content=\"https:\/\/www.facebook.com\/algarve7\" \/>\n<meta property=\"article:author\" content=\"https:\/\/www.facebook.com\/algarve7\" \/>\n<meta property=\"article:published_time\" content=\"2025-02-13T21:17:35+00:00\" \/>\n<meta property=\"article:modified_time\" content=\"2025-02-13T21:17:39+00:00\" \/>\n<meta property=\"og:image\" content=\"https:\/\/algarve7.pt\/wp-content\/uploads\/2025\/02\/Pedro-Araujo-e-Frederico-Silva.jpg\" \/>\n\t<meta property=\"og:image:width\" content=\"800\" \/>\n\t<meta property=\"og:image:height\" content=\"500\" \/>\n\t<meta property=\"og:image:type\" content=\"image\/jpeg\" \/>\n<meta name=\"author\" content=\"Algarve 7\" \/>\n<meta name=\"twitter:card\" content=\"summary_large_image\" \/>\n<meta name=\"twitter:creator\" content=\"@Algarvesete\" \/>\n<meta name=\"twitter:site\" content=\"@Algarvesete\" \/>\n<meta name=\"twitter:label1\" content=\"Escrito por\" \/>\n\t<meta name=\"twitter:data1\" content=\"Algarve 7\" \/>\n\t<meta name=\"twitter:label2\" content=\"Tempo estimado de leitura\" \/>\n\t<meta name=\"twitter:data2\" content=\"6 minutos\" \/>\n<script type=\"application\/ld+json\" class=\"yoast-schema-graph\">{\"@context\":\"https:\\\/\\\/schema.org\",\"@graph\":[{\"@type\":\"Article\",\"@id\":\"https:\\\/\\\/algarve7.pt\\\/index.php\\\/2025\\\/02\\\/5-o-open-internacional-de-tenis-de-vrsa-fred-silva-e-gastao-elias-nos-quartos-de-final\\\/desporto\\\/21\\\/17\\\/#article\",\"isPartOf\":{\"@id\":\"https:\\\/\\\/algarve7.pt\\\/index.php\\\/2025\\\/02\\\/5-o-open-internacional-de-tenis-de-vrsa-fred-silva-e-gastao-elias-nos-quartos-de-final\\\/desporto\\\/21\\\/17\\\/\"},\"author\":{\"name\":\"Algarve 7\",\"@id\":\"https:\\\/\\\/algarve7.pt\\\/#\\\/schema\\\/person\\\/23fa70681308e7b319a3204bcea45e0c\"},\"headline\":\"5.\u00ba Open Internacional de T\u00e9nis de VRSA: Fred Silva e Gast\u00e3o Elias\u00a0 nos quartos de final\",\"datePublished\":\"2025-02-13T21:17:35+00:00\",\"dateModified\":\"2025-02-13T21:17:39+00:00\",\"mainEntityOfPage\":{\"@id\":\"https:\\\/\\\/algarve7.pt\\\/index.php\\\/2025\\\/02\\\/5-o-open-internacional-de-tenis-de-vrsa-fred-silva-e-gastao-elias-nos-quartos-de-final\\\/desporto\\\/21\\\/17\\\/\"},\"wordCount\":972,\"publisher\":{\"@id\":\"https:\\\/\\\/algarve7.pt\\\/#organization\"},\"image\":{\"@id\":\"https:\\\/\\\/algarve7.pt\\\/index.php\\\/2025\\\/02\\\/5-o-open-internacional-de-tenis-de-vrsa-fred-silva-e-gastao-elias-nos-quartos-de-final\\\/desporto\\\/21\\\/17\\\/#primaryimage\"},\"thumbnailUrl\":\"https:\\\/\\\/algarve7.pt\\\/wp-content\\\/uploads\\\/2025\\\/02\\\/Pedro-Araujo-e-Frederico-Silva.jpg\",\"keywords\":[\"Algarve\",\"Desporto\",\"Tenis\",\"Vila Real de St\u00ba Ant\u00f3nio\"],\"articleSection\":[\"Desporto\"],\"inLanguage\":\"pt-PT\"},{\"@type\":\"WebPage\",\"@id\":\"https:\\\/\\\/algarve7.pt\\\/index.php\\\/2025\\\/02\\\/5-o-open-internacional-de-tenis-de-vrsa-fred-silva-e-gastao-elias-nos-quartos-de-final\\\/desporto\\\/21\\\/17\\\/\",\"url\":\"https:\\\/\\\/algarve7.pt\\\/index.php\\\/2025\\\/02\\\/5-o-open-internacional-de-tenis-de-vrsa-fred-silva-e-gastao-elias-nos-quartos-de-final\\\/desporto\\\/21\\\/17\\\/\",\"name\":\"5.\u00ba Open Internacional de T\u00e9nis de VRSA: Fred Silva e Gast\u00e3o Elias\u00a0 nos quartos de final - Algarve 7\",\"isPartOf\":{\"@id\":\"https:\\\/\\\/algarve7.pt\\\/#website\"},\"primaryImageOfPage\":{\"@id\":\"https:\\\/\\\/algarve7.pt\\\/index.php\\\/2025\\\/02\\\/5-o-open-internacional-de-tenis-de-vrsa-fred-silva-e-gastao-elias-nos-quartos-de-final\\\/desporto\\\/21\\\/17\\\/#primaryimage\"},\"image\":{\"@id\":\"https:\\\/\\\/algarve7.pt\\\/index.php\\\/2025\\\/02\\\/5-o-open-internacional-de-tenis-de-vrsa-fred-silva-e-gastao-elias-nos-quartos-de-final\\\/desporto\\\/21\\\/17\\\/#primaryimage\"},\"thumbnailUrl\":\"https:\\\/\\\/algarve7.pt\\\/wp-content\\\/uploads\\\/2025\\\/02\\\/Pedro-Araujo-e-Frederico-Silva.jpg\",\"datePublished\":\"2025-02-13T21:17:35+00:00\",\"dateModified\":\"2025-02-13T21:17:39+00:00\",\"description\":\"5.\u00ba Open Internacional de T\u00e9nis de VRSA: Fred Silva e Gast\u00e3o Elias\u00a0 nos quartos de final Desporto\",\"breadcrumb\":{\"@id\":\"https:\\\/\\\/algarve7.pt\\\/index.php\\\/2025\\\/02\\\/5-o-open-internacional-de-tenis-de-vrsa-fred-silva-e-gastao-elias-nos-quartos-de-final\\\/desporto\\\/21\\\/17\\\/#breadcrumb\"},\"inLanguage\":\"pt-PT\",\"potentialAction\":[{\"@type\":\"ReadAction\",\"target\":[\"https:\\\/\\\/algarve7.pt\\\/index.php\\\/2025\\\/02\\\/5-o-open-internacional-de-tenis-de-vrsa-fred-silva-e-gastao-elias-nos-quartos-de-final\\\/desporto\\\/21\\\/17\\\/\"]}]},{\"@type\":\"ImageObject\",\"inLanguage\":\"pt-PT\",\"@id\":\"https:\\\/\\\/algarve7.pt\\\/index.php\\\/2025\\\/02\\\/5-o-open-internacional-de-tenis-de-vrsa-fred-silva-e-gastao-elias-nos-quartos-de-final\\\/desporto\\\/21\\\/17\\\/#primaryimage\",\"url\":\"https:\\\/\\\/algarve7.pt\\\/wp-content\\\/uploads\\\/2025\\\/02\\\/Pedro-Araujo-e-Frederico-Silva.jpg\",\"contentUrl\":\"https:\\\/\\\/algarve7.pt\\\/wp-content\\\/uploads\\\/2025\\\/02\\\/Pedro-Araujo-e-Frederico-Silva.jpg\",\"width\":800,\"height\":500},{\"@type\":\"BreadcrumbList\",\"@id\":\"https:\\\/\\\/algarve7.pt\\\/index.php\\\/2025\\\/02\\\/5-o-open-internacional-de-tenis-de-vrsa-fred-silva-e-gastao-elias-nos-quartos-de-final\\\/desporto\\\/21\\\/17\\\/#breadcrumb\",\"itemListElement\":[{\"@type\":\"ListItem\",\"position\":1,\"name\":\"In\u00edcio\",\"item\":\"https:\\\/\\\/algarve7.pt\\\/\"},{\"@type\":\"ListItem\",\"position\":2,\"name\":\"5.\u00ba Open Internacional de T\u00e9nis de VRSA: Fred Silva e Gast\u00e3o Elias\u00a0 nos quartos de final\"}]},{\"@type\":\"WebSite\",\"@id\":\"https:\\\/\\\/algarve7.pt\\\/#website\",\"url\":\"https:\\\/\\\/algarve7.pt\\\/\",\"name\":\"Algarve 7\",\"description\":\"Informa\u00e7\u00e3o sobre o Algarve\",\"publisher\":{\"@id\":\"https:\\\/\\\/algarve7.pt\\\/#organization\"},\"potentialAction\":[{\"@type\":\"SearchAction\",\"target\":{\"@type\":\"EntryPoint\",\"urlTemplate\":\"https:\\\/\\\/algarve7.pt\\\/?s={search_term_string}\"},\"query-input\":{\"@type\":\"PropertyValueSpecification\",\"valueRequired\":true,\"valueName\":\"search_term_string\"}}],\"inLanguage\":\"pt-PT\"},{\"@type\":\"Organization\",\"@id\":\"https:\\\/\\\/algarve7.pt\\\/#organization\",\"name\":\"Algarve 7\",\"url\":\"https:\\\/\\\/algarve7.pt\\\/\",\"logo\":{\"@type\":\"ImageObject\",\"inLanguage\":\"pt-PT\",\"@id\":\"https:\\\/\\\/algarve7.pt\\\/#\\\/schema\\\/logo\\\/image\\\/\",\"url\":\"https:\\\/\\\/algarve7.pt\\\/wp-content\\\/uploads\\\/2020\\\/10\\\/Logo-8.jpg\",\"contentUrl\":\"https:\\\/\\\/algarve7.pt\\\/wp-content\\\/uploads\\\/2020\\\/10\\\/Logo-8.jpg\",\"width\":1680,\"height\":1186,\"caption\":\"Algarve 7\"},\"image\":{\"@id\":\"https:\\\/\\\/algarve7.pt\\\/#\\\/schema\\\/logo\\\/image\\\/\"},\"sameAs\":[\"https:\\\/\\\/www.facebook.com\\\/algarve7\",\"https:\\\/\\\/x.com\\\/Algarvesete\",\"https:\\\/\\\/www.instagram.com\\\/jornalalgarve7\\\/\",\"https:\\\/\\\/www.linkedin.com\\\/company\\\/algarve7\",\"https:\\\/\\\/www.pinterest.pt\\\/geral0939\\\/_created\\\/\"]},{\"@type\":\"Person\",\"@id\":\"https:\\\/\\\/algarve7.pt\\\/#\\\/schema\\\/person\\\/23fa70681308e7b319a3204bcea45e0c\",\"name\":\"Algarve 7\",\"sameAs\":[\"https:\\\/\\\/algarve7.pt\",\"https:\\\/\\\/www.facebook.com\\\/algarve7\"],\"url\":\"https:\\\/\\\/algarve7.pt\\\/index.php\\\/author\\\/geralalgarve7-pt\\\/\"}]}<\/script>\n<!-- \/ Yoast SEO plugin. -->","yoast_head_json":{"title":"5.\u00ba Open Internacional de T\u00e9nis de VRSA: Fred Silva e Gast\u00e3o Elias\u00a0 nos quartos de final - Algarve 7","description":"5.\u00ba Open Internacional de T\u00e9nis de VRSA: Fred Silva e Gast\u00e3o Elias\u00a0 nos quartos de final Desporto","robots":{"index":"index","follow":"follow","max-snippet":"max-snippet:-1","max-image-preview":"max-image-preview:large","max-video-preview":"max-video-preview:-1"},"canonical":"https:\/\/algarve7.pt\/index.php\/2025\/02\/5-o-open-internacional-de-tenis-de-vrsa-fred-silva-e-gastao-elias-nos-quartos-de-final\/desporto\/21\/17\/","og_locale":"pt_PT","og_type":"article","og_title":"5.\u00ba Open Internacional de T\u00e9nis de VRSA: Fred Silva e Gast\u00e3o Elias\u00a0 nos quartos de final - Algarve 7","og_description":"5.\u00ba Open Internacional de T\u00e9nis de VRSA: Fred Silva e Gast\u00e3o Elias\u00a0 nos quartos de final Desporto","og_url":"https:\/\/algarve7.pt\/index.php\/2025\/02\/5-o-open-internacional-de-tenis-de-vrsa-fred-silva-e-gastao-elias-nos-quartos-de-final\/desporto\/21\/17\/","og_site_name":"Algarve 7","article_publisher":"https:\/\/www.facebook.com\/algarve7","article_author":"https:\/\/www.facebook.com\/algarve7","article_published_time":"2025-02-13T21:17:35+00:00","article_modified_time":"2025-02-13T21:17:39+00:00","og_image":[{"width":800,"height":500,"url":"https:\/\/algarve7.pt\/wp-content\/uploads\/2025\/02\/Pedro-Araujo-e-Frederico-Silva.jpg","type":"image\/jpeg"}],"author":"Algarve 7","twitter_card":"summary_large_image","twitter_creator":"@Algarvesete","twitter_site":"@Algarvesete","twitter_misc":{"Escrito por":"Algarve 7","Tempo estimado de leitura":"6 minutos"},"schema":{"@context":"https:\/\/schema.org","@graph":[{"@type":"Article","@id":"https:\/\/algarve7.pt\/index.php\/2025\/02\/5-o-open-internacional-de-tenis-de-vrsa-fred-silva-e-gastao-elias-nos-quartos-de-final\/desporto\/21\/17\/#article","isPartOf":{"@id":"https:\/\/algarve7.pt\/index.php\/2025\/02\/5-o-open-internacional-de-tenis-de-vrsa-fred-silva-e-gastao-elias-nos-quartos-de-final\/desporto\/21\/17\/"},"author":{"name":"Algarve 7","@id":"https:\/\/algarve7.pt\/#\/schema\/person\/23fa70681308e7b319a3204bcea45e0c"},"headline":"5.\u00ba Open Internacional de T\u00e9nis de VRSA: Fred Silva e Gast\u00e3o Elias\u00a0 nos quartos de final","datePublished":"2025-02-13T21:17:35+00:00","dateModified":"2025-02-13T21:17:39+00:00","mainEntityOfPage":{"@id":"https:\/\/algarve7.pt\/index.php\/2025\/02\/5-o-open-internacional-de-tenis-de-vrsa-fred-silva-e-gastao-elias-nos-quartos-de-final\/desporto\/21\/17\/"},"wordCount":972,"publisher":{"@id":"https:\/\/algarve7.pt\/#organization"},"image":{"@id":"https:\/\/algarve7.pt\/index.php\/2025\/02\/5-o-open-internacional-de-tenis-de-vrsa-fred-silva-e-gastao-elias-nos-quartos-de-final\/desporto\/21\/17\/#primaryimage"},"thumbnailUrl":"https:\/\/algarve7.pt\/wp-content\/uploads\/2025\/02\/Pedro-Araujo-e-Frederico-Silva.jpg","keywords":["Algarve","Desporto","Tenis","Vila Real de St\u00ba Ant\u00f3nio"],"articleSection":["Desporto"],"inLanguage":"pt-PT"},{"@type":"WebPage","@id":"https:\/\/algarve7.pt\/index.php\/2025\/02\/5-o-open-internacional-de-tenis-de-vrsa-fred-silva-e-gastao-elias-nos-quartos-de-final\/desporto\/21\/17\/","url":"https:\/\/algarve7.pt\/index.php\/2025\/02\/5-o-open-internacional-de-tenis-de-vrsa-fred-silva-e-gastao-elias-nos-quartos-de-final\/desporto\/21\/17\/","name":"5.\u00ba Open Internacional de T\u00e9nis de VRSA: Fred Silva e Gast\u00e3o Elias\u00a0 nos quartos de final - Algarve 7","isPartOf":{"@id":"https:\/\/algarve7.pt\/#website"},"primaryImageOfPage":{"@id":"https:\/\/algarve7.pt\/index.php\/2025\/02\/5-o-open-internacional-de-tenis-de-vrsa-fred-silva-e-gastao-elias-nos-quartos-de-final\/desporto\/21\/17\/#primaryimage"},"image":{"@id":"https:\/\/algarve7.pt\/index.php\/2025\/02\/5-o-open-internacional-de-tenis-de-vrsa-fred-silva-e-gastao-elias-nos-quartos-de-final\/desporto\/21\/17\/#primaryimage"},"thumbnailUrl":"https:\/\/algarve7.pt\/wp-content\/uploads\/2025\/02\/Pedro-Araujo-e-Frederico-Silva.jpg","datePublished":"2025-02-13T21:17:35+00:00","dateModified":"2025-02-13T21:17:39+00:00","description":"5.\u00ba Open Internacional de T\u00e9nis de VRSA: Fred Silva e Gast\u00e3o Elias\u00a0 nos quartos de final Desporto","breadcrumb":{"@id":"https:\/\/algarve7.pt\/index.php\/2025\/02\/5-o-open-internacional-de-tenis-de-vrsa-fred-silva-e-gastao-elias-nos-quartos-de-final\/desporto\/21\/17\/#breadcrumb"},"inLanguage":"pt-PT","potentialAction":[{"@type":"ReadAction","target":["https:\/\/algarve7.pt\/index.php\/2025\/02\/5-o-open-internacional-de-tenis-de-vrsa-fred-silva-e-gastao-elias-nos-quartos-de-final\/desporto\/21\/17\/"]}]},{"@type":"ImageObject","inLanguage":"pt-PT","@id":"https:\/\/algarve7.pt\/index.php\/2025\/02\/5-o-open-internacional-de-tenis-de-vrsa-fred-silva-e-gastao-elias-nos-quartos-de-final\/desporto\/21\/17\/#primaryimage","url":"https:\/\/algarve7.pt\/wp-content\/uploads\/2025\/02\/Pedro-Araujo-e-Frederico-Silva.jpg","contentUrl":"https:\/\/algarve7.pt\/wp-content\/uploads\/2025\/02\/Pedro-Araujo-e-Frederico-Silva.jpg","width":800,"height":500},{"@type":"BreadcrumbList","@id":"https:\/\/algarve7.pt\/index.php\/2025\/02\/5-o-open-internacional-de-tenis-de-vrsa-fred-silva-e-gastao-elias-nos-quartos-de-final\/desporto\/21\/17\/#breadcrumb","itemListElement":[{"@type":"ListItem","position":1,"name":"In\u00edcio","item":"https:\/\/algarve7.pt\/"},{"@type":"ListItem","position":2,"name":"5.\u00ba Open Internacional de T\u00e9nis de VRSA: Fred Silva e Gast\u00e3o Elias\u00a0 nos quartos de final"}]},{"@type":"WebSite","@id":"https:\/\/algarve7.pt\/#website","url":"https:\/\/algarve7.pt\/","name":"Algarve 7","description":"Informa\u00e7\u00e3o sobre o Algarve","publisher":{"@id":"https:\/\/algarve7.pt\/#organization"},"potentialAction":[{"@type":"SearchAction","target":{"@type":"EntryPoint","urlTemplate":"https:\/\/algarve7.pt\/?s={search_term_string}"},"query-input":{"@type":"PropertyValueSpecification","valueRequired":true,"valueName":"search_term_string"}}],"inLanguage":"pt-PT"},{"@type":"Organization","@id":"https:\/\/algarve7.pt\/#organization","name":"Algarve 7","url":"https:\/\/algarve7.pt\/","logo":{"@type":"ImageObject","inLanguage":"pt-PT","@id":"https:\/\/algarve7.pt\/#\/schema\/logo\/image\/","url":"https:\/\/algarve7.pt\/wp-content\/uploads\/2020\/10\/Logo-8.jpg","contentUrl":"https:\/\/algarve7.pt\/wp-content\/uploads\/2020\/10\/Logo-8.jpg","width":1680,"height":1186,"caption":"Algarve 7"},"image":{"@id":"https:\/\/algarve7.pt\/#\/schema\/logo\/image\/"},"sameAs":["https:\/\/www.facebook.com\/algarve7","https:\/\/x.com\/Algarvesete","https:\/\/www.instagram.com\/jornalalgarve7\/","https:\/\/www.linkedin.com\/company\/algarve7","https:\/\/www.pinterest.pt\/geral0939\/_created\/"]},{"@type":"Person","@id":"https:\/\/algarve7.pt\/#\/schema\/person\/23fa70681308e7b319a3204bcea45e0c","name":"Algarve 7","sameAs":["https:\/\/algarve7.pt","https:\/\/www.facebook.com\/algarve7"],"url":"https:\/\/algarve7.pt\/index.php\/author\/geralalgarve7-pt\/"}]}},"jetpack_publicize_connections":[],"jetpack_featured_media_url":"https:\/\/algarve7.pt\/wp-content\/uploads\/2025\/02\/Pedro-Araujo-e-Frederico-Silva.jpg","jetpack_shortlink":"https:\/\/wp.me\/pcezmW-ciU","jetpack_sharing_enabled":true,"_links":{"self":[{"href":"https:\/\/algarve7.pt\/index.php\/wp-json\/wp\/v2\/posts\/47300","targetHints":{"allow":["GET"]}}],"collection":[{"href":"https:\/\/algarve7.pt\/index.php\/wp-json\/wp\/v2\/posts"}],"about":[{"href":"https:\/\/algarve7.pt\/index.php\/wp-json\/wp\/v2\/types\/post"}],"author":[{"embeddable":true,"href":"https:\/\/algarve7.pt\/index.php\/wp-json\/wp\/v2\/users\/1"}],"replies":[{"embeddable":true,"href":"https:\/\/algarve7.pt\/index.php\/wp-json\/wp\/v2\/comments?post=47300"}],"version-history":[{"count":0,"href":"https:\/\/algarve7.pt\/index.php\/wp-json\/wp\/v2\/posts\/47300\/revisions"}],"wp:featuredmedia":[{"embeddable":true,"href":"https:\/\/algarve7.pt\/index.php\/wp-json\/wp\/v2\/media\/47301"}],"wp:attachment":[{"href":"https:\/\/algarve7.pt\/index.php\/wp-json\/wp\/v2\/media?parent=47300"}],"wp:term":[{"taxonomy":"category","embeddable":true,"href":"https:\/\/algarve7.pt\/index.php\/wp-json\/wp\/v2\/categories?post=47300"},{"taxonomy":"post_tag","embeddable":true,"href":"https:\/\/algarve7.pt\/index.php\/wp-json\/wp\/v2\/tags?post=47300"}],"curies":[{"name":"wp","href":"https:\/\/api.w.org\/{rel}","templated":true}]}}