{"id":47297,"date":"2025-02-14T09:07:00","date_gmt":"2025-02-14T09:07:00","guid":{"rendered":"https:\/\/algarve7.pt\/?p=47297"},"modified":"2025-02-13T20:08:19","modified_gmt":"2025-02-13T20:08:19","slug":"luiz-carvalho-apresenta-em-loule-livro-de-fotografias-do-periodo-revolucionario","status":"publish","type":"post","link":"https:\/\/algarve7.pt\/index.php\/2025\/02\/luiz-carvalho-apresenta-em-loule-livro-de-fotografias-do-periodo-revolucionario\/cultura\/09\/07\/","title":{"rendered":"Luiz Carvalho apresenta em Loul\u00e9 livro de fotografias do per\u00edodo revolucion\u00e1rio"},"content":{"rendered":"\n<p>A Casa do Meio Dia, em Loul\u00e9, recebe este s\u00e1bado, 15 de fevereiro, pelas 16h00, a apresenta\u00e7\u00e3o do livro de fotografias \u201c50DE25 \u2013 Da Velha Senhora aos Her\u00f3is da Malta\u201d, de Luiz Carvalho.<\/p>\n\n\n\n<p>Este conjunto de fotografias feitas entre o 25 de abril de 1974 e novembro de 1975 (exceto os retratos de alguns protagonistas) constitui uma vis\u00e3o pessoal dos acontecimentos. \u201cMais afetiva do que documental, pouco cronol\u00f3gica. S\u00e3o imagens que consegui fazer, n\u00e3o sendo na altura um jornalista a tempo inteiro, sem agenda e disponibilidade para estar sempre onde acontecia qualquer coisa. E aconteciam muitas coisas ao mesmo tempo\u201d, refere o fot\u00f3grafo.<\/p>\n\n\n\n<p>A obra \u00e9 um olhar atento de Luiz Carvalho que testemunhou \u201cinstantes decisivos deste estranho movimento militar que se tornou numa festa da Liberdade e mais tarde numa perigosa aventura que podia ter terminado numa guerra civil\u201d.<\/p>\n\n\n\n<p>Luiz Carvalho, um fot\u00f3grafo com uma enorme sensibilidade e curiosidade pelo mundo que o rodeia, \u201csaiu \u00e0 rua desde a madrugada inicial, inteira e limpa e come\u00e7ou a fixar em imagem aquilo que ia na alma e cora\u00e7\u00e3o dos portugueses: a esperan\u00e7a, a alegria, a d\u00favida, o encanto e o som da liberdade a soar mais alto em cada voz!\u201d, refere o autarca de Loul\u00e9, V\u00edtor Aleixo, na nota introdut\u00f3ria da obra.<\/p>\n\n\n\n<p>Esta sess\u00e3o de apresenta\u00e7\u00e3o faz parte do programa comemorativo dos 50 anos do 25 de Abril no concelho de Loul\u00e9.<\/p>\n\n\n\n<p>Natural de Lisboa (13 de setembro de 1954), Luiz Carvalho estudou no Liceu Padre Ant\u00f3nio Vieira, mais tarde cursou Arquitetura, que concluiu em 1979, chegando a exercer durante 10 anos at\u00e9 fixar-se na fotografia.<\/p>\n\n\n\n<p>Publicou as suas primeiras fotografias em 1972 no seman\u00e1rio \u201cObservador\u201d. Fotojornalista desde o final dos anos 1970, fotografou para \u201cO Primeiro de Janeiro\u201d, \u201cTal &amp; Qual\u201d e \u201cGrande Reportagem\u201d, e durante cerca de duas d\u00e9cadas trabalhou no \u201cExpresso\u201d, onde tamb\u00e9m foi editor multim\u00e9dia e editor de fotografia.<\/p>\n\n\n\n<p>Tem trabalhos seus na Biblioteca Nacional de Paris e foi convidado a expor no \u201cMois de La Photo\u201d de Paris, em 1982. Integrou a exposi\u00e7\u00e3o \u201cFotografia Europeia Contempor\u00e2nea\u201d organizada pela Galeria Canon, de Amesterd\u00e3o, mostra que circulou por v\u00e1rias cidades norte-americanas em 1983.<\/p>\n\n\n\n<p>Em 1985 editou na \u201cPerspectivas &amp; Realidades\u201d o livro \u201cPortugueses\u201d.<\/p>\n\n\n\n<p>Em 2001 exp\u00f4s e publicou \u00abLisboa &amp; Lisboetas\u00bb no Arquivo Fotogr\u00e1fico Municipal e \u201cImagens da Vida Real\u201d no Centro Cultural de Cascais.<\/p>\n\n\n\n<p>Foi premiado em 1991 com o Pr\u00e9mio Gazeta de Jornalismo e em 2005 com um pr\u00e9mio Vis\u00e3o.<\/p>\n\n\n\n<p>Est\u00e1 representado com fotografias no Centro Portugu\u00eas de Fotografia e na Funda\u00e7\u00e3o Saragga Leal.<\/p>\n\n\n\n<p>Foi correspondente da ag\u00eancia SIPA PRESS em Lisboa nos anos 1980 e colaborou como&nbsp;<em>stringer<\/em>&nbsp;na Associated Press.<\/p>\n\n\n\n<p>Desde 2009 iniciou uma atividade centrada na sua empresa Lightshot, continuando a fazer trabalhos de fotojornalismo, mas lecionando tamb\u00e9m nos cursos que promove regularmente.<\/p>\n\n\n\n<p>Em paralelo produz e realiza programas de televis\u00e3o, com destaque para o TVI24 \u2013 Fotografia Total, e FOTOBOX na RTP3.<\/p>\n","protected":false},"excerpt":{"rendered":"<p>A Casa do Meio Dia, em Loul\u00e9, recebe este s\u00e1bado, 15 de fevereiro, pelas 16h00, a apresenta\u00e7\u00e3o do livro de<\/p>\n","protected":false},"author":1,"featured_media":47298,"comment_status":"closed","ping_status":"closed","sticky":false,"template":"","format":"standard","meta":{"colormag_page_container_layout":"default_layout","colormag_page_sidebar_layout":"default_layout","_monsterinsights_skip_tracking":false,"_monsterinsights_sitenote_active":false,"_monsterinsights_sitenote_note":"","_monsterinsights_sitenote_category":0,"jetpack_post_was_ever_published":false,"_jetpack_newsletter_access":"","_jetpack_dont_email_post_to_subs":false,"_jetpack_newsletter_tier_id":0,"_jetpack_memberships_contains_paywalled_content":false,"_jetpack_memberships_contains_paid_content":false,"footnotes":"","jetpack_publicize_message":"","jetpack_publicize_feature_enabled":true,"jetpack_social_post_already_shared":true,"jetpack_social_options":{"image_generator_settings":{"template":"highway","default_image_id":0,"font":"","enabled":false},"version":2}},"categories":[14],"tags":[36,35,31],"class_list":["post-47297","post","type-post","status-publish","format-standard","has-post-thumbnail","hentry","category-cultura","tag-algarve","tag-cultura","tag-loule"],"yoast_head":"<!-- This site is optimized with the Yoast SEO plugin v27.5 - https:\/\/yoast.com\/product\/yoast-seo-wordpress\/ -->\n<title>Luiz Carvalho apresenta em Loul\u00e9 livro de fotografias do per\u00edodo revolucion\u00e1rio - Algarve 7<\/title>\n<meta name=\"description\" content=\"Luiz Carvalho apresenta em Loul\u00e9 livro de fotografias do per\u00edodo revolucion\u00e1rio Cultura\" \/>\n<meta name=\"robots\" content=\"index, follow, max-snippet:-1, max-image-preview:large, max-video-preview:-1\" \/>\n<link rel=\"canonical\" href=\"https:\/\/algarve7.pt\/index.php\/2025\/02\/luiz-carvalho-apresenta-em-loule-livro-de-fotografias-do-periodo-revolucionario\/cultura\/09\/07\/\" \/>\n<meta property=\"og:locale\" content=\"pt_PT\" \/>\n<meta property=\"og:type\" content=\"article\" \/>\n<meta property=\"og:title\" content=\"Luiz Carvalho apresenta em Loul\u00e9 livro de fotografias do per\u00edodo revolucion\u00e1rio - Algarve 7\" \/>\n<meta property=\"og:description\" content=\"Luiz Carvalho apresenta em Loul\u00e9 livro de fotografias do per\u00edodo revolucion\u00e1rio Cultura\" \/>\n<meta property=\"og:url\" content=\"https:\/\/algarve7.pt\/index.php\/2025\/02\/luiz-carvalho-apresenta-em-loule-livro-de-fotografias-do-periodo-revolucionario\/cultura\/09\/07\/\" \/>\n<meta property=\"og:site_name\" content=\"Algarve 7\" \/>\n<meta property=\"article:publisher\" content=\"https:\/\/www.facebook.com\/algarve7\" \/>\n<meta property=\"article:author\" content=\"https:\/\/www.facebook.com\/algarve7\" \/>\n<meta property=\"article:published_time\" content=\"2025-02-14T09:07:00+00:00\" \/>\n<meta property=\"og:image\" content=\"https:\/\/algarve7.pt\/wp-content\/uploads\/2025\/02\/50de25-Luiz-de-Carvalho.jpg\" \/>\n\t<meta property=\"og:image:width\" content=\"800\" \/>\n\t<meta property=\"og:image:height\" content=\"500\" \/>\n\t<meta property=\"og:image:type\" content=\"image\/jpeg\" \/>\n<meta name=\"author\" content=\"Algarve 7\" \/>\n<meta name=\"twitter:card\" content=\"summary_large_image\" \/>\n<meta name=\"twitter:creator\" content=\"@Algarvesete\" \/>\n<meta name=\"twitter:site\" content=\"@Algarvesete\" \/>\n<meta name=\"twitter:label1\" content=\"Escrito por\" \/>\n\t<meta name=\"twitter:data1\" content=\"Algarve 7\" \/>\n\t<meta name=\"twitter:label2\" content=\"Tempo estimado de leitura\" \/>\n\t<meta name=\"twitter:data2\" content=\"3 minutos\" \/>\n<script type=\"application\/ld+json\" class=\"yoast-schema-graph\">{\"@context\":\"https:\\\/\\\/schema.org\",\"@graph\":[{\"@type\":\"Article\",\"@id\":\"https:\\\/\\\/algarve7.pt\\\/index.php\\\/2025\\\/02\\\/luiz-carvalho-apresenta-em-loule-livro-de-fotografias-do-periodo-revolucionario\\\/cultura\\\/09\\\/07\\\/#article\",\"isPartOf\":{\"@id\":\"https:\\\/\\\/algarve7.pt\\\/index.php\\\/2025\\\/02\\\/luiz-carvalho-apresenta-em-loule-livro-de-fotografias-do-periodo-revolucionario\\\/cultura\\\/09\\\/07\\\/\"},\"author\":{\"name\":\"Algarve 7\",\"@id\":\"https:\\\/\\\/algarve7.pt\\\/#\\\/schema\\\/person\\\/23fa70681308e7b319a3204bcea45e0c\"},\"headline\":\"Luiz Carvalho apresenta em Loul\u00e9 livro de fotografias do per\u00edodo revolucion\u00e1rio\",\"datePublished\":\"2025-02-14T09:07:00+00:00\",\"mainEntityOfPage\":{\"@id\":\"https:\\\/\\\/algarve7.pt\\\/index.php\\\/2025\\\/02\\\/luiz-carvalho-apresenta-em-loule-livro-de-fotografias-do-periodo-revolucionario\\\/cultura\\\/09\\\/07\\\/\"},\"wordCount\":508,\"publisher\":{\"@id\":\"https:\\\/\\\/algarve7.pt\\\/#organization\"},\"image\":{\"@id\":\"https:\\\/\\\/algarve7.pt\\\/index.php\\\/2025\\\/02\\\/luiz-carvalho-apresenta-em-loule-livro-de-fotografias-do-periodo-revolucionario\\\/cultura\\\/09\\\/07\\\/#primaryimage\"},\"thumbnailUrl\":\"https:\\\/\\\/algarve7.pt\\\/wp-content\\\/uploads\\\/2025\\\/02\\\/50de25-Luiz-de-Carvalho.jpg\",\"keywords\":[\"Algarve\",\"Cultura\",\"Loul\u00e9\"],\"articleSection\":[\"Cultura\"],\"inLanguage\":\"pt-PT\"},{\"@type\":\"WebPage\",\"@id\":\"https:\\\/\\\/algarve7.pt\\\/index.php\\\/2025\\\/02\\\/luiz-carvalho-apresenta-em-loule-livro-de-fotografias-do-periodo-revolucionario\\\/cultura\\\/09\\\/07\\\/\",\"url\":\"https:\\\/\\\/algarve7.pt\\\/index.php\\\/2025\\\/02\\\/luiz-carvalho-apresenta-em-loule-livro-de-fotografias-do-periodo-revolucionario\\\/cultura\\\/09\\\/07\\\/\",\"name\":\"Luiz Carvalho apresenta em Loul\u00e9 livro de fotografias do per\u00edodo revolucion\u00e1rio - Algarve 7\",\"isPartOf\":{\"@id\":\"https:\\\/\\\/algarve7.pt\\\/#website\"},\"primaryImageOfPage\":{\"@id\":\"https:\\\/\\\/algarve7.pt\\\/index.php\\\/2025\\\/02\\\/luiz-carvalho-apresenta-em-loule-livro-de-fotografias-do-periodo-revolucionario\\\/cultura\\\/09\\\/07\\\/#primaryimage\"},\"image\":{\"@id\":\"https:\\\/\\\/algarve7.pt\\\/index.php\\\/2025\\\/02\\\/luiz-carvalho-apresenta-em-loule-livro-de-fotografias-do-periodo-revolucionario\\\/cultura\\\/09\\\/07\\\/#primaryimage\"},\"thumbnailUrl\":\"https:\\\/\\\/algarve7.pt\\\/wp-content\\\/uploads\\\/2025\\\/02\\\/50de25-Luiz-de-Carvalho.jpg\",\"datePublished\":\"2025-02-14T09:07:00+00:00\",\"description\":\"Luiz Carvalho apresenta em Loul\u00e9 livro de fotografias do per\u00edodo revolucion\u00e1rio Cultura\",\"breadcrumb\":{\"@id\":\"https:\\\/\\\/algarve7.pt\\\/index.php\\\/2025\\\/02\\\/luiz-carvalho-apresenta-em-loule-livro-de-fotografias-do-periodo-revolucionario\\\/cultura\\\/09\\\/07\\\/#breadcrumb\"},\"inLanguage\":\"pt-PT\",\"potentialAction\":[{\"@type\":\"ReadAction\",\"target\":[\"https:\\\/\\\/algarve7.pt\\\/index.php\\\/2025\\\/02\\\/luiz-carvalho-apresenta-em-loule-livro-de-fotografias-do-periodo-revolucionario\\\/cultura\\\/09\\\/07\\\/\"]}]},{\"@type\":\"ImageObject\",\"inLanguage\":\"pt-PT\",\"@id\":\"https:\\\/\\\/algarve7.pt\\\/index.php\\\/2025\\\/02\\\/luiz-carvalho-apresenta-em-loule-livro-de-fotografias-do-periodo-revolucionario\\\/cultura\\\/09\\\/07\\\/#primaryimage\",\"url\":\"https:\\\/\\\/algarve7.pt\\\/wp-content\\\/uploads\\\/2025\\\/02\\\/50de25-Luiz-de-Carvalho.jpg\",\"contentUrl\":\"https:\\\/\\\/algarve7.pt\\\/wp-content\\\/uploads\\\/2025\\\/02\\\/50de25-Luiz-de-Carvalho.jpg\",\"width\":800,\"height\":500},{\"@type\":\"BreadcrumbList\",\"@id\":\"https:\\\/\\\/algarve7.pt\\\/index.php\\\/2025\\\/02\\\/luiz-carvalho-apresenta-em-loule-livro-de-fotografias-do-periodo-revolucionario\\\/cultura\\\/09\\\/07\\\/#breadcrumb\",\"itemListElement\":[{\"@type\":\"ListItem\",\"position\":1,\"name\":\"In\u00edcio\",\"item\":\"https:\\\/\\\/algarve7.pt\\\/\"},{\"@type\":\"ListItem\",\"position\":2,\"name\":\"Luiz Carvalho apresenta em Loul\u00e9 livro de fotografias do per\u00edodo revolucion\u00e1rio\"}]},{\"@type\":\"WebSite\",\"@id\":\"https:\\\/\\\/algarve7.pt\\\/#website\",\"url\":\"https:\\\/\\\/algarve7.pt\\\/\",\"name\":\"Algarve 7\",\"description\":\"Informa\u00e7\u00e3o sobre o Algarve\",\"publisher\":{\"@id\":\"https:\\\/\\\/algarve7.pt\\\/#organization\"},\"potentialAction\":[{\"@type\":\"SearchAction\",\"target\":{\"@type\":\"EntryPoint\",\"urlTemplate\":\"https:\\\/\\\/algarve7.pt\\\/?s={search_term_string}\"},\"query-input\":{\"@type\":\"PropertyValueSpecification\",\"valueRequired\":true,\"valueName\":\"search_term_string\"}}],\"inLanguage\":\"pt-PT\"},{\"@type\":\"Organization\",\"@id\":\"https:\\\/\\\/algarve7.pt\\\/#organization\",\"name\":\"Algarve 7\",\"url\":\"https:\\\/\\\/algarve7.pt\\\/\",\"logo\":{\"@type\":\"ImageObject\",\"inLanguage\":\"pt-PT\",\"@id\":\"https:\\\/\\\/algarve7.pt\\\/#\\\/schema\\\/logo\\\/image\\\/\",\"url\":\"https:\\\/\\\/algarve7.pt\\\/wp-content\\\/uploads\\\/2020\\\/10\\\/Logo-8.jpg\",\"contentUrl\":\"https:\\\/\\\/algarve7.pt\\\/wp-content\\\/uploads\\\/2020\\\/10\\\/Logo-8.jpg\",\"width\":1680,\"height\":1186,\"caption\":\"Algarve 7\"},\"image\":{\"@id\":\"https:\\\/\\\/algarve7.pt\\\/#\\\/schema\\\/logo\\\/image\\\/\"},\"sameAs\":[\"https:\\\/\\\/www.facebook.com\\\/algarve7\",\"https:\\\/\\\/x.com\\\/Algarvesete\",\"https:\\\/\\\/www.instagram.com\\\/jornalalgarve7\\\/\",\"https:\\\/\\\/www.linkedin.com\\\/company\\\/algarve7\",\"https:\\\/\\\/www.pinterest.pt\\\/geral0939\\\/_created\\\/\"]},{\"@type\":\"Person\",\"@id\":\"https:\\\/\\\/algarve7.pt\\\/#\\\/schema\\\/person\\\/23fa70681308e7b319a3204bcea45e0c\",\"name\":\"Algarve 7\",\"sameAs\":[\"https:\\\/\\\/algarve7.pt\",\"https:\\\/\\\/www.facebook.com\\\/algarve7\"],\"url\":\"https:\\\/\\\/algarve7.pt\\\/index.php\\\/author\\\/geralalgarve7-pt\\\/\"}]}<\/script>\n<!-- \/ Yoast SEO plugin. -->","yoast_head_json":{"title":"Luiz Carvalho apresenta em Loul\u00e9 livro de fotografias do per\u00edodo revolucion\u00e1rio - Algarve 7","description":"Luiz Carvalho apresenta em Loul\u00e9 livro de fotografias do per\u00edodo revolucion\u00e1rio Cultura","robots":{"index":"index","follow":"follow","max-snippet":"max-snippet:-1","max-image-preview":"max-image-preview:large","max-video-preview":"max-video-preview:-1"},"canonical":"https:\/\/algarve7.pt\/index.php\/2025\/02\/luiz-carvalho-apresenta-em-loule-livro-de-fotografias-do-periodo-revolucionario\/cultura\/09\/07\/","og_locale":"pt_PT","og_type":"article","og_title":"Luiz Carvalho apresenta em Loul\u00e9 livro de fotografias do per\u00edodo revolucion\u00e1rio - Algarve 7","og_description":"Luiz Carvalho apresenta em Loul\u00e9 livro de fotografias do per\u00edodo revolucion\u00e1rio Cultura","og_url":"https:\/\/algarve7.pt\/index.php\/2025\/02\/luiz-carvalho-apresenta-em-loule-livro-de-fotografias-do-periodo-revolucionario\/cultura\/09\/07\/","og_site_name":"Algarve 7","article_publisher":"https:\/\/www.facebook.com\/algarve7","article_author":"https:\/\/www.facebook.com\/algarve7","article_published_time":"2025-02-14T09:07:00+00:00","og_image":[{"width":800,"height":500,"url":"https:\/\/algarve7.pt\/wp-content\/uploads\/2025\/02\/50de25-Luiz-de-Carvalho.jpg","type":"image\/jpeg"}],"author":"Algarve 7","twitter_card":"summary_large_image","twitter_creator":"@Algarvesete","twitter_site":"@Algarvesete","twitter_misc":{"Escrito por":"Algarve 7","Tempo estimado de leitura":"3 minutos"},"schema":{"@context":"https:\/\/schema.org","@graph":[{"@type":"Article","@id":"https:\/\/algarve7.pt\/index.php\/2025\/02\/luiz-carvalho-apresenta-em-loule-livro-de-fotografias-do-periodo-revolucionario\/cultura\/09\/07\/#article","isPartOf":{"@id":"https:\/\/algarve7.pt\/index.php\/2025\/02\/luiz-carvalho-apresenta-em-loule-livro-de-fotografias-do-periodo-revolucionario\/cultura\/09\/07\/"},"author":{"name":"Algarve 7","@id":"https:\/\/algarve7.pt\/#\/schema\/person\/23fa70681308e7b319a3204bcea45e0c"},"headline":"Luiz Carvalho apresenta em Loul\u00e9 livro de fotografias do per\u00edodo revolucion\u00e1rio","datePublished":"2025-02-14T09:07:00+00:00","mainEntityOfPage":{"@id":"https:\/\/algarve7.pt\/index.php\/2025\/02\/luiz-carvalho-apresenta-em-loule-livro-de-fotografias-do-periodo-revolucionario\/cultura\/09\/07\/"},"wordCount":508,"publisher":{"@id":"https:\/\/algarve7.pt\/#organization"},"image":{"@id":"https:\/\/algarve7.pt\/index.php\/2025\/02\/luiz-carvalho-apresenta-em-loule-livro-de-fotografias-do-periodo-revolucionario\/cultura\/09\/07\/#primaryimage"},"thumbnailUrl":"https:\/\/algarve7.pt\/wp-content\/uploads\/2025\/02\/50de25-Luiz-de-Carvalho.jpg","keywords":["Algarve","Cultura","Loul\u00e9"],"articleSection":["Cultura"],"inLanguage":"pt-PT"},{"@type":"WebPage","@id":"https:\/\/algarve7.pt\/index.php\/2025\/02\/luiz-carvalho-apresenta-em-loule-livro-de-fotografias-do-periodo-revolucionario\/cultura\/09\/07\/","url":"https:\/\/algarve7.pt\/index.php\/2025\/02\/luiz-carvalho-apresenta-em-loule-livro-de-fotografias-do-periodo-revolucionario\/cultura\/09\/07\/","name":"Luiz Carvalho apresenta em Loul\u00e9 livro de fotografias do per\u00edodo revolucion\u00e1rio - Algarve 7","isPartOf":{"@id":"https:\/\/algarve7.pt\/#website"},"primaryImageOfPage":{"@id":"https:\/\/algarve7.pt\/index.php\/2025\/02\/luiz-carvalho-apresenta-em-loule-livro-de-fotografias-do-periodo-revolucionario\/cultura\/09\/07\/#primaryimage"},"image":{"@id":"https:\/\/algarve7.pt\/index.php\/2025\/02\/luiz-carvalho-apresenta-em-loule-livro-de-fotografias-do-periodo-revolucionario\/cultura\/09\/07\/#primaryimage"},"thumbnailUrl":"https:\/\/algarve7.pt\/wp-content\/uploads\/2025\/02\/50de25-Luiz-de-Carvalho.jpg","datePublished":"2025-02-14T09:07:00+00:00","description":"Luiz Carvalho apresenta em Loul\u00e9 livro de fotografias do per\u00edodo revolucion\u00e1rio Cultura","breadcrumb":{"@id":"https:\/\/algarve7.pt\/index.php\/2025\/02\/luiz-carvalho-apresenta-em-loule-livro-de-fotografias-do-periodo-revolucionario\/cultura\/09\/07\/#breadcrumb"},"inLanguage":"pt-PT","potentialAction":[{"@type":"ReadAction","target":["https:\/\/algarve7.pt\/index.php\/2025\/02\/luiz-carvalho-apresenta-em-loule-livro-de-fotografias-do-periodo-revolucionario\/cultura\/09\/07\/"]}]},{"@type":"ImageObject","inLanguage":"pt-PT","@id":"https:\/\/algarve7.pt\/index.php\/2025\/02\/luiz-carvalho-apresenta-em-loule-livro-de-fotografias-do-periodo-revolucionario\/cultura\/09\/07\/#primaryimage","url":"https:\/\/algarve7.pt\/wp-content\/uploads\/2025\/02\/50de25-Luiz-de-Carvalho.jpg","contentUrl":"https:\/\/algarve7.pt\/wp-content\/uploads\/2025\/02\/50de25-Luiz-de-Carvalho.jpg","width":800,"height":500},{"@type":"BreadcrumbList","@id":"https:\/\/algarve7.pt\/index.php\/2025\/02\/luiz-carvalho-apresenta-em-loule-livro-de-fotografias-do-periodo-revolucionario\/cultura\/09\/07\/#breadcrumb","itemListElement":[{"@type":"ListItem","position":1,"name":"In\u00edcio","item":"https:\/\/algarve7.pt\/"},{"@type":"ListItem","position":2,"name":"Luiz Carvalho apresenta em Loul\u00e9 livro de fotografias do per\u00edodo revolucion\u00e1rio"}]},{"@type":"WebSite","@id":"https:\/\/algarve7.pt\/#website","url":"https:\/\/algarve7.pt\/","name":"Algarve 7","description":"Informa\u00e7\u00e3o sobre o Algarve","publisher":{"@id":"https:\/\/algarve7.pt\/#organization"},"potentialAction":[{"@type":"SearchAction","target":{"@type":"EntryPoint","urlTemplate":"https:\/\/algarve7.pt\/?s={search_term_string}"},"query-input":{"@type":"PropertyValueSpecification","valueRequired":true,"valueName":"search_term_string"}}],"inLanguage":"pt-PT"},{"@type":"Organization","@id":"https:\/\/algarve7.pt\/#organization","name":"Algarve 7","url":"https:\/\/algarve7.pt\/","logo":{"@type":"ImageObject","inLanguage":"pt-PT","@id":"https:\/\/algarve7.pt\/#\/schema\/logo\/image\/","url":"https:\/\/algarve7.pt\/wp-content\/uploads\/2020\/10\/Logo-8.jpg","contentUrl":"https:\/\/algarve7.pt\/wp-content\/uploads\/2020\/10\/Logo-8.jpg","width":1680,"height":1186,"caption":"Algarve 7"},"image":{"@id":"https:\/\/algarve7.pt\/#\/schema\/logo\/image\/"},"sameAs":["https:\/\/www.facebook.com\/algarve7","https:\/\/x.com\/Algarvesete","https:\/\/www.instagram.com\/jornalalgarve7\/","https:\/\/www.linkedin.com\/company\/algarve7","https:\/\/www.pinterest.pt\/geral0939\/_created\/"]},{"@type":"Person","@id":"https:\/\/algarve7.pt\/#\/schema\/person\/23fa70681308e7b319a3204bcea45e0c","name":"Algarve 7","sameAs":["https:\/\/algarve7.pt","https:\/\/www.facebook.com\/algarve7"],"url":"https:\/\/algarve7.pt\/index.php\/author\/geralalgarve7-pt\/"}]}},"jetpack_publicize_connections":[],"jetpack_featured_media_url":"https:\/\/algarve7.pt\/wp-content\/uploads\/2025\/02\/50de25-Luiz-de-Carvalho.jpg","jetpack_shortlink":"https:\/\/wp.me\/pcezmW-ciR","jetpack_sharing_enabled":true,"_links":{"self":[{"href":"https:\/\/algarve7.pt\/index.php\/wp-json\/wp\/v2\/posts\/47297","targetHints":{"allow":["GET"]}}],"collection":[{"href":"https:\/\/algarve7.pt\/index.php\/wp-json\/wp\/v2\/posts"}],"about":[{"href":"https:\/\/algarve7.pt\/index.php\/wp-json\/wp\/v2\/types\/post"}],"author":[{"embeddable":true,"href":"https:\/\/algarve7.pt\/index.php\/wp-json\/wp\/v2\/users\/1"}],"replies":[{"embeddable":true,"href":"https:\/\/algarve7.pt\/index.php\/wp-json\/wp\/v2\/comments?post=47297"}],"version-history":[{"count":0,"href":"https:\/\/algarve7.pt\/index.php\/wp-json\/wp\/v2\/posts\/47297\/revisions"}],"wp:featuredmedia":[{"embeddable":true,"href":"https:\/\/algarve7.pt\/index.php\/wp-json\/wp\/v2\/media\/47298"}],"wp:attachment":[{"href":"https:\/\/algarve7.pt\/index.php\/wp-json\/wp\/v2\/media?parent=47297"}],"wp:term":[{"taxonomy":"category","embeddable":true,"href":"https:\/\/algarve7.pt\/index.php\/wp-json\/wp\/v2\/categories?post=47297"},{"taxonomy":"post_tag","embeddable":true,"href":"https:\/\/algarve7.pt\/index.php\/wp-json\/wp\/v2\/tags?post=47297"}],"curies":[{"name":"wp","href":"https:\/\/api.w.org\/{rel}","templated":true}]}}