{"id":4728,"date":"2020-12-17T17:39:44","date_gmt":"2020-12-17T17:39:44","guid":{"rendered":"https:\/\/algarve7.pt\/?p=4728"},"modified":"2020-12-17T17:39:45","modified_gmt":"2020-12-17T17:39:45","slug":"lagoa-aprova-isencao-de-taxas-para-comerciantes-em-2021","status":"publish","type":"post","link":"https:\/\/algarve7.pt\/index.php\/2020\/12\/lagoa-aprova-isencao-de-taxas-para-comerciantes-em-2021\/economia\/17\/39\/","title":{"rendered":"Lagoa aprova isen\u00e7\u00e3o de taxas para comerciantes em 2021"},"content":{"rendered":"\n<p>O Munic\u00edpio de Lagoa aprovou um novo pacote de isen\u00e7\u00f5es de v\u00e1rias taxas e rendas de espa\u00e7os municipais concessionados, refor\u00e7ando as suas medidas de apoio \u00e0 atividade econ\u00f3mica no concelho de Lagoa.\u00a0<\/p>\n\n\n\n<p>Em sess\u00e3o de C\u00e2mara de 15 de dezembro de 2020, sob proposta do presidente Lu\u00eds Encarna\u00e7\u00e3o, foi aprovado este conjunto de medidas de apoio \u00e0s empresas locais, \u00e0 semelhan\u00e7a do que j\u00e1 tinha acontecido em mar\u00e7o deste ano.<\/p>\n\n\n\n<p>A isen\u00e7\u00e3o de pagamento da taxa de ocupa\u00e7\u00e3o de espa\u00e7o p\u00fablico para as empresas ou empres\u00e1rios em nome individual (ENI) que encerrem parcialmente ou totalmente a sua atividade por consequ\u00eancia da situa\u00e7\u00e3o da pandemia covid-19, mediante requerimento e an\u00e1lise casu\u00edstica, \u00e9 uma das medidas agora renovadas.<\/p>\n\n\n\n<p>Bem como, a isen\u00e7\u00e3o da taxa de publicidade aplic\u00e1vel a empresas e ENI com sede social no concelho de Lagoa que encerrem parcialmente ou totalmente a sua atividade em consequ\u00eancia da crise sanit\u00e1ria, analisadas caso a caso ap\u00f3s requerimento, \u00e9 outra das medidas inclu\u00eddas neste pacote de apoio \u00e0 atividade econ\u00f3mica no concelho de Lagoa.<\/p>\n\n\n\n<p>Ficam tamb\u00e9m isentas de taxas fixas sobre os consumos de \u00e1gua, res\u00edduos s\u00f3lidos urbanos e saneamento, regularmente inclu\u00eddas nas faturas de \u00e1gua, as empresas e ENI com sede social no concelho de Lagoa que encerrem parcial ou totalmente a sua atividade por consequ\u00eancia da situa\u00e7\u00e3o pand\u00e9mica, e que tenham apresentado requerimento a avaliar.<\/p>\n\n\n\n<p>A dispensa do pagamento de rendas relativas aos espa\u00e7os municipais concessionados at\u00e9 maio de 2021, \u00e9 ainda outra das medidas adotadas.<\/p>\n\n\n\n<p>\u00abAs medidas agora aprovadas s\u00e3o formas de apoio efetivo para que os neg\u00f3cios locais superem o dif\u00edcil momento que atravessam. Pretendemos dar um claro sinal de incentivo \u00e0 resili\u00eancia dos empres\u00e1rios e empreendedores sedeados no nosso concelho. Estamos a desenvolver esfor\u00e7os direcionados para v\u00e1rias frentes com o objetivo de ajudar os Lagoenss e n\u00e3o deixar ningu\u00e9m para tr\u00e1s\u00bb, frisou Lu\u00eds Encarna\u00e7\u00e3o.<\/p>\n\n\n\n<p>De recordar que o Munic\u00edpio de Lagoa est\u00e1 a implementar, em simult\u00e2neo com estes incentivos \u00e0 economia, um programa de estimulo \u00e0s compras no comercio local para o qual j\u00e1 disponibilizou 102 mil euros.&nbsp;<\/p>\n","protected":false},"excerpt":{"rendered":"<p>O Munic\u00edpio de Lagoa aprovou um novo pacote de isen\u00e7\u00f5es de v\u00e1rias taxas e rendas de espa\u00e7os municipais concessionados, refor\u00e7ando<\/p>\n","protected":false},"author":1,"featured_media":2876,"comment_status":"closed","ping_status":"open","sticky":false,"template":"","format":"standard","meta":{"colormag_page_container_layout":"default_layout","colormag_page_sidebar_layout":"default_layout","_monsterinsights_skip_tracking":false,"_monsterinsights_sitenote_active":false,"_monsterinsights_sitenote_note":"","_monsterinsights_sitenote_category":0,"jetpack_post_was_ever_published":false,"_jetpack_newsletter_access":"","_jetpack_dont_email_post_to_subs":false,"_jetpack_newsletter_tier_id":0,"_jetpack_memberships_contains_paywalled_content":false,"_jetpack_memberships_contains_paid_content":false,"footnotes":"","jetpack_publicize_message":"","jetpack_publicize_feature_enabled":true,"jetpack_social_post_already_shared":true,"jetpack_social_options":{"image_generator_settings":{"template":"highway","default_image_id":0,"font":"","enabled":false},"version":2}},"categories":[151],"tags":[36,153,48],"class_list":["post-4728","post","type-post","status-publish","format-standard","has-post-thumbnail","hentry","category-economia","tag-algarve","tag-economia","tag-lagoa"],"yoast_head":"<!-- This site is optimized with the Yoast SEO plugin v27.5 - https:\/\/yoast.com\/product\/yoast-seo-wordpress\/ -->\n<title>Lagoa aprova isen\u00e7\u00e3o de taxas para comerciantes em 2021 - Algarve 7<\/title>\n<meta name=\"description\" content=\"Lagoa aprova isen\u00e7\u00e3o de taxas para comerciantes em 2021 Economia\" \/>\n<meta name=\"robots\" content=\"index, follow, max-snippet:-1, max-image-preview:large, max-video-preview:-1\" \/>\n<link rel=\"canonical\" href=\"https:\/\/algarve7.pt\/index.php\/2020\/12\/lagoa-aprova-isencao-de-taxas-para-comerciantes-em-2021\/economia\/17\/39\/\" \/>\n<meta property=\"og:locale\" content=\"pt_PT\" \/>\n<meta property=\"og:type\" content=\"article\" \/>\n<meta property=\"og:title\" content=\"Lagoa aprova isen\u00e7\u00e3o de taxas para comerciantes em 2021 - Algarve 7\" \/>\n<meta property=\"og:description\" content=\"Lagoa aprova isen\u00e7\u00e3o de taxas para comerciantes em 2021 Economia\" \/>\n<meta property=\"og:url\" content=\"https:\/\/algarve7.pt\/index.php\/2020\/12\/lagoa-aprova-isencao-de-taxas-para-comerciantes-em-2021\/economia\/17\/39\/\" \/>\n<meta property=\"og:site_name\" content=\"Algarve 7\" \/>\n<meta property=\"article:publisher\" content=\"https:\/\/www.facebook.com\/algarve7\" \/>\n<meta property=\"article:author\" content=\"https:\/\/www.facebook.com\/algarve7\" \/>\n<meta property=\"article:published_time\" content=\"2020-12-17T17:39:44+00:00\" \/>\n<meta property=\"article:modified_time\" content=\"2020-12-17T17:39:45+00:00\" \/>\n<meta property=\"og:image\" content=\"https:\/\/algarve7.pt\/wp-content\/uploads\/2020\/10\/CMLfoto-e1603451571584.jpg\" \/>\n\t<meta property=\"og:image:width\" content=\"1024\" \/>\n\t<meta property=\"og:image:height\" content=\"736\" \/>\n\t<meta property=\"og:image:type\" content=\"image\/jpeg\" \/>\n<meta name=\"author\" content=\"Algarve 7\" \/>\n<meta name=\"twitter:card\" content=\"summary_large_image\" \/>\n<meta name=\"twitter:creator\" content=\"@Algarvesete\" \/>\n<meta name=\"twitter:site\" content=\"@Algarvesete\" \/>\n<meta name=\"twitter:label1\" content=\"Escrito por\" \/>\n\t<meta name=\"twitter:data1\" content=\"Algarve 7\" \/>\n\t<meta name=\"twitter:label2\" content=\"Tempo estimado de leitura\" \/>\n\t<meta name=\"twitter:data2\" content=\"2 minutos\" \/>\n<script type=\"application\/ld+json\" class=\"yoast-schema-graph\">{\"@context\":\"https:\\\/\\\/schema.org\",\"@graph\":[{\"@type\":\"Article\",\"@id\":\"https:\\\/\\\/algarve7.pt\\\/index.php\\\/2020\\\/12\\\/lagoa-aprova-isencao-de-taxas-para-comerciantes-em-2021\\\/economia\\\/17\\\/39\\\/#article\",\"isPartOf\":{\"@id\":\"https:\\\/\\\/algarve7.pt\\\/index.php\\\/2020\\\/12\\\/lagoa-aprova-isencao-de-taxas-para-comerciantes-em-2021\\\/economia\\\/17\\\/39\\\/\"},\"author\":{\"name\":\"Algarve 7\",\"@id\":\"https:\\\/\\\/algarve7.pt\\\/#\\\/schema\\\/person\\\/23fa70681308e7b319a3204bcea45e0c\"},\"headline\":\"Lagoa aprova isen\u00e7\u00e3o de taxas para comerciantes em 2021\",\"datePublished\":\"2020-12-17T17:39:44+00:00\",\"dateModified\":\"2020-12-17T17:39:45+00:00\",\"mainEntityOfPage\":{\"@id\":\"https:\\\/\\\/algarve7.pt\\\/index.php\\\/2020\\\/12\\\/lagoa-aprova-isencao-de-taxas-para-comerciantes-em-2021\\\/economia\\\/17\\\/39\\\/\"},\"wordCount\":388,\"publisher\":{\"@id\":\"https:\\\/\\\/algarve7.pt\\\/#organization\"},\"image\":{\"@id\":\"https:\\\/\\\/algarve7.pt\\\/index.php\\\/2020\\\/12\\\/lagoa-aprova-isencao-de-taxas-para-comerciantes-em-2021\\\/economia\\\/17\\\/39\\\/#primaryimage\"},\"thumbnailUrl\":\"https:\\\/\\\/algarve7.pt\\\/wp-content\\\/uploads\\\/2020\\\/10\\\/CMLfoto-e1603451571584.jpg\",\"keywords\":[\"Algarve\",\"Economia\",\"Lagoa\"],\"articleSection\":[\"Economia\"],\"inLanguage\":\"pt-PT\"},{\"@type\":\"WebPage\",\"@id\":\"https:\\\/\\\/algarve7.pt\\\/index.php\\\/2020\\\/12\\\/lagoa-aprova-isencao-de-taxas-para-comerciantes-em-2021\\\/economia\\\/17\\\/39\\\/\",\"url\":\"https:\\\/\\\/algarve7.pt\\\/index.php\\\/2020\\\/12\\\/lagoa-aprova-isencao-de-taxas-para-comerciantes-em-2021\\\/economia\\\/17\\\/39\\\/\",\"name\":\"Lagoa aprova isen\u00e7\u00e3o de taxas para comerciantes em 2021 - Algarve 7\",\"isPartOf\":{\"@id\":\"https:\\\/\\\/algarve7.pt\\\/#website\"},\"primaryImageOfPage\":{\"@id\":\"https:\\\/\\\/algarve7.pt\\\/index.php\\\/2020\\\/12\\\/lagoa-aprova-isencao-de-taxas-para-comerciantes-em-2021\\\/economia\\\/17\\\/39\\\/#primaryimage\"},\"image\":{\"@id\":\"https:\\\/\\\/algarve7.pt\\\/index.php\\\/2020\\\/12\\\/lagoa-aprova-isencao-de-taxas-para-comerciantes-em-2021\\\/economia\\\/17\\\/39\\\/#primaryimage\"},\"thumbnailUrl\":\"https:\\\/\\\/algarve7.pt\\\/wp-content\\\/uploads\\\/2020\\\/10\\\/CMLfoto-e1603451571584.jpg\",\"datePublished\":\"2020-12-17T17:39:44+00:00\",\"dateModified\":\"2020-12-17T17:39:45+00:00\",\"description\":\"Lagoa aprova isen\u00e7\u00e3o de taxas para comerciantes em 2021 Economia\",\"breadcrumb\":{\"@id\":\"https:\\\/\\\/algarve7.pt\\\/index.php\\\/2020\\\/12\\\/lagoa-aprova-isencao-de-taxas-para-comerciantes-em-2021\\\/economia\\\/17\\\/39\\\/#breadcrumb\"},\"inLanguage\":\"pt-PT\",\"potentialAction\":[{\"@type\":\"ReadAction\",\"target\":[\"https:\\\/\\\/algarve7.pt\\\/index.php\\\/2020\\\/12\\\/lagoa-aprova-isencao-de-taxas-para-comerciantes-em-2021\\\/economia\\\/17\\\/39\\\/\"]}]},{\"@type\":\"ImageObject\",\"inLanguage\":\"pt-PT\",\"@id\":\"https:\\\/\\\/algarve7.pt\\\/index.php\\\/2020\\\/12\\\/lagoa-aprova-isencao-de-taxas-para-comerciantes-em-2021\\\/economia\\\/17\\\/39\\\/#primaryimage\",\"url\":\"https:\\\/\\\/algarve7.pt\\\/wp-content\\\/uploads\\\/2020\\\/10\\\/CMLfoto-e1603451571584.jpg\",\"contentUrl\":\"https:\\\/\\\/algarve7.pt\\\/wp-content\\\/uploads\\\/2020\\\/10\\\/CMLfoto-e1603451571584.jpg\",\"width\":1024,\"height\":736},{\"@type\":\"BreadcrumbList\",\"@id\":\"https:\\\/\\\/algarve7.pt\\\/index.php\\\/2020\\\/12\\\/lagoa-aprova-isencao-de-taxas-para-comerciantes-em-2021\\\/economia\\\/17\\\/39\\\/#breadcrumb\",\"itemListElement\":[{\"@type\":\"ListItem\",\"position\":1,\"name\":\"In\u00edcio\",\"item\":\"https:\\\/\\\/algarve7.pt\\\/\"},{\"@type\":\"ListItem\",\"position\":2,\"name\":\"Lagoa aprova isen\u00e7\u00e3o de taxas para comerciantes em 2021\"}]},{\"@type\":\"WebSite\",\"@id\":\"https:\\\/\\\/algarve7.pt\\\/#website\",\"url\":\"https:\\\/\\\/algarve7.pt\\\/\",\"name\":\"Algarve 7\",\"description\":\"Informa\u00e7\u00e3o sobre o Algarve\",\"publisher\":{\"@id\":\"https:\\\/\\\/algarve7.pt\\\/#organization\"},\"potentialAction\":[{\"@type\":\"SearchAction\",\"target\":{\"@type\":\"EntryPoint\",\"urlTemplate\":\"https:\\\/\\\/algarve7.pt\\\/?s={search_term_string}\"},\"query-input\":{\"@type\":\"PropertyValueSpecification\",\"valueRequired\":true,\"valueName\":\"search_term_string\"}}],\"inLanguage\":\"pt-PT\"},{\"@type\":\"Organization\",\"@id\":\"https:\\\/\\\/algarve7.pt\\\/#organization\",\"name\":\"Algarve 7\",\"url\":\"https:\\\/\\\/algarve7.pt\\\/\",\"logo\":{\"@type\":\"ImageObject\",\"inLanguage\":\"pt-PT\",\"@id\":\"https:\\\/\\\/algarve7.pt\\\/#\\\/schema\\\/logo\\\/image\\\/\",\"url\":\"https:\\\/\\\/algarve7.pt\\\/wp-content\\\/uploads\\\/2020\\\/10\\\/Logo-8.jpg\",\"contentUrl\":\"https:\\\/\\\/algarve7.pt\\\/wp-content\\\/uploads\\\/2020\\\/10\\\/Logo-8.jpg\",\"width\":1680,\"height\":1186,\"caption\":\"Algarve 7\"},\"image\":{\"@id\":\"https:\\\/\\\/algarve7.pt\\\/#\\\/schema\\\/logo\\\/image\\\/\"},\"sameAs\":[\"https:\\\/\\\/www.facebook.com\\\/algarve7\",\"https:\\\/\\\/x.com\\\/Algarvesete\",\"https:\\\/\\\/www.instagram.com\\\/jornalalgarve7\\\/\",\"https:\\\/\\\/www.linkedin.com\\\/company\\\/algarve7\",\"https:\\\/\\\/www.pinterest.pt\\\/geral0939\\\/_created\\\/\"]},{\"@type\":\"Person\",\"@id\":\"https:\\\/\\\/algarve7.pt\\\/#\\\/schema\\\/person\\\/23fa70681308e7b319a3204bcea45e0c\",\"name\":\"Algarve 7\",\"sameAs\":[\"https:\\\/\\\/algarve7.pt\",\"https:\\\/\\\/www.facebook.com\\\/algarve7\"],\"url\":\"https:\\\/\\\/algarve7.pt\\\/index.php\\\/author\\\/geralalgarve7-pt\\\/\"}]}<\/script>\n<!-- \/ Yoast SEO plugin. -->","yoast_head_json":{"title":"Lagoa aprova isen\u00e7\u00e3o de taxas para comerciantes em 2021 - Algarve 7","description":"Lagoa aprova isen\u00e7\u00e3o de taxas para comerciantes em 2021 Economia","robots":{"index":"index","follow":"follow","max-snippet":"max-snippet:-1","max-image-preview":"max-image-preview:large","max-video-preview":"max-video-preview:-1"},"canonical":"https:\/\/algarve7.pt\/index.php\/2020\/12\/lagoa-aprova-isencao-de-taxas-para-comerciantes-em-2021\/economia\/17\/39\/","og_locale":"pt_PT","og_type":"article","og_title":"Lagoa aprova isen\u00e7\u00e3o de taxas para comerciantes em 2021 - Algarve 7","og_description":"Lagoa aprova isen\u00e7\u00e3o de taxas para comerciantes em 2021 Economia","og_url":"https:\/\/algarve7.pt\/index.php\/2020\/12\/lagoa-aprova-isencao-de-taxas-para-comerciantes-em-2021\/economia\/17\/39\/","og_site_name":"Algarve 7","article_publisher":"https:\/\/www.facebook.com\/algarve7","article_author":"https:\/\/www.facebook.com\/algarve7","article_published_time":"2020-12-17T17:39:44+00:00","article_modified_time":"2020-12-17T17:39:45+00:00","og_image":[{"width":1024,"height":736,"url":"https:\/\/algarve7.pt\/wp-content\/uploads\/2020\/10\/CMLfoto-e1603451571584.jpg","type":"image\/jpeg"}],"author":"Algarve 7","twitter_card":"summary_large_image","twitter_creator":"@Algarvesete","twitter_site":"@Algarvesete","twitter_misc":{"Escrito por":"Algarve 7","Tempo estimado de leitura":"2 minutos"},"schema":{"@context":"https:\/\/schema.org","@graph":[{"@type":"Article","@id":"https:\/\/algarve7.pt\/index.php\/2020\/12\/lagoa-aprova-isencao-de-taxas-para-comerciantes-em-2021\/economia\/17\/39\/#article","isPartOf":{"@id":"https:\/\/algarve7.pt\/index.php\/2020\/12\/lagoa-aprova-isencao-de-taxas-para-comerciantes-em-2021\/economia\/17\/39\/"},"author":{"name":"Algarve 7","@id":"https:\/\/algarve7.pt\/#\/schema\/person\/23fa70681308e7b319a3204bcea45e0c"},"headline":"Lagoa aprova isen\u00e7\u00e3o de taxas para comerciantes em 2021","datePublished":"2020-12-17T17:39:44+00:00","dateModified":"2020-12-17T17:39:45+00:00","mainEntityOfPage":{"@id":"https:\/\/algarve7.pt\/index.php\/2020\/12\/lagoa-aprova-isencao-de-taxas-para-comerciantes-em-2021\/economia\/17\/39\/"},"wordCount":388,"publisher":{"@id":"https:\/\/algarve7.pt\/#organization"},"image":{"@id":"https:\/\/algarve7.pt\/index.php\/2020\/12\/lagoa-aprova-isencao-de-taxas-para-comerciantes-em-2021\/economia\/17\/39\/#primaryimage"},"thumbnailUrl":"https:\/\/algarve7.pt\/wp-content\/uploads\/2020\/10\/CMLfoto-e1603451571584.jpg","keywords":["Algarve","Economia","Lagoa"],"articleSection":["Economia"],"inLanguage":"pt-PT"},{"@type":"WebPage","@id":"https:\/\/algarve7.pt\/index.php\/2020\/12\/lagoa-aprova-isencao-de-taxas-para-comerciantes-em-2021\/economia\/17\/39\/","url":"https:\/\/algarve7.pt\/index.php\/2020\/12\/lagoa-aprova-isencao-de-taxas-para-comerciantes-em-2021\/economia\/17\/39\/","name":"Lagoa aprova isen\u00e7\u00e3o de taxas para comerciantes em 2021 - Algarve 7","isPartOf":{"@id":"https:\/\/algarve7.pt\/#website"},"primaryImageOfPage":{"@id":"https:\/\/algarve7.pt\/index.php\/2020\/12\/lagoa-aprova-isencao-de-taxas-para-comerciantes-em-2021\/economia\/17\/39\/#primaryimage"},"image":{"@id":"https:\/\/algarve7.pt\/index.php\/2020\/12\/lagoa-aprova-isencao-de-taxas-para-comerciantes-em-2021\/economia\/17\/39\/#primaryimage"},"thumbnailUrl":"https:\/\/algarve7.pt\/wp-content\/uploads\/2020\/10\/CMLfoto-e1603451571584.jpg","datePublished":"2020-12-17T17:39:44+00:00","dateModified":"2020-12-17T17:39:45+00:00","description":"Lagoa aprova isen\u00e7\u00e3o de taxas para comerciantes em 2021 Economia","breadcrumb":{"@id":"https:\/\/algarve7.pt\/index.php\/2020\/12\/lagoa-aprova-isencao-de-taxas-para-comerciantes-em-2021\/economia\/17\/39\/#breadcrumb"},"inLanguage":"pt-PT","potentialAction":[{"@type":"ReadAction","target":["https:\/\/algarve7.pt\/index.php\/2020\/12\/lagoa-aprova-isencao-de-taxas-para-comerciantes-em-2021\/economia\/17\/39\/"]}]},{"@type":"ImageObject","inLanguage":"pt-PT","@id":"https:\/\/algarve7.pt\/index.php\/2020\/12\/lagoa-aprova-isencao-de-taxas-para-comerciantes-em-2021\/economia\/17\/39\/#primaryimage","url":"https:\/\/algarve7.pt\/wp-content\/uploads\/2020\/10\/CMLfoto-e1603451571584.jpg","contentUrl":"https:\/\/algarve7.pt\/wp-content\/uploads\/2020\/10\/CMLfoto-e1603451571584.jpg","width":1024,"height":736},{"@type":"BreadcrumbList","@id":"https:\/\/algarve7.pt\/index.php\/2020\/12\/lagoa-aprova-isencao-de-taxas-para-comerciantes-em-2021\/economia\/17\/39\/#breadcrumb","itemListElement":[{"@type":"ListItem","position":1,"name":"In\u00edcio","item":"https:\/\/algarve7.pt\/"},{"@type":"ListItem","position":2,"name":"Lagoa aprova isen\u00e7\u00e3o de taxas para comerciantes em 2021"}]},{"@type":"WebSite","@id":"https:\/\/algarve7.pt\/#website","url":"https:\/\/algarve7.pt\/","name":"Algarve 7","description":"Informa\u00e7\u00e3o sobre o Algarve","publisher":{"@id":"https:\/\/algarve7.pt\/#organization"},"potentialAction":[{"@type":"SearchAction","target":{"@type":"EntryPoint","urlTemplate":"https:\/\/algarve7.pt\/?s={search_term_string}"},"query-input":{"@type":"PropertyValueSpecification","valueRequired":true,"valueName":"search_term_string"}}],"inLanguage":"pt-PT"},{"@type":"Organization","@id":"https:\/\/algarve7.pt\/#organization","name":"Algarve 7","url":"https:\/\/algarve7.pt\/","logo":{"@type":"ImageObject","inLanguage":"pt-PT","@id":"https:\/\/algarve7.pt\/#\/schema\/logo\/image\/","url":"https:\/\/algarve7.pt\/wp-content\/uploads\/2020\/10\/Logo-8.jpg","contentUrl":"https:\/\/algarve7.pt\/wp-content\/uploads\/2020\/10\/Logo-8.jpg","width":1680,"height":1186,"caption":"Algarve 7"},"image":{"@id":"https:\/\/algarve7.pt\/#\/schema\/logo\/image\/"},"sameAs":["https:\/\/www.facebook.com\/algarve7","https:\/\/x.com\/Algarvesete","https:\/\/www.instagram.com\/jornalalgarve7\/","https:\/\/www.linkedin.com\/company\/algarve7","https:\/\/www.pinterest.pt\/geral0939\/_created\/"]},{"@type":"Person","@id":"https:\/\/algarve7.pt\/#\/schema\/person\/23fa70681308e7b319a3204bcea45e0c","name":"Algarve 7","sameAs":["https:\/\/algarve7.pt","https:\/\/www.facebook.com\/algarve7"],"url":"https:\/\/algarve7.pt\/index.php\/author\/geralalgarve7-pt\/"}]}},"jetpack_publicize_connections":[],"jetpack_featured_media_url":"https:\/\/algarve7.pt\/wp-content\/uploads\/2020\/10\/CMLfoto-e1603451571584.jpg","jetpack_shortlink":"https:\/\/wp.me\/pcezmW-1eg","jetpack_sharing_enabled":true,"_links":{"self":[{"href":"https:\/\/algarve7.pt\/index.php\/wp-json\/wp\/v2\/posts\/4728","targetHints":{"allow":["GET"]}}],"collection":[{"href":"https:\/\/algarve7.pt\/index.php\/wp-json\/wp\/v2\/posts"}],"about":[{"href":"https:\/\/algarve7.pt\/index.php\/wp-json\/wp\/v2\/types\/post"}],"author":[{"embeddable":true,"href":"https:\/\/algarve7.pt\/index.php\/wp-json\/wp\/v2\/users\/1"}],"replies":[{"embeddable":true,"href":"https:\/\/algarve7.pt\/index.php\/wp-json\/wp\/v2\/comments?post=4728"}],"version-history":[{"count":0,"href":"https:\/\/algarve7.pt\/index.php\/wp-json\/wp\/v2\/posts\/4728\/revisions"}],"wp:featuredmedia":[{"embeddable":true,"href":"https:\/\/algarve7.pt\/index.php\/wp-json\/wp\/v2\/media\/2876"}],"wp:attachment":[{"href":"https:\/\/algarve7.pt\/index.php\/wp-json\/wp\/v2\/media?parent=4728"}],"wp:term":[{"taxonomy":"category","embeddable":true,"href":"https:\/\/algarve7.pt\/index.php\/wp-json\/wp\/v2\/categories?post=4728"},{"taxonomy":"post_tag","embeddable":true,"href":"https:\/\/algarve7.pt\/index.php\/wp-json\/wp\/v2\/tags?post=4728"}],"curies":[{"name":"wp","href":"https:\/\/api.w.org\/{rel}","templated":true}]}}