{"id":47261,"date":"2025-02-13T10:24:28","date_gmt":"2025-02-13T10:24:28","guid":{"rendered":"https:\/\/algarve7.pt\/?p=47261"},"modified":"2025-02-13T10:24:30","modified_gmt":"2025-02-13T10:24:30","slug":"ministro-da-educacao-ciencia-e-inovacao-visitou-a-universidade-do-algarve","status":"publish","type":"post","link":"https:\/\/algarve7.pt\/index.php\/2025\/02\/ministro-da-educacao-ciencia-e-inovacao-visitou-a-universidade-do-algarve\/educacao\/10\/24\/","title":{"rendered":"Ministro da Educa\u00e7\u00e3o, Ci\u00eancia e Inova\u00e7\u00e3o visitou a Universidade do Algarve\u00a0"},"content":{"rendered":"\n<p>O Ministro da Educa\u00e7\u00e3o, Ci\u00eancia e Inova\u00e7\u00e3o, Fernando Alexandre, visitou a Universidade do Algarve, no dia 11 de fevereiro, numa desloca\u00e7\u00e3o que incluiu uma reuni\u00e3o de trabalho, a inaugura\u00e7\u00e3o de um im\u00f3vel adaptado para a resid\u00eancia de estudantes e das obras de requalifica\u00e7\u00e3o da resid\u00eancia feminina do Campus da Penha, e a visita ao UALG TEC CAMPUS \u2013 Aceleradora de Empresas da Universidade do Algarve.\u00a0<br><br>A agenda iniciou-se com uma reuni\u00e3o na Sala de Semin\u00e1rios da Reitoria, no Campus de Gambelas, onde foi apresentado o Programa do Desenvolvimento para a D\u00e9cada de Converg\u00eancia da Regi\u00e3o do Algarve na Educa\u00e7\u00e3o, Ci\u00eancia e Inova\u00e7\u00e3o. Durante o encontro foram discutidas diversas estrat\u00e9gias para promover a qualidade do ensino e da investiga\u00e7\u00e3o, bem como o refor\u00e7o de parcerias entre a Academia e os munic\u00edpios do Algarve.\u00a0<br><br>Tendo em conta que o alojamento continua a ser uma das maiores prioridades da UAlg, o Ministro visitou, ao in\u00edcio da tarde, um im\u00f3vel adaptado para resid\u00eancia de estudantes, localizado na antiga sede da Associa\u00e7\u00e3o Acad\u00e9mica da Universidade do Algarve, em Gambelas, com capacidade para 10 camas. Depois, Fernando Alexandre deslocou-se ao UALG TEC CAMPUS, aceleradora de empresas da Universidade do Algarve, situada no Campus da Penha, numa visita onde foram destacados projetos inovadores em desenvolvimento e refor\u00e7ada a import\u00e2ncia da colabora\u00e7\u00e3o entre a academia e o setor empresarial para impulsionar a inova\u00e7\u00e3o e o empreendedorismo na regi\u00e3o.\u00a0<br><br>A visita terminou com a inaugura\u00e7\u00e3o das obras de requalifica\u00e7\u00e3o da resid\u00eancia feminina no Campus da Penha. Esta interven\u00e7\u00e3o incidiu sobre 102 camas, contribuindo, assim, para que os estudantes que se encontram deslocados tenham oportunidade de prosseguir o seu percurso acad\u00e9mico, garantindo-lhes elevados padr\u00f5es de seguran\u00e7a e bem-estar.<\/p>\n","protected":false},"excerpt":{"rendered":"<p>O Ministro da Educa\u00e7\u00e3o, Ci\u00eancia e Inova\u00e7\u00e3o, Fernando Alexandre, visitou a Universidade do Algarve, no dia 11 de fevereiro, numa<\/p>\n","protected":false},"author":1,"featured_media":47262,"comment_status":"closed","ping_status":"closed","sticky":false,"template":"","format":"standard","meta":{"colormag_page_container_layout":"default_layout","colormag_page_sidebar_layout":"default_layout","_monsterinsights_skip_tracking":false,"_monsterinsights_sitenote_active":false,"_monsterinsights_sitenote_note":"","_monsterinsights_sitenote_category":0,"jetpack_post_was_ever_published":false,"_jetpack_newsletter_access":"","_jetpack_dont_email_post_to_subs":false,"_jetpack_newsletter_tier_id":0,"_jetpack_memberships_contains_paywalled_content":false,"_jetpack_memberships_contains_paid_content":false,"footnotes":"","jetpack_publicize_message":"","jetpack_publicize_feature_enabled":true,"jetpack_social_post_already_shared":true,"jetpack_social_options":{"image_generator_settings":{"template":"highway","default_image_id":0,"font":"","enabled":false},"version":2}},"categories":[93],"tags":[36,74,182],"class_list":["post-47261","post","type-post","status-publish","format-standard","has-post-thumbnail","hentry","category-educacao","tag-algarve","tag-educacao","tag-ualg"],"yoast_head":"<!-- This site is optimized with the Yoast SEO plugin v27.5 - https:\/\/yoast.com\/product\/yoast-seo-wordpress\/ -->\n<title>Ministro da Educa\u00e7\u00e3o, Ci\u00eancia e Inova\u00e7\u00e3o visitou a Universidade do Algarve\u00a0 - Algarve 7<\/title>\n<meta name=\"description\" content=\"Ministro da Educa\u00e7\u00e3o, Ci\u00eancia e Inova\u00e7\u00e3o visitou a Universidade do Algarve\u00a0 Educa\u00e7\u00e3o\" \/>\n<meta name=\"robots\" content=\"index, follow, max-snippet:-1, max-image-preview:large, max-video-preview:-1\" \/>\n<link rel=\"canonical\" href=\"https:\/\/algarve7.pt\/index.php\/2025\/02\/ministro-da-educacao-ciencia-e-inovacao-visitou-a-universidade-do-algarve\/educacao\/10\/24\/\" \/>\n<meta property=\"og:locale\" content=\"pt_PT\" \/>\n<meta property=\"og:type\" content=\"article\" \/>\n<meta property=\"og:title\" content=\"Ministro da Educa\u00e7\u00e3o, Ci\u00eancia e Inova\u00e7\u00e3o visitou a Universidade do Algarve\u00a0 - Algarve 7\" \/>\n<meta property=\"og:description\" content=\"Ministro da Educa\u00e7\u00e3o, Ci\u00eancia e Inova\u00e7\u00e3o visitou a Universidade do Algarve\u00a0 Educa\u00e7\u00e3o\" \/>\n<meta property=\"og:url\" content=\"https:\/\/algarve7.pt\/index.php\/2025\/02\/ministro-da-educacao-ciencia-e-inovacao-visitou-a-universidade-do-algarve\/educacao\/10\/24\/\" \/>\n<meta property=\"og:site_name\" content=\"Algarve 7\" \/>\n<meta property=\"article:publisher\" content=\"https:\/\/www.facebook.com\/algarve7\" \/>\n<meta property=\"article:author\" content=\"https:\/\/www.facebook.com\/algarve7\" \/>\n<meta property=\"article:published_time\" content=\"2025-02-13T10:24:28+00:00\" \/>\n<meta property=\"article:modified_time\" content=\"2025-02-13T10:24:30+00:00\" \/>\n<meta property=\"og:image\" content=\"https:\/\/algarve7.pt\/wp-content\/uploads\/2025\/02\/Visita-Min\uff0e-da-educacao-a-UALG-Tec-Campus-11-02-2025-13.jpg\" \/>\n\t<meta property=\"og:image:width\" content=\"800\" \/>\n\t<meta property=\"og:image:height\" content=\"500\" \/>\n\t<meta property=\"og:image:type\" content=\"image\/jpeg\" \/>\n<meta name=\"author\" content=\"Algarve 7\" \/>\n<meta name=\"twitter:card\" content=\"summary_large_image\" \/>\n<meta name=\"twitter:creator\" content=\"@Algarvesete\" \/>\n<meta name=\"twitter:site\" content=\"@Algarvesete\" \/>\n<meta name=\"twitter:label1\" content=\"Escrito por\" \/>\n\t<meta name=\"twitter:data1\" content=\"Algarve 7\" \/>\n\t<meta name=\"twitter:label2\" content=\"Tempo estimado de leitura\" \/>\n\t<meta name=\"twitter:data2\" content=\"2 minutos\" \/>\n<script type=\"application\/ld+json\" class=\"yoast-schema-graph\">{\"@context\":\"https:\\\/\\\/schema.org\",\"@graph\":[{\"@type\":\"Article\",\"@id\":\"https:\\\/\\\/algarve7.pt\\\/index.php\\\/2025\\\/02\\\/ministro-da-educacao-ciencia-e-inovacao-visitou-a-universidade-do-algarve\\\/educacao\\\/10\\\/24\\\/#article\",\"isPartOf\":{\"@id\":\"https:\\\/\\\/algarve7.pt\\\/index.php\\\/2025\\\/02\\\/ministro-da-educacao-ciencia-e-inovacao-visitou-a-universidade-do-algarve\\\/educacao\\\/10\\\/24\\\/\"},\"author\":{\"name\":\"Algarve 7\",\"@id\":\"https:\\\/\\\/algarve7.pt\\\/#\\\/schema\\\/person\\\/23fa70681308e7b319a3204bcea45e0c\"},\"headline\":\"Ministro da Educa\u00e7\u00e3o, Ci\u00eancia e Inova\u00e7\u00e3o visitou a Universidade do Algarve\u00a0\",\"datePublished\":\"2025-02-13T10:24:28+00:00\",\"dateModified\":\"2025-02-13T10:24:30+00:00\",\"mainEntityOfPage\":{\"@id\":\"https:\\\/\\\/algarve7.pt\\\/index.php\\\/2025\\\/02\\\/ministro-da-educacao-ciencia-e-inovacao-visitou-a-universidade-do-algarve\\\/educacao\\\/10\\\/24\\\/\"},\"wordCount\":327,\"publisher\":{\"@id\":\"https:\\\/\\\/algarve7.pt\\\/#organization\"},\"image\":{\"@id\":\"https:\\\/\\\/algarve7.pt\\\/index.php\\\/2025\\\/02\\\/ministro-da-educacao-ciencia-e-inovacao-visitou-a-universidade-do-algarve\\\/educacao\\\/10\\\/24\\\/#primaryimage\"},\"thumbnailUrl\":\"https:\\\/\\\/algarve7.pt\\\/wp-content\\\/uploads\\\/2025\\\/02\\\/Visita-Min\uff0e-da-educacao-a-UALG-Tec-Campus-11-02-2025-13.jpg\",\"keywords\":[\"Algarve\",\"Educa\u00e7\u00e3o\",\"UALG\"],\"articleSection\":[\"Educa\u00e7\u00e3o\"],\"inLanguage\":\"pt-PT\"},{\"@type\":\"WebPage\",\"@id\":\"https:\\\/\\\/algarve7.pt\\\/index.php\\\/2025\\\/02\\\/ministro-da-educacao-ciencia-e-inovacao-visitou-a-universidade-do-algarve\\\/educacao\\\/10\\\/24\\\/\",\"url\":\"https:\\\/\\\/algarve7.pt\\\/index.php\\\/2025\\\/02\\\/ministro-da-educacao-ciencia-e-inovacao-visitou-a-universidade-do-algarve\\\/educacao\\\/10\\\/24\\\/\",\"name\":\"Ministro da Educa\u00e7\u00e3o, Ci\u00eancia e Inova\u00e7\u00e3o visitou a Universidade do Algarve\u00a0 - Algarve 7\",\"isPartOf\":{\"@id\":\"https:\\\/\\\/algarve7.pt\\\/#website\"},\"primaryImageOfPage\":{\"@id\":\"https:\\\/\\\/algarve7.pt\\\/index.php\\\/2025\\\/02\\\/ministro-da-educacao-ciencia-e-inovacao-visitou-a-universidade-do-algarve\\\/educacao\\\/10\\\/24\\\/#primaryimage\"},\"image\":{\"@id\":\"https:\\\/\\\/algarve7.pt\\\/index.php\\\/2025\\\/02\\\/ministro-da-educacao-ciencia-e-inovacao-visitou-a-universidade-do-algarve\\\/educacao\\\/10\\\/24\\\/#primaryimage\"},\"thumbnailUrl\":\"https:\\\/\\\/algarve7.pt\\\/wp-content\\\/uploads\\\/2025\\\/02\\\/Visita-Min\uff0e-da-educacao-a-UALG-Tec-Campus-11-02-2025-13.jpg\",\"datePublished\":\"2025-02-13T10:24:28+00:00\",\"dateModified\":\"2025-02-13T10:24:30+00:00\",\"description\":\"Ministro da Educa\u00e7\u00e3o, Ci\u00eancia e Inova\u00e7\u00e3o visitou a Universidade do Algarve\u00a0 Educa\u00e7\u00e3o\",\"breadcrumb\":{\"@id\":\"https:\\\/\\\/algarve7.pt\\\/index.php\\\/2025\\\/02\\\/ministro-da-educacao-ciencia-e-inovacao-visitou-a-universidade-do-algarve\\\/educacao\\\/10\\\/24\\\/#breadcrumb\"},\"inLanguage\":\"pt-PT\",\"potentialAction\":[{\"@type\":\"ReadAction\",\"target\":[\"https:\\\/\\\/algarve7.pt\\\/index.php\\\/2025\\\/02\\\/ministro-da-educacao-ciencia-e-inovacao-visitou-a-universidade-do-algarve\\\/educacao\\\/10\\\/24\\\/\"]}]},{\"@type\":\"ImageObject\",\"inLanguage\":\"pt-PT\",\"@id\":\"https:\\\/\\\/algarve7.pt\\\/index.php\\\/2025\\\/02\\\/ministro-da-educacao-ciencia-e-inovacao-visitou-a-universidade-do-algarve\\\/educacao\\\/10\\\/24\\\/#primaryimage\",\"url\":\"https:\\\/\\\/algarve7.pt\\\/wp-content\\\/uploads\\\/2025\\\/02\\\/Visita-Min\uff0e-da-educacao-a-UALG-Tec-Campus-11-02-2025-13.jpg\",\"contentUrl\":\"https:\\\/\\\/algarve7.pt\\\/wp-content\\\/uploads\\\/2025\\\/02\\\/Visita-Min\uff0e-da-educacao-a-UALG-Tec-Campus-11-02-2025-13.jpg\",\"width\":800,\"height\":500},{\"@type\":\"BreadcrumbList\",\"@id\":\"https:\\\/\\\/algarve7.pt\\\/index.php\\\/2025\\\/02\\\/ministro-da-educacao-ciencia-e-inovacao-visitou-a-universidade-do-algarve\\\/educacao\\\/10\\\/24\\\/#breadcrumb\",\"itemListElement\":[{\"@type\":\"ListItem\",\"position\":1,\"name\":\"In\u00edcio\",\"item\":\"https:\\\/\\\/algarve7.pt\\\/\"},{\"@type\":\"ListItem\",\"position\":2,\"name\":\"Ministro da Educa\u00e7\u00e3o, Ci\u00eancia e Inova\u00e7\u00e3o visitou a Universidade do Algarve\u00a0\"}]},{\"@type\":\"WebSite\",\"@id\":\"https:\\\/\\\/algarve7.pt\\\/#website\",\"url\":\"https:\\\/\\\/algarve7.pt\\\/\",\"name\":\"Algarve 7\",\"description\":\"Informa\u00e7\u00e3o sobre o Algarve\",\"publisher\":{\"@id\":\"https:\\\/\\\/algarve7.pt\\\/#organization\"},\"potentialAction\":[{\"@type\":\"SearchAction\",\"target\":{\"@type\":\"EntryPoint\",\"urlTemplate\":\"https:\\\/\\\/algarve7.pt\\\/?s={search_term_string}\"},\"query-input\":{\"@type\":\"PropertyValueSpecification\",\"valueRequired\":true,\"valueName\":\"search_term_string\"}}],\"inLanguage\":\"pt-PT\"},{\"@type\":\"Organization\",\"@id\":\"https:\\\/\\\/algarve7.pt\\\/#organization\",\"name\":\"Algarve 7\",\"url\":\"https:\\\/\\\/algarve7.pt\\\/\",\"logo\":{\"@type\":\"ImageObject\",\"inLanguage\":\"pt-PT\",\"@id\":\"https:\\\/\\\/algarve7.pt\\\/#\\\/schema\\\/logo\\\/image\\\/\",\"url\":\"https:\\\/\\\/algarve7.pt\\\/wp-content\\\/uploads\\\/2020\\\/10\\\/Logo-8.jpg\",\"contentUrl\":\"https:\\\/\\\/algarve7.pt\\\/wp-content\\\/uploads\\\/2020\\\/10\\\/Logo-8.jpg\",\"width\":1680,\"height\":1186,\"caption\":\"Algarve 7\"},\"image\":{\"@id\":\"https:\\\/\\\/algarve7.pt\\\/#\\\/schema\\\/logo\\\/image\\\/\"},\"sameAs\":[\"https:\\\/\\\/www.facebook.com\\\/algarve7\",\"https:\\\/\\\/x.com\\\/Algarvesete\",\"https:\\\/\\\/www.instagram.com\\\/jornalalgarve7\\\/\",\"https:\\\/\\\/www.linkedin.com\\\/company\\\/algarve7\",\"https:\\\/\\\/www.pinterest.pt\\\/geral0939\\\/_created\\\/\"]},{\"@type\":\"Person\",\"@id\":\"https:\\\/\\\/algarve7.pt\\\/#\\\/schema\\\/person\\\/23fa70681308e7b319a3204bcea45e0c\",\"name\":\"Algarve 7\",\"sameAs\":[\"https:\\\/\\\/algarve7.pt\",\"https:\\\/\\\/www.facebook.com\\\/algarve7\"],\"url\":\"https:\\\/\\\/algarve7.pt\\\/index.php\\\/author\\\/geralalgarve7-pt\\\/\"}]}<\/script>\n<!-- \/ Yoast SEO plugin. -->","yoast_head_json":{"title":"Ministro da Educa\u00e7\u00e3o, Ci\u00eancia e Inova\u00e7\u00e3o visitou a Universidade do Algarve\u00a0 - Algarve 7","description":"Ministro da Educa\u00e7\u00e3o, Ci\u00eancia e Inova\u00e7\u00e3o visitou a Universidade do Algarve\u00a0 Educa\u00e7\u00e3o","robots":{"index":"index","follow":"follow","max-snippet":"max-snippet:-1","max-image-preview":"max-image-preview:large","max-video-preview":"max-video-preview:-1"},"canonical":"https:\/\/algarve7.pt\/index.php\/2025\/02\/ministro-da-educacao-ciencia-e-inovacao-visitou-a-universidade-do-algarve\/educacao\/10\/24\/","og_locale":"pt_PT","og_type":"article","og_title":"Ministro da Educa\u00e7\u00e3o, Ci\u00eancia e Inova\u00e7\u00e3o visitou a Universidade do Algarve\u00a0 - Algarve 7","og_description":"Ministro da Educa\u00e7\u00e3o, Ci\u00eancia e Inova\u00e7\u00e3o visitou a Universidade do Algarve\u00a0 Educa\u00e7\u00e3o","og_url":"https:\/\/algarve7.pt\/index.php\/2025\/02\/ministro-da-educacao-ciencia-e-inovacao-visitou-a-universidade-do-algarve\/educacao\/10\/24\/","og_site_name":"Algarve 7","article_publisher":"https:\/\/www.facebook.com\/algarve7","article_author":"https:\/\/www.facebook.com\/algarve7","article_published_time":"2025-02-13T10:24:28+00:00","article_modified_time":"2025-02-13T10:24:30+00:00","og_image":[{"width":800,"height":500,"url":"https:\/\/algarve7.pt\/wp-content\/uploads\/2025\/02\/Visita-Min\uff0e-da-educacao-a-UALG-Tec-Campus-11-02-2025-13.jpg","type":"image\/jpeg"}],"author":"Algarve 7","twitter_card":"summary_large_image","twitter_creator":"@Algarvesete","twitter_site":"@Algarvesete","twitter_misc":{"Escrito por":"Algarve 7","Tempo estimado de leitura":"2 minutos"},"schema":{"@context":"https:\/\/schema.org","@graph":[{"@type":"Article","@id":"https:\/\/algarve7.pt\/index.php\/2025\/02\/ministro-da-educacao-ciencia-e-inovacao-visitou-a-universidade-do-algarve\/educacao\/10\/24\/#article","isPartOf":{"@id":"https:\/\/algarve7.pt\/index.php\/2025\/02\/ministro-da-educacao-ciencia-e-inovacao-visitou-a-universidade-do-algarve\/educacao\/10\/24\/"},"author":{"name":"Algarve 7","@id":"https:\/\/algarve7.pt\/#\/schema\/person\/23fa70681308e7b319a3204bcea45e0c"},"headline":"Ministro da Educa\u00e7\u00e3o, Ci\u00eancia e Inova\u00e7\u00e3o visitou a Universidade do Algarve\u00a0","datePublished":"2025-02-13T10:24:28+00:00","dateModified":"2025-02-13T10:24:30+00:00","mainEntityOfPage":{"@id":"https:\/\/algarve7.pt\/index.php\/2025\/02\/ministro-da-educacao-ciencia-e-inovacao-visitou-a-universidade-do-algarve\/educacao\/10\/24\/"},"wordCount":327,"publisher":{"@id":"https:\/\/algarve7.pt\/#organization"},"image":{"@id":"https:\/\/algarve7.pt\/index.php\/2025\/02\/ministro-da-educacao-ciencia-e-inovacao-visitou-a-universidade-do-algarve\/educacao\/10\/24\/#primaryimage"},"thumbnailUrl":"https:\/\/algarve7.pt\/wp-content\/uploads\/2025\/02\/Visita-Min\uff0e-da-educacao-a-UALG-Tec-Campus-11-02-2025-13.jpg","keywords":["Algarve","Educa\u00e7\u00e3o","UALG"],"articleSection":["Educa\u00e7\u00e3o"],"inLanguage":"pt-PT"},{"@type":"WebPage","@id":"https:\/\/algarve7.pt\/index.php\/2025\/02\/ministro-da-educacao-ciencia-e-inovacao-visitou-a-universidade-do-algarve\/educacao\/10\/24\/","url":"https:\/\/algarve7.pt\/index.php\/2025\/02\/ministro-da-educacao-ciencia-e-inovacao-visitou-a-universidade-do-algarve\/educacao\/10\/24\/","name":"Ministro da Educa\u00e7\u00e3o, Ci\u00eancia e Inova\u00e7\u00e3o visitou a Universidade do Algarve\u00a0 - Algarve 7","isPartOf":{"@id":"https:\/\/algarve7.pt\/#website"},"primaryImageOfPage":{"@id":"https:\/\/algarve7.pt\/index.php\/2025\/02\/ministro-da-educacao-ciencia-e-inovacao-visitou-a-universidade-do-algarve\/educacao\/10\/24\/#primaryimage"},"image":{"@id":"https:\/\/algarve7.pt\/index.php\/2025\/02\/ministro-da-educacao-ciencia-e-inovacao-visitou-a-universidade-do-algarve\/educacao\/10\/24\/#primaryimage"},"thumbnailUrl":"https:\/\/algarve7.pt\/wp-content\/uploads\/2025\/02\/Visita-Min\uff0e-da-educacao-a-UALG-Tec-Campus-11-02-2025-13.jpg","datePublished":"2025-02-13T10:24:28+00:00","dateModified":"2025-02-13T10:24:30+00:00","description":"Ministro da Educa\u00e7\u00e3o, Ci\u00eancia e Inova\u00e7\u00e3o visitou a Universidade do Algarve\u00a0 Educa\u00e7\u00e3o","breadcrumb":{"@id":"https:\/\/algarve7.pt\/index.php\/2025\/02\/ministro-da-educacao-ciencia-e-inovacao-visitou-a-universidade-do-algarve\/educacao\/10\/24\/#breadcrumb"},"inLanguage":"pt-PT","potentialAction":[{"@type":"ReadAction","target":["https:\/\/algarve7.pt\/index.php\/2025\/02\/ministro-da-educacao-ciencia-e-inovacao-visitou-a-universidade-do-algarve\/educacao\/10\/24\/"]}]},{"@type":"ImageObject","inLanguage":"pt-PT","@id":"https:\/\/algarve7.pt\/index.php\/2025\/02\/ministro-da-educacao-ciencia-e-inovacao-visitou-a-universidade-do-algarve\/educacao\/10\/24\/#primaryimage","url":"https:\/\/algarve7.pt\/wp-content\/uploads\/2025\/02\/Visita-Min\uff0e-da-educacao-a-UALG-Tec-Campus-11-02-2025-13.jpg","contentUrl":"https:\/\/algarve7.pt\/wp-content\/uploads\/2025\/02\/Visita-Min\uff0e-da-educacao-a-UALG-Tec-Campus-11-02-2025-13.jpg","width":800,"height":500},{"@type":"BreadcrumbList","@id":"https:\/\/algarve7.pt\/index.php\/2025\/02\/ministro-da-educacao-ciencia-e-inovacao-visitou-a-universidade-do-algarve\/educacao\/10\/24\/#breadcrumb","itemListElement":[{"@type":"ListItem","position":1,"name":"In\u00edcio","item":"https:\/\/algarve7.pt\/"},{"@type":"ListItem","position":2,"name":"Ministro da Educa\u00e7\u00e3o, Ci\u00eancia e Inova\u00e7\u00e3o visitou a Universidade do Algarve\u00a0"}]},{"@type":"WebSite","@id":"https:\/\/algarve7.pt\/#website","url":"https:\/\/algarve7.pt\/","name":"Algarve 7","description":"Informa\u00e7\u00e3o sobre o Algarve","publisher":{"@id":"https:\/\/algarve7.pt\/#organization"},"potentialAction":[{"@type":"SearchAction","target":{"@type":"EntryPoint","urlTemplate":"https:\/\/algarve7.pt\/?s={search_term_string}"},"query-input":{"@type":"PropertyValueSpecification","valueRequired":true,"valueName":"search_term_string"}}],"inLanguage":"pt-PT"},{"@type":"Organization","@id":"https:\/\/algarve7.pt\/#organization","name":"Algarve 7","url":"https:\/\/algarve7.pt\/","logo":{"@type":"ImageObject","inLanguage":"pt-PT","@id":"https:\/\/algarve7.pt\/#\/schema\/logo\/image\/","url":"https:\/\/algarve7.pt\/wp-content\/uploads\/2020\/10\/Logo-8.jpg","contentUrl":"https:\/\/algarve7.pt\/wp-content\/uploads\/2020\/10\/Logo-8.jpg","width":1680,"height":1186,"caption":"Algarve 7"},"image":{"@id":"https:\/\/algarve7.pt\/#\/schema\/logo\/image\/"},"sameAs":["https:\/\/www.facebook.com\/algarve7","https:\/\/x.com\/Algarvesete","https:\/\/www.instagram.com\/jornalalgarve7\/","https:\/\/www.linkedin.com\/company\/algarve7","https:\/\/www.pinterest.pt\/geral0939\/_created\/"]},{"@type":"Person","@id":"https:\/\/algarve7.pt\/#\/schema\/person\/23fa70681308e7b319a3204bcea45e0c","name":"Algarve 7","sameAs":["https:\/\/algarve7.pt","https:\/\/www.facebook.com\/algarve7"],"url":"https:\/\/algarve7.pt\/index.php\/author\/geralalgarve7-pt\/"}]}},"jetpack_publicize_connections":[],"jetpack_featured_media_url":"https:\/\/algarve7.pt\/wp-content\/uploads\/2025\/02\/Visita-Min\uff0e-da-educacao-a-UALG-Tec-Campus-11-02-2025-13.jpg","jetpack_shortlink":"https:\/\/wp.me\/pcezmW-cih","jetpack_sharing_enabled":true,"_links":{"self":[{"href":"https:\/\/algarve7.pt\/index.php\/wp-json\/wp\/v2\/posts\/47261","targetHints":{"allow":["GET"]}}],"collection":[{"href":"https:\/\/algarve7.pt\/index.php\/wp-json\/wp\/v2\/posts"}],"about":[{"href":"https:\/\/algarve7.pt\/index.php\/wp-json\/wp\/v2\/types\/post"}],"author":[{"embeddable":true,"href":"https:\/\/algarve7.pt\/index.php\/wp-json\/wp\/v2\/users\/1"}],"replies":[{"embeddable":true,"href":"https:\/\/algarve7.pt\/index.php\/wp-json\/wp\/v2\/comments?post=47261"}],"version-history":[{"count":0,"href":"https:\/\/algarve7.pt\/index.php\/wp-json\/wp\/v2\/posts\/47261\/revisions"}],"wp:featuredmedia":[{"embeddable":true,"href":"https:\/\/algarve7.pt\/index.php\/wp-json\/wp\/v2\/media\/47262"}],"wp:attachment":[{"href":"https:\/\/algarve7.pt\/index.php\/wp-json\/wp\/v2\/media?parent=47261"}],"wp:term":[{"taxonomy":"category","embeddable":true,"href":"https:\/\/algarve7.pt\/index.php\/wp-json\/wp\/v2\/categories?post=47261"},{"taxonomy":"post_tag","embeddable":true,"href":"https:\/\/algarve7.pt\/index.php\/wp-json\/wp\/v2\/tags?post=47261"}],"curies":[{"name":"wp","href":"https:\/\/api.w.org\/{rel}","templated":true}]}}