{"id":47192,"date":"2025-02-11T18:31:14","date_gmt":"2025-02-11T18:31:14","guid":{"rendered":"https:\/\/algarve7.pt\/?p=47192"},"modified":"2025-02-11T18:31:18","modified_gmt":"2025-02-11T18:31:18","slug":"5-o-open-internacional-de-tenis-de-vila-real-de-santo-antonio-super-quarta-feira-para-recuperar-atraso","status":"publish","type":"post","link":"https:\/\/algarve7.pt\/index.php\/2025\/02\/5-o-open-internacional-de-tenis-de-vila-real-de-santo-antonio-super-quarta-feira-para-recuperar-atraso\/desporto\/18\/31\/","title":{"rendered":"5.\u00ba Open Internacional de T\u00e9nis de Vila Real de Santo Ant\u00f3nio: Super quarta-feira para recuperar atraso"},"content":{"rendered":"\n<p>O duelo entre Frederico Silva e Daniel Batista que reedita a final do \u00faltimo Campeonato Nacional Absoluto, foi mesmo agendado para amanh\u00e3 (quarta-feira), mas poder\u00e1 n\u00e3o ser o mais medi\u00e1tico encontro do dia, uma vez que a chuva de hoje, que for\u00e7ou ao cancelamento de toda a jornada, fez com que se jogue amanh\u00e3 toda a primeira ronda do quadro principal do 5.\u00ba Open Internacional de T\u00e9nis de Vila Real de Santo Ant\u00f3nio.&nbsp;Ser\u00e1 uma aut\u00eantica \u2018super-quarta-feira\u2019, no torneio M25, de 30 mil d\u00f3lares em pr\u00e9mios monet\u00e1rios (29 mil euros), integrado no ITF World Tennis Tour, que o clube de t\u00e9nis local (CTVRSA) est\u00e1 a organizar, com o apoio da C\u00e2mara Municipal (CMVRSA) e da FPT.<\/p>\n\n\n\n<p>O supervisor da Federa\u00e7\u00e3o Internacional de T\u00e9nis (ITF), Marco Rom\u00e3o, n\u00e3o teve outra op\u00e7\u00e3o sen\u00e3o cancelar todos os encontros de hoje, tais os len\u00e7\u00f3is e \u00e1gua que espalhavam-se pelos courts do Complexo de T\u00e9nis de Vila Real de Santo Ant\u00f3nio.&nbsp;Para al\u00e9m de \u2018Kiko\u2019 Silva, o 2.\u00ba cabe\u00e7a de s\u00e9rie, e Daniel Batista, um \u2018wild card\u2019, haver\u00e1 outros dois portugueses a medirem for\u00e7as entre si: Guilherme Valdoleiros, que passou o \u2018qualifying\u2019, e o \u2018wild card\u2019 Jo\u00e3o Gra\u00e7a. Os outros portugueses no quadro principal s\u00e3o Gast\u00e3o Elias (dez vezes campe\u00e3o de challengers), Pedro Ara\u00fajo, Tiago Pereira, Francisco Rocha, Diogo Marques, Tomas Lu\u00eds (\u2018wild card\u2019) e Jos\u00e9 Rodrigues (\u2018qualifyer\u2019), este \u00faltimo, a estrela de t\u00e9nis de Almeirim, que vai defrontar o 1.\u00ba cabe\u00e7a de s\u00e9rie, o franc\u00eas Robin Bertrand.&nbsp;<\/p>\n\n\n\n<p>Dos encontros sem portugueses, aten\u00e7\u00e3o para a estreia do eslovaco Martin Klizan, ex-24.\u00ba ATP, diante do espetacular b\u00falgaro Anthony Genov, que brilhou na fase de qualifica\u00e7\u00e3o. Ter\u00e1 honras de abertura de jornada, logo \u00e0s 10h00, no court central.<\/p>\n","protected":false},"excerpt":{"rendered":"<p>O duelo entre Frederico Silva e Daniel Batista que reedita a final do \u00faltimo Campeonato Nacional Absoluto, foi mesmo agendado<\/p>\n","protected":false},"author":1,"featured_media":47193,"comment_status":"closed","ping_status":"closed","sticky":false,"template":"","format":"standard","meta":{"colormag_page_container_layout":"default_layout","colormag_page_sidebar_layout":"default_layout","_monsterinsights_skip_tracking":false,"_monsterinsights_sitenote_active":false,"_monsterinsights_sitenote_note":"","_monsterinsights_sitenote_category":0,"jetpack_post_was_ever_published":false,"_jetpack_newsletter_access":"","_jetpack_dont_email_post_to_subs":false,"_jetpack_newsletter_tier_id":0,"_jetpack_memberships_contains_paywalled_content":false,"_jetpack_memberships_contains_paid_content":false,"footnotes":"","jetpack_publicize_message":"","jetpack_publicize_feature_enabled":true,"jetpack_social_post_already_shared":true,"jetpack_social_options":{"image_generator_settings":{"template":"highway","default_image_id":0,"font":"","enabled":false},"version":2}},"categories":[15],"tags":[36,40,458,123],"class_list":["post-47192","post","type-post","status-publish","format-standard","has-post-thumbnail","hentry","category-desporto","tag-algarve","tag-desporto","tag-tenis-2","tag-vila-real-de-sto-antonio"],"yoast_head":"<!-- This site is optimized with the Yoast SEO plugin v27.5 - https:\/\/yoast.com\/product\/yoast-seo-wordpress\/ -->\n<title>5.\u00ba Open Internacional de T\u00e9nis de Vila Real de Santo Ant\u00f3nio: Super quarta-feira para recuperar atraso - Algarve 7<\/title>\n<meta name=\"description\" content=\"5.\u00ba Open Internacional de T\u00e9nis de Vila Real de Santo Ant\u00f3nio: Super quarta-feira para recuperar atraso Desporto\" \/>\n<meta name=\"robots\" content=\"index, follow, max-snippet:-1, max-image-preview:large, max-video-preview:-1\" \/>\n<link rel=\"canonical\" href=\"https:\/\/algarve7.pt\/index.php\/2025\/02\/5-o-open-internacional-de-tenis-de-vila-real-de-santo-antonio-super-quarta-feira-para-recuperar-atraso\/desporto\/18\/31\/\" \/>\n<meta property=\"og:locale\" content=\"pt_PT\" \/>\n<meta property=\"og:type\" content=\"article\" \/>\n<meta property=\"og:title\" content=\"5.\u00ba Open Internacional de T\u00e9nis de Vila Real de Santo Ant\u00f3nio: Super quarta-feira para recuperar atraso - Algarve 7\" \/>\n<meta property=\"og:description\" content=\"5.\u00ba Open Internacional de T\u00e9nis de Vila Real de Santo Ant\u00f3nio: Super quarta-feira para recuperar atraso Desporto\" \/>\n<meta property=\"og:url\" content=\"https:\/\/algarve7.pt\/index.php\/2025\/02\/5-o-open-internacional-de-tenis-de-vila-real-de-santo-antonio-super-quarta-feira-para-recuperar-atraso\/desporto\/18\/31\/\" \/>\n<meta property=\"og:site_name\" content=\"Algarve 7\" \/>\n<meta property=\"article:publisher\" content=\"https:\/\/www.facebook.com\/algarve7\" \/>\n<meta property=\"article:author\" content=\"https:\/\/www.facebook.com\/algarve7\" \/>\n<meta property=\"article:published_time\" content=\"2025-02-11T18:31:14+00:00\" \/>\n<meta property=\"article:modified_time\" content=\"2025-02-11T18:31:18+00:00\" \/>\n<meta property=\"og:image\" content=\"https:\/\/algarve7.pt\/wp-content\/uploads\/2025\/02\/Chuva-e-mais-chuva.jpg\" \/>\n\t<meta property=\"og:image:width\" content=\"800\" \/>\n\t<meta property=\"og:image:height\" content=\"500\" \/>\n\t<meta property=\"og:image:type\" content=\"image\/jpeg\" \/>\n<meta name=\"author\" content=\"Algarve 7\" \/>\n<meta name=\"twitter:card\" content=\"summary_large_image\" \/>\n<meta name=\"twitter:creator\" content=\"@Algarvesete\" \/>\n<meta name=\"twitter:site\" content=\"@Algarvesete\" \/>\n<meta name=\"twitter:label1\" content=\"Escrito por\" \/>\n\t<meta name=\"twitter:data1\" content=\"Algarve 7\" \/>\n\t<meta name=\"twitter:label2\" content=\"Tempo estimado de leitura\" \/>\n\t<meta name=\"twitter:data2\" content=\"2 minutos\" \/>\n<script type=\"application\/ld+json\" class=\"yoast-schema-graph\">{\"@context\":\"https:\\\/\\\/schema.org\",\"@graph\":[{\"@type\":\"Article\",\"@id\":\"https:\\\/\\\/algarve7.pt\\\/index.php\\\/2025\\\/02\\\/5-o-open-internacional-de-tenis-de-vila-real-de-santo-antonio-super-quarta-feira-para-recuperar-atraso\\\/desporto\\\/18\\\/31\\\/#article\",\"isPartOf\":{\"@id\":\"https:\\\/\\\/algarve7.pt\\\/index.php\\\/2025\\\/02\\\/5-o-open-internacional-de-tenis-de-vila-real-de-santo-antonio-super-quarta-feira-para-recuperar-atraso\\\/desporto\\\/18\\\/31\\\/\"},\"author\":{\"name\":\"Algarve 7\",\"@id\":\"https:\\\/\\\/algarve7.pt\\\/#\\\/schema\\\/person\\\/23fa70681308e7b319a3204bcea45e0c\"},\"headline\":\"5.\u00ba Open Internacional de T\u00e9nis de Vila Real de Santo Ant\u00f3nio: Super quarta-feira para recuperar atraso\",\"datePublished\":\"2025-02-11T18:31:14+00:00\",\"dateModified\":\"2025-02-11T18:31:18+00:00\",\"mainEntityOfPage\":{\"@id\":\"https:\\\/\\\/algarve7.pt\\\/index.php\\\/2025\\\/02\\\/5-o-open-internacional-de-tenis-de-vila-real-de-santo-antonio-super-quarta-feira-para-recuperar-atraso\\\/desporto\\\/18\\\/31\\\/\"},\"wordCount\":334,\"publisher\":{\"@id\":\"https:\\\/\\\/algarve7.pt\\\/#organization\"},\"image\":{\"@id\":\"https:\\\/\\\/algarve7.pt\\\/index.php\\\/2025\\\/02\\\/5-o-open-internacional-de-tenis-de-vila-real-de-santo-antonio-super-quarta-feira-para-recuperar-atraso\\\/desporto\\\/18\\\/31\\\/#primaryimage\"},\"thumbnailUrl\":\"https:\\\/\\\/algarve7.pt\\\/wp-content\\\/uploads\\\/2025\\\/02\\\/Chuva-e-mais-chuva.jpg\",\"keywords\":[\"Algarve\",\"Desporto\",\"Tenis\",\"Vila Real de St\u00ba Ant\u00f3nio\"],\"articleSection\":[\"Desporto\"],\"inLanguage\":\"pt-PT\"},{\"@type\":\"WebPage\",\"@id\":\"https:\\\/\\\/algarve7.pt\\\/index.php\\\/2025\\\/02\\\/5-o-open-internacional-de-tenis-de-vila-real-de-santo-antonio-super-quarta-feira-para-recuperar-atraso\\\/desporto\\\/18\\\/31\\\/\",\"url\":\"https:\\\/\\\/algarve7.pt\\\/index.php\\\/2025\\\/02\\\/5-o-open-internacional-de-tenis-de-vila-real-de-santo-antonio-super-quarta-feira-para-recuperar-atraso\\\/desporto\\\/18\\\/31\\\/\",\"name\":\"5.\u00ba Open Internacional de T\u00e9nis de Vila Real de Santo Ant\u00f3nio: Super quarta-feira para recuperar atraso - Algarve 7\",\"isPartOf\":{\"@id\":\"https:\\\/\\\/algarve7.pt\\\/#website\"},\"primaryImageOfPage\":{\"@id\":\"https:\\\/\\\/algarve7.pt\\\/index.php\\\/2025\\\/02\\\/5-o-open-internacional-de-tenis-de-vila-real-de-santo-antonio-super-quarta-feira-para-recuperar-atraso\\\/desporto\\\/18\\\/31\\\/#primaryimage\"},\"image\":{\"@id\":\"https:\\\/\\\/algarve7.pt\\\/index.php\\\/2025\\\/02\\\/5-o-open-internacional-de-tenis-de-vila-real-de-santo-antonio-super-quarta-feira-para-recuperar-atraso\\\/desporto\\\/18\\\/31\\\/#primaryimage\"},\"thumbnailUrl\":\"https:\\\/\\\/algarve7.pt\\\/wp-content\\\/uploads\\\/2025\\\/02\\\/Chuva-e-mais-chuva.jpg\",\"datePublished\":\"2025-02-11T18:31:14+00:00\",\"dateModified\":\"2025-02-11T18:31:18+00:00\",\"description\":\"5.\u00ba Open Internacional de T\u00e9nis de Vila Real de Santo Ant\u00f3nio: Super quarta-feira para recuperar atraso Desporto\",\"breadcrumb\":{\"@id\":\"https:\\\/\\\/algarve7.pt\\\/index.php\\\/2025\\\/02\\\/5-o-open-internacional-de-tenis-de-vila-real-de-santo-antonio-super-quarta-feira-para-recuperar-atraso\\\/desporto\\\/18\\\/31\\\/#breadcrumb\"},\"inLanguage\":\"pt-PT\",\"potentialAction\":[{\"@type\":\"ReadAction\",\"target\":[\"https:\\\/\\\/algarve7.pt\\\/index.php\\\/2025\\\/02\\\/5-o-open-internacional-de-tenis-de-vila-real-de-santo-antonio-super-quarta-feira-para-recuperar-atraso\\\/desporto\\\/18\\\/31\\\/\"]}]},{\"@type\":\"ImageObject\",\"inLanguage\":\"pt-PT\",\"@id\":\"https:\\\/\\\/algarve7.pt\\\/index.php\\\/2025\\\/02\\\/5-o-open-internacional-de-tenis-de-vila-real-de-santo-antonio-super-quarta-feira-para-recuperar-atraso\\\/desporto\\\/18\\\/31\\\/#primaryimage\",\"url\":\"https:\\\/\\\/algarve7.pt\\\/wp-content\\\/uploads\\\/2025\\\/02\\\/Chuva-e-mais-chuva.jpg\",\"contentUrl\":\"https:\\\/\\\/algarve7.pt\\\/wp-content\\\/uploads\\\/2025\\\/02\\\/Chuva-e-mais-chuva.jpg\",\"width\":800,\"height\":500},{\"@type\":\"BreadcrumbList\",\"@id\":\"https:\\\/\\\/algarve7.pt\\\/index.php\\\/2025\\\/02\\\/5-o-open-internacional-de-tenis-de-vila-real-de-santo-antonio-super-quarta-feira-para-recuperar-atraso\\\/desporto\\\/18\\\/31\\\/#breadcrumb\",\"itemListElement\":[{\"@type\":\"ListItem\",\"position\":1,\"name\":\"In\u00edcio\",\"item\":\"https:\\\/\\\/algarve7.pt\\\/\"},{\"@type\":\"ListItem\",\"position\":2,\"name\":\"5.\u00ba Open Internacional de T\u00e9nis de Vila Real de Santo Ant\u00f3nio: Super quarta-feira para recuperar atraso\"}]},{\"@type\":\"WebSite\",\"@id\":\"https:\\\/\\\/algarve7.pt\\\/#website\",\"url\":\"https:\\\/\\\/algarve7.pt\\\/\",\"name\":\"Algarve 7\",\"description\":\"Informa\u00e7\u00e3o sobre o Algarve\",\"publisher\":{\"@id\":\"https:\\\/\\\/algarve7.pt\\\/#organization\"},\"potentialAction\":[{\"@type\":\"SearchAction\",\"target\":{\"@type\":\"EntryPoint\",\"urlTemplate\":\"https:\\\/\\\/algarve7.pt\\\/?s={search_term_string}\"},\"query-input\":{\"@type\":\"PropertyValueSpecification\",\"valueRequired\":true,\"valueName\":\"search_term_string\"}}],\"inLanguage\":\"pt-PT\"},{\"@type\":\"Organization\",\"@id\":\"https:\\\/\\\/algarve7.pt\\\/#organization\",\"name\":\"Algarve 7\",\"url\":\"https:\\\/\\\/algarve7.pt\\\/\",\"logo\":{\"@type\":\"ImageObject\",\"inLanguage\":\"pt-PT\",\"@id\":\"https:\\\/\\\/algarve7.pt\\\/#\\\/schema\\\/logo\\\/image\\\/\",\"url\":\"https:\\\/\\\/algarve7.pt\\\/wp-content\\\/uploads\\\/2020\\\/10\\\/Logo-8.jpg\",\"contentUrl\":\"https:\\\/\\\/algarve7.pt\\\/wp-content\\\/uploads\\\/2020\\\/10\\\/Logo-8.jpg\",\"width\":1680,\"height\":1186,\"caption\":\"Algarve 7\"},\"image\":{\"@id\":\"https:\\\/\\\/algarve7.pt\\\/#\\\/schema\\\/logo\\\/image\\\/\"},\"sameAs\":[\"https:\\\/\\\/www.facebook.com\\\/algarve7\",\"https:\\\/\\\/x.com\\\/Algarvesete\",\"https:\\\/\\\/www.instagram.com\\\/jornalalgarve7\\\/\",\"https:\\\/\\\/www.linkedin.com\\\/company\\\/algarve7\",\"https:\\\/\\\/www.pinterest.pt\\\/geral0939\\\/_created\\\/\"]},{\"@type\":\"Person\",\"@id\":\"https:\\\/\\\/algarve7.pt\\\/#\\\/schema\\\/person\\\/23fa70681308e7b319a3204bcea45e0c\",\"name\":\"Algarve 7\",\"sameAs\":[\"https:\\\/\\\/algarve7.pt\",\"https:\\\/\\\/www.facebook.com\\\/algarve7\"],\"url\":\"https:\\\/\\\/algarve7.pt\\\/index.php\\\/author\\\/geralalgarve7-pt\\\/\"}]}<\/script>\n<!-- \/ Yoast SEO plugin. -->","yoast_head_json":{"title":"5.\u00ba Open Internacional de T\u00e9nis de Vila Real de Santo Ant\u00f3nio: Super quarta-feira para recuperar atraso - Algarve 7","description":"5.\u00ba Open Internacional de T\u00e9nis de Vila Real de Santo Ant\u00f3nio: Super quarta-feira para recuperar atraso Desporto","robots":{"index":"index","follow":"follow","max-snippet":"max-snippet:-1","max-image-preview":"max-image-preview:large","max-video-preview":"max-video-preview:-1"},"canonical":"https:\/\/algarve7.pt\/index.php\/2025\/02\/5-o-open-internacional-de-tenis-de-vila-real-de-santo-antonio-super-quarta-feira-para-recuperar-atraso\/desporto\/18\/31\/","og_locale":"pt_PT","og_type":"article","og_title":"5.\u00ba Open Internacional de T\u00e9nis de Vila Real de Santo Ant\u00f3nio: Super quarta-feira para recuperar atraso - Algarve 7","og_description":"5.\u00ba Open Internacional de T\u00e9nis de Vila Real de Santo Ant\u00f3nio: Super quarta-feira para recuperar atraso Desporto","og_url":"https:\/\/algarve7.pt\/index.php\/2025\/02\/5-o-open-internacional-de-tenis-de-vila-real-de-santo-antonio-super-quarta-feira-para-recuperar-atraso\/desporto\/18\/31\/","og_site_name":"Algarve 7","article_publisher":"https:\/\/www.facebook.com\/algarve7","article_author":"https:\/\/www.facebook.com\/algarve7","article_published_time":"2025-02-11T18:31:14+00:00","article_modified_time":"2025-02-11T18:31:18+00:00","og_image":[{"width":800,"height":500,"url":"https:\/\/algarve7.pt\/wp-content\/uploads\/2025\/02\/Chuva-e-mais-chuva.jpg","type":"image\/jpeg"}],"author":"Algarve 7","twitter_card":"summary_large_image","twitter_creator":"@Algarvesete","twitter_site":"@Algarvesete","twitter_misc":{"Escrito por":"Algarve 7","Tempo estimado de leitura":"2 minutos"},"schema":{"@context":"https:\/\/schema.org","@graph":[{"@type":"Article","@id":"https:\/\/algarve7.pt\/index.php\/2025\/02\/5-o-open-internacional-de-tenis-de-vila-real-de-santo-antonio-super-quarta-feira-para-recuperar-atraso\/desporto\/18\/31\/#article","isPartOf":{"@id":"https:\/\/algarve7.pt\/index.php\/2025\/02\/5-o-open-internacional-de-tenis-de-vila-real-de-santo-antonio-super-quarta-feira-para-recuperar-atraso\/desporto\/18\/31\/"},"author":{"name":"Algarve 7","@id":"https:\/\/algarve7.pt\/#\/schema\/person\/23fa70681308e7b319a3204bcea45e0c"},"headline":"5.\u00ba Open Internacional de T\u00e9nis de Vila Real de Santo Ant\u00f3nio: Super quarta-feira para recuperar atraso","datePublished":"2025-02-11T18:31:14+00:00","dateModified":"2025-02-11T18:31:18+00:00","mainEntityOfPage":{"@id":"https:\/\/algarve7.pt\/index.php\/2025\/02\/5-o-open-internacional-de-tenis-de-vila-real-de-santo-antonio-super-quarta-feira-para-recuperar-atraso\/desporto\/18\/31\/"},"wordCount":334,"publisher":{"@id":"https:\/\/algarve7.pt\/#organization"},"image":{"@id":"https:\/\/algarve7.pt\/index.php\/2025\/02\/5-o-open-internacional-de-tenis-de-vila-real-de-santo-antonio-super-quarta-feira-para-recuperar-atraso\/desporto\/18\/31\/#primaryimage"},"thumbnailUrl":"https:\/\/algarve7.pt\/wp-content\/uploads\/2025\/02\/Chuva-e-mais-chuva.jpg","keywords":["Algarve","Desporto","Tenis","Vila Real de St\u00ba Ant\u00f3nio"],"articleSection":["Desporto"],"inLanguage":"pt-PT"},{"@type":"WebPage","@id":"https:\/\/algarve7.pt\/index.php\/2025\/02\/5-o-open-internacional-de-tenis-de-vila-real-de-santo-antonio-super-quarta-feira-para-recuperar-atraso\/desporto\/18\/31\/","url":"https:\/\/algarve7.pt\/index.php\/2025\/02\/5-o-open-internacional-de-tenis-de-vila-real-de-santo-antonio-super-quarta-feira-para-recuperar-atraso\/desporto\/18\/31\/","name":"5.\u00ba Open Internacional de T\u00e9nis de Vila Real de Santo Ant\u00f3nio: Super quarta-feira para recuperar atraso - Algarve 7","isPartOf":{"@id":"https:\/\/algarve7.pt\/#website"},"primaryImageOfPage":{"@id":"https:\/\/algarve7.pt\/index.php\/2025\/02\/5-o-open-internacional-de-tenis-de-vila-real-de-santo-antonio-super-quarta-feira-para-recuperar-atraso\/desporto\/18\/31\/#primaryimage"},"image":{"@id":"https:\/\/algarve7.pt\/index.php\/2025\/02\/5-o-open-internacional-de-tenis-de-vila-real-de-santo-antonio-super-quarta-feira-para-recuperar-atraso\/desporto\/18\/31\/#primaryimage"},"thumbnailUrl":"https:\/\/algarve7.pt\/wp-content\/uploads\/2025\/02\/Chuva-e-mais-chuva.jpg","datePublished":"2025-02-11T18:31:14+00:00","dateModified":"2025-02-11T18:31:18+00:00","description":"5.\u00ba Open Internacional de T\u00e9nis de Vila Real de Santo Ant\u00f3nio: Super quarta-feira para recuperar atraso Desporto","breadcrumb":{"@id":"https:\/\/algarve7.pt\/index.php\/2025\/02\/5-o-open-internacional-de-tenis-de-vila-real-de-santo-antonio-super-quarta-feira-para-recuperar-atraso\/desporto\/18\/31\/#breadcrumb"},"inLanguage":"pt-PT","potentialAction":[{"@type":"ReadAction","target":["https:\/\/algarve7.pt\/index.php\/2025\/02\/5-o-open-internacional-de-tenis-de-vila-real-de-santo-antonio-super-quarta-feira-para-recuperar-atraso\/desporto\/18\/31\/"]}]},{"@type":"ImageObject","inLanguage":"pt-PT","@id":"https:\/\/algarve7.pt\/index.php\/2025\/02\/5-o-open-internacional-de-tenis-de-vila-real-de-santo-antonio-super-quarta-feira-para-recuperar-atraso\/desporto\/18\/31\/#primaryimage","url":"https:\/\/algarve7.pt\/wp-content\/uploads\/2025\/02\/Chuva-e-mais-chuva.jpg","contentUrl":"https:\/\/algarve7.pt\/wp-content\/uploads\/2025\/02\/Chuva-e-mais-chuva.jpg","width":800,"height":500},{"@type":"BreadcrumbList","@id":"https:\/\/algarve7.pt\/index.php\/2025\/02\/5-o-open-internacional-de-tenis-de-vila-real-de-santo-antonio-super-quarta-feira-para-recuperar-atraso\/desporto\/18\/31\/#breadcrumb","itemListElement":[{"@type":"ListItem","position":1,"name":"In\u00edcio","item":"https:\/\/algarve7.pt\/"},{"@type":"ListItem","position":2,"name":"5.\u00ba Open Internacional de T\u00e9nis de Vila Real de Santo Ant\u00f3nio: Super quarta-feira para recuperar atraso"}]},{"@type":"WebSite","@id":"https:\/\/algarve7.pt\/#website","url":"https:\/\/algarve7.pt\/","name":"Algarve 7","description":"Informa\u00e7\u00e3o sobre o Algarve","publisher":{"@id":"https:\/\/algarve7.pt\/#organization"},"potentialAction":[{"@type":"SearchAction","target":{"@type":"EntryPoint","urlTemplate":"https:\/\/algarve7.pt\/?s={search_term_string}"},"query-input":{"@type":"PropertyValueSpecification","valueRequired":true,"valueName":"search_term_string"}}],"inLanguage":"pt-PT"},{"@type":"Organization","@id":"https:\/\/algarve7.pt\/#organization","name":"Algarve 7","url":"https:\/\/algarve7.pt\/","logo":{"@type":"ImageObject","inLanguage":"pt-PT","@id":"https:\/\/algarve7.pt\/#\/schema\/logo\/image\/","url":"https:\/\/algarve7.pt\/wp-content\/uploads\/2020\/10\/Logo-8.jpg","contentUrl":"https:\/\/algarve7.pt\/wp-content\/uploads\/2020\/10\/Logo-8.jpg","width":1680,"height":1186,"caption":"Algarve 7"},"image":{"@id":"https:\/\/algarve7.pt\/#\/schema\/logo\/image\/"},"sameAs":["https:\/\/www.facebook.com\/algarve7","https:\/\/x.com\/Algarvesete","https:\/\/www.instagram.com\/jornalalgarve7\/","https:\/\/www.linkedin.com\/company\/algarve7","https:\/\/www.pinterest.pt\/geral0939\/_created\/"]},{"@type":"Person","@id":"https:\/\/algarve7.pt\/#\/schema\/person\/23fa70681308e7b319a3204bcea45e0c","name":"Algarve 7","sameAs":["https:\/\/algarve7.pt","https:\/\/www.facebook.com\/algarve7"],"url":"https:\/\/algarve7.pt\/index.php\/author\/geralalgarve7-pt\/"}]}},"jetpack_publicize_connections":[],"jetpack_featured_media_url":"https:\/\/algarve7.pt\/wp-content\/uploads\/2025\/02\/Chuva-e-mais-chuva.jpg","jetpack_shortlink":"https:\/\/wp.me\/pcezmW-cha","jetpack_sharing_enabled":true,"_links":{"self":[{"href":"https:\/\/algarve7.pt\/index.php\/wp-json\/wp\/v2\/posts\/47192","targetHints":{"allow":["GET"]}}],"collection":[{"href":"https:\/\/algarve7.pt\/index.php\/wp-json\/wp\/v2\/posts"}],"about":[{"href":"https:\/\/algarve7.pt\/index.php\/wp-json\/wp\/v2\/types\/post"}],"author":[{"embeddable":true,"href":"https:\/\/algarve7.pt\/index.php\/wp-json\/wp\/v2\/users\/1"}],"replies":[{"embeddable":true,"href":"https:\/\/algarve7.pt\/index.php\/wp-json\/wp\/v2\/comments?post=47192"}],"version-history":[{"count":0,"href":"https:\/\/algarve7.pt\/index.php\/wp-json\/wp\/v2\/posts\/47192\/revisions"}],"wp:featuredmedia":[{"embeddable":true,"href":"https:\/\/algarve7.pt\/index.php\/wp-json\/wp\/v2\/media\/47193"}],"wp:attachment":[{"href":"https:\/\/algarve7.pt\/index.php\/wp-json\/wp\/v2\/media?parent=47192"}],"wp:term":[{"taxonomy":"category","embeddable":true,"href":"https:\/\/algarve7.pt\/index.php\/wp-json\/wp\/v2\/categories?post=47192"},{"taxonomy":"post_tag","embeddable":true,"href":"https:\/\/algarve7.pt\/index.php\/wp-json\/wp\/v2\/tags?post=47192"}],"curies":[{"name":"wp","href":"https:\/\/api.w.org\/{rel}","templated":true}]}}