{"id":47189,"date":"2025-02-11T18:24:43","date_gmt":"2025-02-11T18:24:43","guid":{"rendered":"https:\/\/algarve7.pt\/?p=47189"},"modified":"2025-02-11T18:24:45","modified_gmt":"2025-02-11T18:24:45","slug":"projeto-recordar-e-viver-historias-de-uma-vida-oferece-aulas-de-danca-e-expressao-dramatica-a-populacao-senior-de-portimao","status":"publish","type":"post","link":"https:\/\/algarve7.pt\/index.php\/2025\/02\/projeto-recordar-e-viver-historias-de-uma-vida-oferece-aulas-de-danca-e-expressao-dramatica-a-populacao-senior-de-portimao\/cultura\/18\/24\/","title":{"rendered":"Projeto \u201cRecordar \u00e9 Viver \u2013 Hist\u00f3rias de uma Vida\u201d oferece aulas de dan\u00e7a e express\u00e3o dram\u00e1tica \u00e0 popula\u00e7\u00e3o s\u00e9nior de Portim\u00e3o"},"content":{"rendered":"\n<p>A Associa\u00e7\u00e3o Cultural Dancenema, com o apoio do programa ALGARVE 2030 e do Munic\u00edpio de Portim\u00e3o, inicia este m\u00eas o projeto art\u00edstico e comunit\u00e1rio \u201cRecordar \u00e9 Viver \u2013 Hist\u00f3rias de uma Vida\u201d, que tem como principais objetivos a educa\u00e7\u00e3o pela arte, a promo\u00e7\u00e3o da qualidade de vida, a integra\u00e7\u00e3o social, a supera\u00e7\u00e3o de preconceitos e a conex\u00e3o entre diferentes gera\u00e7\u00f5es.<\/p>\n\n\n\n<p>A partir de testemunhos ver\u00eddicos de est\u00f3rias vividas por volunt\u00e1rios seniores, criar-se-\u00e1 um enredo em que ser\u00e3o filmados seis epis\u00f3dios, que ser\u00e3o depois publicados nas redes sociais, e que culminar\u00e3o num espet\u00e1culo de dan\u00e7a, interpretado por tr\u00eas profissionais de dan\u00e7a, com a participa\u00e7\u00e3o da comunidade s\u00e9nior do munic\u00edpio.<\/p>\n\n\n\n<p>O projeto, que ter\u00e1 a dura\u00e7\u00e3o de tr\u00eas anos, inicia-se com uma abordagem junto da comunidade s\u00e9nior, com aulas de movimento e express\u00e3o dram\u00e1tica para esta popula\u00e7\u00e3o. Para 2025, est\u00e3o programadas aulas de dan\u00e7a e express\u00e3o dram\u00e1tica nos lares de idosos do munic\u00edpio, entrevistas e conversas, pesquisa e grava\u00e7\u00e3o dos epis\u00f3dios. Em 2026, para al\u00e9m da continua\u00e7\u00e3o das aulas art\u00edsticas para a comunidade s\u00e9nior, est\u00e1 prevista a cria\u00e7\u00e3o e apresenta\u00e7\u00e3o do espet\u00e1culo e, para 2027, a inten\u00e7\u00e3o ser\u00e1 a circula\u00e7\u00e3o do espet\u00e1culo por outros munic\u00edpios.<\/p>\n\n\n\n<p>Est\u00e3o, para j\u00e1, agendadas duas aulas experimentais: no dia 18 de fevereiro, ser\u00e1 ministrada uma aula de teatro para os utentes da Santa Casa da Miseric\u00f3rdia de Portim\u00e3o, enquanto no dia 20 de fevereiro, ser\u00e3o disponibilizadas aulas abertas de dan\u00e7a (9h30-10h30) e teatro (15h00-16h00), na Casa da Artes.<\/p>\n\n\n\n<p>As inscri\u00e7\u00f5es para as aulas de dia 20 s\u00e3o gratuitas e podem ser feitas atrav\u00e9s do e-mail a.dancenema@hotmail ou pelo telefone 910 805 783.<\/p>\n\n\n\n<p>As atividades ser\u00e3o conduzidas pelas professoras Rita Rodrigues (teatro) e Ana Brito (dan\u00e7a).<\/p>\n","protected":false},"excerpt":{"rendered":"<p>A Associa\u00e7\u00e3o Cultural Dancenema, com o apoio do programa ALGARVE 2030 e do Munic\u00edpio de Portim\u00e3o, inicia este m\u00eas o<\/p>\n","protected":false},"author":1,"featured_media":47190,"comment_status":"closed","ping_status":"closed","sticky":false,"template":"","format":"standard","meta":{"colormag_page_container_layout":"default_layout","colormag_page_sidebar_layout":"default_layout","_monsterinsights_skip_tracking":false,"_monsterinsights_sitenote_active":false,"_monsterinsights_sitenote_note":"","_monsterinsights_sitenote_category":0,"jetpack_post_was_ever_published":false,"_jetpack_newsletter_access":"","_jetpack_dont_email_post_to_subs":false,"_jetpack_newsletter_tier_id":0,"_jetpack_memberships_contains_paywalled_content":false,"_jetpack_memberships_contains_paid_content":false,"footnotes":"","jetpack_publicize_message":"","jetpack_publicize_feature_enabled":true,"jetpack_social_post_already_shared":true,"jetpack_social_options":{"image_generator_settings":{"template":"highway","default_image_id":0,"font":"","enabled":false},"version":2}},"categories":[14],"tags":[36,35,72],"class_list":["post-47189","post","type-post","status-publish","format-standard","has-post-thumbnail","hentry","category-cultura","tag-algarve","tag-cultura","tag-portimao"],"yoast_head":"<!-- This site is optimized with the Yoast SEO plugin v27.5 - https:\/\/yoast.com\/product\/yoast-seo-wordpress\/ -->\n<title>Projeto \u201cRecordar \u00e9 Viver \u2013 Hist\u00f3rias de uma Vida\u201d oferece aulas de dan\u00e7a e express\u00e3o dram\u00e1tica \u00e0 popula\u00e7\u00e3o s\u00e9nior de Portim\u00e3o - Algarve 7<\/title>\n<meta name=\"description\" content=\"Projeto \u201cRecordar \u00e9 Viver \u2013 Hist\u00f3rias de uma Vida\u201d oferece aulas de dan\u00e7a e express\u00e3o dram\u00e1tica \u00e0 popula\u00e7\u00e3o s\u00e9nior de Portim\u00e3o Cultura\" \/>\n<meta name=\"robots\" content=\"index, follow, max-snippet:-1, max-image-preview:large, max-video-preview:-1\" \/>\n<link rel=\"canonical\" href=\"https:\/\/algarve7.pt\/index.php\/2025\/02\/projeto-recordar-e-viver-historias-de-uma-vida-oferece-aulas-de-danca-e-expressao-dramatica-a-populacao-senior-de-portimao\/cultura\/18\/24\/\" \/>\n<meta property=\"og:locale\" content=\"pt_PT\" \/>\n<meta property=\"og:type\" content=\"article\" \/>\n<meta property=\"og:title\" content=\"Projeto \u201cRecordar \u00e9 Viver \u2013 Hist\u00f3rias de uma Vida\u201d oferece aulas de dan\u00e7a e express\u00e3o dram\u00e1tica \u00e0 popula\u00e7\u00e3o s\u00e9nior de Portim\u00e3o - Algarve 7\" \/>\n<meta property=\"og:description\" content=\"Projeto \u201cRecordar \u00e9 Viver \u2013 Hist\u00f3rias de uma Vida\u201d oferece aulas de dan\u00e7a e express\u00e3o dram\u00e1tica \u00e0 popula\u00e7\u00e3o s\u00e9nior de Portim\u00e3o Cultura\" \/>\n<meta property=\"og:url\" content=\"https:\/\/algarve7.pt\/index.php\/2025\/02\/projeto-recordar-e-viver-historias-de-uma-vida-oferece-aulas-de-danca-e-expressao-dramatica-a-populacao-senior-de-portimao\/cultura\/18\/24\/\" \/>\n<meta property=\"og:site_name\" content=\"Algarve 7\" \/>\n<meta property=\"article:publisher\" content=\"https:\/\/www.facebook.com\/algarve7\" \/>\n<meta property=\"article:author\" content=\"https:\/\/www.facebook.com\/algarve7\" \/>\n<meta property=\"article:published_time\" content=\"2025-02-11T18:24:43+00:00\" \/>\n<meta property=\"article:modified_time\" content=\"2025-02-11T18:24:45+00:00\" \/>\n<meta property=\"og:image\" content=\"https:\/\/algarve7.pt\/wp-content\/uploads\/2025\/02\/IMG_9935.jpg\" \/>\n\t<meta property=\"og:image:width\" content=\"800\" \/>\n\t<meta property=\"og:image:height\" content=\"500\" \/>\n\t<meta property=\"og:image:type\" content=\"image\/jpeg\" \/>\n<meta name=\"author\" content=\"Algarve 7\" \/>\n<meta name=\"twitter:card\" content=\"summary_large_image\" \/>\n<meta name=\"twitter:creator\" content=\"@Algarvesete\" \/>\n<meta name=\"twitter:site\" content=\"@Algarvesete\" \/>\n<meta name=\"twitter:label1\" content=\"Escrito por\" \/>\n\t<meta name=\"twitter:data1\" content=\"Algarve 7\" \/>\n\t<meta name=\"twitter:label2\" content=\"Tempo estimado de leitura\" \/>\n\t<meta name=\"twitter:data2\" content=\"2 minutos\" \/>\n<script type=\"application\/ld+json\" class=\"yoast-schema-graph\">{\"@context\":\"https:\\\/\\\/schema.org\",\"@graph\":[{\"@type\":\"Article\",\"@id\":\"https:\\\/\\\/algarve7.pt\\\/index.php\\\/2025\\\/02\\\/projeto-recordar-e-viver-historias-de-uma-vida-oferece-aulas-de-danca-e-expressao-dramatica-a-populacao-senior-de-portimao\\\/cultura\\\/18\\\/24\\\/#article\",\"isPartOf\":{\"@id\":\"https:\\\/\\\/algarve7.pt\\\/index.php\\\/2025\\\/02\\\/projeto-recordar-e-viver-historias-de-uma-vida-oferece-aulas-de-danca-e-expressao-dramatica-a-populacao-senior-de-portimao\\\/cultura\\\/18\\\/24\\\/\"},\"author\":{\"name\":\"Algarve 7\",\"@id\":\"https:\\\/\\\/algarve7.pt\\\/#\\\/schema\\\/person\\\/23fa70681308e7b319a3204bcea45e0c\"},\"headline\":\"Projeto \u201cRecordar \u00e9 Viver \u2013 Hist\u00f3rias de uma Vida\u201d oferece aulas de dan\u00e7a e express\u00e3o dram\u00e1tica \u00e0 popula\u00e7\u00e3o s\u00e9nior de Portim\u00e3o\",\"datePublished\":\"2025-02-11T18:24:43+00:00\",\"dateModified\":\"2025-02-11T18:24:45+00:00\",\"mainEntityOfPage\":{\"@id\":\"https:\\\/\\\/algarve7.pt\\\/index.php\\\/2025\\\/02\\\/projeto-recordar-e-viver-historias-de-uma-vida-oferece-aulas-de-danca-e-expressao-dramatica-a-populacao-senior-de-portimao\\\/cultura\\\/18\\\/24\\\/\"},\"wordCount\":358,\"publisher\":{\"@id\":\"https:\\\/\\\/algarve7.pt\\\/#organization\"},\"image\":{\"@id\":\"https:\\\/\\\/algarve7.pt\\\/index.php\\\/2025\\\/02\\\/projeto-recordar-e-viver-historias-de-uma-vida-oferece-aulas-de-danca-e-expressao-dramatica-a-populacao-senior-de-portimao\\\/cultura\\\/18\\\/24\\\/#primaryimage\"},\"thumbnailUrl\":\"https:\\\/\\\/algarve7.pt\\\/wp-content\\\/uploads\\\/2025\\\/02\\\/IMG_9935.jpg\",\"keywords\":[\"Algarve\",\"Cultura\",\"Portim\u00e3o\"],\"articleSection\":[\"Cultura\"],\"inLanguage\":\"pt-PT\"},{\"@type\":\"WebPage\",\"@id\":\"https:\\\/\\\/algarve7.pt\\\/index.php\\\/2025\\\/02\\\/projeto-recordar-e-viver-historias-de-uma-vida-oferece-aulas-de-danca-e-expressao-dramatica-a-populacao-senior-de-portimao\\\/cultura\\\/18\\\/24\\\/\",\"url\":\"https:\\\/\\\/algarve7.pt\\\/index.php\\\/2025\\\/02\\\/projeto-recordar-e-viver-historias-de-uma-vida-oferece-aulas-de-danca-e-expressao-dramatica-a-populacao-senior-de-portimao\\\/cultura\\\/18\\\/24\\\/\",\"name\":\"Projeto \u201cRecordar \u00e9 Viver \u2013 Hist\u00f3rias de uma Vida\u201d oferece aulas de dan\u00e7a e express\u00e3o dram\u00e1tica \u00e0 popula\u00e7\u00e3o s\u00e9nior de Portim\u00e3o - Algarve 7\",\"isPartOf\":{\"@id\":\"https:\\\/\\\/algarve7.pt\\\/#website\"},\"primaryImageOfPage\":{\"@id\":\"https:\\\/\\\/algarve7.pt\\\/index.php\\\/2025\\\/02\\\/projeto-recordar-e-viver-historias-de-uma-vida-oferece-aulas-de-danca-e-expressao-dramatica-a-populacao-senior-de-portimao\\\/cultura\\\/18\\\/24\\\/#primaryimage\"},\"image\":{\"@id\":\"https:\\\/\\\/algarve7.pt\\\/index.php\\\/2025\\\/02\\\/projeto-recordar-e-viver-historias-de-uma-vida-oferece-aulas-de-danca-e-expressao-dramatica-a-populacao-senior-de-portimao\\\/cultura\\\/18\\\/24\\\/#primaryimage\"},\"thumbnailUrl\":\"https:\\\/\\\/algarve7.pt\\\/wp-content\\\/uploads\\\/2025\\\/02\\\/IMG_9935.jpg\",\"datePublished\":\"2025-02-11T18:24:43+00:00\",\"dateModified\":\"2025-02-11T18:24:45+00:00\",\"description\":\"Projeto \u201cRecordar \u00e9 Viver \u2013 Hist\u00f3rias de uma Vida\u201d oferece aulas de dan\u00e7a e express\u00e3o dram\u00e1tica \u00e0 popula\u00e7\u00e3o s\u00e9nior de Portim\u00e3o Cultura\",\"breadcrumb\":{\"@id\":\"https:\\\/\\\/algarve7.pt\\\/index.php\\\/2025\\\/02\\\/projeto-recordar-e-viver-historias-de-uma-vida-oferece-aulas-de-danca-e-expressao-dramatica-a-populacao-senior-de-portimao\\\/cultura\\\/18\\\/24\\\/#breadcrumb\"},\"inLanguage\":\"pt-PT\",\"potentialAction\":[{\"@type\":\"ReadAction\",\"target\":[\"https:\\\/\\\/algarve7.pt\\\/index.php\\\/2025\\\/02\\\/projeto-recordar-e-viver-historias-de-uma-vida-oferece-aulas-de-danca-e-expressao-dramatica-a-populacao-senior-de-portimao\\\/cultura\\\/18\\\/24\\\/\"]}]},{\"@type\":\"ImageObject\",\"inLanguage\":\"pt-PT\",\"@id\":\"https:\\\/\\\/algarve7.pt\\\/index.php\\\/2025\\\/02\\\/projeto-recordar-e-viver-historias-de-uma-vida-oferece-aulas-de-danca-e-expressao-dramatica-a-populacao-senior-de-portimao\\\/cultura\\\/18\\\/24\\\/#primaryimage\",\"url\":\"https:\\\/\\\/algarve7.pt\\\/wp-content\\\/uploads\\\/2025\\\/02\\\/IMG_9935.jpg\",\"contentUrl\":\"https:\\\/\\\/algarve7.pt\\\/wp-content\\\/uploads\\\/2025\\\/02\\\/IMG_9935.jpg\",\"width\":800,\"height\":500},{\"@type\":\"BreadcrumbList\",\"@id\":\"https:\\\/\\\/algarve7.pt\\\/index.php\\\/2025\\\/02\\\/projeto-recordar-e-viver-historias-de-uma-vida-oferece-aulas-de-danca-e-expressao-dramatica-a-populacao-senior-de-portimao\\\/cultura\\\/18\\\/24\\\/#breadcrumb\",\"itemListElement\":[{\"@type\":\"ListItem\",\"position\":1,\"name\":\"In\u00edcio\",\"item\":\"https:\\\/\\\/algarve7.pt\\\/\"},{\"@type\":\"ListItem\",\"position\":2,\"name\":\"Projeto \u201cRecordar \u00e9 Viver \u2013 Hist\u00f3rias de uma Vida\u201d oferece aulas de dan\u00e7a e express\u00e3o dram\u00e1tica \u00e0 popula\u00e7\u00e3o s\u00e9nior de Portim\u00e3o\"}]},{\"@type\":\"WebSite\",\"@id\":\"https:\\\/\\\/algarve7.pt\\\/#website\",\"url\":\"https:\\\/\\\/algarve7.pt\\\/\",\"name\":\"Algarve 7\",\"description\":\"Informa\u00e7\u00e3o sobre o Algarve\",\"publisher\":{\"@id\":\"https:\\\/\\\/algarve7.pt\\\/#organization\"},\"potentialAction\":[{\"@type\":\"SearchAction\",\"target\":{\"@type\":\"EntryPoint\",\"urlTemplate\":\"https:\\\/\\\/algarve7.pt\\\/?s={search_term_string}\"},\"query-input\":{\"@type\":\"PropertyValueSpecification\",\"valueRequired\":true,\"valueName\":\"search_term_string\"}}],\"inLanguage\":\"pt-PT\"},{\"@type\":\"Organization\",\"@id\":\"https:\\\/\\\/algarve7.pt\\\/#organization\",\"name\":\"Algarve 7\",\"url\":\"https:\\\/\\\/algarve7.pt\\\/\",\"logo\":{\"@type\":\"ImageObject\",\"inLanguage\":\"pt-PT\",\"@id\":\"https:\\\/\\\/algarve7.pt\\\/#\\\/schema\\\/logo\\\/image\\\/\",\"url\":\"https:\\\/\\\/algarve7.pt\\\/wp-content\\\/uploads\\\/2020\\\/10\\\/Logo-8.jpg\",\"contentUrl\":\"https:\\\/\\\/algarve7.pt\\\/wp-content\\\/uploads\\\/2020\\\/10\\\/Logo-8.jpg\",\"width\":1680,\"height\":1186,\"caption\":\"Algarve 7\"},\"image\":{\"@id\":\"https:\\\/\\\/algarve7.pt\\\/#\\\/schema\\\/logo\\\/image\\\/\"},\"sameAs\":[\"https:\\\/\\\/www.facebook.com\\\/algarve7\",\"https:\\\/\\\/x.com\\\/Algarvesete\",\"https:\\\/\\\/www.instagram.com\\\/jornalalgarve7\\\/\",\"https:\\\/\\\/www.linkedin.com\\\/company\\\/algarve7\",\"https:\\\/\\\/www.pinterest.pt\\\/geral0939\\\/_created\\\/\"]},{\"@type\":\"Person\",\"@id\":\"https:\\\/\\\/algarve7.pt\\\/#\\\/schema\\\/person\\\/23fa70681308e7b319a3204bcea45e0c\",\"name\":\"Algarve 7\",\"sameAs\":[\"https:\\\/\\\/algarve7.pt\",\"https:\\\/\\\/www.facebook.com\\\/algarve7\"],\"url\":\"https:\\\/\\\/algarve7.pt\\\/index.php\\\/author\\\/geralalgarve7-pt\\\/\"}]}<\/script>\n<!-- \/ Yoast SEO plugin. -->","yoast_head_json":{"title":"Projeto \u201cRecordar \u00e9 Viver \u2013 Hist\u00f3rias de uma Vida\u201d oferece aulas de dan\u00e7a e express\u00e3o dram\u00e1tica \u00e0 popula\u00e7\u00e3o s\u00e9nior de Portim\u00e3o - Algarve 7","description":"Projeto \u201cRecordar \u00e9 Viver \u2013 Hist\u00f3rias de uma Vida\u201d oferece aulas de dan\u00e7a e express\u00e3o dram\u00e1tica \u00e0 popula\u00e7\u00e3o s\u00e9nior de Portim\u00e3o Cultura","robots":{"index":"index","follow":"follow","max-snippet":"max-snippet:-1","max-image-preview":"max-image-preview:large","max-video-preview":"max-video-preview:-1"},"canonical":"https:\/\/algarve7.pt\/index.php\/2025\/02\/projeto-recordar-e-viver-historias-de-uma-vida-oferece-aulas-de-danca-e-expressao-dramatica-a-populacao-senior-de-portimao\/cultura\/18\/24\/","og_locale":"pt_PT","og_type":"article","og_title":"Projeto \u201cRecordar \u00e9 Viver \u2013 Hist\u00f3rias de uma Vida\u201d oferece aulas de dan\u00e7a e express\u00e3o dram\u00e1tica \u00e0 popula\u00e7\u00e3o s\u00e9nior de Portim\u00e3o - Algarve 7","og_description":"Projeto \u201cRecordar \u00e9 Viver \u2013 Hist\u00f3rias de uma Vida\u201d oferece aulas de dan\u00e7a e express\u00e3o dram\u00e1tica \u00e0 popula\u00e7\u00e3o s\u00e9nior de Portim\u00e3o Cultura","og_url":"https:\/\/algarve7.pt\/index.php\/2025\/02\/projeto-recordar-e-viver-historias-de-uma-vida-oferece-aulas-de-danca-e-expressao-dramatica-a-populacao-senior-de-portimao\/cultura\/18\/24\/","og_site_name":"Algarve 7","article_publisher":"https:\/\/www.facebook.com\/algarve7","article_author":"https:\/\/www.facebook.com\/algarve7","article_published_time":"2025-02-11T18:24:43+00:00","article_modified_time":"2025-02-11T18:24:45+00:00","og_image":[{"width":800,"height":500,"url":"https:\/\/algarve7.pt\/wp-content\/uploads\/2025\/02\/IMG_9935.jpg","type":"image\/jpeg"}],"author":"Algarve 7","twitter_card":"summary_large_image","twitter_creator":"@Algarvesete","twitter_site":"@Algarvesete","twitter_misc":{"Escrito por":"Algarve 7","Tempo estimado de leitura":"2 minutos"},"schema":{"@context":"https:\/\/schema.org","@graph":[{"@type":"Article","@id":"https:\/\/algarve7.pt\/index.php\/2025\/02\/projeto-recordar-e-viver-historias-de-uma-vida-oferece-aulas-de-danca-e-expressao-dramatica-a-populacao-senior-de-portimao\/cultura\/18\/24\/#article","isPartOf":{"@id":"https:\/\/algarve7.pt\/index.php\/2025\/02\/projeto-recordar-e-viver-historias-de-uma-vida-oferece-aulas-de-danca-e-expressao-dramatica-a-populacao-senior-de-portimao\/cultura\/18\/24\/"},"author":{"name":"Algarve 7","@id":"https:\/\/algarve7.pt\/#\/schema\/person\/23fa70681308e7b319a3204bcea45e0c"},"headline":"Projeto \u201cRecordar \u00e9 Viver \u2013 Hist\u00f3rias de uma Vida\u201d oferece aulas de dan\u00e7a e express\u00e3o dram\u00e1tica \u00e0 popula\u00e7\u00e3o s\u00e9nior de Portim\u00e3o","datePublished":"2025-02-11T18:24:43+00:00","dateModified":"2025-02-11T18:24:45+00:00","mainEntityOfPage":{"@id":"https:\/\/algarve7.pt\/index.php\/2025\/02\/projeto-recordar-e-viver-historias-de-uma-vida-oferece-aulas-de-danca-e-expressao-dramatica-a-populacao-senior-de-portimao\/cultura\/18\/24\/"},"wordCount":358,"publisher":{"@id":"https:\/\/algarve7.pt\/#organization"},"image":{"@id":"https:\/\/algarve7.pt\/index.php\/2025\/02\/projeto-recordar-e-viver-historias-de-uma-vida-oferece-aulas-de-danca-e-expressao-dramatica-a-populacao-senior-de-portimao\/cultura\/18\/24\/#primaryimage"},"thumbnailUrl":"https:\/\/algarve7.pt\/wp-content\/uploads\/2025\/02\/IMG_9935.jpg","keywords":["Algarve","Cultura","Portim\u00e3o"],"articleSection":["Cultura"],"inLanguage":"pt-PT"},{"@type":"WebPage","@id":"https:\/\/algarve7.pt\/index.php\/2025\/02\/projeto-recordar-e-viver-historias-de-uma-vida-oferece-aulas-de-danca-e-expressao-dramatica-a-populacao-senior-de-portimao\/cultura\/18\/24\/","url":"https:\/\/algarve7.pt\/index.php\/2025\/02\/projeto-recordar-e-viver-historias-de-uma-vida-oferece-aulas-de-danca-e-expressao-dramatica-a-populacao-senior-de-portimao\/cultura\/18\/24\/","name":"Projeto \u201cRecordar \u00e9 Viver \u2013 Hist\u00f3rias de uma Vida\u201d oferece aulas de dan\u00e7a e express\u00e3o dram\u00e1tica \u00e0 popula\u00e7\u00e3o s\u00e9nior de Portim\u00e3o - Algarve 7","isPartOf":{"@id":"https:\/\/algarve7.pt\/#website"},"primaryImageOfPage":{"@id":"https:\/\/algarve7.pt\/index.php\/2025\/02\/projeto-recordar-e-viver-historias-de-uma-vida-oferece-aulas-de-danca-e-expressao-dramatica-a-populacao-senior-de-portimao\/cultura\/18\/24\/#primaryimage"},"image":{"@id":"https:\/\/algarve7.pt\/index.php\/2025\/02\/projeto-recordar-e-viver-historias-de-uma-vida-oferece-aulas-de-danca-e-expressao-dramatica-a-populacao-senior-de-portimao\/cultura\/18\/24\/#primaryimage"},"thumbnailUrl":"https:\/\/algarve7.pt\/wp-content\/uploads\/2025\/02\/IMG_9935.jpg","datePublished":"2025-02-11T18:24:43+00:00","dateModified":"2025-02-11T18:24:45+00:00","description":"Projeto \u201cRecordar \u00e9 Viver \u2013 Hist\u00f3rias de uma Vida\u201d oferece aulas de dan\u00e7a e express\u00e3o dram\u00e1tica \u00e0 popula\u00e7\u00e3o s\u00e9nior de Portim\u00e3o Cultura","breadcrumb":{"@id":"https:\/\/algarve7.pt\/index.php\/2025\/02\/projeto-recordar-e-viver-historias-de-uma-vida-oferece-aulas-de-danca-e-expressao-dramatica-a-populacao-senior-de-portimao\/cultura\/18\/24\/#breadcrumb"},"inLanguage":"pt-PT","potentialAction":[{"@type":"ReadAction","target":["https:\/\/algarve7.pt\/index.php\/2025\/02\/projeto-recordar-e-viver-historias-de-uma-vida-oferece-aulas-de-danca-e-expressao-dramatica-a-populacao-senior-de-portimao\/cultura\/18\/24\/"]}]},{"@type":"ImageObject","inLanguage":"pt-PT","@id":"https:\/\/algarve7.pt\/index.php\/2025\/02\/projeto-recordar-e-viver-historias-de-uma-vida-oferece-aulas-de-danca-e-expressao-dramatica-a-populacao-senior-de-portimao\/cultura\/18\/24\/#primaryimage","url":"https:\/\/algarve7.pt\/wp-content\/uploads\/2025\/02\/IMG_9935.jpg","contentUrl":"https:\/\/algarve7.pt\/wp-content\/uploads\/2025\/02\/IMG_9935.jpg","width":800,"height":500},{"@type":"BreadcrumbList","@id":"https:\/\/algarve7.pt\/index.php\/2025\/02\/projeto-recordar-e-viver-historias-de-uma-vida-oferece-aulas-de-danca-e-expressao-dramatica-a-populacao-senior-de-portimao\/cultura\/18\/24\/#breadcrumb","itemListElement":[{"@type":"ListItem","position":1,"name":"In\u00edcio","item":"https:\/\/algarve7.pt\/"},{"@type":"ListItem","position":2,"name":"Projeto \u201cRecordar \u00e9 Viver \u2013 Hist\u00f3rias de uma Vida\u201d oferece aulas de dan\u00e7a e express\u00e3o dram\u00e1tica \u00e0 popula\u00e7\u00e3o s\u00e9nior de Portim\u00e3o"}]},{"@type":"WebSite","@id":"https:\/\/algarve7.pt\/#website","url":"https:\/\/algarve7.pt\/","name":"Algarve 7","description":"Informa\u00e7\u00e3o sobre o Algarve","publisher":{"@id":"https:\/\/algarve7.pt\/#organization"},"potentialAction":[{"@type":"SearchAction","target":{"@type":"EntryPoint","urlTemplate":"https:\/\/algarve7.pt\/?s={search_term_string}"},"query-input":{"@type":"PropertyValueSpecification","valueRequired":true,"valueName":"search_term_string"}}],"inLanguage":"pt-PT"},{"@type":"Organization","@id":"https:\/\/algarve7.pt\/#organization","name":"Algarve 7","url":"https:\/\/algarve7.pt\/","logo":{"@type":"ImageObject","inLanguage":"pt-PT","@id":"https:\/\/algarve7.pt\/#\/schema\/logo\/image\/","url":"https:\/\/algarve7.pt\/wp-content\/uploads\/2020\/10\/Logo-8.jpg","contentUrl":"https:\/\/algarve7.pt\/wp-content\/uploads\/2020\/10\/Logo-8.jpg","width":1680,"height":1186,"caption":"Algarve 7"},"image":{"@id":"https:\/\/algarve7.pt\/#\/schema\/logo\/image\/"},"sameAs":["https:\/\/www.facebook.com\/algarve7","https:\/\/x.com\/Algarvesete","https:\/\/www.instagram.com\/jornalalgarve7\/","https:\/\/www.linkedin.com\/company\/algarve7","https:\/\/www.pinterest.pt\/geral0939\/_created\/"]},{"@type":"Person","@id":"https:\/\/algarve7.pt\/#\/schema\/person\/23fa70681308e7b319a3204bcea45e0c","name":"Algarve 7","sameAs":["https:\/\/algarve7.pt","https:\/\/www.facebook.com\/algarve7"],"url":"https:\/\/algarve7.pt\/index.php\/author\/geralalgarve7-pt\/"}]}},"jetpack_publicize_connections":[],"jetpack_featured_media_url":"https:\/\/algarve7.pt\/wp-content\/uploads\/2025\/02\/IMG_9935.jpg","jetpack_shortlink":"https:\/\/wp.me\/pcezmW-ch7","jetpack_sharing_enabled":true,"_links":{"self":[{"href":"https:\/\/algarve7.pt\/index.php\/wp-json\/wp\/v2\/posts\/47189","targetHints":{"allow":["GET"]}}],"collection":[{"href":"https:\/\/algarve7.pt\/index.php\/wp-json\/wp\/v2\/posts"}],"about":[{"href":"https:\/\/algarve7.pt\/index.php\/wp-json\/wp\/v2\/types\/post"}],"author":[{"embeddable":true,"href":"https:\/\/algarve7.pt\/index.php\/wp-json\/wp\/v2\/users\/1"}],"replies":[{"embeddable":true,"href":"https:\/\/algarve7.pt\/index.php\/wp-json\/wp\/v2\/comments?post=47189"}],"version-history":[{"count":0,"href":"https:\/\/algarve7.pt\/index.php\/wp-json\/wp\/v2\/posts\/47189\/revisions"}],"wp:featuredmedia":[{"embeddable":true,"href":"https:\/\/algarve7.pt\/index.php\/wp-json\/wp\/v2\/media\/47190"}],"wp:attachment":[{"href":"https:\/\/algarve7.pt\/index.php\/wp-json\/wp\/v2\/media?parent=47189"}],"wp:term":[{"taxonomy":"category","embeddable":true,"href":"https:\/\/algarve7.pt\/index.php\/wp-json\/wp\/v2\/categories?post=47189"},{"taxonomy":"post_tag","embeddable":true,"href":"https:\/\/algarve7.pt\/index.php\/wp-json\/wp\/v2\/tags?post=47189"}],"curies":[{"name":"wp","href":"https:\/\/api.w.org\/{rel}","templated":true}]}}