{"id":47186,"date":"2025-02-11T11:53:26","date_gmt":"2025-02-11T11:53:26","guid":{"rendered":"https:\/\/algarve7.pt\/?p=47186"},"modified":"2025-02-11T11:53:28","modified_gmt":"2025-02-11T11:53:28","slug":"biblioteca-municipal-lidia-jorge-acolhe-apresentacao-de-livro-de-margarida-guilherme","status":"publish","type":"post","link":"https:\/\/algarve7.pt\/index.php\/2025\/02\/biblioteca-municipal-lidia-jorge-acolhe-apresentacao-de-livro-de-margarida-guilherme\/cultura\/11\/53\/","title":{"rendered":"Biblioteca municipal L\u00eddia Jorge acolhe apresenta\u00e7\u00e3o de livro de Margarida Guilherme"},"content":{"rendered":"\n<p>Ao in\u00edcio da tarde de s\u00e1bado, dia 15, a Biblioteca Municipal de Albufeira L\u00eddia Jorge acolhe a apresenta\u00e7\u00e3o do livro &#8220;A F\u00e1brica de Corpos D\u00f3ceis&#8221;, de Margarida Guilherme, natural de Paderne, e cujo lan\u00e7amento ocorreu em novembro do ano passado na Funda\u00e7\u00e3o Jos\u00e9 Saramago, em Lisboa.&nbsp;<\/p>\n\n\n\n<p>Segundo a autora, doutorada em Estudos de Cultura, este livro resulta do testemunho liter\u00e1rio de quem vivenciou o per\u00edodo ditatorial ib\u00e9rico do s\u00e9c. XX, conduzindo o leitor \u201cpara dentro das pris\u00f5es ditatoriais dos regimes de Franco e de Salazar, e tamb\u00e9m para as salas de interrogat\u00f3rio e para as salas de audi\u00eancia dos tribunais. Mostra-nos o encarceramento, a priva\u00e7\u00e3o, a censura, o julgamento, a tortura, isto \u00e9, os mecanismos usados para construir aquilo que aqui se chama o m\u00e9todo burocr\u00e1tico de dociliza\u00e7\u00e3o dos dominados\u201d. \u201cOs discursos ditatoriais desse tempo\u201d, refere ainda a autora, \u201cconstru\u00edram o aparelho burocr\u00e1tico ideal para levar a cabo a repress\u00e3o de grupos de seres humanos dominados, a doutrina\u00e7\u00e3o de agentes da domina\u00e7\u00e3o e a consequente desumaniza\u00e7\u00e3o de ambos \u2014 dominados e dominantes \u2014 dentro de uma engrenagem equiparada \u00e0 de uma f\u00e1brica.\u201d<\/p>\n\n\n\n<p>Na contracapa do livro l\u00ea-se ainda: \u201cTortura do sono, tortura da est\u00e1tua, queimaduras, espancamentos, desterro, encarceramento durante d\u00e9cadas e\/ou at\u00e9 \u00e0 morte? Puni\u00e7\u00f5es por parte do exacerbado poder mon\u00e1rquico medieval?, pensar\u00edamos n\u00f3s. N\u00e3o, s\u00e3o dos nossos tempos, do s\u00e9culo em que nasceram os nossos pais e muitos de n\u00f3s. Num tempo como aquele em que vivemos, em que nos poder\u00edamos acomodar numa ideia de um status quo quase pr\u00edstina, e por detr\u00e1s de um olhar lavado por ilus\u00f5es, inebriado por um passado isento de viol\u00eancia pol\u00edtica, este \u00e9 um texto que vem desajustar os nossos pensamentos arrumados sob uma capa de poeira raramente soprada, que lan\u00e7a alguma luz sobre um tempo semi-esquecido, n\u00e3o t\u00e3o long\u00ednquo ainda. Fala-nos da constru\u00e7\u00e3o da mem\u00f3ria de um passado camuflado, da ilogicidade aberrante do uso da viol\u00eancia, da necessidade de dignifica\u00e7\u00e3o do ser humano, da urg\u00eancia de conhecer um passado que importa n\u00e3o repetir no presente e no futuro.\u201d<\/p>\n\n\n\n<p>A apresenta\u00e7\u00e3o est\u00e1 marcada para as 14h00, na sala polivalente da Biblioteca e est\u00e1 a cargo de Manuel Frias Martins, Professor de Literaturas e Culturas da Faculdade de Letras da Universidade de Lisboa, bem como da autora, havendo ainda um momento musical com a fadista Raquel Peters.&nbsp;<\/p>\n\n\n\n<p>Margarida Guilherme \u00e9 docente do ensino superior desde 2009, investigadora do CLEPUL (Centro de Literaturas e Culturas Lus\u00f3fonas e Europeias da Faculdade de Letras da Universidade de Lisboa) e foi a fundadora do ISTA &#8211; Instituto de Artes e Letras de Albufeira, em 1996, onde \u00e9 atualmente respons\u00e1vel pela dire\u00e7\u00e3o pedag\u00f3gica, al\u00e9m de professora de l\u00ednguas e de m\u00fasica.&nbsp;<\/p>\n\n\n\n<p>O valor da venda dos livros que cabe \u00e0 autora ser\u00e1 entregue \u00e0 AVVAZ \u2013 Comunidade Internacional de Mobiliza\u00e7\u00e3o Online, defensora dos Direitos Humanos.<\/p>\n","protected":false},"excerpt":{"rendered":"<p>Ao in\u00edcio da tarde de s\u00e1bado, dia 15, a Biblioteca Municipal de Albufeira L\u00eddia Jorge acolhe a apresenta\u00e7\u00e3o do livro<\/p>\n","protected":false},"author":1,"featured_media":47187,"comment_status":"closed","ping_status":"closed","sticky":false,"template":"","format":"standard","meta":{"colormag_page_container_layout":"default_layout","colormag_page_sidebar_layout":"default_layout","_monsterinsights_skip_tracking":false,"_monsterinsights_sitenote_active":false,"_monsterinsights_sitenote_note":"","_monsterinsights_sitenote_category":0,"jetpack_post_was_ever_published":false,"_jetpack_newsletter_access":"","_jetpack_dont_email_post_to_subs":false,"_jetpack_newsletter_tier_id":0,"_jetpack_memberships_contains_paywalled_content":false,"_jetpack_memberships_contains_paid_content":false,"footnotes":"","jetpack_publicize_message":"","jetpack_publicize_feature_enabled":true,"jetpack_social_post_already_shared":true,"jetpack_social_options":{"image_generator_settings":{"template":"highway","default_image_id":0,"font":"","enabled":false},"version":2}},"categories":[14],"tags":[155,36,35],"class_list":["post-47186","post","type-post","status-publish","format-standard","has-post-thumbnail","hentry","category-cultura","tag-albufeira","tag-algarve","tag-cultura"],"yoast_head":"<!-- This site is optimized with the Yoast SEO plugin v27.5 - https:\/\/yoast.com\/product\/yoast-seo-wordpress\/ -->\n<title>Biblioteca municipal L\u00eddia Jorge acolhe apresenta\u00e7\u00e3o de livro de Margarida Guilherme - Algarve 7<\/title>\n<meta name=\"description\" content=\"Biblioteca municipal L\u00eddia Jorge acolhe apresenta\u00e7\u00e3o de livro de Margarida Guilherme Cultura\" \/>\n<meta name=\"robots\" content=\"index, follow, max-snippet:-1, max-image-preview:large, max-video-preview:-1\" \/>\n<link rel=\"canonical\" href=\"https:\/\/algarve7.pt\/index.php\/2025\/02\/biblioteca-municipal-lidia-jorge-acolhe-apresentacao-de-livro-de-margarida-guilherme\/cultura\/11\/53\/\" \/>\n<meta property=\"og:locale\" content=\"pt_PT\" \/>\n<meta property=\"og:type\" content=\"article\" \/>\n<meta property=\"og:title\" content=\"Biblioteca municipal L\u00eddia Jorge acolhe apresenta\u00e7\u00e3o de livro de Margarida Guilherme - Algarve 7\" \/>\n<meta property=\"og:description\" content=\"Biblioteca municipal L\u00eddia Jorge acolhe apresenta\u00e7\u00e3o de livro de Margarida Guilherme Cultura\" \/>\n<meta property=\"og:url\" content=\"https:\/\/algarve7.pt\/index.php\/2025\/02\/biblioteca-municipal-lidia-jorge-acolhe-apresentacao-de-livro-de-margarida-guilherme\/cultura\/11\/53\/\" \/>\n<meta property=\"og:site_name\" content=\"Algarve 7\" \/>\n<meta property=\"article:publisher\" content=\"https:\/\/www.facebook.com\/algarve7\" \/>\n<meta property=\"article:author\" content=\"https:\/\/www.facebook.com\/algarve7\" \/>\n<meta property=\"article:published_time\" content=\"2025-02-11T11:53:26+00:00\" \/>\n<meta property=\"article:modified_time\" content=\"2025-02-11T11:53:28+00:00\" \/>\n<meta property=\"og:image\" content=\"https:\/\/algarve7.pt\/wp-content\/uploads\/2025\/02\/Captura-de-ecra-2025-02-11-as-11.50.33.png\" \/>\n\t<meta property=\"og:image:width\" content=\"800\" \/>\n\t<meta property=\"og:image:height\" content=\"500\" \/>\n\t<meta property=\"og:image:type\" content=\"image\/png\" \/>\n<meta name=\"author\" content=\"Algarve 7\" \/>\n<meta name=\"twitter:card\" content=\"summary_large_image\" \/>\n<meta name=\"twitter:creator\" content=\"@Algarvesete\" \/>\n<meta name=\"twitter:site\" content=\"@Algarvesete\" \/>\n<meta name=\"twitter:label1\" content=\"Escrito por\" \/>\n\t<meta name=\"twitter:data1\" content=\"Algarve 7\" \/>\n\t<meta name=\"twitter:label2\" content=\"Tempo estimado de leitura\" \/>\n\t<meta name=\"twitter:data2\" content=\"3 minutos\" \/>\n<script type=\"application\/ld+json\" class=\"yoast-schema-graph\">{\"@context\":\"https:\\\/\\\/schema.org\",\"@graph\":[{\"@type\":\"Article\",\"@id\":\"https:\\\/\\\/algarve7.pt\\\/index.php\\\/2025\\\/02\\\/biblioteca-municipal-lidia-jorge-acolhe-apresentacao-de-livro-de-margarida-guilherme\\\/cultura\\\/11\\\/53\\\/#article\",\"isPartOf\":{\"@id\":\"https:\\\/\\\/algarve7.pt\\\/index.php\\\/2025\\\/02\\\/biblioteca-municipal-lidia-jorge-acolhe-apresentacao-de-livro-de-margarida-guilherme\\\/cultura\\\/11\\\/53\\\/\"},\"author\":{\"name\":\"Algarve 7\",\"@id\":\"https:\\\/\\\/algarve7.pt\\\/#\\\/schema\\\/person\\\/23fa70681308e7b319a3204bcea45e0c\"},\"headline\":\"Biblioteca municipal L\u00eddia Jorge acolhe apresenta\u00e7\u00e3o de livro de Margarida Guilherme\",\"datePublished\":\"2025-02-11T11:53:26+00:00\",\"dateModified\":\"2025-02-11T11:53:28+00:00\",\"mainEntityOfPage\":{\"@id\":\"https:\\\/\\\/algarve7.pt\\\/index.php\\\/2025\\\/02\\\/biblioteca-municipal-lidia-jorge-acolhe-apresentacao-de-livro-de-margarida-guilherme\\\/cultura\\\/11\\\/53\\\/\"},\"wordCount\":532,\"publisher\":{\"@id\":\"https:\\\/\\\/algarve7.pt\\\/#organization\"},\"image\":{\"@id\":\"https:\\\/\\\/algarve7.pt\\\/index.php\\\/2025\\\/02\\\/biblioteca-municipal-lidia-jorge-acolhe-apresentacao-de-livro-de-margarida-guilherme\\\/cultura\\\/11\\\/53\\\/#primaryimage\"},\"thumbnailUrl\":\"https:\\\/\\\/algarve7.pt\\\/wp-content\\\/uploads\\\/2025\\\/02\\\/Captura-de-ecra-2025-02-11-as-11.50.33.png\",\"keywords\":[\"Albufeira\",\"Algarve\",\"Cultura\"],\"articleSection\":[\"Cultura\"],\"inLanguage\":\"pt-PT\"},{\"@type\":\"WebPage\",\"@id\":\"https:\\\/\\\/algarve7.pt\\\/index.php\\\/2025\\\/02\\\/biblioteca-municipal-lidia-jorge-acolhe-apresentacao-de-livro-de-margarida-guilherme\\\/cultura\\\/11\\\/53\\\/\",\"url\":\"https:\\\/\\\/algarve7.pt\\\/index.php\\\/2025\\\/02\\\/biblioteca-municipal-lidia-jorge-acolhe-apresentacao-de-livro-de-margarida-guilherme\\\/cultura\\\/11\\\/53\\\/\",\"name\":\"Biblioteca municipal L\u00eddia Jorge acolhe apresenta\u00e7\u00e3o de livro de Margarida Guilherme - Algarve 7\",\"isPartOf\":{\"@id\":\"https:\\\/\\\/algarve7.pt\\\/#website\"},\"primaryImageOfPage\":{\"@id\":\"https:\\\/\\\/algarve7.pt\\\/index.php\\\/2025\\\/02\\\/biblioteca-municipal-lidia-jorge-acolhe-apresentacao-de-livro-de-margarida-guilherme\\\/cultura\\\/11\\\/53\\\/#primaryimage\"},\"image\":{\"@id\":\"https:\\\/\\\/algarve7.pt\\\/index.php\\\/2025\\\/02\\\/biblioteca-municipal-lidia-jorge-acolhe-apresentacao-de-livro-de-margarida-guilherme\\\/cultura\\\/11\\\/53\\\/#primaryimage\"},\"thumbnailUrl\":\"https:\\\/\\\/algarve7.pt\\\/wp-content\\\/uploads\\\/2025\\\/02\\\/Captura-de-ecra-2025-02-11-as-11.50.33.png\",\"datePublished\":\"2025-02-11T11:53:26+00:00\",\"dateModified\":\"2025-02-11T11:53:28+00:00\",\"description\":\"Biblioteca municipal L\u00eddia Jorge acolhe apresenta\u00e7\u00e3o de livro de Margarida Guilherme Cultura\",\"breadcrumb\":{\"@id\":\"https:\\\/\\\/algarve7.pt\\\/index.php\\\/2025\\\/02\\\/biblioteca-municipal-lidia-jorge-acolhe-apresentacao-de-livro-de-margarida-guilherme\\\/cultura\\\/11\\\/53\\\/#breadcrumb\"},\"inLanguage\":\"pt-PT\",\"potentialAction\":[{\"@type\":\"ReadAction\",\"target\":[\"https:\\\/\\\/algarve7.pt\\\/index.php\\\/2025\\\/02\\\/biblioteca-municipal-lidia-jorge-acolhe-apresentacao-de-livro-de-margarida-guilherme\\\/cultura\\\/11\\\/53\\\/\"]}]},{\"@type\":\"ImageObject\",\"inLanguage\":\"pt-PT\",\"@id\":\"https:\\\/\\\/algarve7.pt\\\/index.php\\\/2025\\\/02\\\/biblioteca-municipal-lidia-jorge-acolhe-apresentacao-de-livro-de-margarida-guilherme\\\/cultura\\\/11\\\/53\\\/#primaryimage\",\"url\":\"https:\\\/\\\/algarve7.pt\\\/wp-content\\\/uploads\\\/2025\\\/02\\\/Captura-de-ecra-2025-02-11-as-11.50.33.png\",\"contentUrl\":\"https:\\\/\\\/algarve7.pt\\\/wp-content\\\/uploads\\\/2025\\\/02\\\/Captura-de-ecra-2025-02-11-as-11.50.33.png\",\"width\":800,\"height\":500},{\"@type\":\"BreadcrumbList\",\"@id\":\"https:\\\/\\\/algarve7.pt\\\/index.php\\\/2025\\\/02\\\/biblioteca-municipal-lidia-jorge-acolhe-apresentacao-de-livro-de-margarida-guilherme\\\/cultura\\\/11\\\/53\\\/#breadcrumb\",\"itemListElement\":[{\"@type\":\"ListItem\",\"position\":1,\"name\":\"In\u00edcio\",\"item\":\"https:\\\/\\\/algarve7.pt\\\/\"},{\"@type\":\"ListItem\",\"position\":2,\"name\":\"Biblioteca municipal L\u00eddia Jorge acolhe apresenta\u00e7\u00e3o de livro de Margarida Guilherme\"}]},{\"@type\":\"WebSite\",\"@id\":\"https:\\\/\\\/algarve7.pt\\\/#website\",\"url\":\"https:\\\/\\\/algarve7.pt\\\/\",\"name\":\"Algarve 7\",\"description\":\"Informa\u00e7\u00e3o sobre o Algarve\",\"publisher\":{\"@id\":\"https:\\\/\\\/algarve7.pt\\\/#organization\"},\"potentialAction\":[{\"@type\":\"SearchAction\",\"target\":{\"@type\":\"EntryPoint\",\"urlTemplate\":\"https:\\\/\\\/algarve7.pt\\\/?s={search_term_string}\"},\"query-input\":{\"@type\":\"PropertyValueSpecification\",\"valueRequired\":true,\"valueName\":\"search_term_string\"}}],\"inLanguage\":\"pt-PT\"},{\"@type\":\"Organization\",\"@id\":\"https:\\\/\\\/algarve7.pt\\\/#organization\",\"name\":\"Algarve 7\",\"url\":\"https:\\\/\\\/algarve7.pt\\\/\",\"logo\":{\"@type\":\"ImageObject\",\"inLanguage\":\"pt-PT\",\"@id\":\"https:\\\/\\\/algarve7.pt\\\/#\\\/schema\\\/logo\\\/image\\\/\",\"url\":\"https:\\\/\\\/algarve7.pt\\\/wp-content\\\/uploads\\\/2020\\\/10\\\/Logo-8.jpg\",\"contentUrl\":\"https:\\\/\\\/algarve7.pt\\\/wp-content\\\/uploads\\\/2020\\\/10\\\/Logo-8.jpg\",\"width\":1680,\"height\":1186,\"caption\":\"Algarve 7\"},\"image\":{\"@id\":\"https:\\\/\\\/algarve7.pt\\\/#\\\/schema\\\/logo\\\/image\\\/\"},\"sameAs\":[\"https:\\\/\\\/www.facebook.com\\\/algarve7\",\"https:\\\/\\\/x.com\\\/Algarvesete\",\"https:\\\/\\\/www.instagram.com\\\/jornalalgarve7\\\/\",\"https:\\\/\\\/www.linkedin.com\\\/company\\\/algarve7\",\"https:\\\/\\\/www.pinterest.pt\\\/geral0939\\\/_created\\\/\"]},{\"@type\":\"Person\",\"@id\":\"https:\\\/\\\/algarve7.pt\\\/#\\\/schema\\\/person\\\/23fa70681308e7b319a3204bcea45e0c\",\"name\":\"Algarve 7\",\"sameAs\":[\"https:\\\/\\\/algarve7.pt\",\"https:\\\/\\\/www.facebook.com\\\/algarve7\"],\"url\":\"https:\\\/\\\/algarve7.pt\\\/index.php\\\/author\\\/geralalgarve7-pt\\\/\"}]}<\/script>\n<!-- \/ Yoast SEO plugin. -->","yoast_head_json":{"title":"Biblioteca municipal L\u00eddia Jorge acolhe apresenta\u00e7\u00e3o de livro de Margarida Guilherme - Algarve 7","description":"Biblioteca municipal L\u00eddia Jorge acolhe apresenta\u00e7\u00e3o de livro de Margarida Guilherme Cultura","robots":{"index":"index","follow":"follow","max-snippet":"max-snippet:-1","max-image-preview":"max-image-preview:large","max-video-preview":"max-video-preview:-1"},"canonical":"https:\/\/algarve7.pt\/index.php\/2025\/02\/biblioteca-municipal-lidia-jorge-acolhe-apresentacao-de-livro-de-margarida-guilherme\/cultura\/11\/53\/","og_locale":"pt_PT","og_type":"article","og_title":"Biblioteca municipal L\u00eddia Jorge acolhe apresenta\u00e7\u00e3o de livro de Margarida Guilherme - Algarve 7","og_description":"Biblioteca municipal L\u00eddia Jorge acolhe apresenta\u00e7\u00e3o de livro de Margarida Guilherme Cultura","og_url":"https:\/\/algarve7.pt\/index.php\/2025\/02\/biblioteca-municipal-lidia-jorge-acolhe-apresentacao-de-livro-de-margarida-guilherme\/cultura\/11\/53\/","og_site_name":"Algarve 7","article_publisher":"https:\/\/www.facebook.com\/algarve7","article_author":"https:\/\/www.facebook.com\/algarve7","article_published_time":"2025-02-11T11:53:26+00:00","article_modified_time":"2025-02-11T11:53:28+00:00","og_image":[{"width":800,"height":500,"url":"https:\/\/algarve7.pt\/wp-content\/uploads\/2025\/02\/Captura-de-ecra-2025-02-11-as-11.50.33.png","type":"image\/png"}],"author":"Algarve 7","twitter_card":"summary_large_image","twitter_creator":"@Algarvesete","twitter_site":"@Algarvesete","twitter_misc":{"Escrito por":"Algarve 7","Tempo estimado de leitura":"3 minutos"},"schema":{"@context":"https:\/\/schema.org","@graph":[{"@type":"Article","@id":"https:\/\/algarve7.pt\/index.php\/2025\/02\/biblioteca-municipal-lidia-jorge-acolhe-apresentacao-de-livro-de-margarida-guilherme\/cultura\/11\/53\/#article","isPartOf":{"@id":"https:\/\/algarve7.pt\/index.php\/2025\/02\/biblioteca-municipal-lidia-jorge-acolhe-apresentacao-de-livro-de-margarida-guilherme\/cultura\/11\/53\/"},"author":{"name":"Algarve 7","@id":"https:\/\/algarve7.pt\/#\/schema\/person\/23fa70681308e7b319a3204bcea45e0c"},"headline":"Biblioteca municipal L\u00eddia Jorge acolhe apresenta\u00e7\u00e3o de livro de Margarida Guilherme","datePublished":"2025-02-11T11:53:26+00:00","dateModified":"2025-02-11T11:53:28+00:00","mainEntityOfPage":{"@id":"https:\/\/algarve7.pt\/index.php\/2025\/02\/biblioteca-municipal-lidia-jorge-acolhe-apresentacao-de-livro-de-margarida-guilherme\/cultura\/11\/53\/"},"wordCount":532,"publisher":{"@id":"https:\/\/algarve7.pt\/#organization"},"image":{"@id":"https:\/\/algarve7.pt\/index.php\/2025\/02\/biblioteca-municipal-lidia-jorge-acolhe-apresentacao-de-livro-de-margarida-guilherme\/cultura\/11\/53\/#primaryimage"},"thumbnailUrl":"https:\/\/algarve7.pt\/wp-content\/uploads\/2025\/02\/Captura-de-ecra-2025-02-11-as-11.50.33.png","keywords":["Albufeira","Algarve","Cultura"],"articleSection":["Cultura"],"inLanguage":"pt-PT"},{"@type":"WebPage","@id":"https:\/\/algarve7.pt\/index.php\/2025\/02\/biblioteca-municipal-lidia-jorge-acolhe-apresentacao-de-livro-de-margarida-guilherme\/cultura\/11\/53\/","url":"https:\/\/algarve7.pt\/index.php\/2025\/02\/biblioteca-municipal-lidia-jorge-acolhe-apresentacao-de-livro-de-margarida-guilherme\/cultura\/11\/53\/","name":"Biblioteca municipal L\u00eddia Jorge acolhe apresenta\u00e7\u00e3o de livro de Margarida Guilherme - Algarve 7","isPartOf":{"@id":"https:\/\/algarve7.pt\/#website"},"primaryImageOfPage":{"@id":"https:\/\/algarve7.pt\/index.php\/2025\/02\/biblioteca-municipal-lidia-jorge-acolhe-apresentacao-de-livro-de-margarida-guilherme\/cultura\/11\/53\/#primaryimage"},"image":{"@id":"https:\/\/algarve7.pt\/index.php\/2025\/02\/biblioteca-municipal-lidia-jorge-acolhe-apresentacao-de-livro-de-margarida-guilherme\/cultura\/11\/53\/#primaryimage"},"thumbnailUrl":"https:\/\/algarve7.pt\/wp-content\/uploads\/2025\/02\/Captura-de-ecra-2025-02-11-as-11.50.33.png","datePublished":"2025-02-11T11:53:26+00:00","dateModified":"2025-02-11T11:53:28+00:00","description":"Biblioteca municipal L\u00eddia Jorge acolhe apresenta\u00e7\u00e3o de livro de Margarida Guilherme Cultura","breadcrumb":{"@id":"https:\/\/algarve7.pt\/index.php\/2025\/02\/biblioteca-municipal-lidia-jorge-acolhe-apresentacao-de-livro-de-margarida-guilherme\/cultura\/11\/53\/#breadcrumb"},"inLanguage":"pt-PT","potentialAction":[{"@type":"ReadAction","target":["https:\/\/algarve7.pt\/index.php\/2025\/02\/biblioteca-municipal-lidia-jorge-acolhe-apresentacao-de-livro-de-margarida-guilherme\/cultura\/11\/53\/"]}]},{"@type":"ImageObject","inLanguage":"pt-PT","@id":"https:\/\/algarve7.pt\/index.php\/2025\/02\/biblioteca-municipal-lidia-jorge-acolhe-apresentacao-de-livro-de-margarida-guilherme\/cultura\/11\/53\/#primaryimage","url":"https:\/\/algarve7.pt\/wp-content\/uploads\/2025\/02\/Captura-de-ecra-2025-02-11-as-11.50.33.png","contentUrl":"https:\/\/algarve7.pt\/wp-content\/uploads\/2025\/02\/Captura-de-ecra-2025-02-11-as-11.50.33.png","width":800,"height":500},{"@type":"BreadcrumbList","@id":"https:\/\/algarve7.pt\/index.php\/2025\/02\/biblioteca-municipal-lidia-jorge-acolhe-apresentacao-de-livro-de-margarida-guilherme\/cultura\/11\/53\/#breadcrumb","itemListElement":[{"@type":"ListItem","position":1,"name":"In\u00edcio","item":"https:\/\/algarve7.pt\/"},{"@type":"ListItem","position":2,"name":"Biblioteca municipal L\u00eddia Jorge acolhe apresenta\u00e7\u00e3o de livro de Margarida Guilherme"}]},{"@type":"WebSite","@id":"https:\/\/algarve7.pt\/#website","url":"https:\/\/algarve7.pt\/","name":"Algarve 7","description":"Informa\u00e7\u00e3o sobre o Algarve","publisher":{"@id":"https:\/\/algarve7.pt\/#organization"},"potentialAction":[{"@type":"SearchAction","target":{"@type":"EntryPoint","urlTemplate":"https:\/\/algarve7.pt\/?s={search_term_string}"},"query-input":{"@type":"PropertyValueSpecification","valueRequired":true,"valueName":"search_term_string"}}],"inLanguage":"pt-PT"},{"@type":"Organization","@id":"https:\/\/algarve7.pt\/#organization","name":"Algarve 7","url":"https:\/\/algarve7.pt\/","logo":{"@type":"ImageObject","inLanguage":"pt-PT","@id":"https:\/\/algarve7.pt\/#\/schema\/logo\/image\/","url":"https:\/\/algarve7.pt\/wp-content\/uploads\/2020\/10\/Logo-8.jpg","contentUrl":"https:\/\/algarve7.pt\/wp-content\/uploads\/2020\/10\/Logo-8.jpg","width":1680,"height":1186,"caption":"Algarve 7"},"image":{"@id":"https:\/\/algarve7.pt\/#\/schema\/logo\/image\/"},"sameAs":["https:\/\/www.facebook.com\/algarve7","https:\/\/x.com\/Algarvesete","https:\/\/www.instagram.com\/jornalalgarve7\/","https:\/\/www.linkedin.com\/company\/algarve7","https:\/\/www.pinterest.pt\/geral0939\/_created\/"]},{"@type":"Person","@id":"https:\/\/algarve7.pt\/#\/schema\/person\/23fa70681308e7b319a3204bcea45e0c","name":"Algarve 7","sameAs":["https:\/\/algarve7.pt","https:\/\/www.facebook.com\/algarve7"],"url":"https:\/\/algarve7.pt\/index.php\/author\/geralalgarve7-pt\/"}]}},"jetpack_publicize_connections":[],"jetpack_featured_media_url":"https:\/\/algarve7.pt\/wp-content\/uploads\/2025\/02\/Captura-de-ecra-2025-02-11-as-11.50.33.png","jetpack_shortlink":"https:\/\/wp.me\/pcezmW-ch4","jetpack_sharing_enabled":true,"_links":{"self":[{"href":"https:\/\/algarve7.pt\/index.php\/wp-json\/wp\/v2\/posts\/47186","targetHints":{"allow":["GET"]}}],"collection":[{"href":"https:\/\/algarve7.pt\/index.php\/wp-json\/wp\/v2\/posts"}],"about":[{"href":"https:\/\/algarve7.pt\/index.php\/wp-json\/wp\/v2\/types\/post"}],"author":[{"embeddable":true,"href":"https:\/\/algarve7.pt\/index.php\/wp-json\/wp\/v2\/users\/1"}],"replies":[{"embeddable":true,"href":"https:\/\/algarve7.pt\/index.php\/wp-json\/wp\/v2\/comments?post=47186"}],"version-history":[{"count":0,"href":"https:\/\/algarve7.pt\/index.php\/wp-json\/wp\/v2\/posts\/47186\/revisions"}],"wp:featuredmedia":[{"embeddable":true,"href":"https:\/\/algarve7.pt\/index.php\/wp-json\/wp\/v2\/media\/47187"}],"wp:attachment":[{"href":"https:\/\/algarve7.pt\/index.php\/wp-json\/wp\/v2\/media?parent=47186"}],"wp:term":[{"taxonomy":"category","embeddable":true,"href":"https:\/\/algarve7.pt\/index.php\/wp-json\/wp\/v2\/categories?post=47186"},{"taxonomy":"post_tag","embeddable":true,"href":"https:\/\/algarve7.pt\/index.php\/wp-json\/wp\/v2\/tags?post=47186"}],"curies":[{"name":"wp","href":"https:\/\/api.w.org\/{rel}","templated":true}]}}