{"id":47174,"date":"2025-02-11T10:46:14","date_gmt":"2025-02-11T10:46:14","guid":{"rendered":"https:\/\/algarve7.pt\/?p=47174"},"modified":"2025-02-11T10:46:17","modified_gmt":"2025-02-11T10:46:17","slug":"centro-de-dinamizacao-das-cumeadas-do-nordeste-inaugurado-na-corte-pequena","status":"publish","type":"post","link":"https:\/\/algarve7.pt\/index.php\/2025\/02\/centro-de-dinamizacao-das-cumeadas-do-nordeste-inaugurado-na-corte-pequena\/cultura\/10\/46\/","title":{"rendered":"Centro de Dinamiza\u00e7\u00e3o das Cumeadas do Nordeste inaugurado na Corte Pequena"},"content":{"rendered":"\n<p>O Centro de Dinamiza\u00e7\u00e3o das Cumeadas do Nordeste foi inaugurado no s\u00e1bado, dia 8 de fevereiro, na antiga Escola Prim\u00e1ria da Corte Pequena que foi recentemente requalificada.<\/p>\n\n\n\n<p>Aquele edif\u00edcio estava fechado, localizado no interior da serra de Castro Marim, que no passado serviu como um local de aprendizagem e educa\u00e7\u00e3o de crian\u00e7as, foi alvo de uma interven\u00e7\u00e3o de valoriza\u00e7\u00e3o, recupera\u00e7\u00e3o, reabilita\u00e7\u00e3o e preserva\u00e7\u00e3o, com parte do investimento suportado por uma candidatura ao Programa de Desenvolvimento Rural, Iniciativa Leader, com uma taxa de comparticipa\u00e7\u00e3o m\u00e9dia de 75%.<\/p>\n\n\n\n<p>Para o Presidente da C\u00e2mara Municipal de Castro Marim, Francisco Amaral, esta obra e este projeto s\u00e3o \u201ca prova provada de que a serra n\u00e3o morreu\u201d.<\/p>\n\n\n\n<p>O projeto nasceu na C\u00e2mara Municipal de Castro Marim e integra uma estrat\u00e9gia mais integrada de dinamiza\u00e7\u00e3o do interior. A Corte Pequena foi um dos montes onde recentemente se estendeu a rede de abastecimento de \u00e1gua, a par de outros 32 aglomerados, al\u00e9m de ser um dos locais onde duas empresas de jovens agricultores se vieram a instalar com o apoio do Munic\u00edpio.<\/p>\n\n\n\n<p>O Centro de Dinamiza\u00e7\u00e3o das Cumeadas do Nordeste tem como objetivos principais valorizar e divulgar os valores paisag\u00edsticos e patrimoniais associados ao espa\u00e7o rural e sensibilizar a comunidade para a identidade do seu patrim\u00f3nio arquitet\u00f3nico, hist\u00f3rico, natural e cultural.<\/p>\n\n\n\n<p>Outros dos objetivos deste projeto s\u00e3o a valoriza\u00e7\u00e3o da paisagem, a promo\u00e7\u00e3o da resili\u00eancia do territ\u00f3rio, dos produtos locais e da frui\u00e7\u00e3o do patrim\u00f3nio cultural, educativo e tur\u00edstico.<\/p>\n\n\n\n<p>Esta nova estrutura inclui um espa\u00e7o de apoio a agricultores, produtores e desenvolvimento rural, al\u00e9m da dinamiza\u00e7\u00e3o de atividades tur\u00edsticas como percursos pedestres, visitas \u00e0s explora\u00e7\u00f5es agr\u00edcolas e disponibiliza\u00e7\u00e3o de informa\u00e7\u00e3o a quem visita o territ\u00f3rio.<\/p>\n\n\n\n<p>Por fim, o Centro de Dinamiza\u00e7\u00e3o das Cumeadas do Nordeste pretende ainda combater o avan\u00e7o do fen\u00f3meno da desertifica\u00e7\u00e3o e despovoamento do interior do territ\u00f3rio.<\/p>\n\n\n\n<p>Como parceiro para a sua dinamiza\u00e7\u00e3o existe a Guadimonte \u2013 Cooperativa Agr\u00edcola Supramunicipal, como forma de refor\u00e7o do trabalho em rede e a cria\u00e7\u00e3o de sinergias entre as associa\u00e7\u00f5es e entidades instaladas no territ\u00f3rio t\u00e3o desertificado e despovoado.<\/p>\n\n\n\n<p>\u201cAcredito que a Guadimonte vai fazer a diferen\u00e7a, ajudar o Munic\u00edpio e a Junta de Freguesia na dinamiza\u00e7\u00e3o dos nossos objetivos para este espa\u00e7o\u201d, referiu a vice-presidente da C\u00e2mara Municipal de Castro Marim, Filomena Sintra.<\/p>\n\n\n\n<p>A autarca considera ainda que esta \u201cjovem cooperativa que emergiu das cinzas do inc\u00eandio de 2021 com uma impressionante din\u00e2mica, quer na capacidade de agregar, quer no concretizar\u201d, seja \u201cuma porta aberta ao mundo dos apoios \u00e0 floresta, ao desenvolvimento rural e \u00e0 agricultura, mas tamb\u00e9m um parceiro na dinamiza\u00e7\u00e3o tur\u00edstica do nosso patrim\u00f3nio rural e rede de percursos pedestres\u201d.<\/p>\n\n\n\n<p>A Corte Pequena e outras cumeadas apresentam um potencial enorme, assente na vontade de uma nova gera\u00e7\u00e3o que voltou \u00e0s origens para investir e refor\u00e7ar o plano de dinamiza\u00e7\u00e3o promovido pelo Munic\u00edpio, como por exemplo a Cooperativa de Rega que instalou pain\u00e9is solares e passou a n\u00edveis de poupan\u00e7a energ\u00e9tica significativos.<\/p>\n\n\n\n<p>O Munic\u00edpio de Castro Marim pretende que esta opera\u00e7\u00e3o seja um instrumento de refor\u00e7o da resili\u00eancia daquele territ\u00f3rio, que est\u00e1 enfraquecido e diminu\u00eddo quando comparado com o litoral, devido \u00e0 desertifica\u00e7\u00e3o e isolamento.<\/p>\n\n\n\n<p>Este refor\u00e7o ir\u00e1 apostar na valoriza\u00e7\u00e3o e beneficia\u00e7\u00e3o patrimonial e paisag\u00edstica, para que estes valores sejam um est\u00edmulo \u00e0 visita e ao repovoamento do interior da serra, nomeadamente nas freguesias de Odeleite e Azinhal.<\/p>\n","protected":false},"excerpt":{"rendered":"<p>O Centro de Dinamiza\u00e7\u00e3o das Cumeadas do Nordeste foi inaugurado no s\u00e1bado, dia 8 de fevereiro, na antiga Escola Prim\u00e1ria<\/p>\n","protected":false},"author":1,"featured_media":47175,"comment_status":"closed","ping_status":"closed","sticky":false,"template":"","format":"standard","meta":{"colormag_page_container_layout":"default_layout","colormag_page_sidebar_layout":"default_layout","_monsterinsights_skip_tracking":false,"_monsterinsights_sitenote_active":false,"_monsterinsights_sitenote_note":"","_monsterinsights_sitenote_category":0,"jetpack_post_was_ever_published":false,"_jetpack_newsletter_access":"","_jetpack_dont_email_post_to_subs":false,"_jetpack_newsletter_tier_id":0,"_jetpack_memberships_contains_paywalled_content":false,"_jetpack_memberships_contains_paid_content":false,"footnotes":"","jetpack_publicize_message":"","jetpack_publicize_feature_enabled":true,"jetpack_social_post_already_shared":true,"jetpack_social_options":{"image_generator_settings":{"template":"highway","default_image_id":0,"font":"","enabled":false},"version":2}},"categories":[14],"tags":[36,136,35],"class_list":["post-47174","post","type-post","status-publish","format-standard","has-post-thumbnail","hentry","category-cultura","tag-algarve","tag-castro-marim","tag-cultura"],"yoast_head":"<!-- This site is optimized with the Yoast SEO plugin v27.5 - https:\/\/yoast.com\/product\/yoast-seo-wordpress\/ -->\n<title>Centro de Dinamiza\u00e7\u00e3o das Cumeadas do Nordeste inaugurado na Corte Pequena - Algarve 7<\/title>\n<meta name=\"description\" content=\"Centro de Dinamiza\u00e7\u00e3o das Cumeadas do Nordeste inaugurado na Corte Pequena Cultura\" \/>\n<meta name=\"robots\" content=\"index, follow, max-snippet:-1, max-image-preview:large, max-video-preview:-1\" \/>\n<link rel=\"canonical\" href=\"https:\/\/algarve7.pt\/index.php\/2025\/02\/centro-de-dinamizacao-das-cumeadas-do-nordeste-inaugurado-na-corte-pequena\/cultura\/10\/46\/\" \/>\n<meta property=\"og:locale\" content=\"pt_PT\" \/>\n<meta property=\"og:type\" content=\"article\" \/>\n<meta property=\"og:title\" content=\"Centro de Dinamiza\u00e7\u00e3o das Cumeadas do Nordeste inaugurado na Corte Pequena - Algarve 7\" \/>\n<meta property=\"og:description\" content=\"Centro de Dinamiza\u00e7\u00e3o das Cumeadas do Nordeste inaugurado na Corte Pequena Cultura\" \/>\n<meta property=\"og:url\" content=\"https:\/\/algarve7.pt\/index.php\/2025\/02\/centro-de-dinamizacao-das-cumeadas-do-nordeste-inaugurado-na-corte-pequena\/cultura\/10\/46\/\" \/>\n<meta property=\"og:site_name\" content=\"Algarve 7\" \/>\n<meta property=\"article:publisher\" content=\"https:\/\/www.facebook.com\/algarve7\" \/>\n<meta property=\"article:author\" content=\"https:\/\/www.facebook.com\/algarve7\" \/>\n<meta property=\"article:published_time\" content=\"2025-02-11T10:46:14+00:00\" \/>\n<meta property=\"article:modified_time\" content=\"2025-02-11T10:46:17+00:00\" \/>\n<meta property=\"og:image\" content=\"https:\/\/algarve7.pt\/wp-content\/uploads\/2025\/02\/Inauguracao.jpg\" \/>\n\t<meta property=\"og:image:width\" content=\"800\" \/>\n\t<meta property=\"og:image:height\" content=\"520\" \/>\n\t<meta property=\"og:image:type\" content=\"image\/jpeg\" \/>\n<meta name=\"author\" content=\"Algarve 7\" \/>\n<meta name=\"twitter:card\" content=\"summary_large_image\" \/>\n<meta name=\"twitter:creator\" content=\"@Algarvesete\" \/>\n<meta name=\"twitter:site\" content=\"@Algarvesete\" \/>\n<meta name=\"twitter:label1\" content=\"Escrito por\" \/>\n\t<meta name=\"twitter:data1\" content=\"Algarve 7\" \/>\n\t<meta name=\"twitter:label2\" content=\"Tempo estimado de leitura\" \/>\n\t<meta name=\"twitter:data2\" content=\"4 minutos\" \/>\n<script type=\"application\/ld+json\" class=\"yoast-schema-graph\">{\"@context\":\"https:\\\/\\\/schema.org\",\"@graph\":[{\"@type\":\"Article\",\"@id\":\"https:\\\/\\\/algarve7.pt\\\/index.php\\\/2025\\\/02\\\/centro-de-dinamizacao-das-cumeadas-do-nordeste-inaugurado-na-corte-pequena\\\/cultura\\\/10\\\/46\\\/#article\",\"isPartOf\":{\"@id\":\"https:\\\/\\\/algarve7.pt\\\/index.php\\\/2025\\\/02\\\/centro-de-dinamizacao-das-cumeadas-do-nordeste-inaugurado-na-corte-pequena\\\/cultura\\\/10\\\/46\\\/\"},\"author\":{\"name\":\"Algarve 7\",\"@id\":\"https:\\\/\\\/algarve7.pt\\\/#\\\/schema\\\/person\\\/23fa70681308e7b319a3204bcea45e0c\"},\"headline\":\"Centro de Dinamiza\u00e7\u00e3o das Cumeadas do Nordeste inaugurado na Corte Pequena\",\"datePublished\":\"2025-02-11T10:46:14+00:00\",\"dateModified\":\"2025-02-11T10:46:17+00:00\",\"mainEntityOfPage\":{\"@id\":\"https:\\\/\\\/algarve7.pt\\\/index.php\\\/2025\\\/02\\\/centro-de-dinamizacao-das-cumeadas-do-nordeste-inaugurado-na-corte-pequena\\\/cultura\\\/10\\\/46\\\/\"},\"wordCount\":644,\"publisher\":{\"@id\":\"https:\\\/\\\/algarve7.pt\\\/#organization\"},\"image\":{\"@id\":\"https:\\\/\\\/algarve7.pt\\\/index.php\\\/2025\\\/02\\\/centro-de-dinamizacao-das-cumeadas-do-nordeste-inaugurado-na-corte-pequena\\\/cultura\\\/10\\\/46\\\/#primaryimage\"},\"thumbnailUrl\":\"https:\\\/\\\/algarve7.pt\\\/wp-content\\\/uploads\\\/2025\\\/02\\\/Inauguracao.jpg\",\"keywords\":[\"Algarve\",\"Castro Marim\",\"Cultura\"],\"articleSection\":[\"Cultura\"],\"inLanguage\":\"pt-PT\"},{\"@type\":\"WebPage\",\"@id\":\"https:\\\/\\\/algarve7.pt\\\/index.php\\\/2025\\\/02\\\/centro-de-dinamizacao-das-cumeadas-do-nordeste-inaugurado-na-corte-pequena\\\/cultura\\\/10\\\/46\\\/\",\"url\":\"https:\\\/\\\/algarve7.pt\\\/index.php\\\/2025\\\/02\\\/centro-de-dinamizacao-das-cumeadas-do-nordeste-inaugurado-na-corte-pequena\\\/cultura\\\/10\\\/46\\\/\",\"name\":\"Centro de Dinamiza\u00e7\u00e3o das Cumeadas do Nordeste inaugurado na Corte Pequena - Algarve 7\",\"isPartOf\":{\"@id\":\"https:\\\/\\\/algarve7.pt\\\/#website\"},\"primaryImageOfPage\":{\"@id\":\"https:\\\/\\\/algarve7.pt\\\/index.php\\\/2025\\\/02\\\/centro-de-dinamizacao-das-cumeadas-do-nordeste-inaugurado-na-corte-pequena\\\/cultura\\\/10\\\/46\\\/#primaryimage\"},\"image\":{\"@id\":\"https:\\\/\\\/algarve7.pt\\\/index.php\\\/2025\\\/02\\\/centro-de-dinamizacao-das-cumeadas-do-nordeste-inaugurado-na-corte-pequena\\\/cultura\\\/10\\\/46\\\/#primaryimage\"},\"thumbnailUrl\":\"https:\\\/\\\/algarve7.pt\\\/wp-content\\\/uploads\\\/2025\\\/02\\\/Inauguracao.jpg\",\"datePublished\":\"2025-02-11T10:46:14+00:00\",\"dateModified\":\"2025-02-11T10:46:17+00:00\",\"description\":\"Centro de Dinamiza\u00e7\u00e3o das Cumeadas do Nordeste inaugurado na Corte Pequena Cultura\",\"breadcrumb\":{\"@id\":\"https:\\\/\\\/algarve7.pt\\\/index.php\\\/2025\\\/02\\\/centro-de-dinamizacao-das-cumeadas-do-nordeste-inaugurado-na-corte-pequena\\\/cultura\\\/10\\\/46\\\/#breadcrumb\"},\"inLanguage\":\"pt-PT\",\"potentialAction\":[{\"@type\":\"ReadAction\",\"target\":[\"https:\\\/\\\/algarve7.pt\\\/index.php\\\/2025\\\/02\\\/centro-de-dinamizacao-das-cumeadas-do-nordeste-inaugurado-na-corte-pequena\\\/cultura\\\/10\\\/46\\\/\"]}]},{\"@type\":\"ImageObject\",\"inLanguage\":\"pt-PT\",\"@id\":\"https:\\\/\\\/algarve7.pt\\\/index.php\\\/2025\\\/02\\\/centro-de-dinamizacao-das-cumeadas-do-nordeste-inaugurado-na-corte-pequena\\\/cultura\\\/10\\\/46\\\/#primaryimage\",\"url\":\"https:\\\/\\\/algarve7.pt\\\/wp-content\\\/uploads\\\/2025\\\/02\\\/Inauguracao.jpg\",\"contentUrl\":\"https:\\\/\\\/algarve7.pt\\\/wp-content\\\/uploads\\\/2025\\\/02\\\/Inauguracao.jpg\",\"width\":800,\"height\":520},{\"@type\":\"BreadcrumbList\",\"@id\":\"https:\\\/\\\/algarve7.pt\\\/index.php\\\/2025\\\/02\\\/centro-de-dinamizacao-das-cumeadas-do-nordeste-inaugurado-na-corte-pequena\\\/cultura\\\/10\\\/46\\\/#breadcrumb\",\"itemListElement\":[{\"@type\":\"ListItem\",\"position\":1,\"name\":\"In\u00edcio\",\"item\":\"https:\\\/\\\/algarve7.pt\\\/\"},{\"@type\":\"ListItem\",\"position\":2,\"name\":\"Centro de Dinamiza\u00e7\u00e3o das Cumeadas do Nordeste inaugurado na Corte Pequena\"}]},{\"@type\":\"WebSite\",\"@id\":\"https:\\\/\\\/algarve7.pt\\\/#website\",\"url\":\"https:\\\/\\\/algarve7.pt\\\/\",\"name\":\"Algarve 7\",\"description\":\"Informa\u00e7\u00e3o sobre o Algarve\",\"publisher\":{\"@id\":\"https:\\\/\\\/algarve7.pt\\\/#organization\"},\"potentialAction\":[{\"@type\":\"SearchAction\",\"target\":{\"@type\":\"EntryPoint\",\"urlTemplate\":\"https:\\\/\\\/algarve7.pt\\\/?s={search_term_string}\"},\"query-input\":{\"@type\":\"PropertyValueSpecification\",\"valueRequired\":true,\"valueName\":\"search_term_string\"}}],\"inLanguage\":\"pt-PT\"},{\"@type\":\"Organization\",\"@id\":\"https:\\\/\\\/algarve7.pt\\\/#organization\",\"name\":\"Algarve 7\",\"url\":\"https:\\\/\\\/algarve7.pt\\\/\",\"logo\":{\"@type\":\"ImageObject\",\"inLanguage\":\"pt-PT\",\"@id\":\"https:\\\/\\\/algarve7.pt\\\/#\\\/schema\\\/logo\\\/image\\\/\",\"url\":\"https:\\\/\\\/algarve7.pt\\\/wp-content\\\/uploads\\\/2020\\\/10\\\/Logo-8.jpg\",\"contentUrl\":\"https:\\\/\\\/algarve7.pt\\\/wp-content\\\/uploads\\\/2020\\\/10\\\/Logo-8.jpg\",\"width\":1680,\"height\":1186,\"caption\":\"Algarve 7\"},\"image\":{\"@id\":\"https:\\\/\\\/algarve7.pt\\\/#\\\/schema\\\/logo\\\/image\\\/\"},\"sameAs\":[\"https:\\\/\\\/www.facebook.com\\\/algarve7\",\"https:\\\/\\\/x.com\\\/Algarvesete\",\"https:\\\/\\\/www.instagram.com\\\/jornalalgarve7\\\/\",\"https:\\\/\\\/www.linkedin.com\\\/company\\\/algarve7\",\"https:\\\/\\\/www.pinterest.pt\\\/geral0939\\\/_created\\\/\"]},{\"@type\":\"Person\",\"@id\":\"https:\\\/\\\/algarve7.pt\\\/#\\\/schema\\\/person\\\/23fa70681308e7b319a3204bcea45e0c\",\"name\":\"Algarve 7\",\"sameAs\":[\"https:\\\/\\\/algarve7.pt\",\"https:\\\/\\\/www.facebook.com\\\/algarve7\"],\"url\":\"https:\\\/\\\/algarve7.pt\\\/index.php\\\/author\\\/geralalgarve7-pt\\\/\"}]}<\/script>\n<!-- \/ Yoast SEO plugin. -->","yoast_head_json":{"title":"Centro de Dinamiza\u00e7\u00e3o das Cumeadas do Nordeste inaugurado na Corte Pequena - Algarve 7","description":"Centro de Dinamiza\u00e7\u00e3o das Cumeadas do Nordeste inaugurado na Corte Pequena Cultura","robots":{"index":"index","follow":"follow","max-snippet":"max-snippet:-1","max-image-preview":"max-image-preview:large","max-video-preview":"max-video-preview:-1"},"canonical":"https:\/\/algarve7.pt\/index.php\/2025\/02\/centro-de-dinamizacao-das-cumeadas-do-nordeste-inaugurado-na-corte-pequena\/cultura\/10\/46\/","og_locale":"pt_PT","og_type":"article","og_title":"Centro de Dinamiza\u00e7\u00e3o das Cumeadas do Nordeste inaugurado na Corte Pequena - Algarve 7","og_description":"Centro de Dinamiza\u00e7\u00e3o das Cumeadas do Nordeste inaugurado na Corte Pequena Cultura","og_url":"https:\/\/algarve7.pt\/index.php\/2025\/02\/centro-de-dinamizacao-das-cumeadas-do-nordeste-inaugurado-na-corte-pequena\/cultura\/10\/46\/","og_site_name":"Algarve 7","article_publisher":"https:\/\/www.facebook.com\/algarve7","article_author":"https:\/\/www.facebook.com\/algarve7","article_published_time":"2025-02-11T10:46:14+00:00","article_modified_time":"2025-02-11T10:46:17+00:00","og_image":[{"width":800,"height":520,"url":"https:\/\/algarve7.pt\/wp-content\/uploads\/2025\/02\/Inauguracao.jpg","type":"image\/jpeg"}],"author":"Algarve 7","twitter_card":"summary_large_image","twitter_creator":"@Algarvesete","twitter_site":"@Algarvesete","twitter_misc":{"Escrito por":"Algarve 7","Tempo estimado de leitura":"4 minutos"},"schema":{"@context":"https:\/\/schema.org","@graph":[{"@type":"Article","@id":"https:\/\/algarve7.pt\/index.php\/2025\/02\/centro-de-dinamizacao-das-cumeadas-do-nordeste-inaugurado-na-corte-pequena\/cultura\/10\/46\/#article","isPartOf":{"@id":"https:\/\/algarve7.pt\/index.php\/2025\/02\/centro-de-dinamizacao-das-cumeadas-do-nordeste-inaugurado-na-corte-pequena\/cultura\/10\/46\/"},"author":{"name":"Algarve 7","@id":"https:\/\/algarve7.pt\/#\/schema\/person\/23fa70681308e7b319a3204bcea45e0c"},"headline":"Centro de Dinamiza\u00e7\u00e3o das Cumeadas do Nordeste inaugurado na Corte Pequena","datePublished":"2025-02-11T10:46:14+00:00","dateModified":"2025-02-11T10:46:17+00:00","mainEntityOfPage":{"@id":"https:\/\/algarve7.pt\/index.php\/2025\/02\/centro-de-dinamizacao-das-cumeadas-do-nordeste-inaugurado-na-corte-pequena\/cultura\/10\/46\/"},"wordCount":644,"publisher":{"@id":"https:\/\/algarve7.pt\/#organization"},"image":{"@id":"https:\/\/algarve7.pt\/index.php\/2025\/02\/centro-de-dinamizacao-das-cumeadas-do-nordeste-inaugurado-na-corte-pequena\/cultura\/10\/46\/#primaryimage"},"thumbnailUrl":"https:\/\/algarve7.pt\/wp-content\/uploads\/2025\/02\/Inauguracao.jpg","keywords":["Algarve","Castro Marim","Cultura"],"articleSection":["Cultura"],"inLanguage":"pt-PT"},{"@type":"WebPage","@id":"https:\/\/algarve7.pt\/index.php\/2025\/02\/centro-de-dinamizacao-das-cumeadas-do-nordeste-inaugurado-na-corte-pequena\/cultura\/10\/46\/","url":"https:\/\/algarve7.pt\/index.php\/2025\/02\/centro-de-dinamizacao-das-cumeadas-do-nordeste-inaugurado-na-corte-pequena\/cultura\/10\/46\/","name":"Centro de Dinamiza\u00e7\u00e3o das Cumeadas do Nordeste inaugurado na Corte Pequena - Algarve 7","isPartOf":{"@id":"https:\/\/algarve7.pt\/#website"},"primaryImageOfPage":{"@id":"https:\/\/algarve7.pt\/index.php\/2025\/02\/centro-de-dinamizacao-das-cumeadas-do-nordeste-inaugurado-na-corte-pequena\/cultura\/10\/46\/#primaryimage"},"image":{"@id":"https:\/\/algarve7.pt\/index.php\/2025\/02\/centro-de-dinamizacao-das-cumeadas-do-nordeste-inaugurado-na-corte-pequena\/cultura\/10\/46\/#primaryimage"},"thumbnailUrl":"https:\/\/algarve7.pt\/wp-content\/uploads\/2025\/02\/Inauguracao.jpg","datePublished":"2025-02-11T10:46:14+00:00","dateModified":"2025-02-11T10:46:17+00:00","description":"Centro de Dinamiza\u00e7\u00e3o das Cumeadas do Nordeste inaugurado na Corte Pequena Cultura","breadcrumb":{"@id":"https:\/\/algarve7.pt\/index.php\/2025\/02\/centro-de-dinamizacao-das-cumeadas-do-nordeste-inaugurado-na-corte-pequena\/cultura\/10\/46\/#breadcrumb"},"inLanguage":"pt-PT","potentialAction":[{"@type":"ReadAction","target":["https:\/\/algarve7.pt\/index.php\/2025\/02\/centro-de-dinamizacao-das-cumeadas-do-nordeste-inaugurado-na-corte-pequena\/cultura\/10\/46\/"]}]},{"@type":"ImageObject","inLanguage":"pt-PT","@id":"https:\/\/algarve7.pt\/index.php\/2025\/02\/centro-de-dinamizacao-das-cumeadas-do-nordeste-inaugurado-na-corte-pequena\/cultura\/10\/46\/#primaryimage","url":"https:\/\/algarve7.pt\/wp-content\/uploads\/2025\/02\/Inauguracao.jpg","contentUrl":"https:\/\/algarve7.pt\/wp-content\/uploads\/2025\/02\/Inauguracao.jpg","width":800,"height":520},{"@type":"BreadcrumbList","@id":"https:\/\/algarve7.pt\/index.php\/2025\/02\/centro-de-dinamizacao-das-cumeadas-do-nordeste-inaugurado-na-corte-pequena\/cultura\/10\/46\/#breadcrumb","itemListElement":[{"@type":"ListItem","position":1,"name":"In\u00edcio","item":"https:\/\/algarve7.pt\/"},{"@type":"ListItem","position":2,"name":"Centro de Dinamiza\u00e7\u00e3o das Cumeadas do Nordeste inaugurado na Corte Pequena"}]},{"@type":"WebSite","@id":"https:\/\/algarve7.pt\/#website","url":"https:\/\/algarve7.pt\/","name":"Algarve 7","description":"Informa\u00e7\u00e3o sobre o Algarve","publisher":{"@id":"https:\/\/algarve7.pt\/#organization"},"potentialAction":[{"@type":"SearchAction","target":{"@type":"EntryPoint","urlTemplate":"https:\/\/algarve7.pt\/?s={search_term_string}"},"query-input":{"@type":"PropertyValueSpecification","valueRequired":true,"valueName":"search_term_string"}}],"inLanguage":"pt-PT"},{"@type":"Organization","@id":"https:\/\/algarve7.pt\/#organization","name":"Algarve 7","url":"https:\/\/algarve7.pt\/","logo":{"@type":"ImageObject","inLanguage":"pt-PT","@id":"https:\/\/algarve7.pt\/#\/schema\/logo\/image\/","url":"https:\/\/algarve7.pt\/wp-content\/uploads\/2020\/10\/Logo-8.jpg","contentUrl":"https:\/\/algarve7.pt\/wp-content\/uploads\/2020\/10\/Logo-8.jpg","width":1680,"height":1186,"caption":"Algarve 7"},"image":{"@id":"https:\/\/algarve7.pt\/#\/schema\/logo\/image\/"},"sameAs":["https:\/\/www.facebook.com\/algarve7","https:\/\/x.com\/Algarvesete","https:\/\/www.instagram.com\/jornalalgarve7\/","https:\/\/www.linkedin.com\/company\/algarve7","https:\/\/www.pinterest.pt\/geral0939\/_created\/"]},{"@type":"Person","@id":"https:\/\/algarve7.pt\/#\/schema\/person\/23fa70681308e7b319a3204bcea45e0c","name":"Algarve 7","sameAs":["https:\/\/algarve7.pt","https:\/\/www.facebook.com\/algarve7"],"url":"https:\/\/algarve7.pt\/index.php\/author\/geralalgarve7-pt\/"}]}},"jetpack_publicize_connections":[],"jetpack_featured_media_url":"https:\/\/algarve7.pt\/wp-content\/uploads\/2025\/02\/Inauguracao.jpg","jetpack_shortlink":"https:\/\/wp.me\/pcezmW-cgS","jetpack_sharing_enabled":true,"_links":{"self":[{"href":"https:\/\/algarve7.pt\/index.php\/wp-json\/wp\/v2\/posts\/47174","targetHints":{"allow":["GET"]}}],"collection":[{"href":"https:\/\/algarve7.pt\/index.php\/wp-json\/wp\/v2\/posts"}],"about":[{"href":"https:\/\/algarve7.pt\/index.php\/wp-json\/wp\/v2\/types\/post"}],"author":[{"embeddable":true,"href":"https:\/\/algarve7.pt\/index.php\/wp-json\/wp\/v2\/users\/1"}],"replies":[{"embeddable":true,"href":"https:\/\/algarve7.pt\/index.php\/wp-json\/wp\/v2\/comments?post=47174"}],"version-history":[{"count":0,"href":"https:\/\/algarve7.pt\/index.php\/wp-json\/wp\/v2\/posts\/47174\/revisions"}],"wp:featuredmedia":[{"embeddable":true,"href":"https:\/\/algarve7.pt\/index.php\/wp-json\/wp\/v2\/media\/47175"}],"wp:attachment":[{"href":"https:\/\/algarve7.pt\/index.php\/wp-json\/wp\/v2\/media?parent=47174"}],"wp:term":[{"taxonomy":"category","embeddable":true,"href":"https:\/\/algarve7.pt\/index.php\/wp-json\/wp\/v2\/categories?post=47174"},{"taxonomy":"post_tag","embeddable":true,"href":"https:\/\/algarve7.pt\/index.php\/wp-json\/wp\/v2\/tags?post=47174"}],"curies":[{"name":"wp","href":"https:\/\/api.w.org\/{rel}","templated":true}]}}