{"id":47093,"date":"2025-02-10T08:10:49","date_gmt":"2025-02-10T08:10:49","guid":{"rendered":"https:\/\/algarve7.pt\/?p=47093"},"modified":"2025-02-10T08:10:52","modified_gmt":"2025-02-10T08:10:52","slug":"5-o-open-internacional-de-tenis-de-vila-real-de-santo-antonio-francisco-rocha-e-diogo-marques-entram-no-quadro-com-8-portugueses","status":"publish","type":"post","link":"https:\/\/algarve7.pt\/index.php\/2025\/02\/5-o-open-internacional-de-tenis-de-vila-real-de-santo-antonio-francisco-rocha-e-diogo-marques-entram-no-quadro-com-8-portugueses\/desporto\/08\/10\/","title":{"rendered":"5.\u00ba Open Internacional de T\u00e9nis de Vila Real de Santo Ant\u00f3nio: Francisco Rocha e Diogo Marques\u00a0 entram no quadro com 8 portugueses"},"content":{"rendered":"\n<p>O campe\u00e3o nacional de clubes, Francisco Rocha, e Diogo Marques entraram diretamente no quadro principal do 5.\u00ba Open Internacional de T\u00e9nis de Vila Real de Santo Ant\u00f3nio, organizado pelo clube de t\u00e9nis local (CTVRSA), com o apoio da C\u00e2mara Municipal (CMVRSA) e da Federa\u00e7\u00e3o Portuguesa de T\u00e9nis (FPT). Juntam-se, assim, a Gast\u00e3o Elias, Frederico Silva, Pedro Ara\u00fajo e Tiago Pereira, que j\u00e1 tinham assegurado anteriormente o seu lugar.\u00a0Entretanto, a Federa\u00e7\u00e3o Portuguesa de T\u00e9nis (FPT) anunciou a atribui\u00e7\u00e3o dos seus tr\u00eas convites a Tom\u00e1s Lu\u00eds (de Tavira), Jo\u00e3o Gra\u00e7a (de Faro) e Daniel Batista (de Lisboa), pelo que, haver\u00e1 um total de oito portugueses no quadro principal que arranca j\u00e1 na pr\u00f3xima ter\u00e7a-feira, no Complexo Desportivo de Vila Real de Santo Ant\u00f3nio.\u00a0<\/p>\n\n\n\n<p>O torneio da categoria de M25, com 30 mil d\u00f3lares (cerca de 29 mil euros) em pr\u00e9mios monet\u00e1rios, integrado no ITF World Tennis Tour (ITFWTT), arrancou hoje com a fase de qualifica\u00e7\u00e3o, na qual participaram 14 portugueses.\u00a0<\/p>\n\n\n\n<p>Ap\u00f3s a disputa dos encontros da primeira ronda, cinco deles lograram o apuramento para a segunda e \u00faltima ronda, pelo que amanh\u00e3 ir\u00e3o lugar para tentarem o acesso ao quadro principal e juntarem-se aos oito antecipadamente garantidos.\u00a0\u00a0<\/p>\n\n\n\n<p>Jos\u00e9 Rodrigues, Jos\u00e9 Freitas, Hugo Maia, Guilherme Valdoleiros e Miguel Semedo s\u00e3o os portugueses que triunfaram na primeira ronda.\u00a0\u00a0<\/p>\n\n\n\n<p>Os resultados dos cinco portugueses vitoriosos hoje foram os seguintes:\u00a0\u00a0<\/p>\n\n\n\n<p><strong>Miguel Valdoleiros<\/strong>\u00a0(Portugal\/cs7)-Ivar Vinke (Pa\u00edses Baixos\/WC), 6-0, 6-3;\u00a0<strong>Hugo Maia<\/strong>\u00a0(Portugal\/cs12)-Gon\u00e7alo Barradas (Portugal(Alt.), 6-0, 3-0, desist\u00eancia;\u00a0<strong>Jos\u00e9 Freitas<\/strong>\u00a0(Portugal)-Russell Henderson (Gr\u00e3-Bretanha\/cs14), 5-4, desist\u00eancia;\u00a0<strong>Jos\u00e9 Rodrigues<\/strong>\u00a0(Portugal)-Vitor Grebentsov (Portugal\/Alt.), 6-4, 6-4;\u00a0<strong>Miguel Semedo<\/strong>(Portugal)-Guillermo Tunas (M\u00e9xico\/cs13), 6-3, 6-0.\u00a0\u00a0\u00a0<\/p>\n\n\n\n<p>Os resultados dos restantes portugueses que foram eliminados foram os seguintes: Charles Chen (China\/cs2)-Gon\u00e7alo da Rosa Castro (Portugal\/WC), 6-1, 6-3; Angel Hernandez (Vezezuela\/cs16)-Salvador Monteiro (Portugal\/WC), 7-5, 6-3; Mikel Martinez (Espanha\/cs8)-Freddie Healey (Portugal), 6-4, 6-2; Anthony Genov (Bulg\u00e1ria\/cs4)-Rodrigo Leal (Portugal\/Alt.), 4-6, 6-3, 10\/5; Ander Tarrio (Espanha\/cs9)-Vicente Couto (Portugal), 6-1, 6-3; Gabriel Sardo (It\u00e1lia\/cs15)-Francisco Guimar\u00e3es (Portugal\/WC), 6-3, 6-0; Pablo Hermoso (Espanha)-Miguel Pereira Lopes (Portugal\/cs10), 6-1, 6-2.\u00a0<\/p>\n\n\n\n<p>Dos portugueses vitoriosos, merece destaque Guilherme Valdoleiros, o 7.\u00ba cabe\u00e7a de s\u00e9rie, porque vem de conquistar o Masters da FPT e mant\u00e9m-se numa senda vitoriosa. Mas houve tamb\u00e9m o regresso de Miguel Semedo, um treinador que n\u00e3o jogava torneios a contar para o ranking mundial do ATP Tour desde agosto de 2022, embora mantenha atividade competitiva em torneios de \u00edndole nacional. Miguel Semedo chegou a treinar a neo-zelandesa Lulu Sun quando, em 2021, a ent\u00e3o su\u00ed\u00e7a venceu um W25 em S\u00e3o Domingos de Benfica. O jogador-treinador mant\u00e9m um bom contacto com a jogadora e vibrou com o seu percurso fant\u00e1stico em Wimbledon 2024, onde veio da fase de qualifica\u00e7\u00e3o e s\u00f3 foi travada nos quartos de final.\u00a0\u00a0<\/p>\n\n\n\n<p>\u00c9 curioso que Lulu sun, a ex-jogadora de Miguel Semedo, eliminou em Wimbledon Zheng Qinwen, que pouco tempo depois estava a sagrar-se campe\u00e3 ol\u00edmpica. A mesma Zheng Qinwen que no \u00faltimo Open da Austr\u00e1lia chamou para a sua equipa t\u00e9cnica (temporariamente) Francisco Rocha, o jogador portugu\u00eas que hoje ficou a saber que iria entrar diretamente no quadro principal deste 5.\u00ba Open Internacional de T\u00e9nis de Vila Real de Santo Ant\u00f3nio. Francisco Rocha que hoje j\u00e1 treinou nos courts do Clube de T\u00e9nis de Vila Real de Santo Ant\u00f3nio (CTVRSA), tal como Gast\u00e3o Elias, um dos melhores tenistas portugueses de sempre.\u00a0\u00a0<\/p>\n\n\n\n<p>Outra das \u2018estrelas\u2019 internacionais que j\u00e1 chegou ao Algarve foi o eslovaco Martin Klizan, um antigo 24.\u00ba classificado no ranking mundial, que deixou de competir durante dois anos e meio e regressou no ano passado. Vencedor de seis t\u00edtulos do ATP Tour, este \u2018canhoto\u2019 ser\u00e1 um dos cabe\u00e7as de s\u00e9rie e candidato ao t\u00edtulo. O seu treino de ontem, no court central, despertou bastante aten\u00e7\u00e3o.<\/p>\n","protected":false},"excerpt":{"rendered":"<p>O campe\u00e3o nacional de clubes, Francisco Rocha, e Diogo Marques entraram diretamente no quadro principal do 5.\u00ba Open Internacional de<\/p>\n","protected":false},"author":1,"featured_media":47094,"comment_status":"closed","ping_status":"closed","sticky":false,"template":"","format":"standard","meta":{"colormag_page_container_layout":"default_layout","colormag_page_sidebar_layout":"default_layout","_monsterinsights_skip_tracking":false,"_monsterinsights_sitenote_active":false,"_monsterinsights_sitenote_note":"","_monsterinsights_sitenote_category":0,"jetpack_post_was_ever_published":false,"_jetpack_newsletter_access":"","_jetpack_dont_email_post_to_subs":false,"_jetpack_newsletter_tier_id":0,"_jetpack_memberships_contains_paywalled_content":false,"_jetpack_memberships_contains_paid_content":false,"footnotes":"","jetpack_publicize_message":"","jetpack_publicize_feature_enabled":true,"jetpack_social_post_already_shared":true,"jetpack_social_options":{"image_generator_settings":{"template":"highway","default_image_id":0,"font":"","enabled":false},"version":2}},"categories":[15],"tags":[36,40,458,123],"class_list":["post-47093","post","type-post","status-publish","format-standard","has-post-thumbnail","hentry","category-desporto","tag-algarve","tag-desporto","tag-tenis-2","tag-vila-real-de-sto-antonio"],"yoast_head":"<!-- This site is optimized with the Yoast SEO plugin v27.5 - https:\/\/yoast.com\/product\/yoast-seo-wordpress\/ -->\n<title>5.\u00ba Open Internacional de T\u00e9nis de Vila Real de Santo Ant\u00f3nio: Francisco Rocha e Diogo Marques\u00a0 entram no quadro com 8 portugueses - Algarve 7<\/title>\n<meta name=\"description\" content=\"5.\u00ba Open Internacional de T\u00e9nis de Vila Real de Santo Ant\u00f3nio: Francisco Rocha e Diogo Marques\u00a0 entram no quadro com 8 portugueses Desporto\" \/>\n<meta name=\"robots\" content=\"index, follow, max-snippet:-1, max-image-preview:large, max-video-preview:-1\" \/>\n<link rel=\"canonical\" href=\"https:\/\/algarve7.pt\/index.php\/2025\/02\/5-o-open-internacional-de-tenis-de-vila-real-de-santo-antonio-francisco-rocha-e-diogo-marques-entram-no-quadro-com-8-portugueses\/desporto\/08\/10\/\" \/>\n<meta property=\"og:locale\" content=\"pt_PT\" \/>\n<meta property=\"og:type\" content=\"article\" \/>\n<meta property=\"og:title\" content=\"5.\u00ba Open Internacional de T\u00e9nis de Vila Real de Santo Ant\u00f3nio: Francisco Rocha e Diogo Marques\u00a0 entram no quadro com 8 portugueses - Algarve 7\" \/>\n<meta property=\"og:description\" content=\"5.\u00ba Open Internacional de T\u00e9nis de Vila Real de Santo Ant\u00f3nio: Francisco Rocha e Diogo Marques\u00a0 entram no quadro com 8 portugueses Desporto\" \/>\n<meta property=\"og:url\" content=\"https:\/\/algarve7.pt\/index.php\/2025\/02\/5-o-open-internacional-de-tenis-de-vila-real-de-santo-antonio-francisco-rocha-e-diogo-marques-entram-no-quadro-com-8-portugueses\/desporto\/08\/10\/\" \/>\n<meta property=\"og:site_name\" content=\"Algarve 7\" \/>\n<meta property=\"article:publisher\" content=\"https:\/\/www.facebook.com\/algarve7\" \/>\n<meta property=\"article:author\" content=\"https:\/\/www.facebook.com\/algarve7\" \/>\n<meta property=\"article:published_time\" content=\"2025-02-10T08:10:49+00:00\" \/>\n<meta property=\"article:modified_time\" content=\"2025-02-10T08:10:52+00:00\" \/>\n<meta property=\"og:image\" content=\"https:\/\/algarve7.pt\/wp-content\/uploads\/2025\/02\/Captura-de-ecra-2025-02-10-as-08.09.17.png\" \/>\n\t<meta property=\"og:image:width\" content=\"800\" \/>\n\t<meta property=\"og:image:height\" content=\"520\" \/>\n\t<meta property=\"og:image:type\" content=\"image\/png\" \/>\n<meta name=\"author\" content=\"Algarve 7\" \/>\n<meta name=\"twitter:card\" content=\"summary_large_image\" \/>\n<meta name=\"twitter:creator\" content=\"@Algarvesete\" \/>\n<meta name=\"twitter:site\" content=\"@Algarvesete\" \/>\n<meta name=\"twitter:label1\" content=\"Escrito por\" \/>\n\t<meta name=\"twitter:data1\" content=\"Algarve 7\" \/>\n\t<meta name=\"twitter:label2\" content=\"Tempo estimado de leitura\" \/>\n\t<meta name=\"twitter:data2\" content=\"4 minutos\" \/>\n<script type=\"application\/ld+json\" class=\"yoast-schema-graph\">{\"@context\":\"https:\\\/\\\/schema.org\",\"@graph\":[{\"@type\":\"Article\",\"@id\":\"https:\\\/\\\/algarve7.pt\\\/index.php\\\/2025\\\/02\\\/5-o-open-internacional-de-tenis-de-vila-real-de-santo-antonio-francisco-rocha-e-diogo-marques-entram-no-quadro-com-8-portugueses\\\/desporto\\\/08\\\/10\\\/#article\",\"isPartOf\":{\"@id\":\"https:\\\/\\\/algarve7.pt\\\/index.php\\\/2025\\\/02\\\/5-o-open-internacional-de-tenis-de-vila-real-de-santo-antonio-francisco-rocha-e-diogo-marques-entram-no-quadro-com-8-portugueses\\\/desporto\\\/08\\\/10\\\/\"},\"author\":{\"name\":\"Algarve 7\",\"@id\":\"https:\\\/\\\/algarve7.pt\\\/#\\\/schema\\\/person\\\/23fa70681308e7b319a3204bcea45e0c\"},\"headline\":\"5.\u00ba Open Internacional de T\u00e9nis de Vila Real de Santo Ant\u00f3nio: Francisco Rocha e Diogo Marques\u00a0 entram no quadro com 8 portugueses\",\"datePublished\":\"2025-02-10T08:10:49+00:00\",\"dateModified\":\"2025-02-10T08:10:52+00:00\",\"mainEntityOfPage\":{\"@id\":\"https:\\\/\\\/algarve7.pt\\\/index.php\\\/2025\\\/02\\\/5-o-open-internacional-de-tenis-de-vila-real-de-santo-antonio-francisco-rocha-e-diogo-marques-entram-no-quadro-com-8-portugueses\\\/desporto\\\/08\\\/10\\\/\"},\"wordCount\":710,\"publisher\":{\"@id\":\"https:\\\/\\\/algarve7.pt\\\/#organization\"},\"image\":{\"@id\":\"https:\\\/\\\/algarve7.pt\\\/index.php\\\/2025\\\/02\\\/5-o-open-internacional-de-tenis-de-vila-real-de-santo-antonio-francisco-rocha-e-diogo-marques-entram-no-quadro-com-8-portugueses\\\/desporto\\\/08\\\/10\\\/#primaryimage\"},\"thumbnailUrl\":\"https:\\\/\\\/algarve7.pt\\\/wp-content\\\/uploads\\\/2025\\\/02\\\/Captura-de-ecra-2025-02-10-as-08.09.17.png\",\"keywords\":[\"Algarve\",\"Desporto\",\"Tenis\",\"Vila Real de St\u00ba Ant\u00f3nio\"],\"articleSection\":[\"Desporto\"],\"inLanguage\":\"pt-PT\"},{\"@type\":\"WebPage\",\"@id\":\"https:\\\/\\\/algarve7.pt\\\/index.php\\\/2025\\\/02\\\/5-o-open-internacional-de-tenis-de-vila-real-de-santo-antonio-francisco-rocha-e-diogo-marques-entram-no-quadro-com-8-portugueses\\\/desporto\\\/08\\\/10\\\/\",\"url\":\"https:\\\/\\\/algarve7.pt\\\/index.php\\\/2025\\\/02\\\/5-o-open-internacional-de-tenis-de-vila-real-de-santo-antonio-francisco-rocha-e-diogo-marques-entram-no-quadro-com-8-portugueses\\\/desporto\\\/08\\\/10\\\/\",\"name\":\"5.\u00ba Open Internacional de T\u00e9nis de Vila Real de Santo Ant\u00f3nio: Francisco Rocha e Diogo Marques\u00a0 entram no quadro com 8 portugueses - Algarve 7\",\"isPartOf\":{\"@id\":\"https:\\\/\\\/algarve7.pt\\\/#website\"},\"primaryImageOfPage\":{\"@id\":\"https:\\\/\\\/algarve7.pt\\\/index.php\\\/2025\\\/02\\\/5-o-open-internacional-de-tenis-de-vila-real-de-santo-antonio-francisco-rocha-e-diogo-marques-entram-no-quadro-com-8-portugueses\\\/desporto\\\/08\\\/10\\\/#primaryimage\"},\"image\":{\"@id\":\"https:\\\/\\\/algarve7.pt\\\/index.php\\\/2025\\\/02\\\/5-o-open-internacional-de-tenis-de-vila-real-de-santo-antonio-francisco-rocha-e-diogo-marques-entram-no-quadro-com-8-portugueses\\\/desporto\\\/08\\\/10\\\/#primaryimage\"},\"thumbnailUrl\":\"https:\\\/\\\/algarve7.pt\\\/wp-content\\\/uploads\\\/2025\\\/02\\\/Captura-de-ecra-2025-02-10-as-08.09.17.png\",\"datePublished\":\"2025-02-10T08:10:49+00:00\",\"dateModified\":\"2025-02-10T08:10:52+00:00\",\"description\":\"5.\u00ba Open Internacional de T\u00e9nis de Vila Real de Santo Ant\u00f3nio: Francisco Rocha e Diogo Marques\u00a0 entram no quadro com 8 portugueses Desporto\",\"breadcrumb\":{\"@id\":\"https:\\\/\\\/algarve7.pt\\\/index.php\\\/2025\\\/02\\\/5-o-open-internacional-de-tenis-de-vila-real-de-santo-antonio-francisco-rocha-e-diogo-marques-entram-no-quadro-com-8-portugueses\\\/desporto\\\/08\\\/10\\\/#breadcrumb\"},\"inLanguage\":\"pt-PT\",\"potentialAction\":[{\"@type\":\"ReadAction\",\"target\":[\"https:\\\/\\\/algarve7.pt\\\/index.php\\\/2025\\\/02\\\/5-o-open-internacional-de-tenis-de-vila-real-de-santo-antonio-francisco-rocha-e-diogo-marques-entram-no-quadro-com-8-portugueses\\\/desporto\\\/08\\\/10\\\/\"]}]},{\"@type\":\"ImageObject\",\"inLanguage\":\"pt-PT\",\"@id\":\"https:\\\/\\\/algarve7.pt\\\/index.php\\\/2025\\\/02\\\/5-o-open-internacional-de-tenis-de-vila-real-de-santo-antonio-francisco-rocha-e-diogo-marques-entram-no-quadro-com-8-portugueses\\\/desporto\\\/08\\\/10\\\/#primaryimage\",\"url\":\"https:\\\/\\\/algarve7.pt\\\/wp-content\\\/uploads\\\/2025\\\/02\\\/Captura-de-ecra-2025-02-10-as-08.09.17.png\",\"contentUrl\":\"https:\\\/\\\/algarve7.pt\\\/wp-content\\\/uploads\\\/2025\\\/02\\\/Captura-de-ecra-2025-02-10-as-08.09.17.png\",\"width\":800,\"height\":520},{\"@type\":\"BreadcrumbList\",\"@id\":\"https:\\\/\\\/algarve7.pt\\\/index.php\\\/2025\\\/02\\\/5-o-open-internacional-de-tenis-de-vila-real-de-santo-antonio-francisco-rocha-e-diogo-marques-entram-no-quadro-com-8-portugueses\\\/desporto\\\/08\\\/10\\\/#breadcrumb\",\"itemListElement\":[{\"@type\":\"ListItem\",\"position\":1,\"name\":\"In\u00edcio\",\"item\":\"https:\\\/\\\/algarve7.pt\\\/\"},{\"@type\":\"ListItem\",\"position\":2,\"name\":\"5.\u00ba Open Internacional de T\u00e9nis de Vila Real de Santo Ant\u00f3nio: Francisco Rocha e Diogo Marques\u00a0 entram no quadro com 8 portugueses\"}]},{\"@type\":\"WebSite\",\"@id\":\"https:\\\/\\\/algarve7.pt\\\/#website\",\"url\":\"https:\\\/\\\/algarve7.pt\\\/\",\"name\":\"Algarve 7\",\"description\":\"Informa\u00e7\u00e3o sobre o Algarve\",\"publisher\":{\"@id\":\"https:\\\/\\\/algarve7.pt\\\/#organization\"},\"potentialAction\":[{\"@type\":\"SearchAction\",\"target\":{\"@type\":\"EntryPoint\",\"urlTemplate\":\"https:\\\/\\\/algarve7.pt\\\/?s={search_term_string}\"},\"query-input\":{\"@type\":\"PropertyValueSpecification\",\"valueRequired\":true,\"valueName\":\"search_term_string\"}}],\"inLanguage\":\"pt-PT\"},{\"@type\":\"Organization\",\"@id\":\"https:\\\/\\\/algarve7.pt\\\/#organization\",\"name\":\"Algarve 7\",\"url\":\"https:\\\/\\\/algarve7.pt\\\/\",\"logo\":{\"@type\":\"ImageObject\",\"inLanguage\":\"pt-PT\",\"@id\":\"https:\\\/\\\/algarve7.pt\\\/#\\\/schema\\\/logo\\\/image\\\/\",\"url\":\"https:\\\/\\\/algarve7.pt\\\/wp-content\\\/uploads\\\/2020\\\/10\\\/Logo-8.jpg\",\"contentUrl\":\"https:\\\/\\\/algarve7.pt\\\/wp-content\\\/uploads\\\/2020\\\/10\\\/Logo-8.jpg\",\"width\":1680,\"height\":1186,\"caption\":\"Algarve 7\"},\"image\":{\"@id\":\"https:\\\/\\\/algarve7.pt\\\/#\\\/schema\\\/logo\\\/image\\\/\"},\"sameAs\":[\"https:\\\/\\\/www.facebook.com\\\/algarve7\",\"https:\\\/\\\/x.com\\\/Algarvesete\",\"https:\\\/\\\/www.instagram.com\\\/jornalalgarve7\\\/\",\"https:\\\/\\\/www.linkedin.com\\\/company\\\/algarve7\",\"https:\\\/\\\/www.pinterest.pt\\\/geral0939\\\/_created\\\/\"]},{\"@type\":\"Person\",\"@id\":\"https:\\\/\\\/algarve7.pt\\\/#\\\/schema\\\/person\\\/23fa70681308e7b319a3204bcea45e0c\",\"name\":\"Algarve 7\",\"sameAs\":[\"https:\\\/\\\/algarve7.pt\",\"https:\\\/\\\/www.facebook.com\\\/algarve7\"],\"url\":\"https:\\\/\\\/algarve7.pt\\\/index.php\\\/author\\\/geralalgarve7-pt\\\/\"}]}<\/script>\n<!-- \/ Yoast SEO plugin. -->","yoast_head_json":{"title":"5.\u00ba Open Internacional de T\u00e9nis de Vila Real de Santo Ant\u00f3nio: Francisco Rocha e Diogo Marques\u00a0 entram no quadro com 8 portugueses - Algarve 7","description":"5.\u00ba Open Internacional de T\u00e9nis de Vila Real de Santo Ant\u00f3nio: Francisco Rocha e Diogo Marques\u00a0 entram no quadro com 8 portugueses Desporto","robots":{"index":"index","follow":"follow","max-snippet":"max-snippet:-1","max-image-preview":"max-image-preview:large","max-video-preview":"max-video-preview:-1"},"canonical":"https:\/\/algarve7.pt\/index.php\/2025\/02\/5-o-open-internacional-de-tenis-de-vila-real-de-santo-antonio-francisco-rocha-e-diogo-marques-entram-no-quadro-com-8-portugueses\/desporto\/08\/10\/","og_locale":"pt_PT","og_type":"article","og_title":"5.\u00ba Open Internacional de T\u00e9nis de Vila Real de Santo Ant\u00f3nio: Francisco Rocha e Diogo Marques\u00a0 entram no quadro com 8 portugueses - Algarve 7","og_description":"5.\u00ba Open Internacional de T\u00e9nis de Vila Real de Santo Ant\u00f3nio: Francisco Rocha e Diogo Marques\u00a0 entram no quadro com 8 portugueses Desporto","og_url":"https:\/\/algarve7.pt\/index.php\/2025\/02\/5-o-open-internacional-de-tenis-de-vila-real-de-santo-antonio-francisco-rocha-e-diogo-marques-entram-no-quadro-com-8-portugueses\/desporto\/08\/10\/","og_site_name":"Algarve 7","article_publisher":"https:\/\/www.facebook.com\/algarve7","article_author":"https:\/\/www.facebook.com\/algarve7","article_published_time":"2025-02-10T08:10:49+00:00","article_modified_time":"2025-02-10T08:10:52+00:00","og_image":[{"width":800,"height":520,"url":"https:\/\/algarve7.pt\/wp-content\/uploads\/2025\/02\/Captura-de-ecra-2025-02-10-as-08.09.17.png","type":"image\/png"}],"author":"Algarve 7","twitter_card":"summary_large_image","twitter_creator":"@Algarvesete","twitter_site":"@Algarvesete","twitter_misc":{"Escrito por":"Algarve 7","Tempo estimado de leitura":"4 minutos"},"schema":{"@context":"https:\/\/schema.org","@graph":[{"@type":"Article","@id":"https:\/\/algarve7.pt\/index.php\/2025\/02\/5-o-open-internacional-de-tenis-de-vila-real-de-santo-antonio-francisco-rocha-e-diogo-marques-entram-no-quadro-com-8-portugueses\/desporto\/08\/10\/#article","isPartOf":{"@id":"https:\/\/algarve7.pt\/index.php\/2025\/02\/5-o-open-internacional-de-tenis-de-vila-real-de-santo-antonio-francisco-rocha-e-diogo-marques-entram-no-quadro-com-8-portugueses\/desporto\/08\/10\/"},"author":{"name":"Algarve 7","@id":"https:\/\/algarve7.pt\/#\/schema\/person\/23fa70681308e7b319a3204bcea45e0c"},"headline":"5.\u00ba Open Internacional de T\u00e9nis de Vila Real de Santo Ant\u00f3nio: Francisco Rocha e Diogo Marques\u00a0 entram no quadro com 8 portugueses","datePublished":"2025-02-10T08:10:49+00:00","dateModified":"2025-02-10T08:10:52+00:00","mainEntityOfPage":{"@id":"https:\/\/algarve7.pt\/index.php\/2025\/02\/5-o-open-internacional-de-tenis-de-vila-real-de-santo-antonio-francisco-rocha-e-diogo-marques-entram-no-quadro-com-8-portugueses\/desporto\/08\/10\/"},"wordCount":710,"publisher":{"@id":"https:\/\/algarve7.pt\/#organization"},"image":{"@id":"https:\/\/algarve7.pt\/index.php\/2025\/02\/5-o-open-internacional-de-tenis-de-vila-real-de-santo-antonio-francisco-rocha-e-diogo-marques-entram-no-quadro-com-8-portugueses\/desporto\/08\/10\/#primaryimage"},"thumbnailUrl":"https:\/\/algarve7.pt\/wp-content\/uploads\/2025\/02\/Captura-de-ecra-2025-02-10-as-08.09.17.png","keywords":["Algarve","Desporto","Tenis","Vila Real de St\u00ba Ant\u00f3nio"],"articleSection":["Desporto"],"inLanguage":"pt-PT"},{"@type":"WebPage","@id":"https:\/\/algarve7.pt\/index.php\/2025\/02\/5-o-open-internacional-de-tenis-de-vila-real-de-santo-antonio-francisco-rocha-e-diogo-marques-entram-no-quadro-com-8-portugueses\/desporto\/08\/10\/","url":"https:\/\/algarve7.pt\/index.php\/2025\/02\/5-o-open-internacional-de-tenis-de-vila-real-de-santo-antonio-francisco-rocha-e-diogo-marques-entram-no-quadro-com-8-portugueses\/desporto\/08\/10\/","name":"5.\u00ba Open Internacional de T\u00e9nis de Vila Real de Santo Ant\u00f3nio: Francisco Rocha e Diogo Marques\u00a0 entram no quadro com 8 portugueses - Algarve 7","isPartOf":{"@id":"https:\/\/algarve7.pt\/#website"},"primaryImageOfPage":{"@id":"https:\/\/algarve7.pt\/index.php\/2025\/02\/5-o-open-internacional-de-tenis-de-vila-real-de-santo-antonio-francisco-rocha-e-diogo-marques-entram-no-quadro-com-8-portugueses\/desporto\/08\/10\/#primaryimage"},"image":{"@id":"https:\/\/algarve7.pt\/index.php\/2025\/02\/5-o-open-internacional-de-tenis-de-vila-real-de-santo-antonio-francisco-rocha-e-diogo-marques-entram-no-quadro-com-8-portugueses\/desporto\/08\/10\/#primaryimage"},"thumbnailUrl":"https:\/\/algarve7.pt\/wp-content\/uploads\/2025\/02\/Captura-de-ecra-2025-02-10-as-08.09.17.png","datePublished":"2025-02-10T08:10:49+00:00","dateModified":"2025-02-10T08:10:52+00:00","description":"5.\u00ba Open Internacional de T\u00e9nis de Vila Real de Santo Ant\u00f3nio: Francisco Rocha e Diogo Marques\u00a0 entram no quadro com 8 portugueses Desporto","breadcrumb":{"@id":"https:\/\/algarve7.pt\/index.php\/2025\/02\/5-o-open-internacional-de-tenis-de-vila-real-de-santo-antonio-francisco-rocha-e-diogo-marques-entram-no-quadro-com-8-portugueses\/desporto\/08\/10\/#breadcrumb"},"inLanguage":"pt-PT","potentialAction":[{"@type":"ReadAction","target":["https:\/\/algarve7.pt\/index.php\/2025\/02\/5-o-open-internacional-de-tenis-de-vila-real-de-santo-antonio-francisco-rocha-e-diogo-marques-entram-no-quadro-com-8-portugueses\/desporto\/08\/10\/"]}]},{"@type":"ImageObject","inLanguage":"pt-PT","@id":"https:\/\/algarve7.pt\/index.php\/2025\/02\/5-o-open-internacional-de-tenis-de-vila-real-de-santo-antonio-francisco-rocha-e-diogo-marques-entram-no-quadro-com-8-portugueses\/desporto\/08\/10\/#primaryimage","url":"https:\/\/algarve7.pt\/wp-content\/uploads\/2025\/02\/Captura-de-ecra-2025-02-10-as-08.09.17.png","contentUrl":"https:\/\/algarve7.pt\/wp-content\/uploads\/2025\/02\/Captura-de-ecra-2025-02-10-as-08.09.17.png","width":800,"height":520},{"@type":"BreadcrumbList","@id":"https:\/\/algarve7.pt\/index.php\/2025\/02\/5-o-open-internacional-de-tenis-de-vila-real-de-santo-antonio-francisco-rocha-e-diogo-marques-entram-no-quadro-com-8-portugueses\/desporto\/08\/10\/#breadcrumb","itemListElement":[{"@type":"ListItem","position":1,"name":"In\u00edcio","item":"https:\/\/algarve7.pt\/"},{"@type":"ListItem","position":2,"name":"5.\u00ba Open Internacional de T\u00e9nis de Vila Real de Santo Ant\u00f3nio: Francisco Rocha e Diogo Marques\u00a0 entram no quadro com 8 portugueses"}]},{"@type":"WebSite","@id":"https:\/\/algarve7.pt\/#website","url":"https:\/\/algarve7.pt\/","name":"Algarve 7","description":"Informa\u00e7\u00e3o sobre o Algarve","publisher":{"@id":"https:\/\/algarve7.pt\/#organization"},"potentialAction":[{"@type":"SearchAction","target":{"@type":"EntryPoint","urlTemplate":"https:\/\/algarve7.pt\/?s={search_term_string}"},"query-input":{"@type":"PropertyValueSpecification","valueRequired":true,"valueName":"search_term_string"}}],"inLanguage":"pt-PT"},{"@type":"Organization","@id":"https:\/\/algarve7.pt\/#organization","name":"Algarve 7","url":"https:\/\/algarve7.pt\/","logo":{"@type":"ImageObject","inLanguage":"pt-PT","@id":"https:\/\/algarve7.pt\/#\/schema\/logo\/image\/","url":"https:\/\/algarve7.pt\/wp-content\/uploads\/2020\/10\/Logo-8.jpg","contentUrl":"https:\/\/algarve7.pt\/wp-content\/uploads\/2020\/10\/Logo-8.jpg","width":1680,"height":1186,"caption":"Algarve 7"},"image":{"@id":"https:\/\/algarve7.pt\/#\/schema\/logo\/image\/"},"sameAs":["https:\/\/www.facebook.com\/algarve7","https:\/\/x.com\/Algarvesete","https:\/\/www.instagram.com\/jornalalgarve7\/","https:\/\/www.linkedin.com\/company\/algarve7","https:\/\/www.pinterest.pt\/geral0939\/_created\/"]},{"@type":"Person","@id":"https:\/\/algarve7.pt\/#\/schema\/person\/23fa70681308e7b319a3204bcea45e0c","name":"Algarve 7","sameAs":["https:\/\/algarve7.pt","https:\/\/www.facebook.com\/algarve7"],"url":"https:\/\/algarve7.pt\/index.php\/author\/geralalgarve7-pt\/"}]}},"jetpack_publicize_connections":[],"jetpack_featured_media_url":"https:\/\/algarve7.pt\/wp-content\/uploads\/2025\/02\/Captura-de-ecra-2025-02-10-as-08.09.17.png","jetpack_shortlink":"https:\/\/wp.me\/pcezmW-cfz","jetpack_sharing_enabled":true,"_links":{"self":[{"href":"https:\/\/algarve7.pt\/index.php\/wp-json\/wp\/v2\/posts\/47093","targetHints":{"allow":["GET"]}}],"collection":[{"href":"https:\/\/algarve7.pt\/index.php\/wp-json\/wp\/v2\/posts"}],"about":[{"href":"https:\/\/algarve7.pt\/index.php\/wp-json\/wp\/v2\/types\/post"}],"author":[{"embeddable":true,"href":"https:\/\/algarve7.pt\/index.php\/wp-json\/wp\/v2\/users\/1"}],"replies":[{"embeddable":true,"href":"https:\/\/algarve7.pt\/index.php\/wp-json\/wp\/v2\/comments?post=47093"}],"version-history":[{"count":0,"href":"https:\/\/algarve7.pt\/index.php\/wp-json\/wp\/v2\/posts\/47093\/revisions"}],"wp:featuredmedia":[{"embeddable":true,"href":"https:\/\/algarve7.pt\/index.php\/wp-json\/wp\/v2\/media\/47094"}],"wp:attachment":[{"href":"https:\/\/algarve7.pt\/index.php\/wp-json\/wp\/v2\/media?parent=47093"}],"wp:term":[{"taxonomy":"category","embeddable":true,"href":"https:\/\/algarve7.pt\/index.php\/wp-json\/wp\/v2\/categories?post=47093"},{"taxonomy":"post_tag","embeddable":true,"href":"https:\/\/algarve7.pt\/index.php\/wp-json\/wp\/v2\/tags?post=47093"}],"curies":[{"name":"wp","href":"https:\/\/api.w.org\/{rel}","templated":true}]}}