{"id":47081,"date":"2025-02-08T11:40:32","date_gmt":"2025-02-08T11:40:32","guid":{"rendered":"https:\/\/algarve7.pt\/?p=47081"},"modified":"2025-02-08T11:40:35","modified_gmt":"2025-02-08T11:40:35","slug":"open-internacional-de-tenis-de-vrsa-reforca-estatuto-e-distribui-60-mil-dolares-em-premios","status":"publish","type":"post","link":"https:\/\/algarve7.pt\/index.php\/2025\/02\/open-internacional-de-tenis-de-vrsa-reforca-estatuto-e-distribui-60-mil-dolares-em-premios\/desporto\/11\/40\/","title":{"rendered":"Open Internacional de T\u00e9nis de VRSA refor\u00e7a estatuto e distribui 60 mil d\u00f3lares em pr\u00e9mios"},"content":{"rendered":"\n<p>Pelo terceiro ano consecutivo, o Complexo Desportivo de Vila Real de Santo Ant\u00f3nio recebe, entre os dias 9 e 23 de fevereiro,&nbsp;<strong>o<\/strong>&nbsp;<strong>5.\u00ba e o 6.\u00ba Opens Internacionais de T\u00e9nis 2025<\/strong>, dois torneios profissionais do ITF World Tennis Tour, que contam para o ranking mundial do ATP Tour.<\/p>\n\n\n\n<p>O evento, organizado pelo Clube de T\u00e9nis de VRSA, conta com o apoio da C\u00e2mara Municipal de VRSA, da Federa\u00e7\u00e3o Portuguesa de T\u00e9nis e de um vasto leque de patrocinadores. A apresenta\u00e7\u00e3o oficial decorreu esta quinta-feira, 6 de fevereiro, na C\u00e2mara Municipal de Vila Real de Santo Ant\u00f3nio.<\/p>\n\n\n\n<p>Este ano, o pr\u00e9mio monet\u00e1rio total aumentou para&nbsp;<strong>60 mil d\u00f3lares<\/strong>, com&nbsp;<strong>30 mil d\u00f3lares atribu\u00eddos a cada torneio<\/strong>, um crescimento de 5 mil d\u00f3lares em rela\u00e7\u00e3o a 2024.<\/p>\n\n\n\n<p><strong>Competi\u00e7\u00e3o de refer\u00eancia para o t\u00e9nis jovem<\/strong><\/p>\n\n\n\n<p>V\u00edtor Palma, presidente do Clube de T\u00e9nis de VRSA, destacou a import\u00e2ncia do evento para o crescimento da modalidade e a valoriza\u00e7\u00e3o dos jovens atletas:<\/p>\n\n\n\n<p>\u201cO principal objetivo \u00e9 dar mais oportunidades aos jovens e continuar a contribuir para o crescimento do t\u00e9nis na cidade.\u201d<\/p>\n\n\n\n<p>Sublinhou ainda o sucesso dos atletas locais, afirmando que o clube pretende inspir\u00e1-los a alcan\u00e7ar o circuito internacional,&nbsp;<strong>tal como Henrique Rocha e Jaime Faria conseguiram<\/strong>.<\/p>\n\n\n\n<p><strong>Torneio refor\u00e7a identidade de VRSA como \u2018terra dos campe\u00f5es\u2019<\/strong><\/p>\n\n\n\n<p>O Open Internacional de T\u00e9nis integra a estrat\u00e9gia de promo\u00e7\u00e3o tur\u00edstica e desportiva do munic\u00edpio e tem vindo a consolidar-se como uma refer\u00eancia no circuito internacional.<\/p>\n\n\n\n<p>O presidente da C\u00e2mara Municipal de VRSA, \u00c1lvaro Ara\u00fajo, refor\u00e7ou a import\u00e2ncia do evento para a cidade:<\/p>\n\n\n\n<p>\u201cEste \u00e9 um evento fundamental para Vila Real de Santo Ant\u00f3nio, n\u00e3o s\u00f3 na vertente desportiva, mas tamb\u00e9m pelo impacto econ\u00f3mico e tur\u00edstico, atraindo visitantes de todo o mundo.\u201d<\/p>\n\n\n\n<p>J\u00e1 o vereador com o pelouro do Desporto, \u00c1lvaro Leal, destacou o esfor\u00e7o do munic\u00edpio na recupera\u00e7\u00e3o e consolida\u00e7\u00e3o da prova:<\/p>\n\n\n\n<p>\u201cEste torneio internacional voltou a ganhar for\u00e7a nos \u00faltimos anos, tornando-se um marco para a cidade. Al\u00e9m de recuperarmos a competi\u00e7\u00e3o, conseguimos elevar o n\u00edvel da organiza\u00e7\u00e3o e garantir edi\u00e7\u00f5es consistentes, o que refor\u00e7a a posi\u00e7\u00e3o de Vila Real de Santo Ant\u00f3nio no panorama do t\u00e9nis.\u201d<\/p>\n\n\n\n<p><strong>Duas semanas de t\u00e9nis de alto n\u00edvel com entrada livre<\/strong><\/p>\n\n\n\n<p>O&nbsp;<strong>5.\u00ba Open Internacional de T\u00e9nis de VRSA<\/strong>&nbsp;realiza-se de&nbsp;<strong>9 a 16 de fevereiro<\/strong>, enquanto o&nbsp;<strong>6.\u00ba torneio<\/strong>decorre de&nbsp;<strong>16 a 23 de fevereiro<\/strong>.<\/p>\n\n\n\n<p>Todos os jogos s\u00e3o de&nbsp;<strong>entrada livre<\/strong>&nbsp;e disputam-se entre as&nbsp;<strong>9h00 e as 18h00<\/strong>, com transmiss\u00e3o online em alta qualidade, assegurada pela Federa\u00e7\u00e3o Internacional de T\u00e9nis.<\/p>\n\n\n\n<p><strong>Atletas de 20 pa\u00edses em competi\u00e7\u00e3o<\/strong><\/p>\n\n\n\n<p>A edi\u00e7\u00e3o deste ano conta com jogadores de&nbsp;<strong>20 pa\u00edses<\/strong>, consolidando-se como uma plataforma de lan\u00e7amento para jovens talentos do t\u00e9nis.<\/p>\n\n\n\n<p>Estar\u00e3o representadas as seguintes na\u00e7\u00f5es:&nbsp;<strong>Portugal, Fran\u00e7a, Eslov\u00e1quia, Cro\u00e1cia, R\u00fassia, Rom\u00e9nia, \u00c1ustria, Alemanha, Col\u00f4mbia, Espanha, Gr\u00e3-Bretanha, It\u00e1lia, Estados Unidos, Uzbequist\u00e3o, Tail\u00e2ndia, Finl\u00e2ndia, China, Pol\u00f3nia, Bulg\u00e1ria e Su\u00ed\u00e7a<\/strong>.<\/p>\n\n\n\n<p><strong>Portugueses em destaque no torneio<\/strong><\/p>\n\n\n\n<p>Entre os atletas confirmados est\u00e3o&nbsp;<strong>Gast\u00e3o Elias e Frederico Silva<\/strong>, habituais representantes da sele\u00e7\u00e3o nacional na Ta\u00e7a Davis.&nbsp;<strong>Pedro Ara\u00fajo (390.\u00ba ATP)<\/strong>&nbsp;garantiu entrada direta no quadro principal, enquanto&nbsp;<strong>Duarte Vale (474.\u00ba) e Tiago Pereira (502.\u00ba)<\/strong>&nbsp;aguardam confirma\u00e7\u00e3o.<\/p>\n\n\n\n<p>Na fase de qualifica\u00e7\u00e3o estar\u00e3o presentes&nbsp;<strong>Francisco Rocha, Diogo Marques, Tom\u00e1s Lu\u00eds, Jo\u00e3o Gra\u00e7a, Daniel Batista, Guilherme Valdoleiros e Miguel Pereira Lopes<\/strong>.<\/p>\n\n\n\n<p>O franc\u00eas&nbsp;<strong>Robin Bertrand<\/strong>, atual&nbsp;<strong>260.\u00ba ATP<\/strong>, surge como o prov\u00e1vel primeiro cabe\u00e7a de s\u00e9rie, depois de conquistar cinco t\u00edtulos no ITF World Tennis Tour.<\/p>\n\n\n\n<p>O tenista Tiago Pereira, presente na cerim\u00f3nia de apresenta\u00e7\u00e3o, refor\u00e7ou a import\u00e2ncia do evento:<\/p>\n\n\n\n<p>\u201cEstes torneios s\u00e3o essenciais para o desenvolvimento dos jogadores e do t\u00e9nis em Portugal. Quero melhorar a minha performance e superar o desempenho do ano passado, dando o meu melhor em cada ponto.\u201d<\/p>\n","protected":false},"excerpt":{"rendered":"<p>Pelo terceiro ano consecutivo, o Complexo Desportivo de Vila Real de Santo Ant\u00f3nio recebe, entre os dias 9 e 23<\/p>\n","protected":false},"author":1,"featured_media":47082,"comment_status":"closed","ping_status":"closed","sticky":false,"template":"","format":"standard","meta":{"colormag_page_container_layout":"default_layout","colormag_page_sidebar_layout":"default_layout","_monsterinsights_skip_tracking":false,"_monsterinsights_sitenote_active":false,"_monsterinsights_sitenote_note":"","_monsterinsights_sitenote_category":0,"jetpack_post_was_ever_published":false,"_jetpack_newsletter_access":"","_jetpack_dont_email_post_to_subs":false,"_jetpack_newsletter_tier_id":0,"_jetpack_memberships_contains_paywalled_content":false,"_jetpack_memberships_contains_paid_content":false,"footnotes":"","jetpack_publicize_message":"","jetpack_publicize_feature_enabled":true,"jetpack_social_post_already_shared":true,"jetpack_social_options":{"image_generator_settings":{"template":"highway","default_image_id":0,"font":"","enabled":false},"version":2}},"categories":[15],"tags":[36,40,458,123],"class_list":["post-47081","post","type-post","status-publish","format-standard","has-post-thumbnail","hentry","category-desporto","tag-algarve","tag-desporto","tag-tenis-2","tag-vila-real-de-sto-antonio"],"yoast_head":"<!-- This site is optimized with the Yoast SEO plugin v27.5 - https:\/\/yoast.com\/product\/yoast-seo-wordpress\/ -->\n<title>Open Internacional de T\u00e9nis de VRSA refor\u00e7a estatuto e distribui 60 mil d\u00f3lares em pr\u00e9mios - Algarve 7<\/title>\n<meta name=\"description\" content=\"Open Internacional de T\u00e9nis de VRSA refor\u00e7a estatuto e distribui 60 mil d\u00f3lares em pr\u00e9mios Desporto\" \/>\n<meta name=\"robots\" content=\"index, follow, max-snippet:-1, max-image-preview:large, max-video-preview:-1\" \/>\n<link rel=\"canonical\" href=\"https:\/\/algarve7.pt\/index.php\/2025\/02\/open-internacional-de-tenis-de-vrsa-reforca-estatuto-e-distribui-60-mil-dolares-em-premios\/desporto\/11\/40\/\" \/>\n<meta property=\"og:locale\" content=\"pt_PT\" \/>\n<meta property=\"og:type\" content=\"article\" \/>\n<meta property=\"og:title\" content=\"Open Internacional de T\u00e9nis de VRSA refor\u00e7a estatuto e distribui 60 mil d\u00f3lares em pr\u00e9mios - Algarve 7\" \/>\n<meta property=\"og:description\" content=\"Open Internacional de T\u00e9nis de VRSA refor\u00e7a estatuto e distribui 60 mil d\u00f3lares em pr\u00e9mios Desporto\" \/>\n<meta property=\"og:url\" content=\"https:\/\/algarve7.pt\/index.php\/2025\/02\/open-internacional-de-tenis-de-vrsa-reforca-estatuto-e-distribui-60-mil-dolares-em-premios\/desporto\/11\/40\/\" \/>\n<meta property=\"og:site_name\" content=\"Algarve 7\" \/>\n<meta property=\"article:publisher\" content=\"https:\/\/www.facebook.com\/algarve7\" \/>\n<meta property=\"article:author\" content=\"https:\/\/www.facebook.com\/algarve7\" \/>\n<meta property=\"article:published_time\" content=\"2025-02-08T11:40:32+00:00\" \/>\n<meta property=\"article:modified_time\" content=\"2025-02-08T11:40:35+00:00\" \/>\n<meta property=\"og:image\" content=\"https:\/\/algarve7.pt\/wp-content\/uploads\/2025\/02\/Captura-de-ecra-2025-02-08-as-11.37.40.png\" \/>\n\t<meta property=\"og:image:width\" content=\"800\" \/>\n\t<meta property=\"og:image:height\" content=\"520\" \/>\n\t<meta property=\"og:image:type\" content=\"image\/png\" \/>\n<meta name=\"author\" content=\"Algarve 7\" \/>\n<meta name=\"twitter:card\" content=\"summary_large_image\" \/>\n<meta name=\"twitter:creator\" content=\"@Algarvesete\" \/>\n<meta name=\"twitter:site\" content=\"@Algarvesete\" \/>\n<meta name=\"twitter:label1\" content=\"Escrito por\" \/>\n\t<meta name=\"twitter:data1\" content=\"Algarve 7\" \/>\n\t<meta name=\"twitter:label2\" content=\"Tempo estimado de leitura\" \/>\n\t<meta name=\"twitter:data2\" content=\"4 minutos\" \/>\n<script type=\"application\/ld+json\" class=\"yoast-schema-graph\">{\"@context\":\"https:\\\/\\\/schema.org\",\"@graph\":[{\"@type\":\"Article\",\"@id\":\"https:\\\/\\\/algarve7.pt\\\/index.php\\\/2025\\\/02\\\/open-internacional-de-tenis-de-vrsa-reforca-estatuto-e-distribui-60-mil-dolares-em-premios\\\/desporto\\\/11\\\/40\\\/#article\",\"isPartOf\":{\"@id\":\"https:\\\/\\\/algarve7.pt\\\/index.php\\\/2025\\\/02\\\/open-internacional-de-tenis-de-vrsa-reforca-estatuto-e-distribui-60-mil-dolares-em-premios\\\/desporto\\\/11\\\/40\\\/\"},\"author\":{\"name\":\"Algarve 7\",\"@id\":\"https:\\\/\\\/algarve7.pt\\\/#\\\/schema\\\/person\\\/23fa70681308e7b319a3204bcea45e0c\"},\"headline\":\"Open Internacional de T\u00e9nis de VRSA refor\u00e7a estatuto e distribui 60 mil d\u00f3lares em pr\u00e9mios\",\"datePublished\":\"2025-02-08T11:40:32+00:00\",\"dateModified\":\"2025-02-08T11:40:35+00:00\",\"mainEntityOfPage\":{\"@id\":\"https:\\\/\\\/algarve7.pt\\\/index.php\\\/2025\\\/02\\\/open-internacional-de-tenis-de-vrsa-reforca-estatuto-e-distribui-60-mil-dolares-em-premios\\\/desporto\\\/11\\\/40\\\/\"},\"wordCount\":731,\"publisher\":{\"@id\":\"https:\\\/\\\/algarve7.pt\\\/#organization\"},\"image\":{\"@id\":\"https:\\\/\\\/algarve7.pt\\\/index.php\\\/2025\\\/02\\\/open-internacional-de-tenis-de-vrsa-reforca-estatuto-e-distribui-60-mil-dolares-em-premios\\\/desporto\\\/11\\\/40\\\/#primaryimage\"},\"thumbnailUrl\":\"https:\\\/\\\/algarve7.pt\\\/wp-content\\\/uploads\\\/2025\\\/02\\\/Captura-de-ecra-2025-02-08-as-11.37.40.png\",\"keywords\":[\"Algarve\",\"Desporto\",\"Tenis\",\"Vila Real de St\u00ba Ant\u00f3nio\"],\"articleSection\":[\"Desporto\"],\"inLanguage\":\"pt-PT\"},{\"@type\":\"WebPage\",\"@id\":\"https:\\\/\\\/algarve7.pt\\\/index.php\\\/2025\\\/02\\\/open-internacional-de-tenis-de-vrsa-reforca-estatuto-e-distribui-60-mil-dolares-em-premios\\\/desporto\\\/11\\\/40\\\/\",\"url\":\"https:\\\/\\\/algarve7.pt\\\/index.php\\\/2025\\\/02\\\/open-internacional-de-tenis-de-vrsa-reforca-estatuto-e-distribui-60-mil-dolares-em-premios\\\/desporto\\\/11\\\/40\\\/\",\"name\":\"Open Internacional de T\u00e9nis de VRSA refor\u00e7a estatuto e distribui 60 mil d\u00f3lares em pr\u00e9mios - Algarve 7\",\"isPartOf\":{\"@id\":\"https:\\\/\\\/algarve7.pt\\\/#website\"},\"primaryImageOfPage\":{\"@id\":\"https:\\\/\\\/algarve7.pt\\\/index.php\\\/2025\\\/02\\\/open-internacional-de-tenis-de-vrsa-reforca-estatuto-e-distribui-60-mil-dolares-em-premios\\\/desporto\\\/11\\\/40\\\/#primaryimage\"},\"image\":{\"@id\":\"https:\\\/\\\/algarve7.pt\\\/index.php\\\/2025\\\/02\\\/open-internacional-de-tenis-de-vrsa-reforca-estatuto-e-distribui-60-mil-dolares-em-premios\\\/desporto\\\/11\\\/40\\\/#primaryimage\"},\"thumbnailUrl\":\"https:\\\/\\\/algarve7.pt\\\/wp-content\\\/uploads\\\/2025\\\/02\\\/Captura-de-ecra-2025-02-08-as-11.37.40.png\",\"datePublished\":\"2025-02-08T11:40:32+00:00\",\"dateModified\":\"2025-02-08T11:40:35+00:00\",\"description\":\"Open Internacional de T\u00e9nis de VRSA refor\u00e7a estatuto e distribui 60 mil d\u00f3lares em pr\u00e9mios Desporto\",\"breadcrumb\":{\"@id\":\"https:\\\/\\\/algarve7.pt\\\/index.php\\\/2025\\\/02\\\/open-internacional-de-tenis-de-vrsa-reforca-estatuto-e-distribui-60-mil-dolares-em-premios\\\/desporto\\\/11\\\/40\\\/#breadcrumb\"},\"inLanguage\":\"pt-PT\",\"potentialAction\":[{\"@type\":\"ReadAction\",\"target\":[\"https:\\\/\\\/algarve7.pt\\\/index.php\\\/2025\\\/02\\\/open-internacional-de-tenis-de-vrsa-reforca-estatuto-e-distribui-60-mil-dolares-em-premios\\\/desporto\\\/11\\\/40\\\/\"]}]},{\"@type\":\"ImageObject\",\"inLanguage\":\"pt-PT\",\"@id\":\"https:\\\/\\\/algarve7.pt\\\/index.php\\\/2025\\\/02\\\/open-internacional-de-tenis-de-vrsa-reforca-estatuto-e-distribui-60-mil-dolares-em-premios\\\/desporto\\\/11\\\/40\\\/#primaryimage\",\"url\":\"https:\\\/\\\/algarve7.pt\\\/wp-content\\\/uploads\\\/2025\\\/02\\\/Captura-de-ecra-2025-02-08-as-11.37.40.png\",\"contentUrl\":\"https:\\\/\\\/algarve7.pt\\\/wp-content\\\/uploads\\\/2025\\\/02\\\/Captura-de-ecra-2025-02-08-as-11.37.40.png\",\"width\":800,\"height\":520},{\"@type\":\"BreadcrumbList\",\"@id\":\"https:\\\/\\\/algarve7.pt\\\/index.php\\\/2025\\\/02\\\/open-internacional-de-tenis-de-vrsa-reforca-estatuto-e-distribui-60-mil-dolares-em-premios\\\/desporto\\\/11\\\/40\\\/#breadcrumb\",\"itemListElement\":[{\"@type\":\"ListItem\",\"position\":1,\"name\":\"In\u00edcio\",\"item\":\"https:\\\/\\\/algarve7.pt\\\/\"},{\"@type\":\"ListItem\",\"position\":2,\"name\":\"Open Internacional de T\u00e9nis de VRSA refor\u00e7a estatuto e distribui 60 mil d\u00f3lares em pr\u00e9mios\"}]},{\"@type\":\"WebSite\",\"@id\":\"https:\\\/\\\/algarve7.pt\\\/#website\",\"url\":\"https:\\\/\\\/algarve7.pt\\\/\",\"name\":\"Algarve 7\",\"description\":\"Informa\u00e7\u00e3o sobre o Algarve\",\"publisher\":{\"@id\":\"https:\\\/\\\/algarve7.pt\\\/#organization\"},\"potentialAction\":[{\"@type\":\"SearchAction\",\"target\":{\"@type\":\"EntryPoint\",\"urlTemplate\":\"https:\\\/\\\/algarve7.pt\\\/?s={search_term_string}\"},\"query-input\":{\"@type\":\"PropertyValueSpecification\",\"valueRequired\":true,\"valueName\":\"search_term_string\"}}],\"inLanguage\":\"pt-PT\"},{\"@type\":\"Organization\",\"@id\":\"https:\\\/\\\/algarve7.pt\\\/#organization\",\"name\":\"Algarve 7\",\"url\":\"https:\\\/\\\/algarve7.pt\\\/\",\"logo\":{\"@type\":\"ImageObject\",\"inLanguage\":\"pt-PT\",\"@id\":\"https:\\\/\\\/algarve7.pt\\\/#\\\/schema\\\/logo\\\/image\\\/\",\"url\":\"https:\\\/\\\/algarve7.pt\\\/wp-content\\\/uploads\\\/2020\\\/10\\\/Logo-8.jpg\",\"contentUrl\":\"https:\\\/\\\/algarve7.pt\\\/wp-content\\\/uploads\\\/2020\\\/10\\\/Logo-8.jpg\",\"width\":1680,\"height\":1186,\"caption\":\"Algarve 7\"},\"image\":{\"@id\":\"https:\\\/\\\/algarve7.pt\\\/#\\\/schema\\\/logo\\\/image\\\/\"},\"sameAs\":[\"https:\\\/\\\/www.facebook.com\\\/algarve7\",\"https:\\\/\\\/x.com\\\/Algarvesete\",\"https:\\\/\\\/www.instagram.com\\\/jornalalgarve7\\\/\",\"https:\\\/\\\/www.linkedin.com\\\/company\\\/algarve7\",\"https:\\\/\\\/www.pinterest.pt\\\/geral0939\\\/_created\\\/\"]},{\"@type\":\"Person\",\"@id\":\"https:\\\/\\\/algarve7.pt\\\/#\\\/schema\\\/person\\\/23fa70681308e7b319a3204bcea45e0c\",\"name\":\"Algarve 7\",\"sameAs\":[\"https:\\\/\\\/algarve7.pt\",\"https:\\\/\\\/www.facebook.com\\\/algarve7\"],\"url\":\"https:\\\/\\\/algarve7.pt\\\/index.php\\\/author\\\/geralalgarve7-pt\\\/\"}]}<\/script>\n<!-- \/ Yoast SEO plugin. -->","yoast_head_json":{"title":"Open Internacional de T\u00e9nis de VRSA refor\u00e7a estatuto e distribui 60 mil d\u00f3lares em pr\u00e9mios - Algarve 7","description":"Open Internacional de T\u00e9nis de VRSA refor\u00e7a estatuto e distribui 60 mil d\u00f3lares em pr\u00e9mios Desporto","robots":{"index":"index","follow":"follow","max-snippet":"max-snippet:-1","max-image-preview":"max-image-preview:large","max-video-preview":"max-video-preview:-1"},"canonical":"https:\/\/algarve7.pt\/index.php\/2025\/02\/open-internacional-de-tenis-de-vrsa-reforca-estatuto-e-distribui-60-mil-dolares-em-premios\/desporto\/11\/40\/","og_locale":"pt_PT","og_type":"article","og_title":"Open Internacional de T\u00e9nis de VRSA refor\u00e7a estatuto e distribui 60 mil d\u00f3lares em pr\u00e9mios - Algarve 7","og_description":"Open Internacional de T\u00e9nis de VRSA refor\u00e7a estatuto e distribui 60 mil d\u00f3lares em pr\u00e9mios Desporto","og_url":"https:\/\/algarve7.pt\/index.php\/2025\/02\/open-internacional-de-tenis-de-vrsa-reforca-estatuto-e-distribui-60-mil-dolares-em-premios\/desporto\/11\/40\/","og_site_name":"Algarve 7","article_publisher":"https:\/\/www.facebook.com\/algarve7","article_author":"https:\/\/www.facebook.com\/algarve7","article_published_time":"2025-02-08T11:40:32+00:00","article_modified_time":"2025-02-08T11:40:35+00:00","og_image":[{"width":800,"height":520,"url":"https:\/\/algarve7.pt\/wp-content\/uploads\/2025\/02\/Captura-de-ecra-2025-02-08-as-11.37.40.png","type":"image\/png"}],"author":"Algarve 7","twitter_card":"summary_large_image","twitter_creator":"@Algarvesete","twitter_site":"@Algarvesete","twitter_misc":{"Escrito por":"Algarve 7","Tempo estimado de leitura":"4 minutos"},"schema":{"@context":"https:\/\/schema.org","@graph":[{"@type":"Article","@id":"https:\/\/algarve7.pt\/index.php\/2025\/02\/open-internacional-de-tenis-de-vrsa-reforca-estatuto-e-distribui-60-mil-dolares-em-premios\/desporto\/11\/40\/#article","isPartOf":{"@id":"https:\/\/algarve7.pt\/index.php\/2025\/02\/open-internacional-de-tenis-de-vrsa-reforca-estatuto-e-distribui-60-mil-dolares-em-premios\/desporto\/11\/40\/"},"author":{"name":"Algarve 7","@id":"https:\/\/algarve7.pt\/#\/schema\/person\/23fa70681308e7b319a3204bcea45e0c"},"headline":"Open Internacional de T\u00e9nis de VRSA refor\u00e7a estatuto e distribui 60 mil d\u00f3lares em pr\u00e9mios","datePublished":"2025-02-08T11:40:32+00:00","dateModified":"2025-02-08T11:40:35+00:00","mainEntityOfPage":{"@id":"https:\/\/algarve7.pt\/index.php\/2025\/02\/open-internacional-de-tenis-de-vrsa-reforca-estatuto-e-distribui-60-mil-dolares-em-premios\/desporto\/11\/40\/"},"wordCount":731,"publisher":{"@id":"https:\/\/algarve7.pt\/#organization"},"image":{"@id":"https:\/\/algarve7.pt\/index.php\/2025\/02\/open-internacional-de-tenis-de-vrsa-reforca-estatuto-e-distribui-60-mil-dolares-em-premios\/desporto\/11\/40\/#primaryimage"},"thumbnailUrl":"https:\/\/algarve7.pt\/wp-content\/uploads\/2025\/02\/Captura-de-ecra-2025-02-08-as-11.37.40.png","keywords":["Algarve","Desporto","Tenis","Vila Real de St\u00ba Ant\u00f3nio"],"articleSection":["Desporto"],"inLanguage":"pt-PT"},{"@type":"WebPage","@id":"https:\/\/algarve7.pt\/index.php\/2025\/02\/open-internacional-de-tenis-de-vrsa-reforca-estatuto-e-distribui-60-mil-dolares-em-premios\/desporto\/11\/40\/","url":"https:\/\/algarve7.pt\/index.php\/2025\/02\/open-internacional-de-tenis-de-vrsa-reforca-estatuto-e-distribui-60-mil-dolares-em-premios\/desporto\/11\/40\/","name":"Open Internacional de T\u00e9nis de VRSA refor\u00e7a estatuto e distribui 60 mil d\u00f3lares em pr\u00e9mios - Algarve 7","isPartOf":{"@id":"https:\/\/algarve7.pt\/#website"},"primaryImageOfPage":{"@id":"https:\/\/algarve7.pt\/index.php\/2025\/02\/open-internacional-de-tenis-de-vrsa-reforca-estatuto-e-distribui-60-mil-dolares-em-premios\/desporto\/11\/40\/#primaryimage"},"image":{"@id":"https:\/\/algarve7.pt\/index.php\/2025\/02\/open-internacional-de-tenis-de-vrsa-reforca-estatuto-e-distribui-60-mil-dolares-em-premios\/desporto\/11\/40\/#primaryimage"},"thumbnailUrl":"https:\/\/algarve7.pt\/wp-content\/uploads\/2025\/02\/Captura-de-ecra-2025-02-08-as-11.37.40.png","datePublished":"2025-02-08T11:40:32+00:00","dateModified":"2025-02-08T11:40:35+00:00","description":"Open Internacional de T\u00e9nis de VRSA refor\u00e7a estatuto e distribui 60 mil d\u00f3lares em pr\u00e9mios Desporto","breadcrumb":{"@id":"https:\/\/algarve7.pt\/index.php\/2025\/02\/open-internacional-de-tenis-de-vrsa-reforca-estatuto-e-distribui-60-mil-dolares-em-premios\/desporto\/11\/40\/#breadcrumb"},"inLanguage":"pt-PT","potentialAction":[{"@type":"ReadAction","target":["https:\/\/algarve7.pt\/index.php\/2025\/02\/open-internacional-de-tenis-de-vrsa-reforca-estatuto-e-distribui-60-mil-dolares-em-premios\/desporto\/11\/40\/"]}]},{"@type":"ImageObject","inLanguage":"pt-PT","@id":"https:\/\/algarve7.pt\/index.php\/2025\/02\/open-internacional-de-tenis-de-vrsa-reforca-estatuto-e-distribui-60-mil-dolares-em-premios\/desporto\/11\/40\/#primaryimage","url":"https:\/\/algarve7.pt\/wp-content\/uploads\/2025\/02\/Captura-de-ecra-2025-02-08-as-11.37.40.png","contentUrl":"https:\/\/algarve7.pt\/wp-content\/uploads\/2025\/02\/Captura-de-ecra-2025-02-08-as-11.37.40.png","width":800,"height":520},{"@type":"BreadcrumbList","@id":"https:\/\/algarve7.pt\/index.php\/2025\/02\/open-internacional-de-tenis-de-vrsa-reforca-estatuto-e-distribui-60-mil-dolares-em-premios\/desporto\/11\/40\/#breadcrumb","itemListElement":[{"@type":"ListItem","position":1,"name":"In\u00edcio","item":"https:\/\/algarve7.pt\/"},{"@type":"ListItem","position":2,"name":"Open Internacional de T\u00e9nis de VRSA refor\u00e7a estatuto e distribui 60 mil d\u00f3lares em pr\u00e9mios"}]},{"@type":"WebSite","@id":"https:\/\/algarve7.pt\/#website","url":"https:\/\/algarve7.pt\/","name":"Algarve 7","description":"Informa\u00e7\u00e3o sobre o Algarve","publisher":{"@id":"https:\/\/algarve7.pt\/#organization"},"potentialAction":[{"@type":"SearchAction","target":{"@type":"EntryPoint","urlTemplate":"https:\/\/algarve7.pt\/?s={search_term_string}"},"query-input":{"@type":"PropertyValueSpecification","valueRequired":true,"valueName":"search_term_string"}}],"inLanguage":"pt-PT"},{"@type":"Organization","@id":"https:\/\/algarve7.pt\/#organization","name":"Algarve 7","url":"https:\/\/algarve7.pt\/","logo":{"@type":"ImageObject","inLanguage":"pt-PT","@id":"https:\/\/algarve7.pt\/#\/schema\/logo\/image\/","url":"https:\/\/algarve7.pt\/wp-content\/uploads\/2020\/10\/Logo-8.jpg","contentUrl":"https:\/\/algarve7.pt\/wp-content\/uploads\/2020\/10\/Logo-8.jpg","width":1680,"height":1186,"caption":"Algarve 7"},"image":{"@id":"https:\/\/algarve7.pt\/#\/schema\/logo\/image\/"},"sameAs":["https:\/\/www.facebook.com\/algarve7","https:\/\/x.com\/Algarvesete","https:\/\/www.instagram.com\/jornalalgarve7\/","https:\/\/www.linkedin.com\/company\/algarve7","https:\/\/www.pinterest.pt\/geral0939\/_created\/"]},{"@type":"Person","@id":"https:\/\/algarve7.pt\/#\/schema\/person\/23fa70681308e7b319a3204bcea45e0c","name":"Algarve 7","sameAs":["https:\/\/algarve7.pt","https:\/\/www.facebook.com\/algarve7"],"url":"https:\/\/algarve7.pt\/index.php\/author\/geralalgarve7-pt\/"}]}},"jetpack_publicize_connections":[],"jetpack_featured_media_url":"https:\/\/algarve7.pt\/wp-content\/uploads\/2025\/02\/Captura-de-ecra-2025-02-08-as-11.37.40.png","jetpack_shortlink":"https:\/\/wp.me\/pcezmW-cfn","jetpack_sharing_enabled":true,"_links":{"self":[{"href":"https:\/\/algarve7.pt\/index.php\/wp-json\/wp\/v2\/posts\/47081","targetHints":{"allow":["GET"]}}],"collection":[{"href":"https:\/\/algarve7.pt\/index.php\/wp-json\/wp\/v2\/posts"}],"about":[{"href":"https:\/\/algarve7.pt\/index.php\/wp-json\/wp\/v2\/types\/post"}],"author":[{"embeddable":true,"href":"https:\/\/algarve7.pt\/index.php\/wp-json\/wp\/v2\/users\/1"}],"replies":[{"embeddable":true,"href":"https:\/\/algarve7.pt\/index.php\/wp-json\/wp\/v2\/comments?post=47081"}],"version-history":[{"count":0,"href":"https:\/\/algarve7.pt\/index.php\/wp-json\/wp\/v2\/posts\/47081\/revisions"}],"wp:featuredmedia":[{"embeddable":true,"href":"https:\/\/algarve7.pt\/index.php\/wp-json\/wp\/v2\/media\/47082"}],"wp:attachment":[{"href":"https:\/\/algarve7.pt\/index.php\/wp-json\/wp\/v2\/media?parent=47081"}],"wp:term":[{"taxonomy":"category","embeddable":true,"href":"https:\/\/algarve7.pt\/index.php\/wp-json\/wp\/v2\/categories?post=47081"},{"taxonomy":"post_tag","embeddable":true,"href":"https:\/\/algarve7.pt\/index.php\/wp-json\/wp\/v2\/tags?post=47081"}],"curies":[{"name":"wp","href":"https:\/\/api.w.org\/{rel}","templated":true}]}}