{"id":47067,"date":"2025-02-08T10:09:45","date_gmt":"2025-02-08T10:09:45","guid":{"rendered":"https:\/\/algarve7.pt\/?p=47067"},"modified":"2025-02-08T10:09:49","modified_gmt":"2025-02-08T10:09:49","slug":"cria-carbono-da-ria-sessao-de-esclarecimento-em-almancil-convida-cidadaos-a-serem-cientistas-por-um-dia","status":"publish","type":"post","link":"https:\/\/algarve7.pt\/index.php\/2025\/02\/cria-carbono-da-ria-sessao-de-esclarecimento-em-almancil-convida-cidadaos-a-serem-cientistas-por-um-dia\/ambiente\/10\/09\/","title":{"rendered":"CRIA \u2013 carbono da ria: sess\u00e3o de esclarecimento em Almancil convida cidad\u00e3os a serem \u201ccientistas por um dia\u201d"},"content":{"rendered":"\n<p>A 17 de fevereiro, \u00e0s 18h00, o Pavilh\u00e3o Multiusos 25 de Abril, em Almancil, recebe a sess\u00e3o de forma\u00e7\u00e3o para volunt\u00e1rios residentes na freguesia de Almancil sobre o projeto CRIA \u2013 Carbono da Ria.<\/p>\n\n\n\n<p>Trata-se de uma iniciativa de participa\u00e7\u00e3o clim\u00e1tica da BlueZ C Institute \u2013 Instituto da Conserva\u00e7\u00e3o Marinha e Economia do Carbono, em parceria com a Comiss\u00e3o de Cogest\u00e3o do Parque Natural da Ria Formosa, sendo que o Munic\u00edpio de Loul\u00e9 faz parte da Estrutura de Apoio desta Comiss\u00e3o.<\/p>\n\n\n\n<p>Promover ci\u00eancia cidad\u00e3 com foco na rela\u00e7\u00e3o clima-oceano, gerando conhecimento sobre os stocks de carbono azul do Parque Natural da Ria Formosa e mobilizando os seus residentes para a prote\u00e7\u00e3o dos valores ambientais desta \u00e1rea protegida s\u00e3o os objetivos da a\u00e7\u00e3o.<\/p>\n\n\n\n<p>A ideia \u00e9 que os participantes sejam cientistas por um dia. Assim, al\u00e9m de uma forma\u00e7\u00e3o de 45 minutos sobre a import\u00e2ncia dos sedimentos (lodo) da Ria Formosa no combate \u00e0s altera\u00e7\u00f5es clim\u00e1ticas, os participantes recebem um kit de recolha de amostras de lodo com oferta de toalha de microfibra em PET de garrafas recicladas e marcador permanente. Recebem ainda um diploma de participa\u00e7\u00e3o nesta a\u00e7\u00e3o de voluntariado.<br>Al\u00e9m disso, ver\u00e3o o seu nome e fotografia (facultativo) inscritos na publica\u00e7\u00e3o&nbsp;&#8220;Guia do Carbono da Ria&#8221; como cientista contribuidor.&nbsp;<\/p>\n\n\n\n<p>Os 250 participantes das 12 freguesias do Parque Natural da Ria Formosa ficam ainda automaticamente habilitados ao sorteio de uma&nbsp;Bolsa Ci\u00eancia&nbsp;correspondente a um ano de propinas na Universidade do Algarve.<\/p>\n\n\n\n<p>A inscri\u00e7\u00e3o dos volunt\u00e1rios (que ter\u00e3o de ter mais de 16 anos de idade) nesta sess\u00e3o est\u00e1 limitada a um m\u00e1ximo de 20 participantes e poder\u00e1 ser formalizada at\u00e9 ao dia 16 de fevereiro, atrav\u00e9s do preenchimento de um formul\u00e1rio online (<a href=\"https:\/\/forms.gle\/7FqS6g8ZscVH8tKT6\" target=\"_blank\" rel=\"noreferrer noopener\">https:\/\/forms.gle\/7FqS6g8ZscVH8tKT6<\/a>), por e-mail (<a href=\"mailto:contact@bluezc.org\" target=\"_blank\" rel=\"noreferrer noopener\">contact@bluezc.org<\/a>) ou por Whatsapp (960099925), indicando o nome e a idade, e que pretendem frequentar esta sess\u00e3o por serem residentes na freguesia de Almancil.<\/p>\n","protected":false},"excerpt":{"rendered":"<p>A 17 de fevereiro, \u00e0s 18h00, o Pavilh\u00e3o Multiusos 25 de Abril, em Almancil, recebe a sess\u00e3o de forma\u00e7\u00e3o para<\/p>\n","protected":false},"author":1,"featured_media":47068,"comment_status":"closed","ping_status":"closed","sticky":false,"template":"","format":"standard","meta":{"colormag_page_container_layout":"default_layout","colormag_page_sidebar_layout":"default_layout","_monsterinsights_skip_tracking":false,"_monsterinsights_sitenote_active":false,"_monsterinsights_sitenote_note":"","_monsterinsights_sitenote_category":0,"jetpack_post_was_ever_published":false,"_jetpack_newsletter_access":"","_jetpack_dont_email_post_to_subs":false,"_jetpack_newsletter_tier_id":0,"_jetpack_memberships_contains_paywalled_content":false,"_jetpack_memberships_contains_paid_content":false,"footnotes":"","jetpack_publicize_message":"","jetpack_publicize_feature_enabled":true,"jetpack_social_post_already_shared":true,"jetpack_social_options":{"image_generator_settings":{"template":"highway","default_image_id":0,"font":"","enabled":false},"version":2}},"categories":[5],"tags":[36,32,31],"class_list":["post-47067","post","type-post","status-publish","format-standard","has-post-thumbnail","hentry","category-ambiente","tag-algarve","tag-ambiente","tag-loule"],"yoast_head":"<!-- This site is optimized with the Yoast SEO plugin v27.5 - https:\/\/yoast.com\/product\/yoast-seo-wordpress\/ -->\n<title>CRIA \u2013 carbono da ria: sess\u00e3o de esclarecimento em Almancil convida cidad\u00e3os a serem \u201ccientistas por um dia\u201d - Algarve 7<\/title>\n<meta name=\"description\" content=\"CRIA \u2013 carbono da ria: sess\u00e3o de esclarecimento em Almancil convida cidad\u00e3os a serem \u201ccientistas por um dia\u201d Ambiente\" \/>\n<meta name=\"robots\" content=\"index, follow, max-snippet:-1, max-image-preview:large, max-video-preview:-1\" \/>\n<link rel=\"canonical\" href=\"https:\/\/algarve7.pt\/index.php\/2025\/02\/cria-carbono-da-ria-sessao-de-esclarecimento-em-almancil-convida-cidadaos-a-serem-cientistas-por-um-dia\/ambiente\/10\/09\/\" \/>\n<meta property=\"og:locale\" content=\"pt_PT\" \/>\n<meta property=\"og:type\" content=\"article\" \/>\n<meta property=\"og:title\" content=\"CRIA \u2013 carbono da ria: sess\u00e3o de esclarecimento em Almancil convida cidad\u00e3os a serem \u201ccientistas por um dia\u201d - Algarve 7\" \/>\n<meta property=\"og:description\" content=\"CRIA \u2013 carbono da ria: sess\u00e3o de esclarecimento em Almancil convida cidad\u00e3os a serem \u201ccientistas por um dia\u201d Ambiente\" \/>\n<meta property=\"og:url\" content=\"https:\/\/algarve7.pt\/index.php\/2025\/02\/cria-carbono-da-ria-sessao-de-esclarecimento-em-almancil-convida-cidadaos-a-serem-cientistas-por-um-dia\/ambiente\/10\/09\/\" \/>\n<meta property=\"og:site_name\" content=\"Algarve 7\" \/>\n<meta property=\"article:publisher\" content=\"https:\/\/www.facebook.com\/algarve7\" \/>\n<meta property=\"article:author\" content=\"https:\/\/www.facebook.com\/algarve7\" \/>\n<meta property=\"article:published_time\" content=\"2025-02-08T10:09:45+00:00\" \/>\n<meta property=\"article:modified_time\" content=\"2025-02-08T10:09:49+00:00\" \/>\n<meta property=\"og:image\" content=\"https:\/\/algarve7.pt\/wp-content\/uploads\/2025\/02\/ludo_ria_formosa.png\" \/>\n\t<meta property=\"og:image:width\" content=\"800\" \/>\n\t<meta property=\"og:image:height\" content=\"500\" \/>\n\t<meta property=\"og:image:type\" content=\"image\/png\" \/>\n<meta name=\"author\" content=\"Algarve 7\" \/>\n<meta name=\"twitter:card\" content=\"summary_large_image\" \/>\n<meta name=\"twitter:creator\" content=\"@Algarvesete\" \/>\n<meta name=\"twitter:site\" content=\"@Algarvesete\" \/>\n<meta name=\"twitter:label1\" content=\"Escrito por\" \/>\n\t<meta name=\"twitter:data1\" content=\"Algarve 7\" \/>\n\t<meta name=\"twitter:label2\" content=\"Tempo estimado de leitura\" \/>\n\t<meta name=\"twitter:data2\" content=\"2 minutos\" \/>\n<script type=\"application\/ld+json\" class=\"yoast-schema-graph\">{\"@context\":\"https:\\\/\\\/schema.org\",\"@graph\":[{\"@type\":\"Article\",\"@id\":\"https:\\\/\\\/algarve7.pt\\\/index.php\\\/2025\\\/02\\\/cria-carbono-da-ria-sessao-de-esclarecimento-em-almancil-convida-cidadaos-a-serem-cientistas-por-um-dia\\\/ambiente\\\/10\\\/09\\\/#article\",\"isPartOf\":{\"@id\":\"https:\\\/\\\/algarve7.pt\\\/index.php\\\/2025\\\/02\\\/cria-carbono-da-ria-sessao-de-esclarecimento-em-almancil-convida-cidadaos-a-serem-cientistas-por-um-dia\\\/ambiente\\\/10\\\/09\\\/\"},\"author\":{\"name\":\"Algarve 7\",\"@id\":\"https:\\\/\\\/algarve7.pt\\\/#\\\/schema\\\/person\\\/23fa70681308e7b319a3204bcea45e0c\"},\"headline\":\"CRIA \u2013 carbono da ria: sess\u00e3o de esclarecimento em Almancil convida cidad\u00e3os a serem \u201ccientistas por um dia\u201d\",\"datePublished\":\"2025-02-08T10:09:45+00:00\",\"dateModified\":\"2025-02-08T10:09:49+00:00\",\"mainEntityOfPage\":{\"@id\":\"https:\\\/\\\/algarve7.pt\\\/index.php\\\/2025\\\/02\\\/cria-carbono-da-ria-sessao-de-esclarecimento-em-almancil-convida-cidadaos-a-serem-cientistas-por-um-dia\\\/ambiente\\\/10\\\/09\\\/\"},\"wordCount\":364,\"publisher\":{\"@id\":\"https:\\\/\\\/algarve7.pt\\\/#organization\"},\"image\":{\"@id\":\"https:\\\/\\\/algarve7.pt\\\/index.php\\\/2025\\\/02\\\/cria-carbono-da-ria-sessao-de-esclarecimento-em-almancil-convida-cidadaos-a-serem-cientistas-por-um-dia\\\/ambiente\\\/10\\\/09\\\/#primaryimage\"},\"thumbnailUrl\":\"https:\\\/\\\/algarve7.pt\\\/wp-content\\\/uploads\\\/2025\\\/02\\\/ludo_ria_formosa.png\",\"keywords\":[\"Algarve\",\"Ambiente\",\"Loul\u00e9\"],\"articleSection\":[\"Ambiente\"],\"inLanguage\":\"pt-PT\"},{\"@type\":\"WebPage\",\"@id\":\"https:\\\/\\\/algarve7.pt\\\/index.php\\\/2025\\\/02\\\/cria-carbono-da-ria-sessao-de-esclarecimento-em-almancil-convida-cidadaos-a-serem-cientistas-por-um-dia\\\/ambiente\\\/10\\\/09\\\/\",\"url\":\"https:\\\/\\\/algarve7.pt\\\/index.php\\\/2025\\\/02\\\/cria-carbono-da-ria-sessao-de-esclarecimento-em-almancil-convida-cidadaos-a-serem-cientistas-por-um-dia\\\/ambiente\\\/10\\\/09\\\/\",\"name\":\"CRIA \u2013 carbono da ria: sess\u00e3o de esclarecimento em Almancil convida cidad\u00e3os a serem \u201ccientistas por um dia\u201d - Algarve 7\",\"isPartOf\":{\"@id\":\"https:\\\/\\\/algarve7.pt\\\/#website\"},\"primaryImageOfPage\":{\"@id\":\"https:\\\/\\\/algarve7.pt\\\/index.php\\\/2025\\\/02\\\/cria-carbono-da-ria-sessao-de-esclarecimento-em-almancil-convida-cidadaos-a-serem-cientistas-por-um-dia\\\/ambiente\\\/10\\\/09\\\/#primaryimage\"},\"image\":{\"@id\":\"https:\\\/\\\/algarve7.pt\\\/index.php\\\/2025\\\/02\\\/cria-carbono-da-ria-sessao-de-esclarecimento-em-almancil-convida-cidadaos-a-serem-cientistas-por-um-dia\\\/ambiente\\\/10\\\/09\\\/#primaryimage\"},\"thumbnailUrl\":\"https:\\\/\\\/algarve7.pt\\\/wp-content\\\/uploads\\\/2025\\\/02\\\/ludo_ria_formosa.png\",\"datePublished\":\"2025-02-08T10:09:45+00:00\",\"dateModified\":\"2025-02-08T10:09:49+00:00\",\"description\":\"CRIA \u2013 carbono da ria: sess\u00e3o de esclarecimento em Almancil convida cidad\u00e3os a serem \u201ccientistas por um dia\u201d Ambiente\",\"breadcrumb\":{\"@id\":\"https:\\\/\\\/algarve7.pt\\\/index.php\\\/2025\\\/02\\\/cria-carbono-da-ria-sessao-de-esclarecimento-em-almancil-convida-cidadaos-a-serem-cientistas-por-um-dia\\\/ambiente\\\/10\\\/09\\\/#breadcrumb\"},\"inLanguage\":\"pt-PT\",\"potentialAction\":[{\"@type\":\"ReadAction\",\"target\":[\"https:\\\/\\\/algarve7.pt\\\/index.php\\\/2025\\\/02\\\/cria-carbono-da-ria-sessao-de-esclarecimento-em-almancil-convida-cidadaos-a-serem-cientistas-por-um-dia\\\/ambiente\\\/10\\\/09\\\/\"]}]},{\"@type\":\"ImageObject\",\"inLanguage\":\"pt-PT\",\"@id\":\"https:\\\/\\\/algarve7.pt\\\/index.php\\\/2025\\\/02\\\/cria-carbono-da-ria-sessao-de-esclarecimento-em-almancil-convida-cidadaos-a-serem-cientistas-por-um-dia\\\/ambiente\\\/10\\\/09\\\/#primaryimage\",\"url\":\"https:\\\/\\\/algarve7.pt\\\/wp-content\\\/uploads\\\/2025\\\/02\\\/ludo_ria_formosa.png\",\"contentUrl\":\"https:\\\/\\\/algarve7.pt\\\/wp-content\\\/uploads\\\/2025\\\/02\\\/ludo_ria_formosa.png\",\"width\":800,\"height\":500},{\"@type\":\"BreadcrumbList\",\"@id\":\"https:\\\/\\\/algarve7.pt\\\/index.php\\\/2025\\\/02\\\/cria-carbono-da-ria-sessao-de-esclarecimento-em-almancil-convida-cidadaos-a-serem-cientistas-por-um-dia\\\/ambiente\\\/10\\\/09\\\/#breadcrumb\",\"itemListElement\":[{\"@type\":\"ListItem\",\"position\":1,\"name\":\"In\u00edcio\",\"item\":\"https:\\\/\\\/algarve7.pt\\\/\"},{\"@type\":\"ListItem\",\"position\":2,\"name\":\"CRIA \u2013 carbono da ria: sess\u00e3o de esclarecimento em Almancil convida cidad\u00e3os a serem \u201ccientistas por um dia\u201d\"}]},{\"@type\":\"WebSite\",\"@id\":\"https:\\\/\\\/algarve7.pt\\\/#website\",\"url\":\"https:\\\/\\\/algarve7.pt\\\/\",\"name\":\"Algarve 7\",\"description\":\"Informa\u00e7\u00e3o sobre o Algarve\",\"publisher\":{\"@id\":\"https:\\\/\\\/algarve7.pt\\\/#organization\"},\"potentialAction\":[{\"@type\":\"SearchAction\",\"target\":{\"@type\":\"EntryPoint\",\"urlTemplate\":\"https:\\\/\\\/algarve7.pt\\\/?s={search_term_string}\"},\"query-input\":{\"@type\":\"PropertyValueSpecification\",\"valueRequired\":true,\"valueName\":\"search_term_string\"}}],\"inLanguage\":\"pt-PT\"},{\"@type\":\"Organization\",\"@id\":\"https:\\\/\\\/algarve7.pt\\\/#organization\",\"name\":\"Algarve 7\",\"url\":\"https:\\\/\\\/algarve7.pt\\\/\",\"logo\":{\"@type\":\"ImageObject\",\"inLanguage\":\"pt-PT\",\"@id\":\"https:\\\/\\\/algarve7.pt\\\/#\\\/schema\\\/logo\\\/image\\\/\",\"url\":\"https:\\\/\\\/algarve7.pt\\\/wp-content\\\/uploads\\\/2020\\\/10\\\/Logo-8.jpg\",\"contentUrl\":\"https:\\\/\\\/algarve7.pt\\\/wp-content\\\/uploads\\\/2020\\\/10\\\/Logo-8.jpg\",\"width\":1680,\"height\":1186,\"caption\":\"Algarve 7\"},\"image\":{\"@id\":\"https:\\\/\\\/algarve7.pt\\\/#\\\/schema\\\/logo\\\/image\\\/\"},\"sameAs\":[\"https:\\\/\\\/www.facebook.com\\\/algarve7\",\"https:\\\/\\\/x.com\\\/Algarvesete\",\"https:\\\/\\\/www.instagram.com\\\/jornalalgarve7\\\/\",\"https:\\\/\\\/www.linkedin.com\\\/company\\\/algarve7\",\"https:\\\/\\\/www.pinterest.pt\\\/geral0939\\\/_created\\\/\"]},{\"@type\":\"Person\",\"@id\":\"https:\\\/\\\/algarve7.pt\\\/#\\\/schema\\\/person\\\/23fa70681308e7b319a3204bcea45e0c\",\"name\":\"Algarve 7\",\"sameAs\":[\"https:\\\/\\\/algarve7.pt\",\"https:\\\/\\\/www.facebook.com\\\/algarve7\"],\"url\":\"https:\\\/\\\/algarve7.pt\\\/index.php\\\/author\\\/geralalgarve7-pt\\\/\"}]}<\/script>\n<!-- \/ Yoast SEO plugin. -->","yoast_head_json":{"title":"CRIA \u2013 carbono da ria: sess\u00e3o de esclarecimento em Almancil convida cidad\u00e3os a serem \u201ccientistas por um dia\u201d - Algarve 7","description":"CRIA \u2013 carbono da ria: sess\u00e3o de esclarecimento em Almancil convida cidad\u00e3os a serem \u201ccientistas por um dia\u201d Ambiente","robots":{"index":"index","follow":"follow","max-snippet":"max-snippet:-1","max-image-preview":"max-image-preview:large","max-video-preview":"max-video-preview:-1"},"canonical":"https:\/\/algarve7.pt\/index.php\/2025\/02\/cria-carbono-da-ria-sessao-de-esclarecimento-em-almancil-convida-cidadaos-a-serem-cientistas-por-um-dia\/ambiente\/10\/09\/","og_locale":"pt_PT","og_type":"article","og_title":"CRIA \u2013 carbono da ria: sess\u00e3o de esclarecimento em Almancil convida cidad\u00e3os a serem \u201ccientistas por um dia\u201d - Algarve 7","og_description":"CRIA \u2013 carbono da ria: sess\u00e3o de esclarecimento em Almancil convida cidad\u00e3os a serem \u201ccientistas por um dia\u201d Ambiente","og_url":"https:\/\/algarve7.pt\/index.php\/2025\/02\/cria-carbono-da-ria-sessao-de-esclarecimento-em-almancil-convida-cidadaos-a-serem-cientistas-por-um-dia\/ambiente\/10\/09\/","og_site_name":"Algarve 7","article_publisher":"https:\/\/www.facebook.com\/algarve7","article_author":"https:\/\/www.facebook.com\/algarve7","article_published_time":"2025-02-08T10:09:45+00:00","article_modified_time":"2025-02-08T10:09:49+00:00","og_image":[{"width":800,"height":500,"url":"https:\/\/algarve7.pt\/wp-content\/uploads\/2025\/02\/ludo_ria_formosa.png","type":"image\/png"}],"author":"Algarve 7","twitter_card":"summary_large_image","twitter_creator":"@Algarvesete","twitter_site":"@Algarvesete","twitter_misc":{"Escrito por":"Algarve 7","Tempo estimado de leitura":"2 minutos"},"schema":{"@context":"https:\/\/schema.org","@graph":[{"@type":"Article","@id":"https:\/\/algarve7.pt\/index.php\/2025\/02\/cria-carbono-da-ria-sessao-de-esclarecimento-em-almancil-convida-cidadaos-a-serem-cientistas-por-um-dia\/ambiente\/10\/09\/#article","isPartOf":{"@id":"https:\/\/algarve7.pt\/index.php\/2025\/02\/cria-carbono-da-ria-sessao-de-esclarecimento-em-almancil-convida-cidadaos-a-serem-cientistas-por-um-dia\/ambiente\/10\/09\/"},"author":{"name":"Algarve 7","@id":"https:\/\/algarve7.pt\/#\/schema\/person\/23fa70681308e7b319a3204bcea45e0c"},"headline":"CRIA \u2013 carbono da ria: sess\u00e3o de esclarecimento em Almancil convida cidad\u00e3os a serem \u201ccientistas por um dia\u201d","datePublished":"2025-02-08T10:09:45+00:00","dateModified":"2025-02-08T10:09:49+00:00","mainEntityOfPage":{"@id":"https:\/\/algarve7.pt\/index.php\/2025\/02\/cria-carbono-da-ria-sessao-de-esclarecimento-em-almancil-convida-cidadaos-a-serem-cientistas-por-um-dia\/ambiente\/10\/09\/"},"wordCount":364,"publisher":{"@id":"https:\/\/algarve7.pt\/#organization"},"image":{"@id":"https:\/\/algarve7.pt\/index.php\/2025\/02\/cria-carbono-da-ria-sessao-de-esclarecimento-em-almancil-convida-cidadaos-a-serem-cientistas-por-um-dia\/ambiente\/10\/09\/#primaryimage"},"thumbnailUrl":"https:\/\/algarve7.pt\/wp-content\/uploads\/2025\/02\/ludo_ria_formosa.png","keywords":["Algarve","Ambiente","Loul\u00e9"],"articleSection":["Ambiente"],"inLanguage":"pt-PT"},{"@type":"WebPage","@id":"https:\/\/algarve7.pt\/index.php\/2025\/02\/cria-carbono-da-ria-sessao-de-esclarecimento-em-almancil-convida-cidadaos-a-serem-cientistas-por-um-dia\/ambiente\/10\/09\/","url":"https:\/\/algarve7.pt\/index.php\/2025\/02\/cria-carbono-da-ria-sessao-de-esclarecimento-em-almancil-convida-cidadaos-a-serem-cientistas-por-um-dia\/ambiente\/10\/09\/","name":"CRIA \u2013 carbono da ria: sess\u00e3o de esclarecimento em Almancil convida cidad\u00e3os a serem \u201ccientistas por um dia\u201d - Algarve 7","isPartOf":{"@id":"https:\/\/algarve7.pt\/#website"},"primaryImageOfPage":{"@id":"https:\/\/algarve7.pt\/index.php\/2025\/02\/cria-carbono-da-ria-sessao-de-esclarecimento-em-almancil-convida-cidadaos-a-serem-cientistas-por-um-dia\/ambiente\/10\/09\/#primaryimage"},"image":{"@id":"https:\/\/algarve7.pt\/index.php\/2025\/02\/cria-carbono-da-ria-sessao-de-esclarecimento-em-almancil-convida-cidadaos-a-serem-cientistas-por-um-dia\/ambiente\/10\/09\/#primaryimage"},"thumbnailUrl":"https:\/\/algarve7.pt\/wp-content\/uploads\/2025\/02\/ludo_ria_formosa.png","datePublished":"2025-02-08T10:09:45+00:00","dateModified":"2025-02-08T10:09:49+00:00","description":"CRIA \u2013 carbono da ria: sess\u00e3o de esclarecimento em Almancil convida cidad\u00e3os a serem \u201ccientistas por um dia\u201d Ambiente","breadcrumb":{"@id":"https:\/\/algarve7.pt\/index.php\/2025\/02\/cria-carbono-da-ria-sessao-de-esclarecimento-em-almancil-convida-cidadaos-a-serem-cientistas-por-um-dia\/ambiente\/10\/09\/#breadcrumb"},"inLanguage":"pt-PT","potentialAction":[{"@type":"ReadAction","target":["https:\/\/algarve7.pt\/index.php\/2025\/02\/cria-carbono-da-ria-sessao-de-esclarecimento-em-almancil-convida-cidadaos-a-serem-cientistas-por-um-dia\/ambiente\/10\/09\/"]}]},{"@type":"ImageObject","inLanguage":"pt-PT","@id":"https:\/\/algarve7.pt\/index.php\/2025\/02\/cria-carbono-da-ria-sessao-de-esclarecimento-em-almancil-convida-cidadaos-a-serem-cientistas-por-um-dia\/ambiente\/10\/09\/#primaryimage","url":"https:\/\/algarve7.pt\/wp-content\/uploads\/2025\/02\/ludo_ria_formosa.png","contentUrl":"https:\/\/algarve7.pt\/wp-content\/uploads\/2025\/02\/ludo_ria_formosa.png","width":800,"height":500},{"@type":"BreadcrumbList","@id":"https:\/\/algarve7.pt\/index.php\/2025\/02\/cria-carbono-da-ria-sessao-de-esclarecimento-em-almancil-convida-cidadaos-a-serem-cientistas-por-um-dia\/ambiente\/10\/09\/#breadcrumb","itemListElement":[{"@type":"ListItem","position":1,"name":"In\u00edcio","item":"https:\/\/algarve7.pt\/"},{"@type":"ListItem","position":2,"name":"CRIA \u2013 carbono da ria: sess\u00e3o de esclarecimento em Almancil convida cidad\u00e3os a serem \u201ccientistas por um dia\u201d"}]},{"@type":"WebSite","@id":"https:\/\/algarve7.pt\/#website","url":"https:\/\/algarve7.pt\/","name":"Algarve 7","description":"Informa\u00e7\u00e3o sobre o Algarve","publisher":{"@id":"https:\/\/algarve7.pt\/#organization"},"potentialAction":[{"@type":"SearchAction","target":{"@type":"EntryPoint","urlTemplate":"https:\/\/algarve7.pt\/?s={search_term_string}"},"query-input":{"@type":"PropertyValueSpecification","valueRequired":true,"valueName":"search_term_string"}}],"inLanguage":"pt-PT"},{"@type":"Organization","@id":"https:\/\/algarve7.pt\/#organization","name":"Algarve 7","url":"https:\/\/algarve7.pt\/","logo":{"@type":"ImageObject","inLanguage":"pt-PT","@id":"https:\/\/algarve7.pt\/#\/schema\/logo\/image\/","url":"https:\/\/algarve7.pt\/wp-content\/uploads\/2020\/10\/Logo-8.jpg","contentUrl":"https:\/\/algarve7.pt\/wp-content\/uploads\/2020\/10\/Logo-8.jpg","width":1680,"height":1186,"caption":"Algarve 7"},"image":{"@id":"https:\/\/algarve7.pt\/#\/schema\/logo\/image\/"},"sameAs":["https:\/\/www.facebook.com\/algarve7","https:\/\/x.com\/Algarvesete","https:\/\/www.instagram.com\/jornalalgarve7\/","https:\/\/www.linkedin.com\/company\/algarve7","https:\/\/www.pinterest.pt\/geral0939\/_created\/"]},{"@type":"Person","@id":"https:\/\/algarve7.pt\/#\/schema\/person\/23fa70681308e7b319a3204bcea45e0c","name":"Algarve 7","sameAs":["https:\/\/algarve7.pt","https:\/\/www.facebook.com\/algarve7"],"url":"https:\/\/algarve7.pt\/index.php\/author\/geralalgarve7-pt\/"}]}},"jetpack_publicize_connections":[],"jetpack_featured_media_url":"https:\/\/algarve7.pt\/wp-content\/uploads\/2025\/02\/ludo_ria_formosa.png","jetpack_shortlink":"https:\/\/wp.me\/pcezmW-cf9","jetpack_sharing_enabled":true,"_links":{"self":[{"href":"https:\/\/algarve7.pt\/index.php\/wp-json\/wp\/v2\/posts\/47067","targetHints":{"allow":["GET"]}}],"collection":[{"href":"https:\/\/algarve7.pt\/index.php\/wp-json\/wp\/v2\/posts"}],"about":[{"href":"https:\/\/algarve7.pt\/index.php\/wp-json\/wp\/v2\/types\/post"}],"author":[{"embeddable":true,"href":"https:\/\/algarve7.pt\/index.php\/wp-json\/wp\/v2\/users\/1"}],"replies":[{"embeddable":true,"href":"https:\/\/algarve7.pt\/index.php\/wp-json\/wp\/v2\/comments?post=47067"}],"version-history":[{"count":0,"href":"https:\/\/algarve7.pt\/index.php\/wp-json\/wp\/v2\/posts\/47067\/revisions"}],"wp:featuredmedia":[{"embeddable":true,"href":"https:\/\/algarve7.pt\/index.php\/wp-json\/wp\/v2\/media\/47068"}],"wp:attachment":[{"href":"https:\/\/algarve7.pt\/index.php\/wp-json\/wp\/v2\/media?parent=47067"}],"wp:term":[{"taxonomy":"category","embeddable":true,"href":"https:\/\/algarve7.pt\/index.php\/wp-json\/wp\/v2\/categories?post=47067"},{"taxonomy":"post_tag","embeddable":true,"href":"https:\/\/algarve7.pt\/index.php\/wp-json\/wp\/v2\/tags?post=47067"}],"curies":[{"name":"wp","href":"https:\/\/api.w.org\/{rel}","templated":true}]}}