{"id":47064,"date":"2025-02-08T09:12:13","date_gmt":"2025-02-08T09:12:13","guid":{"rendered":"https:\/\/algarve7.pt\/?p=47064"},"modified":"2025-02-08T09:12:15","modified_gmt":"2025-02-08T09:12:15","slug":"sepna-balanco-da-operacao-amica-canis-2025","status":"publish","type":"post","link":"https:\/\/algarve7.pt\/index.php\/2025\/02\/sepna-balanco-da-operacao-amica-canis-2025\/nacional\/09\/12\/","title":{"rendered":"SEPNA \u2013 Balan\u00e7o da Opera\u00e7\u00e3o \u201cAmica Canis 2025\u201d"},"content":{"rendered":"\n<p>A Guarda Nacional Republicana (GNR), atrav\u00e9s do Servi\u00e7o de Prote\u00e7\u00e3o da Natureza e do Ambiente (SEPNA), entre os dias 2 e 15 de janeiro, desenvolveu &nbsp;a Opera\u00e7\u00e3o \u201cAmica Canis 2025\u201d, no \u00e2mbito do Plano de A\u00e7\u00e3o Operacional para a Criminalidade Ambiental da EUROPOL, que visou essencialmente a fiscaliza\u00e7\u00e3o das normas gerais de posse, alojamento, com\u00e9rcio e transporte de animais de companhia, por todo o territ\u00f3rio nacional.<\/p>\n\n\n\n<p>Esta opera\u00e7\u00e3o incidiu essencialmente na fiscaliza\u00e7\u00e3o de associa\u00e7\u00f5es zo\u00f3filas, hot\u00e9is que se enquadrem como centros de hospedagem (com e sem fins lucrativos), lojas de vendas de animais de companhia, criadores, detentores e empresas de transporte especializado deste \u00e2mbito.<\/p>\n\n\n\n<p>No total, foram realizadas 1 447 a\u00e7\u00f5es de fiscaliza\u00e7\u00e3o, tendo sido levantados 697 autos de contraordena\u00e7\u00e3o e registados quatro crimes: dois por abandono e dois por maus-tratos a animais de companhia. Durante estas a\u00e7\u00f5es foram fiscalizados mais de 3 700 animais de companhia.<\/p>\n\n\n\n<p>Das infra\u00e7\u00f5es registadas destacam-se:<\/p>\n\n\n\n<ul class=\"wp-block-list\">\n<li>Falta de vacina antirr\u00e1bica;<\/li>\n\n\n\n<li>Falta de identifica\u00e7\u00e3o\/ marca\u00e7\u00e3o eletr\u00f3nica (Transponder\/ Microchip);<\/li>\n\n\n\n<li>Falta de licen\u00e7a de deten\u00e7\u00e3o, posse e circula\u00e7\u00e3o da Junta de Freguesia;<\/li>\n\n\n\n<li>Falta do registo no Sistema de Informa\u00e7\u00e3o de Animais de Companhia (SIAC), pelo detentor.<\/li>\n<\/ul>\n\n\n\n<p>Adicionalmente, foram ainda realizadas 24 a\u00e7\u00f5es de fiscaliza\u00e7\u00e3o espec\u00edficas a 63 can\u00eddeos de ra\u00e7as potencialmente perigosas, durante as quais se verificaram 34 infra\u00e7\u00f5es. As principais infra\u00e7\u00f5es registadas neste \u00e2mbito foram:&nbsp;<\/p>\n\n\n\n<ul class=\"wp-block-list\">\n<li>Falta de licen\u00e7a da Junta de Freguesia para deten\u00e7\u00e3o de c\u00e3es perigosos ou potencialmente perigosos, enquanto animais de companhia;<\/li>\n\n\n\n<li>Falta de seguro de responsabilidade civil por deten\u00e7\u00e3o de animal perigoso ou potencialmente perigoso;<\/li>\n\n\n\n<li>N\u00e3o esteriliza\u00e7\u00e3o de animal perigoso ou potencialmente perigoso;<\/li>\n\n\n\n<li>Incumprimento das medidas de seguran\u00e7a refor\u00e7adas no alojamento, incluindo falta de placas de sinaliza\u00e7\u00e3o de \u201canimal perigoso\u201d;<\/li>\n<\/ul>\n\n\n\n<p>No total da opera\u00e7\u00e3o estiveram envolvidos 1 174 elementos do dispositivo territorial, com especial destaque para a estrutura SEPNA, contando ainda com a colabora\u00e7\u00e3o de outras entidades a n\u00edvel local.<\/p>\n\n\n\n<p>A GNR refor\u00e7a a import\u00e2ncia de garantir um tratamento digno aos animais de companhia, combatendo fen\u00f3menos como o abandono e a superpopula\u00e7\u00e3o descontrolada. Estas situa\u00e7\u00f5es podem originar problemas sociais graves, incluindo a forma\u00e7\u00e3o de matilhas, a reprodu\u00e7\u00e3o descontrolada de c\u00e3es e gatos em ambientes urbanos e rurais, casos de acumula\u00e7\u00e3o patol\u00f3gica (como o S\u00edndrome de No\u00e9) e a falta de infraestruturas adequadas para acolher animais, promovendo a sua recupera\u00e7\u00e3o e ado\u00e7\u00e3o.<\/p>\n","protected":false},"excerpt":{"rendered":"<p>A Guarda Nacional Republicana (GNR), atrav\u00e9s do Servi\u00e7o de Prote\u00e7\u00e3o da Natureza e do Ambiente (SEPNA), entre os dias 2<\/p>\n","protected":false},"author":1,"featured_media":47065,"comment_status":"closed","ping_status":"closed","sticky":false,"template":"","format":"standard","meta":{"colormag_page_container_layout":"default_layout","colormag_page_sidebar_layout":"default_layout","_monsterinsights_skip_tracking":false,"_monsterinsights_sitenote_active":false,"_monsterinsights_sitenote_note":"","_monsterinsights_sitenote_category":0,"jetpack_post_was_ever_published":false,"_jetpack_newsletter_access":"","_jetpack_dont_email_post_to_subs":false,"_jetpack_newsletter_tier_id":0,"_jetpack_memberships_contains_paywalled_content":false,"_jetpack_memberships_contains_paid_content":false,"footnotes":"","jetpack_publicize_message":"","jetpack_publicize_feature_enabled":true,"jetpack_social_post_already_shared":true,"jetpack_social_options":{"image_generator_settings":{"template":"highway","default_image_id":0,"font":"","enabled":false},"version":2}},"categories":[189],"tags":[140,98],"class_list":["post-47064","post","type-post","status-publish","format-standard","has-post-thumbnail","hentry","category-nacional","tag-gnr","tag-nacional"],"yoast_head":"<!-- This site is optimized with the Yoast SEO plugin v27.5 - https:\/\/yoast.com\/product\/yoast-seo-wordpress\/ -->\n<title>SEPNA \u2013 Balan\u00e7o da Opera\u00e7\u00e3o \u201cAmica Canis 2025\u201d - Algarve 7<\/title>\n<meta name=\"description\" content=\"SEPNA \u2013 Balan\u00e7o da Opera\u00e7\u00e3o \u201cAmica Canis 2025\u201d Nacional\" \/>\n<meta name=\"robots\" content=\"index, follow, max-snippet:-1, max-image-preview:large, max-video-preview:-1\" \/>\n<link rel=\"canonical\" href=\"https:\/\/algarve7.pt\/index.php\/2025\/02\/sepna-balanco-da-operacao-amica-canis-2025\/nacional\/09\/12\/\" \/>\n<meta property=\"og:locale\" content=\"pt_PT\" \/>\n<meta property=\"og:type\" content=\"article\" \/>\n<meta property=\"og:title\" content=\"SEPNA \u2013 Balan\u00e7o da Opera\u00e7\u00e3o \u201cAmica Canis 2025\u201d - Algarve 7\" \/>\n<meta property=\"og:description\" content=\"SEPNA \u2013 Balan\u00e7o da Opera\u00e7\u00e3o \u201cAmica Canis 2025\u201d Nacional\" \/>\n<meta property=\"og:url\" content=\"https:\/\/algarve7.pt\/index.php\/2025\/02\/sepna-balanco-da-operacao-amica-canis-2025\/nacional\/09\/12\/\" \/>\n<meta property=\"og:site_name\" content=\"Algarve 7\" \/>\n<meta property=\"article:publisher\" content=\"https:\/\/www.facebook.com\/algarve7\" \/>\n<meta property=\"article:author\" content=\"https:\/\/www.facebook.com\/algarve7\" \/>\n<meta property=\"article:published_time\" content=\"2025-02-08T09:12:13+00:00\" \/>\n<meta property=\"article:modified_time\" content=\"2025-02-08T09:12:15+00:00\" \/>\n<meta property=\"og:image\" content=\"https:\/\/algarve7.pt\/wp-content\/uploads\/2025\/02\/GNR-Op.-Amica-Canis_5.jpg\" \/>\n\t<meta property=\"og:image:width\" content=\"800\" \/>\n\t<meta property=\"og:image:height\" content=\"500\" \/>\n\t<meta property=\"og:image:type\" content=\"image\/jpeg\" \/>\n<meta name=\"author\" content=\"Algarve 7\" \/>\n<meta name=\"twitter:card\" content=\"summary_large_image\" \/>\n<meta name=\"twitter:creator\" content=\"@Algarvesete\" \/>\n<meta name=\"twitter:site\" content=\"@Algarvesete\" \/>\n<meta name=\"twitter:label1\" content=\"Escrito por\" \/>\n\t<meta name=\"twitter:data1\" content=\"Algarve 7\" \/>\n\t<meta name=\"twitter:label2\" content=\"Tempo estimado de leitura\" \/>\n\t<meta name=\"twitter:data2\" content=\"3 minutos\" \/>\n<script type=\"application\/ld+json\" class=\"yoast-schema-graph\">{\"@context\":\"https:\\\/\\\/schema.org\",\"@graph\":[{\"@type\":\"Article\",\"@id\":\"https:\\\/\\\/algarve7.pt\\\/index.php\\\/2025\\\/02\\\/sepna-balanco-da-operacao-amica-canis-2025\\\/nacional\\\/09\\\/12\\\/#article\",\"isPartOf\":{\"@id\":\"https:\\\/\\\/algarve7.pt\\\/index.php\\\/2025\\\/02\\\/sepna-balanco-da-operacao-amica-canis-2025\\\/nacional\\\/09\\\/12\\\/\"},\"author\":{\"name\":\"Algarve 7\",\"@id\":\"https:\\\/\\\/algarve7.pt\\\/#\\\/schema\\\/person\\\/23fa70681308e7b319a3204bcea45e0c\"},\"headline\":\"SEPNA \u2013 Balan\u00e7o da Opera\u00e7\u00e3o \u201cAmica Canis 2025\u201d\",\"datePublished\":\"2025-02-08T09:12:13+00:00\",\"dateModified\":\"2025-02-08T09:12:15+00:00\",\"mainEntityOfPage\":{\"@id\":\"https:\\\/\\\/algarve7.pt\\\/index.php\\\/2025\\\/02\\\/sepna-balanco-da-operacao-amica-canis-2025\\\/nacional\\\/09\\\/12\\\/\"},\"wordCount\":432,\"publisher\":{\"@id\":\"https:\\\/\\\/algarve7.pt\\\/#organization\"},\"image\":{\"@id\":\"https:\\\/\\\/algarve7.pt\\\/index.php\\\/2025\\\/02\\\/sepna-balanco-da-operacao-amica-canis-2025\\\/nacional\\\/09\\\/12\\\/#primaryimage\"},\"thumbnailUrl\":\"https:\\\/\\\/algarve7.pt\\\/wp-content\\\/uploads\\\/2025\\\/02\\\/GNR-Op.-Amica-Canis_5.jpg\",\"keywords\":[\"GNR\",\"Nacional\"],\"articleSection\":[\"Nacional\"],\"inLanguage\":\"pt-PT\"},{\"@type\":\"WebPage\",\"@id\":\"https:\\\/\\\/algarve7.pt\\\/index.php\\\/2025\\\/02\\\/sepna-balanco-da-operacao-amica-canis-2025\\\/nacional\\\/09\\\/12\\\/\",\"url\":\"https:\\\/\\\/algarve7.pt\\\/index.php\\\/2025\\\/02\\\/sepna-balanco-da-operacao-amica-canis-2025\\\/nacional\\\/09\\\/12\\\/\",\"name\":\"SEPNA \u2013 Balan\u00e7o da Opera\u00e7\u00e3o \u201cAmica Canis 2025\u201d - Algarve 7\",\"isPartOf\":{\"@id\":\"https:\\\/\\\/algarve7.pt\\\/#website\"},\"primaryImageOfPage\":{\"@id\":\"https:\\\/\\\/algarve7.pt\\\/index.php\\\/2025\\\/02\\\/sepna-balanco-da-operacao-amica-canis-2025\\\/nacional\\\/09\\\/12\\\/#primaryimage\"},\"image\":{\"@id\":\"https:\\\/\\\/algarve7.pt\\\/index.php\\\/2025\\\/02\\\/sepna-balanco-da-operacao-amica-canis-2025\\\/nacional\\\/09\\\/12\\\/#primaryimage\"},\"thumbnailUrl\":\"https:\\\/\\\/algarve7.pt\\\/wp-content\\\/uploads\\\/2025\\\/02\\\/GNR-Op.-Amica-Canis_5.jpg\",\"datePublished\":\"2025-02-08T09:12:13+00:00\",\"dateModified\":\"2025-02-08T09:12:15+00:00\",\"description\":\"SEPNA \u2013 Balan\u00e7o da Opera\u00e7\u00e3o \u201cAmica Canis 2025\u201d Nacional\",\"breadcrumb\":{\"@id\":\"https:\\\/\\\/algarve7.pt\\\/index.php\\\/2025\\\/02\\\/sepna-balanco-da-operacao-amica-canis-2025\\\/nacional\\\/09\\\/12\\\/#breadcrumb\"},\"inLanguage\":\"pt-PT\",\"potentialAction\":[{\"@type\":\"ReadAction\",\"target\":[\"https:\\\/\\\/algarve7.pt\\\/index.php\\\/2025\\\/02\\\/sepna-balanco-da-operacao-amica-canis-2025\\\/nacional\\\/09\\\/12\\\/\"]}]},{\"@type\":\"ImageObject\",\"inLanguage\":\"pt-PT\",\"@id\":\"https:\\\/\\\/algarve7.pt\\\/index.php\\\/2025\\\/02\\\/sepna-balanco-da-operacao-amica-canis-2025\\\/nacional\\\/09\\\/12\\\/#primaryimage\",\"url\":\"https:\\\/\\\/algarve7.pt\\\/wp-content\\\/uploads\\\/2025\\\/02\\\/GNR-Op.-Amica-Canis_5.jpg\",\"contentUrl\":\"https:\\\/\\\/algarve7.pt\\\/wp-content\\\/uploads\\\/2025\\\/02\\\/GNR-Op.-Amica-Canis_5.jpg\",\"width\":800,\"height\":500},{\"@type\":\"BreadcrumbList\",\"@id\":\"https:\\\/\\\/algarve7.pt\\\/index.php\\\/2025\\\/02\\\/sepna-balanco-da-operacao-amica-canis-2025\\\/nacional\\\/09\\\/12\\\/#breadcrumb\",\"itemListElement\":[{\"@type\":\"ListItem\",\"position\":1,\"name\":\"In\u00edcio\",\"item\":\"https:\\\/\\\/algarve7.pt\\\/\"},{\"@type\":\"ListItem\",\"position\":2,\"name\":\"SEPNA \u2013 Balan\u00e7o da Opera\u00e7\u00e3o \u201cAmica Canis 2025\u201d\"}]},{\"@type\":\"WebSite\",\"@id\":\"https:\\\/\\\/algarve7.pt\\\/#website\",\"url\":\"https:\\\/\\\/algarve7.pt\\\/\",\"name\":\"Algarve 7\",\"description\":\"Informa\u00e7\u00e3o sobre o Algarve\",\"publisher\":{\"@id\":\"https:\\\/\\\/algarve7.pt\\\/#organization\"},\"potentialAction\":[{\"@type\":\"SearchAction\",\"target\":{\"@type\":\"EntryPoint\",\"urlTemplate\":\"https:\\\/\\\/algarve7.pt\\\/?s={search_term_string}\"},\"query-input\":{\"@type\":\"PropertyValueSpecification\",\"valueRequired\":true,\"valueName\":\"search_term_string\"}}],\"inLanguage\":\"pt-PT\"},{\"@type\":\"Organization\",\"@id\":\"https:\\\/\\\/algarve7.pt\\\/#organization\",\"name\":\"Algarve 7\",\"url\":\"https:\\\/\\\/algarve7.pt\\\/\",\"logo\":{\"@type\":\"ImageObject\",\"inLanguage\":\"pt-PT\",\"@id\":\"https:\\\/\\\/algarve7.pt\\\/#\\\/schema\\\/logo\\\/image\\\/\",\"url\":\"https:\\\/\\\/algarve7.pt\\\/wp-content\\\/uploads\\\/2020\\\/10\\\/Logo-8.jpg\",\"contentUrl\":\"https:\\\/\\\/algarve7.pt\\\/wp-content\\\/uploads\\\/2020\\\/10\\\/Logo-8.jpg\",\"width\":1680,\"height\":1186,\"caption\":\"Algarve 7\"},\"image\":{\"@id\":\"https:\\\/\\\/algarve7.pt\\\/#\\\/schema\\\/logo\\\/image\\\/\"},\"sameAs\":[\"https:\\\/\\\/www.facebook.com\\\/algarve7\",\"https:\\\/\\\/x.com\\\/Algarvesete\",\"https:\\\/\\\/www.instagram.com\\\/jornalalgarve7\\\/\",\"https:\\\/\\\/www.linkedin.com\\\/company\\\/algarve7\",\"https:\\\/\\\/www.pinterest.pt\\\/geral0939\\\/_created\\\/\"]},{\"@type\":\"Person\",\"@id\":\"https:\\\/\\\/algarve7.pt\\\/#\\\/schema\\\/person\\\/23fa70681308e7b319a3204bcea45e0c\",\"name\":\"Algarve 7\",\"sameAs\":[\"https:\\\/\\\/algarve7.pt\",\"https:\\\/\\\/www.facebook.com\\\/algarve7\"],\"url\":\"https:\\\/\\\/algarve7.pt\\\/index.php\\\/author\\\/geralalgarve7-pt\\\/\"}]}<\/script>\n<!-- \/ Yoast SEO plugin. -->","yoast_head_json":{"title":"SEPNA \u2013 Balan\u00e7o da Opera\u00e7\u00e3o \u201cAmica Canis 2025\u201d - Algarve 7","description":"SEPNA \u2013 Balan\u00e7o da Opera\u00e7\u00e3o \u201cAmica Canis 2025\u201d Nacional","robots":{"index":"index","follow":"follow","max-snippet":"max-snippet:-1","max-image-preview":"max-image-preview:large","max-video-preview":"max-video-preview:-1"},"canonical":"https:\/\/algarve7.pt\/index.php\/2025\/02\/sepna-balanco-da-operacao-amica-canis-2025\/nacional\/09\/12\/","og_locale":"pt_PT","og_type":"article","og_title":"SEPNA \u2013 Balan\u00e7o da Opera\u00e7\u00e3o \u201cAmica Canis 2025\u201d - Algarve 7","og_description":"SEPNA \u2013 Balan\u00e7o da Opera\u00e7\u00e3o \u201cAmica Canis 2025\u201d Nacional","og_url":"https:\/\/algarve7.pt\/index.php\/2025\/02\/sepna-balanco-da-operacao-amica-canis-2025\/nacional\/09\/12\/","og_site_name":"Algarve 7","article_publisher":"https:\/\/www.facebook.com\/algarve7","article_author":"https:\/\/www.facebook.com\/algarve7","article_published_time":"2025-02-08T09:12:13+00:00","article_modified_time":"2025-02-08T09:12:15+00:00","og_image":[{"width":800,"height":500,"url":"https:\/\/algarve7.pt\/wp-content\/uploads\/2025\/02\/GNR-Op.-Amica-Canis_5.jpg","type":"image\/jpeg"}],"author":"Algarve 7","twitter_card":"summary_large_image","twitter_creator":"@Algarvesete","twitter_site":"@Algarvesete","twitter_misc":{"Escrito por":"Algarve 7","Tempo estimado de leitura":"3 minutos"},"schema":{"@context":"https:\/\/schema.org","@graph":[{"@type":"Article","@id":"https:\/\/algarve7.pt\/index.php\/2025\/02\/sepna-balanco-da-operacao-amica-canis-2025\/nacional\/09\/12\/#article","isPartOf":{"@id":"https:\/\/algarve7.pt\/index.php\/2025\/02\/sepna-balanco-da-operacao-amica-canis-2025\/nacional\/09\/12\/"},"author":{"name":"Algarve 7","@id":"https:\/\/algarve7.pt\/#\/schema\/person\/23fa70681308e7b319a3204bcea45e0c"},"headline":"SEPNA \u2013 Balan\u00e7o da Opera\u00e7\u00e3o \u201cAmica Canis 2025\u201d","datePublished":"2025-02-08T09:12:13+00:00","dateModified":"2025-02-08T09:12:15+00:00","mainEntityOfPage":{"@id":"https:\/\/algarve7.pt\/index.php\/2025\/02\/sepna-balanco-da-operacao-amica-canis-2025\/nacional\/09\/12\/"},"wordCount":432,"publisher":{"@id":"https:\/\/algarve7.pt\/#organization"},"image":{"@id":"https:\/\/algarve7.pt\/index.php\/2025\/02\/sepna-balanco-da-operacao-amica-canis-2025\/nacional\/09\/12\/#primaryimage"},"thumbnailUrl":"https:\/\/algarve7.pt\/wp-content\/uploads\/2025\/02\/GNR-Op.-Amica-Canis_5.jpg","keywords":["GNR","Nacional"],"articleSection":["Nacional"],"inLanguage":"pt-PT"},{"@type":"WebPage","@id":"https:\/\/algarve7.pt\/index.php\/2025\/02\/sepna-balanco-da-operacao-amica-canis-2025\/nacional\/09\/12\/","url":"https:\/\/algarve7.pt\/index.php\/2025\/02\/sepna-balanco-da-operacao-amica-canis-2025\/nacional\/09\/12\/","name":"SEPNA \u2013 Balan\u00e7o da Opera\u00e7\u00e3o \u201cAmica Canis 2025\u201d - Algarve 7","isPartOf":{"@id":"https:\/\/algarve7.pt\/#website"},"primaryImageOfPage":{"@id":"https:\/\/algarve7.pt\/index.php\/2025\/02\/sepna-balanco-da-operacao-amica-canis-2025\/nacional\/09\/12\/#primaryimage"},"image":{"@id":"https:\/\/algarve7.pt\/index.php\/2025\/02\/sepna-balanco-da-operacao-amica-canis-2025\/nacional\/09\/12\/#primaryimage"},"thumbnailUrl":"https:\/\/algarve7.pt\/wp-content\/uploads\/2025\/02\/GNR-Op.-Amica-Canis_5.jpg","datePublished":"2025-02-08T09:12:13+00:00","dateModified":"2025-02-08T09:12:15+00:00","description":"SEPNA \u2013 Balan\u00e7o da Opera\u00e7\u00e3o \u201cAmica Canis 2025\u201d Nacional","breadcrumb":{"@id":"https:\/\/algarve7.pt\/index.php\/2025\/02\/sepna-balanco-da-operacao-amica-canis-2025\/nacional\/09\/12\/#breadcrumb"},"inLanguage":"pt-PT","potentialAction":[{"@type":"ReadAction","target":["https:\/\/algarve7.pt\/index.php\/2025\/02\/sepna-balanco-da-operacao-amica-canis-2025\/nacional\/09\/12\/"]}]},{"@type":"ImageObject","inLanguage":"pt-PT","@id":"https:\/\/algarve7.pt\/index.php\/2025\/02\/sepna-balanco-da-operacao-amica-canis-2025\/nacional\/09\/12\/#primaryimage","url":"https:\/\/algarve7.pt\/wp-content\/uploads\/2025\/02\/GNR-Op.-Amica-Canis_5.jpg","contentUrl":"https:\/\/algarve7.pt\/wp-content\/uploads\/2025\/02\/GNR-Op.-Amica-Canis_5.jpg","width":800,"height":500},{"@type":"BreadcrumbList","@id":"https:\/\/algarve7.pt\/index.php\/2025\/02\/sepna-balanco-da-operacao-amica-canis-2025\/nacional\/09\/12\/#breadcrumb","itemListElement":[{"@type":"ListItem","position":1,"name":"In\u00edcio","item":"https:\/\/algarve7.pt\/"},{"@type":"ListItem","position":2,"name":"SEPNA \u2013 Balan\u00e7o da Opera\u00e7\u00e3o \u201cAmica Canis 2025\u201d"}]},{"@type":"WebSite","@id":"https:\/\/algarve7.pt\/#website","url":"https:\/\/algarve7.pt\/","name":"Algarve 7","description":"Informa\u00e7\u00e3o sobre o Algarve","publisher":{"@id":"https:\/\/algarve7.pt\/#organization"},"potentialAction":[{"@type":"SearchAction","target":{"@type":"EntryPoint","urlTemplate":"https:\/\/algarve7.pt\/?s={search_term_string}"},"query-input":{"@type":"PropertyValueSpecification","valueRequired":true,"valueName":"search_term_string"}}],"inLanguage":"pt-PT"},{"@type":"Organization","@id":"https:\/\/algarve7.pt\/#organization","name":"Algarve 7","url":"https:\/\/algarve7.pt\/","logo":{"@type":"ImageObject","inLanguage":"pt-PT","@id":"https:\/\/algarve7.pt\/#\/schema\/logo\/image\/","url":"https:\/\/algarve7.pt\/wp-content\/uploads\/2020\/10\/Logo-8.jpg","contentUrl":"https:\/\/algarve7.pt\/wp-content\/uploads\/2020\/10\/Logo-8.jpg","width":1680,"height":1186,"caption":"Algarve 7"},"image":{"@id":"https:\/\/algarve7.pt\/#\/schema\/logo\/image\/"},"sameAs":["https:\/\/www.facebook.com\/algarve7","https:\/\/x.com\/Algarvesete","https:\/\/www.instagram.com\/jornalalgarve7\/","https:\/\/www.linkedin.com\/company\/algarve7","https:\/\/www.pinterest.pt\/geral0939\/_created\/"]},{"@type":"Person","@id":"https:\/\/algarve7.pt\/#\/schema\/person\/23fa70681308e7b319a3204bcea45e0c","name":"Algarve 7","sameAs":["https:\/\/algarve7.pt","https:\/\/www.facebook.com\/algarve7"],"url":"https:\/\/algarve7.pt\/index.php\/author\/geralalgarve7-pt\/"}]}},"jetpack_publicize_connections":[],"jetpack_featured_media_url":"https:\/\/algarve7.pt\/wp-content\/uploads\/2025\/02\/GNR-Op.-Amica-Canis_5.jpg","jetpack_shortlink":"https:\/\/wp.me\/pcezmW-cf6","jetpack_sharing_enabled":true,"_links":{"self":[{"href":"https:\/\/algarve7.pt\/index.php\/wp-json\/wp\/v2\/posts\/47064","targetHints":{"allow":["GET"]}}],"collection":[{"href":"https:\/\/algarve7.pt\/index.php\/wp-json\/wp\/v2\/posts"}],"about":[{"href":"https:\/\/algarve7.pt\/index.php\/wp-json\/wp\/v2\/types\/post"}],"author":[{"embeddable":true,"href":"https:\/\/algarve7.pt\/index.php\/wp-json\/wp\/v2\/users\/1"}],"replies":[{"embeddable":true,"href":"https:\/\/algarve7.pt\/index.php\/wp-json\/wp\/v2\/comments?post=47064"}],"version-history":[{"count":0,"href":"https:\/\/algarve7.pt\/index.php\/wp-json\/wp\/v2\/posts\/47064\/revisions"}],"wp:featuredmedia":[{"embeddable":true,"href":"https:\/\/algarve7.pt\/index.php\/wp-json\/wp\/v2\/media\/47065"}],"wp:attachment":[{"href":"https:\/\/algarve7.pt\/index.php\/wp-json\/wp\/v2\/media?parent=47064"}],"wp:term":[{"taxonomy":"category","embeddable":true,"href":"https:\/\/algarve7.pt\/index.php\/wp-json\/wp\/v2\/categories?post=47064"},{"taxonomy":"post_tag","embeddable":true,"href":"https:\/\/algarve7.pt\/index.php\/wp-json\/wp\/v2\/tags?post=47064"}],"curies":[{"name":"wp","href":"https:\/\/api.w.org\/{rel}","templated":true}]}}