{"id":47038,"date":"2025-02-07T09:41:30","date_gmt":"2025-02-07T09:41:30","guid":{"rendered":"https:\/\/algarve7.pt\/?p=47038"},"modified":"2025-02-07T09:41:33","modified_gmt":"2025-02-07T09:41:33","slug":"albufeira-acolheu-seminario-sobre-inteligencia-emocional-nas-escolas-reunindo-cerca-de-300-participantes","status":"publish","type":"post","link":"https:\/\/algarve7.pt\/index.php\/2025\/02\/albufeira-acolheu-seminario-sobre-inteligencia-emocional-nas-escolas-reunindo-cerca-de-300-participantes\/educacao\/09\/41\/","title":{"rendered":"Albufeira acolheu semin\u00e1rio sobre intelig\u00eancia emocional nas escolas reunindo cerca de 300 participantes\u00a0"},"content":{"rendered":"\n<p>O Audit\u00f3rio Municipal de Albufeira esgotou a lota\u00e7\u00e3o de lugares no semin\u00e1rio de Intelig\u00eancia Emocional denominado \u201cInspira-te\u201d, ocorrido a 25 de janeiro. A maioria dos participantes era proveniente da \u00e1rea da doc\u00eancia e a estes coube cr\u00e9ditos no \u00e2mbito da sua forma\u00e7\u00e3o profissional. O semin\u00e1rio foi organizado pelo Munic\u00edpio de Albufeira no \u00e2mbito do \u201cProjeto SER\u201d em parceria com o CFAE \u2013 Centro de Forma\u00e7\u00e3o de Associa\u00e7\u00e3o de Escolas de Albufeira, Lagoa e Silves, com o objetivo de dar resposta a situa\u00e7\u00f5es j\u00e1 generalizadas de comportamentos nas escolas que indiciam a urg\u00eancia de uma melhor gest\u00e3o das emo\u00e7\u00f5es. A moderar os trabalhos esteve a apresentadora de televis\u00e3o F\u00e1tima Lopes, que tamb\u00e9m se dedica ao estudo e forma\u00e7\u00e3o na \u00e1rea da Intelig\u00eancia Emocional.&nbsp;<\/p>\n\n\n\n<p>\u201cUma estrat\u00e9gia emergente na educa\u00e7\u00e3o emocional n\u00e3o passa por criar uma nova disciplina, mas antes mesclar li\u00e7\u00f5es sobre sentimentos e rela\u00e7\u00f5es interpessoais com outros t\u00f3picos j\u00e1 ensinados. Esta \u2018alfabetiza\u00e7\u00e3o emocional disfar\u00e7ada\u2019, como referiu em 1995 o \u2018perito\u2019 desta \u00e1rea, Daniel Goleman, pode ser um bom come\u00e7o para ajudar os alunos a terem uma melhor autoconsci\u00eancia e regula\u00e7\u00e3o emocional que lhes permita gerir melhor a ansiedade, o stress ou a press\u00e3o dada pela carga acad\u00e9mica, pela press\u00e3o nas redes sociais e pelas rela\u00e7\u00f5es interpessoais\u201d, referiu Jos\u00e9 Carlos Rolo, presidente da C\u00e2mara Municipal de Albufeira no texto que endere\u00e7ou a todos os presentes.&nbsp;<\/p>\n\n\n\n<p>Por sua vez, a vereadora respons\u00e1vel pela \u00e1rea da Educa\u00e7\u00e3o, Cl\u00e1udia Guedelha, \u00e9 de opini\u00e3o que \u201ca inclus\u00e3o da educa\u00e7\u00e3o emocional \u00e9 determinante na constru\u00e7\u00e3o de uma vida plena. O desafio \u00e9 ensinar empatia na escola, construir um clima acolhedor e emp\u00e1tico, numa \u00e9tica relacional focada no respeito e na escuta, ou seja, um lugar de inclus\u00e3o.\u201d<\/p>\n\n\n\n<p>A apresentar resultados de \u2018estudos de caso\u2019 e de investiga\u00e7\u00f5es estiveram diversos especialistas, desde acad\u00e9micos a psic\u00f3logos, nomeadamente: Teresa Andrade, doutorada em Psicologia Cl\u00ednica, David Sousa, especialista em Intelig\u00eancia Emocional, Felicidade e Bem-estar Organizacional, Manuela Queir\u00f3s doutorada em intelig\u00eancia emocional, Mikaela \u00d6v\u00e9n, especialista em Desenvolvimento de Compet\u00eancias pela Universidade de Malm\u00f6 (Su\u00e9cia) e facilitadora certificada pela Family Lab (Su\u00e9cia), bem como Instrutora de Mindfulness certificada. De salientar ainda as presen\u00e7as de Daniela Marto, autora de livros infantis na \u00e1rea de medita\u00e7\u00e3o e mindfulness para crian\u00e7a e jovens, com forma\u00e7\u00e3o em Coaching, PNL e Disciplina Positiva em Sala de Aula, Sabino Soares, criador do Programa Bkind (Mindfulness), Dulce Gon\u00e7alves, doutorada em Psicologia da Educa\u00e7\u00e3o, S\u00e9rgio Brand\u00e3o, doutorado em Psicologia da Educa\u00e7\u00e3o, Mara Guerreiro, autora do projeto Empatiza-TE (Intelig\u00eancia Emocional, Inclus\u00e3o e Bem-estar) e Sandra Diogo, docente no Instituto Manuel Teixeira Gomes (ISMAT) na \u00e1rea da Psicologia da Linguagem e Psicologia Escolar e da Educa\u00e7\u00e3o. De notar ainda as interven\u00e7\u00f5es de Eug\u00e9nia Cabral, docente e autora de um curso de forma\u00e7\u00e3o profissional em yoga e medita\u00e7\u00e3o para crian\u00e7as, Marta Cunha, docente e volunt\u00e1ria no Centro de Apoio aos Sem-Abrigo (C.A.S.A.) de Albufeira e Anabela Mesquita, professora de Filosofia e Psicologia na Escola Secund\u00e1ria de Albufeira, com fun\u00e7\u00f5es de coordenadora da Sala de Estudo e de Projetos.<\/p>\n\n\n\n<p>Este semin\u00e1rio, tendo come\u00e7ado com um teor mais emp\u00edrico no enquadramento acerca da intelig\u00eancia emocional e a sua abordagem cient\u00edfica (conceito e aplica\u00e7\u00e3o), foi tamb\u00e9m palco de discuss\u00e3o e de sugest\u00e3o de m\u00e9todos para chegar \u00e0 gest\u00e3o emocional, utilizando ferramentas e t\u00e9cnicas, para crian\u00e7as e adultos. O encontro entre a fam\u00edlia e a escola e a import\u00e2ncia crescente de se caminhar na parentalidade de forma atenta, observando os comportamentos e rea\u00e7\u00f5es entre todos os elementos do sistema familiar, para uma melhoria do bem-estar emocional e mental das crian\u00e7as e jovens, foram tamb\u00e9m mat\u00e9rias analisadas, bem como os comportamentos emocionais de pais e educadores nos seus relacionamentos com os seus educandos.<\/p>\n\n\n\n<p>No final, todos se sentiram \u201cinspirados\u201d a ter em conta a import\u00e2ncia da gest\u00e3o das emo\u00e7\u00f5es no dia-a-dia da comunidade escolar.&nbsp;&nbsp;&nbsp;<\/p>\n","protected":false},"excerpt":{"rendered":"<p>O Audit\u00f3rio Municipal de Albufeira esgotou a lota\u00e7\u00e3o de lugares no semin\u00e1rio de Intelig\u00eancia Emocional denominado \u201cInspira-te\u201d, ocorrido a 25<\/p>\n","protected":false},"author":1,"featured_media":47039,"comment_status":"closed","ping_status":"closed","sticky":false,"template":"","format":"standard","meta":{"colormag_page_container_layout":"default_layout","colormag_page_sidebar_layout":"default_layout","_monsterinsights_skip_tracking":false,"_monsterinsights_sitenote_active":false,"_monsterinsights_sitenote_note":"","_monsterinsights_sitenote_category":0,"jetpack_post_was_ever_published":false,"_jetpack_newsletter_access":"","_jetpack_dont_email_post_to_subs":false,"_jetpack_newsletter_tier_id":0,"_jetpack_memberships_contains_paywalled_content":false,"_jetpack_memberships_contains_paid_content":false,"footnotes":"","jetpack_publicize_message":"","jetpack_publicize_feature_enabled":true,"jetpack_social_post_already_shared":true,"jetpack_social_options":{"image_generator_settings":{"template":"highway","default_image_id":0,"font":"","enabled":false},"version":2}},"categories":[93],"tags":[155,36,74],"class_list":["post-47038","post","type-post","status-publish","format-standard","has-post-thumbnail","hentry","category-educacao","tag-albufeira","tag-algarve","tag-educacao"],"yoast_head":"<!-- This site is optimized with the Yoast SEO plugin v27.5 - https:\/\/yoast.com\/product\/yoast-seo-wordpress\/ -->\n<title>Albufeira acolheu semin\u00e1rio sobre intelig\u00eancia emocional nas escolas reunindo cerca de 300 participantes\u00a0 - Algarve 7<\/title>\n<meta name=\"description\" content=\"Albufeira acolheu semin\u00e1rio sobre intelig\u00eancia emocional nas escolas reunindo cerca de 300 participantes\u00a0 Educa\u00e7\u00e3o\" \/>\n<meta name=\"robots\" content=\"index, follow, max-snippet:-1, max-image-preview:large, max-video-preview:-1\" \/>\n<link rel=\"canonical\" href=\"https:\/\/algarve7.pt\/index.php\/2025\/02\/albufeira-acolheu-seminario-sobre-inteligencia-emocional-nas-escolas-reunindo-cerca-de-300-participantes\/educacao\/09\/41\/\" \/>\n<meta property=\"og:locale\" content=\"pt_PT\" \/>\n<meta property=\"og:type\" content=\"article\" \/>\n<meta property=\"og:title\" content=\"Albufeira acolheu semin\u00e1rio sobre intelig\u00eancia emocional nas escolas reunindo cerca de 300 participantes\u00a0 - Algarve 7\" \/>\n<meta property=\"og:description\" content=\"Albufeira acolheu semin\u00e1rio sobre intelig\u00eancia emocional nas escolas reunindo cerca de 300 participantes\u00a0 Educa\u00e7\u00e3o\" \/>\n<meta property=\"og:url\" content=\"https:\/\/algarve7.pt\/index.php\/2025\/02\/albufeira-acolheu-seminario-sobre-inteligencia-emocional-nas-escolas-reunindo-cerca-de-300-participantes\/educacao\/09\/41\/\" \/>\n<meta property=\"og:site_name\" content=\"Algarve 7\" \/>\n<meta property=\"article:publisher\" content=\"https:\/\/www.facebook.com\/algarve7\" \/>\n<meta property=\"article:author\" content=\"https:\/\/www.facebook.com\/algarve7\" \/>\n<meta property=\"article:published_time\" content=\"2025-02-07T09:41:30+00:00\" \/>\n<meta property=\"article:modified_time\" content=\"2025-02-07T09:41:33+00:00\" \/>\n<meta property=\"og:image\" content=\"https:\/\/algarve7.pt\/wp-content\/uploads\/2025\/02\/6-IMG_3471.jpg\" \/>\n\t<meta property=\"og:image:width\" content=\"800\" \/>\n\t<meta property=\"og:image:height\" content=\"500\" \/>\n\t<meta property=\"og:image:type\" content=\"image\/jpeg\" \/>\n<meta name=\"author\" content=\"Algarve 7\" \/>\n<meta name=\"twitter:card\" content=\"summary_large_image\" \/>\n<meta name=\"twitter:creator\" content=\"@Algarvesete\" \/>\n<meta name=\"twitter:site\" content=\"@Algarvesete\" \/>\n<meta name=\"twitter:label1\" content=\"Escrito por\" \/>\n\t<meta name=\"twitter:data1\" content=\"Algarve 7\" \/>\n\t<meta name=\"twitter:label2\" content=\"Tempo estimado de leitura\" \/>\n\t<meta name=\"twitter:data2\" content=\"4 minutos\" \/>\n<script type=\"application\/ld+json\" class=\"yoast-schema-graph\">{\"@context\":\"https:\\\/\\\/schema.org\",\"@graph\":[{\"@type\":\"Article\",\"@id\":\"https:\\\/\\\/algarve7.pt\\\/index.php\\\/2025\\\/02\\\/albufeira-acolheu-seminario-sobre-inteligencia-emocional-nas-escolas-reunindo-cerca-de-300-participantes\\\/educacao\\\/09\\\/41\\\/#article\",\"isPartOf\":{\"@id\":\"https:\\\/\\\/algarve7.pt\\\/index.php\\\/2025\\\/02\\\/albufeira-acolheu-seminario-sobre-inteligencia-emocional-nas-escolas-reunindo-cerca-de-300-participantes\\\/educacao\\\/09\\\/41\\\/\"},\"author\":{\"name\":\"Algarve 7\",\"@id\":\"https:\\\/\\\/algarve7.pt\\\/#\\\/schema\\\/person\\\/23fa70681308e7b319a3204bcea45e0c\"},\"headline\":\"Albufeira acolheu semin\u00e1rio sobre intelig\u00eancia emocional nas escolas reunindo cerca de 300 participantes\u00a0\",\"datePublished\":\"2025-02-07T09:41:30+00:00\",\"dateModified\":\"2025-02-07T09:41:33+00:00\",\"mainEntityOfPage\":{\"@id\":\"https:\\\/\\\/algarve7.pt\\\/index.php\\\/2025\\\/02\\\/albufeira-acolheu-seminario-sobre-inteligencia-emocional-nas-escolas-reunindo-cerca-de-300-participantes\\\/educacao\\\/09\\\/41\\\/\"},\"wordCount\":739,\"publisher\":{\"@id\":\"https:\\\/\\\/algarve7.pt\\\/#organization\"},\"image\":{\"@id\":\"https:\\\/\\\/algarve7.pt\\\/index.php\\\/2025\\\/02\\\/albufeira-acolheu-seminario-sobre-inteligencia-emocional-nas-escolas-reunindo-cerca-de-300-participantes\\\/educacao\\\/09\\\/41\\\/#primaryimage\"},\"thumbnailUrl\":\"https:\\\/\\\/algarve7.pt\\\/wp-content\\\/uploads\\\/2025\\\/02\\\/6-IMG_3471.jpg\",\"keywords\":[\"Albufeira\",\"Algarve\",\"Educa\u00e7\u00e3o\"],\"articleSection\":[\"Educa\u00e7\u00e3o\"],\"inLanguage\":\"pt-PT\"},{\"@type\":\"WebPage\",\"@id\":\"https:\\\/\\\/algarve7.pt\\\/index.php\\\/2025\\\/02\\\/albufeira-acolheu-seminario-sobre-inteligencia-emocional-nas-escolas-reunindo-cerca-de-300-participantes\\\/educacao\\\/09\\\/41\\\/\",\"url\":\"https:\\\/\\\/algarve7.pt\\\/index.php\\\/2025\\\/02\\\/albufeira-acolheu-seminario-sobre-inteligencia-emocional-nas-escolas-reunindo-cerca-de-300-participantes\\\/educacao\\\/09\\\/41\\\/\",\"name\":\"Albufeira acolheu semin\u00e1rio sobre intelig\u00eancia emocional nas escolas reunindo cerca de 300 participantes\u00a0 - Algarve 7\",\"isPartOf\":{\"@id\":\"https:\\\/\\\/algarve7.pt\\\/#website\"},\"primaryImageOfPage\":{\"@id\":\"https:\\\/\\\/algarve7.pt\\\/index.php\\\/2025\\\/02\\\/albufeira-acolheu-seminario-sobre-inteligencia-emocional-nas-escolas-reunindo-cerca-de-300-participantes\\\/educacao\\\/09\\\/41\\\/#primaryimage\"},\"image\":{\"@id\":\"https:\\\/\\\/algarve7.pt\\\/index.php\\\/2025\\\/02\\\/albufeira-acolheu-seminario-sobre-inteligencia-emocional-nas-escolas-reunindo-cerca-de-300-participantes\\\/educacao\\\/09\\\/41\\\/#primaryimage\"},\"thumbnailUrl\":\"https:\\\/\\\/algarve7.pt\\\/wp-content\\\/uploads\\\/2025\\\/02\\\/6-IMG_3471.jpg\",\"datePublished\":\"2025-02-07T09:41:30+00:00\",\"dateModified\":\"2025-02-07T09:41:33+00:00\",\"description\":\"Albufeira acolheu semin\u00e1rio sobre intelig\u00eancia emocional nas escolas reunindo cerca de 300 participantes\u00a0 Educa\u00e7\u00e3o\",\"breadcrumb\":{\"@id\":\"https:\\\/\\\/algarve7.pt\\\/index.php\\\/2025\\\/02\\\/albufeira-acolheu-seminario-sobre-inteligencia-emocional-nas-escolas-reunindo-cerca-de-300-participantes\\\/educacao\\\/09\\\/41\\\/#breadcrumb\"},\"inLanguage\":\"pt-PT\",\"potentialAction\":[{\"@type\":\"ReadAction\",\"target\":[\"https:\\\/\\\/algarve7.pt\\\/index.php\\\/2025\\\/02\\\/albufeira-acolheu-seminario-sobre-inteligencia-emocional-nas-escolas-reunindo-cerca-de-300-participantes\\\/educacao\\\/09\\\/41\\\/\"]}]},{\"@type\":\"ImageObject\",\"inLanguage\":\"pt-PT\",\"@id\":\"https:\\\/\\\/algarve7.pt\\\/index.php\\\/2025\\\/02\\\/albufeira-acolheu-seminario-sobre-inteligencia-emocional-nas-escolas-reunindo-cerca-de-300-participantes\\\/educacao\\\/09\\\/41\\\/#primaryimage\",\"url\":\"https:\\\/\\\/algarve7.pt\\\/wp-content\\\/uploads\\\/2025\\\/02\\\/6-IMG_3471.jpg\",\"contentUrl\":\"https:\\\/\\\/algarve7.pt\\\/wp-content\\\/uploads\\\/2025\\\/02\\\/6-IMG_3471.jpg\",\"width\":800,\"height\":500},{\"@type\":\"BreadcrumbList\",\"@id\":\"https:\\\/\\\/algarve7.pt\\\/index.php\\\/2025\\\/02\\\/albufeira-acolheu-seminario-sobre-inteligencia-emocional-nas-escolas-reunindo-cerca-de-300-participantes\\\/educacao\\\/09\\\/41\\\/#breadcrumb\",\"itemListElement\":[{\"@type\":\"ListItem\",\"position\":1,\"name\":\"In\u00edcio\",\"item\":\"https:\\\/\\\/algarve7.pt\\\/\"},{\"@type\":\"ListItem\",\"position\":2,\"name\":\"Albufeira acolheu semin\u00e1rio sobre intelig\u00eancia emocional nas escolas reunindo cerca de 300 participantes\u00a0\"}]},{\"@type\":\"WebSite\",\"@id\":\"https:\\\/\\\/algarve7.pt\\\/#website\",\"url\":\"https:\\\/\\\/algarve7.pt\\\/\",\"name\":\"Algarve 7\",\"description\":\"Informa\u00e7\u00e3o sobre o Algarve\",\"publisher\":{\"@id\":\"https:\\\/\\\/algarve7.pt\\\/#organization\"},\"potentialAction\":[{\"@type\":\"SearchAction\",\"target\":{\"@type\":\"EntryPoint\",\"urlTemplate\":\"https:\\\/\\\/algarve7.pt\\\/?s={search_term_string}\"},\"query-input\":{\"@type\":\"PropertyValueSpecification\",\"valueRequired\":true,\"valueName\":\"search_term_string\"}}],\"inLanguage\":\"pt-PT\"},{\"@type\":\"Organization\",\"@id\":\"https:\\\/\\\/algarve7.pt\\\/#organization\",\"name\":\"Algarve 7\",\"url\":\"https:\\\/\\\/algarve7.pt\\\/\",\"logo\":{\"@type\":\"ImageObject\",\"inLanguage\":\"pt-PT\",\"@id\":\"https:\\\/\\\/algarve7.pt\\\/#\\\/schema\\\/logo\\\/image\\\/\",\"url\":\"https:\\\/\\\/algarve7.pt\\\/wp-content\\\/uploads\\\/2020\\\/10\\\/Logo-8.jpg\",\"contentUrl\":\"https:\\\/\\\/algarve7.pt\\\/wp-content\\\/uploads\\\/2020\\\/10\\\/Logo-8.jpg\",\"width\":1680,\"height\":1186,\"caption\":\"Algarve 7\"},\"image\":{\"@id\":\"https:\\\/\\\/algarve7.pt\\\/#\\\/schema\\\/logo\\\/image\\\/\"},\"sameAs\":[\"https:\\\/\\\/www.facebook.com\\\/algarve7\",\"https:\\\/\\\/x.com\\\/Algarvesete\",\"https:\\\/\\\/www.instagram.com\\\/jornalalgarve7\\\/\",\"https:\\\/\\\/www.linkedin.com\\\/company\\\/algarve7\",\"https:\\\/\\\/www.pinterest.pt\\\/geral0939\\\/_created\\\/\"]},{\"@type\":\"Person\",\"@id\":\"https:\\\/\\\/algarve7.pt\\\/#\\\/schema\\\/person\\\/23fa70681308e7b319a3204bcea45e0c\",\"name\":\"Algarve 7\",\"sameAs\":[\"https:\\\/\\\/algarve7.pt\",\"https:\\\/\\\/www.facebook.com\\\/algarve7\"],\"url\":\"https:\\\/\\\/algarve7.pt\\\/index.php\\\/author\\\/geralalgarve7-pt\\\/\"}]}<\/script>\n<!-- \/ Yoast SEO plugin. -->","yoast_head_json":{"title":"Albufeira acolheu semin\u00e1rio sobre intelig\u00eancia emocional nas escolas reunindo cerca de 300 participantes\u00a0 - Algarve 7","description":"Albufeira acolheu semin\u00e1rio sobre intelig\u00eancia emocional nas escolas reunindo cerca de 300 participantes\u00a0 Educa\u00e7\u00e3o","robots":{"index":"index","follow":"follow","max-snippet":"max-snippet:-1","max-image-preview":"max-image-preview:large","max-video-preview":"max-video-preview:-1"},"canonical":"https:\/\/algarve7.pt\/index.php\/2025\/02\/albufeira-acolheu-seminario-sobre-inteligencia-emocional-nas-escolas-reunindo-cerca-de-300-participantes\/educacao\/09\/41\/","og_locale":"pt_PT","og_type":"article","og_title":"Albufeira acolheu semin\u00e1rio sobre intelig\u00eancia emocional nas escolas reunindo cerca de 300 participantes\u00a0 - Algarve 7","og_description":"Albufeira acolheu semin\u00e1rio sobre intelig\u00eancia emocional nas escolas reunindo cerca de 300 participantes\u00a0 Educa\u00e7\u00e3o","og_url":"https:\/\/algarve7.pt\/index.php\/2025\/02\/albufeira-acolheu-seminario-sobre-inteligencia-emocional-nas-escolas-reunindo-cerca-de-300-participantes\/educacao\/09\/41\/","og_site_name":"Algarve 7","article_publisher":"https:\/\/www.facebook.com\/algarve7","article_author":"https:\/\/www.facebook.com\/algarve7","article_published_time":"2025-02-07T09:41:30+00:00","article_modified_time":"2025-02-07T09:41:33+00:00","og_image":[{"width":800,"height":500,"url":"https:\/\/algarve7.pt\/wp-content\/uploads\/2025\/02\/6-IMG_3471.jpg","type":"image\/jpeg"}],"author":"Algarve 7","twitter_card":"summary_large_image","twitter_creator":"@Algarvesete","twitter_site":"@Algarvesete","twitter_misc":{"Escrito por":"Algarve 7","Tempo estimado de leitura":"4 minutos"},"schema":{"@context":"https:\/\/schema.org","@graph":[{"@type":"Article","@id":"https:\/\/algarve7.pt\/index.php\/2025\/02\/albufeira-acolheu-seminario-sobre-inteligencia-emocional-nas-escolas-reunindo-cerca-de-300-participantes\/educacao\/09\/41\/#article","isPartOf":{"@id":"https:\/\/algarve7.pt\/index.php\/2025\/02\/albufeira-acolheu-seminario-sobre-inteligencia-emocional-nas-escolas-reunindo-cerca-de-300-participantes\/educacao\/09\/41\/"},"author":{"name":"Algarve 7","@id":"https:\/\/algarve7.pt\/#\/schema\/person\/23fa70681308e7b319a3204bcea45e0c"},"headline":"Albufeira acolheu semin\u00e1rio sobre intelig\u00eancia emocional nas escolas reunindo cerca de 300 participantes\u00a0","datePublished":"2025-02-07T09:41:30+00:00","dateModified":"2025-02-07T09:41:33+00:00","mainEntityOfPage":{"@id":"https:\/\/algarve7.pt\/index.php\/2025\/02\/albufeira-acolheu-seminario-sobre-inteligencia-emocional-nas-escolas-reunindo-cerca-de-300-participantes\/educacao\/09\/41\/"},"wordCount":739,"publisher":{"@id":"https:\/\/algarve7.pt\/#organization"},"image":{"@id":"https:\/\/algarve7.pt\/index.php\/2025\/02\/albufeira-acolheu-seminario-sobre-inteligencia-emocional-nas-escolas-reunindo-cerca-de-300-participantes\/educacao\/09\/41\/#primaryimage"},"thumbnailUrl":"https:\/\/algarve7.pt\/wp-content\/uploads\/2025\/02\/6-IMG_3471.jpg","keywords":["Albufeira","Algarve","Educa\u00e7\u00e3o"],"articleSection":["Educa\u00e7\u00e3o"],"inLanguage":"pt-PT"},{"@type":"WebPage","@id":"https:\/\/algarve7.pt\/index.php\/2025\/02\/albufeira-acolheu-seminario-sobre-inteligencia-emocional-nas-escolas-reunindo-cerca-de-300-participantes\/educacao\/09\/41\/","url":"https:\/\/algarve7.pt\/index.php\/2025\/02\/albufeira-acolheu-seminario-sobre-inteligencia-emocional-nas-escolas-reunindo-cerca-de-300-participantes\/educacao\/09\/41\/","name":"Albufeira acolheu semin\u00e1rio sobre intelig\u00eancia emocional nas escolas reunindo cerca de 300 participantes\u00a0 - Algarve 7","isPartOf":{"@id":"https:\/\/algarve7.pt\/#website"},"primaryImageOfPage":{"@id":"https:\/\/algarve7.pt\/index.php\/2025\/02\/albufeira-acolheu-seminario-sobre-inteligencia-emocional-nas-escolas-reunindo-cerca-de-300-participantes\/educacao\/09\/41\/#primaryimage"},"image":{"@id":"https:\/\/algarve7.pt\/index.php\/2025\/02\/albufeira-acolheu-seminario-sobre-inteligencia-emocional-nas-escolas-reunindo-cerca-de-300-participantes\/educacao\/09\/41\/#primaryimage"},"thumbnailUrl":"https:\/\/algarve7.pt\/wp-content\/uploads\/2025\/02\/6-IMG_3471.jpg","datePublished":"2025-02-07T09:41:30+00:00","dateModified":"2025-02-07T09:41:33+00:00","description":"Albufeira acolheu semin\u00e1rio sobre intelig\u00eancia emocional nas escolas reunindo cerca de 300 participantes\u00a0 Educa\u00e7\u00e3o","breadcrumb":{"@id":"https:\/\/algarve7.pt\/index.php\/2025\/02\/albufeira-acolheu-seminario-sobre-inteligencia-emocional-nas-escolas-reunindo-cerca-de-300-participantes\/educacao\/09\/41\/#breadcrumb"},"inLanguage":"pt-PT","potentialAction":[{"@type":"ReadAction","target":["https:\/\/algarve7.pt\/index.php\/2025\/02\/albufeira-acolheu-seminario-sobre-inteligencia-emocional-nas-escolas-reunindo-cerca-de-300-participantes\/educacao\/09\/41\/"]}]},{"@type":"ImageObject","inLanguage":"pt-PT","@id":"https:\/\/algarve7.pt\/index.php\/2025\/02\/albufeira-acolheu-seminario-sobre-inteligencia-emocional-nas-escolas-reunindo-cerca-de-300-participantes\/educacao\/09\/41\/#primaryimage","url":"https:\/\/algarve7.pt\/wp-content\/uploads\/2025\/02\/6-IMG_3471.jpg","contentUrl":"https:\/\/algarve7.pt\/wp-content\/uploads\/2025\/02\/6-IMG_3471.jpg","width":800,"height":500},{"@type":"BreadcrumbList","@id":"https:\/\/algarve7.pt\/index.php\/2025\/02\/albufeira-acolheu-seminario-sobre-inteligencia-emocional-nas-escolas-reunindo-cerca-de-300-participantes\/educacao\/09\/41\/#breadcrumb","itemListElement":[{"@type":"ListItem","position":1,"name":"In\u00edcio","item":"https:\/\/algarve7.pt\/"},{"@type":"ListItem","position":2,"name":"Albufeira acolheu semin\u00e1rio sobre intelig\u00eancia emocional nas escolas reunindo cerca de 300 participantes\u00a0"}]},{"@type":"WebSite","@id":"https:\/\/algarve7.pt\/#website","url":"https:\/\/algarve7.pt\/","name":"Algarve 7","description":"Informa\u00e7\u00e3o sobre o Algarve","publisher":{"@id":"https:\/\/algarve7.pt\/#organization"},"potentialAction":[{"@type":"SearchAction","target":{"@type":"EntryPoint","urlTemplate":"https:\/\/algarve7.pt\/?s={search_term_string}"},"query-input":{"@type":"PropertyValueSpecification","valueRequired":true,"valueName":"search_term_string"}}],"inLanguage":"pt-PT"},{"@type":"Organization","@id":"https:\/\/algarve7.pt\/#organization","name":"Algarve 7","url":"https:\/\/algarve7.pt\/","logo":{"@type":"ImageObject","inLanguage":"pt-PT","@id":"https:\/\/algarve7.pt\/#\/schema\/logo\/image\/","url":"https:\/\/algarve7.pt\/wp-content\/uploads\/2020\/10\/Logo-8.jpg","contentUrl":"https:\/\/algarve7.pt\/wp-content\/uploads\/2020\/10\/Logo-8.jpg","width":1680,"height":1186,"caption":"Algarve 7"},"image":{"@id":"https:\/\/algarve7.pt\/#\/schema\/logo\/image\/"},"sameAs":["https:\/\/www.facebook.com\/algarve7","https:\/\/x.com\/Algarvesete","https:\/\/www.instagram.com\/jornalalgarve7\/","https:\/\/www.linkedin.com\/company\/algarve7","https:\/\/www.pinterest.pt\/geral0939\/_created\/"]},{"@type":"Person","@id":"https:\/\/algarve7.pt\/#\/schema\/person\/23fa70681308e7b319a3204bcea45e0c","name":"Algarve 7","sameAs":["https:\/\/algarve7.pt","https:\/\/www.facebook.com\/algarve7"],"url":"https:\/\/algarve7.pt\/index.php\/author\/geralalgarve7-pt\/"}]}},"jetpack_publicize_connections":[],"jetpack_featured_media_url":"https:\/\/algarve7.pt\/wp-content\/uploads\/2025\/02\/6-IMG_3471.jpg","jetpack_shortlink":"https:\/\/wp.me\/pcezmW-ceG","jetpack_sharing_enabled":true,"_links":{"self":[{"href":"https:\/\/algarve7.pt\/index.php\/wp-json\/wp\/v2\/posts\/47038","targetHints":{"allow":["GET"]}}],"collection":[{"href":"https:\/\/algarve7.pt\/index.php\/wp-json\/wp\/v2\/posts"}],"about":[{"href":"https:\/\/algarve7.pt\/index.php\/wp-json\/wp\/v2\/types\/post"}],"author":[{"embeddable":true,"href":"https:\/\/algarve7.pt\/index.php\/wp-json\/wp\/v2\/users\/1"}],"replies":[{"embeddable":true,"href":"https:\/\/algarve7.pt\/index.php\/wp-json\/wp\/v2\/comments?post=47038"}],"version-history":[{"count":0,"href":"https:\/\/algarve7.pt\/index.php\/wp-json\/wp\/v2\/posts\/47038\/revisions"}],"wp:featuredmedia":[{"embeddable":true,"href":"https:\/\/algarve7.pt\/index.php\/wp-json\/wp\/v2\/media\/47039"}],"wp:attachment":[{"href":"https:\/\/algarve7.pt\/index.php\/wp-json\/wp\/v2\/media?parent=47038"}],"wp:term":[{"taxonomy":"category","embeddable":true,"href":"https:\/\/algarve7.pt\/index.php\/wp-json\/wp\/v2\/categories?post=47038"},{"taxonomy":"post_tag","embeddable":true,"href":"https:\/\/algarve7.pt\/index.php\/wp-json\/wp\/v2\/tags?post=47038"}],"curies":[{"name":"wp","href":"https:\/\/api.w.org\/{rel}","templated":true}]}}