{"id":46955,"date":"2025-02-04T18:45:45","date_gmt":"2025-02-04T18:45:45","guid":{"rendered":"https:\/\/algarve7.pt\/?p=46955"},"modified":"2025-02-04T18:45:49","modified_gmt":"2025-02-04T18:45:49","slug":"dia-aberto-ao-estrutura-residencial-e-centro-de-dia-alzheimer-em-castro-marim","status":"publish","type":"post","link":"https:\/\/algarve7.pt\/index.php\/2025\/02\/dia-aberto-ao-estrutura-residencial-e-centro-de-dia-alzheimer-em-castro-marim\/atualidade\/18\/45\/","title":{"rendered":"Dia aberto ao estrutura residencial e centro de dia \u2013 alzheimer, em Castro Marim"},"content":{"rendered":"\n<p>No \u00e2mbito da iniciativa&nbsp;<strong>\u201cOs Fundos Europeus na minha Regi\u00e3o\u201d<\/strong>, a Autoridade de Gest\u00e3o do Programa Regional do Algarve 2030, d\u00e1 continuidade \u00e0 sua iniciativa&nbsp;<strong>\u201cDias Abertos\u201d<\/strong>, abrindo as portas a v\u00e1rios projetos financiados por fundos europeus na regi\u00e3o.&nbsp;<\/p>\n\n\n\n<p><strong>A Estrutura Residencial e Centro de Dia de Alzheimer e Dem\u00eancias &#8211; Jos\u00e9 Cabrita, em Castro Marim,&nbsp;<\/strong>ser\u00e1 o pr\u00f3ximo projeto a abrir as suas portas, no dia&nbsp;<strong>6 de fevereiro de 2025<\/strong>, para dar oportunidade a todos os cidad\u00e3os que queiram conhecer e visitar esta estrutura.&nbsp;<\/p>\n\n\n\n<p><strong>Trata-se de um projeto pioneiro no apoio \u00e0 sa\u00fade mental em Portugal, a primeira unidade a Sul do Tejo e uma das primeiras do Pa\u00eds<\/strong>.<\/p>\n\n\n\n<p>Inclu\u00edda no Plano de A\u00e7\u00e3o da ARU e do PARU, foi financiada em mais de 1,5M de euros pelos Fundos Europeus, no \u00e2mbito do programa PO CRESC Algarve 2020, somados ao milh\u00e3o de euros de apoio do Munic\u00edpio de Castro Marim, tendo o restante montante sido assumido pela Santa Casa da Miseric\u00f3rdia.<\/p>\n\n\n\n<p>Este projeto visou a constru\u00e7\u00e3o de um edif\u00edcio que se destina a proporcionar alojamento residencial permanente ou tempor\u00e1rio a 70 pessoas adultas com perturba\u00e7\u00e3o neurocognitiva (dem\u00eancia), incorporando uma unidade de reabilita\u00e7\u00e3o e servi\u00e7os de sa\u00fade especializados.&nbsp;<\/p>\n\n\n\n<p>Vocacionado para o tratamento de doentes de Alzheimer e outras dem\u00eancias, permitiu ainda, desenvolver um trabalho especializado de investiga\u00e7\u00e3o, an\u00e1lise e avalia\u00e7\u00e3o das melhores estrat\u00e9gias e pr\u00e1ticas na abordagem \u00e0 doen\u00e7a, bem como tratar e cuidar 30 utentes na Unidade de Centro de Dia e ainda criar uma Unidade de Promo\u00e7\u00e3o da Autonomia Pessoal e Interven\u00e7\u00e3o com as fam\u00edlias.<\/p>\n\n\n\n<p>Os Dias Abertos t\u00eam como objetivo sensibilizar e incentivar os cidad\u00e3os a descobrirem projetos financiados pela Uni\u00e3o Europeia perto do local onde vivem, evidenciando a import\u00e2ncia dos fundos europeus para o desenvolvimento regional.<\/p>\n\n\n\n<p>Esta iniciativa conta com o apoio do\u00a0Munic\u00edpio de Castro Marim\u00a0e da\u00a0Santa Casa da Miseric\u00f3rdia de Castro Marim, pretendendo destacar como exemplo de boa aplica\u00e7\u00e3o dos fundos europeus, e evidenciar como no Algarve se Faz Bem.<\/p>\n\n\n\n<p><strong>A participa\u00e7\u00e3o \u00e9 sujeita a inscri\u00e7\u00e3o obrigat\u00f3ria, atrav\u00e9s do seguinte link:&nbsp;<\/strong><\/p>\n\n\n\n<p><a href=\"https:\/\/www.ccdr-alg.pt\/site\/info\/dia-aberto-ao-estrutura-residencial-e-centro-de-dia-alzheimer-em-castro-marim-0\" target=\"_blank\" rel=\"noreferrer noopener\">https:\/\/www.ccdr-alg.pt\/site\/info\/dia-aberto-ao-estrutura-residencial-e-centro-de-dia-alzheimer-em-castro-marim-0<\/a><\/p>\n","protected":false},"excerpt":{"rendered":"<p>No \u00e2mbito da iniciativa&nbsp;\u201cOs Fundos Europeus na minha Regi\u00e3o\u201d, a Autoridade de Gest\u00e3o do Programa Regional do Algarve 2030, d\u00e1<\/p>\n","protected":false},"author":1,"featured_media":46956,"comment_status":"closed","ping_status":"closed","sticky":false,"template":"","format":"standard","meta":{"colormag_page_container_layout":"default_layout","colormag_page_sidebar_layout":"default_layout","_monsterinsights_skip_tracking":false,"_monsterinsights_sitenote_active":false,"_monsterinsights_sitenote_note":"","_monsterinsights_sitenote_category":0,"jetpack_post_was_ever_published":false,"_jetpack_newsletter_access":"","_jetpack_dont_email_post_to_subs":false,"_jetpack_newsletter_tier_id":0,"_jetpack_memberships_contains_paywalled_content":false,"_jetpack_memberships_contains_paid_content":false,"footnotes":"","jetpack_publicize_message":"","jetpack_publicize_feature_enabled":true,"jetpack_social_post_already_shared":true,"jetpack_social_options":{"image_generator_settings":{"template":"highway","default_image_id":0,"font":"","enabled":false},"version":2}},"categories":[11],"tags":[36,62,136],"class_list":["post-46955","post","type-post","status-publish","format-standard","has-post-thumbnail","hentry","category-atualidade","tag-algarve","tag-atualidade","tag-castro-marim"],"yoast_head":"<!-- This site is optimized with the Yoast SEO plugin v27.5 - https:\/\/yoast.com\/product\/yoast-seo-wordpress\/ -->\n<title>Dia aberto ao estrutura residencial e centro de dia \u2013 alzheimer, em Castro Marim - Algarve 7<\/title>\n<meta name=\"description\" content=\"Dia aberto ao estrutura residencial e centro de dia \u2013 alzheimer, em Castro Marim Atualidade\" \/>\n<meta name=\"robots\" content=\"index, follow, max-snippet:-1, max-image-preview:large, max-video-preview:-1\" \/>\n<link rel=\"canonical\" href=\"https:\/\/algarve7.pt\/index.php\/2025\/02\/dia-aberto-ao-estrutura-residencial-e-centro-de-dia-alzheimer-em-castro-marim\/atualidade\/18\/45\/\" \/>\n<meta property=\"og:locale\" content=\"pt_PT\" \/>\n<meta property=\"og:type\" content=\"article\" \/>\n<meta property=\"og:title\" content=\"Dia aberto ao estrutura residencial e centro de dia \u2013 alzheimer, em Castro Marim - Algarve 7\" \/>\n<meta property=\"og:description\" content=\"Dia aberto ao estrutura residencial e centro de dia \u2013 alzheimer, em Castro Marim Atualidade\" \/>\n<meta property=\"og:url\" content=\"https:\/\/algarve7.pt\/index.php\/2025\/02\/dia-aberto-ao-estrutura-residencial-e-centro-de-dia-alzheimer-em-castro-marim\/atualidade\/18\/45\/\" \/>\n<meta property=\"og:site_name\" content=\"Algarve 7\" \/>\n<meta property=\"article:publisher\" content=\"https:\/\/www.facebook.com\/algarve7\" \/>\n<meta property=\"article:author\" content=\"https:\/\/www.facebook.com\/algarve7\" \/>\n<meta property=\"article:published_time\" content=\"2025-02-04T18:45:45+00:00\" \/>\n<meta property=\"article:modified_time\" content=\"2025-02-04T18:45:49+00:00\" \/>\n<meta property=\"og:image\" content=\"https:\/\/algarve7.pt\/wp-content\/uploads\/2025\/02\/dias-abertos.jpg\" \/>\n\t<meta property=\"og:image:width\" content=\"800\" \/>\n\t<meta property=\"og:image:height\" content=\"500\" \/>\n\t<meta property=\"og:image:type\" content=\"image\/jpeg\" \/>\n<meta name=\"author\" content=\"Algarve 7\" \/>\n<meta name=\"twitter:card\" content=\"summary_large_image\" \/>\n<meta name=\"twitter:creator\" content=\"@Algarvesete\" \/>\n<meta name=\"twitter:site\" content=\"@Algarvesete\" \/>\n<meta name=\"twitter:label1\" content=\"Escrito por\" \/>\n\t<meta name=\"twitter:data1\" content=\"Algarve 7\" \/>\n\t<meta name=\"twitter:label2\" content=\"Tempo estimado de leitura\" \/>\n\t<meta name=\"twitter:data2\" content=\"3 minutos\" \/>\n<script type=\"application\/ld+json\" class=\"yoast-schema-graph\">{\"@context\":\"https:\\\/\\\/schema.org\",\"@graph\":[{\"@type\":\"Article\",\"@id\":\"https:\\\/\\\/algarve7.pt\\\/index.php\\\/2025\\\/02\\\/dia-aberto-ao-estrutura-residencial-e-centro-de-dia-alzheimer-em-castro-marim\\\/atualidade\\\/18\\\/45\\\/#article\",\"isPartOf\":{\"@id\":\"https:\\\/\\\/algarve7.pt\\\/index.php\\\/2025\\\/02\\\/dia-aberto-ao-estrutura-residencial-e-centro-de-dia-alzheimer-em-castro-marim\\\/atualidade\\\/18\\\/45\\\/\"},\"author\":{\"name\":\"Algarve 7\",\"@id\":\"https:\\\/\\\/algarve7.pt\\\/#\\\/schema\\\/person\\\/23fa70681308e7b319a3204bcea45e0c\"},\"headline\":\"Dia aberto ao estrutura residencial e centro de dia \u2013 alzheimer, em Castro Marim\",\"datePublished\":\"2025-02-04T18:45:45+00:00\",\"dateModified\":\"2025-02-04T18:45:49+00:00\",\"mainEntityOfPage\":{\"@id\":\"https:\\\/\\\/algarve7.pt\\\/index.php\\\/2025\\\/02\\\/dia-aberto-ao-estrutura-residencial-e-centro-de-dia-alzheimer-em-castro-marim\\\/atualidade\\\/18\\\/45\\\/\"},\"wordCount\":401,\"publisher\":{\"@id\":\"https:\\\/\\\/algarve7.pt\\\/#organization\"},\"image\":{\"@id\":\"https:\\\/\\\/algarve7.pt\\\/index.php\\\/2025\\\/02\\\/dia-aberto-ao-estrutura-residencial-e-centro-de-dia-alzheimer-em-castro-marim\\\/atualidade\\\/18\\\/45\\\/#primaryimage\"},\"thumbnailUrl\":\"https:\\\/\\\/algarve7.pt\\\/wp-content\\\/uploads\\\/2025\\\/02\\\/dias-abertos.jpg\",\"keywords\":[\"Algarve\",\"Atualidade\",\"Castro Marim\"],\"articleSection\":[\"Atualidade\"],\"inLanguage\":\"pt-PT\"},{\"@type\":\"WebPage\",\"@id\":\"https:\\\/\\\/algarve7.pt\\\/index.php\\\/2025\\\/02\\\/dia-aberto-ao-estrutura-residencial-e-centro-de-dia-alzheimer-em-castro-marim\\\/atualidade\\\/18\\\/45\\\/\",\"url\":\"https:\\\/\\\/algarve7.pt\\\/index.php\\\/2025\\\/02\\\/dia-aberto-ao-estrutura-residencial-e-centro-de-dia-alzheimer-em-castro-marim\\\/atualidade\\\/18\\\/45\\\/\",\"name\":\"Dia aberto ao estrutura residencial e centro de dia \u2013 alzheimer, em Castro Marim - Algarve 7\",\"isPartOf\":{\"@id\":\"https:\\\/\\\/algarve7.pt\\\/#website\"},\"primaryImageOfPage\":{\"@id\":\"https:\\\/\\\/algarve7.pt\\\/index.php\\\/2025\\\/02\\\/dia-aberto-ao-estrutura-residencial-e-centro-de-dia-alzheimer-em-castro-marim\\\/atualidade\\\/18\\\/45\\\/#primaryimage\"},\"image\":{\"@id\":\"https:\\\/\\\/algarve7.pt\\\/index.php\\\/2025\\\/02\\\/dia-aberto-ao-estrutura-residencial-e-centro-de-dia-alzheimer-em-castro-marim\\\/atualidade\\\/18\\\/45\\\/#primaryimage\"},\"thumbnailUrl\":\"https:\\\/\\\/algarve7.pt\\\/wp-content\\\/uploads\\\/2025\\\/02\\\/dias-abertos.jpg\",\"datePublished\":\"2025-02-04T18:45:45+00:00\",\"dateModified\":\"2025-02-04T18:45:49+00:00\",\"description\":\"Dia aberto ao estrutura residencial e centro de dia \u2013 alzheimer, em Castro Marim Atualidade\",\"breadcrumb\":{\"@id\":\"https:\\\/\\\/algarve7.pt\\\/index.php\\\/2025\\\/02\\\/dia-aberto-ao-estrutura-residencial-e-centro-de-dia-alzheimer-em-castro-marim\\\/atualidade\\\/18\\\/45\\\/#breadcrumb\"},\"inLanguage\":\"pt-PT\",\"potentialAction\":[{\"@type\":\"ReadAction\",\"target\":[\"https:\\\/\\\/algarve7.pt\\\/index.php\\\/2025\\\/02\\\/dia-aberto-ao-estrutura-residencial-e-centro-de-dia-alzheimer-em-castro-marim\\\/atualidade\\\/18\\\/45\\\/\"]}]},{\"@type\":\"ImageObject\",\"inLanguage\":\"pt-PT\",\"@id\":\"https:\\\/\\\/algarve7.pt\\\/index.php\\\/2025\\\/02\\\/dia-aberto-ao-estrutura-residencial-e-centro-de-dia-alzheimer-em-castro-marim\\\/atualidade\\\/18\\\/45\\\/#primaryimage\",\"url\":\"https:\\\/\\\/algarve7.pt\\\/wp-content\\\/uploads\\\/2025\\\/02\\\/dias-abertos.jpg\",\"contentUrl\":\"https:\\\/\\\/algarve7.pt\\\/wp-content\\\/uploads\\\/2025\\\/02\\\/dias-abertos.jpg\",\"width\":800,\"height\":500},{\"@type\":\"BreadcrumbList\",\"@id\":\"https:\\\/\\\/algarve7.pt\\\/index.php\\\/2025\\\/02\\\/dia-aberto-ao-estrutura-residencial-e-centro-de-dia-alzheimer-em-castro-marim\\\/atualidade\\\/18\\\/45\\\/#breadcrumb\",\"itemListElement\":[{\"@type\":\"ListItem\",\"position\":1,\"name\":\"In\u00edcio\",\"item\":\"https:\\\/\\\/algarve7.pt\\\/\"},{\"@type\":\"ListItem\",\"position\":2,\"name\":\"Dia aberto ao estrutura residencial e centro de dia \u2013 alzheimer, em Castro Marim\"}]},{\"@type\":\"WebSite\",\"@id\":\"https:\\\/\\\/algarve7.pt\\\/#website\",\"url\":\"https:\\\/\\\/algarve7.pt\\\/\",\"name\":\"Algarve 7\",\"description\":\"Informa\u00e7\u00e3o sobre o Algarve\",\"publisher\":{\"@id\":\"https:\\\/\\\/algarve7.pt\\\/#organization\"},\"potentialAction\":[{\"@type\":\"SearchAction\",\"target\":{\"@type\":\"EntryPoint\",\"urlTemplate\":\"https:\\\/\\\/algarve7.pt\\\/?s={search_term_string}\"},\"query-input\":{\"@type\":\"PropertyValueSpecification\",\"valueRequired\":true,\"valueName\":\"search_term_string\"}}],\"inLanguage\":\"pt-PT\"},{\"@type\":\"Organization\",\"@id\":\"https:\\\/\\\/algarve7.pt\\\/#organization\",\"name\":\"Algarve 7\",\"url\":\"https:\\\/\\\/algarve7.pt\\\/\",\"logo\":{\"@type\":\"ImageObject\",\"inLanguage\":\"pt-PT\",\"@id\":\"https:\\\/\\\/algarve7.pt\\\/#\\\/schema\\\/logo\\\/image\\\/\",\"url\":\"https:\\\/\\\/algarve7.pt\\\/wp-content\\\/uploads\\\/2020\\\/10\\\/Logo-8.jpg\",\"contentUrl\":\"https:\\\/\\\/algarve7.pt\\\/wp-content\\\/uploads\\\/2020\\\/10\\\/Logo-8.jpg\",\"width\":1680,\"height\":1186,\"caption\":\"Algarve 7\"},\"image\":{\"@id\":\"https:\\\/\\\/algarve7.pt\\\/#\\\/schema\\\/logo\\\/image\\\/\"},\"sameAs\":[\"https:\\\/\\\/www.facebook.com\\\/algarve7\",\"https:\\\/\\\/x.com\\\/Algarvesete\",\"https:\\\/\\\/www.instagram.com\\\/jornalalgarve7\\\/\",\"https:\\\/\\\/www.linkedin.com\\\/company\\\/algarve7\",\"https:\\\/\\\/www.pinterest.pt\\\/geral0939\\\/_created\\\/\"]},{\"@type\":\"Person\",\"@id\":\"https:\\\/\\\/algarve7.pt\\\/#\\\/schema\\\/person\\\/23fa70681308e7b319a3204bcea45e0c\",\"name\":\"Algarve 7\",\"sameAs\":[\"https:\\\/\\\/algarve7.pt\",\"https:\\\/\\\/www.facebook.com\\\/algarve7\"],\"url\":\"https:\\\/\\\/algarve7.pt\\\/index.php\\\/author\\\/geralalgarve7-pt\\\/\"}]}<\/script>\n<!-- \/ Yoast SEO plugin. -->","yoast_head_json":{"title":"Dia aberto ao estrutura residencial e centro de dia \u2013 alzheimer, em Castro Marim - Algarve 7","description":"Dia aberto ao estrutura residencial e centro de dia \u2013 alzheimer, em Castro Marim Atualidade","robots":{"index":"index","follow":"follow","max-snippet":"max-snippet:-1","max-image-preview":"max-image-preview:large","max-video-preview":"max-video-preview:-1"},"canonical":"https:\/\/algarve7.pt\/index.php\/2025\/02\/dia-aberto-ao-estrutura-residencial-e-centro-de-dia-alzheimer-em-castro-marim\/atualidade\/18\/45\/","og_locale":"pt_PT","og_type":"article","og_title":"Dia aberto ao estrutura residencial e centro de dia \u2013 alzheimer, em Castro Marim - Algarve 7","og_description":"Dia aberto ao estrutura residencial e centro de dia \u2013 alzheimer, em Castro Marim Atualidade","og_url":"https:\/\/algarve7.pt\/index.php\/2025\/02\/dia-aberto-ao-estrutura-residencial-e-centro-de-dia-alzheimer-em-castro-marim\/atualidade\/18\/45\/","og_site_name":"Algarve 7","article_publisher":"https:\/\/www.facebook.com\/algarve7","article_author":"https:\/\/www.facebook.com\/algarve7","article_published_time":"2025-02-04T18:45:45+00:00","article_modified_time":"2025-02-04T18:45:49+00:00","og_image":[{"width":800,"height":500,"url":"https:\/\/algarve7.pt\/wp-content\/uploads\/2025\/02\/dias-abertos.jpg","type":"image\/jpeg"}],"author":"Algarve 7","twitter_card":"summary_large_image","twitter_creator":"@Algarvesete","twitter_site":"@Algarvesete","twitter_misc":{"Escrito por":"Algarve 7","Tempo estimado de leitura":"3 minutos"},"schema":{"@context":"https:\/\/schema.org","@graph":[{"@type":"Article","@id":"https:\/\/algarve7.pt\/index.php\/2025\/02\/dia-aberto-ao-estrutura-residencial-e-centro-de-dia-alzheimer-em-castro-marim\/atualidade\/18\/45\/#article","isPartOf":{"@id":"https:\/\/algarve7.pt\/index.php\/2025\/02\/dia-aberto-ao-estrutura-residencial-e-centro-de-dia-alzheimer-em-castro-marim\/atualidade\/18\/45\/"},"author":{"name":"Algarve 7","@id":"https:\/\/algarve7.pt\/#\/schema\/person\/23fa70681308e7b319a3204bcea45e0c"},"headline":"Dia aberto ao estrutura residencial e centro de dia \u2013 alzheimer, em Castro Marim","datePublished":"2025-02-04T18:45:45+00:00","dateModified":"2025-02-04T18:45:49+00:00","mainEntityOfPage":{"@id":"https:\/\/algarve7.pt\/index.php\/2025\/02\/dia-aberto-ao-estrutura-residencial-e-centro-de-dia-alzheimer-em-castro-marim\/atualidade\/18\/45\/"},"wordCount":401,"publisher":{"@id":"https:\/\/algarve7.pt\/#organization"},"image":{"@id":"https:\/\/algarve7.pt\/index.php\/2025\/02\/dia-aberto-ao-estrutura-residencial-e-centro-de-dia-alzheimer-em-castro-marim\/atualidade\/18\/45\/#primaryimage"},"thumbnailUrl":"https:\/\/algarve7.pt\/wp-content\/uploads\/2025\/02\/dias-abertos.jpg","keywords":["Algarve","Atualidade","Castro Marim"],"articleSection":["Atualidade"],"inLanguage":"pt-PT"},{"@type":"WebPage","@id":"https:\/\/algarve7.pt\/index.php\/2025\/02\/dia-aberto-ao-estrutura-residencial-e-centro-de-dia-alzheimer-em-castro-marim\/atualidade\/18\/45\/","url":"https:\/\/algarve7.pt\/index.php\/2025\/02\/dia-aberto-ao-estrutura-residencial-e-centro-de-dia-alzheimer-em-castro-marim\/atualidade\/18\/45\/","name":"Dia aberto ao estrutura residencial e centro de dia \u2013 alzheimer, em Castro Marim - Algarve 7","isPartOf":{"@id":"https:\/\/algarve7.pt\/#website"},"primaryImageOfPage":{"@id":"https:\/\/algarve7.pt\/index.php\/2025\/02\/dia-aberto-ao-estrutura-residencial-e-centro-de-dia-alzheimer-em-castro-marim\/atualidade\/18\/45\/#primaryimage"},"image":{"@id":"https:\/\/algarve7.pt\/index.php\/2025\/02\/dia-aberto-ao-estrutura-residencial-e-centro-de-dia-alzheimer-em-castro-marim\/atualidade\/18\/45\/#primaryimage"},"thumbnailUrl":"https:\/\/algarve7.pt\/wp-content\/uploads\/2025\/02\/dias-abertos.jpg","datePublished":"2025-02-04T18:45:45+00:00","dateModified":"2025-02-04T18:45:49+00:00","description":"Dia aberto ao estrutura residencial e centro de dia \u2013 alzheimer, em Castro Marim Atualidade","breadcrumb":{"@id":"https:\/\/algarve7.pt\/index.php\/2025\/02\/dia-aberto-ao-estrutura-residencial-e-centro-de-dia-alzheimer-em-castro-marim\/atualidade\/18\/45\/#breadcrumb"},"inLanguage":"pt-PT","potentialAction":[{"@type":"ReadAction","target":["https:\/\/algarve7.pt\/index.php\/2025\/02\/dia-aberto-ao-estrutura-residencial-e-centro-de-dia-alzheimer-em-castro-marim\/atualidade\/18\/45\/"]}]},{"@type":"ImageObject","inLanguage":"pt-PT","@id":"https:\/\/algarve7.pt\/index.php\/2025\/02\/dia-aberto-ao-estrutura-residencial-e-centro-de-dia-alzheimer-em-castro-marim\/atualidade\/18\/45\/#primaryimage","url":"https:\/\/algarve7.pt\/wp-content\/uploads\/2025\/02\/dias-abertos.jpg","contentUrl":"https:\/\/algarve7.pt\/wp-content\/uploads\/2025\/02\/dias-abertos.jpg","width":800,"height":500},{"@type":"BreadcrumbList","@id":"https:\/\/algarve7.pt\/index.php\/2025\/02\/dia-aberto-ao-estrutura-residencial-e-centro-de-dia-alzheimer-em-castro-marim\/atualidade\/18\/45\/#breadcrumb","itemListElement":[{"@type":"ListItem","position":1,"name":"In\u00edcio","item":"https:\/\/algarve7.pt\/"},{"@type":"ListItem","position":2,"name":"Dia aberto ao estrutura residencial e centro de dia \u2013 alzheimer, em Castro Marim"}]},{"@type":"WebSite","@id":"https:\/\/algarve7.pt\/#website","url":"https:\/\/algarve7.pt\/","name":"Algarve 7","description":"Informa\u00e7\u00e3o sobre o Algarve","publisher":{"@id":"https:\/\/algarve7.pt\/#organization"},"potentialAction":[{"@type":"SearchAction","target":{"@type":"EntryPoint","urlTemplate":"https:\/\/algarve7.pt\/?s={search_term_string}"},"query-input":{"@type":"PropertyValueSpecification","valueRequired":true,"valueName":"search_term_string"}}],"inLanguage":"pt-PT"},{"@type":"Organization","@id":"https:\/\/algarve7.pt\/#organization","name":"Algarve 7","url":"https:\/\/algarve7.pt\/","logo":{"@type":"ImageObject","inLanguage":"pt-PT","@id":"https:\/\/algarve7.pt\/#\/schema\/logo\/image\/","url":"https:\/\/algarve7.pt\/wp-content\/uploads\/2020\/10\/Logo-8.jpg","contentUrl":"https:\/\/algarve7.pt\/wp-content\/uploads\/2020\/10\/Logo-8.jpg","width":1680,"height":1186,"caption":"Algarve 7"},"image":{"@id":"https:\/\/algarve7.pt\/#\/schema\/logo\/image\/"},"sameAs":["https:\/\/www.facebook.com\/algarve7","https:\/\/x.com\/Algarvesete","https:\/\/www.instagram.com\/jornalalgarve7\/","https:\/\/www.linkedin.com\/company\/algarve7","https:\/\/www.pinterest.pt\/geral0939\/_created\/"]},{"@type":"Person","@id":"https:\/\/algarve7.pt\/#\/schema\/person\/23fa70681308e7b319a3204bcea45e0c","name":"Algarve 7","sameAs":["https:\/\/algarve7.pt","https:\/\/www.facebook.com\/algarve7"],"url":"https:\/\/algarve7.pt\/index.php\/author\/geralalgarve7-pt\/"}]}},"jetpack_publicize_connections":[],"jetpack_featured_media_url":"https:\/\/algarve7.pt\/wp-content\/uploads\/2025\/02\/dias-abertos.jpg","jetpack_shortlink":"https:\/\/wp.me\/pcezmW-cdl","jetpack_sharing_enabled":true,"_links":{"self":[{"href":"https:\/\/algarve7.pt\/index.php\/wp-json\/wp\/v2\/posts\/46955","targetHints":{"allow":["GET"]}}],"collection":[{"href":"https:\/\/algarve7.pt\/index.php\/wp-json\/wp\/v2\/posts"}],"about":[{"href":"https:\/\/algarve7.pt\/index.php\/wp-json\/wp\/v2\/types\/post"}],"author":[{"embeddable":true,"href":"https:\/\/algarve7.pt\/index.php\/wp-json\/wp\/v2\/users\/1"}],"replies":[{"embeddable":true,"href":"https:\/\/algarve7.pt\/index.php\/wp-json\/wp\/v2\/comments?post=46955"}],"version-history":[{"count":0,"href":"https:\/\/algarve7.pt\/index.php\/wp-json\/wp\/v2\/posts\/46955\/revisions"}],"wp:featuredmedia":[{"embeddable":true,"href":"https:\/\/algarve7.pt\/index.php\/wp-json\/wp\/v2\/media\/46956"}],"wp:attachment":[{"href":"https:\/\/algarve7.pt\/index.php\/wp-json\/wp\/v2\/media?parent=46955"}],"wp:term":[{"taxonomy":"category","embeddable":true,"href":"https:\/\/algarve7.pt\/index.php\/wp-json\/wp\/v2\/categories?post=46955"},{"taxonomy":"post_tag","embeddable":true,"href":"https:\/\/algarve7.pt\/index.php\/wp-json\/wp\/v2\/tags?post=46955"}],"curies":[{"name":"wp","href":"https:\/\/api.w.org\/{rel}","templated":true}]}}