{"id":46933,"date":"2025-02-05T07:00:00","date_gmt":"2025-02-05T07:00:00","guid":{"rendered":"https:\/\/algarve7.pt\/?p=46933"},"modified":"2025-02-04T14:58:07","modified_gmt":"2025-02-04T14:58:07","slug":"corso-louletano-sai-para-a-rua-com-o-mote-o-carnaval-nao-e-uma-seca","status":"publish","type":"post","link":"https:\/\/algarve7.pt\/index.php\/2025\/02\/corso-louletano-sai-para-a-rua-com-o-mote-o-carnaval-nao-e-uma-seca\/cultura\/07\/00\/","title":{"rendered":"Corso Louletano sai para a rua com o mote \u201co Carnaval n\u00e3o \u00e9 uma seca\u2026\u201d\u00a0"},"content":{"rendered":"\n<p>Mais uma vez o Carnaval de Loul\u00e9 vai brincar com um tema s\u00e9rio. Os problemas de falta de \u00e1gua na regi\u00e3o algarvia inspiram o desfile de 2025, que acontece nos dias 2,3 e 4 de mar\u00e7o, na Avenida Jos\u00e9 da Costa Mealha.<\/p>\n\n\n\n<p>\u201cO Carnaval n\u00e3o \u00e9 uma seca\u2026\u201d \u00e9 o mote de mais uma edi\u00e7\u00e3o do mais antigo Carnaval do pa\u00eds, que traz para a rua 15 carros aleg\u00f3ricos, cerca de 600 animadores, escolas de samba, grupos de anima\u00e7\u00e3o, cabe\u00e7udos, gigantones, s\u00e1tira pol\u00edtica e social e, sobretudo, muita folia.<\/p>\n\n\n\n<p>A Autarquia volta a apostar na proje\u00e7\u00e3o do Carnaval como ferramenta para trazer \u00e0 sensibiliza\u00e7\u00e3o p\u00fablica um tema de interesse, alertando e promovendo comportamentos respons\u00e1veis e conscientes.<\/p>\n\n\n\n<p>Temas da atualidade como as pr\u00f3ximas elei\u00e7\u00f5es presidenciais, as medidas anti-imigra\u00e7\u00e3o de Donald Trump, a presen\u00e7a de Ant\u00f3nio Costa como homem forte do Conselho Europeu ou o contrato multimilion\u00e1rio de Cristiano Ronaldo v\u00e3o dar vida ao desfile. Um desfile em que o p\u00fablico tem a oportunidade de interagir com os figurantes e ser ele pr\u00f3prio parte da festa.<\/p>\n\n\n\n<p>A seca que nos \u00faltimos anos tem afetado o Algarve estar\u00e1 presente em v\u00e1rios carros que recriam mat\u00e9rias como a t\u00e3o aguardada dessalinizadora, que vai ser dada a conhecer, em primeira m\u00e3o, neste desfile.&nbsp;<\/p>\n\n\n\n<figure class=\"wp-block-image aligncenter size-large is-resized\"><img loading=\"lazy\" decoding=\"async\" width=\"373\" height=\"520\" src=\"https:\/\/algarve7.pt\/wp-content\/uploads\/2025\/02\/Carnaval-2025-373x520.jpg\" alt=\"\" class=\"wp-image-46935\" style=\"width:271px;height:auto\" srcset=\"https:\/\/algarve7.pt\/wp-content\/uploads\/2025\/02\/Carnaval-2025-373x520.jpg 373w, https:\/\/algarve7.pt\/wp-content\/uploads\/2025\/02\/Carnaval-2025-215x300.jpg 215w, https:\/\/algarve7.pt\/wp-content\/uploads\/2025\/02\/Carnaval-2025-768x1071.jpg 768w, https:\/\/algarve7.pt\/wp-content\/uploads\/2025\/02\/Carnaval-2025-1101x1536.jpg 1101w, https:\/\/algarve7.pt\/wp-content\/uploads\/2025\/02\/Carnaval-2025.jpg 1147w\" sizes=\"auto, (max-width: 373px) 100vw, 373px\" \/><\/figure>\n\n\n\n<p>Por outro lado, o Ministro da Agricultura e Pescas, Jos\u00e9 Manuel Fernandes, e o Z\u00e9 Povinho, s\u00e3o os protagonistas de um outro carro aleg\u00f3rico que tem como cen\u00e1rio o mundo rural algarvio. A prolifera\u00e7\u00e3o de abacateiros tem gerado pol\u00e9mica pelo elevado consumo de \u00e1gua associado a esta esp\u00e9cie, sobretudo numa altura em que a regi\u00e3o vive problemas com a escassez h\u00eddricas. A defesa do pomar de sequeiro \u00e9 feita por muitos, e em Loul\u00e9 ter\u00e1 como porta-voz o Z\u00e9 Povinho que continua a dedicar-se \u00e0s suas alfarrobeiras e amendoeiras.<\/p>\n\n\n\n<p>No contexto internacional, os olhos do mundo est\u00e3o postos nos Estados Unidos e nos primeiros tempos da governa\u00e7\u00e3o Trump. A sua pol\u00edtica contra os imigrantes come\u00e7a j\u00e1 a fazer \u201cestragos\u201d. Neste carro n\u00e3o s\u00e3o s\u00f3 os imigrantes mexicanos e de outros pa\u00edses que s\u00e3o expulsos por Trupm. Kamala Harris, a mulher que lhe fez frente na corrida \u00e0 Casa Branca, \u00e9 tamb\u00e9m enviada para o \u00e1rido deserto do M\u00e9xico, \u201cKamala na m\u00e3o\u201d.&nbsp;<\/p>\n\n\n\n<p>O \u201cmelhor do mundo\u201d \u00e9 provavelmente a figura que mais vezes marcou presen\u00e7a no Carnaval de Loul\u00e9. Em 2025, Cristiano Ronaldo \u201cvolta\u201d \u00e0 Avenida Jos\u00e9 da Costa Mealha, num carro que retrata a sua vida de luxo na Ar\u00e1bia Saudita e a renova\u00e7\u00e3o milion\u00e1ria do seu contrato. Num pa\u00eds em que a \u00e1gua vale ouro, pode-se mesmo dizer que Ronaldo est\u00e1 a ser pago \u201ca peso da \u00e1gua\u201d.&nbsp;<\/p>\n\n\n\n<p>Estes e outros acontecimentos que t\u00eam marcado o pa\u00eds e o mundo v\u00e3o estar no Carnaval de Loul\u00e9 2025, num tom de brincadeira e com a habitual s\u00e1tira.<\/p>\n\n\n\n<p>O desfile acontece, nos tr\u00eas dias, entre as 15h00 e as 18h00. Os bilhetes t\u00eam um custo de 2 euros e todas as receitas arrecadadas ser\u00e3o distribu\u00eddas a causas sociais e tamb\u00e9m aos grupos participantes que representam coletividades locais.<\/p>\n\n\n\n<p>Refira-se que a organiza\u00e7\u00e3o est\u00e1 a organizar um programa de anima\u00e7\u00e3o paralelo ao desfile para os dias de Carnaval, em que, para al\u00e9m de um conjunto de atividades desportivas, haver\u00e1 tamb\u00e9m o tradicional Baile de Gala, na noite de segunda-feira, 3 de mar\u00e7o, no Sal\u00e3o de Festas de Loul\u00e9.<\/p>\n\n\n\n<p>\u201cVenha a Loul\u00e9 e divirta-se \u00e0 grande e \u00e0 Louletana!\u201d, \u00e9 o convite da C\u00e2mara Municipal de Loul\u00e9.<\/p>\n","protected":false},"excerpt":{"rendered":"<p>Mais uma vez o Carnaval de Loul\u00e9 vai brincar com um tema s\u00e9rio. Os problemas de falta de \u00e1gua na<\/p>\n","protected":false},"author":1,"featured_media":46934,"comment_status":"closed","ping_status":"closed","sticky":false,"template":"","format":"standard","meta":{"colormag_page_container_layout":"default_layout","colormag_page_sidebar_layout":"default_layout","_monsterinsights_skip_tracking":false,"_monsterinsights_sitenote_active":false,"_monsterinsights_sitenote_note":"","_monsterinsights_sitenote_category":0,"jetpack_post_was_ever_published":false,"_jetpack_newsletter_access":"","_jetpack_dont_email_post_to_subs":false,"_jetpack_newsletter_tier_id":0,"_jetpack_memberships_contains_paywalled_content":false,"_jetpack_memberships_contains_paid_content":false,"footnotes":"","jetpack_publicize_message":"","jetpack_publicize_feature_enabled":true,"jetpack_social_post_already_shared":true,"jetpack_social_options":{"image_generator_settings":{"template":"highway","default_image_id":0,"font":"","enabled":false},"version":2}},"categories":[14],"tags":[36,187,35,31],"class_list":["post-46933","post","type-post","status-publish","format-standard","has-post-thumbnail","hentry","category-cultura","tag-algarve","tag-carnaval","tag-cultura","tag-loule"],"yoast_head":"<!-- This site is optimized with the Yoast SEO plugin v27.5 - https:\/\/yoast.com\/product\/yoast-seo-wordpress\/ -->\n<title>Corso Louletano sai para a rua com o mote \u201co Carnaval n\u00e3o \u00e9 uma seca\u2026\u201d\u00a0 - Algarve 7<\/title>\n<meta name=\"description\" content=\"Corso Louletano sai para a rua com o mote \u201co Carnaval n\u00e3o \u00e9 uma seca\u2026\u201d\u00a0 Cultura\" \/>\n<meta name=\"robots\" content=\"index, follow, max-snippet:-1, max-image-preview:large, max-video-preview:-1\" \/>\n<link rel=\"canonical\" href=\"https:\/\/algarve7.pt\/index.php\/2025\/02\/corso-louletano-sai-para-a-rua-com-o-mote-o-carnaval-nao-e-uma-seca\/cultura\/07\/00\/\" \/>\n<meta property=\"og:locale\" content=\"pt_PT\" \/>\n<meta property=\"og:type\" content=\"article\" \/>\n<meta property=\"og:title\" content=\"Corso Louletano sai para a rua com o mote \u201co Carnaval n\u00e3o \u00e9 uma seca\u2026\u201d\u00a0 - Algarve 7\" \/>\n<meta property=\"og:description\" content=\"Corso Louletano sai para a rua com o mote \u201co Carnaval n\u00e3o \u00e9 uma seca\u2026\u201d\u00a0 Cultura\" \/>\n<meta property=\"og:url\" content=\"https:\/\/algarve7.pt\/index.php\/2025\/02\/corso-louletano-sai-para-a-rua-com-o-mote-o-carnaval-nao-e-uma-seca\/cultura\/07\/00\/\" \/>\n<meta property=\"og:site_name\" content=\"Algarve 7\" \/>\n<meta property=\"article:publisher\" content=\"https:\/\/www.facebook.com\/algarve7\" \/>\n<meta property=\"article:author\" content=\"https:\/\/www.facebook.com\/algarve7\" \/>\n<meta property=\"article:published_time\" content=\"2025-02-05T07:00:00+00:00\" \/>\n<meta property=\"og:image\" content=\"https:\/\/algarve7.pt\/wp-content\/uploads\/2025\/02\/Carnaval-2024-21.jpg\" \/>\n\t<meta property=\"og:image:width\" content=\"800\" \/>\n\t<meta property=\"og:image:height\" content=\"500\" \/>\n\t<meta property=\"og:image:type\" content=\"image\/jpeg\" \/>\n<meta name=\"author\" content=\"Algarve 7\" \/>\n<meta name=\"twitter:card\" content=\"summary_large_image\" \/>\n<meta name=\"twitter:creator\" content=\"@Algarvesete\" \/>\n<meta name=\"twitter:site\" content=\"@Algarvesete\" \/>\n<meta name=\"twitter:label1\" content=\"Escrito por\" \/>\n\t<meta name=\"twitter:data1\" content=\"Algarve 7\" \/>\n\t<meta name=\"twitter:label2\" content=\"Tempo estimado de leitura\" \/>\n\t<meta name=\"twitter:data2\" content=\"4 minutos\" \/>\n<script type=\"application\/ld+json\" class=\"yoast-schema-graph\">{\"@context\":\"https:\\\/\\\/schema.org\",\"@graph\":[{\"@type\":\"Article\",\"@id\":\"https:\\\/\\\/algarve7.pt\\\/index.php\\\/2025\\\/02\\\/corso-louletano-sai-para-a-rua-com-o-mote-o-carnaval-nao-e-uma-seca\\\/cultura\\\/07\\\/00\\\/#article\",\"isPartOf\":{\"@id\":\"https:\\\/\\\/algarve7.pt\\\/index.php\\\/2025\\\/02\\\/corso-louletano-sai-para-a-rua-com-o-mote-o-carnaval-nao-e-uma-seca\\\/cultura\\\/07\\\/00\\\/\"},\"author\":{\"name\":\"Algarve 7\",\"@id\":\"https:\\\/\\\/algarve7.pt\\\/#\\\/schema\\\/person\\\/23fa70681308e7b319a3204bcea45e0c\"},\"headline\":\"Corso Louletano sai para a rua com o mote \u201co Carnaval n\u00e3o \u00e9 uma seca\u2026\u201d\u00a0\",\"datePublished\":\"2025-02-05T07:00:00+00:00\",\"mainEntityOfPage\":{\"@id\":\"https:\\\/\\\/algarve7.pt\\\/index.php\\\/2025\\\/02\\\/corso-louletano-sai-para-a-rua-com-o-mote-o-carnaval-nao-e-uma-seca\\\/cultura\\\/07\\\/00\\\/\"},\"wordCount\":637,\"publisher\":{\"@id\":\"https:\\\/\\\/algarve7.pt\\\/#organization\"},\"image\":{\"@id\":\"https:\\\/\\\/algarve7.pt\\\/index.php\\\/2025\\\/02\\\/corso-louletano-sai-para-a-rua-com-o-mote-o-carnaval-nao-e-uma-seca\\\/cultura\\\/07\\\/00\\\/#primaryimage\"},\"thumbnailUrl\":\"https:\\\/\\\/algarve7.pt\\\/wp-content\\\/uploads\\\/2025\\\/02\\\/Carnaval-2024-21.jpg\",\"keywords\":[\"Algarve\",\"Carnaval\",\"Cultura\",\"Loul\u00e9\"],\"articleSection\":[\"Cultura\"],\"inLanguage\":\"pt-PT\"},{\"@type\":\"WebPage\",\"@id\":\"https:\\\/\\\/algarve7.pt\\\/index.php\\\/2025\\\/02\\\/corso-louletano-sai-para-a-rua-com-o-mote-o-carnaval-nao-e-uma-seca\\\/cultura\\\/07\\\/00\\\/\",\"url\":\"https:\\\/\\\/algarve7.pt\\\/index.php\\\/2025\\\/02\\\/corso-louletano-sai-para-a-rua-com-o-mote-o-carnaval-nao-e-uma-seca\\\/cultura\\\/07\\\/00\\\/\",\"name\":\"Corso Louletano sai para a rua com o mote \u201co Carnaval n\u00e3o \u00e9 uma seca\u2026\u201d\u00a0 - Algarve 7\",\"isPartOf\":{\"@id\":\"https:\\\/\\\/algarve7.pt\\\/#website\"},\"primaryImageOfPage\":{\"@id\":\"https:\\\/\\\/algarve7.pt\\\/index.php\\\/2025\\\/02\\\/corso-louletano-sai-para-a-rua-com-o-mote-o-carnaval-nao-e-uma-seca\\\/cultura\\\/07\\\/00\\\/#primaryimage\"},\"image\":{\"@id\":\"https:\\\/\\\/algarve7.pt\\\/index.php\\\/2025\\\/02\\\/corso-louletano-sai-para-a-rua-com-o-mote-o-carnaval-nao-e-uma-seca\\\/cultura\\\/07\\\/00\\\/#primaryimage\"},\"thumbnailUrl\":\"https:\\\/\\\/algarve7.pt\\\/wp-content\\\/uploads\\\/2025\\\/02\\\/Carnaval-2024-21.jpg\",\"datePublished\":\"2025-02-05T07:00:00+00:00\",\"description\":\"Corso Louletano sai para a rua com o mote \u201co Carnaval n\u00e3o \u00e9 uma seca\u2026\u201d\u00a0 Cultura\",\"breadcrumb\":{\"@id\":\"https:\\\/\\\/algarve7.pt\\\/index.php\\\/2025\\\/02\\\/corso-louletano-sai-para-a-rua-com-o-mote-o-carnaval-nao-e-uma-seca\\\/cultura\\\/07\\\/00\\\/#breadcrumb\"},\"inLanguage\":\"pt-PT\",\"potentialAction\":[{\"@type\":\"ReadAction\",\"target\":[\"https:\\\/\\\/algarve7.pt\\\/index.php\\\/2025\\\/02\\\/corso-louletano-sai-para-a-rua-com-o-mote-o-carnaval-nao-e-uma-seca\\\/cultura\\\/07\\\/00\\\/\"]}]},{\"@type\":\"ImageObject\",\"inLanguage\":\"pt-PT\",\"@id\":\"https:\\\/\\\/algarve7.pt\\\/index.php\\\/2025\\\/02\\\/corso-louletano-sai-para-a-rua-com-o-mote-o-carnaval-nao-e-uma-seca\\\/cultura\\\/07\\\/00\\\/#primaryimage\",\"url\":\"https:\\\/\\\/algarve7.pt\\\/wp-content\\\/uploads\\\/2025\\\/02\\\/Carnaval-2024-21.jpg\",\"contentUrl\":\"https:\\\/\\\/algarve7.pt\\\/wp-content\\\/uploads\\\/2025\\\/02\\\/Carnaval-2024-21.jpg\",\"width\":800,\"height\":500},{\"@type\":\"BreadcrumbList\",\"@id\":\"https:\\\/\\\/algarve7.pt\\\/index.php\\\/2025\\\/02\\\/corso-louletano-sai-para-a-rua-com-o-mote-o-carnaval-nao-e-uma-seca\\\/cultura\\\/07\\\/00\\\/#breadcrumb\",\"itemListElement\":[{\"@type\":\"ListItem\",\"position\":1,\"name\":\"In\u00edcio\",\"item\":\"https:\\\/\\\/algarve7.pt\\\/\"},{\"@type\":\"ListItem\",\"position\":2,\"name\":\"Corso Louletano sai para a rua com o mote \u201co Carnaval n\u00e3o \u00e9 uma seca\u2026\u201d\u00a0\"}]},{\"@type\":\"WebSite\",\"@id\":\"https:\\\/\\\/algarve7.pt\\\/#website\",\"url\":\"https:\\\/\\\/algarve7.pt\\\/\",\"name\":\"Algarve 7\",\"description\":\"Informa\u00e7\u00e3o sobre o Algarve\",\"publisher\":{\"@id\":\"https:\\\/\\\/algarve7.pt\\\/#organization\"},\"potentialAction\":[{\"@type\":\"SearchAction\",\"target\":{\"@type\":\"EntryPoint\",\"urlTemplate\":\"https:\\\/\\\/algarve7.pt\\\/?s={search_term_string}\"},\"query-input\":{\"@type\":\"PropertyValueSpecification\",\"valueRequired\":true,\"valueName\":\"search_term_string\"}}],\"inLanguage\":\"pt-PT\"},{\"@type\":\"Organization\",\"@id\":\"https:\\\/\\\/algarve7.pt\\\/#organization\",\"name\":\"Algarve 7\",\"url\":\"https:\\\/\\\/algarve7.pt\\\/\",\"logo\":{\"@type\":\"ImageObject\",\"inLanguage\":\"pt-PT\",\"@id\":\"https:\\\/\\\/algarve7.pt\\\/#\\\/schema\\\/logo\\\/image\\\/\",\"url\":\"https:\\\/\\\/algarve7.pt\\\/wp-content\\\/uploads\\\/2020\\\/10\\\/Logo-8.jpg\",\"contentUrl\":\"https:\\\/\\\/algarve7.pt\\\/wp-content\\\/uploads\\\/2020\\\/10\\\/Logo-8.jpg\",\"width\":1680,\"height\":1186,\"caption\":\"Algarve 7\"},\"image\":{\"@id\":\"https:\\\/\\\/algarve7.pt\\\/#\\\/schema\\\/logo\\\/image\\\/\"},\"sameAs\":[\"https:\\\/\\\/www.facebook.com\\\/algarve7\",\"https:\\\/\\\/x.com\\\/Algarvesete\",\"https:\\\/\\\/www.instagram.com\\\/jornalalgarve7\\\/\",\"https:\\\/\\\/www.linkedin.com\\\/company\\\/algarve7\",\"https:\\\/\\\/www.pinterest.pt\\\/geral0939\\\/_created\\\/\"]},{\"@type\":\"Person\",\"@id\":\"https:\\\/\\\/algarve7.pt\\\/#\\\/schema\\\/person\\\/23fa70681308e7b319a3204bcea45e0c\",\"name\":\"Algarve 7\",\"sameAs\":[\"https:\\\/\\\/algarve7.pt\",\"https:\\\/\\\/www.facebook.com\\\/algarve7\"],\"url\":\"https:\\\/\\\/algarve7.pt\\\/index.php\\\/author\\\/geralalgarve7-pt\\\/\"}]}<\/script>\n<!-- \/ Yoast SEO plugin. -->","yoast_head_json":{"title":"Corso Louletano sai para a rua com o mote \u201co Carnaval n\u00e3o \u00e9 uma seca\u2026\u201d\u00a0 - Algarve 7","description":"Corso Louletano sai para a rua com o mote \u201co Carnaval n\u00e3o \u00e9 uma seca\u2026\u201d\u00a0 Cultura","robots":{"index":"index","follow":"follow","max-snippet":"max-snippet:-1","max-image-preview":"max-image-preview:large","max-video-preview":"max-video-preview:-1"},"canonical":"https:\/\/algarve7.pt\/index.php\/2025\/02\/corso-louletano-sai-para-a-rua-com-o-mote-o-carnaval-nao-e-uma-seca\/cultura\/07\/00\/","og_locale":"pt_PT","og_type":"article","og_title":"Corso Louletano sai para a rua com o mote \u201co Carnaval n\u00e3o \u00e9 uma seca\u2026\u201d\u00a0 - Algarve 7","og_description":"Corso Louletano sai para a rua com o mote \u201co Carnaval n\u00e3o \u00e9 uma seca\u2026\u201d\u00a0 Cultura","og_url":"https:\/\/algarve7.pt\/index.php\/2025\/02\/corso-louletano-sai-para-a-rua-com-o-mote-o-carnaval-nao-e-uma-seca\/cultura\/07\/00\/","og_site_name":"Algarve 7","article_publisher":"https:\/\/www.facebook.com\/algarve7","article_author":"https:\/\/www.facebook.com\/algarve7","article_published_time":"2025-02-05T07:00:00+00:00","og_image":[{"width":800,"height":500,"url":"https:\/\/algarve7.pt\/wp-content\/uploads\/2025\/02\/Carnaval-2024-21.jpg","type":"image\/jpeg"}],"author":"Algarve 7","twitter_card":"summary_large_image","twitter_creator":"@Algarvesete","twitter_site":"@Algarvesete","twitter_misc":{"Escrito por":"Algarve 7","Tempo estimado de leitura":"4 minutos"},"schema":{"@context":"https:\/\/schema.org","@graph":[{"@type":"Article","@id":"https:\/\/algarve7.pt\/index.php\/2025\/02\/corso-louletano-sai-para-a-rua-com-o-mote-o-carnaval-nao-e-uma-seca\/cultura\/07\/00\/#article","isPartOf":{"@id":"https:\/\/algarve7.pt\/index.php\/2025\/02\/corso-louletano-sai-para-a-rua-com-o-mote-o-carnaval-nao-e-uma-seca\/cultura\/07\/00\/"},"author":{"name":"Algarve 7","@id":"https:\/\/algarve7.pt\/#\/schema\/person\/23fa70681308e7b319a3204bcea45e0c"},"headline":"Corso Louletano sai para a rua com o mote \u201co Carnaval n\u00e3o \u00e9 uma seca\u2026\u201d\u00a0","datePublished":"2025-02-05T07:00:00+00:00","mainEntityOfPage":{"@id":"https:\/\/algarve7.pt\/index.php\/2025\/02\/corso-louletano-sai-para-a-rua-com-o-mote-o-carnaval-nao-e-uma-seca\/cultura\/07\/00\/"},"wordCount":637,"publisher":{"@id":"https:\/\/algarve7.pt\/#organization"},"image":{"@id":"https:\/\/algarve7.pt\/index.php\/2025\/02\/corso-louletano-sai-para-a-rua-com-o-mote-o-carnaval-nao-e-uma-seca\/cultura\/07\/00\/#primaryimage"},"thumbnailUrl":"https:\/\/algarve7.pt\/wp-content\/uploads\/2025\/02\/Carnaval-2024-21.jpg","keywords":["Algarve","Carnaval","Cultura","Loul\u00e9"],"articleSection":["Cultura"],"inLanguage":"pt-PT"},{"@type":"WebPage","@id":"https:\/\/algarve7.pt\/index.php\/2025\/02\/corso-louletano-sai-para-a-rua-com-o-mote-o-carnaval-nao-e-uma-seca\/cultura\/07\/00\/","url":"https:\/\/algarve7.pt\/index.php\/2025\/02\/corso-louletano-sai-para-a-rua-com-o-mote-o-carnaval-nao-e-uma-seca\/cultura\/07\/00\/","name":"Corso Louletano sai para a rua com o mote \u201co Carnaval n\u00e3o \u00e9 uma seca\u2026\u201d\u00a0 - Algarve 7","isPartOf":{"@id":"https:\/\/algarve7.pt\/#website"},"primaryImageOfPage":{"@id":"https:\/\/algarve7.pt\/index.php\/2025\/02\/corso-louletano-sai-para-a-rua-com-o-mote-o-carnaval-nao-e-uma-seca\/cultura\/07\/00\/#primaryimage"},"image":{"@id":"https:\/\/algarve7.pt\/index.php\/2025\/02\/corso-louletano-sai-para-a-rua-com-o-mote-o-carnaval-nao-e-uma-seca\/cultura\/07\/00\/#primaryimage"},"thumbnailUrl":"https:\/\/algarve7.pt\/wp-content\/uploads\/2025\/02\/Carnaval-2024-21.jpg","datePublished":"2025-02-05T07:00:00+00:00","description":"Corso Louletano sai para a rua com o mote \u201co Carnaval n\u00e3o \u00e9 uma seca\u2026\u201d\u00a0 Cultura","breadcrumb":{"@id":"https:\/\/algarve7.pt\/index.php\/2025\/02\/corso-louletano-sai-para-a-rua-com-o-mote-o-carnaval-nao-e-uma-seca\/cultura\/07\/00\/#breadcrumb"},"inLanguage":"pt-PT","potentialAction":[{"@type":"ReadAction","target":["https:\/\/algarve7.pt\/index.php\/2025\/02\/corso-louletano-sai-para-a-rua-com-o-mote-o-carnaval-nao-e-uma-seca\/cultura\/07\/00\/"]}]},{"@type":"ImageObject","inLanguage":"pt-PT","@id":"https:\/\/algarve7.pt\/index.php\/2025\/02\/corso-louletano-sai-para-a-rua-com-o-mote-o-carnaval-nao-e-uma-seca\/cultura\/07\/00\/#primaryimage","url":"https:\/\/algarve7.pt\/wp-content\/uploads\/2025\/02\/Carnaval-2024-21.jpg","contentUrl":"https:\/\/algarve7.pt\/wp-content\/uploads\/2025\/02\/Carnaval-2024-21.jpg","width":800,"height":500},{"@type":"BreadcrumbList","@id":"https:\/\/algarve7.pt\/index.php\/2025\/02\/corso-louletano-sai-para-a-rua-com-o-mote-o-carnaval-nao-e-uma-seca\/cultura\/07\/00\/#breadcrumb","itemListElement":[{"@type":"ListItem","position":1,"name":"In\u00edcio","item":"https:\/\/algarve7.pt\/"},{"@type":"ListItem","position":2,"name":"Corso Louletano sai para a rua com o mote \u201co Carnaval n\u00e3o \u00e9 uma seca\u2026\u201d\u00a0"}]},{"@type":"WebSite","@id":"https:\/\/algarve7.pt\/#website","url":"https:\/\/algarve7.pt\/","name":"Algarve 7","description":"Informa\u00e7\u00e3o sobre o Algarve","publisher":{"@id":"https:\/\/algarve7.pt\/#organization"},"potentialAction":[{"@type":"SearchAction","target":{"@type":"EntryPoint","urlTemplate":"https:\/\/algarve7.pt\/?s={search_term_string}"},"query-input":{"@type":"PropertyValueSpecification","valueRequired":true,"valueName":"search_term_string"}}],"inLanguage":"pt-PT"},{"@type":"Organization","@id":"https:\/\/algarve7.pt\/#organization","name":"Algarve 7","url":"https:\/\/algarve7.pt\/","logo":{"@type":"ImageObject","inLanguage":"pt-PT","@id":"https:\/\/algarve7.pt\/#\/schema\/logo\/image\/","url":"https:\/\/algarve7.pt\/wp-content\/uploads\/2020\/10\/Logo-8.jpg","contentUrl":"https:\/\/algarve7.pt\/wp-content\/uploads\/2020\/10\/Logo-8.jpg","width":1680,"height":1186,"caption":"Algarve 7"},"image":{"@id":"https:\/\/algarve7.pt\/#\/schema\/logo\/image\/"},"sameAs":["https:\/\/www.facebook.com\/algarve7","https:\/\/x.com\/Algarvesete","https:\/\/www.instagram.com\/jornalalgarve7\/","https:\/\/www.linkedin.com\/company\/algarve7","https:\/\/www.pinterest.pt\/geral0939\/_created\/"]},{"@type":"Person","@id":"https:\/\/algarve7.pt\/#\/schema\/person\/23fa70681308e7b319a3204bcea45e0c","name":"Algarve 7","sameAs":["https:\/\/algarve7.pt","https:\/\/www.facebook.com\/algarve7"],"url":"https:\/\/algarve7.pt\/index.php\/author\/geralalgarve7-pt\/"}]}},"jetpack_publicize_connections":[],"jetpack_featured_media_url":"https:\/\/algarve7.pt\/wp-content\/uploads\/2025\/02\/Carnaval-2024-21.jpg","jetpack_shortlink":"https:\/\/wp.me\/pcezmW-ccZ","jetpack_sharing_enabled":true,"_links":{"self":[{"href":"https:\/\/algarve7.pt\/index.php\/wp-json\/wp\/v2\/posts\/46933","targetHints":{"allow":["GET"]}}],"collection":[{"href":"https:\/\/algarve7.pt\/index.php\/wp-json\/wp\/v2\/posts"}],"about":[{"href":"https:\/\/algarve7.pt\/index.php\/wp-json\/wp\/v2\/types\/post"}],"author":[{"embeddable":true,"href":"https:\/\/algarve7.pt\/index.php\/wp-json\/wp\/v2\/users\/1"}],"replies":[{"embeddable":true,"href":"https:\/\/algarve7.pt\/index.php\/wp-json\/wp\/v2\/comments?post=46933"}],"version-history":[{"count":0,"href":"https:\/\/algarve7.pt\/index.php\/wp-json\/wp\/v2\/posts\/46933\/revisions"}],"wp:featuredmedia":[{"embeddable":true,"href":"https:\/\/algarve7.pt\/index.php\/wp-json\/wp\/v2\/media\/46934"}],"wp:attachment":[{"href":"https:\/\/algarve7.pt\/index.php\/wp-json\/wp\/v2\/media?parent=46933"}],"wp:term":[{"taxonomy":"category","embeddable":true,"href":"https:\/\/algarve7.pt\/index.php\/wp-json\/wp\/v2\/categories?post=46933"},{"taxonomy":"post_tag","embeddable":true,"href":"https:\/\/algarve7.pt\/index.php\/wp-json\/wp\/v2\/tags?post=46933"}],"curies":[{"name":"wp","href":"https:\/\/api.w.org\/{rel}","templated":true}]}}