{"id":46731,"date":"2025-01-30T08:00:00","date_gmt":"2025-01-30T08:00:00","guid":{"rendered":"https:\/\/algarve7.pt\/?p=46731"},"modified":"2025-01-29T15:43:44","modified_gmt":"2025-01-29T15:43:44","slug":"municipio-de-lagoa-abre-inscricoes-para-atribuicao-de-habitacao-social-com-novo-regulamento-em-vigor","status":"publish","type":"post","link":"https:\/\/algarve7.pt\/index.php\/2025\/01\/municipio-de-lagoa-abre-inscricoes-para-atribuicao-de-habitacao-social-com-novo-regulamento-em-vigor\/atualidade\/08\/00\/","title":{"rendered":"Munic\u00edpio de Lagoa abre inscri\u00e7\u00f5es para atribui\u00e7\u00e3o de Habita\u00e7\u00e3o Social com novo Regulamento em vigor"},"content":{"rendered":"\n<p><strong>O Munic\u00edpio de Lagoa abre, a partir de amanh\u00e3, dia 29 de janeiro de 2025, inscri\u00e7\u00f5es para atribui\u00e7\u00e3o de Habita\u00e7\u00e3o Social e tem novo Regulamento de atribui\u00e7\u00e3o de Habita\u00e7\u00e3o, desde 15 de janeiro<\/strong>.<\/p>\n\n\n\n<p>O estabelecido no Regulamento n\u00b042\/2025, que aprova o Regulamento de Atribui\u00e7\u00e3o e Gest\u00e3o do Parque Habitacional do Munic\u00edpio de Lagoa, publicado na 2\u00aa s\u00e9rie do Di\u00e1rio da Rep\u00fablica N\u00ba6 de 09\/01\/2025, e por delibera\u00e7\u00e3o da C\u00e2mara Municipal de 28 de janeiro de 2025, estar\u00e3o abertas, a partir de dia 29 de janeiro de 2025, as inscri\u00e7\u00f5es para atribui\u00e7\u00e3o de Habita\u00e7\u00e3o Social.<\/p>\n\n\n\n<p>O procedimento da candidatura, poder\u00e1 ser realizado atrav\u00e9s dos meios eletr\u00f3nicos na p\u00e1gina oficial do Munic\u00edpio de Lagoa em&nbsp;<a href=\"https:\/\/22.kmitd2.com\/go\/2c-0b839ed5b657d5-31-1fabd8c26f096-f939-7ed457c5d409e5e6zX8e1qWqFea5e1Qv\" target=\"_blank\" rel=\"noreferrer noopener\">Servi\u00e7os Online<\/a>, juntamente com o respetivo formul\u00e1rio e documentos indicados no regulamento, como disposto no artigo 12\u00ba. Em alternativa, poder\u00e1 sempre, proceder \u00e0 inscri\u00e7\u00e3o no Balc\u00e3o \u00danico, no Balc\u00e3o do Mercado ou nas Juntas e Uni\u00f5es de Freguesias, no Balc\u00e3o Descentralizado.<\/p>\n\n\n\n<p>Ap\u00f3s a apresenta\u00e7\u00e3o do formul\u00e1rio \u00e9 analisada e avaliada a candidatura e caso n\u00e3o se verifique nenhum impedimento ou causa de exclus\u00e3o o Munic\u00edpio de Lagoa procede \u00e0 inscri\u00e7\u00e3o efetiva do candidato e respetivo agregado familiar na lista pr\u00f3pria.<\/p>\n\n\n\n<p>A candidatura tem a validade de 2 (dois) anos a contar da data da sua submiss\u00e3o e, sempre que a condi\u00e7\u00e3o social, econ\u00f3mica e familiar do candidato se alterar, este, deve proceder \u00e0 sua atualiza\u00e7\u00e3o nos servi\u00e7os acima indicados. No final do prazo de 2 (dois) anos a candidatura pode ser renovada.<\/p>\n\n\n\n<p>\u00c9 importante real\u00e7ar que entrou em vigor, no dia 15 de janeiro de 2025, o novo Regulamento de Atribui\u00e7\u00e3o e Gest\u00e3o do Parque Habitacional do Munic\u00edpio de Lagoa, no qual foram introduzidas v\u00e1rias altera\u00e7\u00f5es, comparativamente com o regulamento anterior, tendo como principal objetivo de ter um regulamento mais justo, mais exigente e que v\u00e1 de encontro \u00e0 realidade e necessidades atuais, das fam\u00edlias Lagoenses.<\/p>\n\n\n\n<p>A conjuntura atual, na quest\u00e3o da habita\u00e7\u00e3o, nomeadamente na enorme dificuldade que as fam\u00edlias t\u00eam em comprar ou alugar casa, mesmo trabalhando, exigia por parte da Camara Municipal uma vis\u00e3o diferente e um regulamento mais rigoroso e atualizado.<\/p>\n\n\n\n<p>Entre as v\u00e1rias altera\u00e7\u00f5es efetuadas, o novo regulamento municipal ir\u00e1 beneficiar aqueles que trabalham e que, apesar do rendimento auferido, tem dificuldade em adquirir ou alugar casa. Ir\u00e1, igualmente, beneficiar aqueles que demonstrem ter capacidade para suportar todos os custos inerentes a uma habita\u00e7\u00e3o e \u00e0 manuten\u00e7\u00e3o da mesma. Por outro lado, ser\u00e1 um regulamento mais exigente do ponto de vista das obriga\u00e7\u00f5es do arrendat\u00e1rio que, em caso de incumprimento, imp\u00f5e san\u00e7\u00f5es que poder\u00e3o levar \u00e0 perda da habita\u00e7\u00e3o.<\/p>\n\n\n\n<p>Outra das altera\u00e7\u00f5es mais significativas, \u00e9 o facto de o requerente poder candidatar-se em qualquer altura do ano e haver sempre uma lista permanente de espera, que ser\u00e1 atualizada de 6 em 6 meses. O concurso por inscri\u00e7\u00e3o tem por objeto a oferta das habita\u00e7\u00f5es que s\u00e3o identificadas como prontas a arrendar, em cada momento, para atribui\u00e7\u00e3o em regime de arrendamento apoiado, aos candidatos que, de entre os que se encontram inscritos em listagem pr\u00f3pria, estejam melhor classificados, em fun\u00e7\u00e3o dos crit\u00e9rios de hierarquiza\u00e7\u00e3o e de pondera\u00e7\u00e3o estabelecidos no atual regulamento.<\/p>\n\n\n\n<p>O concurso por inscri\u00e7\u00e3o de atribui\u00e7\u00e3o de habita\u00e7\u00e3o em regime de arrendamento apoiado, assume a modalidade de qualifica\u00e7\u00e3o pr\u00e9via dos interessados, mediante a aprecia\u00e7\u00e3o e classifica\u00e7\u00e3o dos pedidos apresentados, o qual compreende, a fase de apresenta\u00e7\u00e3o de candidatura de car\u00e1ter continuo, conforme previsto nos artigos 8.\u00ba e 9\u00ba a instruir nos termos do disposto no artigo 12\u00ba todos do referido regulamento.<\/p>\n","protected":false},"excerpt":{"rendered":"<p>O Munic\u00edpio de Lagoa abre, a partir de amanh\u00e3, dia 29 de janeiro de 2025, inscri\u00e7\u00f5es para atribui\u00e7\u00e3o de Habita\u00e7\u00e3o<\/p>\n","protected":false},"author":1,"featured_media":46732,"comment_status":"closed","ping_status":"closed","sticky":false,"template":"","format":"standard","meta":{"colormag_page_container_layout":"default_layout","colormag_page_sidebar_layout":"default_layout","_monsterinsights_skip_tracking":false,"_monsterinsights_sitenote_active":false,"_monsterinsights_sitenote_note":"","_monsterinsights_sitenote_category":0,"jetpack_post_was_ever_published":false,"_jetpack_newsletter_access":"","_jetpack_dont_email_post_to_subs":false,"_jetpack_newsletter_tier_id":0,"_jetpack_memberships_contains_paywalled_content":false,"_jetpack_memberships_contains_paid_content":false,"footnotes":"","jetpack_publicize_message":"","jetpack_publicize_feature_enabled":true,"jetpack_social_post_already_shared":true,"jetpack_social_options":{"image_generator_settings":{"template":"highway","default_image_id":0,"font":"","enabled":false},"version":2}},"categories":[11],"tags":[36,62,48],"class_list":["post-46731","post","type-post","status-publish","format-standard","has-post-thumbnail","hentry","category-atualidade","tag-algarve","tag-atualidade","tag-lagoa"],"yoast_head":"<!-- This site is optimized with the Yoast SEO plugin v27.5 - https:\/\/yoast.com\/product\/yoast-seo-wordpress\/ -->\n<title>Munic\u00edpio de Lagoa abre inscri\u00e7\u00f5es para atribui\u00e7\u00e3o de Habita\u00e7\u00e3o Social com novo Regulamento em vigor - Algarve 7<\/title>\n<meta name=\"description\" content=\"Munic\u00edpio de Lagoa abre inscri\u00e7\u00f5es para atribui\u00e7\u00e3o de Habita\u00e7\u00e3o Social com novo Regulamento em vigor Atualidade\" \/>\n<meta name=\"robots\" content=\"index, follow, max-snippet:-1, max-image-preview:large, max-video-preview:-1\" \/>\n<link rel=\"canonical\" href=\"https:\/\/algarve7.pt\/index.php\/2025\/01\/municipio-de-lagoa-abre-inscricoes-para-atribuicao-de-habitacao-social-com-novo-regulamento-em-vigor\/atualidade\/08\/00\/\" \/>\n<meta property=\"og:locale\" content=\"pt_PT\" \/>\n<meta property=\"og:type\" content=\"article\" \/>\n<meta property=\"og:title\" content=\"Munic\u00edpio de Lagoa abre inscri\u00e7\u00f5es para atribui\u00e7\u00e3o de Habita\u00e7\u00e3o Social com novo Regulamento em vigor - Algarve 7\" \/>\n<meta property=\"og:description\" content=\"Munic\u00edpio de Lagoa abre inscri\u00e7\u00f5es para atribui\u00e7\u00e3o de Habita\u00e7\u00e3o Social com novo Regulamento em vigor Atualidade\" \/>\n<meta property=\"og:url\" content=\"https:\/\/algarve7.pt\/index.php\/2025\/01\/municipio-de-lagoa-abre-inscricoes-para-atribuicao-de-habitacao-social-com-novo-regulamento-em-vigor\/atualidade\/08\/00\/\" \/>\n<meta property=\"og:site_name\" content=\"Algarve 7\" \/>\n<meta property=\"article:publisher\" content=\"https:\/\/www.facebook.com\/algarve7\" \/>\n<meta property=\"article:author\" content=\"https:\/\/www.facebook.com\/algarve7\" \/>\n<meta property=\"article:published_time\" content=\"2025-01-30T08:00:00+00:00\" \/>\n<meta property=\"og:image\" content=\"https:\/\/algarve7.pt\/wp-content\/uploads\/2025\/01\/Captura-de-ecra-2025-01-29-as-15.41.28.png\" \/>\n\t<meta property=\"og:image:width\" content=\"800\" \/>\n\t<meta property=\"og:image:height\" content=\"500\" \/>\n\t<meta property=\"og:image:type\" content=\"image\/png\" \/>\n<meta name=\"author\" content=\"Algarve 7\" \/>\n<meta name=\"twitter:card\" content=\"summary_large_image\" \/>\n<meta name=\"twitter:creator\" content=\"@Algarvesete\" \/>\n<meta name=\"twitter:site\" content=\"@Algarvesete\" \/>\n<meta name=\"twitter:label1\" content=\"Escrito por\" \/>\n\t<meta name=\"twitter:data1\" content=\"Algarve 7\" \/>\n\t<meta name=\"twitter:label2\" content=\"Tempo estimado de leitura\" \/>\n\t<meta name=\"twitter:data2\" content=\"4 minutos\" \/>\n<script type=\"application\/ld+json\" class=\"yoast-schema-graph\">{\"@context\":\"https:\\\/\\\/schema.org\",\"@graph\":[{\"@type\":\"Article\",\"@id\":\"https:\\\/\\\/algarve7.pt\\\/index.php\\\/2025\\\/01\\\/municipio-de-lagoa-abre-inscricoes-para-atribuicao-de-habitacao-social-com-novo-regulamento-em-vigor\\\/atualidade\\\/08\\\/00\\\/#article\",\"isPartOf\":{\"@id\":\"https:\\\/\\\/algarve7.pt\\\/index.php\\\/2025\\\/01\\\/municipio-de-lagoa-abre-inscricoes-para-atribuicao-de-habitacao-social-com-novo-regulamento-em-vigor\\\/atualidade\\\/08\\\/00\\\/\"},\"author\":{\"name\":\"Algarve 7\",\"@id\":\"https:\\\/\\\/algarve7.pt\\\/#\\\/schema\\\/person\\\/23fa70681308e7b319a3204bcea45e0c\"},\"headline\":\"Munic\u00edpio de Lagoa abre inscri\u00e7\u00f5es para atribui\u00e7\u00e3o de Habita\u00e7\u00e3o Social com novo Regulamento em vigor\",\"datePublished\":\"2025-01-30T08:00:00+00:00\",\"mainEntityOfPage\":{\"@id\":\"https:\\\/\\\/algarve7.pt\\\/index.php\\\/2025\\\/01\\\/municipio-de-lagoa-abre-inscricoes-para-atribuicao-de-habitacao-social-com-novo-regulamento-em-vigor\\\/atualidade\\\/08\\\/00\\\/\"},\"wordCount\":653,\"publisher\":{\"@id\":\"https:\\\/\\\/algarve7.pt\\\/#organization\"},\"image\":{\"@id\":\"https:\\\/\\\/algarve7.pt\\\/index.php\\\/2025\\\/01\\\/municipio-de-lagoa-abre-inscricoes-para-atribuicao-de-habitacao-social-com-novo-regulamento-em-vigor\\\/atualidade\\\/08\\\/00\\\/#primaryimage\"},\"thumbnailUrl\":\"https:\\\/\\\/algarve7.pt\\\/wp-content\\\/uploads\\\/2025\\\/01\\\/Captura-de-ecra-2025-01-29-as-15.41.28.png\",\"keywords\":[\"Algarve\",\"Atualidade\",\"Lagoa\"],\"articleSection\":[\"Atualidade\"],\"inLanguage\":\"pt-PT\"},{\"@type\":\"WebPage\",\"@id\":\"https:\\\/\\\/algarve7.pt\\\/index.php\\\/2025\\\/01\\\/municipio-de-lagoa-abre-inscricoes-para-atribuicao-de-habitacao-social-com-novo-regulamento-em-vigor\\\/atualidade\\\/08\\\/00\\\/\",\"url\":\"https:\\\/\\\/algarve7.pt\\\/index.php\\\/2025\\\/01\\\/municipio-de-lagoa-abre-inscricoes-para-atribuicao-de-habitacao-social-com-novo-regulamento-em-vigor\\\/atualidade\\\/08\\\/00\\\/\",\"name\":\"Munic\u00edpio de Lagoa abre inscri\u00e7\u00f5es para atribui\u00e7\u00e3o de Habita\u00e7\u00e3o Social com novo Regulamento em vigor - Algarve 7\",\"isPartOf\":{\"@id\":\"https:\\\/\\\/algarve7.pt\\\/#website\"},\"primaryImageOfPage\":{\"@id\":\"https:\\\/\\\/algarve7.pt\\\/index.php\\\/2025\\\/01\\\/municipio-de-lagoa-abre-inscricoes-para-atribuicao-de-habitacao-social-com-novo-regulamento-em-vigor\\\/atualidade\\\/08\\\/00\\\/#primaryimage\"},\"image\":{\"@id\":\"https:\\\/\\\/algarve7.pt\\\/index.php\\\/2025\\\/01\\\/municipio-de-lagoa-abre-inscricoes-para-atribuicao-de-habitacao-social-com-novo-regulamento-em-vigor\\\/atualidade\\\/08\\\/00\\\/#primaryimage\"},\"thumbnailUrl\":\"https:\\\/\\\/algarve7.pt\\\/wp-content\\\/uploads\\\/2025\\\/01\\\/Captura-de-ecra-2025-01-29-as-15.41.28.png\",\"datePublished\":\"2025-01-30T08:00:00+00:00\",\"description\":\"Munic\u00edpio de Lagoa abre inscri\u00e7\u00f5es para atribui\u00e7\u00e3o de Habita\u00e7\u00e3o Social com novo Regulamento em vigor Atualidade\",\"breadcrumb\":{\"@id\":\"https:\\\/\\\/algarve7.pt\\\/index.php\\\/2025\\\/01\\\/municipio-de-lagoa-abre-inscricoes-para-atribuicao-de-habitacao-social-com-novo-regulamento-em-vigor\\\/atualidade\\\/08\\\/00\\\/#breadcrumb\"},\"inLanguage\":\"pt-PT\",\"potentialAction\":[{\"@type\":\"ReadAction\",\"target\":[\"https:\\\/\\\/algarve7.pt\\\/index.php\\\/2025\\\/01\\\/municipio-de-lagoa-abre-inscricoes-para-atribuicao-de-habitacao-social-com-novo-regulamento-em-vigor\\\/atualidade\\\/08\\\/00\\\/\"]}]},{\"@type\":\"ImageObject\",\"inLanguage\":\"pt-PT\",\"@id\":\"https:\\\/\\\/algarve7.pt\\\/index.php\\\/2025\\\/01\\\/municipio-de-lagoa-abre-inscricoes-para-atribuicao-de-habitacao-social-com-novo-regulamento-em-vigor\\\/atualidade\\\/08\\\/00\\\/#primaryimage\",\"url\":\"https:\\\/\\\/algarve7.pt\\\/wp-content\\\/uploads\\\/2025\\\/01\\\/Captura-de-ecra-2025-01-29-as-15.41.28.png\",\"contentUrl\":\"https:\\\/\\\/algarve7.pt\\\/wp-content\\\/uploads\\\/2025\\\/01\\\/Captura-de-ecra-2025-01-29-as-15.41.28.png\",\"width\":800,\"height\":500},{\"@type\":\"BreadcrumbList\",\"@id\":\"https:\\\/\\\/algarve7.pt\\\/index.php\\\/2025\\\/01\\\/municipio-de-lagoa-abre-inscricoes-para-atribuicao-de-habitacao-social-com-novo-regulamento-em-vigor\\\/atualidade\\\/08\\\/00\\\/#breadcrumb\",\"itemListElement\":[{\"@type\":\"ListItem\",\"position\":1,\"name\":\"In\u00edcio\",\"item\":\"https:\\\/\\\/algarve7.pt\\\/\"},{\"@type\":\"ListItem\",\"position\":2,\"name\":\"Munic\u00edpio de Lagoa abre inscri\u00e7\u00f5es para atribui\u00e7\u00e3o de Habita\u00e7\u00e3o Social com novo Regulamento em vigor\"}]},{\"@type\":\"WebSite\",\"@id\":\"https:\\\/\\\/algarve7.pt\\\/#website\",\"url\":\"https:\\\/\\\/algarve7.pt\\\/\",\"name\":\"Algarve 7\",\"description\":\"Informa\u00e7\u00e3o sobre o Algarve\",\"publisher\":{\"@id\":\"https:\\\/\\\/algarve7.pt\\\/#organization\"},\"potentialAction\":[{\"@type\":\"SearchAction\",\"target\":{\"@type\":\"EntryPoint\",\"urlTemplate\":\"https:\\\/\\\/algarve7.pt\\\/?s={search_term_string}\"},\"query-input\":{\"@type\":\"PropertyValueSpecification\",\"valueRequired\":true,\"valueName\":\"search_term_string\"}}],\"inLanguage\":\"pt-PT\"},{\"@type\":\"Organization\",\"@id\":\"https:\\\/\\\/algarve7.pt\\\/#organization\",\"name\":\"Algarve 7\",\"url\":\"https:\\\/\\\/algarve7.pt\\\/\",\"logo\":{\"@type\":\"ImageObject\",\"inLanguage\":\"pt-PT\",\"@id\":\"https:\\\/\\\/algarve7.pt\\\/#\\\/schema\\\/logo\\\/image\\\/\",\"url\":\"https:\\\/\\\/algarve7.pt\\\/wp-content\\\/uploads\\\/2020\\\/10\\\/Logo-8.jpg\",\"contentUrl\":\"https:\\\/\\\/algarve7.pt\\\/wp-content\\\/uploads\\\/2020\\\/10\\\/Logo-8.jpg\",\"width\":1680,\"height\":1186,\"caption\":\"Algarve 7\"},\"image\":{\"@id\":\"https:\\\/\\\/algarve7.pt\\\/#\\\/schema\\\/logo\\\/image\\\/\"},\"sameAs\":[\"https:\\\/\\\/www.facebook.com\\\/algarve7\",\"https:\\\/\\\/x.com\\\/Algarvesete\",\"https:\\\/\\\/www.instagram.com\\\/jornalalgarve7\\\/\",\"https:\\\/\\\/www.linkedin.com\\\/company\\\/algarve7\",\"https:\\\/\\\/www.pinterest.pt\\\/geral0939\\\/_created\\\/\"]},{\"@type\":\"Person\",\"@id\":\"https:\\\/\\\/algarve7.pt\\\/#\\\/schema\\\/person\\\/23fa70681308e7b319a3204bcea45e0c\",\"name\":\"Algarve 7\",\"sameAs\":[\"https:\\\/\\\/algarve7.pt\",\"https:\\\/\\\/www.facebook.com\\\/algarve7\"],\"url\":\"https:\\\/\\\/algarve7.pt\\\/index.php\\\/author\\\/geralalgarve7-pt\\\/\"}]}<\/script>\n<!-- \/ Yoast SEO plugin. -->","yoast_head_json":{"title":"Munic\u00edpio de Lagoa abre inscri\u00e7\u00f5es para atribui\u00e7\u00e3o de Habita\u00e7\u00e3o Social com novo Regulamento em vigor - Algarve 7","description":"Munic\u00edpio de Lagoa abre inscri\u00e7\u00f5es para atribui\u00e7\u00e3o de Habita\u00e7\u00e3o Social com novo Regulamento em vigor Atualidade","robots":{"index":"index","follow":"follow","max-snippet":"max-snippet:-1","max-image-preview":"max-image-preview:large","max-video-preview":"max-video-preview:-1"},"canonical":"https:\/\/algarve7.pt\/index.php\/2025\/01\/municipio-de-lagoa-abre-inscricoes-para-atribuicao-de-habitacao-social-com-novo-regulamento-em-vigor\/atualidade\/08\/00\/","og_locale":"pt_PT","og_type":"article","og_title":"Munic\u00edpio de Lagoa abre inscri\u00e7\u00f5es para atribui\u00e7\u00e3o de Habita\u00e7\u00e3o Social com novo Regulamento em vigor - Algarve 7","og_description":"Munic\u00edpio de Lagoa abre inscri\u00e7\u00f5es para atribui\u00e7\u00e3o de Habita\u00e7\u00e3o Social com novo Regulamento em vigor Atualidade","og_url":"https:\/\/algarve7.pt\/index.php\/2025\/01\/municipio-de-lagoa-abre-inscricoes-para-atribuicao-de-habitacao-social-com-novo-regulamento-em-vigor\/atualidade\/08\/00\/","og_site_name":"Algarve 7","article_publisher":"https:\/\/www.facebook.com\/algarve7","article_author":"https:\/\/www.facebook.com\/algarve7","article_published_time":"2025-01-30T08:00:00+00:00","og_image":[{"width":800,"height":500,"url":"https:\/\/algarve7.pt\/wp-content\/uploads\/2025\/01\/Captura-de-ecra-2025-01-29-as-15.41.28.png","type":"image\/png"}],"author":"Algarve 7","twitter_card":"summary_large_image","twitter_creator":"@Algarvesete","twitter_site":"@Algarvesete","twitter_misc":{"Escrito por":"Algarve 7","Tempo estimado de leitura":"4 minutos"},"schema":{"@context":"https:\/\/schema.org","@graph":[{"@type":"Article","@id":"https:\/\/algarve7.pt\/index.php\/2025\/01\/municipio-de-lagoa-abre-inscricoes-para-atribuicao-de-habitacao-social-com-novo-regulamento-em-vigor\/atualidade\/08\/00\/#article","isPartOf":{"@id":"https:\/\/algarve7.pt\/index.php\/2025\/01\/municipio-de-lagoa-abre-inscricoes-para-atribuicao-de-habitacao-social-com-novo-regulamento-em-vigor\/atualidade\/08\/00\/"},"author":{"name":"Algarve 7","@id":"https:\/\/algarve7.pt\/#\/schema\/person\/23fa70681308e7b319a3204bcea45e0c"},"headline":"Munic\u00edpio de Lagoa abre inscri\u00e7\u00f5es para atribui\u00e7\u00e3o de Habita\u00e7\u00e3o Social com novo Regulamento em vigor","datePublished":"2025-01-30T08:00:00+00:00","mainEntityOfPage":{"@id":"https:\/\/algarve7.pt\/index.php\/2025\/01\/municipio-de-lagoa-abre-inscricoes-para-atribuicao-de-habitacao-social-com-novo-regulamento-em-vigor\/atualidade\/08\/00\/"},"wordCount":653,"publisher":{"@id":"https:\/\/algarve7.pt\/#organization"},"image":{"@id":"https:\/\/algarve7.pt\/index.php\/2025\/01\/municipio-de-lagoa-abre-inscricoes-para-atribuicao-de-habitacao-social-com-novo-regulamento-em-vigor\/atualidade\/08\/00\/#primaryimage"},"thumbnailUrl":"https:\/\/algarve7.pt\/wp-content\/uploads\/2025\/01\/Captura-de-ecra-2025-01-29-as-15.41.28.png","keywords":["Algarve","Atualidade","Lagoa"],"articleSection":["Atualidade"],"inLanguage":"pt-PT"},{"@type":"WebPage","@id":"https:\/\/algarve7.pt\/index.php\/2025\/01\/municipio-de-lagoa-abre-inscricoes-para-atribuicao-de-habitacao-social-com-novo-regulamento-em-vigor\/atualidade\/08\/00\/","url":"https:\/\/algarve7.pt\/index.php\/2025\/01\/municipio-de-lagoa-abre-inscricoes-para-atribuicao-de-habitacao-social-com-novo-regulamento-em-vigor\/atualidade\/08\/00\/","name":"Munic\u00edpio de Lagoa abre inscri\u00e7\u00f5es para atribui\u00e7\u00e3o de Habita\u00e7\u00e3o Social com novo Regulamento em vigor - Algarve 7","isPartOf":{"@id":"https:\/\/algarve7.pt\/#website"},"primaryImageOfPage":{"@id":"https:\/\/algarve7.pt\/index.php\/2025\/01\/municipio-de-lagoa-abre-inscricoes-para-atribuicao-de-habitacao-social-com-novo-regulamento-em-vigor\/atualidade\/08\/00\/#primaryimage"},"image":{"@id":"https:\/\/algarve7.pt\/index.php\/2025\/01\/municipio-de-lagoa-abre-inscricoes-para-atribuicao-de-habitacao-social-com-novo-regulamento-em-vigor\/atualidade\/08\/00\/#primaryimage"},"thumbnailUrl":"https:\/\/algarve7.pt\/wp-content\/uploads\/2025\/01\/Captura-de-ecra-2025-01-29-as-15.41.28.png","datePublished":"2025-01-30T08:00:00+00:00","description":"Munic\u00edpio de Lagoa abre inscri\u00e7\u00f5es para atribui\u00e7\u00e3o de Habita\u00e7\u00e3o Social com novo Regulamento em vigor Atualidade","breadcrumb":{"@id":"https:\/\/algarve7.pt\/index.php\/2025\/01\/municipio-de-lagoa-abre-inscricoes-para-atribuicao-de-habitacao-social-com-novo-regulamento-em-vigor\/atualidade\/08\/00\/#breadcrumb"},"inLanguage":"pt-PT","potentialAction":[{"@type":"ReadAction","target":["https:\/\/algarve7.pt\/index.php\/2025\/01\/municipio-de-lagoa-abre-inscricoes-para-atribuicao-de-habitacao-social-com-novo-regulamento-em-vigor\/atualidade\/08\/00\/"]}]},{"@type":"ImageObject","inLanguage":"pt-PT","@id":"https:\/\/algarve7.pt\/index.php\/2025\/01\/municipio-de-lagoa-abre-inscricoes-para-atribuicao-de-habitacao-social-com-novo-regulamento-em-vigor\/atualidade\/08\/00\/#primaryimage","url":"https:\/\/algarve7.pt\/wp-content\/uploads\/2025\/01\/Captura-de-ecra-2025-01-29-as-15.41.28.png","contentUrl":"https:\/\/algarve7.pt\/wp-content\/uploads\/2025\/01\/Captura-de-ecra-2025-01-29-as-15.41.28.png","width":800,"height":500},{"@type":"BreadcrumbList","@id":"https:\/\/algarve7.pt\/index.php\/2025\/01\/municipio-de-lagoa-abre-inscricoes-para-atribuicao-de-habitacao-social-com-novo-regulamento-em-vigor\/atualidade\/08\/00\/#breadcrumb","itemListElement":[{"@type":"ListItem","position":1,"name":"In\u00edcio","item":"https:\/\/algarve7.pt\/"},{"@type":"ListItem","position":2,"name":"Munic\u00edpio de Lagoa abre inscri\u00e7\u00f5es para atribui\u00e7\u00e3o de Habita\u00e7\u00e3o Social com novo Regulamento em vigor"}]},{"@type":"WebSite","@id":"https:\/\/algarve7.pt\/#website","url":"https:\/\/algarve7.pt\/","name":"Algarve 7","description":"Informa\u00e7\u00e3o sobre o Algarve","publisher":{"@id":"https:\/\/algarve7.pt\/#organization"},"potentialAction":[{"@type":"SearchAction","target":{"@type":"EntryPoint","urlTemplate":"https:\/\/algarve7.pt\/?s={search_term_string}"},"query-input":{"@type":"PropertyValueSpecification","valueRequired":true,"valueName":"search_term_string"}}],"inLanguage":"pt-PT"},{"@type":"Organization","@id":"https:\/\/algarve7.pt\/#organization","name":"Algarve 7","url":"https:\/\/algarve7.pt\/","logo":{"@type":"ImageObject","inLanguage":"pt-PT","@id":"https:\/\/algarve7.pt\/#\/schema\/logo\/image\/","url":"https:\/\/algarve7.pt\/wp-content\/uploads\/2020\/10\/Logo-8.jpg","contentUrl":"https:\/\/algarve7.pt\/wp-content\/uploads\/2020\/10\/Logo-8.jpg","width":1680,"height":1186,"caption":"Algarve 7"},"image":{"@id":"https:\/\/algarve7.pt\/#\/schema\/logo\/image\/"},"sameAs":["https:\/\/www.facebook.com\/algarve7","https:\/\/x.com\/Algarvesete","https:\/\/www.instagram.com\/jornalalgarve7\/","https:\/\/www.linkedin.com\/company\/algarve7","https:\/\/www.pinterest.pt\/geral0939\/_created\/"]},{"@type":"Person","@id":"https:\/\/algarve7.pt\/#\/schema\/person\/23fa70681308e7b319a3204bcea45e0c","name":"Algarve 7","sameAs":["https:\/\/algarve7.pt","https:\/\/www.facebook.com\/algarve7"],"url":"https:\/\/algarve7.pt\/index.php\/author\/geralalgarve7-pt\/"}]}},"jetpack_publicize_connections":[],"jetpack_featured_media_url":"https:\/\/algarve7.pt\/wp-content\/uploads\/2025\/01\/Captura-de-ecra-2025-01-29-as-15.41.28.png","jetpack_shortlink":"https:\/\/wp.me\/pcezmW-c9J","jetpack_sharing_enabled":true,"_links":{"self":[{"href":"https:\/\/algarve7.pt\/index.php\/wp-json\/wp\/v2\/posts\/46731","targetHints":{"allow":["GET"]}}],"collection":[{"href":"https:\/\/algarve7.pt\/index.php\/wp-json\/wp\/v2\/posts"}],"about":[{"href":"https:\/\/algarve7.pt\/index.php\/wp-json\/wp\/v2\/types\/post"}],"author":[{"embeddable":true,"href":"https:\/\/algarve7.pt\/index.php\/wp-json\/wp\/v2\/users\/1"}],"replies":[{"embeddable":true,"href":"https:\/\/algarve7.pt\/index.php\/wp-json\/wp\/v2\/comments?post=46731"}],"version-history":[{"count":0,"href":"https:\/\/algarve7.pt\/index.php\/wp-json\/wp\/v2\/posts\/46731\/revisions"}],"wp:featuredmedia":[{"embeddable":true,"href":"https:\/\/algarve7.pt\/index.php\/wp-json\/wp\/v2\/media\/46732"}],"wp:attachment":[{"href":"https:\/\/algarve7.pt\/index.php\/wp-json\/wp\/v2\/media?parent=46731"}],"wp:term":[{"taxonomy":"category","embeddable":true,"href":"https:\/\/algarve7.pt\/index.php\/wp-json\/wp\/v2\/categories?post=46731"},{"taxonomy":"post_tag","embeddable":true,"href":"https:\/\/algarve7.pt\/index.php\/wp-json\/wp\/v2\/tags?post=46731"}],"curies":[{"name":"wp","href":"https:\/\/api.w.org\/{rel}","templated":true}]}}