{"id":46728,"date":"2025-01-30T07:40:00","date_gmt":"2025-01-30T07:40:00","guid":{"rendered":"https:\/\/algarve7.pt\/?p=46728"},"modified":"2025-01-29T15:37:01","modified_gmt":"2025-01-29T15:37:01","slug":"associacoes-algarvias-ganham-uma-nova-presenca-digital-com-iniciativa-de-agencia-de-marketing","status":"publish","type":"post","link":"https:\/\/algarve7.pt\/index.php\/2025\/01\/associacoes-algarvias-ganham-uma-nova-presenca-digital-com-iniciativa-de-agencia-de-marketing\/atualidade\/07\/40\/","title":{"rendered":"Associa\u00e7\u00f5es Algarvias ganham uma nova presen\u00e7a digital com iniciativa de ag\u00eancia de marketing"},"content":{"rendered":"\n<p>A VORX Digital, ag\u00eancia de marketing no Algarve, vai oferecer o desenvolvimento e implementa\u00e7\u00e3o de tr\u00eas websites profissionais a associa\u00e7\u00f5es algarvias.\u00a0<strong>\u201cAcreditamos no impacto positivo que podemos criar ao disponibilizar o que fazemos de melhor: crescer e fortalecer a presen\u00e7a online destas associa\u00e7\u00f5es\u201d<\/strong>, explica Andr\u00e9 Vidigal, CEO da VORX Digital.\u00a0<br><br>O objetivo desta iniciativa \u00e9 permitir que estas organiza\u00e7\u00f5es, que fazem a diferen\u00e7a na regi\u00e3o junto da comunidade, comuniquem de forma mais eficaz, aumentando a sua visibilidade e contribuindo para o fortalecimento do desenvolvimento social e cultural do Algarve. Esta abordagem n\u00e3o se limita a uma contribui\u00e7\u00e3o de recursos pontual, mas sim na oferta de uma solu\u00e7\u00e3o concreta, com potencial de gerar resultados mais duradouros.\u00a0<br><br>Ao modernizar a presen\u00e7a digital destas associa\u00e7\u00f5es, a empresa ir\u00e1 permitir que as mesmas cres\u00e7am e cheguem a mais pessoas, promovendo um impacto sustent\u00e1vel. Al\u00e9m da moderniza\u00e7\u00e3o dos websites, a iniciativa inclui a produ\u00e7\u00e3o de conte\u00fados profissionais, como fotografias e v\u00eddeos, proporcionando \u00e0s institui\u00e7\u00f5es uma comunica\u00e7\u00e3o mais atrativa e eficaz. As institui\u00e7\u00f5es interessadas em participar nesta iniciativa, independentemente da sua localiza\u00e7\u00e3o, ou \u00e1rea de atua\u00e7\u00e3o, podem inscrever-se diretamente atrav\u00e9s do formul\u00e1rio online disponibilizado na p\u00e1gina de\u00a0<a href=\"https:\/\/vorxdigital.com\/responsabilidade-social\/\" target=\"_blank\" rel=\"noreferrer noopener\">Responsabilidade Social<\/a>\u00a0da VORX Digital, criado exclusivamente para este projeto, encontrando-se dispon\u00edvel at\u00e9 ao dia 28 de fevereiro.\u00a0<br><br>Esta iniciativa marca o in\u00edcio de um compromisso s\u00f3lido por parte da empresa, em contribuir para o desenvolvimento da regi\u00e3o, apostando na transforma\u00e7\u00e3o digital como alicerce para o futuro.<\/p>\n","protected":false},"excerpt":{"rendered":"<p>A VORX Digital, ag\u00eancia de marketing no Algarve, vai oferecer o desenvolvimento e implementa\u00e7\u00e3o de tr\u00eas websites profissionais a associa\u00e7\u00f5es<\/p>\n","protected":false},"author":1,"featured_media":46729,"comment_status":"closed","ping_status":"closed","sticky":false,"template":"","format":"standard","meta":{"colormag_page_container_layout":"default_layout","colormag_page_sidebar_layout":"default_layout","_monsterinsights_skip_tracking":false,"_monsterinsights_sitenote_active":false,"_monsterinsights_sitenote_note":"","_monsterinsights_sitenote_category":0,"jetpack_post_was_ever_published":false,"_jetpack_newsletter_access":"","_jetpack_dont_email_post_to_subs":false,"_jetpack_newsletter_tier_id":0,"_jetpack_memberships_contains_paywalled_content":false,"_jetpack_memberships_contains_paid_content":false,"footnotes":"","jetpack_publicize_message":"","jetpack_publicize_feature_enabled":true,"jetpack_social_post_already_shared":true,"jetpack_social_options":{"image_generator_settings":{"template":"highway","default_image_id":0,"font":"","enabled":false},"version":2}},"categories":[11],"tags":[36,62],"class_list":["post-46728","post","type-post","status-publish","format-standard","has-post-thumbnail","hentry","category-atualidade","tag-algarve","tag-atualidade"],"yoast_head":"<!-- This site is optimized with the Yoast SEO plugin v27.5 - https:\/\/yoast.com\/product\/yoast-seo-wordpress\/ -->\n<title>Associa\u00e7\u00f5es Algarvias ganham uma nova presen\u00e7a digital com iniciativa de ag\u00eancia de marketing - Algarve 7<\/title>\n<meta name=\"description\" content=\"Associa\u00e7\u00f5es Algarvias ganham uma nova presen\u00e7a digital com iniciativa de ag\u00eancia de marketing Atualidade\" \/>\n<meta name=\"robots\" content=\"index, follow, max-snippet:-1, max-image-preview:large, max-video-preview:-1\" \/>\n<link rel=\"canonical\" href=\"https:\/\/algarve7.pt\/index.php\/2025\/01\/associacoes-algarvias-ganham-uma-nova-presenca-digital-com-iniciativa-de-agencia-de-marketing\/atualidade\/07\/40\/\" \/>\n<meta property=\"og:locale\" content=\"pt_PT\" \/>\n<meta property=\"og:type\" content=\"article\" \/>\n<meta property=\"og:title\" content=\"Associa\u00e7\u00f5es Algarvias ganham uma nova presen\u00e7a digital com iniciativa de ag\u00eancia de marketing - Algarve 7\" \/>\n<meta property=\"og:description\" content=\"Associa\u00e7\u00f5es Algarvias ganham uma nova presen\u00e7a digital com iniciativa de ag\u00eancia de marketing Atualidade\" \/>\n<meta property=\"og:url\" content=\"https:\/\/algarve7.pt\/index.php\/2025\/01\/associacoes-algarvias-ganham-uma-nova-presenca-digital-com-iniciativa-de-agencia-de-marketing\/atualidade\/07\/40\/\" \/>\n<meta property=\"og:site_name\" content=\"Algarve 7\" \/>\n<meta property=\"article:publisher\" content=\"https:\/\/www.facebook.com\/algarve7\" \/>\n<meta property=\"article:author\" content=\"https:\/\/www.facebook.com\/algarve7\" \/>\n<meta property=\"article:published_time\" content=\"2025-01-30T07:40:00+00:00\" \/>\n<meta property=\"og:image\" content=\"https:\/\/algarve7.pt\/wp-content\/uploads\/2025\/01\/Projetos-Com-Impacto-Responsabilidade-Social-VORX-Digital.png\" \/>\n\t<meta property=\"og:image:width\" content=\"800\" \/>\n\t<meta property=\"og:image:height\" content=\"530\" \/>\n\t<meta property=\"og:image:type\" content=\"image\/png\" \/>\n<meta name=\"author\" content=\"Algarve 7\" \/>\n<meta name=\"twitter:card\" content=\"summary_large_image\" \/>\n<meta name=\"twitter:creator\" content=\"@Algarvesete\" \/>\n<meta name=\"twitter:site\" content=\"@Algarvesete\" \/>\n<meta name=\"twitter:label1\" content=\"Escrito por\" \/>\n\t<meta name=\"twitter:data1\" content=\"Algarve 7\" \/>\n\t<meta name=\"twitter:label2\" content=\"Tempo estimado de leitura\" \/>\n\t<meta name=\"twitter:data2\" content=\"2 minutos\" \/>\n<script type=\"application\/ld+json\" class=\"yoast-schema-graph\">{\"@context\":\"https:\\\/\\\/schema.org\",\"@graph\":[{\"@type\":\"Article\",\"@id\":\"https:\\\/\\\/algarve7.pt\\\/index.php\\\/2025\\\/01\\\/associacoes-algarvias-ganham-uma-nova-presenca-digital-com-iniciativa-de-agencia-de-marketing\\\/atualidade\\\/07\\\/40\\\/#article\",\"isPartOf\":{\"@id\":\"https:\\\/\\\/algarve7.pt\\\/index.php\\\/2025\\\/01\\\/associacoes-algarvias-ganham-uma-nova-presenca-digital-com-iniciativa-de-agencia-de-marketing\\\/atualidade\\\/07\\\/40\\\/\"},\"author\":{\"name\":\"Algarve 7\",\"@id\":\"https:\\\/\\\/algarve7.pt\\\/#\\\/schema\\\/person\\\/23fa70681308e7b319a3204bcea45e0c\"},\"headline\":\"Associa\u00e7\u00f5es Algarvias ganham uma nova presen\u00e7a digital com iniciativa de ag\u00eancia de marketing\",\"datePublished\":\"2025-01-30T07:40:00+00:00\",\"mainEntityOfPage\":{\"@id\":\"https:\\\/\\\/algarve7.pt\\\/index.php\\\/2025\\\/01\\\/associacoes-algarvias-ganham-uma-nova-presenca-digital-com-iniciativa-de-agencia-de-marketing\\\/atualidade\\\/07\\\/40\\\/\"},\"wordCount\":286,\"publisher\":{\"@id\":\"https:\\\/\\\/algarve7.pt\\\/#organization\"},\"image\":{\"@id\":\"https:\\\/\\\/algarve7.pt\\\/index.php\\\/2025\\\/01\\\/associacoes-algarvias-ganham-uma-nova-presenca-digital-com-iniciativa-de-agencia-de-marketing\\\/atualidade\\\/07\\\/40\\\/#primaryimage\"},\"thumbnailUrl\":\"https:\\\/\\\/algarve7.pt\\\/wp-content\\\/uploads\\\/2025\\\/01\\\/Projetos-Com-Impacto-Responsabilidade-Social-VORX-Digital.png\",\"keywords\":[\"Algarve\",\"Atualidade\"],\"articleSection\":[\"Atualidade\"],\"inLanguage\":\"pt-PT\"},{\"@type\":\"WebPage\",\"@id\":\"https:\\\/\\\/algarve7.pt\\\/index.php\\\/2025\\\/01\\\/associacoes-algarvias-ganham-uma-nova-presenca-digital-com-iniciativa-de-agencia-de-marketing\\\/atualidade\\\/07\\\/40\\\/\",\"url\":\"https:\\\/\\\/algarve7.pt\\\/index.php\\\/2025\\\/01\\\/associacoes-algarvias-ganham-uma-nova-presenca-digital-com-iniciativa-de-agencia-de-marketing\\\/atualidade\\\/07\\\/40\\\/\",\"name\":\"Associa\u00e7\u00f5es Algarvias ganham uma nova presen\u00e7a digital com iniciativa de ag\u00eancia de marketing - Algarve 7\",\"isPartOf\":{\"@id\":\"https:\\\/\\\/algarve7.pt\\\/#website\"},\"primaryImageOfPage\":{\"@id\":\"https:\\\/\\\/algarve7.pt\\\/index.php\\\/2025\\\/01\\\/associacoes-algarvias-ganham-uma-nova-presenca-digital-com-iniciativa-de-agencia-de-marketing\\\/atualidade\\\/07\\\/40\\\/#primaryimage\"},\"image\":{\"@id\":\"https:\\\/\\\/algarve7.pt\\\/index.php\\\/2025\\\/01\\\/associacoes-algarvias-ganham-uma-nova-presenca-digital-com-iniciativa-de-agencia-de-marketing\\\/atualidade\\\/07\\\/40\\\/#primaryimage\"},\"thumbnailUrl\":\"https:\\\/\\\/algarve7.pt\\\/wp-content\\\/uploads\\\/2025\\\/01\\\/Projetos-Com-Impacto-Responsabilidade-Social-VORX-Digital.png\",\"datePublished\":\"2025-01-30T07:40:00+00:00\",\"description\":\"Associa\u00e7\u00f5es Algarvias ganham uma nova presen\u00e7a digital com iniciativa de ag\u00eancia de marketing Atualidade\",\"breadcrumb\":{\"@id\":\"https:\\\/\\\/algarve7.pt\\\/index.php\\\/2025\\\/01\\\/associacoes-algarvias-ganham-uma-nova-presenca-digital-com-iniciativa-de-agencia-de-marketing\\\/atualidade\\\/07\\\/40\\\/#breadcrumb\"},\"inLanguage\":\"pt-PT\",\"potentialAction\":[{\"@type\":\"ReadAction\",\"target\":[\"https:\\\/\\\/algarve7.pt\\\/index.php\\\/2025\\\/01\\\/associacoes-algarvias-ganham-uma-nova-presenca-digital-com-iniciativa-de-agencia-de-marketing\\\/atualidade\\\/07\\\/40\\\/\"]}]},{\"@type\":\"ImageObject\",\"inLanguage\":\"pt-PT\",\"@id\":\"https:\\\/\\\/algarve7.pt\\\/index.php\\\/2025\\\/01\\\/associacoes-algarvias-ganham-uma-nova-presenca-digital-com-iniciativa-de-agencia-de-marketing\\\/atualidade\\\/07\\\/40\\\/#primaryimage\",\"url\":\"https:\\\/\\\/algarve7.pt\\\/wp-content\\\/uploads\\\/2025\\\/01\\\/Projetos-Com-Impacto-Responsabilidade-Social-VORX-Digital.png\",\"contentUrl\":\"https:\\\/\\\/algarve7.pt\\\/wp-content\\\/uploads\\\/2025\\\/01\\\/Projetos-Com-Impacto-Responsabilidade-Social-VORX-Digital.png\",\"width\":800,\"height\":530},{\"@type\":\"BreadcrumbList\",\"@id\":\"https:\\\/\\\/algarve7.pt\\\/index.php\\\/2025\\\/01\\\/associacoes-algarvias-ganham-uma-nova-presenca-digital-com-iniciativa-de-agencia-de-marketing\\\/atualidade\\\/07\\\/40\\\/#breadcrumb\",\"itemListElement\":[{\"@type\":\"ListItem\",\"position\":1,\"name\":\"In\u00edcio\",\"item\":\"https:\\\/\\\/algarve7.pt\\\/\"},{\"@type\":\"ListItem\",\"position\":2,\"name\":\"Associa\u00e7\u00f5es Algarvias ganham uma nova presen\u00e7a digital com iniciativa de ag\u00eancia de marketing\"}]},{\"@type\":\"WebSite\",\"@id\":\"https:\\\/\\\/algarve7.pt\\\/#website\",\"url\":\"https:\\\/\\\/algarve7.pt\\\/\",\"name\":\"Algarve 7\",\"description\":\"Informa\u00e7\u00e3o sobre o Algarve\",\"publisher\":{\"@id\":\"https:\\\/\\\/algarve7.pt\\\/#organization\"},\"potentialAction\":[{\"@type\":\"SearchAction\",\"target\":{\"@type\":\"EntryPoint\",\"urlTemplate\":\"https:\\\/\\\/algarve7.pt\\\/?s={search_term_string}\"},\"query-input\":{\"@type\":\"PropertyValueSpecification\",\"valueRequired\":true,\"valueName\":\"search_term_string\"}}],\"inLanguage\":\"pt-PT\"},{\"@type\":\"Organization\",\"@id\":\"https:\\\/\\\/algarve7.pt\\\/#organization\",\"name\":\"Algarve 7\",\"url\":\"https:\\\/\\\/algarve7.pt\\\/\",\"logo\":{\"@type\":\"ImageObject\",\"inLanguage\":\"pt-PT\",\"@id\":\"https:\\\/\\\/algarve7.pt\\\/#\\\/schema\\\/logo\\\/image\\\/\",\"url\":\"https:\\\/\\\/algarve7.pt\\\/wp-content\\\/uploads\\\/2020\\\/10\\\/Logo-8.jpg\",\"contentUrl\":\"https:\\\/\\\/algarve7.pt\\\/wp-content\\\/uploads\\\/2020\\\/10\\\/Logo-8.jpg\",\"width\":1680,\"height\":1186,\"caption\":\"Algarve 7\"},\"image\":{\"@id\":\"https:\\\/\\\/algarve7.pt\\\/#\\\/schema\\\/logo\\\/image\\\/\"},\"sameAs\":[\"https:\\\/\\\/www.facebook.com\\\/algarve7\",\"https:\\\/\\\/x.com\\\/Algarvesete\",\"https:\\\/\\\/www.instagram.com\\\/jornalalgarve7\\\/\",\"https:\\\/\\\/www.linkedin.com\\\/company\\\/algarve7\",\"https:\\\/\\\/www.pinterest.pt\\\/geral0939\\\/_created\\\/\"]},{\"@type\":\"Person\",\"@id\":\"https:\\\/\\\/algarve7.pt\\\/#\\\/schema\\\/person\\\/23fa70681308e7b319a3204bcea45e0c\",\"name\":\"Algarve 7\",\"sameAs\":[\"https:\\\/\\\/algarve7.pt\",\"https:\\\/\\\/www.facebook.com\\\/algarve7\"],\"url\":\"https:\\\/\\\/algarve7.pt\\\/index.php\\\/author\\\/geralalgarve7-pt\\\/\"}]}<\/script>\n<!-- \/ Yoast SEO plugin. -->","yoast_head_json":{"title":"Associa\u00e7\u00f5es Algarvias ganham uma nova presen\u00e7a digital com iniciativa de ag\u00eancia de marketing - Algarve 7","description":"Associa\u00e7\u00f5es Algarvias ganham uma nova presen\u00e7a digital com iniciativa de ag\u00eancia de marketing Atualidade","robots":{"index":"index","follow":"follow","max-snippet":"max-snippet:-1","max-image-preview":"max-image-preview:large","max-video-preview":"max-video-preview:-1"},"canonical":"https:\/\/algarve7.pt\/index.php\/2025\/01\/associacoes-algarvias-ganham-uma-nova-presenca-digital-com-iniciativa-de-agencia-de-marketing\/atualidade\/07\/40\/","og_locale":"pt_PT","og_type":"article","og_title":"Associa\u00e7\u00f5es Algarvias ganham uma nova presen\u00e7a digital com iniciativa de ag\u00eancia de marketing - Algarve 7","og_description":"Associa\u00e7\u00f5es Algarvias ganham uma nova presen\u00e7a digital com iniciativa de ag\u00eancia de marketing Atualidade","og_url":"https:\/\/algarve7.pt\/index.php\/2025\/01\/associacoes-algarvias-ganham-uma-nova-presenca-digital-com-iniciativa-de-agencia-de-marketing\/atualidade\/07\/40\/","og_site_name":"Algarve 7","article_publisher":"https:\/\/www.facebook.com\/algarve7","article_author":"https:\/\/www.facebook.com\/algarve7","article_published_time":"2025-01-30T07:40:00+00:00","og_image":[{"width":800,"height":530,"url":"https:\/\/algarve7.pt\/wp-content\/uploads\/2025\/01\/Projetos-Com-Impacto-Responsabilidade-Social-VORX-Digital.png","type":"image\/png"}],"author":"Algarve 7","twitter_card":"summary_large_image","twitter_creator":"@Algarvesete","twitter_site":"@Algarvesete","twitter_misc":{"Escrito por":"Algarve 7","Tempo estimado de leitura":"2 minutos"},"schema":{"@context":"https:\/\/schema.org","@graph":[{"@type":"Article","@id":"https:\/\/algarve7.pt\/index.php\/2025\/01\/associacoes-algarvias-ganham-uma-nova-presenca-digital-com-iniciativa-de-agencia-de-marketing\/atualidade\/07\/40\/#article","isPartOf":{"@id":"https:\/\/algarve7.pt\/index.php\/2025\/01\/associacoes-algarvias-ganham-uma-nova-presenca-digital-com-iniciativa-de-agencia-de-marketing\/atualidade\/07\/40\/"},"author":{"name":"Algarve 7","@id":"https:\/\/algarve7.pt\/#\/schema\/person\/23fa70681308e7b319a3204bcea45e0c"},"headline":"Associa\u00e7\u00f5es Algarvias ganham uma nova presen\u00e7a digital com iniciativa de ag\u00eancia de marketing","datePublished":"2025-01-30T07:40:00+00:00","mainEntityOfPage":{"@id":"https:\/\/algarve7.pt\/index.php\/2025\/01\/associacoes-algarvias-ganham-uma-nova-presenca-digital-com-iniciativa-de-agencia-de-marketing\/atualidade\/07\/40\/"},"wordCount":286,"publisher":{"@id":"https:\/\/algarve7.pt\/#organization"},"image":{"@id":"https:\/\/algarve7.pt\/index.php\/2025\/01\/associacoes-algarvias-ganham-uma-nova-presenca-digital-com-iniciativa-de-agencia-de-marketing\/atualidade\/07\/40\/#primaryimage"},"thumbnailUrl":"https:\/\/algarve7.pt\/wp-content\/uploads\/2025\/01\/Projetos-Com-Impacto-Responsabilidade-Social-VORX-Digital.png","keywords":["Algarve","Atualidade"],"articleSection":["Atualidade"],"inLanguage":"pt-PT"},{"@type":"WebPage","@id":"https:\/\/algarve7.pt\/index.php\/2025\/01\/associacoes-algarvias-ganham-uma-nova-presenca-digital-com-iniciativa-de-agencia-de-marketing\/atualidade\/07\/40\/","url":"https:\/\/algarve7.pt\/index.php\/2025\/01\/associacoes-algarvias-ganham-uma-nova-presenca-digital-com-iniciativa-de-agencia-de-marketing\/atualidade\/07\/40\/","name":"Associa\u00e7\u00f5es Algarvias ganham uma nova presen\u00e7a digital com iniciativa de ag\u00eancia de marketing - Algarve 7","isPartOf":{"@id":"https:\/\/algarve7.pt\/#website"},"primaryImageOfPage":{"@id":"https:\/\/algarve7.pt\/index.php\/2025\/01\/associacoes-algarvias-ganham-uma-nova-presenca-digital-com-iniciativa-de-agencia-de-marketing\/atualidade\/07\/40\/#primaryimage"},"image":{"@id":"https:\/\/algarve7.pt\/index.php\/2025\/01\/associacoes-algarvias-ganham-uma-nova-presenca-digital-com-iniciativa-de-agencia-de-marketing\/atualidade\/07\/40\/#primaryimage"},"thumbnailUrl":"https:\/\/algarve7.pt\/wp-content\/uploads\/2025\/01\/Projetos-Com-Impacto-Responsabilidade-Social-VORX-Digital.png","datePublished":"2025-01-30T07:40:00+00:00","description":"Associa\u00e7\u00f5es Algarvias ganham uma nova presen\u00e7a digital com iniciativa de ag\u00eancia de marketing Atualidade","breadcrumb":{"@id":"https:\/\/algarve7.pt\/index.php\/2025\/01\/associacoes-algarvias-ganham-uma-nova-presenca-digital-com-iniciativa-de-agencia-de-marketing\/atualidade\/07\/40\/#breadcrumb"},"inLanguage":"pt-PT","potentialAction":[{"@type":"ReadAction","target":["https:\/\/algarve7.pt\/index.php\/2025\/01\/associacoes-algarvias-ganham-uma-nova-presenca-digital-com-iniciativa-de-agencia-de-marketing\/atualidade\/07\/40\/"]}]},{"@type":"ImageObject","inLanguage":"pt-PT","@id":"https:\/\/algarve7.pt\/index.php\/2025\/01\/associacoes-algarvias-ganham-uma-nova-presenca-digital-com-iniciativa-de-agencia-de-marketing\/atualidade\/07\/40\/#primaryimage","url":"https:\/\/algarve7.pt\/wp-content\/uploads\/2025\/01\/Projetos-Com-Impacto-Responsabilidade-Social-VORX-Digital.png","contentUrl":"https:\/\/algarve7.pt\/wp-content\/uploads\/2025\/01\/Projetos-Com-Impacto-Responsabilidade-Social-VORX-Digital.png","width":800,"height":530},{"@type":"BreadcrumbList","@id":"https:\/\/algarve7.pt\/index.php\/2025\/01\/associacoes-algarvias-ganham-uma-nova-presenca-digital-com-iniciativa-de-agencia-de-marketing\/atualidade\/07\/40\/#breadcrumb","itemListElement":[{"@type":"ListItem","position":1,"name":"In\u00edcio","item":"https:\/\/algarve7.pt\/"},{"@type":"ListItem","position":2,"name":"Associa\u00e7\u00f5es Algarvias ganham uma nova presen\u00e7a digital com iniciativa de ag\u00eancia de marketing"}]},{"@type":"WebSite","@id":"https:\/\/algarve7.pt\/#website","url":"https:\/\/algarve7.pt\/","name":"Algarve 7","description":"Informa\u00e7\u00e3o sobre o Algarve","publisher":{"@id":"https:\/\/algarve7.pt\/#organization"},"potentialAction":[{"@type":"SearchAction","target":{"@type":"EntryPoint","urlTemplate":"https:\/\/algarve7.pt\/?s={search_term_string}"},"query-input":{"@type":"PropertyValueSpecification","valueRequired":true,"valueName":"search_term_string"}}],"inLanguage":"pt-PT"},{"@type":"Organization","@id":"https:\/\/algarve7.pt\/#organization","name":"Algarve 7","url":"https:\/\/algarve7.pt\/","logo":{"@type":"ImageObject","inLanguage":"pt-PT","@id":"https:\/\/algarve7.pt\/#\/schema\/logo\/image\/","url":"https:\/\/algarve7.pt\/wp-content\/uploads\/2020\/10\/Logo-8.jpg","contentUrl":"https:\/\/algarve7.pt\/wp-content\/uploads\/2020\/10\/Logo-8.jpg","width":1680,"height":1186,"caption":"Algarve 7"},"image":{"@id":"https:\/\/algarve7.pt\/#\/schema\/logo\/image\/"},"sameAs":["https:\/\/www.facebook.com\/algarve7","https:\/\/x.com\/Algarvesete","https:\/\/www.instagram.com\/jornalalgarve7\/","https:\/\/www.linkedin.com\/company\/algarve7","https:\/\/www.pinterest.pt\/geral0939\/_created\/"]},{"@type":"Person","@id":"https:\/\/algarve7.pt\/#\/schema\/person\/23fa70681308e7b319a3204bcea45e0c","name":"Algarve 7","sameAs":["https:\/\/algarve7.pt","https:\/\/www.facebook.com\/algarve7"],"url":"https:\/\/algarve7.pt\/index.php\/author\/geralalgarve7-pt\/"}]}},"jetpack_publicize_connections":[],"jetpack_featured_media_url":"https:\/\/algarve7.pt\/wp-content\/uploads\/2025\/01\/Projetos-Com-Impacto-Responsabilidade-Social-VORX-Digital.png","jetpack_shortlink":"https:\/\/wp.me\/pcezmW-c9G","jetpack_sharing_enabled":true,"_links":{"self":[{"href":"https:\/\/algarve7.pt\/index.php\/wp-json\/wp\/v2\/posts\/46728","targetHints":{"allow":["GET"]}}],"collection":[{"href":"https:\/\/algarve7.pt\/index.php\/wp-json\/wp\/v2\/posts"}],"about":[{"href":"https:\/\/algarve7.pt\/index.php\/wp-json\/wp\/v2\/types\/post"}],"author":[{"embeddable":true,"href":"https:\/\/algarve7.pt\/index.php\/wp-json\/wp\/v2\/users\/1"}],"replies":[{"embeddable":true,"href":"https:\/\/algarve7.pt\/index.php\/wp-json\/wp\/v2\/comments?post=46728"}],"version-history":[{"count":0,"href":"https:\/\/algarve7.pt\/index.php\/wp-json\/wp\/v2\/posts\/46728\/revisions"}],"wp:featuredmedia":[{"embeddable":true,"href":"https:\/\/algarve7.pt\/index.php\/wp-json\/wp\/v2\/media\/46729"}],"wp:attachment":[{"href":"https:\/\/algarve7.pt\/index.php\/wp-json\/wp\/v2\/media?parent=46728"}],"wp:term":[{"taxonomy":"category","embeddable":true,"href":"https:\/\/algarve7.pt\/index.php\/wp-json\/wp\/v2\/categories?post=46728"},{"taxonomy":"post_tag","embeddable":true,"href":"https:\/\/algarve7.pt\/index.php\/wp-json\/wp\/v2\/tags?post=46728"}],"curies":[{"name":"wp","href":"https:\/\/api.w.org\/{rel}","templated":true}]}}