{"id":46725,"date":"2025-01-30T07:31:00","date_gmt":"2025-01-30T07:31:00","guid":{"rendered":"https:\/\/algarve7.pt\/?p=46725"},"modified":"2025-01-29T15:33:16","modified_gmt":"2025-01-29T15:33:16","slug":"prazo-de-candidaturas-ao-premio-junta-te-ao-gervasio-foi-alargado-ate-8-de-fevereiro","status":"publish","type":"post","link":"https:\/\/algarve7.pt\/index.php\/2025\/01\/prazo-de-candidaturas-ao-premio-junta-te-ao-gervasio-foi-alargado-ate-8-de-fevereiro\/ambiente\/07\/31\/","title":{"rendered":"Prazo de candidaturas ao Pr\u00e9mio Junta-te ao Gerv\u00e1sio foi alargado at\u00e9 8 de fevereiro"},"content":{"rendered":"\n<p>Juntas de Freguesia, Entidades de Proximidade (associa\u00e7\u00f5es) e cidad\u00e3os t\u00eam agora mais dias para submeter a sua candidatura ao Pr\u00e9mio Junta-te ao Gerv\u00e1sio, iniciativa da Sociedade Ponto Verde (SPV) que visa distinguir projetos na \u00e1rea da reciclagem das embalagens e da economia circular. As candidaturas podem ser entregues at\u00e9 ao pr\u00f3ximo dia 8 de fevereiro em\u00a0<a href=\"https:\/\/recicla.pt\/juntateaogervasio\/\" target=\"_blank\" rel=\"noreferrer noopener\">https:\/\/recicla.pt\/juntateaogervasio\/<\/a>.<\/p>\n\n\n\n<p>O Pr\u00e9mio Junta-te ao Gerv\u00e1sio tem como foco projetos desenvolvidos em Portugal Continental, Madeira e A\u00e7ores, que tenham ou estejam a promover, nas comunidades locais, a correta separa\u00e7\u00e3o e deposi\u00e7\u00e3o de embalagens, e mostrem, ao mesmo tempo, capacidade de poderem vir a ser aplicados em outras regi\u00f5es do pa\u00eds, contribuindo para a dissemina\u00e7\u00e3o desta boa pr\u00e1tica, levando a um aumento das quantidades de embalagens recolhidas seletivamente.&nbsp;<\/p>\n\n\n\n<p>Os projetos a concurso ser\u00e3o avaliados tendo em conta crit\u00e9rios como a inova\u00e7\u00e3o e os impactos econ\u00f3mico, social e ambiental que geram dentro das comunidades onde decorrem. No final, na categoria \u201cFreguesias\u201d, ser\u00e1 atribu\u00eddo um 1.\u00ba lugar composto por um kit tecnol\u00f3gico \u201cGerv\u00e1sio\u201d e quatro men\u00e7\u00f5es honrosas. J\u00e1 nas categorias \u201cEntidades de Proximidade\u201d e \u201cCidadania Social\u201d, o top 3 receber\u00e1 pr\u00e9mios monet\u00e1rios, num total que perfaz os 16.500\u20ac, al\u00e9m de estarem previstas duas men\u00e7\u00f5es honrosas em cada uma destas categorias. Os vencedores ser\u00e3o revelados at\u00e9 ao final de junho.<\/p>\n\n\n\n<p>Face ao elevado n\u00famero de candidaturas recebidas nesta reta final, o prazo de inscri\u00e7\u00e3o para o Pr\u00e9mio Junta-te ao Gerv\u00e1sio foi alargado por mais duas semanas, para que todos os interessados ainda tenham a oportunidade de se candidatar.<\/p>\n\n\n\n<p>Com o apoio da APA \u2013 Ag\u00eancia Portuguesa do Ambiente, da ANAFRE &#8211; Associa\u00e7\u00e3o Nacional de Freguesias, da ANMP &#8211; Associa\u00e7\u00e3o Nacional dos Munic\u00edpios Portugueses, da DGAE &#8211; Dire\u00e7\u00e3o-Geral das Atividades Econ\u00f3micas e com o ISCTE Executive Education como Knowledge Partner, o Pr\u00e9mio Junta-te ao Gerv\u00e1sio \u00e9 promovido pela Sociedade Ponto Verde.<\/p>\n\n\n\n<p><strong>Sobre a Sociedade Ponto Verde<\/strong><\/p>\n\n\n\n<p>A Sociedade Ponto Verde (SPV) tem como miss\u00e3o contribuir para a promo\u00e7\u00e3o da Economia Circular atrav\u00e9s do Sistema Integrado de Gest\u00e3o de Res\u00edduos de Embalagens (SIGRE) assente num&nbsp;forte compromisso com a Inova\u00e7\u00e3o e I&amp;D, a Literacia Ambiental e a Cidadania Ativa. Institui\u00e7\u00e3o privada sem fins lucrativos, tem a responsabilidade pelo encaminhamento para reciclagem e valoriza\u00e7\u00e3o dos res\u00edduos de embalagens que resultam do grande consumo, apoiando a conce\u00e7\u00e3o de embalagens cada vez mais circulares e propondo novas formas de melhorar os seus processos de recolha, separa\u00e7\u00e3o e tratamento. A SPV \u00e9 l\u00edder de mercado e serve atualmente 8200 clientes entre micro, pequenas, m\u00e9dias e grandes empresas.<\/p>\n","protected":false},"excerpt":{"rendered":"<p>Juntas de Freguesia, Entidades de Proximidade (associa\u00e7\u00f5es) e cidad\u00e3os t\u00eam agora mais dias para submeter a sua candidatura ao Pr\u00e9mio<\/p>\n","protected":false},"author":1,"featured_media":46726,"comment_status":"closed","ping_status":"closed","sticky":false,"template":"","format":"standard","meta":{"colormag_page_container_layout":"default_layout","colormag_page_sidebar_layout":"default_layout","_monsterinsights_skip_tracking":false,"_monsterinsights_sitenote_active":false,"_monsterinsights_sitenote_note":"","_monsterinsights_sitenote_category":0,"jetpack_post_was_ever_published":false,"_jetpack_newsletter_access":"","_jetpack_dont_email_post_to_subs":false,"_jetpack_newsletter_tier_id":0,"_jetpack_memberships_contains_paywalled_content":false,"_jetpack_memberships_contains_paid_content":false,"footnotes":"","jetpack_publicize_message":"","jetpack_publicize_feature_enabled":true,"jetpack_social_post_already_shared":true,"jetpack_social_options":{"image_generator_settings":{"template":"highway","default_image_id":0,"font":"","enabled":false},"version":2}},"categories":[5],"tags":[36,32],"class_list":["post-46725","post","type-post","status-publish","format-standard","has-post-thumbnail","hentry","category-ambiente","tag-algarve","tag-ambiente"],"yoast_head":"<!-- This site is optimized with the Yoast SEO plugin v27.5 - https:\/\/yoast.com\/product\/yoast-seo-wordpress\/ -->\n<title>Prazo de candidaturas ao Pr\u00e9mio Junta-te ao Gerv\u00e1sio foi alargado at\u00e9 8 de fevereiro - Algarve 7<\/title>\n<meta name=\"description\" content=\"Prazo de candidaturas ao Pr\u00e9mio Junta-te ao Gerv\u00e1sio foi alargado at\u00e9 8 de fevereiro Ambiente\" \/>\n<meta name=\"robots\" content=\"index, follow, max-snippet:-1, max-image-preview:large, max-video-preview:-1\" \/>\n<link rel=\"canonical\" href=\"https:\/\/algarve7.pt\/index.php\/2025\/01\/prazo-de-candidaturas-ao-premio-junta-te-ao-gervasio-foi-alargado-ate-8-de-fevereiro\/ambiente\/07\/31\/\" \/>\n<meta property=\"og:locale\" content=\"pt_PT\" \/>\n<meta property=\"og:type\" content=\"article\" \/>\n<meta property=\"og:title\" content=\"Prazo de candidaturas ao Pr\u00e9mio Junta-te ao Gerv\u00e1sio foi alargado at\u00e9 8 de fevereiro - Algarve 7\" \/>\n<meta property=\"og:description\" content=\"Prazo de candidaturas ao Pr\u00e9mio Junta-te ao Gerv\u00e1sio foi alargado at\u00e9 8 de fevereiro Ambiente\" \/>\n<meta property=\"og:url\" content=\"https:\/\/algarve7.pt\/index.php\/2025\/01\/prazo-de-candidaturas-ao-premio-junta-te-ao-gervasio-foi-alargado-ate-8-de-fevereiro\/ambiente\/07\/31\/\" \/>\n<meta property=\"og:site_name\" content=\"Algarve 7\" \/>\n<meta property=\"article:publisher\" content=\"https:\/\/www.facebook.com\/algarve7\" \/>\n<meta property=\"article:author\" content=\"https:\/\/www.facebook.com\/algarve7\" \/>\n<meta property=\"article:published_time\" content=\"2025-01-30T07:31:00+00:00\" \/>\n<meta property=\"og:image\" content=\"https:\/\/algarve7.pt\/wp-content\/uploads\/2025\/01\/Premio-Junta-te-ao-Gervasio.jpg\" \/>\n\t<meta property=\"og:image:width\" content=\"800\" \/>\n\t<meta property=\"og:image:height\" content=\"520\" \/>\n\t<meta property=\"og:image:type\" content=\"image\/jpeg\" \/>\n<meta name=\"author\" content=\"Algarve 7\" \/>\n<meta name=\"twitter:card\" content=\"summary_large_image\" \/>\n<meta name=\"twitter:creator\" content=\"@Algarvesete\" \/>\n<meta name=\"twitter:site\" content=\"@Algarvesete\" \/>\n<meta name=\"twitter:label1\" content=\"Escrito por\" \/>\n\t<meta name=\"twitter:data1\" content=\"Algarve 7\" \/>\n\t<meta name=\"twitter:label2\" content=\"Tempo estimado de leitura\" \/>\n\t<meta name=\"twitter:data2\" content=\"3 minutos\" \/>\n<script type=\"application\/ld+json\" class=\"yoast-schema-graph\">{\"@context\":\"https:\\\/\\\/schema.org\",\"@graph\":[{\"@type\":\"Article\",\"@id\":\"https:\\\/\\\/algarve7.pt\\\/index.php\\\/2025\\\/01\\\/prazo-de-candidaturas-ao-premio-junta-te-ao-gervasio-foi-alargado-ate-8-de-fevereiro\\\/ambiente\\\/07\\\/31\\\/#article\",\"isPartOf\":{\"@id\":\"https:\\\/\\\/algarve7.pt\\\/index.php\\\/2025\\\/01\\\/prazo-de-candidaturas-ao-premio-junta-te-ao-gervasio-foi-alargado-ate-8-de-fevereiro\\\/ambiente\\\/07\\\/31\\\/\"},\"author\":{\"name\":\"Algarve 7\",\"@id\":\"https:\\\/\\\/algarve7.pt\\\/#\\\/schema\\\/person\\\/23fa70681308e7b319a3204bcea45e0c\"},\"headline\":\"Prazo de candidaturas ao Pr\u00e9mio Junta-te ao Gerv\u00e1sio foi alargado at\u00e9 8 de fevereiro\",\"datePublished\":\"2025-01-30T07:31:00+00:00\",\"mainEntityOfPage\":{\"@id\":\"https:\\\/\\\/algarve7.pt\\\/index.php\\\/2025\\\/01\\\/prazo-de-candidaturas-ao-premio-junta-te-ao-gervasio-foi-alargado-ate-8-de-fevereiro\\\/ambiente\\\/07\\\/31\\\/\"},\"wordCount\":480,\"publisher\":{\"@id\":\"https:\\\/\\\/algarve7.pt\\\/#organization\"},\"image\":{\"@id\":\"https:\\\/\\\/algarve7.pt\\\/index.php\\\/2025\\\/01\\\/prazo-de-candidaturas-ao-premio-junta-te-ao-gervasio-foi-alargado-ate-8-de-fevereiro\\\/ambiente\\\/07\\\/31\\\/#primaryimage\"},\"thumbnailUrl\":\"https:\\\/\\\/algarve7.pt\\\/wp-content\\\/uploads\\\/2025\\\/01\\\/Premio-Junta-te-ao-Gervasio.jpg\",\"keywords\":[\"Algarve\",\"Ambiente\"],\"articleSection\":[\"Ambiente\"],\"inLanguage\":\"pt-PT\"},{\"@type\":\"WebPage\",\"@id\":\"https:\\\/\\\/algarve7.pt\\\/index.php\\\/2025\\\/01\\\/prazo-de-candidaturas-ao-premio-junta-te-ao-gervasio-foi-alargado-ate-8-de-fevereiro\\\/ambiente\\\/07\\\/31\\\/\",\"url\":\"https:\\\/\\\/algarve7.pt\\\/index.php\\\/2025\\\/01\\\/prazo-de-candidaturas-ao-premio-junta-te-ao-gervasio-foi-alargado-ate-8-de-fevereiro\\\/ambiente\\\/07\\\/31\\\/\",\"name\":\"Prazo de candidaturas ao Pr\u00e9mio Junta-te ao Gerv\u00e1sio foi alargado at\u00e9 8 de fevereiro - Algarve 7\",\"isPartOf\":{\"@id\":\"https:\\\/\\\/algarve7.pt\\\/#website\"},\"primaryImageOfPage\":{\"@id\":\"https:\\\/\\\/algarve7.pt\\\/index.php\\\/2025\\\/01\\\/prazo-de-candidaturas-ao-premio-junta-te-ao-gervasio-foi-alargado-ate-8-de-fevereiro\\\/ambiente\\\/07\\\/31\\\/#primaryimage\"},\"image\":{\"@id\":\"https:\\\/\\\/algarve7.pt\\\/index.php\\\/2025\\\/01\\\/prazo-de-candidaturas-ao-premio-junta-te-ao-gervasio-foi-alargado-ate-8-de-fevereiro\\\/ambiente\\\/07\\\/31\\\/#primaryimage\"},\"thumbnailUrl\":\"https:\\\/\\\/algarve7.pt\\\/wp-content\\\/uploads\\\/2025\\\/01\\\/Premio-Junta-te-ao-Gervasio.jpg\",\"datePublished\":\"2025-01-30T07:31:00+00:00\",\"description\":\"Prazo de candidaturas ao Pr\u00e9mio Junta-te ao Gerv\u00e1sio foi alargado at\u00e9 8 de fevereiro Ambiente\",\"breadcrumb\":{\"@id\":\"https:\\\/\\\/algarve7.pt\\\/index.php\\\/2025\\\/01\\\/prazo-de-candidaturas-ao-premio-junta-te-ao-gervasio-foi-alargado-ate-8-de-fevereiro\\\/ambiente\\\/07\\\/31\\\/#breadcrumb\"},\"inLanguage\":\"pt-PT\",\"potentialAction\":[{\"@type\":\"ReadAction\",\"target\":[\"https:\\\/\\\/algarve7.pt\\\/index.php\\\/2025\\\/01\\\/prazo-de-candidaturas-ao-premio-junta-te-ao-gervasio-foi-alargado-ate-8-de-fevereiro\\\/ambiente\\\/07\\\/31\\\/\"]}]},{\"@type\":\"ImageObject\",\"inLanguage\":\"pt-PT\",\"@id\":\"https:\\\/\\\/algarve7.pt\\\/index.php\\\/2025\\\/01\\\/prazo-de-candidaturas-ao-premio-junta-te-ao-gervasio-foi-alargado-ate-8-de-fevereiro\\\/ambiente\\\/07\\\/31\\\/#primaryimage\",\"url\":\"https:\\\/\\\/algarve7.pt\\\/wp-content\\\/uploads\\\/2025\\\/01\\\/Premio-Junta-te-ao-Gervasio.jpg\",\"contentUrl\":\"https:\\\/\\\/algarve7.pt\\\/wp-content\\\/uploads\\\/2025\\\/01\\\/Premio-Junta-te-ao-Gervasio.jpg\",\"width\":800,\"height\":520},{\"@type\":\"BreadcrumbList\",\"@id\":\"https:\\\/\\\/algarve7.pt\\\/index.php\\\/2025\\\/01\\\/prazo-de-candidaturas-ao-premio-junta-te-ao-gervasio-foi-alargado-ate-8-de-fevereiro\\\/ambiente\\\/07\\\/31\\\/#breadcrumb\",\"itemListElement\":[{\"@type\":\"ListItem\",\"position\":1,\"name\":\"In\u00edcio\",\"item\":\"https:\\\/\\\/algarve7.pt\\\/\"},{\"@type\":\"ListItem\",\"position\":2,\"name\":\"Prazo de candidaturas ao Pr\u00e9mio Junta-te ao Gerv\u00e1sio foi alargado at\u00e9 8 de fevereiro\"}]},{\"@type\":\"WebSite\",\"@id\":\"https:\\\/\\\/algarve7.pt\\\/#website\",\"url\":\"https:\\\/\\\/algarve7.pt\\\/\",\"name\":\"Algarve 7\",\"description\":\"Informa\u00e7\u00e3o sobre o Algarve\",\"publisher\":{\"@id\":\"https:\\\/\\\/algarve7.pt\\\/#organization\"},\"potentialAction\":[{\"@type\":\"SearchAction\",\"target\":{\"@type\":\"EntryPoint\",\"urlTemplate\":\"https:\\\/\\\/algarve7.pt\\\/?s={search_term_string}\"},\"query-input\":{\"@type\":\"PropertyValueSpecification\",\"valueRequired\":true,\"valueName\":\"search_term_string\"}}],\"inLanguage\":\"pt-PT\"},{\"@type\":\"Organization\",\"@id\":\"https:\\\/\\\/algarve7.pt\\\/#organization\",\"name\":\"Algarve 7\",\"url\":\"https:\\\/\\\/algarve7.pt\\\/\",\"logo\":{\"@type\":\"ImageObject\",\"inLanguage\":\"pt-PT\",\"@id\":\"https:\\\/\\\/algarve7.pt\\\/#\\\/schema\\\/logo\\\/image\\\/\",\"url\":\"https:\\\/\\\/algarve7.pt\\\/wp-content\\\/uploads\\\/2020\\\/10\\\/Logo-8.jpg\",\"contentUrl\":\"https:\\\/\\\/algarve7.pt\\\/wp-content\\\/uploads\\\/2020\\\/10\\\/Logo-8.jpg\",\"width\":1680,\"height\":1186,\"caption\":\"Algarve 7\"},\"image\":{\"@id\":\"https:\\\/\\\/algarve7.pt\\\/#\\\/schema\\\/logo\\\/image\\\/\"},\"sameAs\":[\"https:\\\/\\\/www.facebook.com\\\/algarve7\",\"https:\\\/\\\/x.com\\\/Algarvesete\",\"https:\\\/\\\/www.instagram.com\\\/jornalalgarve7\\\/\",\"https:\\\/\\\/www.linkedin.com\\\/company\\\/algarve7\",\"https:\\\/\\\/www.pinterest.pt\\\/geral0939\\\/_created\\\/\"]},{\"@type\":\"Person\",\"@id\":\"https:\\\/\\\/algarve7.pt\\\/#\\\/schema\\\/person\\\/23fa70681308e7b319a3204bcea45e0c\",\"name\":\"Algarve 7\",\"sameAs\":[\"https:\\\/\\\/algarve7.pt\",\"https:\\\/\\\/www.facebook.com\\\/algarve7\"],\"url\":\"https:\\\/\\\/algarve7.pt\\\/index.php\\\/author\\\/geralalgarve7-pt\\\/\"}]}<\/script>\n<!-- \/ Yoast SEO plugin. -->","yoast_head_json":{"title":"Prazo de candidaturas ao Pr\u00e9mio Junta-te ao Gerv\u00e1sio foi alargado at\u00e9 8 de fevereiro - Algarve 7","description":"Prazo de candidaturas ao Pr\u00e9mio Junta-te ao Gerv\u00e1sio foi alargado at\u00e9 8 de fevereiro Ambiente","robots":{"index":"index","follow":"follow","max-snippet":"max-snippet:-1","max-image-preview":"max-image-preview:large","max-video-preview":"max-video-preview:-1"},"canonical":"https:\/\/algarve7.pt\/index.php\/2025\/01\/prazo-de-candidaturas-ao-premio-junta-te-ao-gervasio-foi-alargado-ate-8-de-fevereiro\/ambiente\/07\/31\/","og_locale":"pt_PT","og_type":"article","og_title":"Prazo de candidaturas ao Pr\u00e9mio Junta-te ao Gerv\u00e1sio foi alargado at\u00e9 8 de fevereiro - Algarve 7","og_description":"Prazo de candidaturas ao Pr\u00e9mio Junta-te ao Gerv\u00e1sio foi alargado at\u00e9 8 de fevereiro Ambiente","og_url":"https:\/\/algarve7.pt\/index.php\/2025\/01\/prazo-de-candidaturas-ao-premio-junta-te-ao-gervasio-foi-alargado-ate-8-de-fevereiro\/ambiente\/07\/31\/","og_site_name":"Algarve 7","article_publisher":"https:\/\/www.facebook.com\/algarve7","article_author":"https:\/\/www.facebook.com\/algarve7","article_published_time":"2025-01-30T07:31:00+00:00","og_image":[{"width":800,"height":520,"url":"https:\/\/algarve7.pt\/wp-content\/uploads\/2025\/01\/Premio-Junta-te-ao-Gervasio.jpg","type":"image\/jpeg"}],"author":"Algarve 7","twitter_card":"summary_large_image","twitter_creator":"@Algarvesete","twitter_site":"@Algarvesete","twitter_misc":{"Escrito por":"Algarve 7","Tempo estimado de leitura":"3 minutos"},"schema":{"@context":"https:\/\/schema.org","@graph":[{"@type":"Article","@id":"https:\/\/algarve7.pt\/index.php\/2025\/01\/prazo-de-candidaturas-ao-premio-junta-te-ao-gervasio-foi-alargado-ate-8-de-fevereiro\/ambiente\/07\/31\/#article","isPartOf":{"@id":"https:\/\/algarve7.pt\/index.php\/2025\/01\/prazo-de-candidaturas-ao-premio-junta-te-ao-gervasio-foi-alargado-ate-8-de-fevereiro\/ambiente\/07\/31\/"},"author":{"name":"Algarve 7","@id":"https:\/\/algarve7.pt\/#\/schema\/person\/23fa70681308e7b319a3204bcea45e0c"},"headline":"Prazo de candidaturas ao Pr\u00e9mio Junta-te ao Gerv\u00e1sio foi alargado at\u00e9 8 de fevereiro","datePublished":"2025-01-30T07:31:00+00:00","mainEntityOfPage":{"@id":"https:\/\/algarve7.pt\/index.php\/2025\/01\/prazo-de-candidaturas-ao-premio-junta-te-ao-gervasio-foi-alargado-ate-8-de-fevereiro\/ambiente\/07\/31\/"},"wordCount":480,"publisher":{"@id":"https:\/\/algarve7.pt\/#organization"},"image":{"@id":"https:\/\/algarve7.pt\/index.php\/2025\/01\/prazo-de-candidaturas-ao-premio-junta-te-ao-gervasio-foi-alargado-ate-8-de-fevereiro\/ambiente\/07\/31\/#primaryimage"},"thumbnailUrl":"https:\/\/algarve7.pt\/wp-content\/uploads\/2025\/01\/Premio-Junta-te-ao-Gervasio.jpg","keywords":["Algarve","Ambiente"],"articleSection":["Ambiente"],"inLanguage":"pt-PT"},{"@type":"WebPage","@id":"https:\/\/algarve7.pt\/index.php\/2025\/01\/prazo-de-candidaturas-ao-premio-junta-te-ao-gervasio-foi-alargado-ate-8-de-fevereiro\/ambiente\/07\/31\/","url":"https:\/\/algarve7.pt\/index.php\/2025\/01\/prazo-de-candidaturas-ao-premio-junta-te-ao-gervasio-foi-alargado-ate-8-de-fevereiro\/ambiente\/07\/31\/","name":"Prazo de candidaturas ao Pr\u00e9mio Junta-te ao Gerv\u00e1sio foi alargado at\u00e9 8 de fevereiro - Algarve 7","isPartOf":{"@id":"https:\/\/algarve7.pt\/#website"},"primaryImageOfPage":{"@id":"https:\/\/algarve7.pt\/index.php\/2025\/01\/prazo-de-candidaturas-ao-premio-junta-te-ao-gervasio-foi-alargado-ate-8-de-fevereiro\/ambiente\/07\/31\/#primaryimage"},"image":{"@id":"https:\/\/algarve7.pt\/index.php\/2025\/01\/prazo-de-candidaturas-ao-premio-junta-te-ao-gervasio-foi-alargado-ate-8-de-fevereiro\/ambiente\/07\/31\/#primaryimage"},"thumbnailUrl":"https:\/\/algarve7.pt\/wp-content\/uploads\/2025\/01\/Premio-Junta-te-ao-Gervasio.jpg","datePublished":"2025-01-30T07:31:00+00:00","description":"Prazo de candidaturas ao Pr\u00e9mio Junta-te ao Gerv\u00e1sio foi alargado at\u00e9 8 de fevereiro Ambiente","breadcrumb":{"@id":"https:\/\/algarve7.pt\/index.php\/2025\/01\/prazo-de-candidaturas-ao-premio-junta-te-ao-gervasio-foi-alargado-ate-8-de-fevereiro\/ambiente\/07\/31\/#breadcrumb"},"inLanguage":"pt-PT","potentialAction":[{"@type":"ReadAction","target":["https:\/\/algarve7.pt\/index.php\/2025\/01\/prazo-de-candidaturas-ao-premio-junta-te-ao-gervasio-foi-alargado-ate-8-de-fevereiro\/ambiente\/07\/31\/"]}]},{"@type":"ImageObject","inLanguage":"pt-PT","@id":"https:\/\/algarve7.pt\/index.php\/2025\/01\/prazo-de-candidaturas-ao-premio-junta-te-ao-gervasio-foi-alargado-ate-8-de-fevereiro\/ambiente\/07\/31\/#primaryimage","url":"https:\/\/algarve7.pt\/wp-content\/uploads\/2025\/01\/Premio-Junta-te-ao-Gervasio.jpg","contentUrl":"https:\/\/algarve7.pt\/wp-content\/uploads\/2025\/01\/Premio-Junta-te-ao-Gervasio.jpg","width":800,"height":520},{"@type":"BreadcrumbList","@id":"https:\/\/algarve7.pt\/index.php\/2025\/01\/prazo-de-candidaturas-ao-premio-junta-te-ao-gervasio-foi-alargado-ate-8-de-fevereiro\/ambiente\/07\/31\/#breadcrumb","itemListElement":[{"@type":"ListItem","position":1,"name":"In\u00edcio","item":"https:\/\/algarve7.pt\/"},{"@type":"ListItem","position":2,"name":"Prazo de candidaturas ao Pr\u00e9mio Junta-te ao Gerv\u00e1sio foi alargado at\u00e9 8 de fevereiro"}]},{"@type":"WebSite","@id":"https:\/\/algarve7.pt\/#website","url":"https:\/\/algarve7.pt\/","name":"Algarve 7","description":"Informa\u00e7\u00e3o sobre o Algarve","publisher":{"@id":"https:\/\/algarve7.pt\/#organization"},"potentialAction":[{"@type":"SearchAction","target":{"@type":"EntryPoint","urlTemplate":"https:\/\/algarve7.pt\/?s={search_term_string}"},"query-input":{"@type":"PropertyValueSpecification","valueRequired":true,"valueName":"search_term_string"}}],"inLanguage":"pt-PT"},{"@type":"Organization","@id":"https:\/\/algarve7.pt\/#organization","name":"Algarve 7","url":"https:\/\/algarve7.pt\/","logo":{"@type":"ImageObject","inLanguage":"pt-PT","@id":"https:\/\/algarve7.pt\/#\/schema\/logo\/image\/","url":"https:\/\/algarve7.pt\/wp-content\/uploads\/2020\/10\/Logo-8.jpg","contentUrl":"https:\/\/algarve7.pt\/wp-content\/uploads\/2020\/10\/Logo-8.jpg","width":1680,"height":1186,"caption":"Algarve 7"},"image":{"@id":"https:\/\/algarve7.pt\/#\/schema\/logo\/image\/"},"sameAs":["https:\/\/www.facebook.com\/algarve7","https:\/\/x.com\/Algarvesete","https:\/\/www.instagram.com\/jornalalgarve7\/","https:\/\/www.linkedin.com\/company\/algarve7","https:\/\/www.pinterest.pt\/geral0939\/_created\/"]},{"@type":"Person","@id":"https:\/\/algarve7.pt\/#\/schema\/person\/23fa70681308e7b319a3204bcea45e0c","name":"Algarve 7","sameAs":["https:\/\/algarve7.pt","https:\/\/www.facebook.com\/algarve7"],"url":"https:\/\/algarve7.pt\/index.php\/author\/geralalgarve7-pt\/"}]}},"jetpack_publicize_connections":[],"jetpack_featured_media_url":"https:\/\/algarve7.pt\/wp-content\/uploads\/2025\/01\/Premio-Junta-te-ao-Gervasio.jpg","jetpack_shortlink":"https:\/\/wp.me\/pcezmW-c9D","jetpack_sharing_enabled":true,"_links":{"self":[{"href":"https:\/\/algarve7.pt\/index.php\/wp-json\/wp\/v2\/posts\/46725","targetHints":{"allow":["GET"]}}],"collection":[{"href":"https:\/\/algarve7.pt\/index.php\/wp-json\/wp\/v2\/posts"}],"about":[{"href":"https:\/\/algarve7.pt\/index.php\/wp-json\/wp\/v2\/types\/post"}],"author":[{"embeddable":true,"href":"https:\/\/algarve7.pt\/index.php\/wp-json\/wp\/v2\/users\/1"}],"replies":[{"embeddable":true,"href":"https:\/\/algarve7.pt\/index.php\/wp-json\/wp\/v2\/comments?post=46725"}],"version-history":[{"count":0,"href":"https:\/\/algarve7.pt\/index.php\/wp-json\/wp\/v2\/posts\/46725\/revisions"}],"wp:featuredmedia":[{"embeddable":true,"href":"https:\/\/algarve7.pt\/index.php\/wp-json\/wp\/v2\/media\/46726"}],"wp:attachment":[{"href":"https:\/\/algarve7.pt\/index.php\/wp-json\/wp\/v2\/media?parent=46725"}],"wp:term":[{"taxonomy":"category","embeddable":true,"href":"https:\/\/algarve7.pt\/index.php\/wp-json\/wp\/v2\/categories?post=46725"},{"taxonomy":"post_tag","embeddable":true,"href":"https:\/\/algarve7.pt\/index.php\/wp-json\/wp\/v2\/tags?post=46725"}],"curies":[{"name":"wp","href":"https:\/\/api.w.org\/{rel}","templated":true}]}}