{"id":46639,"date":"2025-01-27T09:05:00","date_gmt":"2025-01-27T09:05:00","guid":{"rendered":"https:\/\/algarve7.pt\/?p=46639"},"modified":"2025-01-26T17:56:50","modified_gmt":"2025-01-26T17:56:50","slug":"em-fevereiro-ha-the-black-mamba-e-capitao-fausto-ha-danca-com-re-set-e-a-medica-vem-a-loule-com-o-teatro-do-electrico","status":"publish","type":"post","link":"https:\/\/algarve7.pt\/index.php\/2025\/01\/em-fevereiro-ha-the-black-mamba-e-capitao-fausto-ha-danca-com-re-set-e-a-medica-vem-a-loule-com-o-teatro-do-electrico\/cultura\/09\/05\/","title":{"rendered":"Em fevereiro h\u00e1 The Black Mamba e Capit\u00e3o Fausto. H\u00e1 dan\u00e7a com re.set e a m\u00e9dica vem a Loul\u00e9 com o teatro do El\u00e9ctrico"},"content":{"rendered":"\n<p>No primeiro dia de fevereiro,\u00a0\u00e0s 21h00, a programa\u00e7\u00e3o do Cineteatro Louletano arranca com um concerto que \u00e9 parte integrante das comemora\u00e7\u00f5es do Dia da Cidade de Loul\u00e9: The Black Mamba. Pouco ap\u00f3s a apresenta\u00e7\u00e3o do novo \u00e1lbum \u201cLast Night in Amsterdam\u201d nos Coliseus de Lisboa e Porto, os The Black Mamba rumam a sul e param em Loul\u00e9. A banda celebra 15 anos de exist\u00eancia e condensa no \u00e1lbum a experi\u00eancia de uma viagem a Amsterd\u00e3o, mantendo a sua matriz de\u00a0<em>soul<\/em>,\u00a0<em>funk<\/em>,\u00a0<em>rhythm<\/em>\u00a0e\u00a0<em>blues,<\/em>\u00a0bem conhecida de todos.\u00a0<\/p>\n\n\n\n<p>No dia 7, sexta-feira, \u00e0s 21h00, h\u00e1 dan\u00e7a contempor\u00e2nea, com o selo de qualidade de Sofia Dias e V\u00edtor Roriz. Em \u201cRu\u00eddo\u201d, uma coprodu\u00e7\u00e3o do Cineteatro Louletano com a Culturgest (Lisboa), A Oficina (Guimar\u00e3es), o Teatro-Cine de Torres Vedras e O Espa\u00e7o do Tempo (Montemor-o-Novo), cinco bailarinos procuram um equil\u00edbrio inst\u00e1vel num caos emocional e sonoro, num exerc\u00edcio que fala sobre as nossas vozes interiores e os gestos do quotidiano. Poesia e humor em palco sucedem-se neste espet\u00e1culo que inclui o recurso de Audiodescri\u00e7\u00e3o (para cegos e\/ou pessoas com baixa vis\u00e3o) e que sucede a um\u00a0<em>workshop<\/em>\u00a0no Pal\u00e1cio Gama Lobo, no dia 5 \u00e0s 18h00. Partilham-se ferramentas de pesquisa e improvisa\u00e7\u00e3o sobre a rela\u00e7\u00e3o do gesto e do movimento com a voz e a palavra. As inscri\u00e7\u00f5es podem ser feitas atrav\u00e9s do\u00a0<em>email<\/em>\u00a0<a href=\"mailto:cinereservas@cm-loule.pt\" target=\"_blank\" rel=\"noreferrer noopener\">cinereservas@cm-loule.pt<\/a><\/p>\n\n\n\n<p>Dia 9, domingo, \u00e0s 11h30, o regresso dos concertos Promenade, pela Orquestra do Algarve. O concerto chama-se \u201cOs N\u00f3rdicos e a arte de contar hist\u00f3rias em m\u00fasica\u201d e \u00e9 dirigido pelo maestro Martim de Sousa Tavares, com a media\u00e7\u00e3o do bar\u00edtono Rui Baeta. Neste concerto comentado, os holofotes v\u00e3o para dois compositores n\u00f3rdicos, o finland\u00eas Jean Sibelius e o noruegu\u00eas Edvard Grieg.&nbsp;<\/p>\n\n\n\n<p>Pouco depois, a 11, mas no Audit\u00f3rio do Solar da M\u00fasica Nova, h\u00e1 mais um filme do ciclo \u201cFilme Franc\u00eas do M\u00eas\u201d, organizado pela Alliance Fran\u00e7aise em parceria com o Cineteatro Louletano. O filme intitula-se \u201cLe cours de la vie\u201d, de 2022, e tem realiza\u00e7\u00e3o de Fr\u00e9d\u00e9ric Sojcher. \u00c9 exibido \u00e0s 21h00 com entrada gratuita.<\/p>\n\n\n\n<p>Dia 13, \u00e0s 21h00, de novo dan\u00e7a, com RE.SET a metaphor for my queer emancipation, de Be Dias, numa coprodu\u00e7\u00e3o do Cineteatro Louletano, cuja tem\u00e1tica \u00e9 o empoderamento de uma identidade l\u00e9sbica. Be Dias (eli\/deli, ela\/dela) \u00e9 uma artista&nbsp;<em>genderqueer<\/em>&nbsp;(pessoa que n\u00e3o se identifica com a norma bin\u00e1ria de g\u00e9nero)&nbsp;<em>inspirade<\/em>&nbsp;pelo movimento&nbsp;<em>Queercore<\/em>&nbsp;(movimento punk da comunidade LGBTQIAPNB+).&nbsp;&nbsp;A pe\u00e7a autobiogr\u00e1fica enfatiza a import\u00e2ncia da conex\u00e3o com as nossas viv\u00eancias, para nos abrirmos genuinamente \u00e0s hist\u00f3rias de&nbsp;outras&nbsp;pessoas.<\/p>\n\n\n\n<p>No dia 14, Dia de S\u00e3o Valentim, o Cineteatro Louletano promove o j\u00e1 tradicional Jantar-Concerto do Dia dos Namorados, desta vez com a soprano Filipa Lopes e o tenor S\u00e9rgio Sousa Martins, que trazem o espet\u00e1culo \u201cVozes de \u00d3pera\u201d, com temas populares do universo l\u00edrico, incluindo v\u00e1rios sucessos deste panorama musical. Ambos s\u00e3o acompanhados ao piano pelo maestro Yan Mikirtumov.<\/p>\n\n\n\n<p>No dia 15, s\u00e1bado, \u00e0s 21h00, \u00e9 a vez de os Capit\u00e3o Fausto subirem ao palco do Cineteatro. A banda, que celebra 15 anos de exist\u00eancia, traz a Loul\u00e9 o \u00e1lbum \u201cSubida Infinita\u201d, lan\u00e7ado em mar\u00e7o de 2024. Mais de uma d\u00e9cada ap\u00f3s a cria\u00e7\u00e3o do grupo \u2013 que agora conta apenas com quatro elementos ap\u00f3s a sa\u00edda do teclista Francisco Ferreira \u2013 , os Capit\u00e3o Fausto est\u00e3o em digress\u00e3o pelo pa\u00eds, mostrando uma postura mais pausada, mais madura e mais mel\u00f3dica, mas mantendo a energia em palco que t\u00e3o bem os caracteriza.<\/p>\n\n\n\n<p>No dia 20, prepare-se para uma pe\u00e7a com um elenco de luxo, que chega a Loul\u00e9 pela m\u00e3o do Teatro do El\u00e9ctrico. \u201cA M\u00e9dica\u201d \u00e9 uma adapta\u00e7\u00e3o contempor\u00e2nea de uma pe\u00e7a de 1912 de Arthur Schitzler. Encabe\u00e7ada pela atriz Cust\u00f3dia Gallego, conta com a participa\u00e7\u00e3o de Adriano Luz, Eduarda Arriaga, Igor Regalla, In\u00eas Castel-Branco, Jos\u00e9 Leite, Luciana Balby, Maria Jos\u00e9 Paschoal, Pedro Laginha, Rita Caba\u00e7o, Sandra Faleiro e Vera Cruz. Nesta pe\u00e7a, uma jovem gr\u00e1vida encontra-se no Bloco Operat\u00f3rio entre a vida e a morte, devido a uma interrup\u00e7\u00e3o da gravidez com complica\u00e7\u00f5es. Um Padre pretende dar apoio \u00e0 jovem mas a m\u00e9dica op\u00f5e-se, invocando que a sua presen\u00e7a pode trazer-lhe mais ansiedade. O confronto entre ambos acaba por tornar-se p\u00fablico e viral n\u00e3o s\u00f3 no hospital, entre colegas de trabalho, mas tamb\u00e9m nas redes sociais, onde foi publicado um v\u00eddeo da discuss\u00e3o.<\/p>\n\n\n\n<p>A pe\u00e7a \u00e9 uma coprodu\u00e7\u00e3o do Cineteatro Louletano, Teatro do El\u00e9ctrico, Teatro da Trindade INATEL, Teatro Nacional de S\u00e3o Jo\u00e3o e Culturproject. H\u00e1 sess\u00f5es de 20 a 22 de fevereiro \u00e0s 21h00 e ainda uma sess\u00e3o \u00e0s 17h00 no domingo, dia 23, com o recurso de L\u00edngua Gestual Portuguesa para Surdos.&nbsp;<\/p>\n\n\n\n<p>A fechar o m\u00eas, a Plataforma 285 traz a Loul\u00e9 um espet\u00e1culo de teatro que junta outras \u00e1reas como o v\u00eddeo e o desenho. Trata-se de eRrAdO, um espet\u00e1culo criado a pensar nas crian\u00e7as e nas fam\u00edlias. Este prop\u00f5e o exerc\u00edcio da liberdade de errar, de pintar fora das linhas, escrever palavras que n\u00e3o existem, cantar em l\u00ednguas inventada. eRrAdO \u00e9 um elogio \u00e0 tentativa e erro, num espa\u00e7o sem ter que acertar ou ter respostas concretas. E porque n\u00e3o h\u00e1 s\u00f3 uma forma certa de ser ou de falar, eRrAdO \u00e9 um espet\u00e1culo com interpreta\u00e7\u00e3o em L\u00edngua Gestual Portuguesa integrada e todas as sess\u00f5es s\u00e3o descontra\u00eddas, que \u00e9 como quem diz, pode-se falar, mexer e at\u00e9 sair da sala para quem se sinta desconfort\u00e1vel (as sess\u00f5es descontra\u00eddas s\u00e3o feitas a pensar, sobretudo, em p\u00fablico neurodivergente).&nbsp;<\/p>\n\n\n\n<p>eRrAdO tem uma sess\u00e3o para fam\u00edlias no dia 27 \u00e0s 19h00 e quatro sess\u00f5es para escolas (ensino pr\u00e9-escolar): dia 26, \u00e0s 9h30 e \u00e0s 11h00 e outras duas no dia 27, nos mesmos hor\u00e1rios. A Companhia prop\u00f5e ainda uma forma\u00e7\u00e3o para professores no dia 26 \u00e0s 15h00, no Pal\u00e1cio Gama Lobo. A forma\u00e7\u00e3o tem a dura\u00e7\u00e3o de tr\u00eas horas, com inscri\u00e7\u00f5es atrav\u00e9s do\u00a0<em>email<\/em>\u00a0<a href=\"mailto:cinereservas@cm-loule.pt\" target=\"_blank\" rel=\"noreferrer noopener\">cinereservas@cm-loule.pt<\/a>.\u00a0<\/p>\n\n\n\n<p><strong><em>Com uma programa\u00e7\u00e3o de refer\u00eancia (que pode consultar no site e nas redes sociais do Cineteatro), o CTL est\u00e1 credenciado pela Rede de Teatros e Cineteatros Portugueses, integrando ainda a Rede de Teatros com Programa\u00e7\u00e3o Acess\u00edvel e proporcionando espet\u00e1culos com interpreta\u00e7\u00e3o em L\u00edngua Gestual Portuguesa para Surdos (com \u201cS\u201d mai\u00fasculo s\u00e3o falantes de L\u00edngua Gestual Portuguesa) e outros com Audiodescri\u00e7\u00e3o, para pessoas cegas ou com defici\u00eancia visual.&nbsp;<\/em><\/strong><\/p>\n\n\n\n<p><\/p>\n","protected":false},"excerpt":{"rendered":"<p>No primeiro dia de fevereiro,\u00a0\u00e0s 21h00, a programa\u00e7\u00e3o do Cineteatro Louletano arranca com um concerto que \u00e9 parte integrante das<\/p>\n","protected":false},"author":1,"featured_media":46640,"comment_status":"closed","ping_status":"closed","sticky":false,"template":"","format":"standard","meta":{"colormag_page_container_layout":"default_layout","colormag_page_sidebar_layout":"default_layout","_monsterinsights_skip_tracking":false,"_monsterinsights_sitenote_active":false,"_monsterinsights_sitenote_note":"","_monsterinsights_sitenote_category":0,"jetpack_post_was_ever_published":false,"_jetpack_newsletter_access":"","_jetpack_dont_email_post_to_subs":false,"_jetpack_newsletter_tier_id":0,"_jetpack_memberships_contains_paywalled_content":false,"_jetpack_memberships_contains_paid_content":false,"footnotes":"","jetpack_publicize_message":"","jetpack_publicize_feature_enabled":true,"jetpack_social_post_already_shared":true,"jetpack_social_options":{"image_generator_settings":{"template":"highway","default_image_id":0,"font":"","enabled":false},"version":2}},"categories":[14],"tags":[36,52,35,31],"class_list":["post-46639","post","type-post","status-publish","format-standard","has-post-thumbnail","hentry","category-cultura","tag-algarve","tag-concerto","tag-cultura","tag-loule"],"yoast_head":"<!-- This site is optimized with the Yoast SEO plugin v27.4 - https:\/\/yoast.com\/product\/yoast-seo-wordpress\/ -->\n<title>Em fevereiro h\u00e1 The Black Mamba e Capit\u00e3o Fausto. H\u00e1 dan\u00e7a com re.set e a m\u00e9dica vem a Loul\u00e9 com o teatro do El\u00e9ctrico - Algarve 7<\/title>\n<meta name=\"description\" content=\"Em fevereiro h\u00e1 The Black Mamba e Capit\u00e3o Fausto. H\u00e1 dan\u00e7a com re.set e a m\u00e9dica vem a Loul\u00e9 com o teatro do El\u00e9ctrico Cultura\" \/>\n<meta name=\"robots\" content=\"index, follow, max-snippet:-1, max-image-preview:large, max-video-preview:-1\" \/>\n<link rel=\"canonical\" href=\"https:\/\/algarve7.pt\/index.php\/2025\/01\/em-fevereiro-ha-the-black-mamba-e-capitao-fausto-ha-danca-com-re-set-e-a-medica-vem-a-loule-com-o-teatro-do-electrico\/cultura\/09\/05\/\" \/>\n<meta property=\"og:locale\" content=\"pt_PT\" \/>\n<meta property=\"og:type\" content=\"article\" \/>\n<meta property=\"og:title\" content=\"Em fevereiro h\u00e1 The Black Mamba e Capit\u00e3o Fausto. H\u00e1 dan\u00e7a com re.set e a m\u00e9dica vem a Loul\u00e9 com o teatro do El\u00e9ctrico - Algarve 7\" \/>\n<meta property=\"og:description\" content=\"Em fevereiro h\u00e1 The Black Mamba e Capit\u00e3o Fausto. H\u00e1 dan\u00e7a com re.set e a m\u00e9dica vem a Loul\u00e9 com o teatro do El\u00e9ctrico Cultura\" \/>\n<meta property=\"og:url\" content=\"https:\/\/algarve7.pt\/index.php\/2025\/01\/em-fevereiro-ha-the-black-mamba-e-capitao-fausto-ha-danca-com-re-set-e-a-medica-vem-a-loule-com-o-teatro-do-electrico\/cultura\/09\/05\/\" \/>\n<meta property=\"og:site_name\" content=\"Algarve 7\" \/>\n<meta property=\"article:publisher\" content=\"https:\/\/www.facebook.com\/algarve7\" \/>\n<meta property=\"article:author\" content=\"https:\/\/www.facebook.com\/algarve7\" \/>\n<meta property=\"article:published_time\" content=\"2025-01-27T09:05:00+00:00\" \/>\n<meta property=\"og:image\" content=\"https:\/\/algarve7.pt\/wp-content\/uploads\/2025\/01\/Captura-de-ecra-2025-01-26-as-17.45.23.png\" \/>\n\t<meta property=\"og:image:width\" content=\"800\" \/>\n\t<meta property=\"og:image:height\" content=\"500\" \/>\n\t<meta property=\"og:image:type\" content=\"image\/png\" \/>\n<meta name=\"author\" content=\"Algarve 7\" \/>\n<meta name=\"twitter:card\" content=\"summary_large_image\" \/>\n<meta name=\"twitter:creator\" content=\"@Algarvesete\" \/>\n<meta name=\"twitter:site\" content=\"@Algarvesete\" \/>\n<meta name=\"twitter:label1\" content=\"Escrito por\" \/>\n\t<meta name=\"twitter:data1\" content=\"Algarve 7\" \/>\n\t<meta name=\"twitter:label2\" content=\"Tempo estimado de leitura\" \/>\n\t<meta name=\"twitter:data2\" content=\"6 minutos\" \/>\n<script type=\"application\/ld+json\" class=\"yoast-schema-graph\">{\"@context\":\"https:\\\/\\\/schema.org\",\"@graph\":[{\"@type\":\"Article\",\"@id\":\"https:\\\/\\\/algarve7.pt\\\/index.php\\\/2025\\\/01\\\/em-fevereiro-ha-the-black-mamba-e-capitao-fausto-ha-danca-com-re-set-e-a-medica-vem-a-loule-com-o-teatro-do-electrico\\\/cultura\\\/09\\\/05\\\/#article\",\"isPartOf\":{\"@id\":\"https:\\\/\\\/algarve7.pt\\\/index.php\\\/2025\\\/01\\\/em-fevereiro-ha-the-black-mamba-e-capitao-fausto-ha-danca-com-re-set-e-a-medica-vem-a-loule-com-o-teatro-do-electrico\\\/cultura\\\/09\\\/05\\\/\"},\"author\":{\"name\":\"Algarve 7\",\"@id\":\"https:\\\/\\\/algarve7.pt\\\/#\\\/schema\\\/person\\\/23fa70681308e7b319a3204bcea45e0c\"},\"headline\":\"Em fevereiro h\u00e1 The Black Mamba e Capit\u00e3o Fausto. H\u00e1 dan\u00e7a com re.set e a m\u00e9dica vem a Loul\u00e9 com o teatro do El\u00e9ctrico\",\"datePublished\":\"2025-01-27T09:05:00+00:00\",\"mainEntityOfPage\":{\"@id\":\"https:\\\/\\\/algarve7.pt\\\/index.php\\\/2025\\\/01\\\/em-fevereiro-ha-the-black-mamba-e-capitao-fausto-ha-danca-com-re-set-e-a-medica-vem-a-loule-com-o-teatro-do-electrico\\\/cultura\\\/09\\\/05\\\/\"},\"wordCount\":1211,\"publisher\":{\"@id\":\"https:\\\/\\\/algarve7.pt\\\/#organization\"},\"image\":{\"@id\":\"https:\\\/\\\/algarve7.pt\\\/index.php\\\/2025\\\/01\\\/em-fevereiro-ha-the-black-mamba-e-capitao-fausto-ha-danca-com-re-set-e-a-medica-vem-a-loule-com-o-teatro-do-electrico\\\/cultura\\\/09\\\/05\\\/#primaryimage\"},\"thumbnailUrl\":\"https:\\\/\\\/algarve7.pt\\\/wp-content\\\/uploads\\\/2025\\\/01\\\/Captura-de-ecra-2025-01-26-as-17.45.23.png\",\"keywords\":[\"Algarve\",\"Concerto\",\"Cultura\",\"Loul\u00e9\"],\"articleSection\":[\"Cultura\"],\"inLanguage\":\"pt-PT\"},{\"@type\":\"WebPage\",\"@id\":\"https:\\\/\\\/algarve7.pt\\\/index.php\\\/2025\\\/01\\\/em-fevereiro-ha-the-black-mamba-e-capitao-fausto-ha-danca-com-re-set-e-a-medica-vem-a-loule-com-o-teatro-do-electrico\\\/cultura\\\/09\\\/05\\\/\",\"url\":\"https:\\\/\\\/algarve7.pt\\\/index.php\\\/2025\\\/01\\\/em-fevereiro-ha-the-black-mamba-e-capitao-fausto-ha-danca-com-re-set-e-a-medica-vem-a-loule-com-o-teatro-do-electrico\\\/cultura\\\/09\\\/05\\\/\",\"name\":\"Em fevereiro h\u00e1 The Black Mamba e Capit\u00e3o Fausto. H\u00e1 dan\u00e7a com re.set e a m\u00e9dica vem a Loul\u00e9 com o teatro do El\u00e9ctrico - Algarve 7\",\"isPartOf\":{\"@id\":\"https:\\\/\\\/algarve7.pt\\\/#website\"},\"primaryImageOfPage\":{\"@id\":\"https:\\\/\\\/algarve7.pt\\\/index.php\\\/2025\\\/01\\\/em-fevereiro-ha-the-black-mamba-e-capitao-fausto-ha-danca-com-re-set-e-a-medica-vem-a-loule-com-o-teatro-do-electrico\\\/cultura\\\/09\\\/05\\\/#primaryimage\"},\"image\":{\"@id\":\"https:\\\/\\\/algarve7.pt\\\/index.php\\\/2025\\\/01\\\/em-fevereiro-ha-the-black-mamba-e-capitao-fausto-ha-danca-com-re-set-e-a-medica-vem-a-loule-com-o-teatro-do-electrico\\\/cultura\\\/09\\\/05\\\/#primaryimage\"},\"thumbnailUrl\":\"https:\\\/\\\/algarve7.pt\\\/wp-content\\\/uploads\\\/2025\\\/01\\\/Captura-de-ecra-2025-01-26-as-17.45.23.png\",\"datePublished\":\"2025-01-27T09:05:00+00:00\",\"description\":\"Em fevereiro h\u00e1 The Black Mamba e Capit\u00e3o Fausto. H\u00e1 dan\u00e7a com re.set e a m\u00e9dica vem a Loul\u00e9 com o teatro do El\u00e9ctrico Cultura\",\"breadcrumb\":{\"@id\":\"https:\\\/\\\/algarve7.pt\\\/index.php\\\/2025\\\/01\\\/em-fevereiro-ha-the-black-mamba-e-capitao-fausto-ha-danca-com-re-set-e-a-medica-vem-a-loule-com-o-teatro-do-electrico\\\/cultura\\\/09\\\/05\\\/#breadcrumb\"},\"inLanguage\":\"pt-PT\",\"potentialAction\":[{\"@type\":\"ReadAction\",\"target\":[\"https:\\\/\\\/algarve7.pt\\\/index.php\\\/2025\\\/01\\\/em-fevereiro-ha-the-black-mamba-e-capitao-fausto-ha-danca-com-re-set-e-a-medica-vem-a-loule-com-o-teatro-do-electrico\\\/cultura\\\/09\\\/05\\\/\"]}]},{\"@type\":\"ImageObject\",\"inLanguage\":\"pt-PT\",\"@id\":\"https:\\\/\\\/algarve7.pt\\\/index.php\\\/2025\\\/01\\\/em-fevereiro-ha-the-black-mamba-e-capitao-fausto-ha-danca-com-re-set-e-a-medica-vem-a-loule-com-o-teatro-do-electrico\\\/cultura\\\/09\\\/05\\\/#primaryimage\",\"url\":\"https:\\\/\\\/algarve7.pt\\\/wp-content\\\/uploads\\\/2025\\\/01\\\/Captura-de-ecra-2025-01-26-as-17.45.23.png\",\"contentUrl\":\"https:\\\/\\\/algarve7.pt\\\/wp-content\\\/uploads\\\/2025\\\/01\\\/Captura-de-ecra-2025-01-26-as-17.45.23.png\",\"width\":800,\"height\":500},{\"@type\":\"BreadcrumbList\",\"@id\":\"https:\\\/\\\/algarve7.pt\\\/index.php\\\/2025\\\/01\\\/em-fevereiro-ha-the-black-mamba-e-capitao-fausto-ha-danca-com-re-set-e-a-medica-vem-a-loule-com-o-teatro-do-electrico\\\/cultura\\\/09\\\/05\\\/#breadcrumb\",\"itemListElement\":[{\"@type\":\"ListItem\",\"position\":1,\"name\":\"In\u00edcio\",\"item\":\"https:\\\/\\\/algarve7.pt\\\/\"},{\"@type\":\"ListItem\",\"position\":2,\"name\":\"Em fevereiro h\u00e1 The Black Mamba e Capit\u00e3o Fausto. H\u00e1 dan\u00e7a com re.set e a m\u00e9dica vem a Loul\u00e9 com o teatro do El\u00e9ctrico\"}]},{\"@type\":\"WebSite\",\"@id\":\"https:\\\/\\\/algarve7.pt\\\/#website\",\"url\":\"https:\\\/\\\/algarve7.pt\\\/\",\"name\":\"Algarve 7\",\"description\":\"Informa\u00e7\u00e3o sobre o Algarve\",\"publisher\":{\"@id\":\"https:\\\/\\\/algarve7.pt\\\/#organization\"},\"potentialAction\":[{\"@type\":\"SearchAction\",\"target\":{\"@type\":\"EntryPoint\",\"urlTemplate\":\"https:\\\/\\\/algarve7.pt\\\/?s={search_term_string}\"},\"query-input\":{\"@type\":\"PropertyValueSpecification\",\"valueRequired\":true,\"valueName\":\"search_term_string\"}}],\"inLanguage\":\"pt-PT\"},{\"@type\":\"Organization\",\"@id\":\"https:\\\/\\\/algarve7.pt\\\/#organization\",\"name\":\"Algarve 7\",\"url\":\"https:\\\/\\\/algarve7.pt\\\/\",\"logo\":{\"@type\":\"ImageObject\",\"inLanguage\":\"pt-PT\",\"@id\":\"https:\\\/\\\/algarve7.pt\\\/#\\\/schema\\\/logo\\\/image\\\/\",\"url\":\"https:\\\/\\\/algarve7.pt\\\/wp-content\\\/uploads\\\/2020\\\/10\\\/Logo-8.jpg\",\"contentUrl\":\"https:\\\/\\\/algarve7.pt\\\/wp-content\\\/uploads\\\/2020\\\/10\\\/Logo-8.jpg\",\"width\":1680,\"height\":1186,\"caption\":\"Algarve 7\"},\"image\":{\"@id\":\"https:\\\/\\\/algarve7.pt\\\/#\\\/schema\\\/logo\\\/image\\\/\"},\"sameAs\":[\"https:\\\/\\\/www.facebook.com\\\/algarve7\",\"https:\\\/\\\/x.com\\\/Algarvesete\",\"https:\\\/\\\/www.instagram.com\\\/jornalalgarve7\\\/\",\"https:\\\/\\\/www.linkedin.com\\\/company\\\/algarve7\",\"https:\\\/\\\/www.pinterest.pt\\\/geral0939\\\/_created\\\/\"]},{\"@type\":\"Person\",\"@id\":\"https:\\\/\\\/algarve7.pt\\\/#\\\/schema\\\/person\\\/23fa70681308e7b319a3204bcea45e0c\",\"name\":\"Algarve 7\",\"sameAs\":[\"https:\\\/\\\/algarve7.pt\",\"https:\\\/\\\/www.facebook.com\\\/algarve7\"],\"url\":\"https:\\\/\\\/algarve7.pt\\\/index.php\\\/author\\\/geralalgarve7-pt\\\/\"}]}<\/script>\n<!-- \/ Yoast SEO plugin. -->","yoast_head_json":{"title":"Em fevereiro h\u00e1 The Black Mamba e Capit\u00e3o Fausto. H\u00e1 dan\u00e7a com re.set e a m\u00e9dica vem a Loul\u00e9 com o teatro do El\u00e9ctrico - Algarve 7","description":"Em fevereiro h\u00e1 The Black Mamba e Capit\u00e3o Fausto. H\u00e1 dan\u00e7a com re.set e a m\u00e9dica vem a Loul\u00e9 com o teatro do El\u00e9ctrico Cultura","robots":{"index":"index","follow":"follow","max-snippet":"max-snippet:-1","max-image-preview":"max-image-preview:large","max-video-preview":"max-video-preview:-1"},"canonical":"https:\/\/algarve7.pt\/index.php\/2025\/01\/em-fevereiro-ha-the-black-mamba-e-capitao-fausto-ha-danca-com-re-set-e-a-medica-vem-a-loule-com-o-teatro-do-electrico\/cultura\/09\/05\/","og_locale":"pt_PT","og_type":"article","og_title":"Em fevereiro h\u00e1 The Black Mamba e Capit\u00e3o Fausto. H\u00e1 dan\u00e7a com re.set e a m\u00e9dica vem a Loul\u00e9 com o teatro do El\u00e9ctrico - Algarve 7","og_description":"Em fevereiro h\u00e1 The Black Mamba e Capit\u00e3o Fausto. H\u00e1 dan\u00e7a com re.set e a m\u00e9dica vem a Loul\u00e9 com o teatro do El\u00e9ctrico Cultura","og_url":"https:\/\/algarve7.pt\/index.php\/2025\/01\/em-fevereiro-ha-the-black-mamba-e-capitao-fausto-ha-danca-com-re-set-e-a-medica-vem-a-loule-com-o-teatro-do-electrico\/cultura\/09\/05\/","og_site_name":"Algarve 7","article_publisher":"https:\/\/www.facebook.com\/algarve7","article_author":"https:\/\/www.facebook.com\/algarve7","article_published_time":"2025-01-27T09:05:00+00:00","og_image":[{"width":800,"height":500,"url":"https:\/\/algarve7.pt\/wp-content\/uploads\/2025\/01\/Captura-de-ecra-2025-01-26-as-17.45.23.png","type":"image\/png"}],"author":"Algarve 7","twitter_card":"summary_large_image","twitter_creator":"@Algarvesete","twitter_site":"@Algarvesete","twitter_misc":{"Escrito por":"Algarve 7","Tempo estimado de leitura":"6 minutos"},"schema":{"@context":"https:\/\/schema.org","@graph":[{"@type":"Article","@id":"https:\/\/algarve7.pt\/index.php\/2025\/01\/em-fevereiro-ha-the-black-mamba-e-capitao-fausto-ha-danca-com-re-set-e-a-medica-vem-a-loule-com-o-teatro-do-electrico\/cultura\/09\/05\/#article","isPartOf":{"@id":"https:\/\/algarve7.pt\/index.php\/2025\/01\/em-fevereiro-ha-the-black-mamba-e-capitao-fausto-ha-danca-com-re-set-e-a-medica-vem-a-loule-com-o-teatro-do-electrico\/cultura\/09\/05\/"},"author":{"name":"Algarve 7","@id":"https:\/\/algarve7.pt\/#\/schema\/person\/23fa70681308e7b319a3204bcea45e0c"},"headline":"Em fevereiro h\u00e1 The Black Mamba e Capit\u00e3o Fausto. H\u00e1 dan\u00e7a com re.set e a m\u00e9dica vem a Loul\u00e9 com o teatro do El\u00e9ctrico","datePublished":"2025-01-27T09:05:00+00:00","mainEntityOfPage":{"@id":"https:\/\/algarve7.pt\/index.php\/2025\/01\/em-fevereiro-ha-the-black-mamba-e-capitao-fausto-ha-danca-com-re-set-e-a-medica-vem-a-loule-com-o-teatro-do-electrico\/cultura\/09\/05\/"},"wordCount":1211,"publisher":{"@id":"https:\/\/algarve7.pt\/#organization"},"image":{"@id":"https:\/\/algarve7.pt\/index.php\/2025\/01\/em-fevereiro-ha-the-black-mamba-e-capitao-fausto-ha-danca-com-re-set-e-a-medica-vem-a-loule-com-o-teatro-do-electrico\/cultura\/09\/05\/#primaryimage"},"thumbnailUrl":"https:\/\/algarve7.pt\/wp-content\/uploads\/2025\/01\/Captura-de-ecra-2025-01-26-as-17.45.23.png","keywords":["Algarve","Concerto","Cultura","Loul\u00e9"],"articleSection":["Cultura"],"inLanguage":"pt-PT"},{"@type":"WebPage","@id":"https:\/\/algarve7.pt\/index.php\/2025\/01\/em-fevereiro-ha-the-black-mamba-e-capitao-fausto-ha-danca-com-re-set-e-a-medica-vem-a-loule-com-o-teatro-do-electrico\/cultura\/09\/05\/","url":"https:\/\/algarve7.pt\/index.php\/2025\/01\/em-fevereiro-ha-the-black-mamba-e-capitao-fausto-ha-danca-com-re-set-e-a-medica-vem-a-loule-com-o-teatro-do-electrico\/cultura\/09\/05\/","name":"Em fevereiro h\u00e1 The Black Mamba e Capit\u00e3o Fausto. H\u00e1 dan\u00e7a com re.set e a m\u00e9dica vem a Loul\u00e9 com o teatro do El\u00e9ctrico - Algarve 7","isPartOf":{"@id":"https:\/\/algarve7.pt\/#website"},"primaryImageOfPage":{"@id":"https:\/\/algarve7.pt\/index.php\/2025\/01\/em-fevereiro-ha-the-black-mamba-e-capitao-fausto-ha-danca-com-re-set-e-a-medica-vem-a-loule-com-o-teatro-do-electrico\/cultura\/09\/05\/#primaryimage"},"image":{"@id":"https:\/\/algarve7.pt\/index.php\/2025\/01\/em-fevereiro-ha-the-black-mamba-e-capitao-fausto-ha-danca-com-re-set-e-a-medica-vem-a-loule-com-o-teatro-do-electrico\/cultura\/09\/05\/#primaryimage"},"thumbnailUrl":"https:\/\/algarve7.pt\/wp-content\/uploads\/2025\/01\/Captura-de-ecra-2025-01-26-as-17.45.23.png","datePublished":"2025-01-27T09:05:00+00:00","description":"Em fevereiro h\u00e1 The Black Mamba e Capit\u00e3o Fausto. H\u00e1 dan\u00e7a com re.set e a m\u00e9dica vem a Loul\u00e9 com o teatro do El\u00e9ctrico Cultura","breadcrumb":{"@id":"https:\/\/algarve7.pt\/index.php\/2025\/01\/em-fevereiro-ha-the-black-mamba-e-capitao-fausto-ha-danca-com-re-set-e-a-medica-vem-a-loule-com-o-teatro-do-electrico\/cultura\/09\/05\/#breadcrumb"},"inLanguage":"pt-PT","potentialAction":[{"@type":"ReadAction","target":["https:\/\/algarve7.pt\/index.php\/2025\/01\/em-fevereiro-ha-the-black-mamba-e-capitao-fausto-ha-danca-com-re-set-e-a-medica-vem-a-loule-com-o-teatro-do-electrico\/cultura\/09\/05\/"]}]},{"@type":"ImageObject","inLanguage":"pt-PT","@id":"https:\/\/algarve7.pt\/index.php\/2025\/01\/em-fevereiro-ha-the-black-mamba-e-capitao-fausto-ha-danca-com-re-set-e-a-medica-vem-a-loule-com-o-teatro-do-electrico\/cultura\/09\/05\/#primaryimage","url":"https:\/\/algarve7.pt\/wp-content\/uploads\/2025\/01\/Captura-de-ecra-2025-01-26-as-17.45.23.png","contentUrl":"https:\/\/algarve7.pt\/wp-content\/uploads\/2025\/01\/Captura-de-ecra-2025-01-26-as-17.45.23.png","width":800,"height":500},{"@type":"BreadcrumbList","@id":"https:\/\/algarve7.pt\/index.php\/2025\/01\/em-fevereiro-ha-the-black-mamba-e-capitao-fausto-ha-danca-com-re-set-e-a-medica-vem-a-loule-com-o-teatro-do-electrico\/cultura\/09\/05\/#breadcrumb","itemListElement":[{"@type":"ListItem","position":1,"name":"In\u00edcio","item":"https:\/\/algarve7.pt\/"},{"@type":"ListItem","position":2,"name":"Em fevereiro h\u00e1 The Black Mamba e Capit\u00e3o Fausto. H\u00e1 dan\u00e7a com re.set e a m\u00e9dica vem a Loul\u00e9 com o teatro do El\u00e9ctrico"}]},{"@type":"WebSite","@id":"https:\/\/algarve7.pt\/#website","url":"https:\/\/algarve7.pt\/","name":"Algarve 7","description":"Informa\u00e7\u00e3o sobre o Algarve","publisher":{"@id":"https:\/\/algarve7.pt\/#organization"},"potentialAction":[{"@type":"SearchAction","target":{"@type":"EntryPoint","urlTemplate":"https:\/\/algarve7.pt\/?s={search_term_string}"},"query-input":{"@type":"PropertyValueSpecification","valueRequired":true,"valueName":"search_term_string"}}],"inLanguage":"pt-PT"},{"@type":"Organization","@id":"https:\/\/algarve7.pt\/#organization","name":"Algarve 7","url":"https:\/\/algarve7.pt\/","logo":{"@type":"ImageObject","inLanguage":"pt-PT","@id":"https:\/\/algarve7.pt\/#\/schema\/logo\/image\/","url":"https:\/\/algarve7.pt\/wp-content\/uploads\/2020\/10\/Logo-8.jpg","contentUrl":"https:\/\/algarve7.pt\/wp-content\/uploads\/2020\/10\/Logo-8.jpg","width":1680,"height":1186,"caption":"Algarve 7"},"image":{"@id":"https:\/\/algarve7.pt\/#\/schema\/logo\/image\/"},"sameAs":["https:\/\/www.facebook.com\/algarve7","https:\/\/x.com\/Algarvesete","https:\/\/www.instagram.com\/jornalalgarve7\/","https:\/\/www.linkedin.com\/company\/algarve7","https:\/\/www.pinterest.pt\/geral0939\/_created\/"]},{"@type":"Person","@id":"https:\/\/algarve7.pt\/#\/schema\/person\/23fa70681308e7b319a3204bcea45e0c","name":"Algarve 7","sameAs":["https:\/\/algarve7.pt","https:\/\/www.facebook.com\/algarve7"],"url":"https:\/\/algarve7.pt\/index.php\/author\/geralalgarve7-pt\/"}]}},"jetpack_publicize_connections":[],"jetpack_featured_media_url":"https:\/\/algarve7.pt\/wp-content\/uploads\/2025\/01\/Captura-de-ecra-2025-01-26-as-17.45.23.png","jetpack_shortlink":"https:\/\/wp.me\/pcezmW-c8f","jetpack_sharing_enabled":true,"_links":{"self":[{"href":"https:\/\/algarve7.pt\/index.php\/wp-json\/wp\/v2\/posts\/46639","targetHints":{"allow":["GET"]}}],"collection":[{"href":"https:\/\/algarve7.pt\/index.php\/wp-json\/wp\/v2\/posts"}],"about":[{"href":"https:\/\/algarve7.pt\/index.php\/wp-json\/wp\/v2\/types\/post"}],"author":[{"embeddable":true,"href":"https:\/\/algarve7.pt\/index.php\/wp-json\/wp\/v2\/users\/1"}],"replies":[{"embeddable":true,"href":"https:\/\/algarve7.pt\/index.php\/wp-json\/wp\/v2\/comments?post=46639"}],"version-history":[{"count":0,"href":"https:\/\/algarve7.pt\/index.php\/wp-json\/wp\/v2\/posts\/46639\/revisions"}],"wp:featuredmedia":[{"embeddable":true,"href":"https:\/\/algarve7.pt\/index.php\/wp-json\/wp\/v2\/media\/46640"}],"wp:attachment":[{"href":"https:\/\/algarve7.pt\/index.php\/wp-json\/wp\/v2\/media?parent=46639"}],"wp:term":[{"taxonomy":"category","embeddable":true,"href":"https:\/\/algarve7.pt\/index.php\/wp-json\/wp\/v2\/categories?post=46639"},{"taxonomy":"post_tag","embeddable":true,"href":"https:\/\/algarve7.pt\/index.php\/wp-json\/wp\/v2\/tags?post=46639"}],"curies":[{"name":"wp","href":"https:\/\/api.w.org\/{rel}","templated":true}]}}