{"id":46633,"date":"2025-01-27T08:15:00","date_gmt":"2025-01-27T08:15:00","guid":{"rendered":"https:\/\/algarve7.pt\/?p=46633"},"modified":"2025-01-26T17:22:41","modified_gmt":"2025-01-26T17:22:41","slug":"ciclo-o-filme-frances-do-mes-regressa-pelo-oitavo-ano-consecutivo-a-portimao","status":"publish","type":"post","link":"https:\/\/algarve7.pt\/index.php\/2025\/01\/ciclo-o-filme-frances-do-mes-regressa-pelo-oitavo-ano-consecutivo-a-portimao\/cultura\/08\/15\/","title":{"rendered":"Ciclo \u201cO Filme Franc\u00eas do M\u00eas\u201d regressa, pelo oitavo ano consecutivo, a Portim\u00e3o"},"content":{"rendered":"\n<p>O Museu de Portim\u00e3o volta a mostrar o que de melhor produzem os realizadores gauleses, atrav\u00e9s da iniciativa \u201cO Filme Franc\u00eas do M\u00eas\u201d, que est\u00e1 de regresso \u00e0 cidade no dia 30 de janeiro e se prolongar\u00e1 at\u00e9 setembro, sempre com entrada gratuita,&nbsp;sempre \u00e0s 21h00, com entrada gratuita, sendo os filmes exibidos legendados em portugu\u00eas.<\/p>\n\n\n\n<p>Esta iniciativa promovida conjuntamente entre a Alliance Fran\u00e7aise do Algarve e o Grupo dos Amigos do Museu de Portim\u00e3o (GAMP), visa estreitar os la\u00e7os culturais com o associativismo local, divulgar junto do p\u00fablico algarvio os grandes \u00eaxitos cinematogr\u00e1ficos na l\u00edngua de Moli\u00e8re, e atrair os muitos franceses que, cada vez mais, vivem ou passam f\u00e9rias no Algarve, permitindo-lhes em contraponto conhecer a hist\u00f3ria e o patrim\u00f3nio regionais.<\/p>\n\n\n\n<p>Esta edi\u00e7\u00e3o re\u00fane sete filmes que, pela sua diversidade, constroem uma boa mostra do cinema franc\u00eas contempor\u00e2neo. A primeira pel\u00edcula deste novo ciclo intitula-se \u201cLibre Garance\u201d, foi realizada por Lisa Diaz em 2022 e ser\u00e1 exibida a 30 de janeiro, pelas 21h00, no audit\u00f3rio do Museu de Portim\u00e3o.<\/p>\n\n\n\n<p>Esta com\u00e9dia dram\u00e1tica, com a dura\u00e7\u00e3o de 1h36 minutos, decorre no ver\u00e3o de 1982 e retrata a hist\u00f3ria de uma menina de onze anos, de nome Garance, que vive com os seus pais numa aldeia na regi\u00e3o de C\u00e9vennes e onde dois ativistas italianos assaltam um banco, perturbando a sua vida tranquila.<\/p>\n\n\n\n<p>Todos os filmes s\u00e3o exibidos na \u00faltima quinta-feira do m\u00eas, exceto no m\u00eas de maio e em vers\u00e3o original francesa, com legendas em portugu\u00eas e nas seguintes datas:\u00a0<strong>30 de janeiro\u00a0<\/strong>\u2013 \u201cLibre Garance\u201d, de Lisa Diaz;\u00a0<strong>27 de fevereiro<\/strong>\u00a0\u2013 \u201cRevenir\u201d, de Jessica Talud;\u00a0<strong>27 de mar\u00e7o<\/strong>\u00a0\u2013 &#8220;C\u00e9sar et Rosalie\u201d de Claude Sautet;\u00a0<strong>24 de abril<\/strong>\u00a0\u2013 \u201cChien de la casse\u201d, de Jean-Baptiste Durand ;\u00a0<strong>22 de maio<\/strong>\u00a0\u2013 \u201cUn vrai bonhomme\u201d, de Benjamin Parent;\u00a0<strong>26 de junho<\/strong>\u00a0&#8211; \u201cLe cours de la vie\u201d, de Fr\u00e9d\u00e9ric Sojcher; e\u00a0<strong>25 de setembro<\/strong>\u2013 \u201cLa fille de son p\u00e8re\u201d, de Erwan Le Duc. Durante os meses de julho e agosto n\u00e3o existir\u00e3o exibi\u00e7\u00f5es e por motivos de for\u00e7a maior, as datas agendadas poder\u00e3o sofrer altera\u00e7\u00f5es.<\/p>\n\n\n\n<p>\u201cO Filme Franc\u00eas do M\u00eas\u201d tem conquistado, ano ap\u00f3s ano, mais entusiastas, tornando-se num ciclo cinematogr\u00e1fico bem acolhido pelos cin\u00e9filos e franc\u00f3filos do Algarve, sob o objetivo de proporcionar ao p\u00fablico um vasto leque de emo\u00e7\u00f5es e de temas de reflex\u00e3o, atrav\u00e9s de com\u00e9dias, dramas e romances.<\/p>\n\n\n\n<p>A Alliance Fran\u00e7aise do Algarve, cuja sede se localiza em Faro, \u00e9 uma associa\u00e7\u00e3o de direito privado cujo objeto \u00e9 a divulga\u00e7\u00e3o da l\u00edngua e da cultura francesa, fazendo parte das suas atividades o ensino da l\u00edngua portuguesa para franc\u00f3fonos, al\u00e9m da realiza\u00e7\u00e3o de exames de franc\u00eas e tradu\u00e7\u00f5es, entre outras a\u00e7\u00f5es.<\/p>\n\n\n\n<p>O Ciclo do Filme Franc\u00eas do M\u00eas \u00e9 igualmente exibido nas cidades de Loul\u00e9 (segunda ter\u00e7a-feira de cada m\u00eas) e de Faro (terceira sexta-feira de cada m\u00eas) e sempre com o objetivo de divulgar o que de melhor se faz no cinema franc\u00eas. A programa\u00e7\u00e3o completa nas tr\u00eas cidades algarvias pode ser consultada no site da Alliance Fran\u00e7aise de l\u2019Algarve ou enviando um pedido para algarve@alliancefr.pt.&nbsp;&nbsp;&nbsp; mostrar bom cinema<\/p>\n","protected":false},"excerpt":{"rendered":"<p>O Museu de Portim\u00e3o volta a mostrar o que de melhor produzem os realizadores gauleses, atrav\u00e9s da iniciativa \u201cO Filme<\/p>\n","protected":false},"author":1,"featured_media":46634,"comment_status":"closed","ping_status":"closed","sticky":false,"template":"","format":"standard","meta":{"colormag_page_container_layout":"default_layout","colormag_page_sidebar_layout":"default_layout","_monsterinsights_skip_tracking":false,"_monsterinsights_sitenote_active":false,"_monsterinsights_sitenote_note":"","_monsterinsights_sitenote_category":0,"jetpack_post_was_ever_published":false,"_jetpack_newsletter_access":"","_jetpack_dont_email_post_to_subs":false,"_jetpack_newsletter_tier_id":0,"_jetpack_memberships_contains_paywalled_content":false,"_jetpack_memberships_contains_paid_content":false,"footnotes":"","jetpack_publicize_message":"","jetpack_publicize_feature_enabled":true,"jetpack_social_post_already_shared":true,"jetpack_social_options":{"image_generator_settings":{"template":"highway","default_image_id":0,"font":"","enabled":false},"version":2}},"categories":[14],"tags":[36,35,72],"class_list":["post-46633","post","type-post","status-publish","format-standard","has-post-thumbnail","hentry","category-cultura","tag-algarve","tag-cultura","tag-portimao"],"yoast_head":"<!-- This site is optimized with the Yoast SEO plugin v27.4 - https:\/\/yoast.com\/product\/yoast-seo-wordpress\/ -->\n<title>Ciclo \u201cO Filme Franc\u00eas do M\u00eas\u201d regressa, pelo oitavo ano consecutivo, a Portim\u00e3o - Algarve 7<\/title>\n<meta name=\"description\" content=\"Ciclo \u201cO Filme Franc\u00eas do M\u00eas\u201d regressa, pelo oitavo ano consecutivo, a Portim\u00e3o Cultura\" \/>\n<meta name=\"robots\" content=\"index, follow, max-snippet:-1, max-image-preview:large, max-video-preview:-1\" \/>\n<link rel=\"canonical\" href=\"https:\/\/algarve7.pt\/index.php\/2025\/01\/ciclo-o-filme-frances-do-mes-regressa-pelo-oitavo-ano-consecutivo-a-portimao\/cultura\/08\/15\/\" \/>\n<meta property=\"og:locale\" content=\"pt_PT\" \/>\n<meta property=\"og:type\" content=\"article\" \/>\n<meta property=\"og:title\" content=\"Ciclo \u201cO Filme Franc\u00eas do M\u00eas\u201d regressa, pelo oitavo ano consecutivo, a Portim\u00e3o - Algarve 7\" \/>\n<meta property=\"og:description\" content=\"Ciclo \u201cO Filme Franc\u00eas do M\u00eas\u201d regressa, pelo oitavo ano consecutivo, a Portim\u00e3o Cultura\" \/>\n<meta property=\"og:url\" content=\"https:\/\/algarve7.pt\/index.php\/2025\/01\/ciclo-o-filme-frances-do-mes-regressa-pelo-oitavo-ano-consecutivo-a-portimao\/cultura\/08\/15\/\" \/>\n<meta property=\"og:site_name\" content=\"Algarve 7\" \/>\n<meta property=\"article:publisher\" content=\"https:\/\/www.facebook.com\/algarve7\" \/>\n<meta property=\"article:author\" content=\"https:\/\/www.facebook.com\/algarve7\" \/>\n<meta property=\"article:published_time\" content=\"2025-01-27T08:15:00+00:00\" \/>\n<meta property=\"og:image\" content=\"https:\/\/algarve7.pt\/wp-content\/uploads\/2025\/01\/chien-de-la-casse-1-1-001.jpg\" \/>\n\t<meta property=\"og:image:width\" content=\"800\" \/>\n\t<meta property=\"og:image:height\" content=\"500\" \/>\n\t<meta property=\"og:image:type\" content=\"image\/jpeg\" \/>\n<meta name=\"author\" content=\"Algarve 7\" \/>\n<meta name=\"twitter:card\" content=\"summary_large_image\" \/>\n<meta name=\"twitter:creator\" content=\"@Algarvesete\" \/>\n<meta name=\"twitter:site\" content=\"@Algarvesete\" \/>\n<meta name=\"twitter:label1\" content=\"Escrito por\" \/>\n\t<meta name=\"twitter:data1\" content=\"Algarve 7\" \/>\n\t<meta name=\"twitter:label2\" content=\"Tempo estimado de leitura\" \/>\n\t<meta name=\"twitter:data2\" content=\"4 minutos\" \/>\n<script type=\"application\/ld+json\" class=\"yoast-schema-graph\">{\"@context\":\"https:\\\/\\\/schema.org\",\"@graph\":[{\"@type\":\"Article\",\"@id\":\"https:\\\/\\\/algarve7.pt\\\/index.php\\\/2025\\\/01\\\/ciclo-o-filme-frances-do-mes-regressa-pelo-oitavo-ano-consecutivo-a-portimao\\\/cultura\\\/08\\\/15\\\/#article\",\"isPartOf\":{\"@id\":\"https:\\\/\\\/algarve7.pt\\\/index.php\\\/2025\\\/01\\\/ciclo-o-filme-frances-do-mes-regressa-pelo-oitavo-ano-consecutivo-a-portimao\\\/cultura\\\/08\\\/15\\\/\"},\"author\":{\"name\":\"Algarve 7\",\"@id\":\"https:\\\/\\\/algarve7.pt\\\/#\\\/schema\\\/person\\\/23fa70681308e7b319a3204bcea45e0c\"},\"headline\":\"Ciclo \u201cO Filme Franc\u00eas do M\u00eas\u201d regressa, pelo oitavo ano consecutivo, a Portim\u00e3o\",\"datePublished\":\"2025-01-27T08:15:00+00:00\",\"mainEntityOfPage\":{\"@id\":\"https:\\\/\\\/algarve7.pt\\\/index.php\\\/2025\\\/01\\\/ciclo-o-filme-frances-do-mes-regressa-pelo-oitavo-ano-consecutivo-a-portimao\\\/cultura\\\/08\\\/15\\\/\"},\"wordCount\":593,\"publisher\":{\"@id\":\"https:\\\/\\\/algarve7.pt\\\/#organization\"},\"image\":{\"@id\":\"https:\\\/\\\/algarve7.pt\\\/index.php\\\/2025\\\/01\\\/ciclo-o-filme-frances-do-mes-regressa-pelo-oitavo-ano-consecutivo-a-portimao\\\/cultura\\\/08\\\/15\\\/#primaryimage\"},\"thumbnailUrl\":\"https:\\\/\\\/algarve7.pt\\\/wp-content\\\/uploads\\\/2025\\\/01\\\/chien-de-la-casse-1-1-001.jpg\",\"keywords\":[\"Algarve\",\"Cultura\",\"Portim\u00e3o\"],\"articleSection\":[\"Cultura\"],\"inLanguage\":\"pt-PT\"},{\"@type\":\"WebPage\",\"@id\":\"https:\\\/\\\/algarve7.pt\\\/index.php\\\/2025\\\/01\\\/ciclo-o-filme-frances-do-mes-regressa-pelo-oitavo-ano-consecutivo-a-portimao\\\/cultura\\\/08\\\/15\\\/\",\"url\":\"https:\\\/\\\/algarve7.pt\\\/index.php\\\/2025\\\/01\\\/ciclo-o-filme-frances-do-mes-regressa-pelo-oitavo-ano-consecutivo-a-portimao\\\/cultura\\\/08\\\/15\\\/\",\"name\":\"Ciclo \u201cO Filme Franc\u00eas do M\u00eas\u201d regressa, pelo oitavo ano consecutivo, a Portim\u00e3o - Algarve 7\",\"isPartOf\":{\"@id\":\"https:\\\/\\\/algarve7.pt\\\/#website\"},\"primaryImageOfPage\":{\"@id\":\"https:\\\/\\\/algarve7.pt\\\/index.php\\\/2025\\\/01\\\/ciclo-o-filme-frances-do-mes-regressa-pelo-oitavo-ano-consecutivo-a-portimao\\\/cultura\\\/08\\\/15\\\/#primaryimage\"},\"image\":{\"@id\":\"https:\\\/\\\/algarve7.pt\\\/index.php\\\/2025\\\/01\\\/ciclo-o-filme-frances-do-mes-regressa-pelo-oitavo-ano-consecutivo-a-portimao\\\/cultura\\\/08\\\/15\\\/#primaryimage\"},\"thumbnailUrl\":\"https:\\\/\\\/algarve7.pt\\\/wp-content\\\/uploads\\\/2025\\\/01\\\/chien-de-la-casse-1-1-001.jpg\",\"datePublished\":\"2025-01-27T08:15:00+00:00\",\"description\":\"Ciclo \u201cO Filme Franc\u00eas do M\u00eas\u201d regressa, pelo oitavo ano consecutivo, a Portim\u00e3o Cultura\",\"breadcrumb\":{\"@id\":\"https:\\\/\\\/algarve7.pt\\\/index.php\\\/2025\\\/01\\\/ciclo-o-filme-frances-do-mes-regressa-pelo-oitavo-ano-consecutivo-a-portimao\\\/cultura\\\/08\\\/15\\\/#breadcrumb\"},\"inLanguage\":\"pt-PT\",\"potentialAction\":[{\"@type\":\"ReadAction\",\"target\":[\"https:\\\/\\\/algarve7.pt\\\/index.php\\\/2025\\\/01\\\/ciclo-o-filme-frances-do-mes-regressa-pelo-oitavo-ano-consecutivo-a-portimao\\\/cultura\\\/08\\\/15\\\/\"]}]},{\"@type\":\"ImageObject\",\"inLanguage\":\"pt-PT\",\"@id\":\"https:\\\/\\\/algarve7.pt\\\/index.php\\\/2025\\\/01\\\/ciclo-o-filme-frances-do-mes-regressa-pelo-oitavo-ano-consecutivo-a-portimao\\\/cultura\\\/08\\\/15\\\/#primaryimage\",\"url\":\"https:\\\/\\\/algarve7.pt\\\/wp-content\\\/uploads\\\/2025\\\/01\\\/chien-de-la-casse-1-1-001.jpg\",\"contentUrl\":\"https:\\\/\\\/algarve7.pt\\\/wp-content\\\/uploads\\\/2025\\\/01\\\/chien-de-la-casse-1-1-001.jpg\",\"width\":800,\"height\":500},{\"@type\":\"BreadcrumbList\",\"@id\":\"https:\\\/\\\/algarve7.pt\\\/index.php\\\/2025\\\/01\\\/ciclo-o-filme-frances-do-mes-regressa-pelo-oitavo-ano-consecutivo-a-portimao\\\/cultura\\\/08\\\/15\\\/#breadcrumb\",\"itemListElement\":[{\"@type\":\"ListItem\",\"position\":1,\"name\":\"In\u00edcio\",\"item\":\"https:\\\/\\\/algarve7.pt\\\/\"},{\"@type\":\"ListItem\",\"position\":2,\"name\":\"Ciclo \u201cO Filme Franc\u00eas do M\u00eas\u201d regressa, pelo oitavo ano consecutivo, a Portim\u00e3o\"}]},{\"@type\":\"WebSite\",\"@id\":\"https:\\\/\\\/algarve7.pt\\\/#website\",\"url\":\"https:\\\/\\\/algarve7.pt\\\/\",\"name\":\"Algarve 7\",\"description\":\"Informa\u00e7\u00e3o sobre o Algarve\",\"publisher\":{\"@id\":\"https:\\\/\\\/algarve7.pt\\\/#organization\"},\"potentialAction\":[{\"@type\":\"SearchAction\",\"target\":{\"@type\":\"EntryPoint\",\"urlTemplate\":\"https:\\\/\\\/algarve7.pt\\\/?s={search_term_string}\"},\"query-input\":{\"@type\":\"PropertyValueSpecification\",\"valueRequired\":true,\"valueName\":\"search_term_string\"}}],\"inLanguage\":\"pt-PT\"},{\"@type\":\"Organization\",\"@id\":\"https:\\\/\\\/algarve7.pt\\\/#organization\",\"name\":\"Algarve 7\",\"url\":\"https:\\\/\\\/algarve7.pt\\\/\",\"logo\":{\"@type\":\"ImageObject\",\"inLanguage\":\"pt-PT\",\"@id\":\"https:\\\/\\\/algarve7.pt\\\/#\\\/schema\\\/logo\\\/image\\\/\",\"url\":\"https:\\\/\\\/algarve7.pt\\\/wp-content\\\/uploads\\\/2020\\\/10\\\/Logo-8.jpg\",\"contentUrl\":\"https:\\\/\\\/algarve7.pt\\\/wp-content\\\/uploads\\\/2020\\\/10\\\/Logo-8.jpg\",\"width\":1680,\"height\":1186,\"caption\":\"Algarve 7\"},\"image\":{\"@id\":\"https:\\\/\\\/algarve7.pt\\\/#\\\/schema\\\/logo\\\/image\\\/\"},\"sameAs\":[\"https:\\\/\\\/www.facebook.com\\\/algarve7\",\"https:\\\/\\\/x.com\\\/Algarvesete\",\"https:\\\/\\\/www.instagram.com\\\/jornalalgarve7\\\/\",\"https:\\\/\\\/www.linkedin.com\\\/company\\\/algarve7\",\"https:\\\/\\\/www.pinterest.pt\\\/geral0939\\\/_created\\\/\"]},{\"@type\":\"Person\",\"@id\":\"https:\\\/\\\/algarve7.pt\\\/#\\\/schema\\\/person\\\/23fa70681308e7b319a3204bcea45e0c\",\"name\":\"Algarve 7\",\"sameAs\":[\"https:\\\/\\\/algarve7.pt\",\"https:\\\/\\\/www.facebook.com\\\/algarve7\"],\"url\":\"https:\\\/\\\/algarve7.pt\\\/index.php\\\/author\\\/geralalgarve7-pt\\\/\"}]}<\/script>\n<!-- \/ Yoast SEO plugin. -->","yoast_head_json":{"title":"Ciclo \u201cO Filme Franc\u00eas do M\u00eas\u201d regressa, pelo oitavo ano consecutivo, a Portim\u00e3o - Algarve 7","description":"Ciclo \u201cO Filme Franc\u00eas do M\u00eas\u201d regressa, pelo oitavo ano consecutivo, a Portim\u00e3o Cultura","robots":{"index":"index","follow":"follow","max-snippet":"max-snippet:-1","max-image-preview":"max-image-preview:large","max-video-preview":"max-video-preview:-1"},"canonical":"https:\/\/algarve7.pt\/index.php\/2025\/01\/ciclo-o-filme-frances-do-mes-regressa-pelo-oitavo-ano-consecutivo-a-portimao\/cultura\/08\/15\/","og_locale":"pt_PT","og_type":"article","og_title":"Ciclo \u201cO Filme Franc\u00eas do M\u00eas\u201d regressa, pelo oitavo ano consecutivo, a Portim\u00e3o - Algarve 7","og_description":"Ciclo \u201cO Filme Franc\u00eas do M\u00eas\u201d regressa, pelo oitavo ano consecutivo, a Portim\u00e3o Cultura","og_url":"https:\/\/algarve7.pt\/index.php\/2025\/01\/ciclo-o-filme-frances-do-mes-regressa-pelo-oitavo-ano-consecutivo-a-portimao\/cultura\/08\/15\/","og_site_name":"Algarve 7","article_publisher":"https:\/\/www.facebook.com\/algarve7","article_author":"https:\/\/www.facebook.com\/algarve7","article_published_time":"2025-01-27T08:15:00+00:00","og_image":[{"width":800,"height":500,"url":"https:\/\/algarve7.pt\/wp-content\/uploads\/2025\/01\/chien-de-la-casse-1-1-001.jpg","type":"image\/jpeg"}],"author":"Algarve 7","twitter_card":"summary_large_image","twitter_creator":"@Algarvesete","twitter_site":"@Algarvesete","twitter_misc":{"Escrito por":"Algarve 7","Tempo estimado de leitura":"4 minutos"},"schema":{"@context":"https:\/\/schema.org","@graph":[{"@type":"Article","@id":"https:\/\/algarve7.pt\/index.php\/2025\/01\/ciclo-o-filme-frances-do-mes-regressa-pelo-oitavo-ano-consecutivo-a-portimao\/cultura\/08\/15\/#article","isPartOf":{"@id":"https:\/\/algarve7.pt\/index.php\/2025\/01\/ciclo-o-filme-frances-do-mes-regressa-pelo-oitavo-ano-consecutivo-a-portimao\/cultura\/08\/15\/"},"author":{"name":"Algarve 7","@id":"https:\/\/algarve7.pt\/#\/schema\/person\/23fa70681308e7b319a3204bcea45e0c"},"headline":"Ciclo \u201cO Filme Franc\u00eas do M\u00eas\u201d regressa, pelo oitavo ano consecutivo, a Portim\u00e3o","datePublished":"2025-01-27T08:15:00+00:00","mainEntityOfPage":{"@id":"https:\/\/algarve7.pt\/index.php\/2025\/01\/ciclo-o-filme-frances-do-mes-regressa-pelo-oitavo-ano-consecutivo-a-portimao\/cultura\/08\/15\/"},"wordCount":593,"publisher":{"@id":"https:\/\/algarve7.pt\/#organization"},"image":{"@id":"https:\/\/algarve7.pt\/index.php\/2025\/01\/ciclo-o-filme-frances-do-mes-regressa-pelo-oitavo-ano-consecutivo-a-portimao\/cultura\/08\/15\/#primaryimage"},"thumbnailUrl":"https:\/\/algarve7.pt\/wp-content\/uploads\/2025\/01\/chien-de-la-casse-1-1-001.jpg","keywords":["Algarve","Cultura","Portim\u00e3o"],"articleSection":["Cultura"],"inLanguage":"pt-PT"},{"@type":"WebPage","@id":"https:\/\/algarve7.pt\/index.php\/2025\/01\/ciclo-o-filme-frances-do-mes-regressa-pelo-oitavo-ano-consecutivo-a-portimao\/cultura\/08\/15\/","url":"https:\/\/algarve7.pt\/index.php\/2025\/01\/ciclo-o-filme-frances-do-mes-regressa-pelo-oitavo-ano-consecutivo-a-portimao\/cultura\/08\/15\/","name":"Ciclo \u201cO Filme Franc\u00eas do M\u00eas\u201d regressa, pelo oitavo ano consecutivo, a Portim\u00e3o - Algarve 7","isPartOf":{"@id":"https:\/\/algarve7.pt\/#website"},"primaryImageOfPage":{"@id":"https:\/\/algarve7.pt\/index.php\/2025\/01\/ciclo-o-filme-frances-do-mes-regressa-pelo-oitavo-ano-consecutivo-a-portimao\/cultura\/08\/15\/#primaryimage"},"image":{"@id":"https:\/\/algarve7.pt\/index.php\/2025\/01\/ciclo-o-filme-frances-do-mes-regressa-pelo-oitavo-ano-consecutivo-a-portimao\/cultura\/08\/15\/#primaryimage"},"thumbnailUrl":"https:\/\/algarve7.pt\/wp-content\/uploads\/2025\/01\/chien-de-la-casse-1-1-001.jpg","datePublished":"2025-01-27T08:15:00+00:00","description":"Ciclo \u201cO Filme Franc\u00eas do M\u00eas\u201d regressa, pelo oitavo ano consecutivo, a Portim\u00e3o Cultura","breadcrumb":{"@id":"https:\/\/algarve7.pt\/index.php\/2025\/01\/ciclo-o-filme-frances-do-mes-regressa-pelo-oitavo-ano-consecutivo-a-portimao\/cultura\/08\/15\/#breadcrumb"},"inLanguage":"pt-PT","potentialAction":[{"@type":"ReadAction","target":["https:\/\/algarve7.pt\/index.php\/2025\/01\/ciclo-o-filme-frances-do-mes-regressa-pelo-oitavo-ano-consecutivo-a-portimao\/cultura\/08\/15\/"]}]},{"@type":"ImageObject","inLanguage":"pt-PT","@id":"https:\/\/algarve7.pt\/index.php\/2025\/01\/ciclo-o-filme-frances-do-mes-regressa-pelo-oitavo-ano-consecutivo-a-portimao\/cultura\/08\/15\/#primaryimage","url":"https:\/\/algarve7.pt\/wp-content\/uploads\/2025\/01\/chien-de-la-casse-1-1-001.jpg","contentUrl":"https:\/\/algarve7.pt\/wp-content\/uploads\/2025\/01\/chien-de-la-casse-1-1-001.jpg","width":800,"height":500},{"@type":"BreadcrumbList","@id":"https:\/\/algarve7.pt\/index.php\/2025\/01\/ciclo-o-filme-frances-do-mes-regressa-pelo-oitavo-ano-consecutivo-a-portimao\/cultura\/08\/15\/#breadcrumb","itemListElement":[{"@type":"ListItem","position":1,"name":"In\u00edcio","item":"https:\/\/algarve7.pt\/"},{"@type":"ListItem","position":2,"name":"Ciclo \u201cO Filme Franc\u00eas do M\u00eas\u201d regressa, pelo oitavo ano consecutivo, a Portim\u00e3o"}]},{"@type":"WebSite","@id":"https:\/\/algarve7.pt\/#website","url":"https:\/\/algarve7.pt\/","name":"Algarve 7","description":"Informa\u00e7\u00e3o sobre o Algarve","publisher":{"@id":"https:\/\/algarve7.pt\/#organization"},"potentialAction":[{"@type":"SearchAction","target":{"@type":"EntryPoint","urlTemplate":"https:\/\/algarve7.pt\/?s={search_term_string}"},"query-input":{"@type":"PropertyValueSpecification","valueRequired":true,"valueName":"search_term_string"}}],"inLanguage":"pt-PT"},{"@type":"Organization","@id":"https:\/\/algarve7.pt\/#organization","name":"Algarve 7","url":"https:\/\/algarve7.pt\/","logo":{"@type":"ImageObject","inLanguage":"pt-PT","@id":"https:\/\/algarve7.pt\/#\/schema\/logo\/image\/","url":"https:\/\/algarve7.pt\/wp-content\/uploads\/2020\/10\/Logo-8.jpg","contentUrl":"https:\/\/algarve7.pt\/wp-content\/uploads\/2020\/10\/Logo-8.jpg","width":1680,"height":1186,"caption":"Algarve 7"},"image":{"@id":"https:\/\/algarve7.pt\/#\/schema\/logo\/image\/"},"sameAs":["https:\/\/www.facebook.com\/algarve7","https:\/\/x.com\/Algarvesete","https:\/\/www.instagram.com\/jornalalgarve7\/","https:\/\/www.linkedin.com\/company\/algarve7","https:\/\/www.pinterest.pt\/geral0939\/_created\/"]},{"@type":"Person","@id":"https:\/\/algarve7.pt\/#\/schema\/person\/23fa70681308e7b319a3204bcea45e0c","name":"Algarve 7","sameAs":["https:\/\/algarve7.pt","https:\/\/www.facebook.com\/algarve7"],"url":"https:\/\/algarve7.pt\/index.php\/author\/geralalgarve7-pt\/"}]}},"jetpack_publicize_connections":[],"jetpack_featured_media_url":"https:\/\/algarve7.pt\/wp-content\/uploads\/2025\/01\/chien-de-la-casse-1-1-001.jpg","jetpack_shortlink":"https:\/\/wp.me\/pcezmW-c89","jetpack_sharing_enabled":true,"_links":{"self":[{"href":"https:\/\/algarve7.pt\/index.php\/wp-json\/wp\/v2\/posts\/46633","targetHints":{"allow":["GET"]}}],"collection":[{"href":"https:\/\/algarve7.pt\/index.php\/wp-json\/wp\/v2\/posts"}],"about":[{"href":"https:\/\/algarve7.pt\/index.php\/wp-json\/wp\/v2\/types\/post"}],"author":[{"embeddable":true,"href":"https:\/\/algarve7.pt\/index.php\/wp-json\/wp\/v2\/users\/1"}],"replies":[{"embeddable":true,"href":"https:\/\/algarve7.pt\/index.php\/wp-json\/wp\/v2\/comments?post=46633"}],"version-history":[{"count":0,"href":"https:\/\/algarve7.pt\/index.php\/wp-json\/wp\/v2\/posts\/46633\/revisions"}],"wp:featuredmedia":[{"embeddable":true,"href":"https:\/\/algarve7.pt\/index.php\/wp-json\/wp\/v2\/media\/46634"}],"wp:attachment":[{"href":"https:\/\/algarve7.pt\/index.php\/wp-json\/wp\/v2\/media?parent=46633"}],"wp:term":[{"taxonomy":"category","embeddable":true,"href":"https:\/\/algarve7.pt\/index.php\/wp-json\/wp\/v2\/categories?post=46633"},{"taxonomy":"post_tag","embeddable":true,"href":"https:\/\/algarve7.pt\/index.php\/wp-json\/wp\/v2\/tags?post=46633"}],"curies":[{"name":"wp","href":"https:\/\/api.w.org\/{rel}","templated":true}]}}