{"id":46624,"date":"2025-01-26T16:25:27","date_gmt":"2025-01-26T16:25:27","guid":{"rendered":"https:\/\/algarve7.pt\/?p=46624"},"modified":"2025-01-26T16:25:32","modified_gmt":"2025-01-26T16:25:32","slug":"apresentacao-do-livro-um-lapis-no-punho-de-joao-ventura-a-07-de-fevereiro-na-biblioteca-municipal-de-lagoa","status":"publish","type":"post","link":"https:\/\/algarve7.pt\/index.php\/2025\/01\/apresentacao-do-livro-um-lapis-no-punho-de-joao-ventura-a-07-de-fevereiro-na-biblioteca-municipal-de-lagoa\/cultura\/16\/25\/","title":{"rendered":"Apresenta\u00e7\u00e3o do Livro Um l\u00e1pis no punho de Jo\u00e3o Ventura a 07 de fevereiro na Biblioteca Municipal de Lagoa\u00a0"},"content":{"rendered":"\n<p>No dia 07 de fevereiro, pelas 18h00, a Biblioteca Municipal de Lagoa recebe a Apresenta\u00e7\u00e3o P\u00fablica do Livro <em><strong>Um L\u00e1pis no Punho<\/strong><\/em>, de Jo\u00e3o B. Ventura. A apresenta\u00e7\u00e3o estar\u00e1 a cargo de Adriana Nogueira e a\u00a0<strong>entrada \u00e9 gratuita<\/strong>!<\/p>\n\n\n\n<p>Sinopse: Em&nbsp;<em><strong>Um L\u00e1pis no Punho<\/strong><\/em>, Jo\u00e3o B. Ventura prop\u00f5e um manifesto h\u00edbrido entre ensaio, autofic\u00e7\u00e3o e cr\u00edtica liter\u00e1ria. A obra celebra o ato de ler e escrever como di\u00e1logo constante com autores como Walter Benjamin, Vila-Matas ou Borges. Ventura subverte o tradicional, optando por fragmentos e intertextualidade para explorar o potencial transformador da literatura. Com humor e profundidade, o autor questiona a &#8220;interpretose&#8221; e defende a leitura como experi\u00eancia visceral, n\u00e3o hermen\u00eautica. O livro transcende o consumo, sugerindo que a literatura \u00e9 um espa\u00e7o de mem\u00f3ria e renova\u00e7\u00e3o. Ao reivindicar uma \u201cpo\u00e9tica do leitor\u201d, Ventura convida-nos a sermos c\u00famplices nesse labirinto de palavras, onde cada p\u00e1gina \u00e9 um novo come\u00e7o.<\/p>\n\n\n\n<p><br>Natural de Portim\u00e3o, Jo\u00e3o B. Ventura \u00e9 licenciado em L\u00ednguas e Literaturas Modernas, p\u00f3s-graduado em Ci\u00eancias Documentais pela Universidade de Lisboa, mestre em Comunica\u00e7\u00e3o, Cultura e Tecnologias da Informa\u00e7\u00e3o pelo IUL-ISCTE e em Gest\u00e3o de Institui\u00e7\u00f5es e Empresas Culturais pela Universidade de Barcelona.<\/p>\n\n\n\n<p><br>S\u00f3cio fundador do Instituto de Cultura Ibero-Atl\u00e2ntica, membro da Associa\u00e7\u00e3o Portuguesa dos Cr\u00edticos Liter\u00e1rios e autor de \u201cBibliotecas e Esfera P\u00fablica\u201d, dirigiu a \u201cAtl\u00e2ntica\u201d \u2013 Revista de Cultura Ibero-Americana e integra a equipa redatorial da \u201cMeridional\u201d \u2013 Revista de Estudos do Mediterr\u00e2neo.<\/p>\n\n\n\n<p><br>Foi Delegado Regional de Cultura do Algarve e Diretor do TEMPO. \u00c9 atualmente diretor da Biblioteca Municipal de Portim\u00e3o.<\/p>\n","protected":false},"excerpt":{"rendered":"<p>No dia 07 de fevereiro, pelas 18h00, a Biblioteca Municipal de Lagoa recebe a Apresenta\u00e7\u00e3o P\u00fablica do Livro Um L\u00e1pis<\/p>\n","protected":false},"author":1,"featured_media":46625,"comment_status":"closed","ping_status":"closed","sticky":false,"template":"","format":"standard","meta":{"colormag_page_container_layout":"default_layout","colormag_page_sidebar_layout":"default_layout","_monsterinsights_skip_tracking":false,"_monsterinsights_sitenote_active":false,"_monsterinsights_sitenote_note":"","_monsterinsights_sitenote_category":0,"jetpack_post_was_ever_published":false,"_jetpack_newsletter_access":"","_jetpack_dont_email_post_to_subs":false,"_jetpack_newsletter_tier_id":0,"_jetpack_memberships_contains_paywalled_content":false,"_jetpack_memberships_contains_paid_content":false,"footnotes":"","jetpack_publicize_message":"","jetpack_publicize_feature_enabled":true,"jetpack_social_post_already_shared":true,"jetpack_social_options":{"image_generator_settings":{"template":"highway","default_image_id":0,"font":"","enabled":false},"version":2}},"categories":[14],"tags":[36,35,48],"class_list":["post-46624","post","type-post","status-publish","format-standard","has-post-thumbnail","hentry","category-cultura","tag-algarve","tag-cultura","tag-lagoa"],"yoast_head":"<!-- This site is optimized with the Yoast SEO plugin v27.4 - https:\/\/yoast.com\/product\/yoast-seo-wordpress\/ -->\n<title>Apresenta\u00e7\u00e3o do Livro Um l\u00e1pis no punho de Jo\u00e3o Ventura a 07 de fevereiro na Biblioteca Municipal de Lagoa\u00a0 - Algarve 7<\/title>\n<meta name=\"description\" content=\"Apresenta\u00e7\u00e3o do Livro Um l\u00e1pis no punho de Jo\u00e3o Ventura a 07 de fevereiro na Biblioteca Municipal de Lagoa\u00a0 Cultura\" \/>\n<meta name=\"robots\" content=\"index, follow, max-snippet:-1, max-image-preview:large, max-video-preview:-1\" \/>\n<link rel=\"canonical\" href=\"https:\/\/algarve7.pt\/index.php\/2025\/01\/apresentacao-do-livro-um-lapis-no-punho-de-joao-ventura-a-07-de-fevereiro-na-biblioteca-municipal-de-lagoa\/cultura\/16\/25\/\" \/>\n<meta property=\"og:locale\" content=\"pt_PT\" \/>\n<meta property=\"og:type\" content=\"article\" \/>\n<meta property=\"og:title\" content=\"Apresenta\u00e7\u00e3o do Livro Um l\u00e1pis no punho de Jo\u00e3o Ventura a 07 de fevereiro na Biblioteca Municipal de Lagoa\u00a0 - Algarve 7\" \/>\n<meta property=\"og:description\" content=\"Apresenta\u00e7\u00e3o do Livro Um l\u00e1pis no punho de Jo\u00e3o Ventura a 07 de fevereiro na Biblioteca Municipal de Lagoa\u00a0 Cultura\" \/>\n<meta property=\"og:url\" content=\"https:\/\/algarve7.pt\/index.php\/2025\/01\/apresentacao-do-livro-um-lapis-no-punho-de-joao-ventura-a-07-de-fevereiro-na-biblioteca-municipal-de-lagoa\/cultura\/16\/25\/\" \/>\n<meta property=\"og:site_name\" content=\"Algarve 7\" \/>\n<meta property=\"article:publisher\" content=\"https:\/\/www.facebook.com\/algarve7\" \/>\n<meta property=\"article:author\" content=\"https:\/\/www.facebook.com\/algarve7\" \/>\n<meta property=\"article:published_time\" content=\"2025-01-26T16:25:27+00:00\" \/>\n<meta property=\"article:modified_time\" content=\"2025-01-26T16:25:32+00:00\" \/>\n<meta property=\"og:image\" content=\"https:\/\/algarve7.pt\/wp-content\/uploads\/2025\/01\/Captura-de-ecra-2025-01-26-as-16.21.55.png\" \/>\n\t<meta property=\"og:image:width\" content=\"800\" \/>\n\t<meta property=\"og:image:height\" content=\"500\" \/>\n\t<meta property=\"og:image:type\" content=\"image\/png\" \/>\n<meta name=\"author\" content=\"Algarve 7\" \/>\n<meta name=\"twitter:card\" content=\"summary_large_image\" \/>\n<meta name=\"twitter:creator\" content=\"@Algarvesete\" \/>\n<meta name=\"twitter:site\" content=\"@Algarvesete\" \/>\n<meta name=\"twitter:label1\" content=\"Escrito por\" \/>\n\t<meta name=\"twitter:data1\" content=\"Algarve 7\" \/>\n\t<meta name=\"twitter:label2\" content=\"Tempo estimado de leitura\" \/>\n\t<meta name=\"twitter:data2\" content=\"2 minutos\" \/>\n<script type=\"application\/ld+json\" class=\"yoast-schema-graph\">{\"@context\":\"https:\\\/\\\/schema.org\",\"@graph\":[{\"@type\":\"Article\",\"@id\":\"https:\\\/\\\/algarve7.pt\\\/index.php\\\/2025\\\/01\\\/apresentacao-do-livro-um-lapis-no-punho-de-joao-ventura-a-07-de-fevereiro-na-biblioteca-municipal-de-lagoa\\\/cultura\\\/16\\\/25\\\/#article\",\"isPartOf\":{\"@id\":\"https:\\\/\\\/algarve7.pt\\\/index.php\\\/2025\\\/01\\\/apresentacao-do-livro-um-lapis-no-punho-de-joao-ventura-a-07-de-fevereiro-na-biblioteca-municipal-de-lagoa\\\/cultura\\\/16\\\/25\\\/\"},\"author\":{\"name\":\"Algarve 7\",\"@id\":\"https:\\\/\\\/algarve7.pt\\\/#\\\/schema\\\/person\\\/23fa70681308e7b319a3204bcea45e0c\"},\"headline\":\"Apresenta\u00e7\u00e3o do Livro Um l\u00e1pis no punho de Jo\u00e3o Ventura a 07 de fevereiro na Biblioteca Municipal de Lagoa\u00a0\",\"datePublished\":\"2025-01-26T16:25:27+00:00\",\"dateModified\":\"2025-01-26T16:25:32+00:00\",\"mainEntityOfPage\":{\"@id\":\"https:\\\/\\\/algarve7.pt\\\/index.php\\\/2025\\\/01\\\/apresentacao-do-livro-um-lapis-no-punho-de-joao-ventura-a-07-de-fevereiro-na-biblioteca-municipal-de-lagoa\\\/cultura\\\/16\\\/25\\\/\"},\"wordCount\":309,\"publisher\":{\"@id\":\"https:\\\/\\\/algarve7.pt\\\/#organization\"},\"image\":{\"@id\":\"https:\\\/\\\/algarve7.pt\\\/index.php\\\/2025\\\/01\\\/apresentacao-do-livro-um-lapis-no-punho-de-joao-ventura-a-07-de-fevereiro-na-biblioteca-municipal-de-lagoa\\\/cultura\\\/16\\\/25\\\/#primaryimage\"},\"thumbnailUrl\":\"https:\\\/\\\/algarve7.pt\\\/wp-content\\\/uploads\\\/2025\\\/01\\\/Captura-de-ecra-2025-01-26-as-16.21.55.png\",\"keywords\":[\"Algarve\",\"Cultura\",\"Lagoa\"],\"articleSection\":[\"Cultura\"],\"inLanguage\":\"pt-PT\"},{\"@type\":\"WebPage\",\"@id\":\"https:\\\/\\\/algarve7.pt\\\/index.php\\\/2025\\\/01\\\/apresentacao-do-livro-um-lapis-no-punho-de-joao-ventura-a-07-de-fevereiro-na-biblioteca-municipal-de-lagoa\\\/cultura\\\/16\\\/25\\\/\",\"url\":\"https:\\\/\\\/algarve7.pt\\\/index.php\\\/2025\\\/01\\\/apresentacao-do-livro-um-lapis-no-punho-de-joao-ventura-a-07-de-fevereiro-na-biblioteca-municipal-de-lagoa\\\/cultura\\\/16\\\/25\\\/\",\"name\":\"Apresenta\u00e7\u00e3o do Livro Um l\u00e1pis no punho de Jo\u00e3o Ventura a 07 de fevereiro na Biblioteca Municipal de Lagoa\u00a0 - Algarve 7\",\"isPartOf\":{\"@id\":\"https:\\\/\\\/algarve7.pt\\\/#website\"},\"primaryImageOfPage\":{\"@id\":\"https:\\\/\\\/algarve7.pt\\\/index.php\\\/2025\\\/01\\\/apresentacao-do-livro-um-lapis-no-punho-de-joao-ventura-a-07-de-fevereiro-na-biblioteca-municipal-de-lagoa\\\/cultura\\\/16\\\/25\\\/#primaryimage\"},\"image\":{\"@id\":\"https:\\\/\\\/algarve7.pt\\\/index.php\\\/2025\\\/01\\\/apresentacao-do-livro-um-lapis-no-punho-de-joao-ventura-a-07-de-fevereiro-na-biblioteca-municipal-de-lagoa\\\/cultura\\\/16\\\/25\\\/#primaryimage\"},\"thumbnailUrl\":\"https:\\\/\\\/algarve7.pt\\\/wp-content\\\/uploads\\\/2025\\\/01\\\/Captura-de-ecra-2025-01-26-as-16.21.55.png\",\"datePublished\":\"2025-01-26T16:25:27+00:00\",\"dateModified\":\"2025-01-26T16:25:32+00:00\",\"description\":\"Apresenta\u00e7\u00e3o do Livro Um l\u00e1pis no punho de Jo\u00e3o Ventura a 07 de fevereiro na Biblioteca Municipal de Lagoa\u00a0 Cultura\",\"breadcrumb\":{\"@id\":\"https:\\\/\\\/algarve7.pt\\\/index.php\\\/2025\\\/01\\\/apresentacao-do-livro-um-lapis-no-punho-de-joao-ventura-a-07-de-fevereiro-na-biblioteca-municipal-de-lagoa\\\/cultura\\\/16\\\/25\\\/#breadcrumb\"},\"inLanguage\":\"pt-PT\",\"potentialAction\":[{\"@type\":\"ReadAction\",\"target\":[\"https:\\\/\\\/algarve7.pt\\\/index.php\\\/2025\\\/01\\\/apresentacao-do-livro-um-lapis-no-punho-de-joao-ventura-a-07-de-fevereiro-na-biblioteca-municipal-de-lagoa\\\/cultura\\\/16\\\/25\\\/\"]}]},{\"@type\":\"ImageObject\",\"inLanguage\":\"pt-PT\",\"@id\":\"https:\\\/\\\/algarve7.pt\\\/index.php\\\/2025\\\/01\\\/apresentacao-do-livro-um-lapis-no-punho-de-joao-ventura-a-07-de-fevereiro-na-biblioteca-municipal-de-lagoa\\\/cultura\\\/16\\\/25\\\/#primaryimage\",\"url\":\"https:\\\/\\\/algarve7.pt\\\/wp-content\\\/uploads\\\/2025\\\/01\\\/Captura-de-ecra-2025-01-26-as-16.21.55.png\",\"contentUrl\":\"https:\\\/\\\/algarve7.pt\\\/wp-content\\\/uploads\\\/2025\\\/01\\\/Captura-de-ecra-2025-01-26-as-16.21.55.png\",\"width\":800,\"height\":500},{\"@type\":\"BreadcrumbList\",\"@id\":\"https:\\\/\\\/algarve7.pt\\\/index.php\\\/2025\\\/01\\\/apresentacao-do-livro-um-lapis-no-punho-de-joao-ventura-a-07-de-fevereiro-na-biblioteca-municipal-de-lagoa\\\/cultura\\\/16\\\/25\\\/#breadcrumb\",\"itemListElement\":[{\"@type\":\"ListItem\",\"position\":1,\"name\":\"In\u00edcio\",\"item\":\"https:\\\/\\\/algarve7.pt\\\/\"},{\"@type\":\"ListItem\",\"position\":2,\"name\":\"Apresenta\u00e7\u00e3o do Livro Um l\u00e1pis no punho de Jo\u00e3o Ventura a 07 de fevereiro na Biblioteca Municipal de Lagoa\u00a0\"}]},{\"@type\":\"WebSite\",\"@id\":\"https:\\\/\\\/algarve7.pt\\\/#website\",\"url\":\"https:\\\/\\\/algarve7.pt\\\/\",\"name\":\"Algarve 7\",\"description\":\"Informa\u00e7\u00e3o sobre o Algarve\",\"publisher\":{\"@id\":\"https:\\\/\\\/algarve7.pt\\\/#organization\"},\"potentialAction\":[{\"@type\":\"SearchAction\",\"target\":{\"@type\":\"EntryPoint\",\"urlTemplate\":\"https:\\\/\\\/algarve7.pt\\\/?s={search_term_string}\"},\"query-input\":{\"@type\":\"PropertyValueSpecification\",\"valueRequired\":true,\"valueName\":\"search_term_string\"}}],\"inLanguage\":\"pt-PT\"},{\"@type\":\"Organization\",\"@id\":\"https:\\\/\\\/algarve7.pt\\\/#organization\",\"name\":\"Algarve 7\",\"url\":\"https:\\\/\\\/algarve7.pt\\\/\",\"logo\":{\"@type\":\"ImageObject\",\"inLanguage\":\"pt-PT\",\"@id\":\"https:\\\/\\\/algarve7.pt\\\/#\\\/schema\\\/logo\\\/image\\\/\",\"url\":\"https:\\\/\\\/algarve7.pt\\\/wp-content\\\/uploads\\\/2020\\\/10\\\/Logo-8.jpg\",\"contentUrl\":\"https:\\\/\\\/algarve7.pt\\\/wp-content\\\/uploads\\\/2020\\\/10\\\/Logo-8.jpg\",\"width\":1680,\"height\":1186,\"caption\":\"Algarve 7\"},\"image\":{\"@id\":\"https:\\\/\\\/algarve7.pt\\\/#\\\/schema\\\/logo\\\/image\\\/\"},\"sameAs\":[\"https:\\\/\\\/www.facebook.com\\\/algarve7\",\"https:\\\/\\\/x.com\\\/Algarvesete\",\"https:\\\/\\\/www.instagram.com\\\/jornalalgarve7\\\/\",\"https:\\\/\\\/www.linkedin.com\\\/company\\\/algarve7\",\"https:\\\/\\\/www.pinterest.pt\\\/geral0939\\\/_created\\\/\"]},{\"@type\":\"Person\",\"@id\":\"https:\\\/\\\/algarve7.pt\\\/#\\\/schema\\\/person\\\/23fa70681308e7b319a3204bcea45e0c\",\"name\":\"Algarve 7\",\"sameAs\":[\"https:\\\/\\\/algarve7.pt\",\"https:\\\/\\\/www.facebook.com\\\/algarve7\"],\"url\":\"https:\\\/\\\/algarve7.pt\\\/index.php\\\/author\\\/geralalgarve7-pt\\\/\"}]}<\/script>\n<!-- \/ Yoast SEO plugin. -->","yoast_head_json":{"title":"Apresenta\u00e7\u00e3o do Livro Um l\u00e1pis no punho de Jo\u00e3o Ventura a 07 de fevereiro na Biblioteca Municipal de Lagoa\u00a0 - Algarve 7","description":"Apresenta\u00e7\u00e3o do Livro Um l\u00e1pis no punho de Jo\u00e3o Ventura a 07 de fevereiro na Biblioteca Municipal de Lagoa\u00a0 Cultura","robots":{"index":"index","follow":"follow","max-snippet":"max-snippet:-1","max-image-preview":"max-image-preview:large","max-video-preview":"max-video-preview:-1"},"canonical":"https:\/\/algarve7.pt\/index.php\/2025\/01\/apresentacao-do-livro-um-lapis-no-punho-de-joao-ventura-a-07-de-fevereiro-na-biblioteca-municipal-de-lagoa\/cultura\/16\/25\/","og_locale":"pt_PT","og_type":"article","og_title":"Apresenta\u00e7\u00e3o do Livro Um l\u00e1pis no punho de Jo\u00e3o Ventura a 07 de fevereiro na Biblioteca Municipal de Lagoa\u00a0 - Algarve 7","og_description":"Apresenta\u00e7\u00e3o do Livro Um l\u00e1pis no punho de Jo\u00e3o Ventura a 07 de fevereiro na Biblioteca Municipal de Lagoa\u00a0 Cultura","og_url":"https:\/\/algarve7.pt\/index.php\/2025\/01\/apresentacao-do-livro-um-lapis-no-punho-de-joao-ventura-a-07-de-fevereiro-na-biblioteca-municipal-de-lagoa\/cultura\/16\/25\/","og_site_name":"Algarve 7","article_publisher":"https:\/\/www.facebook.com\/algarve7","article_author":"https:\/\/www.facebook.com\/algarve7","article_published_time":"2025-01-26T16:25:27+00:00","article_modified_time":"2025-01-26T16:25:32+00:00","og_image":[{"width":800,"height":500,"url":"https:\/\/algarve7.pt\/wp-content\/uploads\/2025\/01\/Captura-de-ecra-2025-01-26-as-16.21.55.png","type":"image\/png"}],"author":"Algarve 7","twitter_card":"summary_large_image","twitter_creator":"@Algarvesete","twitter_site":"@Algarvesete","twitter_misc":{"Escrito por":"Algarve 7","Tempo estimado de leitura":"2 minutos"},"schema":{"@context":"https:\/\/schema.org","@graph":[{"@type":"Article","@id":"https:\/\/algarve7.pt\/index.php\/2025\/01\/apresentacao-do-livro-um-lapis-no-punho-de-joao-ventura-a-07-de-fevereiro-na-biblioteca-municipal-de-lagoa\/cultura\/16\/25\/#article","isPartOf":{"@id":"https:\/\/algarve7.pt\/index.php\/2025\/01\/apresentacao-do-livro-um-lapis-no-punho-de-joao-ventura-a-07-de-fevereiro-na-biblioteca-municipal-de-lagoa\/cultura\/16\/25\/"},"author":{"name":"Algarve 7","@id":"https:\/\/algarve7.pt\/#\/schema\/person\/23fa70681308e7b319a3204bcea45e0c"},"headline":"Apresenta\u00e7\u00e3o do Livro Um l\u00e1pis no punho de Jo\u00e3o Ventura a 07 de fevereiro na Biblioteca Municipal de Lagoa\u00a0","datePublished":"2025-01-26T16:25:27+00:00","dateModified":"2025-01-26T16:25:32+00:00","mainEntityOfPage":{"@id":"https:\/\/algarve7.pt\/index.php\/2025\/01\/apresentacao-do-livro-um-lapis-no-punho-de-joao-ventura-a-07-de-fevereiro-na-biblioteca-municipal-de-lagoa\/cultura\/16\/25\/"},"wordCount":309,"publisher":{"@id":"https:\/\/algarve7.pt\/#organization"},"image":{"@id":"https:\/\/algarve7.pt\/index.php\/2025\/01\/apresentacao-do-livro-um-lapis-no-punho-de-joao-ventura-a-07-de-fevereiro-na-biblioteca-municipal-de-lagoa\/cultura\/16\/25\/#primaryimage"},"thumbnailUrl":"https:\/\/algarve7.pt\/wp-content\/uploads\/2025\/01\/Captura-de-ecra-2025-01-26-as-16.21.55.png","keywords":["Algarve","Cultura","Lagoa"],"articleSection":["Cultura"],"inLanguage":"pt-PT"},{"@type":"WebPage","@id":"https:\/\/algarve7.pt\/index.php\/2025\/01\/apresentacao-do-livro-um-lapis-no-punho-de-joao-ventura-a-07-de-fevereiro-na-biblioteca-municipal-de-lagoa\/cultura\/16\/25\/","url":"https:\/\/algarve7.pt\/index.php\/2025\/01\/apresentacao-do-livro-um-lapis-no-punho-de-joao-ventura-a-07-de-fevereiro-na-biblioteca-municipal-de-lagoa\/cultura\/16\/25\/","name":"Apresenta\u00e7\u00e3o do Livro Um l\u00e1pis no punho de Jo\u00e3o Ventura a 07 de fevereiro na Biblioteca Municipal de Lagoa\u00a0 - Algarve 7","isPartOf":{"@id":"https:\/\/algarve7.pt\/#website"},"primaryImageOfPage":{"@id":"https:\/\/algarve7.pt\/index.php\/2025\/01\/apresentacao-do-livro-um-lapis-no-punho-de-joao-ventura-a-07-de-fevereiro-na-biblioteca-municipal-de-lagoa\/cultura\/16\/25\/#primaryimage"},"image":{"@id":"https:\/\/algarve7.pt\/index.php\/2025\/01\/apresentacao-do-livro-um-lapis-no-punho-de-joao-ventura-a-07-de-fevereiro-na-biblioteca-municipal-de-lagoa\/cultura\/16\/25\/#primaryimage"},"thumbnailUrl":"https:\/\/algarve7.pt\/wp-content\/uploads\/2025\/01\/Captura-de-ecra-2025-01-26-as-16.21.55.png","datePublished":"2025-01-26T16:25:27+00:00","dateModified":"2025-01-26T16:25:32+00:00","description":"Apresenta\u00e7\u00e3o do Livro Um l\u00e1pis no punho de Jo\u00e3o Ventura a 07 de fevereiro na Biblioteca Municipal de Lagoa\u00a0 Cultura","breadcrumb":{"@id":"https:\/\/algarve7.pt\/index.php\/2025\/01\/apresentacao-do-livro-um-lapis-no-punho-de-joao-ventura-a-07-de-fevereiro-na-biblioteca-municipal-de-lagoa\/cultura\/16\/25\/#breadcrumb"},"inLanguage":"pt-PT","potentialAction":[{"@type":"ReadAction","target":["https:\/\/algarve7.pt\/index.php\/2025\/01\/apresentacao-do-livro-um-lapis-no-punho-de-joao-ventura-a-07-de-fevereiro-na-biblioteca-municipal-de-lagoa\/cultura\/16\/25\/"]}]},{"@type":"ImageObject","inLanguage":"pt-PT","@id":"https:\/\/algarve7.pt\/index.php\/2025\/01\/apresentacao-do-livro-um-lapis-no-punho-de-joao-ventura-a-07-de-fevereiro-na-biblioteca-municipal-de-lagoa\/cultura\/16\/25\/#primaryimage","url":"https:\/\/algarve7.pt\/wp-content\/uploads\/2025\/01\/Captura-de-ecra-2025-01-26-as-16.21.55.png","contentUrl":"https:\/\/algarve7.pt\/wp-content\/uploads\/2025\/01\/Captura-de-ecra-2025-01-26-as-16.21.55.png","width":800,"height":500},{"@type":"BreadcrumbList","@id":"https:\/\/algarve7.pt\/index.php\/2025\/01\/apresentacao-do-livro-um-lapis-no-punho-de-joao-ventura-a-07-de-fevereiro-na-biblioteca-municipal-de-lagoa\/cultura\/16\/25\/#breadcrumb","itemListElement":[{"@type":"ListItem","position":1,"name":"In\u00edcio","item":"https:\/\/algarve7.pt\/"},{"@type":"ListItem","position":2,"name":"Apresenta\u00e7\u00e3o do Livro Um l\u00e1pis no punho de Jo\u00e3o Ventura a 07 de fevereiro na Biblioteca Municipal de Lagoa\u00a0"}]},{"@type":"WebSite","@id":"https:\/\/algarve7.pt\/#website","url":"https:\/\/algarve7.pt\/","name":"Algarve 7","description":"Informa\u00e7\u00e3o sobre o Algarve","publisher":{"@id":"https:\/\/algarve7.pt\/#organization"},"potentialAction":[{"@type":"SearchAction","target":{"@type":"EntryPoint","urlTemplate":"https:\/\/algarve7.pt\/?s={search_term_string}"},"query-input":{"@type":"PropertyValueSpecification","valueRequired":true,"valueName":"search_term_string"}}],"inLanguage":"pt-PT"},{"@type":"Organization","@id":"https:\/\/algarve7.pt\/#organization","name":"Algarve 7","url":"https:\/\/algarve7.pt\/","logo":{"@type":"ImageObject","inLanguage":"pt-PT","@id":"https:\/\/algarve7.pt\/#\/schema\/logo\/image\/","url":"https:\/\/algarve7.pt\/wp-content\/uploads\/2020\/10\/Logo-8.jpg","contentUrl":"https:\/\/algarve7.pt\/wp-content\/uploads\/2020\/10\/Logo-8.jpg","width":1680,"height":1186,"caption":"Algarve 7"},"image":{"@id":"https:\/\/algarve7.pt\/#\/schema\/logo\/image\/"},"sameAs":["https:\/\/www.facebook.com\/algarve7","https:\/\/x.com\/Algarvesete","https:\/\/www.instagram.com\/jornalalgarve7\/","https:\/\/www.linkedin.com\/company\/algarve7","https:\/\/www.pinterest.pt\/geral0939\/_created\/"]},{"@type":"Person","@id":"https:\/\/algarve7.pt\/#\/schema\/person\/23fa70681308e7b319a3204bcea45e0c","name":"Algarve 7","sameAs":["https:\/\/algarve7.pt","https:\/\/www.facebook.com\/algarve7"],"url":"https:\/\/algarve7.pt\/index.php\/author\/geralalgarve7-pt\/"}]}},"jetpack_publicize_connections":[],"jetpack_featured_media_url":"https:\/\/algarve7.pt\/wp-content\/uploads\/2025\/01\/Captura-de-ecra-2025-01-26-as-16.21.55.png","jetpack_shortlink":"https:\/\/wp.me\/pcezmW-c80","jetpack_sharing_enabled":true,"_links":{"self":[{"href":"https:\/\/algarve7.pt\/index.php\/wp-json\/wp\/v2\/posts\/46624","targetHints":{"allow":["GET"]}}],"collection":[{"href":"https:\/\/algarve7.pt\/index.php\/wp-json\/wp\/v2\/posts"}],"about":[{"href":"https:\/\/algarve7.pt\/index.php\/wp-json\/wp\/v2\/types\/post"}],"author":[{"embeddable":true,"href":"https:\/\/algarve7.pt\/index.php\/wp-json\/wp\/v2\/users\/1"}],"replies":[{"embeddable":true,"href":"https:\/\/algarve7.pt\/index.php\/wp-json\/wp\/v2\/comments?post=46624"}],"version-history":[{"count":0,"href":"https:\/\/algarve7.pt\/index.php\/wp-json\/wp\/v2\/posts\/46624\/revisions"}],"wp:featuredmedia":[{"embeddable":true,"href":"https:\/\/algarve7.pt\/index.php\/wp-json\/wp\/v2\/media\/46625"}],"wp:attachment":[{"href":"https:\/\/algarve7.pt\/index.php\/wp-json\/wp\/v2\/media?parent=46624"}],"wp:term":[{"taxonomy":"category","embeddable":true,"href":"https:\/\/algarve7.pt\/index.php\/wp-json\/wp\/v2\/categories?post=46624"},{"taxonomy":"post_tag","embeddable":true,"href":"https:\/\/algarve7.pt\/index.php\/wp-json\/wp\/v2\/tags?post=46624"}],"curies":[{"name":"wp","href":"https:\/\/api.w.org\/{rel}","templated":true}]}}