{"id":46609,"date":"2025-01-25T10:00:00","date_gmt":"2025-01-25T10:00:00","guid":{"rendered":"https:\/\/algarve7.pt\/?p=46609"},"modified":"2025-01-23T19:10:14","modified_gmt":"2025-01-23T19:10:14","slug":"sessao-step-com-casa-cheia-na-ccdr-algarve","status":"publish","type":"post","link":"https:\/\/algarve7.pt\/index.php\/2025\/01\/sessao-step-com-casa-cheia-na-ccdr-algarve\/atualidade\/10\/00\/","title":{"rendered":"Sess\u00e3o STEP com casa cheia na CCDR Algarve"},"content":{"rendered":"\n<p>Decorreu na \u00faltima ter\u00e7a feira, no Audit\u00f3rio da&nbsp;&nbsp;CCDR Algarve, a sess\u00e3o STEP &#8211; Plataforma de Tecnologias Estrat\u00e9gicas para a Europa, no \u00e2mbito do ciclo de sess\u00f5es&nbsp;<a href=\"https:\/\/www.adcoesao.pt\/fundos\/pos-2020\/plataforma-step\/step-open-days-2025\/\" target=\"_blank\" rel=\"noreferrer noopener\"><strong>STEP OPEN DAYS<\/strong><\/a>.<\/p>\n\n\n\n<p>Com \u201ccasa cheia\u201d, a iniciativa organizada e promovida pela Ag\u00eancia para o Desenvolvimento e Coes\u00e3o, IP &#8211; AD&amp;C e pela CCDR Algarve, atrav\u00e9s da Unidade de Planeamento e Desenvolvimento Regional, deu a conhecer as novas oportunidades de financiamento e colabora\u00e7\u00e3o a n\u00edvel europeu das empresas no investimento em tecnologias digitais, nas tecnologias limpas e nas biotecnologias da iniciativa STEP.<\/p>\n\n\n\n<p>A sess\u00e3o contou, na sess\u00e3o de abertura, com a presen\u00e7a de representantes da Comiss\u00e3o Europeia (DG Budget), do Vice-Presidente AD&amp;C, Duarte Rodrigues, do Presidente da CCDR Algarve, Jos\u00e9 Apolin\u00e1rio, do Reitor Universidade do Algarve, Paulo \u00c1guas, do Presidente da ANI, Ant\u00f3nio Grilo, da Vogal do COMPETE 2030, Carla Leal, do diretor de Unidade da AD&amp;C Francisco Vala, do Chefe de Divis\u00e3o da APA, Pedro Baptista. Seguiram-se tr\u00eas pain\u00e9is de mesa-redonda com representantes de diversas entidades da regi\u00e3o: Algarve Evolution, INNUOS, IAPMEI, GALP Renov\u00e1veis, ALGAR, ROLEAR, GreenColab, ABC e Express Tech. Os pain\u00e9is foram moderados por Aquiles Marreiros, Vogal do ALGARVE 2030, Ana Oliveira da DGEG e Gabriel Os\u00f3rio de Barros da GEE.<\/p>\n\n\n\n<p>STEP \u00e9 um novo&nbsp;<a href=\"https:\/\/portugal2030.pt\/wp-content\/uploads\/sites\/3\/2024\/03\/reg2024_795.pdf\">regulamento da UE<\/a>, que entrou em vigor em 1 de mar\u00e7o de 2024, e que pretende &nbsp;<strong>refor\u00e7ar a competitividade industrial e a soberania da UE<\/strong>, financiando o desenvolvimento e o fabrico de tecnologias cr\u00edticas na UE, refor\u00e7ando as suas cadeias de valor e as compet\u00eancias necess\u00e1rias.<\/p>\n\n\n\n<p>A plataforma pretende angariar e orientar o financiamento de 11 programas da UE para as tr\u00eas \u00e1reas de investimento acima mencionadas:<\/p>\n\n\n\n<ul class=\"wp-block-list\">\n<li><strong>Tecnologias digitais e inova\u00e7\u00e3o de tecnologia profunda<\/strong>, que inclui intelig\u00eancia artificial, tecnologias qu\u00e2nticas e conectividade avan\u00e7ada,<\/li>\n\n\n\n<li><strong>Tecnologias limpas e eficientes em termos de recursos<\/strong>, incluindo tecnologias de captura e armazenamento de carbono e bombas de calor, e<\/li>\n\n\n\n<li><strong>Biotecnologias<\/strong>, como a biotecnologia molecular, farmac\u00eautica e biotecnologia agr\u00edcola.<\/li>\n<\/ul>\n\n\n\n<p>O STEP abre a possibilidade de alguns dos programas do Portugal 2030 refor\u00e7arem o apoio aos setores STEP, incluindo a empresas n\u00e3o PME e de majora\u00e7\u00e3o das taxas de cofinanciamento.<\/p>\n\n\n\n<p>O STEP introduz ainda um novo selo STEP \u2013 um r\u00f3tulo da UE para projetos de alta qualidade que lhe concede maior visibilidade e facilita o seu acesso a outras poss\u00edveis fontes de financiamento.<\/p>\n\n\n\n<p>Em Portugal, a AD&amp;C \u2013 Ag\u00eancia para o Desenvolvimento e Coes\u00e3o, foi designada como Ponto Focal Nacional, tendo sido igualmente definido um Grupo de Trabalho interministerial composto por um conjunto de entidades que garantem o acompanhamento multissetorial.<\/p>\n\n\n\n<p>As apresenta\u00e7\u00f5es da sess\u00e3o est\u00e3o dispon\u00edveis\u00a0<a href=\"https:\/\/www.adcoesao.pt\/fundos\/pos-2020\/plataforma-step\/step-open-days-2025\/\" target=\"_blank\" rel=\"noreferrer noopener\">AQUI<\/a><\/p>\n","protected":false},"excerpt":{"rendered":"<p>Decorreu na \u00faltima ter\u00e7a feira, no Audit\u00f3rio da&nbsp;&nbsp;CCDR Algarve, a sess\u00e3o STEP &#8211; Plataforma de Tecnologias Estrat\u00e9gicas para a Europa,<\/p>\n","protected":false},"author":1,"featured_media":46610,"comment_status":"closed","ping_status":"closed","sticky":false,"template":"","format":"standard","meta":{"colormag_page_container_layout":"default_layout","colormag_page_sidebar_layout":"default_layout","_monsterinsights_skip_tracking":false,"_monsterinsights_sitenote_active":false,"_monsterinsights_sitenote_note":"","_monsterinsights_sitenote_category":0,"jetpack_post_was_ever_published":false,"_jetpack_newsletter_access":"","_jetpack_dont_email_post_to_subs":false,"_jetpack_newsletter_tier_id":0,"_jetpack_memberships_contains_paywalled_content":false,"_jetpack_memberships_contains_paid_content":false,"footnotes":"","jetpack_publicize_message":"","jetpack_publicize_feature_enabled":true,"jetpack_social_post_already_shared":true,"jetpack_social_options":{"image_generator_settings":{"template":"highway","default_image_id":0,"font":"","enabled":false},"version":2}},"categories":[11],"tags":[36,62,143],"class_list":["post-46609","post","type-post","status-publish","format-standard","has-post-thumbnail","hentry","category-atualidade","tag-algarve","tag-atualidade","tag-ccdr-algarve"],"yoast_head":"<!-- This site is optimized with the Yoast SEO plugin v27.5 - https:\/\/yoast.com\/product\/yoast-seo-wordpress\/ -->\n<title>Sess\u00e3o STEP com casa cheia na CCDR Algarve - Algarve 7<\/title>\n<meta name=\"description\" content=\"Sess\u00e3o STEP com casa cheia na CCDR Algarve Atualidade\" \/>\n<meta name=\"robots\" content=\"index, follow, max-snippet:-1, max-image-preview:large, max-video-preview:-1\" \/>\n<link rel=\"canonical\" href=\"https:\/\/algarve7.pt\/index.php\/2025\/01\/sessao-step-com-casa-cheia-na-ccdr-algarve\/atualidade\/10\/00\/\" \/>\n<meta property=\"og:locale\" content=\"pt_PT\" \/>\n<meta property=\"og:type\" content=\"article\" \/>\n<meta property=\"og:title\" content=\"Sess\u00e3o STEP com casa cheia na CCDR Algarve - Algarve 7\" \/>\n<meta property=\"og:description\" content=\"Sess\u00e3o STEP com casa cheia na CCDR Algarve Atualidade\" \/>\n<meta property=\"og:url\" content=\"https:\/\/algarve7.pt\/index.php\/2025\/01\/sessao-step-com-casa-cheia-na-ccdr-algarve\/atualidade\/10\/00\/\" \/>\n<meta property=\"og:site_name\" content=\"Algarve 7\" \/>\n<meta property=\"article:publisher\" content=\"https:\/\/www.facebook.com\/algarve7\" \/>\n<meta property=\"article:author\" content=\"https:\/\/www.facebook.com\/algarve7\" \/>\n<meta property=\"article:published_time\" content=\"2025-01-25T10:00:00+00:00\" \/>\n<meta property=\"og:image\" content=\"https:\/\/algarve7.pt\/wp-content\/uploads\/2025\/01\/STEP-Open-Days-na-CCDR-21-01-2025-8.jpg\" \/>\n\t<meta property=\"og:image:width\" content=\"800\" \/>\n\t<meta property=\"og:image:height\" content=\"500\" \/>\n\t<meta property=\"og:image:type\" content=\"image\/jpeg\" \/>\n<meta name=\"author\" content=\"Algarve 7\" \/>\n<meta name=\"twitter:card\" content=\"summary_large_image\" \/>\n<meta name=\"twitter:creator\" content=\"@Algarvesete\" \/>\n<meta name=\"twitter:site\" content=\"@Algarvesete\" \/>\n<meta name=\"twitter:label1\" content=\"Escrito por\" \/>\n\t<meta name=\"twitter:data1\" content=\"Algarve 7\" \/>\n\t<meta name=\"twitter:label2\" content=\"Tempo estimado de leitura\" \/>\n\t<meta name=\"twitter:data2\" content=\"3 minutos\" \/>\n<script type=\"application\/ld+json\" class=\"yoast-schema-graph\">{\"@context\":\"https:\\\/\\\/schema.org\",\"@graph\":[{\"@type\":\"Article\",\"@id\":\"https:\\\/\\\/algarve7.pt\\\/index.php\\\/2025\\\/01\\\/sessao-step-com-casa-cheia-na-ccdr-algarve\\\/atualidade\\\/10\\\/00\\\/#article\",\"isPartOf\":{\"@id\":\"https:\\\/\\\/algarve7.pt\\\/index.php\\\/2025\\\/01\\\/sessao-step-com-casa-cheia-na-ccdr-algarve\\\/atualidade\\\/10\\\/00\\\/\"},\"author\":{\"name\":\"Algarve 7\",\"@id\":\"https:\\\/\\\/algarve7.pt\\\/#\\\/schema\\\/person\\\/23fa70681308e7b319a3204bcea45e0c\"},\"headline\":\"Sess\u00e3o STEP com casa cheia na CCDR Algarve\",\"datePublished\":\"2025-01-25T10:00:00+00:00\",\"mainEntityOfPage\":{\"@id\":\"https:\\\/\\\/algarve7.pt\\\/index.php\\\/2025\\\/01\\\/sessao-step-com-casa-cheia-na-ccdr-algarve\\\/atualidade\\\/10\\\/00\\\/\"},\"wordCount\":486,\"publisher\":{\"@id\":\"https:\\\/\\\/algarve7.pt\\\/#organization\"},\"image\":{\"@id\":\"https:\\\/\\\/algarve7.pt\\\/index.php\\\/2025\\\/01\\\/sessao-step-com-casa-cheia-na-ccdr-algarve\\\/atualidade\\\/10\\\/00\\\/#primaryimage\"},\"thumbnailUrl\":\"https:\\\/\\\/algarve7.pt\\\/wp-content\\\/uploads\\\/2025\\\/01\\\/STEP-Open-Days-na-CCDR-21-01-2025-8.jpg\",\"keywords\":[\"Algarve\",\"Atualidade\",\"CCDR Algarve\"],\"articleSection\":[\"Atualidade\"],\"inLanguage\":\"pt-PT\"},{\"@type\":\"WebPage\",\"@id\":\"https:\\\/\\\/algarve7.pt\\\/index.php\\\/2025\\\/01\\\/sessao-step-com-casa-cheia-na-ccdr-algarve\\\/atualidade\\\/10\\\/00\\\/\",\"url\":\"https:\\\/\\\/algarve7.pt\\\/index.php\\\/2025\\\/01\\\/sessao-step-com-casa-cheia-na-ccdr-algarve\\\/atualidade\\\/10\\\/00\\\/\",\"name\":\"Sess\u00e3o STEP com casa cheia na CCDR Algarve - Algarve 7\",\"isPartOf\":{\"@id\":\"https:\\\/\\\/algarve7.pt\\\/#website\"},\"primaryImageOfPage\":{\"@id\":\"https:\\\/\\\/algarve7.pt\\\/index.php\\\/2025\\\/01\\\/sessao-step-com-casa-cheia-na-ccdr-algarve\\\/atualidade\\\/10\\\/00\\\/#primaryimage\"},\"image\":{\"@id\":\"https:\\\/\\\/algarve7.pt\\\/index.php\\\/2025\\\/01\\\/sessao-step-com-casa-cheia-na-ccdr-algarve\\\/atualidade\\\/10\\\/00\\\/#primaryimage\"},\"thumbnailUrl\":\"https:\\\/\\\/algarve7.pt\\\/wp-content\\\/uploads\\\/2025\\\/01\\\/STEP-Open-Days-na-CCDR-21-01-2025-8.jpg\",\"datePublished\":\"2025-01-25T10:00:00+00:00\",\"description\":\"Sess\u00e3o STEP com casa cheia na CCDR Algarve Atualidade\",\"breadcrumb\":{\"@id\":\"https:\\\/\\\/algarve7.pt\\\/index.php\\\/2025\\\/01\\\/sessao-step-com-casa-cheia-na-ccdr-algarve\\\/atualidade\\\/10\\\/00\\\/#breadcrumb\"},\"inLanguage\":\"pt-PT\",\"potentialAction\":[{\"@type\":\"ReadAction\",\"target\":[\"https:\\\/\\\/algarve7.pt\\\/index.php\\\/2025\\\/01\\\/sessao-step-com-casa-cheia-na-ccdr-algarve\\\/atualidade\\\/10\\\/00\\\/\"]}]},{\"@type\":\"ImageObject\",\"inLanguage\":\"pt-PT\",\"@id\":\"https:\\\/\\\/algarve7.pt\\\/index.php\\\/2025\\\/01\\\/sessao-step-com-casa-cheia-na-ccdr-algarve\\\/atualidade\\\/10\\\/00\\\/#primaryimage\",\"url\":\"https:\\\/\\\/algarve7.pt\\\/wp-content\\\/uploads\\\/2025\\\/01\\\/STEP-Open-Days-na-CCDR-21-01-2025-8.jpg\",\"contentUrl\":\"https:\\\/\\\/algarve7.pt\\\/wp-content\\\/uploads\\\/2025\\\/01\\\/STEP-Open-Days-na-CCDR-21-01-2025-8.jpg\",\"width\":800,\"height\":500},{\"@type\":\"BreadcrumbList\",\"@id\":\"https:\\\/\\\/algarve7.pt\\\/index.php\\\/2025\\\/01\\\/sessao-step-com-casa-cheia-na-ccdr-algarve\\\/atualidade\\\/10\\\/00\\\/#breadcrumb\",\"itemListElement\":[{\"@type\":\"ListItem\",\"position\":1,\"name\":\"In\u00edcio\",\"item\":\"https:\\\/\\\/algarve7.pt\\\/\"},{\"@type\":\"ListItem\",\"position\":2,\"name\":\"Sess\u00e3o STEP com casa cheia na CCDR Algarve\"}]},{\"@type\":\"WebSite\",\"@id\":\"https:\\\/\\\/algarve7.pt\\\/#website\",\"url\":\"https:\\\/\\\/algarve7.pt\\\/\",\"name\":\"Algarve 7\",\"description\":\"Informa\u00e7\u00e3o sobre o Algarve\",\"publisher\":{\"@id\":\"https:\\\/\\\/algarve7.pt\\\/#organization\"},\"potentialAction\":[{\"@type\":\"SearchAction\",\"target\":{\"@type\":\"EntryPoint\",\"urlTemplate\":\"https:\\\/\\\/algarve7.pt\\\/?s={search_term_string}\"},\"query-input\":{\"@type\":\"PropertyValueSpecification\",\"valueRequired\":true,\"valueName\":\"search_term_string\"}}],\"inLanguage\":\"pt-PT\"},{\"@type\":\"Organization\",\"@id\":\"https:\\\/\\\/algarve7.pt\\\/#organization\",\"name\":\"Algarve 7\",\"url\":\"https:\\\/\\\/algarve7.pt\\\/\",\"logo\":{\"@type\":\"ImageObject\",\"inLanguage\":\"pt-PT\",\"@id\":\"https:\\\/\\\/algarve7.pt\\\/#\\\/schema\\\/logo\\\/image\\\/\",\"url\":\"https:\\\/\\\/algarve7.pt\\\/wp-content\\\/uploads\\\/2020\\\/10\\\/Logo-8.jpg\",\"contentUrl\":\"https:\\\/\\\/algarve7.pt\\\/wp-content\\\/uploads\\\/2020\\\/10\\\/Logo-8.jpg\",\"width\":1680,\"height\":1186,\"caption\":\"Algarve 7\"},\"image\":{\"@id\":\"https:\\\/\\\/algarve7.pt\\\/#\\\/schema\\\/logo\\\/image\\\/\"},\"sameAs\":[\"https:\\\/\\\/www.facebook.com\\\/algarve7\",\"https:\\\/\\\/x.com\\\/Algarvesete\",\"https:\\\/\\\/www.instagram.com\\\/jornalalgarve7\\\/\",\"https:\\\/\\\/www.linkedin.com\\\/company\\\/algarve7\",\"https:\\\/\\\/www.pinterest.pt\\\/geral0939\\\/_created\\\/\"]},{\"@type\":\"Person\",\"@id\":\"https:\\\/\\\/algarve7.pt\\\/#\\\/schema\\\/person\\\/23fa70681308e7b319a3204bcea45e0c\",\"name\":\"Algarve 7\",\"sameAs\":[\"https:\\\/\\\/algarve7.pt\",\"https:\\\/\\\/www.facebook.com\\\/algarve7\"],\"url\":\"https:\\\/\\\/algarve7.pt\\\/index.php\\\/author\\\/geralalgarve7-pt\\\/\"}]}<\/script>\n<!-- \/ Yoast SEO plugin. -->","yoast_head_json":{"title":"Sess\u00e3o STEP com casa cheia na CCDR Algarve - Algarve 7","description":"Sess\u00e3o STEP com casa cheia na CCDR Algarve Atualidade","robots":{"index":"index","follow":"follow","max-snippet":"max-snippet:-1","max-image-preview":"max-image-preview:large","max-video-preview":"max-video-preview:-1"},"canonical":"https:\/\/algarve7.pt\/index.php\/2025\/01\/sessao-step-com-casa-cheia-na-ccdr-algarve\/atualidade\/10\/00\/","og_locale":"pt_PT","og_type":"article","og_title":"Sess\u00e3o STEP com casa cheia na CCDR Algarve - Algarve 7","og_description":"Sess\u00e3o STEP com casa cheia na CCDR Algarve Atualidade","og_url":"https:\/\/algarve7.pt\/index.php\/2025\/01\/sessao-step-com-casa-cheia-na-ccdr-algarve\/atualidade\/10\/00\/","og_site_name":"Algarve 7","article_publisher":"https:\/\/www.facebook.com\/algarve7","article_author":"https:\/\/www.facebook.com\/algarve7","article_published_time":"2025-01-25T10:00:00+00:00","og_image":[{"width":800,"height":500,"url":"https:\/\/algarve7.pt\/wp-content\/uploads\/2025\/01\/STEP-Open-Days-na-CCDR-21-01-2025-8.jpg","type":"image\/jpeg"}],"author":"Algarve 7","twitter_card":"summary_large_image","twitter_creator":"@Algarvesete","twitter_site":"@Algarvesete","twitter_misc":{"Escrito por":"Algarve 7","Tempo estimado de leitura":"3 minutos"},"schema":{"@context":"https:\/\/schema.org","@graph":[{"@type":"Article","@id":"https:\/\/algarve7.pt\/index.php\/2025\/01\/sessao-step-com-casa-cheia-na-ccdr-algarve\/atualidade\/10\/00\/#article","isPartOf":{"@id":"https:\/\/algarve7.pt\/index.php\/2025\/01\/sessao-step-com-casa-cheia-na-ccdr-algarve\/atualidade\/10\/00\/"},"author":{"name":"Algarve 7","@id":"https:\/\/algarve7.pt\/#\/schema\/person\/23fa70681308e7b319a3204bcea45e0c"},"headline":"Sess\u00e3o STEP com casa cheia na CCDR Algarve","datePublished":"2025-01-25T10:00:00+00:00","mainEntityOfPage":{"@id":"https:\/\/algarve7.pt\/index.php\/2025\/01\/sessao-step-com-casa-cheia-na-ccdr-algarve\/atualidade\/10\/00\/"},"wordCount":486,"publisher":{"@id":"https:\/\/algarve7.pt\/#organization"},"image":{"@id":"https:\/\/algarve7.pt\/index.php\/2025\/01\/sessao-step-com-casa-cheia-na-ccdr-algarve\/atualidade\/10\/00\/#primaryimage"},"thumbnailUrl":"https:\/\/algarve7.pt\/wp-content\/uploads\/2025\/01\/STEP-Open-Days-na-CCDR-21-01-2025-8.jpg","keywords":["Algarve","Atualidade","CCDR Algarve"],"articleSection":["Atualidade"],"inLanguage":"pt-PT"},{"@type":"WebPage","@id":"https:\/\/algarve7.pt\/index.php\/2025\/01\/sessao-step-com-casa-cheia-na-ccdr-algarve\/atualidade\/10\/00\/","url":"https:\/\/algarve7.pt\/index.php\/2025\/01\/sessao-step-com-casa-cheia-na-ccdr-algarve\/atualidade\/10\/00\/","name":"Sess\u00e3o STEP com casa cheia na CCDR Algarve - Algarve 7","isPartOf":{"@id":"https:\/\/algarve7.pt\/#website"},"primaryImageOfPage":{"@id":"https:\/\/algarve7.pt\/index.php\/2025\/01\/sessao-step-com-casa-cheia-na-ccdr-algarve\/atualidade\/10\/00\/#primaryimage"},"image":{"@id":"https:\/\/algarve7.pt\/index.php\/2025\/01\/sessao-step-com-casa-cheia-na-ccdr-algarve\/atualidade\/10\/00\/#primaryimage"},"thumbnailUrl":"https:\/\/algarve7.pt\/wp-content\/uploads\/2025\/01\/STEP-Open-Days-na-CCDR-21-01-2025-8.jpg","datePublished":"2025-01-25T10:00:00+00:00","description":"Sess\u00e3o STEP com casa cheia na CCDR Algarve Atualidade","breadcrumb":{"@id":"https:\/\/algarve7.pt\/index.php\/2025\/01\/sessao-step-com-casa-cheia-na-ccdr-algarve\/atualidade\/10\/00\/#breadcrumb"},"inLanguage":"pt-PT","potentialAction":[{"@type":"ReadAction","target":["https:\/\/algarve7.pt\/index.php\/2025\/01\/sessao-step-com-casa-cheia-na-ccdr-algarve\/atualidade\/10\/00\/"]}]},{"@type":"ImageObject","inLanguage":"pt-PT","@id":"https:\/\/algarve7.pt\/index.php\/2025\/01\/sessao-step-com-casa-cheia-na-ccdr-algarve\/atualidade\/10\/00\/#primaryimage","url":"https:\/\/algarve7.pt\/wp-content\/uploads\/2025\/01\/STEP-Open-Days-na-CCDR-21-01-2025-8.jpg","contentUrl":"https:\/\/algarve7.pt\/wp-content\/uploads\/2025\/01\/STEP-Open-Days-na-CCDR-21-01-2025-8.jpg","width":800,"height":500},{"@type":"BreadcrumbList","@id":"https:\/\/algarve7.pt\/index.php\/2025\/01\/sessao-step-com-casa-cheia-na-ccdr-algarve\/atualidade\/10\/00\/#breadcrumb","itemListElement":[{"@type":"ListItem","position":1,"name":"In\u00edcio","item":"https:\/\/algarve7.pt\/"},{"@type":"ListItem","position":2,"name":"Sess\u00e3o STEP com casa cheia na CCDR Algarve"}]},{"@type":"WebSite","@id":"https:\/\/algarve7.pt\/#website","url":"https:\/\/algarve7.pt\/","name":"Algarve 7","description":"Informa\u00e7\u00e3o sobre o Algarve","publisher":{"@id":"https:\/\/algarve7.pt\/#organization"},"potentialAction":[{"@type":"SearchAction","target":{"@type":"EntryPoint","urlTemplate":"https:\/\/algarve7.pt\/?s={search_term_string}"},"query-input":{"@type":"PropertyValueSpecification","valueRequired":true,"valueName":"search_term_string"}}],"inLanguage":"pt-PT"},{"@type":"Organization","@id":"https:\/\/algarve7.pt\/#organization","name":"Algarve 7","url":"https:\/\/algarve7.pt\/","logo":{"@type":"ImageObject","inLanguage":"pt-PT","@id":"https:\/\/algarve7.pt\/#\/schema\/logo\/image\/","url":"https:\/\/algarve7.pt\/wp-content\/uploads\/2020\/10\/Logo-8.jpg","contentUrl":"https:\/\/algarve7.pt\/wp-content\/uploads\/2020\/10\/Logo-8.jpg","width":1680,"height":1186,"caption":"Algarve 7"},"image":{"@id":"https:\/\/algarve7.pt\/#\/schema\/logo\/image\/"},"sameAs":["https:\/\/www.facebook.com\/algarve7","https:\/\/x.com\/Algarvesete","https:\/\/www.instagram.com\/jornalalgarve7\/","https:\/\/www.linkedin.com\/company\/algarve7","https:\/\/www.pinterest.pt\/geral0939\/_created\/"]},{"@type":"Person","@id":"https:\/\/algarve7.pt\/#\/schema\/person\/23fa70681308e7b319a3204bcea45e0c","name":"Algarve 7","sameAs":["https:\/\/algarve7.pt","https:\/\/www.facebook.com\/algarve7"],"url":"https:\/\/algarve7.pt\/index.php\/author\/geralalgarve7-pt\/"}]}},"jetpack_publicize_connections":[],"jetpack_featured_media_url":"https:\/\/algarve7.pt\/wp-content\/uploads\/2025\/01\/STEP-Open-Days-na-CCDR-21-01-2025-8.jpg","jetpack_shortlink":"https:\/\/wp.me\/pcezmW-c7L","jetpack_sharing_enabled":true,"_links":{"self":[{"href":"https:\/\/algarve7.pt\/index.php\/wp-json\/wp\/v2\/posts\/46609","targetHints":{"allow":["GET"]}}],"collection":[{"href":"https:\/\/algarve7.pt\/index.php\/wp-json\/wp\/v2\/posts"}],"about":[{"href":"https:\/\/algarve7.pt\/index.php\/wp-json\/wp\/v2\/types\/post"}],"author":[{"embeddable":true,"href":"https:\/\/algarve7.pt\/index.php\/wp-json\/wp\/v2\/users\/1"}],"replies":[{"embeddable":true,"href":"https:\/\/algarve7.pt\/index.php\/wp-json\/wp\/v2\/comments?post=46609"}],"version-history":[{"count":0,"href":"https:\/\/algarve7.pt\/index.php\/wp-json\/wp\/v2\/posts\/46609\/revisions"}],"wp:featuredmedia":[{"embeddable":true,"href":"https:\/\/algarve7.pt\/index.php\/wp-json\/wp\/v2\/media\/46610"}],"wp:attachment":[{"href":"https:\/\/algarve7.pt\/index.php\/wp-json\/wp\/v2\/media?parent=46609"}],"wp:term":[{"taxonomy":"category","embeddable":true,"href":"https:\/\/algarve7.pt\/index.php\/wp-json\/wp\/v2\/categories?post=46609"},{"taxonomy":"post_tag","embeddable":true,"href":"https:\/\/algarve7.pt\/index.php\/wp-json\/wp\/v2\/tags?post=46609"}],"curies":[{"name":"wp","href":"https:\/\/api.w.org\/{rel}","templated":true}]}}