{"id":46607,"date":"2025-01-23T19:02:16","date_gmt":"2025-01-23T19:02:16","guid":{"rendered":"https:\/\/algarve7.pt\/?p=46607"},"modified":"2025-01-23T19:02:19","modified_gmt":"2025-01-23T19:02:19","slug":"reservas-no-algarve-subiram-de-34-para-45","status":"publish","type":"post","link":"https:\/\/algarve7.pt\/index.php\/2025\/01\/reservas-no-algarve-subiram-de-34-para-45\/ambiente\/19\/02\/","title":{"rendered":"Reservas no Algarve subiram de 34% para 45%"},"content":{"rendered":"\n<p>As chuvas dos \u00faltimos dias trouxeram mais 52 milh\u00f5es de m3 \u00e0s 6 albufeiras da regi\u00e3o, permitindo uma subida de 34% para 45% de capacidade.<\/p>\n\n\n\n<p>Prev\u00ea-se ainda uma subida destes valores, os quais s\u00e3o apurados diariamente, com a continuidade de escorr\u00eancia das ribeiras.<\/p>\n\n\n\n<p>A recupera\u00e7\u00e3o foi mais expressiva no Sotavento Algarvio, com uma subida de 42 hm3, elevando as reservas das 2 barragens para 67%. O cen\u00e1rio n\u00e3o \u00e9 t\u00e3o favor\u00e1vel no Barlavento, onde se registou um aumento de 10 hm3, com as reservas atuais com apenas 31% da capacidade de armazenamento, mantendo-se as bacias hidrogr\u00e1ficas da Bravura e Arade em seca hidrol\u00f3gica extrema. Apenas o Sotavento passou para seca hidrol\u00f3gica fraca.<\/p>\n\n\n\n<p>Face ao per\u00edodo hom\u00f3logo de 2024, registam-se mais 62 hm3. Ressalva-se que, em janeiro de 2024, o Algarve vivia a situa\u00e7\u00e3o mais preocupante de sempre em termos de seca, impondo a declara\u00e7\u00e3o de situa\u00e7\u00e3o de alerta e a ado\u00e7\u00e3o de um conjunto de medidas de restri\u00e7\u00e3o ao consumo. A recupera\u00e7\u00e3o ocorreu em mar\u00e7o 2024 tendo atingido cerca de 45% da sua capacidade total.<\/p>\n\n\n\n<p>N\u00e3o obstante a recupera\u00e7\u00e3o observada, a situa\u00e7\u00e3o de seca hidrol\u00f3gica da regi\u00e3o do Algarve, ainda persiste, nomeadamente no Barlavento. Os volumes atuais ainda n\u00e3o permitem assegurar a interanualidade das reservas da regi\u00e3o, registando-se uma grande assimetria entre o Barlavento e Sotavento.<\/p>\n\n\n\n<p>Ser\u00e1 avaliada a possibilidade de revis\u00e3o das condicionantes em vigor na regi\u00e3o, mas sem deixar de se continuar a acompanhar diariamente a situa\u00e7\u00e3o hidrol\u00f3gica e os consumos realizados pelos diferentes setores, por forma a assegurar em cada momento o armazenamento do volume necess\u00e1rio para um ano de abastecimento p\u00fablico nas diferentes origens naturais utilizadas.<\/p>\n\n\n\n<p>Relativamente aos n\u00edveis de \u00e1gua subterr\u00e2nea, e em particular o setor ocidental do aqu\u00edfero Queren\u00e7a-Silves, que consiste numa massa de \u00e1gua com um papel bastante relevante para o abastecimento p\u00fablico e rega agr\u00edcola, os dados indicam que a precipita\u00e7\u00e3o ocorrida no final do ano de 2024 juntamente com a redu\u00e7\u00e3o da extra\u00e7\u00e3o, permitiram a estabiliza\u00e7\u00e3o dos n\u00edveis de \u00e1gua subterr\u00e2nea neste sector do aqu\u00edfero. No entanto, os registos piezom\u00e9tricos de dezembro, estando ainda a ser apurados os do corrente m\u00eas, continuam bastante cr\u00edticos neste sector, o que \u00e9 evidenciado pelo facto de que alguns dos pontos de monitoriza\u00e7\u00e3o apresentam o valor m\u00ednimo hist\u00f3rico registado. Ressalva-se que as \u00e1guas subterr\u00e2neas t\u00eam per\u00edodos de recupera\u00e7\u00e3o mais longos, em que a resposta aos epis\u00f3dios de precipita\u00e7\u00e3o varia de acordo com a geomorfologia, podendo demorar de um a v\u00e1rios meses.<\/p>\n\n\n\n<p>A n\u00edvel nacional o volume total armazenado mant\u00e9m-se em cerca de 72%.<\/p>\n","protected":false},"excerpt":{"rendered":"<p>As chuvas dos \u00faltimos dias trouxeram mais 52 milh\u00f5es de m3 \u00e0s 6 albufeiras da regi\u00e3o, permitindo uma subida de<\/p>\n","protected":false},"author":1,"featured_media":15489,"comment_status":"closed","ping_status":"closed","sticky":false,"template":"","format":"standard","meta":{"colormag_page_container_layout":"default_layout","colormag_page_sidebar_layout":"default_layout","_monsterinsights_skip_tracking":false,"_monsterinsights_sitenote_active":false,"_monsterinsights_sitenote_note":"","_monsterinsights_sitenote_category":0,"jetpack_post_was_ever_published":false,"_jetpack_newsletter_access":"","_jetpack_dont_email_post_to_subs":false,"_jetpack_newsletter_tier_id":0,"_jetpack_memberships_contains_paywalled_content":false,"_jetpack_memberships_contains_paid_content":false,"footnotes":"","jetpack_publicize_message":"","jetpack_publicize_feature_enabled":true,"jetpack_social_post_already_shared":true,"jetpack_social_options":{"image_generator_settings":{"template":"highway","default_image_id":0,"font":"","enabled":false},"version":2}},"categories":[5],"tags":[36,32,226],"class_list":["post-46607","post","type-post","status-publish","format-standard","has-post-thumbnail","hentry","category-ambiente","tag-algarve","tag-ambiente","tag-apa"],"yoast_head":"<!-- This site is optimized with the Yoast SEO plugin v27.5 - https:\/\/yoast.com\/product\/yoast-seo-wordpress\/ -->\n<title>Reservas no Algarve subiram de 34% para 45% - Algarve 7<\/title>\n<meta name=\"description\" content=\"Reservas no Algarve subiram de 34% para 45% Ambiente\" \/>\n<meta name=\"robots\" content=\"index, follow, max-snippet:-1, max-image-preview:large, max-video-preview:-1\" \/>\n<link rel=\"canonical\" href=\"https:\/\/algarve7.pt\/index.php\/2025\/01\/reservas-no-algarve-subiram-de-34-para-45\/ambiente\/19\/02\/\" \/>\n<meta property=\"og:locale\" content=\"pt_PT\" \/>\n<meta property=\"og:type\" content=\"article\" \/>\n<meta property=\"og:title\" content=\"Reservas no Algarve subiram de 34% para 45% - Algarve 7\" \/>\n<meta property=\"og:description\" content=\"Reservas no Algarve subiram de 34% para 45% Ambiente\" \/>\n<meta property=\"og:url\" content=\"https:\/\/algarve7.pt\/index.php\/2025\/01\/reservas-no-algarve-subiram-de-34-para-45\/ambiente\/19\/02\/\" \/>\n<meta property=\"og:site_name\" content=\"Algarve 7\" \/>\n<meta property=\"article:publisher\" content=\"https:\/\/www.facebook.com\/algarve7\" \/>\n<meta property=\"article:author\" content=\"https:\/\/www.facebook.com\/algarve7\" \/>\n<meta property=\"article:published_time\" content=\"2025-01-23T19:02:16+00:00\" \/>\n<meta property=\"article:modified_time\" content=\"2025-01-23T19:02:19+00:00\" \/>\n<meta property=\"og:image\" content=\"https:\/\/algarve7.pt\/wp-content\/uploads\/2022\/02\/Barragem-de-Odeleite-Fev-2022.jpg\" \/>\n\t<meta property=\"og:image:width\" content=\"1456\" \/>\n\t<meta property=\"og:image:height\" content=\"971\" \/>\n\t<meta property=\"og:image:type\" content=\"image\/jpeg\" \/>\n<meta name=\"author\" content=\"Algarve 7\" \/>\n<meta name=\"twitter:card\" content=\"summary_large_image\" \/>\n<meta name=\"twitter:creator\" content=\"@Algarvesete\" \/>\n<meta name=\"twitter:site\" content=\"@Algarvesete\" \/>\n<meta name=\"twitter:label1\" content=\"Escrito por\" \/>\n\t<meta name=\"twitter:data1\" content=\"Algarve 7\" \/>\n\t<meta name=\"twitter:label2\" content=\"Tempo estimado de leitura\" \/>\n\t<meta name=\"twitter:data2\" content=\"3 minutos\" \/>\n<script type=\"application\/ld+json\" class=\"yoast-schema-graph\">{\"@context\":\"https:\\\/\\\/schema.org\",\"@graph\":[{\"@type\":\"Article\",\"@id\":\"https:\\\/\\\/algarve7.pt\\\/index.php\\\/2025\\\/01\\\/reservas-no-algarve-subiram-de-34-para-45\\\/ambiente\\\/19\\\/02\\\/#article\",\"isPartOf\":{\"@id\":\"https:\\\/\\\/algarve7.pt\\\/index.php\\\/2025\\\/01\\\/reservas-no-algarve-subiram-de-34-para-45\\\/ambiente\\\/19\\\/02\\\/\"},\"author\":{\"name\":\"Algarve 7\",\"@id\":\"https:\\\/\\\/algarve7.pt\\\/#\\\/schema\\\/person\\\/23fa70681308e7b319a3204bcea45e0c\"},\"headline\":\"Reservas no Algarve subiram de 34% para 45%\",\"datePublished\":\"2025-01-23T19:02:16+00:00\",\"dateModified\":\"2025-01-23T19:02:19+00:00\",\"mainEntityOfPage\":{\"@id\":\"https:\\\/\\\/algarve7.pt\\\/index.php\\\/2025\\\/01\\\/reservas-no-algarve-subiram-de-34-para-45\\\/ambiente\\\/19\\\/02\\\/\"},\"wordCount\":469,\"publisher\":{\"@id\":\"https:\\\/\\\/algarve7.pt\\\/#organization\"},\"image\":{\"@id\":\"https:\\\/\\\/algarve7.pt\\\/index.php\\\/2025\\\/01\\\/reservas-no-algarve-subiram-de-34-para-45\\\/ambiente\\\/19\\\/02\\\/#primaryimage\"},\"thumbnailUrl\":\"https:\\\/\\\/algarve7.pt\\\/wp-content\\\/uploads\\\/2022\\\/02\\\/Barragem-de-Odeleite-Fev-2022.jpg\",\"keywords\":[\"Algarve\",\"Ambiente\",\"APA\"],\"articleSection\":[\"Ambiente\"],\"inLanguage\":\"pt-PT\"},{\"@type\":\"WebPage\",\"@id\":\"https:\\\/\\\/algarve7.pt\\\/index.php\\\/2025\\\/01\\\/reservas-no-algarve-subiram-de-34-para-45\\\/ambiente\\\/19\\\/02\\\/\",\"url\":\"https:\\\/\\\/algarve7.pt\\\/index.php\\\/2025\\\/01\\\/reservas-no-algarve-subiram-de-34-para-45\\\/ambiente\\\/19\\\/02\\\/\",\"name\":\"Reservas no Algarve subiram de 34% para 45% - Algarve 7\",\"isPartOf\":{\"@id\":\"https:\\\/\\\/algarve7.pt\\\/#website\"},\"primaryImageOfPage\":{\"@id\":\"https:\\\/\\\/algarve7.pt\\\/index.php\\\/2025\\\/01\\\/reservas-no-algarve-subiram-de-34-para-45\\\/ambiente\\\/19\\\/02\\\/#primaryimage\"},\"image\":{\"@id\":\"https:\\\/\\\/algarve7.pt\\\/index.php\\\/2025\\\/01\\\/reservas-no-algarve-subiram-de-34-para-45\\\/ambiente\\\/19\\\/02\\\/#primaryimage\"},\"thumbnailUrl\":\"https:\\\/\\\/algarve7.pt\\\/wp-content\\\/uploads\\\/2022\\\/02\\\/Barragem-de-Odeleite-Fev-2022.jpg\",\"datePublished\":\"2025-01-23T19:02:16+00:00\",\"dateModified\":\"2025-01-23T19:02:19+00:00\",\"description\":\"Reservas no Algarve subiram de 34% para 45% Ambiente\",\"breadcrumb\":{\"@id\":\"https:\\\/\\\/algarve7.pt\\\/index.php\\\/2025\\\/01\\\/reservas-no-algarve-subiram-de-34-para-45\\\/ambiente\\\/19\\\/02\\\/#breadcrumb\"},\"inLanguage\":\"pt-PT\",\"potentialAction\":[{\"@type\":\"ReadAction\",\"target\":[\"https:\\\/\\\/algarve7.pt\\\/index.php\\\/2025\\\/01\\\/reservas-no-algarve-subiram-de-34-para-45\\\/ambiente\\\/19\\\/02\\\/\"]}]},{\"@type\":\"ImageObject\",\"inLanguage\":\"pt-PT\",\"@id\":\"https:\\\/\\\/algarve7.pt\\\/index.php\\\/2025\\\/01\\\/reservas-no-algarve-subiram-de-34-para-45\\\/ambiente\\\/19\\\/02\\\/#primaryimage\",\"url\":\"https:\\\/\\\/algarve7.pt\\\/wp-content\\\/uploads\\\/2022\\\/02\\\/Barragem-de-Odeleite-Fev-2022.jpg\",\"contentUrl\":\"https:\\\/\\\/algarve7.pt\\\/wp-content\\\/uploads\\\/2022\\\/02\\\/Barragem-de-Odeleite-Fev-2022.jpg\",\"width\":1456,\"height\":971},{\"@type\":\"BreadcrumbList\",\"@id\":\"https:\\\/\\\/algarve7.pt\\\/index.php\\\/2025\\\/01\\\/reservas-no-algarve-subiram-de-34-para-45\\\/ambiente\\\/19\\\/02\\\/#breadcrumb\",\"itemListElement\":[{\"@type\":\"ListItem\",\"position\":1,\"name\":\"In\u00edcio\",\"item\":\"https:\\\/\\\/algarve7.pt\\\/\"},{\"@type\":\"ListItem\",\"position\":2,\"name\":\"Reservas no Algarve subiram de 34% para 45%\"}]},{\"@type\":\"WebSite\",\"@id\":\"https:\\\/\\\/algarve7.pt\\\/#website\",\"url\":\"https:\\\/\\\/algarve7.pt\\\/\",\"name\":\"Algarve 7\",\"description\":\"Informa\u00e7\u00e3o sobre o Algarve\",\"publisher\":{\"@id\":\"https:\\\/\\\/algarve7.pt\\\/#organization\"},\"potentialAction\":[{\"@type\":\"SearchAction\",\"target\":{\"@type\":\"EntryPoint\",\"urlTemplate\":\"https:\\\/\\\/algarve7.pt\\\/?s={search_term_string}\"},\"query-input\":{\"@type\":\"PropertyValueSpecification\",\"valueRequired\":true,\"valueName\":\"search_term_string\"}}],\"inLanguage\":\"pt-PT\"},{\"@type\":\"Organization\",\"@id\":\"https:\\\/\\\/algarve7.pt\\\/#organization\",\"name\":\"Algarve 7\",\"url\":\"https:\\\/\\\/algarve7.pt\\\/\",\"logo\":{\"@type\":\"ImageObject\",\"inLanguage\":\"pt-PT\",\"@id\":\"https:\\\/\\\/algarve7.pt\\\/#\\\/schema\\\/logo\\\/image\\\/\",\"url\":\"https:\\\/\\\/algarve7.pt\\\/wp-content\\\/uploads\\\/2020\\\/10\\\/Logo-8.jpg\",\"contentUrl\":\"https:\\\/\\\/algarve7.pt\\\/wp-content\\\/uploads\\\/2020\\\/10\\\/Logo-8.jpg\",\"width\":1680,\"height\":1186,\"caption\":\"Algarve 7\"},\"image\":{\"@id\":\"https:\\\/\\\/algarve7.pt\\\/#\\\/schema\\\/logo\\\/image\\\/\"},\"sameAs\":[\"https:\\\/\\\/www.facebook.com\\\/algarve7\",\"https:\\\/\\\/x.com\\\/Algarvesete\",\"https:\\\/\\\/www.instagram.com\\\/jornalalgarve7\\\/\",\"https:\\\/\\\/www.linkedin.com\\\/company\\\/algarve7\",\"https:\\\/\\\/www.pinterest.pt\\\/geral0939\\\/_created\\\/\"]},{\"@type\":\"Person\",\"@id\":\"https:\\\/\\\/algarve7.pt\\\/#\\\/schema\\\/person\\\/23fa70681308e7b319a3204bcea45e0c\",\"name\":\"Algarve 7\",\"sameAs\":[\"https:\\\/\\\/algarve7.pt\",\"https:\\\/\\\/www.facebook.com\\\/algarve7\"],\"url\":\"https:\\\/\\\/algarve7.pt\\\/index.php\\\/author\\\/geralalgarve7-pt\\\/\"}]}<\/script>\n<!-- \/ Yoast SEO plugin. -->","yoast_head_json":{"title":"Reservas no Algarve subiram de 34% para 45% - Algarve 7","description":"Reservas no Algarve subiram de 34% para 45% Ambiente","robots":{"index":"index","follow":"follow","max-snippet":"max-snippet:-1","max-image-preview":"max-image-preview:large","max-video-preview":"max-video-preview:-1"},"canonical":"https:\/\/algarve7.pt\/index.php\/2025\/01\/reservas-no-algarve-subiram-de-34-para-45\/ambiente\/19\/02\/","og_locale":"pt_PT","og_type":"article","og_title":"Reservas no Algarve subiram de 34% para 45% - Algarve 7","og_description":"Reservas no Algarve subiram de 34% para 45% Ambiente","og_url":"https:\/\/algarve7.pt\/index.php\/2025\/01\/reservas-no-algarve-subiram-de-34-para-45\/ambiente\/19\/02\/","og_site_name":"Algarve 7","article_publisher":"https:\/\/www.facebook.com\/algarve7","article_author":"https:\/\/www.facebook.com\/algarve7","article_published_time":"2025-01-23T19:02:16+00:00","article_modified_time":"2025-01-23T19:02:19+00:00","og_image":[{"width":1456,"height":971,"url":"https:\/\/algarve7.pt\/wp-content\/uploads\/2022\/02\/Barragem-de-Odeleite-Fev-2022.jpg","type":"image\/jpeg"}],"author":"Algarve 7","twitter_card":"summary_large_image","twitter_creator":"@Algarvesete","twitter_site":"@Algarvesete","twitter_misc":{"Escrito por":"Algarve 7","Tempo estimado de leitura":"3 minutos"},"schema":{"@context":"https:\/\/schema.org","@graph":[{"@type":"Article","@id":"https:\/\/algarve7.pt\/index.php\/2025\/01\/reservas-no-algarve-subiram-de-34-para-45\/ambiente\/19\/02\/#article","isPartOf":{"@id":"https:\/\/algarve7.pt\/index.php\/2025\/01\/reservas-no-algarve-subiram-de-34-para-45\/ambiente\/19\/02\/"},"author":{"name":"Algarve 7","@id":"https:\/\/algarve7.pt\/#\/schema\/person\/23fa70681308e7b319a3204bcea45e0c"},"headline":"Reservas no Algarve subiram de 34% para 45%","datePublished":"2025-01-23T19:02:16+00:00","dateModified":"2025-01-23T19:02:19+00:00","mainEntityOfPage":{"@id":"https:\/\/algarve7.pt\/index.php\/2025\/01\/reservas-no-algarve-subiram-de-34-para-45\/ambiente\/19\/02\/"},"wordCount":469,"publisher":{"@id":"https:\/\/algarve7.pt\/#organization"},"image":{"@id":"https:\/\/algarve7.pt\/index.php\/2025\/01\/reservas-no-algarve-subiram-de-34-para-45\/ambiente\/19\/02\/#primaryimage"},"thumbnailUrl":"https:\/\/algarve7.pt\/wp-content\/uploads\/2022\/02\/Barragem-de-Odeleite-Fev-2022.jpg","keywords":["Algarve","Ambiente","APA"],"articleSection":["Ambiente"],"inLanguage":"pt-PT"},{"@type":"WebPage","@id":"https:\/\/algarve7.pt\/index.php\/2025\/01\/reservas-no-algarve-subiram-de-34-para-45\/ambiente\/19\/02\/","url":"https:\/\/algarve7.pt\/index.php\/2025\/01\/reservas-no-algarve-subiram-de-34-para-45\/ambiente\/19\/02\/","name":"Reservas no Algarve subiram de 34% para 45% - Algarve 7","isPartOf":{"@id":"https:\/\/algarve7.pt\/#website"},"primaryImageOfPage":{"@id":"https:\/\/algarve7.pt\/index.php\/2025\/01\/reservas-no-algarve-subiram-de-34-para-45\/ambiente\/19\/02\/#primaryimage"},"image":{"@id":"https:\/\/algarve7.pt\/index.php\/2025\/01\/reservas-no-algarve-subiram-de-34-para-45\/ambiente\/19\/02\/#primaryimage"},"thumbnailUrl":"https:\/\/algarve7.pt\/wp-content\/uploads\/2022\/02\/Barragem-de-Odeleite-Fev-2022.jpg","datePublished":"2025-01-23T19:02:16+00:00","dateModified":"2025-01-23T19:02:19+00:00","description":"Reservas no Algarve subiram de 34% para 45% Ambiente","breadcrumb":{"@id":"https:\/\/algarve7.pt\/index.php\/2025\/01\/reservas-no-algarve-subiram-de-34-para-45\/ambiente\/19\/02\/#breadcrumb"},"inLanguage":"pt-PT","potentialAction":[{"@type":"ReadAction","target":["https:\/\/algarve7.pt\/index.php\/2025\/01\/reservas-no-algarve-subiram-de-34-para-45\/ambiente\/19\/02\/"]}]},{"@type":"ImageObject","inLanguage":"pt-PT","@id":"https:\/\/algarve7.pt\/index.php\/2025\/01\/reservas-no-algarve-subiram-de-34-para-45\/ambiente\/19\/02\/#primaryimage","url":"https:\/\/algarve7.pt\/wp-content\/uploads\/2022\/02\/Barragem-de-Odeleite-Fev-2022.jpg","contentUrl":"https:\/\/algarve7.pt\/wp-content\/uploads\/2022\/02\/Barragem-de-Odeleite-Fev-2022.jpg","width":1456,"height":971},{"@type":"BreadcrumbList","@id":"https:\/\/algarve7.pt\/index.php\/2025\/01\/reservas-no-algarve-subiram-de-34-para-45\/ambiente\/19\/02\/#breadcrumb","itemListElement":[{"@type":"ListItem","position":1,"name":"In\u00edcio","item":"https:\/\/algarve7.pt\/"},{"@type":"ListItem","position":2,"name":"Reservas no Algarve subiram de 34% para 45%"}]},{"@type":"WebSite","@id":"https:\/\/algarve7.pt\/#website","url":"https:\/\/algarve7.pt\/","name":"Algarve 7","description":"Informa\u00e7\u00e3o sobre o Algarve","publisher":{"@id":"https:\/\/algarve7.pt\/#organization"},"potentialAction":[{"@type":"SearchAction","target":{"@type":"EntryPoint","urlTemplate":"https:\/\/algarve7.pt\/?s={search_term_string}"},"query-input":{"@type":"PropertyValueSpecification","valueRequired":true,"valueName":"search_term_string"}}],"inLanguage":"pt-PT"},{"@type":"Organization","@id":"https:\/\/algarve7.pt\/#organization","name":"Algarve 7","url":"https:\/\/algarve7.pt\/","logo":{"@type":"ImageObject","inLanguage":"pt-PT","@id":"https:\/\/algarve7.pt\/#\/schema\/logo\/image\/","url":"https:\/\/algarve7.pt\/wp-content\/uploads\/2020\/10\/Logo-8.jpg","contentUrl":"https:\/\/algarve7.pt\/wp-content\/uploads\/2020\/10\/Logo-8.jpg","width":1680,"height":1186,"caption":"Algarve 7"},"image":{"@id":"https:\/\/algarve7.pt\/#\/schema\/logo\/image\/"},"sameAs":["https:\/\/www.facebook.com\/algarve7","https:\/\/x.com\/Algarvesete","https:\/\/www.instagram.com\/jornalalgarve7\/","https:\/\/www.linkedin.com\/company\/algarve7","https:\/\/www.pinterest.pt\/geral0939\/_created\/"]},{"@type":"Person","@id":"https:\/\/algarve7.pt\/#\/schema\/person\/23fa70681308e7b319a3204bcea45e0c","name":"Algarve 7","sameAs":["https:\/\/algarve7.pt","https:\/\/www.facebook.com\/algarve7"],"url":"https:\/\/algarve7.pt\/index.php\/author\/geralalgarve7-pt\/"}]}},"jetpack_publicize_connections":[],"jetpack_featured_media_url":"https:\/\/algarve7.pt\/wp-content\/uploads\/2022\/02\/Barragem-de-Odeleite-Fev-2022.jpg","jetpack_shortlink":"https:\/\/wp.me\/pcezmW-c7J","jetpack_sharing_enabled":true,"_links":{"self":[{"href":"https:\/\/algarve7.pt\/index.php\/wp-json\/wp\/v2\/posts\/46607","targetHints":{"allow":["GET"]}}],"collection":[{"href":"https:\/\/algarve7.pt\/index.php\/wp-json\/wp\/v2\/posts"}],"about":[{"href":"https:\/\/algarve7.pt\/index.php\/wp-json\/wp\/v2\/types\/post"}],"author":[{"embeddable":true,"href":"https:\/\/algarve7.pt\/index.php\/wp-json\/wp\/v2\/users\/1"}],"replies":[{"embeddable":true,"href":"https:\/\/algarve7.pt\/index.php\/wp-json\/wp\/v2\/comments?post=46607"}],"version-history":[{"count":0,"href":"https:\/\/algarve7.pt\/index.php\/wp-json\/wp\/v2\/posts\/46607\/revisions"}],"wp:featuredmedia":[{"embeddable":true,"href":"https:\/\/algarve7.pt\/index.php\/wp-json\/wp\/v2\/media\/15489"}],"wp:attachment":[{"href":"https:\/\/algarve7.pt\/index.php\/wp-json\/wp\/v2\/media?parent=46607"}],"wp:term":[{"taxonomy":"category","embeddable":true,"href":"https:\/\/algarve7.pt\/index.php\/wp-json\/wp\/v2\/categories?post=46607"},{"taxonomy":"post_tag","embeddable":true,"href":"https:\/\/algarve7.pt\/index.php\/wp-json\/wp\/v2\/tags?post=46607"}],"curies":[{"name":"wp","href":"https:\/\/api.w.org\/{rel}","templated":true}]}}