{"id":46413,"date":"2025-01-20T07:12:00","date_gmt":"2025-01-20T07:12:00","guid":{"rendered":"https:\/\/algarve7.pt\/?p=46413"},"modified":"2025-01-19T11:16:07","modified_gmt":"2025-01-19T11:16:07","slug":"camara-municipal-de-vila-do-bispo-presta-homenagem-postuma-a-clesio-ricardo","status":"publish","type":"post","link":"https:\/\/algarve7.pt\/index.php\/2025\/01\/camara-municipal-de-vila-do-bispo-presta-homenagem-postuma-a-clesio-ricardo\/atualidade\/07\/12\/","title":{"rendered":"C\u00e2mara Municipal de Vila do Bispo presta homenagem p\u00f3stuma a Cl\u00e9sio Ricardo"},"content":{"rendered":"\n<p>A C\u00e2mara de Vila do Bispo prestou hoje, dia 18 de janeiro, uma homenagem p\u00f3stuma a Cl\u00e9sio Ricardo atrav\u00e9s da atribui\u00e7\u00e3o do seu nome ao, at\u00e9 ent\u00e3o, Pavilh\u00e3o Multiusos de Sagres e da coloca\u00e7\u00e3o de uma obra de arte naquele espa\u00e7o, passando o mesmo a designar-se \u201cPavilh\u00e3o Cl\u00e9sio Ricardo\u201d.<\/p>\n\n\n\n<p>Cl\u00e9sio Patr\u00edcio Moreira Ricardo, falecido a 12 de outubro de 2024, com 47 anos, foi presidente da Junta de Freguesia de Sagres, de 9 de outubro de 2021 at\u00e9 \u00e0 data do seu falecimento, cargo que exerceu com enorme empenho, disponibilidade e dedica\u00e7\u00e3o \u00e0 Freguesia e \u00e0 sua popula\u00e7\u00e3o durante o exerc\u00edcio das suas fun\u00e7\u00f5es aut\u00e1rquicas. Al\u00e9m de presidente de Junta de Freguesia, Cl\u00e9sio Ricardo foi tamb\u00e9m treinador de futebol do Clube Recreativo Infante de Sagres, um cargo que desempenhou com muita paix\u00e3o e entrega para com os atletas.&nbsp;<\/p>\n\n\n\n<figure class=\"wp-block-image aligncenter size-full is-resized\"><img loading=\"lazy\" decoding=\"async\" width=\"800\" height=\"500\" src=\"https:\/\/algarve7.pt\/wp-content\/uploads\/2025\/01\/Pavilhao-Clesio-Ricardo-em-Sagres-18-01-2025-3.jpg\" alt=\"\" class=\"wp-image-46415\" style=\"width:662px;height:auto\" srcset=\"https:\/\/algarve7.pt\/wp-content\/uploads\/2025\/01\/Pavilhao-Clesio-Ricardo-em-Sagres-18-01-2025-3.jpg 800w, https:\/\/algarve7.pt\/wp-content\/uploads\/2025\/01\/Pavilhao-Clesio-Ricardo-em-Sagres-18-01-2025-3-300x188.jpg 300w, https:\/\/algarve7.pt\/wp-content\/uploads\/2025\/01\/Pavilhao-Clesio-Ricardo-em-Sagres-18-01-2025-3-768x480.jpg 768w\" sizes=\"auto, (max-width: 800px) 100vw, 800px\" \/><\/figure>\n\n\n\n<p>Cl\u00e9sio Ricardo influenciou muitos jovens no desenvolvimento das suas capacidades desportivas, bem como incutiu grandes valores: como o respeito, a amizade, a disciplina e o trabalho de equipa.&nbsp;<\/p>\n\n\n\n<p>A obra de arte, uma escultura em a\u00e7o&nbsp;<em>corten<\/em>&nbsp;com a imagem de Cl\u00e9sio Ricardo, da autoria do artista Ricardo Crista, colocada na fachada do Pavilh\u00e3o e a atribui\u00e7\u00e3o do seu nome ao mesmo visa perpetuar o seu legado.<\/p>\n","protected":false},"excerpt":{"rendered":"<p>A C\u00e2mara de Vila do Bispo prestou hoje, dia 18 de janeiro, uma homenagem p\u00f3stuma a Cl\u00e9sio Ricardo atrav\u00e9s da<\/p>\n","protected":false},"author":1,"featured_media":46414,"comment_status":"closed","ping_status":"closed","sticky":false,"template":"","format":"standard","meta":{"colormag_page_container_layout":"default_layout","colormag_page_sidebar_layout":"default_layout","_monsterinsights_skip_tracking":false,"_monsterinsights_sitenote_active":false,"_monsterinsights_sitenote_note":"","_monsterinsights_sitenote_category":0,"jetpack_post_was_ever_published":false,"_jetpack_newsletter_access":"","_jetpack_dont_email_post_to_subs":false,"_jetpack_newsletter_tier_id":0,"_jetpack_memberships_contains_paywalled_content":false,"_jetpack_memberships_contains_paid_content":false,"footnotes":"","jetpack_publicize_message":"","jetpack_publicize_feature_enabled":true,"jetpack_social_post_already_shared":true,"jetpack_social_options":{"image_generator_settings":{"template":"highway","default_image_id":0,"font":"","enabled":false},"version":2}},"categories":[11],"tags":[36,62,102,84],"class_list":["post-46413","post","type-post","status-publish","format-standard","has-post-thumbnail","hentry","category-atualidade","tag-algarve","tag-atualidade","tag-sagres","tag-vila-do-bispo"],"yoast_head":"<!-- This site is optimized with the Yoast SEO plugin v27.5 - https:\/\/yoast.com\/product\/yoast-seo-wordpress\/ -->\n<title>C\u00e2mara Municipal de Vila do Bispo presta homenagem p\u00f3stuma a Cl\u00e9sio Ricardo - Algarve 7<\/title>\n<meta name=\"description\" content=\"C\u00e2mara Municipal de Vila do Bispo presta homenagem p\u00f3stuma a Cl\u00e9sio Ricardo Atualidade\" \/>\n<meta name=\"robots\" content=\"index, follow, max-snippet:-1, max-image-preview:large, max-video-preview:-1\" \/>\n<link rel=\"canonical\" href=\"https:\/\/algarve7.pt\/index.php\/2025\/01\/camara-municipal-de-vila-do-bispo-presta-homenagem-postuma-a-clesio-ricardo\/atualidade\/07\/12\/\" \/>\n<meta property=\"og:locale\" content=\"pt_PT\" \/>\n<meta property=\"og:type\" content=\"article\" \/>\n<meta property=\"og:title\" content=\"C\u00e2mara Municipal de Vila do Bispo presta homenagem p\u00f3stuma a Cl\u00e9sio Ricardo - Algarve 7\" \/>\n<meta property=\"og:description\" content=\"C\u00e2mara Municipal de Vila do Bispo presta homenagem p\u00f3stuma a Cl\u00e9sio Ricardo Atualidade\" \/>\n<meta property=\"og:url\" content=\"https:\/\/algarve7.pt\/index.php\/2025\/01\/camara-municipal-de-vila-do-bispo-presta-homenagem-postuma-a-clesio-ricardo\/atualidade\/07\/12\/\" \/>\n<meta property=\"og:site_name\" content=\"Algarve 7\" \/>\n<meta property=\"article:publisher\" content=\"https:\/\/www.facebook.com\/algarve7\" \/>\n<meta property=\"article:author\" content=\"https:\/\/www.facebook.com\/algarve7\" \/>\n<meta property=\"article:published_time\" content=\"2025-01-20T07:12:00+00:00\" \/>\n<meta property=\"og:image\" content=\"https:\/\/algarve7.pt\/wp-content\/uploads\/2025\/01\/Pavilhao-Clesio-Ricardo-em-Sagres-18-01-2025-1.jpg\" \/>\n\t<meta property=\"og:image:width\" content=\"800\" \/>\n\t<meta property=\"og:image:height\" content=\"500\" \/>\n\t<meta property=\"og:image:type\" content=\"image\/jpeg\" \/>\n<meta name=\"author\" content=\"Algarve 7\" \/>\n<meta name=\"twitter:card\" content=\"summary_large_image\" \/>\n<meta name=\"twitter:creator\" content=\"@Algarvesete\" \/>\n<meta name=\"twitter:site\" content=\"@Algarvesete\" \/>\n<meta name=\"twitter:label1\" content=\"Escrito por\" \/>\n\t<meta name=\"twitter:data1\" content=\"Algarve 7\" \/>\n\t<meta name=\"twitter:label2\" content=\"Tempo estimado de leitura\" \/>\n\t<meta name=\"twitter:data2\" content=\"2 minutos\" \/>\n<script type=\"application\/ld+json\" class=\"yoast-schema-graph\">{\"@context\":\"https:\\\/\\\/schema.org\",\"@graph\":[{\"@type\":\"Article\",\"@id\":\"https:\\\/\\\/algarve7.pt\\\/index.php\\\/2025\\\/01\\\/camara-municipal-de-vila-do-bispo-presta-homenagem-postuma-a-clesio-ricardo\\\/atualidade\\\/07\\\/12\\\/#article\",\"isPartOf\":{\"@id\":\"https:\\\/\\\/algarve7.pt\\\/index.php\\\/2025\\\/01\\\/camara-municipal-de-vila-do-bispo-presta-homenagem-postuma-a-clesio-ricardo\\\/atualidade\\\/07\\\/12\\\/\"},\"author\":{\"name\":\"Algarve 7\",\"@id\":\"https:\\\/\\\/algarve7.pt\\\/#\\\/schema\\\/person\\\/23fa70681308e7b319a3204bcea45e0c\"},\"headline\":\"C\u00e2mara Municipal de Vila do Bispo presta homenagem p\u00f3stuma a Cl\u00e9sio Ricardo\",\"datePublished\":\"2025-01-20T07:12:00+00:00\",\"mainEntityOfPage\":{\"@id\":\"https:\\\/\\\/algarve7.pt\\\/index.php\\\/2025\\\/01\\\/camara-municipal-de-vila-do-bispo-presta-homenagem-postuma-a-clesio-ricardo\\\/atualidade\\\/07\\\/12\\\/\"},\"wordCount\":242,\"publisher\":{\"@id\":\"https:\\\/\\\/algarve7.pt\\\/#organization\"},\"image\":{\"@id\":\"https:\\\/\\\/algarve7.pt\\\/index.php\\\/2025\\\/01\\\/camara-municipal-de-vila-do-bispo-presta-homenagem-postuma-a-clesio-ricardo\\\/atualidade\\\/07\\\/12\\\/#primaryimage\"},\"thumbnailUrl\":\"https:\\\/\\\/algarve7.pt\\\/wp-content\\\/uploads\\\/2025\\\/01\\\/Pavilhao-Clesio-Ricardo-em-Sagres-18-01-2025-1.jpg\",\"keywords\":[\"Algarve\",\"Atualidade\",\"Sagres\",\"Vila do Bispo\"],\"articleSection\":[\"Atualidade\"],\"inLanguage\":\"pt-PT\"},{\"@type\":\"WebPage\",\"@id\":\"https:\\\/\\\/algarve7.pt\\\/index.php\\\/2025\\\/01\\\/camara-municipal-de-vila-do-bispo-presta-homenagem-postuma-a-clesio-ricardo\\\/atualidade\\\/07\\\/12\\\/\",\"url\":\"https:\\\/\\\/algarve7.pt\\\/index.php\\\/2025\\\/01\\\/camara-municipal-de-vila-do-bispo-presta-homenagem-postuma-a-clesio-ricardo\\\/atualidade\\\/07\\\/12\\\/\",\"name\":\"C\u00e2mara Municipal de Vila do Bispo presta homenagem p\u00f3stuma a Cl\u00e9sio Ricardo - Algarve 7\",\"isPartOf\":{\"@id\":\"https:\\\/\\\/algarve7.pt\\\/#website\"},\"primaryImageOfPage\":{\"@id\":\"https:\\\/\\\/algarve7.pt\\\/index.php\\\/2025\\\/01\\\/camara-municipal-de-vila-do-bispo-presta-homenagem-postuma-a-clesio-ricardo\\\/atualidade\\\/07\\\/12\\\/#primaryimage\"},\"image\":{\"@id\":\"https:\\\/\\\/algarve7.pt\\\/index.php\\\/2025\\\/01\\\/camara-municipal-de-vila-do-bispo-presta-homenagem-postuma-a-clesio-ricardo\\\/atualidade\\\/07\\\/12\\\/#primaryimage\"},\"thumbnailUrl\":\"https:\\\/\\\/algarve7.pt\\\/wp-content\\\/uploads\\\/2025\\\/01\\\/Pavilhao-Clesio-Ricardo-em-Sagres-18-01-2025-1.jpg\",\"datePublished\":\"2025-01-20T07:12:00+00:00\",\"description\":\"C\u00e2mara Municipal de Vila do Bispo presta homenagem p\u00f3stuma a Cl\u00e9sio Ricardo Atualidade\",\"breadcrumb\":{\"@id\":\"https:\\\/\\\/algarve7.pt\\\/index.php\\\/2025\\\/01\\\/camara-municipal-de-vila-do-bispo-presta-homenagem-postuma-a-clesio-ricardo\\\/atualidade\\\/07\\\/12\\\/#breadcrumb\"},\"inLanguage\":\"pt-PT\",\"potentialAction\":[{\"@type\":\"ReadAction\",\"target\":[\"https:\\\/\\\/algarve7.pt\\\/index.php\\\/2025\\\/01\\\/camara-municipal-de-vila-do-bispo-presta-homenagem-postuma-a-clesio-ricardo\\\/atualidade\\\/07\\\/12\\\/\"]}]},{\"@type\":\"ImageObject\",\"inLanguage\":\"pt-PT\",\"@id\":\"https:\\\/\\\/algarve7.pt\\\/index.php\\\/2025\\\/01\\\/camara-municipal-de-vila-do-bispo-presta-homenagem-postuma-a-clesio-ricardo\\\/atualidade\\\/07\\\/12\\\/#primaryimage\",\"url\":\"https:\\\/\\\/algarve7.pt\\\/wp-content\\\/uploads\\\/2025\\\/01\\\/Pavilhao-Clesio-Ricardo-em-Sagres-18-01-2025-1.jpg\",\"contentUrl\":\"https:\\\/\\\/algarve7.pt\\\/wp-content\\\/uploads\\\/2025\\\/01\\\/Pavilhao-Clesio-Ricardo-em-Sagres-18-01-2025-1.jpg\",\"width\":800,\"height\":500},{\"@type\":\"BreadcrumbList\",\"@id\":\"https:\\\/\\\/algarve7.pt\\\/index.php\\\/2025\\\/01\\\/camara-municipal-de-vila-do-bispo-presta-homenagem-postuma-a-clesio-ricardo\\\/atualidade\\\/07\\\/12\\\/#breadcrumb\",\"itemListElement\":[{\"@type\":\"ListItem\",\"position\":1,\"name\":\"In\u00edcio\",\"item\":\"https:\\\/\\\/algarve7.pt\\\/\"},{\"@type\":\"ListItem\",\"position\":2,\"name\":\"C\u00e2mara Municipal de Vila do Bispo presta homenagem p\u00f3stuma a Cl\u00e9sio Ricardo\"}]},{\"@type\":\"WebSite\",\"@id\":\"https:\\\/\\\/algarve7.pt\\\/#website\",\"url\":\"https:\\\/\\\/algarve7.pt\\\/\",\"name\":\"Algarve 7\",\"description\":\"Informa\u00e7\u00e3o sobre o Algarve\",\"publisher\":{\"@id\":\"https:\\\/\\\/algarve7.pt\\\/#organization\"},\"potentialAction\":[{\"@type\":\"SearchAction\",\"target\":{\"@type\":\"EntryPoint\",\"urlTemplate\":\"https:\\\/\\\/algarve7.pt\\\/?s={search_term_string}\"},\"query-input\":{\"@type\":\"PropertyValueSpecification\",\"valueRequired\":true,\"valueName\":\"search_term_string\"}}],\"inLanguage\":\"pt-PT\"},{\"@type\":\"Organization\",\"@id\":\"https:\\\/\\\/algarve7.pt\\\/#organization\",\"name\":\"Algarve 7\",\"url\":\"https:\\\/\\\/algarve7.pt\\\/\",\"logo\":{\"@type\":\"ImageObject\",\"inLanguage\":\"pt-PT\",\"@id\":\"https:\\\/\\\/algarve7.pt\\\/#\\\/schema\\\/logo\\\/image\\\/\",\"url\":\"https:\\\/\\\/algarve7.pt\\\/wp-content\\\/uploads\\\/2020\\\/10\\\/Logo-8.jpg\",\"contentUrl\":\"https:\\\/\\\/algarve7.pt\\\/wp-content\\\/uploads\\\/2020\\\/10\\\/Logo-8.jpg\",\"width\":1680,\"height\":1186,\"caption\":\"Algarve 7\"},\"image\":{\"@id\":\"https:\\\/\\\/algarve7.pt\\\/#\\\/schema\\\/logo\\\/image\\\/\"},\"sameAs\":[\"https:\\\/\\\/www.facebook.com\\\/algarve7\",\"https:\\\/\\\/x.com\\\/Algarvesete\",\"https:\\\/\\\/www.instagram.com\\\/jornalalgarve7\\\/\",\"https:\\\/\\\/www.linkedin.com\\\/company\\\/algarve7\",\"https:\\\/\\\/www.pinterest.pt\\\/geral0939\\\/_created\\\/\"]},{\"@type\":\"Person\",\"@id\":\"https:\\\/\\\/algarve7.pt\\\/#\\\/schema\\\/person\\\/23fa70681308e7b319a3204bcea45e0c\",\"name\":\"Algarve 7\",\"sameAs\":[\"https:\\\/\\\/algarve7.pt\",\"https:\\\/\\\/www.facebook.com\\\/algarve7\"],\"url\":\"https:\\\/\\\/algarve7.pt\\\/index.php\\\/author\\\/geralalgarve7-pt\\\/\"}]}<\/script>\n<!-- \/ Yoast SEO plugin. -->","yoast_head_json":{"title":"C\u00e2mara Municipal de Vila do Bispo presta homenagem p\u00f3stuma a Cl\u00e9sio Ricardo - Algarve 7","description":"C\u00e2mara Municipal de Vila do Bispo presta homenagem p\u00f3stuma a Cl\u00e9sio Ricardo Atualidade","robots":{"index":"index","follow":"follow","max-snippet":"max-snippet:-1","max-image-preview":"max-image-preview:large","max-video-preview":"max-video-preview:-1"},"canonical":"https:\/\/algarve7.pt\/index.php\/2025\/01\/camara-municipal-de-vila-do-bispo-presta-homenagem-postuma-a-clesio-ricardo\/atualidade\/07\/12\/","og_locale":"pt_PT","og_type":"article","og_title":"C\u00e2mara Municipal de Vila do Bispo presta homenagem p\u00f3stuma a Cl\u00e9sio Ricardo - Algarve 7","og_description":"C\u00e2mara Municipal de Vila do Bispo presta homenagem p\u00f3stuma a Cl\u00e9sio Ricardo Atualidade","og_url":"https:\/\/algarve7.pt\/index.php\/2025\/01\/camara-municipal-de-vila-do-bispo-presta-homenagem-postuma-a-clesio-ricardo\/atualidade\/07\/12\/","og_site_name":"Algarve 7","article_publisher":"https:\/\/www.facebook.com\/algarve7","article_author":"https:\/\/www.facebook.com\/algarve7","article_published_time":"2025-01-20T07:12:00+00:00","og_image":[{"width":800,"height":500,"url":"https:\/\/algarve7.pt\/wp-content\/uploads\/2025\/01\/Pavilhao-Clesio-Ricardo-em-Sagres-18-01-2025-1.jpg","type":"image\/jpeg"}],"author":"Algarve 7","twitter_card":"summary_large_image","twitter_creator":"@Algarvesete","twitter_site":"@Algarvesete","twitter_misc":{"Escrito por":"Algarve 7","Tempo estimado de leitura":"2 minutos"},"schema":{"@context":"https:\/\/schema.org","@graph":[{"@type":"Article","@id":"https:\/\/algarve7.pt\/index.php\/2025\/01\/camara-municipal-de-vila-do-bispo-presta-homenagem-postuma-a-clesio-ricardo\/atualidade\/07\/12\/#article","isPartOf":{"@id":"https:\/\/algarve7.pt\/index.php\/2025\/01\/camara-municipal-de-vila-do-bispo-presta-homenagem-postuma-a-clesio-ricardo\/atualidade\/07\/12\/"},"author":{"name":"Algarve 7","@id":"https:\/\/algarve7.pt\/#\/schema\/person\/23fa70681308e7b319a3204bcea45e0c"},"headline":"C\u00e2mara Municipal de Vila do Bispo presta homenagem p\u00f3stuma a Cl\u00e9sio Ricardo","datePublished":"2025-01-20T07:12:00+00:00","mainEntityOfPage":{"@id":"https:\/\/algarve7.pt\/index.php\/2025\/01\/camara-municipal-de-vila-do-bispo-presta-homenagem-postuma-a-clesio-ricardo\/atualidade\/07\/12\/"},"wordCount":242,"publisher":{"@id":"https:\/\/algarve7.pt\/#organization"},"image":{"@id":"https:\/\/algarve7.pt\/index.php\/2025\/01\/camara-municipal-de-vila-do-bispo-presta-homenagem-postuma-a-clesio-ricardo\/atualidade\/07\/12\/#primaryimage"},"thumbnailUrl":"https:\/\/algarve7.pt\/wp-content\/uploads\/2025\/01\/Pavilhao-Clesio-Ricardo-em-Sagres-18-01-2025-1.jpg","keywords":["Algarve","Atualidade","Sagres","Vila do Bispo"],"articleSection":["Atualidade"],"inLanguage":"pt-PT"},{"@type":"WebPage","@id":"https:\/\/algarve7.pt\/index.php\/2025\/01\/camara-municipal-de-vila-do-bispo-presta-homenagem-postuma-a-clesio-ricardo\/atualidade\/07\/12\/","url":"https:\/\/algarve7.pt\/index.php\/2025\/01\/camara-municipal-de-vila-do-bispo-presta-homenagem-postuma-a-clesio-ricardo\/atualidade\/07\/12\/","name":"C\u00e2mara Municipal de Vila do Bispo presta homenagem p\u00f3stuma a Cl\u00e9sio Ricardo - Algarve 7","isPartOf":{"@id":"https:\/\/algarve7.pt\/#website"},"primaryImageOfPage":{"@id":"https:\/\/algarve7.pt\/index.php\/2025\/01\/camara-municipal-de-vila-do-bispo-presta-homenagem-postuma-a-clesio-ricardo\/atualidade\/07\/12\/#primaryimage"},"image":{"@id":"https:\/\/algarve7.pt\/index.php\/2025\/01\/camara-municipal-de-vila-do-bispo-presta-homenagem-postuma-a-clesio-ricardo\/atualidade\/07\/12\/#primaryimage"},"thumbnailUrl":"https:\/\/algarve7.pt\/wp-content\/uploads\/2025\/01\/Pavilhao-Clesio-Ricardo-em-Sagres-18-01-2025-1.jpg","datePublished":"2025-01-20T07:12:00+00:00","description":"C\u00e2mara Municipal de Vila do Bispo presta homenagem p\u00f3stuma a Cl\u00e9sio Ricardo Atualidade","breadcrumb":{"@id":"https:\/\/algarve7.pt\/index.php\/2025\/01\/camara-municipal-de-vila-do-bispo-presta-homenagem-postuma-a-clesio-ricardo\/atualidade\/07\/12\/#breadcrumb"},"inLanguage":"pt-PT","potentialAction":[{"@type":"ReadAction","target":["https:\/\/algarve7.pt\/index.php\/2025\/01\/camara-municipal-de-vila-do-bispo-presta-homenagem-postuma-a-clesio-ricardo\/atualidade\/07\/12\/"]}]},{"@type":"ImageObject","inLanguage":"pt-PT","@id":"https:\/\/algarve7.pt\/index.php\/2025\/01\/camara-municipal-de-vila-do-bispo-presta-homenagem-postuma-a-clesio-ricardo\/atualidade\/07\/12\/#primaryimage","url":"https:\/\/algarve7.pt\/wp-content\/uploads\/2025\/01\/Pavilhao-Clesio-Ricardo-em-Sagres-18-01-2025-1.jpg","contentUrl":"https:\/\/algarve7.pt\/wp-content\/uploads\/2025\/01\/Pavilhao-Clesio-Ricardo-em-Sagres-18-01-2025-1.jpg","width":800,"height":500},{"@type":"BreadcrumbList","@id":"https:\/\/algarve7.pt\/index.php\/2025\/01\/camara-municipal-de-vila-do-bispo-presta-homenagem-postuma-a-clesio-ricardo\/atualidade\/07\/12\/#breadcrumb","itemListElement":[{"@type":"ListItem","position":1,"name":"In\u00edcio","item":"https:\/\/algarve7.pt\/"},{"@type":"ListItem","position":2,"name":"C\u00e2mara Municipal de Vila do Bispo presta homenagem p\u00f3stuma a Cl\u00e9sio Ricardo"}]},{"@type":"WebSite","@id":"https:\/\/algarve7.pt\/#website","url":"https:\/\/algarve7.pt\/","name":"Algarve 7","description":"Informa\u00e7\u00e3o sobre o Algarve","publisher":{"@id":"https:\/\/algarve7.pt\/#organization"},"potentialAction":[{"@type":"SearchAction","target":{"@type":"EntryPoint","urlTemplate":"https:\/\/algarve7.pt\/?s={search_term_string}"},"query-input":{"@type":"PropertyValueSpecification","valueRequired":true,"valueName":"search_term_string"}}],"inLanguage":"pt-PT"},{"@type":"Organization","@id":"https:\/\/algarve7.pt\/#organization","name":"Algarve 7","url":"https:\/\/algarve7.pt\/","logo":{"@type":"ImageObject","inLanguage":"pt-PT","@id":"https:\/\/algarve7.pt\/#\/schema\/logo\/image\/","url":"https:\/\/algarve7.pt\/wp-content\/uploads\/2020\/10\/Logo-8.jpg","contentUrl":"https:\/\/algarve7.pt\/wp-content\/uploads\/2020\/10\/Logo-8.jpg","width":1680,"height":1186,"caption":"Algarve 7"},"image":{"@id":"https:\/\/algarve7.pt\/#\/schema\/logo\/image\/"},"sameAs":["https:\/\/www.facebook.com\/algarve7","https:\/\/x.com\/Algarvesete","https:\/\/www.instagram.com\/jornalalgarve7\/","https:\/\/www.linkedin.com\/company\/algarve7","https:\/\/www.pinterest.pt\/geral0939\/_created\/"]},{"@type":"Person","@id":"https:\/\/algarve7.pt\/#\/schema\/person\/23fa70681308e7b319a3204bcea45e0c","name":"Algarve 7","sameAs":["https:\/\/algarve7.pt","https:\/\/www.facebook.com\/algarve7"],"url":"https:\/\/algarve7.pt\/index.php\/author\/geralalgarve7-pt\/"}]}},"jetpack_publicize_connections":[],"jetpack_featured_media_url":"https:\/\/algarve7.pt\/wp-content\/uploads\/2025\/01\/Pavilhao-Clesio-Ricardo-em-Sagres-18-01-2025-1.jpg","jetpack_shortlink":"https:\/\/wp.me\/pcezmW-c4B","jetpack_sharing_enabled":true,"_links":{"self":[{"href":"https:\/\/algarve7.pt\/index.php\/wp-json\/wp\/v2\/posts\/46413","targetHints":{"allow":["GET"]}}],"collection":[{"href":"https:\/\/algarve7.pt\/index.php\/wp-json\/wp\/v2\/posts"}],"about":[{"href":"https:\/\/algarve7.pt\/index.php\/wp-json\/wp\/v2\/types\/post"}],"author":[{"embeddable":true,"href":"https:\/\/algarve7.pt\/index.php\/wp-json\/wp\/v2\/users\/1"}],"replies":[{"embeddable":true,"href":"https:\/\/algarve7.pt\/index.php\/wp-json\/wp\/v2\/comments?post=46413"}],"version-history":[{"count":0,"href":"https:\/\/algarve7.pt\/index.php\/wp-json\/wp\/v2\/posts\/46413\/revisions"}],"wp:featuredmedia":[{"embeddable":true,"href":"https:\/\/algarve7.pt\/index.php\/wp-json\/wp\/v2\/media\/46414"}],"wp:attachment":[{"href":"https:\/\/algarve7.pt\/index.php\/wp-json\/wp\/v2\/media?parent=46413"}],"wp:term":[{"taxonomy":"category","embeddable":true,"href":"https:\/\/algarve7.pt\/index.php\/wp-json\/wp\/v2\/categories?post=46413"},{"taxonomy":"post_tag","embeddable":true,"href":"https:\/\/algarve7.pt\/index.php\/wp-json\/wp\/v2\/tags?post=46413"}],"curies":[{"name":"wp","href":"https:\/\/api.w.org\/{rel}","templated":true}]}}