{"id":46291,"date":"2025-01-16T07:55:00","date_gmt":"2025-01-16T07:55:00","guid":{"rendered":"https:\/\/algarve7.pt\/?p=46291"},"modified":"2025-01-15T20:27:24","modified_gmt":"2025-01-15T20:27:24","slug":"centro-de-recolha-oficial-de-animais-de-faro-celebra-segundo-aniversario","status":"publish","type":"post","link":"https:\/\/algarve7.pt\/index.php\/2025\/01\/centro-de-recolha-oficial-de-animais-de-faro-celebra-segundo-aniversario\/atualidade\/07\/55\/","title":{"rendered":"Centro de recolha oficial de animais de Faro celebra segundo anivers\u00e1rio"},"content":{"rendered":"\n<p>O Centro de Recolha Oficial de Animais de Faro (CROAF) celebra, esta quinta-feira, dia 16 de janeiro, o seu segundo anivers\u00e1rio.<\/p>\n\n\n\n<p>Desde a sua abertura, deram entrada no CROAF um total de 1.551 animais, dos quais 831 gatos de rua, ao abrigo do Programa C.E.D (Captura-Esteriliza\u00e7\u00e3o-Devolu\u00e7\u00e3o), promovido pelo Munic\u00edpio de Faro. Para al\u00e9m desses 831 animais, a equipa de veterin\u00e1rios do CROAF esterilizou mais 288 animais recolhidos, totalizando 1.119 esteriliza\u00e7\u00f5es ao longo dos 2 anos de funcionamento.<\/p>\n\n\n\n<p>Desde o in\u00edcio do seu funcionamento, o CROAF devolveu \u00e0s fam\u00edlias 125 animais que foram encontrados perdidos, e promoveu a ado\u00e7\u00e3o respons\u00e1vel de 333 animais.&nbsp;<\/p>\n\n\n\n<p>Outro dado que o Munic\u00edpio sinaliza como muito positivo \u00e9 a diminui\u00e7\u00e3o do n\u00famero de animais errantes recolhidos, que passou de 223, em 2023, para 150, em 2024. Esta diminui\u00e7\u00e3o resulta do trabalho realizado, n\u00e3o s\u00f3 na recolha de animais, mas tamb\u00e9m na sensibiliza\u00e7\u00e3o que tem sido realizada junto da comunidade farense, para o n\u00e3o abandono e para a ado\u00e7\u00e3o respons\u00e1vel.&nbsp;<\/p>\n\n\n\n<p>Numa l\u00f3gica de promo\u00e7\u00e3o da sua responsabilidade social e proximidade \u00e0 comunidade, o Munic\u00edpio promoveu tamb\u00e9m o projeto \u201cFaro Integra\u201d, atrav\u00e9s do qual os alunos e utentes das diversas institui\u00e7\u00f5es, escolas e lares do concelho de Faro podem visitar as instala\u00e7\u00f5es do CROAF e aprender mais sobre ado\u00e7\u00e3o respons\u00e1vel e bem-estar e cuidados a ter com os animais de companhia. Este projeto, iniciado em 2024, j\u00e1 chegou a v\u00e1rias centenas de jovens e seniores.&nbsp;<\/p>\n\n\n\n<p>Em 2024, o Munic\u00edpio de Faro celebrou ainda um protocolo com a Apatris XXI, visando a integra\u00e7\u00e3o profissional dos seus utentes e lan\u00e7ou o Regulamento de Cuidador de Col\u00f3nias de Gatos do Munic\u00edpio de Faro, com o objetivo de reconhecer o trabalho realizado destes cidad\u00e3os e apoi\u00e1-los no desenvolvimento do mesmo.<\/p>\n\n\n\n<p>Para 2025, os objectivos passam por continuar o trabalho realizado at\u00e9 aqui e cujos resultados positivos s\u00e3o vis\u00edveis e ainda por refor\u00e7ar o apoio \u00e0s fam\u00edlias carenciadas detentoras de animais de companhia, apoiando na alimenta\u00e7\u00e3o e cuidados aos mesmos.<\/p>\n","protected":false},"excerpt":{"rendered":"<p>O Centro de Recolha Oficial de Animais de Faro (CROAF) celebra, esta quinta-feira, dia 16 de janeiro, o seu segundo<\/p>\n","protected":false},"author":1,"featured_media":46292,"comment_status":"closed","ping_status":"closed","sticky":false,"template":"","format":"standard","meta":{"colormag_page_container_layout":"default_layout","colormag_page_sidebar_layout":"default_layout","_monsterinsights_skip_tracking":false,"_monsterinsights_sitenote_active":false,"_monsterinsights_sitenote_note":"","_monsterinsights_sitenote_category":0,"jetpack_post_was_ever_published":false,"_jetpack_newsletter_access":"","_jetpack_dont_email_post_to_subs":false,"_jetpack_newsletter_tier_id":0,"_jetpack_memberships_contains_paywalled_content":false,"_jetpack_memberships_contains_paid_content":false,"footnotes":"","jetpack_publicize_message":"","jetpack_publicize_feature_enabled":true,"jetpack_social_post_already_shared":true,"jetpack_social_options":{"image_generator_settings":{"template":"highway","default_image_id":0,"font":"","enabled":false},"version":2}},"categories":[11],"tags":[36,62,57],"class_list":["post-46291","post","type-post","status-publish","format-standard","has-post-thumbnail","hentry","category-atualidade","tag-algarve","tag-atualidade","tag-faro"],"yoast_head":"<!-- This site is optimized with the Yoast SEO plugin v27.5 - https:\/\/yoast.com\/product\/yoast-seo-wordpress\/ -->\n<title>Centro de recolha oficial de animais de Faro celebra segundo anivers\u00e1rio - Algarve 7<\/title>\n<meta name=\"description\" content=\"Centro de recolha oficial de animais de Faro celebra segundo anivers\u00e1rio Atualidade\" \/>\n<meta name=\"robots\" content=\"index, follow, max-snippet:-1, max-image-preview:large, max-video-preview:-1\" \/>\n<link rel=\"canonical\" href=\"https:\/\/algarve7.pt\/index.php\/2025\/01\/centro-de-recolha-oficial-de-animais-de-faro-celebra-segundo-aniversario\/atualidade\/07\/55\/\" \/>\n<meta property=\"og:locale\" content=\"pt_PT\" \/>\n<meta property=\"og:type\" content=\"article\" \/>\n<meta property=\"og:title\" content=\"Centro de recolha oficial de animais de Faro celebra segundo anivers\u00e1rio - Algarve 7\" \/>\n<meta property=\"og:description\" content=\"Centro de recolha oficial de animais de Faro celebra segundo anivers\u00e1rio Atualidade\" \/>\n<meta property=\"og:url\" content=\"https:\/\/algarve7.pt\/index.php\/2025\/01\/centro-de-recolha-oficial-de-animais-de-faro-celebra-segundo-aniversario\/atualidade\/07\/55\/\" \/>\n<meta property=\"og:site_name\" content=\"Algarve 7\" \/>\n<meta property=\"article:publisher\" content=\"https:\/\/www.facebook.com\/algarve7\" \/>\n<meta property=\"article:author\" content=\"https:\/\/www.facebook.com\/algarve7\" \/>\n<meta property=\"article:published_time\" content=\"2025-01-16T07:55:00+00:00\" \/>\n<meta property=\"og:image\" content=\"https:\/\/algarve7.pt\/wp-content\/uploads\/2025\/01\/FB_IMG_1736858169437.jpg\" \/>\n\t<meta property=\"og:image:width\" content=\"800\" \/>\n\t<meta property=\"og:image:height\" content=\"500\" \/>\n\t<meta property=\"og:image:type\" content=\"image\/jpeg\" \/>\n<meta name=\"author\" content=\"Algarve 7\" \/>\n<meta name=\"twitter:card\" content=\"summary_large_image\" \/>\n<meta name=\"twitter:creator\" content=\"@Algarvesete\" \/>\n<meta name=\"twitter:site\" content=\"@Algarvesete\" \/>\n<meta name=\"twitter:label1\" content=\"Escrito por\" \/>\n\t<meta name=\"twitter:data1\" content=\"Algarve 7\" \/>\n\t<meta name=\"twitter:label2\" content=\"Tempo estimado de leitura\" \/>\n\t<meta name=\"twitter:data2\" content=\"3 minutos\" \/>\n<script type=\"application\/ld+json\" class=\"yoast-schema-graph\">{\"@context\":\"https:\\\/\\\/schema.org\",\"@graph\":[{\"@type\":\"Article\",\"@id\":\"https:\\\/\\\/algarve7.pt\\\/index.php\\\/2025\\\/01\\\/centro-de-recolha-oficial-de-animais-de-faro-celebra-segundo-aniversario\\\/atualidade\\\/07\\\/55\\\/#article\",\"isPartOf\":{\"@id\":\"https:\\\/\\\/algarve7.pt\\\/index.php\\\/2025\\\/01\\\/centro-de-recolha-oficial-de-animais-de-faro-celebra-segundo-aniversario\\\/atualidade\\\/07\\\/55\\\/\"},\"author\":{\"name\":\"Algarve 7\",\"@id\":\"https:\\\/\\\/algarve7.pt\\\/#\\\/schema\\\/person\\\/23fa70681308e7b319a3204bcea45e0c\"},\"headline\":\"Centro de recolha oficial de animais de Faro celebra segundo anivers\u00e1rio\",\"datePublished\":\"2025-01-16T07:55:00+00:00\",\"mainEntityOfPage\":{\"@id\":\"https:\\\/\\\/algarve7.pt\\\/index.php\\\/2025\\\/01\\\/centro-de-recolha-oficial-de-animais-de-faro-celebra-segundo-aniversario\\\/atualidade\\\/07\\\/55\\\/\"},\"wordCount\":369,\"publisher\":{\"@id\":\"https:\\\/\\\/algarve7.pt\\\/#organization\"},\"image\":{\"@id\":\"https:\\\/\\\/algarve7.pt\\\/index.php\\\/2025\\\/01\\\/centro-de-recolha-oficial-de-animais-de-faro-celebra-segundo-aniversario\\\/atualidade\\\/07\\\/55\\\/#primaryimage\"},\"thumbnailUrl\":\"https:\\\/\\\/algarve7.pt\\\/wp-content\\\/uploads\\\/2025\\\/01\\\/FB_IMG_1736858169437.jpg\",\"keywords\":[\"Algarve\",\"Atualidade\",\"Faro\"],\"articleSection\":[\"Atualidade\"],\"inLanguage\":\"pt-PT\"},{\"@type\":\"WebPage\",\"@id\":\"https:\\\/\\\/algarve7.pt\\\/index.php\\\/2025\\\/01\\\/centro-de-recolha-oficial-de-animais-de-faro-celebra-segundo-aniversario\\\/atualidade\\\/07\\\/55\\\/\",\"url\":\"https:\\\/\\\/algarve7.pt\\\/index.php\\\/2025\\\/01\\\/centro-de-recolha-oficial-de-animais-de-faro-celebra-segundo-aniversario\\\/atualidade\\\/07\\\/55\\\/\",\"name\":\"Centro de recolha oficial de animais de Faro celebra segundo anivers\u00e1rio - Algarve 7\",\"isPartOf\":{\"@id\":\"https:\\\/\\\/algarve7.pt\\\/#website\"},\"primaryImageOfPage\":{\"@id\":\"https:\\\/\\\/algarve7.pt\\\/index.php\\\/2025\\\/01\\\/centro-de-recolha-oficial-de-animais-de-faro-celebra-segundo-aniversario\\\/atualidade\\\/07\\\/55\\\/#primaryimage\"},\"image\":{\"@id\":\"https:\\\/\\\/algarve7.pt\\\/index.php\\\/2025\\\/01\\\/centro-de-recolha-oficial-de-animais-de-faro-celebra-segundo-aniversario\\\/atualidade\\\/07\\\/55\\\/#primaryimage\"},\"thumbnailUrl\":\"https:\\\/\\\/algarve7.pt\\\/wp-content\\\/uploads\\\/2025\\\/01\\\/FB_IMG_1736858169437.jpg\",\"datePublished\":\"2025-01-16T07:55:00+00:00\",\"description\":\"Centro de recolha oficial de animais de Faro celebra segundo anivers\u00e1rio Atualidade\",\"breadcrumb\":{\"@id\":\"https:\\\/\\\/algarve7.pt\\\/index.php\\\/2025\\\/01\\\/centro-de-recolha-oficial-de-animais-de-faro-celebra-segundo-aniversario\\\/atualidade\\\/07\\\/55\\\/#breadcrumb\"},\"inLanguage\":\"pt-PT\",\"potentialAction\":[{\"@type\":\"ReadAction\",\"target\":[\"https:\\\/\\\/algarve7.pt\\\/index.php\\\/2025\\\/01\\\/centro-de-recolha-oficial-de-animais-de-faro-celebra-segundo-aniversario\\\/atualidade\\\/07\\\/55\\\/\"]}]},{\"@type\":\"ImageObject\",\"inLanguage\":\"pt-PT\",\"@id\":\"https:\\\/\\\/algarve7.pt\\\/index.php\\\/2025\\\/01\\\/centro-de-recolha-oficial-de-animais-de-faro-celebra-segundo-aniversario\\\/atualidade\\\/07\\\/55\\\/#primaryimage\",\"url\":\"https:\\\/\\\/algarve7.pt\\\/wp-content\\\/uploads\\\/2025\\\/01\\\/FB_IMG_1736858169437.jpg\",\"contentUrl\":\"https:\\\/\\\/algarve7.pt\\\/wp-content\\\/uploads\\\/2025\\\/01\\\/FB_IMG_1736858169437.jpg\",\"width\":800,\"height\":500},{\"@type\":\"BreadcrumbList\",\"@id\":\"https:\\\/\\\/algarve7.pt\\\/index.php\\\/2025\\\/01\\\/centro-de-recolha-oficial-de-animais-de-faro-celebra-segundo-aniversario\\\/atualidade\\\/07\\\/55\\\/#breadcrumb\",\"itemListElement\":[{\"@type\":\"ListItem\",\"position\":1,\"name\":\"In\u00edcio\",\"item\":\"https:\\\/\\\/algarve7.pt\\\/\"},{\"@type\":\"ListItem\",\"position\":2,\"name\":\"Centro de recolha oficial de animais de Faro celebra segundo anivers\u00e1rio\"}]},{\"@type\":\"WebSite\",\"@id\":\"https:\\\/\\\/algarve7.pt\\\/#website\",\"url\":\"https:\\\/\\\/algarve7.pt\\\/\",\"name\":\"Algarve 7\",\"description\":\"Informa\u00e7\u00e3o sobre o Algarve\",\"publisher\":{\"@id\":\"https:\\\/\\\/algarve7.pt\\\/#organization\"},\"potentialAction\":[{\"@type\":\"SearchAction\",\"target\":{\"@type\":\"EntryPoint\",\"urlTemplate\":\"https:\\\/\\\/algarve7.pt\\\/?s={search_term_string}\"},\"query-input\":{\"@type\":\"PropertyValueSpecification\",\"valueRequired\":true,\"valueName\":\"search_term_string\"}}],\"inLanguage\":\"pt-PT\"},{\"@type\":\"Organization\",\"@id\":\"https:\\\/\\\/algarve7.pt\\\/#organization\",\"name\":\"Algarve 7\",\"url\":\"https:\\\/\\\/algarve7.pt\\\/\",\"logo\":{\"@type\":\"ImageObject\",\"inLanguage\":\"pt-PT\",\"@id\":\"https:\\\/\\\/algarve7.pt\\\/#\\\/schema\\\/logo\\\/image\\\/\",\"url\":\"https:\\\/\\\/algarve7.pt\\\/wp-content\\\/uploads\\\/2020\\\/10\\\/Logo-8.jpg\",\"contentUrl\":\"https:\\\/\\\/algarve7.pt\\\/wp-content\\\/uploads\\\/2020\\\/10\\\/Logo-8.jpg\",\"width\":1680,\"height\":1186,\"caption\":\"Algarve 7\"},\"image\":{\"@id\":\"https:\\\/\\\/algarve7.pt\\\/#\\\/schema\\\/logo\\\/image\\\/\"},\"sameAs\":[\"https:\\\/\\\/www.facebook.com\\\/algarve7\",\"https:\\\/\\\/x.com\\\/Algarvesete\",\"https:\\\/\\\/www.instagram.com\\\/jornalalgarve7\\\/\",\"https:\\\/\\\/www.linkedin.com\\\/company\\\/algarve7\",\"https:\\\/\\\/www.pinterest.pt\\\/geral0939\\\/_created\\\/\"]},{\"@type\":\"Person\",\"@id\":\"https:\\\/\\\/algarve7.pt\\\/#\\\/schema\\\/person\\\/23fa70681308e7b319a3204bcea45e0c\",\"name\":\"Algarve 7\",\"sameAs\":[\"https:\\\/\\\/algarve7.pt\",\"https:\\\/\\\/www.facebook.com\\\/algarve7\"],\"url\":\"https:\\\/\\\/algarve7.pt\\\/index.php\\\/author\\\/geralalgarve7-pt\\\/\"}]}<\/script>\n<!-- \/ Yoast SEO plugin. -->","yoast_head_json":{"title":"Centro de recolha oficial de animais de Faro celebra segundo anivers\u00e1rio - Algarve 7","description":"Centro de recolha oficial de animais de Faro celebra segundo anivers\u00e1rio Atualidade","robots":{"index":"index","follow":"follow","max-snippet":"max-snippet:-1","max-image-preview":"max-image-preview:large","max-video-preview":"max-video-preview:-1"},"canonical":"https:\/\/algarve7.pt\/index.php\/2025\/01\/centro-de-recolha-oficial-de-animais-de-faro-celebra-segundo-aniversario\/atualidade\/07\/55\/","og_locale":"pt_PT","og_type":"article","og_title":"Centro de recolha oficial de animais de Faro celebra segundo anivers\u00e1rio - Algarve 7","og_description":"Centro de recolha oficial de animais de Faro celebra segundo anivers\u00e1rio Atualidade","og_url":"https:\/\/algarve7.pt\/index.php\/2025\/01\/centro-de-recolha-oficial-de-animais-de-faro-celebra-segundo-aniversario\/atualidade\/07\/55\/","og_site_name":"Algarve 7","article_publisher":"https:\/\/www.facebook.com\/algarve7","article_author":"https:\/\/www.facebook.com\/algarve7","article_published_time":"2025-01-16T07:55:00+00:00","og_image":[{"width":800,"height":500,"url":"https:\/\/algarve7.pt\/wp-content\/uploads\/2025\/01\/FB_IMG_1736858169437.jpg","type":"image\/jpeg"}],"author":"Algarve 7","twitter_card":"summary_large_image","twitter_creator":"@Algarvesete","twitter_site":"@Algarvesete","twitter_misc":{"Escrito por":"Algarve 7","Tempo estimado de leitura":"3 minutos"},"schema":{"@context":"https:\/\/schema.org","@graph":[{"@type":"Article","@id":"https:\/\/algarve7.pt\/index.php\/2025\/01\/centro-de-recolha-oficial-de-animais-de-faro-celebra-segundo-aniversario\/atualidade\/07\/55\/#article","isPartOf":{"@id":"https:\/\/algarve7.pt\/index.php\/2025\/01\/centro-de-recolha-oficial-de-animais-de-faro-celebra-segundo-aniversario\/atualidade\/07\/55\/"},"author":{"name":"Algarve 7","@id":"https:\/\/algarve7.pt\/#\/schema\/person\/23fa70681308e7b319a3204bcea45e0c"},"headline":"Centro de recolha oficial de animais de Faro celebra segundo anivers\u00e1rio","datePublished":"2025-01-16T07:55:00+00:00","mainEntityOfPage":{"@id":"https:\/\/algarve7.pt\/index.php\/2025\/01\/centro-de-recolha-oficial-de-animais-de-faro-celebra-segundo-aniversario\/atualidade\/07\/55\/"},"wordCount":369,"publisher":{"@id":"https:\/\/algarve7.pt\/#organization"},"image":{"@id":"https:\/\/algarve7.pt\/index.php\/2025\/01\/centro-de-recolha-oficial-de-animais-de-faro-celebra-segundo-aniversario\/atualidade\/07\/55\/#primaryimage"},"thumbnailUrl":"https:\/\/algarve7.pt\/wp-content\/uploads\/2025\/01\/FB_IMG_1736858169437.jpg","keywords":["Algarve","Atualidade","Faro"],"articleSection":["Atualidade"],"inLanguage":"pt-PT"},{"@type":"WebPage","@id":"https:\/\/algarve7.pt\/index.php\/2025\/01\/centro-de-recolha-oficial-de-animais-de-faro-celebra-segundo-aniversario\/atualidade\/07\/55\/","url":"https:\/\/algarve7.pt\/index.php\/2025\/01\/centro-de-recolha-oficial-de-animais-de-faro-celebra-segundo-aniversario\/atualidade\/07\/55\/","name":"Centro de recolha oficial de animais de Faro celebra segundo anivers\u00e1rio - Algarve 7","isPartOf":{"@id":"https:\/\/algarve7.pt\/#website"},"primaryImageOfPage":{"@id":"https:\/\/algarve7.pt\/index.php\/2025\/01\/centro-de-recolha-oficial-de-animais-de-faro-celebra-segundo-aniversario\/atualidade\/07\/55\/#primaryimage"},"image":{"@id":"https:\/\/algarve7.pt\/index.php\/2025\/01\/centro-de-recolha-oficial-de-animais-de-faro-celebra-segundo-aniversario\/atualidade\/07\/55\/#primaryimage"},"thumbnailUrl":"https:\/\/algarve7.pt\/wp-content\/uploads\/2025\/01\/FB_IMG_1736858169437.jpg","datePublished":"2025-01-16T07:55:00+00:00","description":"Centro de recolha oficial de animais de Faro celebra segundo anivers\u00e1rio Atualidade","breadcrumb":{"@id":"https:\/\/algarve7.pt\/index.php\/2025\/01\/centro-de-recolha-oficial-de-animais-de-faro-celebra-segundo-aniversario\/atualidade\/07\/55\/#breadcrumb"},"inLanguage":"pt-PT","potentialAction":[{"@type":"ReadAction","target":["https:\/\/algarve7.pt\/index.php\/2025\/01\/centro-de-recolha-oficial-de-animais-de-faro-celebra-segundo-aniversario\/atualidade\/07\/55\/"]}]},{"@type":"ImageObject","inLanguage":"pt-PT","@id":"https:\/\/algarve7.pt\/index.php\/2025\/01\/centro-de-recolha-oficial-de-animais-de-faro-celebra-segundo-aniversario\/atualidade\/07\/55\/#primaryimage","url":"https:\/\/algarve7.pt\/wp-content\/uploads\/2025\/01\/FB_IMG_1736858169437.jpg","contentUrl":"https:\/\/algarve7.pt\/wp-content\/uploads\/2025\/01\/FB_IMG_1736858169437.jpg","width":800,"height":500},{"@type":"BreadcrumbList","@id":"https:\/\/algarve7.pt\/index.php\/2025\/01\/centro-de-recolha-oficial-de-animais-de-faro-celebra-segundo-aniversario\/atualidade\/07\/55\/#breadcrumb","itemListElement":[{"@type":"ListItem","position":1,"name":"In\u00edcio","item":"https:\/\/algarve7.pt\/"},{"@type":"ListItem","position":2,"name":"Centro de recolha oficial de animais de Faro celebra segundo anivers\u00e1rio"}]},{"@type":"WebSite","@id":"https:\/\/algarve7.pt\/#website","url":"https:\/\/algarve7.pt\/","name":"Algarve 7","description":"Informa\u00e7\u00e3o sobre o Algarve","publisher":{"@id":"https:\/\/algarve7.pt\/#organization"},"potentialAction":[{"@type":"SearchAction","target":{"@type":"EntryPoint","urlTemplate":"https:\/\/algarve7.pt\/?s={search_term_string}"},"query-input":{"@type":"PropertyValueSpecification","valueRequired":true,"valueName":"search_term_string"}}],"inLanguage":"pt-PT"},{"@type":"Organization","@id":"https:\/\/algarve7.pt\/#organization","name":"Algarve 7","url":"https:\/\/algarve7.pt\/","logo":{"@type":"ImageObject","inLanguage":"pt-PT","@id":"https:\/\/algarve7.pt\/#\/schema\/logo\/image\/","url":"https:\/\/algarve7.pt\/wp-content\/uploads\/2020\/10\/Logo-8.jpg","contentUrl":"https:\/\/algarve7.pt\/wp-content\/uploads\/2020\/10\/Logo-8.jpg","width":1680,"height":1186,"caption":"Algarve 7"},"image":{"@id":"https:\/\/algarve7.pt\/#\/schema\/logo\/image\/"},"sameAs":["https:\/\/www.facebook.com\/algarve7","https:\/\/x.com\/Algarvesete","https:\/\/www.instagram.com\/jornalalgarve7\/","https:\/\/www.linkedin.com\/company\/algarve7","https:\/\/www.pinterest.pt\/geral0939\/_created\/"]},{"@type":"Person","@id":"https:\/\/algarve7.pt\/#\/schema\/person\/23fa70681308e7b319a3204bcea45e0c","name":"Algarve 7","sameAs":["https:\/\/algarve7.pt","https:\/\/www.facebook.com\/algarve7"],"url":"https:\/\/algarve7.pt\/index.php\/author\/geralalgarve7-pt\/"}]}},"jetpack_publicize_connections":[],"jetpack_featured_media_url":"https:\/\/algarve7.pt\/wp-content\/uploads\/2025\/01\/FB_IMG_1736858169437.jpg","jetpack_shortlink":"https:\/\/wp.me\/pcezmW-c2D","jetpack_sharing_enabled":true,"_links":{"self":[{"href":"https:\/\/algarve7.pt\/index.php\/wp-json\/wp\/v2\/posts\/46291","targetHints":{"allow":["GET"]}}],"collection":[{"href":"https:\/\/algarve7.pt\/index.php\/wp-json\/wp\/v2\/posts"}],"about":[{"href":"https:\/\/algarve7.pt\/index.php\/wp-json\/wp\/v2\/types\/post"}],"author":[{"embeddable":true,"href":"https:\/\/algarve7.pt\/index.php\/wp-json\/wp\/v2\/users\/1"}],"replies":[{"embeddable":true,"href":"https:\/\/algarve7.pt\/index.php\/wp-json\/wp\/v2\/comments?post=46291"}],"version-history":[{"count":0,"href":"https:\/\/algarve7.pt\/index.php\/wp-json\/wp\/v2\/posts\/46291\/revisions"}],"wp:featuredmedia":[{"embeddable":true,"href":"https:\/\/algarve7.pt\/index.php\/wp-json\/wp\/v2\/media\/46292"}],"wp:attachment":[{"href":"https:\/\/algarve7.pt\/index.php\/wp-json\/wp\/v2\/media?parent=46291"}],"wp:term":[{"taxonomy":"category","embeddable":true,"href":"https:\/\/algarve7.pt\/index.php\/wp-json\/wp\/v2\/categories?post=46291"},{"taxonomy":"post_tag","embeddable":true,"href":"https:\/\/algarve7.pt\/index.php\/wp-json\/wp\/v2\/tags?post=46291"}],"curies":[{"name":"wp","href":"https:\/\/api.w.org\/{rel}","templated":true}]}}