{"id":46262,"date":"2025-01-15T08:47:17","date_gmt":"2025-01-15T08:47:17","guid":{"rendered":"https:\/\/algarve7.pt\/?p=46262"},"modified":"2025-01-15T08:47:20","modified_gmt":"2025-01-15T08:47:20","slug":"inscricao-do-bolo-de-tacho-no-inventario-nacional-do-patrimonio-cultural-imaterial-em-consulta-publica","status":"publish","type":"post","link":"https:\/\/algarve7.pt\/index.php\/2025\/01\/inscricao-do-bolo-de-tacho-no-inventario-nacional-do-patrimonio-cultural-imaterial-em-consulta-publica\/cultura\/08\/47\/","title":{"rendered":"Inscri\u00e7\u00e3o do \u00abBolo de Tacho\u00bb no Invent\u00e1rio Nacional do Patrim\u00f3nio Cultural Imaterial em Consulta P\u00fablica"},"content":{"rendered":"\n<p><strong>Na sequ\u00eancia de proposta da Junta de Freguesia de Monchique, apoiada pela Comiss\u00e3o de Coordena\u00e7\u00e3o e Desenvolvimento Regional (CCDR) do ALGARVE, I.P. e pelo Munic\u00edpio de Monchique, encontra-se em consulta p\u00fablica o procedimento de inscri\u00e7\u00e3o do \u00abBolo de Tacho\u00bb no Invent\u00e1rio Nacional do Patrim\u00f3nio Cultural Imaterial<\/strong><strong>.<\/strong><\/p>\n\n\n\n<p>Dinamizadora do processo de candidatura e inscri\u00e7\u00e3o, a Junta de Freguesia de Monchique tem uma \u00edntima rela\u00e7\u00e3o com o patrim\u00f3nio cultural imaterial (PCI), pois, ao longo das \u00faltimas tr\u00eas d\u00e9cadas, tem vindo a propor diversas atividades que visam promover e valorizar as tradi\u00e7\u00f5es e os sabores e saberes locais. Entre elas encontram-se as celebra\u00e7\u00f5es das Janeiras e Reis, as quais re\u00fanem v\u00e1rias joldas que entoam as cantigas mais tradicionais, da Quinta-feira da Ascens\u00e3o, em que \u00e9 festejado o Dia da Vila e do Munic\u00edpio e o momento em que as popula\u00e7\u00f5es serranas e do barrocal algarvio se deslocam&nbsp;&nbsp;se desloca ao campo, a Festa do M, que visa assinalar a tradi\u00e7\u00e3o do 1.\u00ba de maio e do bolo de tacho, o banho do 29, cuja recria\u00e7\u00e3o assinala uma das mais animadas e populares tradi\u00e7\u00f5es monchiquenses e ainda o Dia de S\u00e3o Martinho, em que \u00e9 dinamizado um magusto tradicional, onde se assam castanhas \u00e0 moda antiga, com caruma, tojo e carqueja secos.<\/p>\n\n\n\n<p>Na proposta para inscri\u00e7\u00e3o no Invent\u00e1rio Nacional de PCI tamb\u00e9m t\u00eam sido v\u00e1rias as a\u00e7\u00f5es levadas a cabo pela Freguesia de Monchique ao n\u00edvel da identifica\u00e7\u00e3o, estudo e promo\u00e7\u00e3o do bolo de tacho e saber-fazer associado.&nbsp;<strong>A Festa do M \u00e9 a principal e mais antiga atividade dinamizada pela autarquia, no que diz respeito a este bolo, contando j\u00e1 com vinte e nove edi\u00e7\u00f5es<\/strong>. Este evento \u00e9 dedicado a Monchique, ao m\u00eas de maio, ao mel, ao medronho e ao&nbsp;<strong>Bolo de Milho (ou de Tacho ou de Maio)<\/strong>, termos que correspondem ao local e per\u00edodo em que o bolo \u00e9 confecionado e a produtos locais e tradicionais que entram na composi\u00e7\u00e3o do bolo ou que podem servir de acompanhamento do mesmo.<\/p>\n\n\n\n<p>A Festa do M caracteriza-se pelo facto de convidar a popula\u00e7\u00e3o a confecionar o bolo de tacho e a partilh\u00e1-lo com os in\u00fameros participantes que, todos os anos, acorrem ao quintal do edif\u00edcio-sede da Junta de Freguesia, onde o evento se realiza. Esta festa vem, assim, comprovar que todos os bolos s\u00e3o diferentes, pois permite reunir e provar dezenas de receitas que s\u00e3o executadas pela comunidade, cuja prepara\u00e7\u00e3o, difere de pessoa para pessoa.<\/p>\n\n\n\n<p>A abertura do procedimento foi efetuada pelo&nbsp;Patrim\u00f3nio Cultural, I.P. em 13 de janeiro de 2025, os<strong>interessados disp\u00f5em de 30 dias para se pronunciarem<\/strong>&nbsp;e os elementos relevantes deste processo podem ser consultados&nbsp;<a href=\"https:\/\/www.patrimoniocultural.gov.pt\/salvaguarda\/consultar\/CONSULTAS-PUBLICAS\/\"><strong>AQUI<\/strong><\/a>.<\/p>\n\n\n\n<p>Sublinhe-se que a Unidade de Cultura da CCDR Algarve atua nas \u00e1reas da salvaguarda do patrim\u00f3nio cultural, dos estudos, projetos e programa\u00e7\u00e3o e promo\u00e7\u00e3o cultural, bem como do incentivo \u00e0 leitura e ao acesso \u00e0 informa\u00e7\u00e3o.<\/p>\n","protected":false},"excerpt":{"rendered":"<p>Na sequ\u00eancia de proposta da Junta de Freguesia de Monchique, apoiada pela Comiss\u00e3o de Coordena\u00e7\u00e3o e Desenvolvimento Regional (CCDR) do<\/p>\n","protected":false},"author":1,"featured_media":46263,"comment_status":"closed","ping_status":"closed","sticky":false,"template":"","format":"standard","meta":{"colormag_page_container_layout":"default_layout","colormag_page_sidebar_layout":"default_layout","_monsterinsights_skip_tracking":false,"_monsterinsights_sitenote_active":false,"_monsterinsights_sitenote_note":"","_monsterinsights_sitenote_category":0,"jetpack_post_was_ever_published":false,"_jetpack_newsletter_access":"","_jetpack_dont_email_post_to_subs":false,"_jetpack_newsletter_tier_id":0,"_jetpack_memberships_contains_paywalled_content":false,"_jetpack_memberships_contains_paid_content":false,"footnotes":"","jetpack_publicize_message":"","jetpack_publicize_feature_enabled":true,"jetpack_social_post_already_shared":true,"jetpack_social_options":{"image_generator_settings":{"template":"highway","default_image_id":0,"font":"","enabled":false},"version":2}},"categories":[14],"tags":[36,35,171],"class_list":["post-46262","post","type-post","status-publish","format-standard","has-post-thumbnail","hentry","category-cultura","tag-algarve","tag-cultura","tag-monchique"],"yoast_head":"<!-- This site is optimized with the Yoast SEO plugin v27.5 - https:\/\/yoast.com\/product\/yoast-seo-wordpress\/ -->\n<title>Inscri\u00e7\u00e3o do \u00abBolo de Tacho\u00bb no Invent\u00e1rio Nacional do Patrim\u00f3nio Cultural Imaterial em Consulta P\u00fablica - Algarve 7<\/title>\n<meta name=\"description\" content=\"Inscri\u00e7\u00e3o do \u00abBolo de Tacho\u00bb no Invent\u00e1rio Nacional do Patrim\u00f3nio Cultural Imaterial em Consulta P\u00fablica Cultura\" \/>\n<meta name=\"robots\" content=\"index, follow, max-snippet:-1, max-image-preview:large, max-video-preview:-1\" \/>\n<link rel=\"canonical\" href=\"https:\/\/algarve7.pt\/index.php\/2025\/01\/inscricao-do-bolo-de-tacho-no-inventario-nacional-do-patrimonio-cultural-imaterial-em-consulta-publica\/cultura\/08\/47\/\" \/>\n<meta property=\"og:locale\" content=\"pt_PT\" \/>\n<meta property=\"og:type\" content=\"article\" \/>\n<meta property=\"og:title\" content=\"Inscri\u00e7\u00e3o do \u00abBolo de Tacho\u00bb no Invent\u00e1rio Nacional do Patrim\u00f3nio Cultural Imaterial em Consulta P\u00fablica - Algarve 7\" \/>\n<meta property=\"og:description\" content=\"Inscri\u00e7\u00e3o do \u00abBolo de Tacho\u00bb no Invent\u00e1rio Nacional do Patrim\u00f3nio Cultural Imaterial em Consulta P\u00fablica Cultura\" \/>\n<meta property=\"og:url\" content=\"https:\/\/algarve7.pt\/index.php\/2025\/01\/inscricao-do-bolo-de-tacho-no-inventario-nacional-do-patrimonio-cultural-imaterial-em-consulta-publica\/cultura\/08\/47\/\" \/>\n<meta property=\"og:site_name\" content=\"Algarve 7\" \/>\n<meta property=\"article:publisher\" content=\"https:\/\/www.facebook.com\/algarve7\" \/>\n<meta property=\"article:author\" content=\"https:\/\/www.facebook.com\/algarve7\" \/>\n<meta property=\"article:published_time\" content=\"2025-01-15T08:47:17+00:00\" \/>\n<meta property=\"article:modified_time\" content=\"2025-01-15T08:47:20+00:00\" \/>\n<meta property=\"og:image\" content=\"https:\/\/algarve7.pt\/wp-content\/uploads\/2025\/01\/Captura-de-ecra-2025-01-15-as-08.46.02.png\" \/>\n\t<meta property=\"og:image:width\" content=\"800\" \/>\n\t<meta property=\"og:image:height\" content=\"500\" \/>\n\t<meta property=\"og:image:type\" content=\"image\/png\" \/>\n<meta name=\"author\" content=\"Algarve 7\" \/>\n<meta name=\"twitter:card\" content=\"summary_large_image\" \/>\n<meta name=\"twitter:creator\" content=\"@Algarvesete\" \/>\n<meta name=\"twitter:site\" content=\"@Algarvesete\" \/>\n<meta name=\"twitter:label1\" content=\"Escrito por\" \/>\n\t<meta name=\"twitter:data1\" content=\"Algarve 7\" \/>\n\t<meta name=\"twitter:label2\" content=\"Tempo estimado de leitura\" \/>\n\t<meta name=\"twitter:data2\" content=\"3 minutos\" \/>\n<script type=\"application\/ld+json\" class=\"yoast-schema-graph\">{\"@context\":\"https:\\\/\\\/schema.org\",\"@graph\":[{\"@type\":\"Article\",\"@id\":\"https:\\\/\\\/algarve7.pt\\\/index.php\\\/2025\\\/01\\\/inscricao-do-bolo-de-tacho-no-inventario-nacional-do-patrimonio-cultural-imaterial-em-consulta-publica\\\/cultura\\\/08\\\/47\\\/#article\",\"isPartOf\":{\"@id\":\"https:\\\/\\\/algarve7.pt\\\/index.php\\\/2025\\\/01\\\/inscricao-do-bolo-de-tacho-no-inventario-nacional-do-patrimonio-cultural-imaterial-em-consulta-publica\\\/cultura\\\/08\\\/47\\\/\"},\"author\":{\"name\":\"Algarve 7\",\"@id\":\"https:\\\/\\\/algarve7.pt\\\/#\\\/schema\\\/person\\\/23fa70681308e7b319a3204bcea45e0c\"},\"headline\":\"Inscri\u00e7\u00e3o do \u00abBolo de Tacho\u00bb no Invent\u00e1rio Nacional do Patrim\u00f3nio Cultural Imaterial em Consulta P\u00fablica\",\"datePublished\":\"2025-01-15T08:47:17+00:00\",\"dateModified\":\"2025-01-15T08:47:20+00:00\",\"mainEntityOfPage\":{\"@id\":\"https:\\\/\\\/algarve7.pt\\\/index.php\\\/2025\\\/01\\\/inscricao-do-bolo-de-tacho-no-inventario-nacional-do-patrimonio-cultural-imaterial-em-consulta-publica\\\/cultura\\\/08\\\/47\\\/\"},\"wordCount\":538,\"publisher\":{\"@id\":\"https:\\\/\\\/algarve7.pt\\\/#organization\"},\"image\":{\"@id\":\"https:\\\/\\\/algarve7.pt\\\/index.php\\\/2025\\\/01\\\/inscricao-do-bolo-de-tacho-no-inventario-nacional-do-patrimonio-cultural-imaterial-em-consulta-publica\\\/cultura\\\/08\\\/47\\\/#primaryimage\"},\"thumbnailUrl\":\"https:\\\/\\\/algarve7.pt\\\/wp-content\\\/uploads\\\/2025\\\/01\\\/Captura-de-ecra-2025-01-15-as-08.46.02.png\",\"keywords\":[\"Algarve\",\"Cultura\",\"Monchique\"],\"articleSection\":[\"Cultura\"],\"inLanguage\":\"pt-PT\"},{\"@type\":\"WebPage\",\"@id\":\"https:\\\/\\\/algarve7.pt\\\/index.php\\\/2025\\\/01\\\/inscricao-do-bolo-de-tacho-no-inventario-nacional-do-patrimonio-cultural-imaterial-em-consulta-publica\\\/cultura\\\/08\\\/47\\\/\",\"url\":\"https:\\\/\\\/algarve7.pt\\\/index.php\\\/2025\\\/01\\\/inscricao-do-bolo-de-tacho-no-inventario-nacional-do-patrimonio-cultural-imaterial-em-consulta-publica\\\/cultura\\\/08\\\/47\\\/\",\"name\":\"Inscri\u00e7\u00e3o do \u00abBolo de Tacho\u00bb no Invent\u00e1rio Nacional do Patrim\u00f3nio Cultural Imaterial em Consulta P\u00fablica - Algarve 7\",\"isPartOf\":{\"@id\":\"https:\\\/\\\/algarve7.pt\\\/#website\"},\"primaryImageOfPage\":{\"@id\":\"https:\\\/\\\/algarve7.pt\\\/index.php\\\/2025\\\/01\\\/inscricao-do-bolo-de-tacho-no-inventario-nacional-do-patrimonio-cultural-imaterial-em-consulta-publica\\\/cultura\\\/08\\\/47\\\/#primaryimage\"},\"image\":{\"@id\":\"https:\\\/\\\/algarve7.pt\\\/index.php\\\/2025\\\/01\\\/inscricao-do-bolo-de-tacho-no-inventario-nacional-do-patrimonio-cultural-imaterial-em-consulta-publica\\\/cultura\\\/08\\\/47\\\/#primaryimage\"},\"thumbnailUrl\":\"https:\\\/\\\/algarve7.pt\\\/wp-content\\\/uploads\\\/2025\\\/01\\\/Captura-de-ecra-2025-01-15-as-08.46.02.png\",\"datePublished\":\"2025-01-15T08:47:17+00:00\",\"dateModified\":\"2025-01-15T08:47:20+00:00\",\"description\":\"Inscri\u00e7\u00e3o do \u00abBolo de Tacho\u00bb no Invent\u00e1rio Nacional do Patrim\u00f3nio Cultural Imaterial em Consulta P\u00fablica Cultura\",\"breadcrumb\":{\"@id\":\"https:\\\/\\\/algarve7.pt\\\/index.php\\\/2025\\\/01\\\/inscricao-do-bolo-de-tacho-no-inventario-nacional-do-patrimonio-cultural-imaterial-em-consulta-publica\\\/cultura\\\/08\\\/47\\\/#breadcrumb\"},\"inLanguage\":\"pt-PT\",\"potentialAction\":[{\"@type\":\"ReadAction\",\"target\":[\"https:\\\/\\\/algarve7.pt\\\/index.php\\\/2025\\\/01\\\/inscricao-do-bolo-de-tacho-no-inventario-nacional-do-patrimonio-cultural-imaterial-em-consulta-publica\\\/cultura\\\/08\\\/47\\\/\"]}]},{\"@type\":\"ImageObject\",\"inLanguage\":\"pt-PT\",\"@id\":\"https:\\\/\\\/algarve7.pt\\\/index.php\\\/2025\\\/01\\\/inscricao-do-bolo-de-tacho-no-inventario-nacional-do-patrimonio-cultural-imaterial-em-consulta-publica\\\/cultura\\\/08\\\/47\\\/#primaryimage\",\"url\":\"https:\\\/\\\/algarve7.pt\\\/wp-content\\\/uploads\\\/2025\\\/01\\\/Captura-de-ecra-2025-01-15-as-08.46.02.png\",\"contentUrl\":\"https:\\\/\\\/algarve7.pt\\\/wp-content\\\/uploads\\\/2025\\\/01\\\/Captura-de-ecra-2025-01-15-as-08.46.02.png\",\"width\":800,\"height\":500},{\"@type\":\"BreadcrumbList\",\"@id\":\"https:\\\/\\\/algarve7.pt\\\/index.php\\\/2025\\\/01\\\/inscricao-do-bolo-de-tacho-no-inventario-nacional-do-patrimonio-cultural-imaterial-em-consulta-publica\\\/cultura\\\/08\\\/47\\\/#breadcrumb\",\"itemListElement\":[{\"@type\":\"ListItem\",\"position\":1,\"name\":\"In\u00edcio\",\"item\":\"https:\\\/\\\/algarve7.pt\\\/\"},{\"@type\":\"ListItem\",\"position\":2,\"name\":\"Inscri\u00e7\u00e3o do \u00abBolo de Tacho\u00bb no Invent\u00e1rio Nacional do Patrim\u00f3nio Cultural Imaterial em Consulta P\u00fablica\"}]},{\"@type\":\"WebSite\",\"@id\":\"https:\\\/\\\/algarve7.pt\\\/#website\",\"url\":\"https:\\\/\\\/algarve7.pt\\\/\",\"name\":\"Algarve 7\",\"description\":\"Informa\u00e7\u00e3o sobre o Algarve\",\"publisher\":{\"@id\":\"https:\\\/\\\/algarve7.pt\\\/#organization\"},\"potentialAction\":[{\"@type\":\"SearchAction\",\"target\":{\"@type\":\"EntryPoint\",\"urlTemplate\":\"https:\\\/\\\/algarve7.pt\\\/?s={search_term_string}\"},\"query-input\":{\"@type\":\"PropertyValueSpecification\",\"valueRequired\":true,\"valueName\":\"search_term_string\"}}],\"inLanguage\":\"pt-PT\"},{\"@type\":\"Organization\",\"@id\":\"https:\\\/\\\/algarve7.pt\\\/#organization\",\"name\":\"Algarve 7\",\"url\":\"https:\\\/\\\/algarve7.pt\\\/\",\"logo\":{\"@type\":\"ImageObject\",\"inLanguage\":\"pt-PT\",\"@id\":\"https:\\\/\\\/algarve7.pt\\\/#\\\/schema\\\/logo\\\/image\\\/\",\"url\":\"https:\\\/\\\/algarve7.pt\\\/wp-content\\\/uploads\\\/2020\\\/10\\\/Logo-8.jpg\",\"contentUrl\":\"https:\\\/\\\/algarve7.pt\\\/wp-content\\\/uploads\\\/2020\\\/10\\\/Logo-8.jpg\",\"width\":1680,\"height\":1186,\"caption\":\"Algarve 7\"},\"image\":{\"@id\":\"https:\\\/\\\/algarve7.pt\\\/#\\\/schema\\\/logo\\\/image\\\/\"},\"sameAs\":[\"https:\\\/\\\/www.facebook.com\\\/algarve7\",\"https:\\\/\\\/x.com\\\/Algarvesete\",\"https:\\\/\\\/www.instagram.com\\\/jornalalgarve7\\\/\",\"https:\\\/\\\/www.linkedin.com\\\/company\\\/algarve7\",\"https:\\\/\\\/www.pinterest.pt\\\/geral0939\\\/_created\\\/\"]},{\"@type\":\"Person\",\"@id\":\"https:\\\/\\\/algarve7.pt\\\/#\\\/schema\\\/person\\\/23fa70681308e7b319a3204bcea45e0c\",\"name\":\"Algarve 7\",\"sameAs\":[\"https:\\\/\\\/algarve7.pt\",\"https:\\\/\\\/www.facebook.com\\\/algarve7\"],\"url\":\"https:\\\/\\\/algarve7.pt\\\/index.php\\\/author\\\/geralalgarve7-pt\\\/\"}]}<\/script>\n<!-- \/ Yoast SEO plugin. -->","yoast_head_json":{"title":"Inscri\u00e7\u00e3o do \u00abBolo de Tacho\u00bb no Invent\u00e1rio Nacional do Patrim\u00f3nio Cultural Imaterial em Consulta P\u00fablica - Algarve 7","description":"Inscri\u00e7\u00e3o do \u00abBolo de Tacho\u00bb no Invent\u00e1rio Nacional do Patrim\u00f3nio Cultural Imaterial em Consulta P\u00fablica Cultura","robots":{"index":"index","follow":"follow","max-snippet":"max-snippet:-1","max-image-preview":"max-image-preview:large","max-video-preview":"max-video-preview:-1"},"canonical":"https:\/\/algarve7.pt\/index.php\/2025\/01\/inscricao-do-bolo-de-tacho-no-inventario-nacional-do-patrimonio-cultural-imaterial-em-consulta-publica\/cultura\/08\/47\/","og_locale":"pt_PT","og_type":"article","og_title":"Inscri\u00e7\u00e3o do \u00abBolo de Tacho\u00bb no Invent\u00e1rio Nacional do Patrim\u00f3nio Cultural Imaterial em Consulta P\u00fablica - Algarve 7","og_description":"Inscri\u00e7\u00e3o do \u00abBolo de Tacho\u00bb no Invent\u00e1rio Nacional do Patrim\u00f3nio Cultural Imaterial em Consulta P\u00fablica Cultura","og_url":"https:\/\/algarve7.pt\/index.php\/2025\/01\/inscricao-do-bolo-de-tacho-no-inventario-nacional-do-patrimonio-cultural-imaterial-em-consulta-publica\/cultura\/08\/47\/","og_site_name":"Algarve 7","article_publisher":"https:\/\/www.facebook.com\/algarve7","article_author":"https:\/\/www.facebook.com\/algarve7","article_published_time":"2025-01-15T08:47:17+00:00","article_modified_time":"2025-01-15T08:47:20+00:00","og_image":[{"width":800,"height":500,"url":"https:\/\/algarve7.pt\/wp-content\/uploads\/2025\/01\/Captura-de-ecra-2025-01-15-as-08.46.02.png","type":"image\/png"}],"author":"Algarve 7","twitter_card":"summary_large_image","twitter_creator":"@Algarvesete","twitter_site":"@Algarvesete","twitter_misc":{"Escrito por":"Algarve 7","Tempo estimado de leitura":"3 minutos"},"schema":{"@context":"https:\/\/schema.org","@graph":[{"@type":"Article","@id":"https:\/\/algarve7.pt\/index.php\/2025\/01\/inscricao-do-bolo-de-tacho-no-inventario-nacional-do-patrimonio-cultural-imaterial-em-consulta-publica\/cultura\/08\/47\/#article","isPartOf":{"@id":"https:\/\/algarve7.pt\/index.php\/2025\/01\/inscricao-do-bolo-de-tacho-no-inventario-nacional-do-patrimonio-cultural-imaterial-em-consulta-publica\/cultura\/08\/47\/"},"author":{"name":"Algarve 7","@id":"https:\/\/algarve7.pt\/#\/schema\/person\/23fa70681308e7b319a3204bcea45e0c"},"headline":"Inscri\u00e7\u00e3o do \u00abBolo de Tacho\u00bb no Invent\u00e1rio Nacional do Patrim\u00f3nio Cultural Imaterial em Consulta P\u00fablica","datePublished":"2025-01-15T08:47:17+00:00","dateModified":"2025-01-15T08:47:20+00:00","mainEntityOfPage":{"@id":"https:\/\/algarve7.pt\/index.php\/2025\/01\/inscricao-do-bolo-de-tacho-no-inventario-nacional-do-patrimonio-cultural-imaterial-em-consulta-publica\/cultura\/08\/47\/"},"wordCount":538,"publisher":{"@id":"https:\/\/algarve7.pt\/#organization"},"image":{"@id":"https:\/\/algarve7.pt\/index.php\/2025\/01\/inscricao-do-bolo-de-tacho-no-inventario-nacional-do-patrimonio-cultural-imaterial-em-consulta-publica\/cultura\/08\/47\/#primaryimage"},"thumbnailUrl":"https:\/\/algarve7.pt\/wp-content\/uploads\/2025\/01\/Captura-de-ecra-2025-01-15-as-08.46.02.png","keywords":["Algarve","Cultura","Monchique"],"articleSection":["Cultura"],"inLanguage":"pt-PT"},{"@type":"WebPage","@id":"https:\/\/algarve7.pt\/index.php\/2025\/01\/inscricao-do-bolo-de-tacho-no-inventario-nacional-do-patrimonio-cultural-imaterial-em-consulta-publica\/cultura\/08\/47\/","url":"https:\/\/algarve7.pt\/index.php\/2025\/01\/inscricao-do-bolo-de-tacho-no-inventario-nacional-do-patrimonio-cultural-imaterial-em-consulta-publica\/cultura\/08\/47\/","name":"Inscri\u00e7\u00e3o do \u00abBolo de Tacho\u00bb no Invent\u00e1rio Nacional do Patrim\u00f3nio Cultural Imaterial em Consulta P\u00fablica - Algarve 7","isPartOf":{"@id":"https:\/\/algarve7.pt\/#website"},"primaryImageOfPage":{"@id":"https:\/\/algarve7.pt\/index.php\/2025\/01\/inscricao-do-bolo-de-tacho-no-inventario-nacional-do-patrimonio-cultural-imaterial-em-consulta-publica\/cultura\/08\/47\/#primaryimage"},"image":{"@id":"https:\/\/algarve7.pt\/index.php\/2025\/01\/inscricao-do-bolo-de-tacho-no-inventario-nacional-do-patrimonio-cultural-imaterial-em-consulta-publica\/cultura\/08\/47\/#primaryimage"},"thumbnailUrl":"https:\/\/algarve7.pt\/wp-content\/uploads\/2025\/01\/Captura-de-ecra-2025-01-15-as-08.46.02.png","datePublished":"2025-01-15T08:47:17+00:00","dateModified":"2025-01-15T08:47:20+00:00","description":"Inscri\u00e7\u00e3o do \u00abBolo de Tacho\u00bb no Invent\u00e1rio Nacional do Patrim\u00f3nio Cultural Imaterial em Consulta P\u00fablica Cultura","breadcrumb":{"@id":"https:\/\/algarve7.pt\/index.php\/2025\/01\/inscricao-do-bolo-de-tacho-no-inventario-nacional-do-patrimonio-cultural-imaterial-em-consulta-publica\/cultura\/08\/47\/#breadcrumb"},"inLanguage":"pt-PT","potentialAction":[{"@type":"ReadAction","target":["https:\/\/algarve7.pt\/index.php\/2025\/01\/inscricao-do-bolo-de-tacho-no-inventario-nacional-do-patrimonio-cultural-imaterial-em-consulta-publica\/cultura\/08\/47\/"]}]},{"@type":"ImageObject","inLanguage":"pt-PT","@id":"https:\/\/algarve7.pt\/index.php\/2025\/01\/inscricao-do-bolo-de-tacho-no-inventario-nacional-do-patrimonio-cultural-imaterial-em-consulta-publica\/cultura\/08\/47\/#primaryimage","url":"https:\/\/algarve7.pt\/wp-content\/uploads\/2025\/01\/Captura-de-ecra-2025-01-15-as-08.46.02.png","contentUrl":"https:\/\/algarve7.pt\/wp-content\/uploads\/2025\/01\/Captura-de-ecra-2025-01-15-as-08.46.02.png","width":800,"height":500},{"@type":"BreadcrumbList","@id":"https:\/\/algarve7.pt\/index.php\/2025\/01\/inscricao-do-bolo-de-tacho-no-inventario-nacional-do-patrimonio-cultural-imaterial-em-consulta-publica\/cultura\/08\/47\/#breadcrumb","itemListElement":[{"@type":"ListItem","position":1,"name":"In\u00edcio","item":"https:\/\/algarve7.pt\/"},{"@type":"ListItem","position":2,"name":"Inscri\u00e7\u00e3o do \u00abBolo de Tacho\u00bb no Invent\u00e1rio Nacional do Patrim\u00f3nio Cultural Imaterial em Consulta P\u00fablica"}]},{"@type":"WebSite","@id":"https:\/\/algarve7.pt\/#website","url":"https:\/\/algarve7.pt\/","name":"Algarve 7","description":"Informa\u00e7\u00e3o sobre o Algarve","publisher":{"@id":"https:\/\/algarve7.pt\/#organization"},"potentialAction":[{"@type":"SearchAction","target":{"@type":"EntryPoint","urlTemplate":"https:\/\/algarve7.pt\/?s={search_term_string}"},"query-input":{"@type":"PropertyValueSpecification","valueRequired":true,"valueName":"search_term_string"}}],"inLanguage":"pt-PT"},{"@type":"Organization","@id":"https:\/\/algarve7.pt\/#organization","name":"Algarve 7","url":"https:\/\/algarve7.pt\/","logo":{"@type":"ImageObject","inLanguage":"pt-PT","@id":"https:\/\/algarve7.pt\/#\/schema\/logo\/image\/","url":"https:\/\/algarve7.pt\/wp-content\/uploads\/2020\/10\/Logo-8.jpg","contentUrl":"https:\/\/algarve7.pt\/wp-content\/uploads\/2020\/10\/Logo-8.jpg","width":1680,"height":1186,"caption":"Algarve 7"},"image":{"@id":"https:\/\/algarve7.pt\/#\/schema\/logo\/image\/"},"sameAs":["https:\/\/www.facebook.com\/algarve7","https:\/\/x.com\/Algarvesete","https:\/\/www.instagram.com\/jornalalgarve7\/","https:\/\/www.linkedin.com\/company\/algarve7","https:\/\/www.pinterest.pt\/geral0939\/_created\/"]},{"@type":"Person","@id":"https:\/\/algarve7.pt\/#\/schema\/person\/23fa70681308e7b319a3204bcea45e0c","name":"Algarve 7","sameAs":["https:\/\/algarve7.pt","https:\/\/www.facebook.com\/algarve7"],"url":"https:\/\/algarve7.pt\/index.php\/author\/geralalgarve7-pt\/"}]}},"jetpack_publicize_connections":[],"jetpack_featured_media_url":"https:\/\/algarve7.pt\/wp-content\/uploads\/2025\/01\/Captura-de-ecra-2025-01-15-as-08.46.02.png","jetpack_shortlink":"https:\/\/wp.me\/pcezmW-c2a","jetpack_sharing_enabled":true,"_links":{"self":[{"href":"https:\/\/algarve7.pt\/index.php\/wp-json\/wp\/v2\/posts\/46262","targetHints":{"allow":["GET"]}}],"collection":[{"href":"https:\/\/algarve7.pt\/index.php\/wp-json\/wp\/v2\/posts"}],"about":[{"href":"https:\/\/algarve7.pt\/index.php\/wp-json\/wp\/v2\/types\/post"}],"author":[{"embeddable":true,"href":"https:\/\/algarve7.pt\/index.php\/wp-json\/wp\/v2\/users\/1"}],"replies":[{"embeddable":true,"href":"https:\/\/algarve7.pt\/index.php\/wp-json\/wp\/v2\/comments?post=46262"}],"version-history":[{"count":0,"href":"https:\/\/algarve7.pt\/index.php\/wp-json\/wp\/v2\/posts\/46262\/revisions"}],"wp:featuredmedia":[{"embeddable":true,"href":"https:\/\/algarve7.pt\/index.php\/wp-json\/wp\/v2\/media\/46263"}],"wp:attachment":[{"href":"https:\/\/algarve7.pt\/index.php\/wp-json\/wp\/v2\/media?parent=46262"}],"wp:term":[{"taxonomy":"category","embeddable":true,"href":"https:\/\/algarve7.pt\/index.php\/wp-json\/wp\/v2\/categories?post=46262"},{"taxonomy":"post_tag","embeddable":true,"href":"https:\/\/algarve7.pt\/index.php\/wp-json\/wp\/v2\/tags?post=46262"}],"curies":[{"name":"wp","href":"https:\/\/api.w.org\/{rel}","templated":true}]}}