{"id":46259,"date":"2025-01-15T08:30:00","date_gmt":"2025-01-15T08:30:00","guid":{"rendered":"https:\/\/algarve7.pt\/?p=46259"},"modified":"2025-01-14T19:27:02","modified_gmt":"2025-01-14T19:27:02","slug":"triton-world-series-anuncia-final-mundial-triton-2025-em-portimao","status":"publish","type":"post","link":"https:\/\/algarve7.pt\/index.php\/2025\/01\/triton-world-series-anuncia-final-mundial-triton-2025-em-portimao\/desporto\/08\/30\/","title":{"rendered":"Triton World Series anuncia final mundial Triton 2025 em Portim\u00e3o"},"content":{"rendered":"\n<p>&nbsp;A cidade de Portim\u00e3o ser\u00e1 o palco da Final Mundial TRITON 2025, um dos maiores eventos internacionais de triatlo, que reunir\u00e1 os melhores triatletas do mundo, provenientes de mais de 50 pa\u00edses. Entre os dias 24 e 26 de outubro de 2025, a competi\u00e7\u00e3o atrair\u00e1 atletas de elite, equipas corporativas, entusiastas do desporto e fam\u00edlias, ao mesmo tempo que promove o turismo, a inclus\u00e3o social e a responsabilidade ambiental na regi\u00e3o do Algarve.<\/p>\n\n\n\n<p>Dividida em tr\u00eas dias de provas consecutivas, a competi\u00e7\u00e3o ter\u00e1 in\u00edcio a&nbsp;<strong>24 de outubro<\/strong>&nbsp;com a prova de&nbsp;<strong>nata\u00e7\u00e3o<\/strong>, disputada em tr\u00eas dist\u00e2ncias: 1 km (Sprint), 2 km (Middle) e 3 km (Long). No&nbsp;<strong>dia 25<\/strong>, seguem-se as provas de&nbsp;<strong>ciclismo<\/strong>, com percursos de 36 km (Sprint), 72 km (Middle) e 108 km (Long). A grande final ir\u00e1 terminar no&nbsp;<strong>dia 26<\/strong>, com as provas de&nbsp;<strong>corrida<\/strong>, nas dist\u00e2ncias de 7 km (Sprint), 14 km (Middle) e 21 km (Long). O evento incluir\u00e1 ainda uma corrida para crian\u00e7as, competi\u00e7\u00f5es por equipas, desafios corporativos e um frente a frente imperd\u00edvel, entre as sele\u00e7\u00f5es de Portugal e Espanha, a denominada&nbsp;<strong>Corrida das Lendas.&nbsp;<\/strong>Esta competi\u00e7\u00e3o ser\u00e1 capitaneada por S\u00e9rgio Marques, em representa\u00e7\u00e3o de Portugal, e Alejandro Santamar\u00eda, pelo lado da Espanha.<\/p>\n\n\n\n<p><strong>\u00c1lvaro Bila<\/strong>,&nbsp;<strong>Presidente da C\u00e2mara Municipal de Portim\u00e3o<\/strong>, refor\u00e7ou o compromisso da cidade com o desporto e o desenvolvimento local, destacando: &#8221;&nbsp;<em>Agrade\u00e7o a confian\u00e7a depositada em Portim\u00e3o para a organiza\u00e7\u00e3o desta final mundial de triatlo. Quero tamb\u00e9m expressar o meu agradecimento aos parceiros, nomeadamente \u00e0 Marina de Portim\u00e3o, \u00e0 Autoridade Mar\u00edtima e \u00e0 PSP, assim como a toda a equipa da verea\u00e7\u00e3o, pelas sinergias criadas. Portim\u00e3o \u00e9 um concelho que gosta de bem receber, e faremos tudo o que estiver ao nosso alcance para garantir o sucesso deste evento.&#8221;<\/em><\/p>\n\n\n\n<p><strong>Paulo Leite<\/strong>,&nbsp;<strong>Presidente da TRITON<\/strong>, destacou a import\u00e2ncia do evento numa confer\u00eancia de imprensa realizada hoje no NH Marina Hotel: \u201c<em>Desde o nosso primeiro encontro em 2021, soubemos que Portim\u00e3o seria o local ideal para acolher um evento desta magnitude. O apoio da cidade e das suas institui\u00e7\u00f5es tem sido fundamental para o crescimento do TRITON, e a nossa parceria tornou-se um exemplo de sucesso.<\/em>\u201d<\/p>\n\n\n\n<p><strong>Paulo Leite<\/strong>&nbsp;sublinhou ainda a import\u00e2ncia das infraestruturas locais, como a&nbsp;<strong>Marina de Portim\u00e3o<\/strong>&nbsp;e a&nbsp;<strong>Praia da Rocha<\/strong>, que ser\u00e3o os palcos principais do evento. \u201c<em>O Algarve oferece as condi\u00e7\u00f5es ideais para o triatlo, e o TRITON vai muito al\u00e9m da competi\u00e7\u00e3o, promovendo um estilo de vida saud\u00e1vel e inspirando as futuras gera\u00e7\u00f5es<\/em>.\u201d<\/p>\n\n\n\n<p>Al\u00e9m do apoio da&nbsp;<strong>C\u00e2mara Municipal de Portim\u00e3o<\/strong>, Paulo Leite agradeceu ao grupo&nbsp;<strong>NH<\/strong>, ao&nbsp;<strong>Clube de Ciclismo de Portim\u00e3o<\/strong>, \u00e0&nbsp;<strong>Associa\u00e7\u00e3o de Ciclismo do Algarve<\/strong>&nbsp;e a v\u00e1rias organiza\u00e7\u00f5es locais que ir\u00e3o contribuir para a realiza\u00e7\u00e3o do evento. \u201c<em>\u00c9 com a colabora\u00e7\u00e3o de todos que conseguimos garantir a seguran\u00e7a e o sucesso da competi\u00e7\u00e3o, e agrade\u00e7o a todos os envolvidos, especialmente \u00e0 equipa de seguran\u00e7a e salvamento, liderada por Nuno Lima<\/em>.\u201d<\/p>\n\n\n\n<p>Por fim, o presidente da TRITON expressou o seu agradecimento a toda a equipa do TRITON, muitos dos quais s\u00e3o da regi\u00e3o do Algarve, pelo trabalho cont\u00ednuo e pela dedica\u00e7\u00e3o ao evento: \u201c<em>S\u00e3o estas pessoas que tornam o TRITON poss\u00edvel e que garantem o sucesso do evento, desde a sua prepara\u00e7\u00e3o at\u00e9 \u00e0 sua execu\u00e7\u00e3o<\/em>\u201d, concluiu.<\/p>\n\n\n\n<p><strong>Impacto econ\u00f3mico na regi\u00e3o do Algarve<\/strong><\/p>\n\n\n\n<p>A realiza\u00e7\u00e3o da Final Mundial TRITON 2025 em Portim\u00e3o ter\u00e1 um impacto econ\u00f3mico direto na regi\u00e3o do Algarve, consolidando a cidade como um destino de excel\u00eancia para eventos desportivos internacionais. \u00c9 esperada a participa\u00e7\u00e3o de 750 a 1.000 triatletas, acompanhados por 1.125 a 1.500 familiares e amigos, o que totaliza entre 1.875 e 2.500 visitantes ao longo dos tr\u00eas dias de evento.<\/p>\n\n\n\n<p>Este volume de visitantes ter\u00e1 um impacto significativo nas \u00e1reas da hotelaria e restaura\u00e7\u00e3o, com uma estimativa de 2.250 a 5.000 noites de hospedagem na regi\u00e3o. O evento tamb\u00e9m dever\u00e1 gerar entre 16.875 a 37.500 refei\u00e7\u00f5es, contribuindo substancialmente para o setor da restaura\u00e7\u00e3o local. \u201c<em>O TRITON n\u00e3o \u00e9 apenas um evento desportivo; \u00e9 uma for\u00e7a motriz para o desenvolvimento econ\u00f3mico da regi\u00e3o, gerando receitas essenciais para os neg\u00f3cios locais e criando novas oportunidades no turismo desportivo<\/em>\u201d, afirmou Paulo Leite, Presidente da TRITON.<\/p>\n\n\n\n<p>Com a participa\u00e7\u00e3o de atletas provenientes de mais de 50 pa\u00edses, qualificados atrav\u00e9s de 7 a 9 corridas internacionais, a Final Mundial TRITON 2025 ser\u00e1 uma plataforma global que coloca Portim\u00e3o e o Algarve no centro dos maiores eventos desportivos mundiais.<\/p>\n\n\n\n<p><strong>Corrida das Lendas: A batalha entre Portugal e Espanha<\/strong><\/p>\n\n\n\n<p>A emblem\u00e1tica Corrida das Lendas, ter\u00e1 o embate entre as sele\u00e7\u00f5es de Portugal e Espanha, que ser\u00e1 certamente um dos maiores atrativos da Final Mundial TRITON 2025. A competi\u00e7\u00e3o ser\u00e1 capitaneada por S\u00e9rgio Marques, em representa\u00e7\u00e3o de Portugal, e Alejandro Santamar\u00eda, pelo lado da Espanha. Cada equipa ser\u00e1 composta por tr\u00eas elementos, e o desempenho de cada um contar\u00e1 para a pontua\u00e7\u00e3o final.<\/p>\n\n\n\n<p>O formato da prova, em que os atletas podem optar por competir juntos ou separados, promete intensificar a disputa, com cada ponto a ser contabilizado ao longo dos tr\u00eas dias de evento. Durante a confer\u00eancia de imprensa de lan\u00e7amento do evento, ambos os capit\u00e3es, S\u00e9rgio Marques e Alejandro Santamar\u00eda, estiveram presentes virtualmente, acompanhando a apresenta\u00e7\u00e3o e refor\u00e7ando a import\u00e2ncia da Corrida das Lendas, que promete ser um dos momentos mais emocionantes da competi\u00e7\u00e3o.<\/p>\n","protected":false},"excerpt":{"rendered":"<p>&nbsp;A cidade de Portim\u00e3o ser\u00e1 o palco da Final Mundial TRITON 2025, um dos maiores eventos internacionais de triatlo, que<\/p>\n","protected":false},"author":1,"featured_media":46260,"comment_status":"closed","ping_status":"closed","sticky":false,"template":"","format":"standard","meta":{"colormag_page_container_layout":"default_layout","colormag_page_sidebar_layout":"default_layout","_monsterinsights_skip_tracking":false,"_monsterinsights_sitenote_active":false,"_monsterinsights_sitenote_note":"","_monsterinsights_sitenote_category":0,"jetpack_post_was_ever_published":false,"_jetpack_newsletter_access":"","_jetpack_dont_email_post_to_subs":false,"_jetpack_newsletter_tier_id":0,"_jetpack_memberships_contains_paywalled_content":false,"_jetpack_memberships_contains_paid_content":false,"footnotes":"","jetpack_publicize_message":"","jetpack_publicize_feature_enabled":true,"jetpack_social_post_already_shared":true,"jetpack_social_options":{"image_generator_settings":{"template":"highway","default_image_id":0,"font":"","enabled":false},"version":2}},"categories":[15],"tags":[36,40,72,1153],"class_list":["post-46259","post","type-post","status-publish","format-standard","has-post-thumbnail","hentry","category-desporto","tag-algarve","tag-desporto","tag-portimao","tag-triton-world-series"],"yoast_head":"<!-- This site is optimized with the Yoast SEO plugin v27.5 - https:\/\/yoast.com\/product\/yoast-seo-wordpress\/ -->\n<title>Triton World Series anuncia final mundial Triton 2025 em Portim\u00e3o - Algarve 7<\/title>\n<meta name=\"description\" content=\"Triton World Series anuncia final mundial Triton 2025 em Portim\u00e3o Desporto\" \/>\n<meta name=\"robots\" content=\"index, follow, max-snippet:-1, max-image-preview:large, max-video-preview:-1\" \/>\n<link rel=\"canonical\" href=\"https:\/\/algarve7.pt\/index.php\/2025\/01\/triton-world-series-anuncia-final-mundial-triton-2025-em-portimao\/desporto\/08\/30\/\" \/>\n<meta property=\"og:locale\" content=\"pt_PT\" \/>\n<meta property=\"og:type\" content=\"article\" \/>\n<meta property=\"og:title\" content=\"Triton World Series anuncia final mundial Triton 2025 em Portim\u00e3o - Algarve 7\" \/>\n<meta property=\"og:description\" content=\"Triton World Series anuncia final mundial Triton 2025 em Portim\u00e3o Desporto\" \/>\n<meta property=\"og:url\" content=\"https:\/\/algarve7.pt\/index.php\/2025\/01\/triton-world-series-anuncia-final-mundial-triton-2025-em-portimao\/desporto\/08\/30\/\" \/>\n<meta property=\"og:site_name\" content=\"Algarve 7\" \/>\n<meta property=\"article:publisher\" content=\"https:\/\/www.facebook.com\/algarve7\" \/>\n<meta property=\"article:author\" content=\"https:\/\/www.facebook.com\/algarve7\" \/>\n<meta property=\"article:published_time\" content=\"2025-01-15T08:30:00+00:00\" \/>\n<meta property=\"og:image\" content=\"https:\/\/algarve7.pt\/wp-content\/uploads\/2025\/01\/5Z3A9457.jpg\" \/>\n\t<meta property=\"og:image:width\" content=\"800\" \/>\n\t<meta property=\"og:image:height\" content=\"500\" \/>\n\t<meta property=\"og:image:type\" content=\"image\/jpeg\" \/>\n<meta name=\"author\" content=\"Algarve 7\" \/>\n<meta name=\"twitter:card\" content=\"summary_large_image\" \/>\n<meta name=\"twitter:creator\" content=\"@Algarvesete\" \/>\n<meta name=\"twitter:site\" content=\"@Algarvesete\" \/>\n<meta name=\"twitter:label1\" content=\"Escrito por\" \/>\n\t<meta name=\"twitter:data1\" content=\"Algarve 7\" \/>\n\t<meta name=\"twitter:label2\" content=\"Tempo estimado de leitura\" \/>\n\t<meta name=\"twitter:data2\" content=\"6 minutos\" \/>\n<script type=\"application\/ld+json\" class=\"yoast-schema-graph\">{\"@context\":\"https:\\\/\\\/schema.org\",\"@graph\":[{\"@type\":\"Article\",\"@id\":\"https:\\\/\\\/algarve7.pt\\\/index.php\\\/2025\\\/01\\\/triton-world-series-anuncia-final-mundial-triton-2025-em-portimao\\\/desporto\\\/08\\\/30\\\/#article\",\"isPartOf\":{\"@id\":\"https:\\\/\\\/algarve7.pt\\\/index.php\\\/2025\\\/01\\\/triton-world-series-anuncia-final-mundial-triton-2025-em-portimao\\\/desporto\\\/08\\\/30\\\/\"},\"author\":{\"name\":\"Algarve 7\",\"@id\":\"https:\\\/\\\/algarve7.pt\\\/#\\\/schema\\\/person\\\/23fa70681308e7b319a3204bcea45e0c\"},\"headline\":\"Triton World Series anuncia final mundial Triton 2025 em Portim\u00e3o\",\"datePublished\":\"2025-01-15T08:30:00+00:00\",\"mainEntityOfPage\":{\"@id\":\"https:\\\/\\\/algarve7.pt\\\/index.php\\\/2025\\\/01\\\/triton-world-series-anuncia-final-mundial-triton-2025-em-portimao\\\/desporto\\\/08\\\/30\\\/\"},\"wordCount\":970,\"publisher\":{\"@id\":\"https:\\\/\\\/algarve7.pt\\\/#organization\"},\"image\":{\"@id\":\"https:\\\/\\\/algarve7.pt\\\/index.php\\\/2025\\\/01\\\/triton-world-series-anuncia-final-mundial-triton-2025-em-portimao\\\/desporto\\\/08\\\/30\\\/#primaryimage\"},\"thumbnailUrl\":\"https:\\\/\\\/algarve7.pt\\\/wp-content\\\/uploads\\\/2025\\\/01\\\/5Z3A9457.jpg\",\"keywords\":[\"Algarve\",\"Desporto\",\"Portim\u00e3o\",\"triton world series\"],\"articleSection\":[\"Desporto\"],\"inLanguage\":\"pt-PT\"},{\"@type\":\"WebPage\",\"@id\":\"https:\\\/\\\/algarve7.pt\\\/index.php\\\/2025\\\/01\\\/triton-world-series-anuncia-final-mundial-triton-2025-em-portimao\\\/desporto\\\/08\\\/30\\\/\",\"url\":\"https:\\\/\\\/algarve7.pt\\\/index.php\\\/2025\\\/01\\\/triton-world-series-anuncia-final-mundial-triton-2025-em-portimao\\\/desporto\\\/08\\\/30\\\/\",\"name\":\"Triton World Series anuncia final mundial Triton 2025 em Portim\u00e3o - Algarve 7\",\"isPartOf\":{\"@id\":\"https:\\\/\\\/algarve7.pt\\\/#website\"},\"primaryImageOfPage\":{\"@id\":\"https:\\\/\\\/algarve7.pt\\\/index.php\\\/2025\\\/01\\\/triton-world-series-anuncia-final-mundial-triton-2025-em-portimao\\\/desporto\\\/08\\\/30\\\/#primaryimage\"},\"image\":{\"@id\":\"https:\\\/\\\/algarve7.pt\\\/index.php\\\/2025\\\/01\\\/triton-world-series-anuncia-final-mundial-triton-2025-em-portimao\\\/desporto\\\/08\\\/30\\\/#primaryimage\"},\"thumbnailUrl\":\"https:\\\/\\\/algarve7.pt\\\/wp-content\\\/uploads\\\/2025\\\/01\\\/5Z3A9457.jpg\",\"datePublished\":\"2025-01-15T08:30:00+00:00\",\"description\":\"Triton World Series anuncia final mundial Triton 2025 em Portim\u00e3o Desporto\",\"breadcrumb\":{\"@id\":\"https:\\\/\\\/algarve7.pt\\\/index.php\\\/2025\\\/01\\\/triton-world-series-anuncia-final-mundial-triton-2025-em-portimao\\\/desporto\\\/08\\\/30\\\/#breadcrumb\"},\"inLanguage\":\"pt-PT\",\"potentialAction\":[{\"@type\":\"ReadAction\",\"target\":[\"https:\\\/\\\/algarve7.pt\\\/index.php\\\/2025\\\/01\\\/triton-world-series-anuncia-final-mundial-triton-2025-em-portimao\\\/desporto\\\/08\\\/30\\\/\"]}]},{\"@type\":\"ImageObject\",\"inLanguage\":\"pt-PT\",\"@id\":\"https:\\\/\\\/algarve7.pt\\\/index.php\\\/2025\\\/01\\\/triton-world-series-anuncia-final-mundial-triton-2025-em-portimao\\\/desporto\\\/08\\\/30\\\/#primaryimage\",\"url\":\"https:\\\/\\\/algarve7.pt\\\/wp-content\\\/uploads\\\/2025\\\/01\\\/5Z3A9457.jpg\",\"contentUrl\":\"https:\\\/\\\/algarve7.pt\\\/wp-content\\\/uploads\\\/2025\\\/01\\\/5Z3A9457.jpg\",\"width\":800,\"height\":500},{\"@type\":\"BreadcrumbList\",\"@id\":\"https:\\\/\\\/algarve7.pt\\\/index.php\\\/2025\\\/01\\\/triton-world-series-anuncia-final-mundial-triton-2025-em-portimao\\\/desporto\\\/08\\\/30\\\/#breadcrumb\",\"itemListElement\":[{\"@type\":\"ListItem\",\"position\":1,\"name\":\"In\u00edcio\",\"item\":\"https:\\\/\\\/algarve7.pt\\\/\"},{\"@type\":\"ListItem\",\"position\":2,\"name\":\"Triton World Series anuncia final mundial Triton 2025 em Portim\u00e3o\"}]},{\"@type\":\"WebSite\",\"@id\":\"https:\\\/\\\/algarve7.pt\\\/#website\",\"url\":\"https:\\\/\\\/algarve7.pt\\\/\",\"name\":\"Algarve 7\",\"description\":\"Informa\u00e7\u00e3o sobre o Algarve\",\"publisher\":{\"@id\":\"https:\\\/\\\/algarve7.pt\\\/#organization\"},\"potentialAction\":[{\"@type\":\"SearchAction\",\"target\":{\"@type\":\"EntryPoint\",\"urlTemplate\":\"https:\\\/\\\/algarve7.pt\\\/?s={search_term_string}\"},\"query-input\":{\"@type\":\"PropertyValueSpecification\",\"valueRequired\":true,\"valueName\":\"search_term_string\"}}],\"inLanguage\":\"pt-PT\"},{\"@type\":\"Organization\",\"@id\":\"https:\\\/\\\/algarve7.pt\\\/#organization\",\"name\":\"Algarve 7\",\"url\":\"https:\\\/\\\/algarve7.pt\\\/\",\"logo\":{\"@type\":\"ImageObject\",\"inLanguage\":\"pt-PT\",\"@id\":\"https:\\\/\\\/algarve7.pt\\\/#\\\/schema\\\/logo\\\/image\\\/\",\"url\":\"https:\\\/\\\/algarve7.pt\\\/wp-content\\\/uploads\\\/2020\\\/10\\\/Logo-8.jpg\",\"contentUrl\":\"https:\\\/\\\/algarve7.pt\\\/wp-content\\\/uploads\\\/2020\\\/10\\\/Logo-8.jpg\",\"width\":1680,\"height\":1186,\"caption\":\"Algarve 7\"},\"image\":{\"@id\":\"https:\\\/\\\/algarve7.pt\\\/#\\\/schema\\\/logo\\\/image\\\/\"},\"sameAs\":[\"https:\\\/\\\/www.facebook.com\\\/algarve7\",\"https:\\\/\\\/x.com\\\/Algarvesete\",\"https:\\\/\\\/www.instagram.com\\\/jornalalgarve7\\\/\",\"https:\\\/\\\/www.linkedin.com\\\/company\\\/algarve7\",\"https:\\\/\\\/www.pinterest.pt\\\/geral0939\\\/_created\\\/\"]},{\"@type\":\"Person\",\"@id\":\"https:\\\/\\\/algarve7.pt\\\/#\\\/schema\\\/person\\\/23fa70681308e7b319a3204bcea45e0c\",\"name\":\"Algarve 7\",\"sameAs\":[\"https:\\\/\\\/algarve7.pt\",\"https:\\\/\\\/www.facebook.com\\\/algarve7\"],\"url\":\"https:\\\/\\\/algarve7.pt\\\/index.php\\\/author\\\/geralalgarve7-pt\\\/\"}]}<\/script>\n<!-- \/ Yoast SEO plugin. -->","yoast_head_json":{"title":"Triton World Series anuncia final mundial Triton 2025 em Portim\u00e3o - Algarve 7","description":"Triton World Series anuncia final mundial Triton 2025 em Portim\u00e3o Desporto","robots":{"index":"index","follow":"follow","max-snippet":"max-snippet:-1","max-image-preview":"max-image-preview:large","max-video-preview":"max-video-preview:-1"},"canonical":"https:\/\/algarve7.pt\/index.php\/2025\/01\/triton-world-series-anuncia-final-mundial-triton-2025-em-portimao\/desporto\/08\/30\/","og_locale":"pt_PT","og_type":"article","og_title":"Triton World Series anuncia final mundial Triton 2025 em Portim\u00e3o - Algarve 7","og_description":"Triton World Series anuncia final mundial Triton 2025 em Portim\u00e3o Desporto","og_url":"https:\/\/algarve7.pt\/index.php\/2025\/01\/triton-world-series-anuncia-final-mundial-triton-2025-em-portimao\/desporto\/08\/30\/","og_site_name":"Algarve 7","article_publisher":"https:\/\/www.facebook.com\/algarve7","article_author":"https:\/\/www.facebook.com\/algarve7","article_published_time":"2025-01-15T08:30:00+00:00","og_image":[{"width":800,"height":500,"url":"https:\/\/algarve7.pt\/wp-content\/uploads\/2025\/01\/5Z3A9457.jpg","type":"image\/jpeg"}],"author":"Algarve 7","twitter_card":"summary_large_image","twitter_creator":"@Algarvesete","twitter_site":"@Algarvesete","twitter_misc":{"Escrito por":"Algarve 7","Tempo estimado de leitura":"6 minutos"},"schema":{"@context":"https:\/\/schema.org","@graph":[{"@type":"Article","@id":"https:\/\/algarve7.pt\/index.php\/2025\/01\/triton-world-series-anuncia-final-mundial-triton-2025-em-portimao\/desporto\/08\/30\/#article","isPartOf":{"@id":"https:\/\/algarve7.pt\/index.php\/2025\/01\/triton-world-series-anuncia-final-mundial-triton-2025-em-portimao\/desporto\/08\/30\/"},"author":{"name":"Algarve 7","@id":"https:\/\/algarve7.pt\/#\/schema\/person\/23fa70681308e7b319a3204bcea45e0c"},"headline":"Triton World Series anuncia final mundial Triton 2025 em Portim\u00e3o","datePublished":"2025-01-15T08:30:00+00:00","mainEntityOfPage":{"@id":"https:\/\/algarve7.pt\/index.php\/2025\/01\/triton-world-series-anuncia-final-mundial-triton-2025-em-portimao\/desporto\/08\/30\/"},"wordCount":970,"publisher":{"@id":"https:\/\/algarve7.pt\/#organization"},"image":{"@id":"https:\/\/algarve7.pt\/index.php\/2025\/01\/triton-world-series-anuncia-final-mundial-triton-2025-em-portimao\/desporto\/08\/30\/#primaryimage"},"thumbnailUrl":"https:\/\/algarve7.pt\/wp-content\/uploads\/2025\/01\/5Z3A9457.jpg","keywords":["Algarve","Desporto","Portim\u00e3o","triton world series"],"articleSection":["Desporto"],"inLanguage":"pt-PT"},{"@type":"WebPage","@id":"https:\/\/algarve7.pt\/index.php\/2025\/01\/triton-world-series-anuncia-final-mundial-triton-2025-em-portimao\/desporto\/08\/30\/","url":"https:\/\/algarve7.pt\/index.php\/2025\/01\/triton-world-series-anuncia-final-mundial-triton-2025-em-portimao\/desporto\/08\/30\/","name":"Triton World Series anuncia final mundial Triton 2025 em Portim\u00e3o - Algarve 7","isPartOf":{"@id":"https:\/\/algarve7.pt\/#website"},"primaryImageOfPage":{"@id":"https:\/\/algarve7.pt\/index.php\/2025\/01\/triton-world-series-anuncia-final-mundial-triton-2025-em-portimao\/desporto\/08\/30\/#primaryimage"},"image":{"@id":"https:\/\/algarve7.pt\/index.php\/2025\/01\/triton-world-series-anuncia-final-mundial-triton-2025-em-portimao\/desporto\/08\/30\/#primaryimage"},"thumbnailUrl":"https:\/\/algarve7.pt\/wp-content\/uploads\/2025\/01\/5Z3A9457.jpg","datePublished":"2025-01-15T08:30:00+00:00","description":"Triton World Series anuncia final mundial Triton 2025 em Portim\u00e3o Desporto","breadcrumb":{"@id":"https:\/\/algarve7.pt\/index.php\/2025\/01\/triton-world-series-anuncia-final-mundial-triton-2025-em-portimao\/desporto\/08\/30\/#breadcrumb"},"inLanguage":"pt-PT","potentialAction":[{"@type":"ReadAction","target":["https:\/\/algarve7.pt\/index.php\/2025\/01\/triton-world-series-anuncia-final-mundial-triton-2025-em-portimao\/desporto\/08\/30\/"]}]},{"@type":"ImageObject","inLanguage":"pt-PT","@id":"https:\/\/algarve7.pt\/index.php\/2025\/01\/triton-world-series-anuncia-final-mundial-triton-2025-em-portimao\/desporto\/08\/30\/#primaryimage","url":"https:\/\/algarve7.pt\/wp-content\/uploads\/2025\/01\/5Z3A9457.jpg","contentUrl":"https:\/\/algarve7.pt\/wp-content\/uploads\/2025\/01\/5Z3A9457.jpg","width":800,"height":500},{"@type":"BreadcrumbList","@id":"https:\/\/algarve7.pt\/index.php\/2025\/01\/triton-world-series-anuncia-final-mundial-triton-2025-em-portimao\/desporto\/08\/30\/#breadcrumb","itemListElement":[{"@type":"ListItem","position":1,"name":"In\u00edcio","item":"https:\/\/algarve7.pt\/"},{"@type":"ListItem","position":2,"name":"Triton World Series anuncia final mundial Triton 2025 em Portim\u00e3o"}]},{"@type":"WebSite","@id":"https:\/\/algarve7.pt\/#website","url":"https:\/\/algarve7.pt\/","name":"Algarve 7","description":"Informa\u00e7\u00e3o sobre o Algarve","publisher":{"@id":"https:\/\/algarve7.pt\/#organization"},"potentialAction":[{"@type":"SearchAction","target":{"@type":"EntryPoint","urlTemplate":"https:\/\/algarve7.pt\/?s={search_term_string}"},"query-input":{"@type":"PropertyValueSpecification","valueRequired":true,"valueName":"search_term_string"}}],"inLanguage":"pt-PT"},{"@type":"Organization","@id":"https:\/\/algarve7.pt\/#organization","name":"Algarve 7","url":"https:\/\/algarve7.pt\/","logo":{"@type":"ImageObject","inLanguage":"pt-PT","@id":"https:\/\/algarve7.pt\/#\/schema\/logo\/image\/","url":"https:\/\/algarve7.pt\/wp-content\/uploads\/2020\/10\/Logo-8.jpg","contentUrl":"https:\/\/algarve7.pt\/wp-content\/uploads\/2020\/10\/Logo-8.jpg","width":1680,"height":1186,"caption":"Algarve 7"},"image":{"@id":"https:\/\/algarve7.pt\/#\/schema\/logo\/image\/"},"sameAs":["https:\/\/www.facebook.com\/algarve7","https:\/\/x.com\/Algarvesete","https:\/\/www.instagram.com\/jornalalgarve7\/","https:\/\/www.linkedin.com\/company\/algarve7","https:\/\/www.pinterest.pt\/geral0939\/_created\/"]},{"@type":"Person","@id":"https:\/\/algarve7.pt\/#\/schema\/person\/23fa70681308e7b319a3204bcea45e0c","name":"Algarve 7","sameAs":["https:\/\/algarve7.pt","https:\/\/www.facebook.com\/algarve7"],"url":"https:\/\/algarve7.pt\/index.php\/author\/geralalgarve7-pt\/"}]}},"jetpack_publicize_connections":[],"jetpack_featured_media_url":"https:\/\/algarve7.pt\/wp-content\/uploads\/2025\/01\/5Z3A9457.jpg","jetpack_shortlink":"https:\/\/wp.me\/pcezmW-c27","jetpack_sharing_enabled":true,"_links":{"self":[{"href":"https:\/\/algarve7.pt\/index.php\/wp-json\/wp\/v2\/posts\/46259","targetHints":{"allow":["GET"]}}],"collection":[{"href":"https:\/\/algarve7.pt\/index.php\/wp-json\/wp\/v2\/posts"}],"about":[{"href":"https:\/\/algarve7.pt\/index.php\/wp-json\/wp\/v2\/types\/post"}],"author":[{"embeddable":true,"href":"https:\/\/algarve7.pt\/index.php\/wp-json\/wp\/v2\/users\/1"}],"replies":[{"embeddable":true,"href":"https:\/\/algarve7.pt\/index.php\/wp-json\/wp\/v2\/comments?post=46259"}],"version-history":[{"count":0,"href":"https:\/\/algarve7.pt\/index.php\/wp-json\/wp\/v2\/posts\/46259\/revisions"}],"wp:featuredmedia":[{"embeddable":true,"href":"https:\/\/algarve7.pt\/index.php\/wp-json\/wp\/v2\/media\/46260"}],"wp:attachment":[{"href":"https:\/\/algarve7.pt\/index.php\/wp-json\/wp\/v2\/media?parent=46259"}],"wp:term":[{"taxonomy":"category","embeddable":true,"href":"https:\/\/algarve7.pt\/index.php\/wp-json\/wp\/v2\/categories?post=46259"},{"taxonomy":"post_tag","embeddable":true,"href":"https:\/\/algarve7.pt\/index.php\/wp-json\/wp\/v2\/tags?post=46259"}],"curies":[{"name":"wp","href":"https:\/\/api.w.org\/{rel}","templated":true}]}}