{"id":46250,"date":"2025-01-14T18:36:06","date_gmt":"2025-01-14T18:36:06","guid":{"rendered":"https:\/\/algarve7.pt\/?p=46250"},"modified":"2025-01-14T18:36:09","modified_gmt":"2025-01-14T18:36:09","slug":"jonas-vingegaard-confirmado-na-volta-ao-algarve","status":"publish","type":"post","link":"https:\/\/algarve7.pt\/index.php\/2025\/01\/jonas-vingegaard-confirmado-na-volta-ao-algarve\/desporto\/18\/36\/","title":{"rendered":"Jonas Vingegaard confirmado na Volta ao Algarve"},"content":{"rendered":"\n<p><strong>Jonas Vingegaard, bicampe\u00e3o da Volta a Fran\u00e7a (2022 e 2023), escolheu a \u00fanica prova portuguesa por etapas do circuito UCI ProSeries para iniciar a \u00e9poca de 2025. A presen\u00e7a foi confirmada pela Team Visma | Lease a Bike, que venceu a classifica\u00e7\u00e3o por equipas em 2024 e voltar\u00e1 a marcar presen\u00e7a na Volta ao Algarve.<\/strong><\/p>\n\n\n\n<p>O objetivo para 2025 de Jonas Vingegaard \u00e9 o mais ambicioso de todos: a conquista da Volta a Fran\u00e7a. Para o cumprir, o ciclista dinamarqu\u00eas ir\u00e1 come\u00e7ar a prepara\u00e7\u00e3o da temporada no Algarve, naquela que ser\u00e1 a tamb\u00e9m a sua estreia em Portugal. Na&nbsp;<em>Algarvia<\/em>, Vingegaard ir\u00e1 contar companhia de Wout van Aert, tamb\u00e9m confirmado pela estrutura neerlandesa.<\/p>\n\n\n\n<p>Estas ser\u00e3o apenas duas das grandes estrelas esperadas no Algarve entre 19 e 23 de fevereiro. A lista est\u00e1 longe de estar conclu\u00edda, mas j\u00e1 inclui nomes como Primo\u017e Rogli\u010d (Red Bull-BORA-hansgrohe), Julian Alaphilippe (Tudor Pro Cycling) e Geraint Thomas (INEOS Grenadiers), para al\u00e9m, claro, do portugu\u00eas Jo\u00e3o Almeida (UAE Team Emirates-XRG).<\/p>\n\n\n\n<p><strong>Visma, Lidl-Trek e Cofidis completam pelot\u00e3o de luxo da Volta ao Algarve<\/strong><\/p>\n\n\n\n<p>O pelot\u00e3o da 51.\u00aa Volta ao Algarve est\u00e1 fechado e contar\u00e1 com 25 equipas. As \u00faltimas novidades s\u00e3o a Team Visma | Lease a Bike, a Lidl-Trek e a Cofidis, tr\u00eas equipas WorldTour que se juntam \u00e0s 13 equipas j\u00e1 anunciadas e \u00e0s nove equipas continentais portuguesas.<\/p>\n\n\n\n<p>A Team Visma | Lease a Bike, segunda classificada no ranking UCI de 2024, volta a demonstrar que as melhores equipas fazem quest\u00e3o de marcar presen\u00e7a na Volta ao Algarve. Em 2025, a estrutura neerlandesa ir\u00e1 cumprir a 16.\u00aa participa\u00e7\u00e3o na&nbsp;<em>Algarvia<\/em>, prova que venceu em 2017, atrav\u00e9s de Primo\u017e Rogli\u010d, tendo j\u00e1 terminado no p\u00f3dio em outras duas ocasi\u00f5es &#8211; Grischa Niermann foi segundo em 1998 e Jan Tratnik terceiro em 2024. \u00c0 vit\u00f3ria na geral e aos dois p\u00f3dios, somam-se ainda sete vit\u00f3rias em etapas, a \u00faltima das quais em 2024, quando Wout van Aert foi o mais r\u00e1pido na chegada ao sprint em Tavira.<\/p>\n\n\n\n<p>A Lidl-Trek, por sua vez, ter\u00e1, em 2025, a nona participa\u00e7\u00e3o na Volta ao Algarve. A forma\u00e7\u00e3o dos Estados Unidos da Am\u00e9rica n\u00e3o conta com qualquer p\u00f3dio na geral da Algarvia, apesar de ter ficado bem perto em 2018, quando Bauke Mollema foi quarto classificado. Em 2016, o su\u00ed\u00e7o Fabian Cancellara conquistou o maior feito da equipa no Algarve, tendo vencido uma etapa, o contrarrel\u00f3gio, em Sagres.<\/p>\n\n\n\n<p>No caso da Cofidis, ser\u00e1 um regresso ao Algarve, onde n\u00e3o corre desde 2022. No entanto, est\u00e1 longe de ser uma estreia, uma vez que a equipa francesa conta com 15 participa\u00e7\u00f5es na hist\u00f3ria da prova, tendo j\u00e1 terminado na segunda posi\u00e7\u00e3o do p\u00f3dio geral em duas ocasi\u00f5es \u2013 Stuart O&#8217;Grady em 2005 e Sylvain Chavanel em 2008 -, apesar de nunca ter vencido uma etapa.<\/p>\n\n\n\n<p>A Volta ao Algarve \u00e9 uma oportunidade \u00fanica para as equipas portuguesas competirem no mesmo pelot\u00e3o das principais equipas do pelot\u00e3o internacional, algo que voltar\u00e1 a acontecer em 2025. As nove forma\u00e7\u00f5es continentais registadas em Portugal completam o pelot\u00e3o de 25 equipas que estar\u00e3o na linha de partida para a 51.\u00aa edi\u00e7\u00e3o da corrida.<\/p>\n\n\n\n<p><strong>Equipas Confirmadas<\/strong><\/p>\n\n\n\n<p><strong>WorldTeams:<\/strong>&nbsp;Alpecin-Deceuninck (BEL), Bahrain Victorious (BAH), Cofidis (FRA), EF Education-EasyPost (EUA), Groupama-FDJ (FRA), INEOS Grenadiers (GBR), Intermarch\u00e9-Wanty (BEL), Lidl\u2013Trek (USA), Red Bull-BORA-hansgrohe (GER), Soudal Quick-Step (BEL), Team Picnic PostNL (NED), Team Visma | Lease a Bike (NED), UAE Team Emirates-XRG (UAE)<\/p>\n\n\n\n<p><strong>ProTeams:<\/strong>&nbsp;Caja Rural-Seguros RGA (ESP), Lotto (BEL), Tudor Pro Cycling (SUI)<\/p>\n\n\n\n<p><strong>Equipas Continentais:<\/strong>&nbsp;AP Hotels &amp; Resorts-Tavira-SC Farense (POR), Aviludo-Louletano-Loul\u00e9 (POR), Credibom-LA Alum\u00ednios-Marcos Car (POR), Efapel Cycling (POR), Feirense (POR), GI Group Holding-Simoldes-UDO (POR), R\u00e1dio Popular-Paredes-Boavista (POR), Sabgal-Anicolor (POR) e Tavfer-Ovos Matinados-Mort\u00e1gua (POR)<\/p>\n","protected":false},"excerpt":{"rendered":"<p>Jonas Vingegaard, bicampe\u00e3o da Volta a Fran\u00e7a (2022 e 2023), escolheu a \u00fanica prova portuguesa por etapas do circuito UCI<\/p>\n","protected":false},"author":1,"featured_media":46251,"comment_status":"closed","ping_status":"closed","sticky":false,"template":"","format":"standard","meta":{"colormag_page_container_layout":"default_layout","colormag_page_sidebar_layout":"default_layout","_monsterinsights_skip_tracking":false,"_monsterinsights_sitenote_active":false,"_monsterinsights_sitenote_note":"","_monsterinsights_sitenote_category":0,"jetpack_post_was_ever_published":false,"_jetpack_newsletter_access":"","_jetpack_dont_email_post_to_subs":false,"_jetpack_newsletter_tier_id":0,"_jetpack_memberships_contains_paywalled_content":false,"_jetpack_memberships_contains_paid_content":false,"footnotes":"","jetpack_publicize_message":"","jetpack_publicize_feature_enabled":true,"jetpack_social_post_already_shared":true,"jetpack_social_options":{"image_generator_settings":{"template":"highway","default_image_id":0,"font":"","enabled":false},"version":2}},"categories":[15],"tags":[36,40,339],"class_list":["post-46250","post","type-post","status-publish","format-standard","has-post-thumbnail","hentry","category-desporto","tag-algarve","tag-desporto","tag-volta-ao-algarve"],"yoast_head":"<!-- This site is optimized with the Yoast SEO plugin v27.5 - https:\/\/yoast.com\/product\/yoast-seo-wordpress\/ -->\n<title>Jonas Vingegaard confirmado na Volta ao Algarve - Algarve 7<\/title>\n<meta name=\"description\" content=\"Jonas Vingegaard confirmado na Volta ao Algarve Desporto\" \/>\n<meta name=\"robots\" content=\"index, follow, max-snippet:-1, max-image-preview:large, max-video-preview:-1\" \/>\n<link rel=\"canonical\" href=\"https:\/\/algarve7.pt\/index.php\/2025\/01\/jonas-vingegaard-confirmado-na-volta-ao-algarve\/desporto\/18\/36\/\" \/>\n<meta property=\"og:locale\" content=\"pt_PT\" \/>\n<meta property=\"og:type\" content=\"article\" \/>\n<meta property=\"og:title\" content=\"Jonas Vingegaard confirmado na Volta ao Algarve - Algarve 7\" \/>\n<meta property=\"og:description\" content=\"Jonas Vingegaard confirmado na Volta ao Algarve Desporto\" \/>\n<meta property=\"og:url\" content=\"https:\/\/algarve7.pt\/index.php\/2025\/01\/jonas-vingegaard-confirmado-na-volta-ao-algarve\/desporto\/18\/36\/\" \/>\n<meta property=\"og:site_name\" content=\"Algarve 7\" \/>\n<meta property=\"article:publisher\" content=\"https:\/\/www.facebook.com\/algarve7\" \/>\n<meta property=\"article:author\" content=\"https:\/\/www.facebook.com\/algarve7\" \/>\n<meta property=\"article:published_time\" content=\"2025-01-14T18:36:06+00:00\" \/>\n<meta property=\"article:modified_time\" content=\"2025-01-14T18:36:09+00:00\" \/>\n<meta property=\"og:image\" content=\"https:\/\/algarve7.pt\/wp-content\/uploads\/2025\/01\/Captura-de-ecra-2025-01-14-as-18.34.38.png\" \/>\n\t<meta property=\"og:image:width\" content=\"800\" \/>\n\t<meta property=\"og:image:height\" content=\"500\" \/>\n\t<meta property=\"og:image:type\" content=\"image\/png\" \/>\n<meta name=\"author\" content=\"Algarve 7\" \/>\n<meta name=\"twitter:card\" content=\"summary_large_image\" \/>\n<meta name=\"twitter:creator\" content=\"@Algarvesete\" \/>\n<meta name=\"twitter:site\" content=\"@Algarvesete\" \/>\n<meta name=\"twitter:label1\" content=\"Escrito por\" \/>\n\t<meta name=\"twitter:data1\" content=\"Algarve 7\" \/>\n\t<meta name=\"twitter:label2\" content=\"Tempo estimado de leitura\" \/>\n\t<meta name=\"twitter:data2\" content=\"4 minutos\" \/>\n<script type=\"application\/ld+json\" class=\"yoast-schema-graph\">{\"@context\":\"https:\\\/\\\/schema.org\",\"@graph\":[{\"@type\":\"Article\",\"@id\":\"https:\\\/\\\/algarve7.pt\\\/index.php\\\/2025\\\/01\\\/jonas-vingegaard-confirmado-na-volta-ao-algarve\\\/desporto\\\/18\\\/36\\\/#article\",\"isPartOf\":{\"@id\":\"https:\\\/\\\/algarve7.pt\\\/index.php\\\/2025\\\/01\\\/jonas-vingegaard-confirmado-na-volta-ao-algarve\\\/desporto\\\/18\\\/36\\\/\"},\"author\":{\"name\":\"Algarve 7\",\"@id\":\"https:\\\/\\\/algarve7.pt\\\/#\\\/schema\\\/person\\\/23fa70681308e7b319a3204bcea45e0c\"},\"headline\":\"Jonas Vingegaard confirmado na Volta ao Algarve\",\"datePublished\":\"2025-01-14T18:36:06+00:00\",\"dateModified\":\"2025-01-14T18:36:09+00:00\",\"mainEntityOfPage\":{\"@id\":\"https:\\\/\\\/algarve7.pt\\\/index.php\\\/2025\\\/01\\\/jonas-vingegaard-confirmado-na-volta-ao-algarve\\\/desporto\\\/18\\\/36\\\/\"},\"wordCount\":636,\"publisher\":{\"@id\":\"https:\\\/\\\/algarve7.pt\\\/#organization\"},\"image\":{\"@id\":\"https:\\\/\\\/algarve7.pt\\\/index.php\\\/2025\\\/01\\\/jonas-vingegaard-confirmado-na-volta-ao-algarve\\\/desporto\\\/18\\\/36\\\/#primaryimage\"},\"thumbnailUrl\":\"https:\\\/\\\/algarve7.pt\\\/wp-content\\\/uploads\\\/2025\\\/01\\\/Captura-de-ecra-2025-01-14-as-18.34.38.png\",\"keywords\":[\"Algarve\",\"Desporto\",\"Volta ao Algarve\"],\"articleSection\":[\"Desporto\"],\"inLanguage\":\"pt-PT\"},{\"@type\":\"WebPage\",\"@id\":\"https:\\\/\\\/algarve7.pt\\\/index.php\\\/2025\\\/01\\\/jonas-vingegaard-confirmado-na-volta-ao-algarve\\\/desporto\\\/18\\\/36\\\/\",\"url\":\"https:\\\/\\\/algarve7.pt\\\/index.php\\\/2025\\\/01\\\/jonas-vingegaard-confirmado-na-volta-ao-algarve\\\/desporto\\\/18\\\/36\\\/\",\"name\":\"Jonas Vingegaard confirmado na Volta ao Algarve - Algarve 7\",\"isPartOf\":{\"@id\":\"https:\\\/\\\/algarve7.pt\\\/#website\"},\"primaryImageOfPage\":{\"@id\":\"https:\\\/\\\/algarve7.pt\\\/index.php\\\/2025\\\/01\\\/jonas-vingegaard-confirmado-na-volta-ao-algarve\\\/desporto\\\/18\\\/36\\\/#primaryimage\"},\"image\":{\"@id\":\"https:\\\/\\\/algarve7.pt\\\/index.php\\\/2025\\\/01\\\/jonas-vingegaard-confirmado-na-volta-ao-algarve\\\/desporto\\\/18\\\/36\\\/#primaryimage\"},\"thumbnailUrl\":\"https:\\\/\\\/algarve7.pt\\\/wp-content\\\/uploads\\\/2025\\\/01\\\/Captura-de-ecra-2025-01-14-as-18.34.38.png\",\"datePublished\":\"2025-01-14T18:36:06+00:00\",\"dateModified\":\"2025-01-14T18:36:09+00:00\",\"description\":\"Jonas Vingegaard confirmado na Volta ao Algarve Desporto\",\"breadcrumb\":{\"@id\":\"https:\\\/\\\/algarve7.pt\\\/index.php\\\/2025\\\/01\\\/jonas-vingegaard-confirmado-na-volta-ao-algarve\\\/desporto\\\/18\\\/36\\\/#breadcrumb\"},\"inLanguage\":\"pt-PT\",\"potentialAction\":[{\"@type\":\"ReadAction\",\"target\":[\"https:\\\/\\\/algarve7.pt\\\/index.php\\\/2025\\\/01\\\/jonas-vingegaard-confirmado-na-volta-ao-algarve\\\/desporto\\\/18\\\/36\\\/\"]}]},{\"@type\":\"ImageObject\",\"inLanguage\":\"pt-PT\",\"@id\":\"https:\\\/\\\/algarve7.pt\\\/index.php\\\/2025\\\/01\\\/jonas-vingegaard-confirmado-na-volta-ao-algarve\\\/desporto\\\/18\\\/36\\\/#primaryimage\",\"url\":\"https:\\\/\\\/algarve7.pt\\\/wp-content\\\/uploads\\\/2025\\\/01\\\/Captura-de-ecra-2025-01-14-as-18.34.38.png\",\"contentUrl\":\"https:\\\/\\\/algarve7.pt\\\/wp-content\\\/uploads\\\/2025\\\/01\\\/Captura-de-ecra-2025-01-14-as-18.34.38.png\",\"width\":800,\"height\":500},{\"@type\":\"BreadcrumbList\",\"@id\":\"https:\\\/\\\/algarve7.pt\\\/index.php\\\/2025\\\/01\\\/jonas-vingegaard-confirmado-na-volta-ao-algarve\\\/desporto\\\/18\\\/36\\\/#breadcrumb\",\"itemListElement\":[{\"@type\":\"ListItem\",\"position\":1,\"name\":\"In\u00edcio\",\"item\":\"https:\\\/\\\/algarve7.pt\\\/\"},{\"@type\":\"ListItem\",\"position\":2,\"name\":\"Jonas Vingegaard confirmado na Volta ao Algarve\"}]},{\"@type\":\"WebSite\",\"@id\":\"https:\\\/\\\/algarve7.pt\\\/#website\",\"url\":\"https:\\\/\\\/algarve7.pt\\\/\",\"name\":\"Algarve 7\",\"description\":\"Informa\u00e7\u00e3o sobre o Algarve\",\"publisher\":{\"@id\":\"https:\\\/\\\/algarve7.pt\\\/#organization\"},\"potentialAction\":[{\"@type\":\"SearchAction\",\"target\":{\"@type\":\"EntryPoint\",\"urlTemplate\":\"https:\\\/\\\/algarve7.pt\\\/?s={search_term_string}\"},\"query-input\":{\"@type\":\"PropertyValueSpecification\",\"valueRequired\":true,\"valueName\":\"search_term_string\"}}],\"inLanguage\":\"pt-PT\"},{\"@type\":\"Organization\",\"@id\":\"https:\\\/\\\/algarve7.pt\\\/#organization\",\"name\":\"Algarve 7\",\"url\":\"https:\\\/\\\/algarve7.pt\\\/\",\"logo\":{\"@type\":\"ImageObject\",\"inLanguage\":\"pt-PT\",\"@id\":\"https:\\\/\\\/algarve7.pt\\\/#\\\/schema\\\/logo\\\/image\\\/\",\"url\":\"https:\\\/\\\/algarve7.pt\\\/wp-content\\\/uploads\\\/2020\\\/10\\\/Logo-8.jpg\",\"contentUrl\":\"https:\\\/\\\/algarve7.pt\\\/wp-content\\\/uploads\\\/2020\\\/10\\\/Logo-8.jpg\",\"width\":1680,\"height\":1186,\"caption\":\"Algarve 7\"},\"image\":{\"@id\":\"https:\\\/\\\/algarve7.pt\\\/#\\\/schema\\\/logo\\\/image\\\/\"},\"sameAs\":[\"https:\\\/\\\/www.facebook.com\\\/algarve7\",\"https:\\\/\\\/x.com\\\/Algarvesete\",\"https:\\\/\\\/www.instagram.com\\\/jornalalgarve7\\\/\",\"https:\\\/\\\/www.linkedin.com\\\/company\\\/algarve7\",\"https:\\\/\\\/www.pinterest.pt\\\/geral0939\\\/_created\\\/\"]},{\"@type\":\"Person\",\"@id\":\"https:\\\/\\\/algarve7.pt\\\/#\\\/schema\\\/person\\\/23fa70681308e7b319a3204bcea45e0c\",\"name\":\"Algarve 7\",\"sameAs\":[\"https:\\\/\\\/algarve7.pt\",\"https:\\\/\\\/www.facebook.com\\\/algarve7\"],\"url\":\"https:\\\/\\\/algarve7.pt\\\/index.php\\\/author\\\/geralalgarve7-pt\\\/\"}]}<\/script>\n<!-- \/ Yoast SEO plugin. -->","yoast_head_json":{"title":"Jonas Vingegaard confirmado na Volta ao Algarve - Algarve 7","description":"Jonas Vingegaard confirmado na Volta ao Algarve Desporto","robots":{"index":"index","follow":"follow","max-snippet":"max-snippet:-1","max-image-preview":"max-image-preview:large","max-video-preview":"max-video-preview:-1"},"canonical":"https:\/\/algarve7.pt\/index.php\/2025\/01\/jonas-vingegaard-confirmado-na-volta-ao-algarve\/desporto\/18\/36\/","og_locale":"pt_PT","og_type":"article","og_title":"Jonas Vingegaard confirmado na Volta ao Algarve - Algarve 7","og_description":"Jonas Vingegaard confirmado na Volta ao Algarve Desporto","og_url":"https:\/\/algarve7.pt\/index.php\/2025\/01\/jonas-vingegaard-confirmado-na-volta-ao-algarve\/desporto\/18\/36\/","og_site_name":"Algarve 7","article_publisher":"https:\/\/www.facebook.com\/algarve7","article_author":"https:\/\/www.facebook.com\/algarve7","article_published_time":"2025-01-14T18:36:06+00:00","article_modified_time":"2025-01-14T18:36:09+00:00","og_image":[{"width":800,"height":500,"url":"https:\/\/algarve7.pt\/wp-content\/uploads\/2025\/01\/Captura-de-ecra-2025-01-14-as-18.34.38.png","type":"image\/png"}],"author":"Algarve 7","twitter_card":"summary_large_image","twitter_creator":"@Algarvesete","twitter_site":"@Algarvesete","twitter_misc":{"Escrito por":"Algarve 7","Tempo estimado de leitura":"4 minutos"},"schema":{"@context":"https:\/\/schema.org","@graph":[{"@type":"Article","@id":"https:\/\/algarve7.pt\/index.php\/2025\/01\/jonas-vingegaard-confirmado-na-volta-ao-algarve\/desporto\/18\/36\/#article","isPartOf":{"@id":"https:\/\/algarve7.pt\/index.php\/2025\/01\/jonas-vingegaard-confirmado-na-volta-ao-algarve\/desporto\/18\/36\/"},"author":{"name":"Algarve 7","@id":"https:\/\/algarve7.pt\/#\/schema\/person\/23fa70681308e7b319a3204bcea45e0c"},"headline":"Jonas Vingegaard confirmado na Volta ao Algarve","datePublished":"2025-01-14T18:36:06+00:00","dateModified":"2025-01-14T18:36:09+00:00","mainEntityOfPage":{"@id":"https:\/\/algarve7.pt\/index.php\/2025\/01\/jonas-vingegaard-confirmado-na-volta-ao-algarve\/desporto\/18\/36\/"},"wordCount":636,"publisher":{"@id":"https:\/\/algarve7.pt\/#organization"},"image":{"@id":"https:\/\/algarve7.pt\/index.php\/2025\/01\/jonas-vingegaard-confirmado-na-volta-ao-algarve\/desporto\/18\/36\/#primaryimage"},"thumbnailUrl":"https:\/\/algarve7.pt\/wp-content\/uploads\/2025\/01\/Captura-de-ecra-2025-01-14-as-18.34.38.png","keywords":["Algarve","Desporto","Volta ao Algarve"],"articleSection":["Desporto"],"inLanguage":"pt-PT"},{"@type":"WebPage","@id":"https:\/\/algarve7.pt\/index.php\/2025\/01\/jonas-vingegaard-confirmado-na-volta-ao-algarve\/desporto\/18\/36\/","url":"https:\/\/algarve7.pt\/index.php\/2025\/01\/jonas-vingegaard-confirmado-na-volta-ao-algarve\/desporto\/18\/36\/","name":"Jonas Vingegaard confirmado na Volta ao Algarve - Algarve 7","isPartOf":{"@id":"https:\/\/algarve7.pt\/#website"},"primaryImageOfPage":{"@id":"https:\/\/algarve7.pt\/index.php\/2025\/01\/jonas-vingegaard-confirmado-na-volta-ao-algarve\/desporto\/18\/36\/#primaryimage"},"image":{"@id":"https:\/\/algarve7.pt\/index.php\/2025\/01\/jonas-vingegaard-confirmado-na-volta-ao-algarve\/desporto\/18\/36\/#primaryimage"},"thumbnailUrl":"https:\/\/algarve7.pt\/wp-content\/uploads\/2025\/01\/Captura-de-ecra-2025-01-14-as-18.34.38.png","datePublished":"2025-01-14T18:36:06+00:00","dateModified":"2025-01-14T18:36:09+00:00","description":"Jonas Vingegaard confirmado na Volta ao Algarve Desporto","breadcrumb":{"@id":"https:\/\/algarve7.pt\/index.php\/2025\/01\/jonas-vingegaard-confirmado-na-volta-ao-algarve\/desporto\/18\/36\/#breadcrumb"},"inLanguage":"pt-PT","potentialAction":[{"@type":"ReadAction","target":["https:\/\/algarve7.pt\/index.php\/2025\/01\/jonas-vingegaard-confirmado-na-volta-ao-algarve\/desporto\/18\/36\/"]}]},{"@type":"ImageObject","inLanguage":"pt-PT","@id":"https:\/\/algarve7.pt\/index.php\/2025\/01\/jonas-vingegaard-confirmado-na-volta-ao-algarve\/desporto\/18\/36\/#primaryimage","url":"https:\/\/algarve7.pt\/wp-content\/uploads\/2025\/01\/Captura-de-ecra-2025-01-14-as-18.34.38.png","contentUrl":"https:\/\/algarve7.pt\/wp-content\/uploads\/2025\/01\/Captura-de-ecra-2025-01-14-as-18.34.38.png","width":800,"height":500},{"@type":"BreadcrumbList","@id":"https:\/\/algarve7.pt\/index.php\/2025\/01\/jonas-vingegaard-confirmado-na-volta-ao-algarve\/desporto\/18\/36\/#breadcrumb","itemListElement":[{"@type":"ListItem","position":1,"name":"In\u00edcio","item":"https:\/\/algarve7.pt\/"},{"@type":"ListItem","position":2,"name":"Jonas Vingegaard confirmado na Volta ao Algarve"}]},{"@type":"WebSite","@id":"https:\/\/algarve7.pt\/#website","url":"https:\/\/algarve7.pt\/","name":"Algarve 7","description":"Informa\u00e7\u00e3o sobre o Algarve","publisher":{"@id":"https:\/\/algarve7.pt\/#organization"},"potentialAction":[{"@type":"SearchAction","target":{"@type":"EntryPoint","urlTemplate":"https:\/\/algarve7.pt\/?s={search_term_string}"},"query-input":{"@type":"PropertyValueSpecification","valueRequired":true,"valueName":"search_term_string"}}],"inLanguage":"pt-PT"},{"@type":"Organization","@id":"https:\/\/algarve7.pt\/#organization","name":"Algarve 7","url":"https:\/\/algarve7.pt\/","logo":{"@type":"ImageObject","inLanguage":"pt-PT","@id":"https:\/\/algarve7.pt\/#\/schema\/logo\/image\/","url":"https:\/\/algarve7.pt\/wp-content\/uploads\/2020\/10\/Logo-8.jpg","contentUrl":"https:\/\/algarve7.pt\/wp-content\/uploads\/2020\/10\/Logo-8.jpg","width":1680,"height":1186,"caption":"Algarve 7"},"image":{"@id":"https:\/\/algarve7.pt\/#\/schema\/logo\/image\/"},"sameAs":["https:\/\/www.facebook.com\/algarve7","https:\/\/x.com\/Algarvesete","https:\/\/www.instagram.com\/jornalalgarve7\/","https:\/\/www.linkedin.com\/company\/algarve7","https:\/\/www.pinterest.pt\/geral0939\/_created\/"]},{"@type":"Person","@id":"https:\/\/algarve7.pt\/#\/schema\/person\/23fa70681308e7b319a3204bcea45e0c","name":"Algarve 7","sameAs":["https:\/\/algarve7.pt","https:\/\/www.facebook.com\/algarve7"],"url":"https:\/\/algarve7.pt\/index.php\/author\/geralalgarve7-pt\/"}]}},"jetpack_publicize_connections":[],"jetpack_featured_media_url":"https:\/\/algarve7.pt\/wp-content\/uploads\/2025\/01\/Captura-de-ecra-2025-01-14-as-18.34.38.png","jetpack_shortlink":"https:\/\/wp.me\/pcezmW-c1Y","jetpack_sharing_enabled":true,"_links":{"self":[{"href":"https:\/\/algarve7.pt\/index.php\/wp-json\/wp\/v2\/posts\/46250","targetHints":{"allow":["GET"]}}],"collection":[{"href":"https:\/\/algarve7.pt\/index.php\/wp-json\/wp\/v2\/posts"}],"about":[{"href":"https:\/\/algarve7.pt\/index.php\/wp-json\/wp\/v2\/types\/post"}],"author":[{"embeddable":true,"href":"https:\/\/algarve7.pt\/index.php\/wp-json\/wp\/v2\/users\/1"}],"replies":[{"embeddable":true,"href":"https:\/\/algarve7.pt\/index.php\/wp-json\/wp\/v2\/comments?post=46250"}],"version-history":[{"count":0,"href":"https:\/\/algarve7.pt\/index.php\/wp-json\/wp\/v2\/posts\/46250\/revisions"}],"wp:featuredmedia":[{"embeddable":true,"href":"https:\/\/algarve7.pt\/index.php\/wp-json\/wp\/v2\/media\/46251"}],"wp:attachment":[{"href":"https:\/\/algarve7.pt\/index.php\/wp-json\/wp\/v2\/media?parent=46250"}],"wp:term":[{"taxonomy":"category","embeddable":true,"href":"https:\/\/algarve7.pt\/index.php\/wp-json\/wp\/v2\/categories?post=46250"},{"taxonomy":"post_tag","embeddable":true,"href":"https:\/\/algarve7.pt\/index.php\/wp-json\/wp\/v2\/tags?post=46250"}],"curies":[{"name":"wp","href":"https:\/\/api.w.org\/{rel}","templated":true}]}}