{"id":46238,"date":"2025-01-14T17:03:45","date_gmt":"2025-01-14T17:03:45","guid":{"rendered":"https:\/\/algarve7.pt\/?p=46238"},"modified":"2025-01-14T17:03:49","modified_gmt":"2025-01-14T17:03:49","slug":"porsche-sprint-challenge-se-algarve-acolhe-o-arranque-da-terceira-epoca-do-campeonato","status":"publish","type":"post","link":"https:\/\/algarve7.pt\/index.php\/2025\/01\/porsche-sprint-challenge-se-algarve-acolhe-o-arranque-da-terceira-epoca-do-campeonato\/desporto\/17\/03\/","title":{"rendered":"Porsche Sprint Challenge SE, Algarve acolhe o arranque da terceira \u00e9poca do campeonato"},"content":{"rendered":"\n<p>Est\u00e3o j\u00e1 a caminho do&nbsp;<strong>Aut\u00f3dromo Internacional do Algarve<\/strong>pilotos e equipas que alinham em&nbsp;<strong>2025<\/strong>&nbsp;na&nbsp;<strong>Porsche Sprint Challenge<\/strong>. Na sua terceira edi\u00e7\u00e3o a competi\u00e7\u00e3o realizar\u00e1 as duas primeiras corridas do ano, ambas no dia&nbsp;<strong>19 de Janeiro<\/strong>&nbsp;(<strong>Domingo<\/strong>) depois de no dia anterior o tra\u00e7ado estar ocupado por testes privados para ambas as divis\u00f5es da competi\u00e7\u00e3o, a&nbsp;<strong>Sport<\/strong>&nbsp;e a&nbsp;<strong>Club<\/strong>, sendo esta a grande novidade do ano e destinada a&nbsp;<strong>Gentleman Drivers<\/strong>&nbsp;ao volante dos&nbsp;<strong>Porsche 911 GT3 Cup<\/strong>&nbsp;(992) e dos&nbsp;<strong>Cayman GT4 RS<\/strong>.<\/p>\n\n\n\n<p>Com uma grelha de partida bastante animada na divis\u00e3o&nbsp;<strong>Sport<\/strong>, destacam-se as 23 inscri\u00e7\u00f5es na classe&nbsp;<strong>PRO<\/strong>&nbsp;a defender as cores de v\u00e1rias equipas que alinham inclusivamente na medi\u00e1tica&nbsp;<strong>Porsche Supercup<\/strong>&nbsp;\u2013 que divide pista com v\u00e1rias rondas da&nbsp;<strong>F\u00f3rmula 1<\/strong>.<\/p>\n\n\n\n<p>\u201cPreparamo-nos meticulosamente para esta terceira temporada, que se foca na continuidade. A impressionante lista de inscritos na&nbsp;<strong>Divis\u00e3o Sport<\/strong>&nbsp;reflecte isso mesmo. A&nbsp;<strong>Porsche Sprint Challenge Southern Europe<\/strong>&nbsp;estabeleceu-se como a plataforma de prepara\u00e7\u00e3o para a&nbsp;<strong>Porsche Mobil1 Supercup<\/strong>&nbsp;e v\u00e1rias s\u00e9ries da&nbsp;<strong>Porsche Carrera Cup<\/strong>&nbsp;em toda a&nbsp;<strong>Europa<\/strong>. A lista de inscritos deste ano \u00e9 particularmente forte, apresentando alguns dos jovens talentos mais r\u00e1pidos da&nbsp;<strong>Europa<\/strong>&nbsp;e equipas l\u00edderes. A competi\u00e7\u00e3o ser\u00e1 feroz, o que a torna a prepara\u00e7\u00e3o perfeita para a temporada de&nbsp;<strong>2025<\/strong>.\u201d Afirma&nbsp;<strong>Lars Plato<\/strong>, o Series Manager do campeonato.<\/p>\n\n\n\n<p>O&nbsp;<strong>Aut\u00f3dromo Internacional do Algarve<\/strong>&nbsp;ir\u00e1 assim iniciar em definitivo o seu ano desportivo, aquele com maior n\u00famero de competi\u00e7\u00f5es internacionais no seu asfalto e este ser\u00e1 o primeiro de tr\u00eas fins-de-semana consecutivos de competi\u00e7\u00e3o junto \u00e0 cidade de&nbsp;<strong>Portim\u00e3o<\/strong>. O acesso ao paddock tem um custo de&nbsp;<strong>10 euros<\/strong>para ambos os dias e pode ser adquirido na loja do&nbsp;<strong>Kart\u00f3dromo Internacional do Algarve<\/strong>.<\/p>\n\n\n\n<p><strong>HOR\u00c1RIO<br>S\u00c1BADO<\/strong><br>09h00 \u2013 17h00 \u2013 Treinos privados<\/p>\n\n\n\n<p><strong>DOMINGO<\/strong><br>09h00 \u2013 09h45: Treino Livre Sport Division<br>09h50 \u2013 10h35: Treino Livre Club Division<br>10h40 \u2013 11h15: Qualifica\u00e7\u00e3o Sport Division<br>11h20 \u2013 11h55: Qualifica\u00e7\u00e3o Club Division<br><strong>13h25 \u2013 14h00: Corrida 1 Sport Division<\/strong><br><strong>14h30 \u2013 15h05: Corrida 1 Club Division<br>15h35 \u2013 16h10: Corrida 2 Sport Division<br>16h40 \u2013 17h15: Corrida 2 Club Division<\/strong><\/p>\n","protected":false},"excerpt":{"rendered":"<p>Est\u00e3o j\u00e1 a caminho do&nbsp;Aut\u00f3dromo Internacional do Algarvepilotos e equipas que alinham em&nbsp;2025&nbsp;na&nbsp;Porsche Sprint Challenge. Na sua terceira edi\u00e7\u00e3o a<\/p>\n","protected":false},"author":1,"featured_media":46239,"comment_status":"closed","ping_status":"closed","sticky":false,"template":"","format":"standard","meta":{"colormag_page_container_layout":"default_layout","colormag_page_sidebar_layout":"default_layout","_monsterinsights_skip_tracking":false,"_monsterinsights_sitenote_active":false,"_monsterinsights_sitenote_note":"","_monsterinsights_sitenote_category":0,"jetpack_post_was_ever_published":false,"_jetpack_newsletter_access":"","_jetpack_dont_email_post_to_subs":false,"_jetpack_newsletter_tier_id":0,"_jetpack_memberships_contains_paywalled_content":false,"_jetpack_memberships_contains_paid_content":false,"footnotes":"","jetpack_publicize_message":"","jetpack_publicize_feature_enabled":true,"jetpack_social_post_already_shared":true,"jetpack_social_options":{"image_generator_settings":{"template":"highway","default_image_id":0,"font":"","enabled":false},"version":2}},"categories":[15],"tags":[36,239,40,72],"class_list":["post-46238","post","type-post","status-publish","format-standard","has-post-thumbnail","hentry","category-desporto","tag-algarve","tag-autodromo-internacional-do-algarve","tag-desporto","tag-portimao"],"yoast_head":"<!-- This site is optimized with the Yoast SEO plugin v27.5 - https:\/\/yoast.com\/product\/yoast-seo-wordpress\/ -->\n<title>Porsche Sprint Challenge SE, Algarve acolhe o arranque da terceira \u00e9poca do campeonato - Algarve 7<\/title>\n<meta name=\"description\" content=\"Porsche Sprint Challenge SE, Algarve acolhe o arranque da terceira \u00e9poca do campeonato Desporto\" \/>\n<meta name=\"robots\" content=\"index, follow, max-snippet:-1, max-image-preview:large, max-video-preview:-1\" \/>\n<link rel=\"canonical\" href=\"https:\/\/algarve7.pt\/index.php\/2025\/01\/porsche-sprint-challenge-se-algarve-acolhe-o-arranque-da-terceira-epoca-do-campeonato\/desporto\/17\/03\/\" \/>\n<meta property=\"og:locale\" content=\"pt_PT\" \/>\n<meta property=\"og:type\" content=\"article\" \/>\n<meta property=\"og:title\" content=\"Porsche Sprint Challenge SE, Algarve acolhe o arranque da terceira \u00e9poca do campeonato - Algarve 7\" \/>\n<meta property=\"og:description\" content=\"Porsche Sprint Challenge SE, Algarve acolhe o arranque da terceira \u00e9poca do campeonato Desporto\" \/>\n<meta property=\"og:url\" content=\"https:\/\/algarve7.pt\/index.php\/2025\/01\/porsche-sprint-challenge-se-algarve-acolhe-o-arranque-da-terceira-epoca-do-campeonato\/desporto\/17\/03\/\" \/>\n<meta property=\"og:site_name\" content=\"Algarve 7\" \/>\n<meta property=\"article:publisher\" content=\"https:\/\/www.facebook.com\/algarve7\" \/>\n<meta property=\"article:author\" content=\"https:\/\/www.facebook.com\/algarve7\" \/>\n<meta property=\"article:published_time\" content=\"2025-01-14T17:03:45+00:00\" \/>\n<meta property=\"article:modified_time\" content=\"2025-01-14T17:03:49+00:00\" \/>\n<meta property=\"og:image\" content=\"https:\/\/algarve7.pt\/wp-content\/uploads\/2025\/01\/b9e94a58-eda5-bf14-5dbf-d38e0df0b6bf.jpg\" \/>\n\t<meta property=\"og:image:width\" content=\"800\" \/>\n\t<meta property=\"og:image:height\" content=\"500\" \/>\n\t<meta property=\"og:image:type\" content=\"image\/jpeg\" \/>\n<meta name=\"author\" content=\"Algarve 7\" \/>\n<meta name=\"twitter:card\" content=\"summary_large_image\" \/>\n<meta name=\"twitter:creator\" content=\"@Algarvesete\" \/>\n<meta name=\"twitter:site\" content=\"@Algarvesete\" \/>\n<meta name=\"twitter:label1\" content=\"Escrito por\" \/>\n\t<meta name=\"twitter:data1\" content=\"Algarve 7\" \/>\n\t<meta name=\"twitter:label2\" content=\"Tempo estimado de leitura\" \/>\n\t<meta name=\"twitter:data2\" content=\"3 minutos\" \/>\n<script type=\"application\/ld+json\" class=\"yoast-schema-graph\">{\"@context\":\"https:\\\/\\\/schema.org\",\"@graph\":[{\"@type\":\"Article\",\"@id\":\"https:\\\/\\\/algarve7.pt\\\/index.php\\\/2025\\\/01\\\/porsche-sprint-challenge-se-algarve-acolhe-o-arranque-da-terceira-epoca-do-campeonato\\\/desporto\\\/17\\\/03\\\/#article\",\"isPartOf\":{\"@id\":\"https:\\\/\\\/algarve7.pt\\\/index.php\\\/2025\\\/01\\\/porsche-sprint-challenge-se-algarve-acolhe-o-arranque-da-terceira-epoca-do-campeonato\\\/desporto\\\/17\\\/03\\\/\"},\"author\":{\"name\":\"Algarve 7\",\"@id\":\"https:\\\/\\\/algarve7.pt\\\/#\\\/schema\\\/person\\\/23fa70681308e7b319a3204bcea45e0c\"},\"headline\":\"Porsche Sprint Challenge SE, Algarve acolhe o arranque da terceira \u00e9poca do campeonato\",\"datePublished\":\"2025-01-14T17:03:45+00:00\",\"dateModified\":\"2025-01-14T17:03:49+00:00\",\"mainEntityOfPage\":{\"@id\":\"https:\\\/\\\/algarve7.pt\\\/index.php\\\/2025\\\/01\\\/porsche-sprint-challenge-se-algarve-acolhe-o-arranque-da-terceira-epoca-do-campeonato\\\/desporto\\\/17\\\/03\\\/\"},\"wordCount\":407,\"publisher\":{\"@id\":\"https:\\\/\\\/algarve7.pt\\\/#organization\"},\"image\":{\"@id\":\"https:\\\/\\\/algarve7.pt\\\/index.php\\\/2025\\\/01\\\/porsche-sprint-challenge-se-algarve-acolhe-o-arranque-da-terceira-epoca-do-campeonato\\\/desporto\\\/17\\\/03\\\/#primaryimage\"},\"thumbnailUrl\":\"https:\\\/\\\/algarve7.pt\\\/wp-content\\\/uploads\\\/2025\\\/01\\\/b9e94a58-eda5-bf14-5dbf-d38e0df0b6bf.jpg\",\"keywords\":[\"Algarve\",\"Aut\u00f3dromo Internacional do Algarve\",\"Desporto\",\"Portim\u00e3o\"],\"articleSection\":[\"Desporto\"],\"inLanguage\":\"pt-PT\"},{\"@type\":\"WebPage\",\"@id\":\"https:\\\/\\\/algarve7.pt\\\/index.php\\\/2025\\\/01\\\/porsche-sprint-challenge-se-algarve-acolhe-o-arranque-da-terceira-epoca-do-campeonato\\\/desporto\\\/17\\\/03\\\/\",\"url\":\"https:\\\/\\\/algarve7.pt\\\/index.php\\\/2025\\\/01\\\/porsche-sprint-challenge-se-algarve-acolhe-o-arranque-da-terceira-epoca-do-campeonato\\\/desporto\\\/17\\\/03\\\/\",\"name\":\"Porsche Sprint Challenge SE, Algarve acolhe o arranque da terceira \u00e9poca do campeonato - Algarve 7\",\"isPartOf\":{\"@id\":\"https:\\\/\\\/algarve7.pt\\\/#website\"},\"primaryImageOfPage\":{\"@id\":\"https:\\\/\\\/algarve7.pt\\\/index.php\\\/2025\\\/01\\\/porsche-sprint-challenge-se-algarve-acolhe-o-arranque-da-terceira-epoca-do-campeonato\\\/desporto\\\/17\\\/03\\\/#primaryimage\"},\"image\":{\"@id\":\"https:\\\/\\\/algarve7.pt\\\/index.php\\\/2025\\\/01\\\/porsche-sprint-challenge-se-algarve-acolhe-o-arranque-da-terceira-epoca-do-campeonato\\\/desporto\\\/17\\\/03\\\/#primaryimage\"},\"thumbnailUrl\":\"https:\\\/\\\/algarve7.pt\\\/wp-content\\\/uploads\\\/2025\\\/01\\\/b9e94a58-eda5-bf14-5dbf-d38e0df0b6bf.jpg\",\"datePublished\":\"2025-01-14T17:03:45+00:00\",\"dateModified\":\"2025-01-14T17:03:49+00:00\",\"description\":\"Porsche Sprint Challenge SE, Algarve acolhe o arranque da terceira \u00e9poca do campeonato Desporto\",\"breadcrumb\":{\"@id\":\"https:\\\/\\\/algarve7.pt\\\/index.php\\\/2025\\\/01\\\/porsche-sprint-challenge-se-algarve-acolhe-o-arranque-da-terceira-epoca-do-campeonato\\\/desporto\\\/17\\\/03\\\/#breadcrumb\"},\"inLanguage\":\"pt-PT\",\"potentialAction\":[{\"@type\":\"ReadAction\",\"target\":[\"https:\\\/\\\/algarve7.pt\\\/index.php\\\/2025\\\/01\\\/porsche-sprint-challenge-se-algarve-acolhe-o-arranque-da-terceira-epoca-do-campeonato\\\/desporto\\\/17\\\/03\\\/\"]}]},{\"@type\":\"ImageObject\",\"inLanguage\":\"pt-PT\",\"@id\":\"https:\\\/\\\/algarve7.pt\\\/index.php\\\/2025\\\/01\\\/porsche-sprint-challenge-se-algarve-acolhe-o-arranque-da-terceira-epoca-do-campeonato\\\/desporto\\\/17\\\/03\\\/#primaryimage\",\"url\":\"https:\\\/\\\/algarve7.pt\\\/wp-content\\\/uploads\\\/2025\\\/01\\\/b9e94a58-eda5-bf14-5dbf-d38e0df0b6bf.jpg\",\"contentUrl\":\"https:\\\/\\\/algarve7.pt\\\/wp-content\\\/uploads\\\/2025\\\/01\\\/b9e94a58-eda5-bf14-5dbf-d38e0df0b6bf.jpg\",\"width\":800,\"height\":500},{\"@type\":\"BreadcrumbList\",\"@id\":\"https:\\\/\\\/algarve7.pt\\\/index.php\\\/2025\\\/01\\\/porsche-sprint-challenge-se-algarve-acolhe-o-arranque-da-terceira-epoca-do-campeonato\\\/desporto\\\/17\\\/03\\\/#breadcrumb\",\"itemListElement\":[{\"@type\":\"ListItem\",\"position\":1,\"name\":\"In\u00edcio\",\"item\":\"https:\\\/\\\/algarve7.pt\\\/\"},{\"@type\":\"ListItem\",\"position\":2,\"name\":\"Porsche Sprint Challenge SE, Algarve acolhe o arranque da terceira \u00e9poca do campeonato\"}]},{\"@type\":\"WebSite\",\"@id\":\"https:\\\/\\\/algarve7.pt\\\/#website\",\"url\":\"https:\\\/\\\/algarve7.pt\\\/\",\"name\":\"Algarve 7\",\"description\":\"Informa\u00e7\u00e3o sobre o Algarve\",\"publisher\":{\"@id\":\"https:\\\/\\\/algarve7.pt\\\/#organization\"},\"potentialAction\":[{\"@type\":\"SearchAction\",\"target\":{\"@type\":\"EntryPoint\",\"urlTemplate\":\"https:\\\/\\\/algarve7.pt\\\/?s={search_term_string}\"},\"query-input\":{\"@type\":\"PropertyValueSpecification\",\"valueRequired\":true,\"valueName\":\"search_term_string\"}}],\"inLanguage\":\"pt-PT\"},{\"@type\":\"Organization\",\"@id\":\"https:\\\/\\\/algarve7.pt\\\/#organization\",\"name\":\"Algarve 7\",\"url\":\"https:\\\/\\\/algarve7.pt\\\/\",\"logo\":{\"@type\":\"ImageObject\",\"inLanguage\":\"pt-PT\",\"@id\":\"https:\\\/\\\/algarve7.pt\\\/#\\\/schema\\\/logo\\\/image\\\/\",\"url\":\"https:\\\/\\\/algarve7.pt\\\/wp-content\\\/uploads\\\/2020\\\/10\\\/Logo-8.jpg\",\"contentUrl\":\"https:\\\/\\\/algarve7.pt\\\/wp-content\\\/uploads\\\/2020\\\/10\\\/Logo-8.jpg\",\"width\":1680,\"height\":1186,\"caption\":\"Algarve 7\"},\"image\":{\"@id\":\"https:\\\/\\\/algarve7.pt\\\/#\\\/schema\\\/logo\\\/image\\\/\"},\"sameAs\":[\"https:\\\/\\\/www.facebook.com\\\/algarve7\",\"https:\\\/\\\/x.com\\\/Algarvesete\",\"https:\\\/\\\/www.instagram.com\\\/jornalalgarve7\\\/\",\"https:\\\/\\\/www.linkedin.com\\\/company\\\/algarve7\",\"https:\\\/\\\/www.pinterest.pt\\\/geral0939\\\/_created\\\/\"]},{\"@type\":\"Person\",\"@id\":\"https:\\\/\\\/algarve7.pt\\\/#\\\/schema\\\/person\\\/23fa70681308e7b319a3204bcea45e0c\",\"name\":\"Algarve 7\",\"sameAs\":[\"https:\\\/\\\/algarve7.pt\",\"https:\\\/\\\/www.facebook.com\\\/algarve7\"],\"url\":\"https:\\\/\\\/algarve7.pt\\\/index.php\\\/author\\\/geralalgarve7-pt\\\/\"}]}<\/script>\n<!-- \/ Yoast SEO plugin. -->","yoast_head_json":{"title":"Porsche Sprint Challenge SE, Algarve acolhe o arranque da terceira \u00e9poca do campeonato - Algarve 7","description":"Porsche Sprint Challenge SE, Algarve acolhe o arranque da terceira \u00e9poca do campeonato Desporto","robots":{"index":"index","follow":"follow","max-snippet":"max-snippet:-1","max-image-preview":"max-image-preview:large","max-video-preview":"max-video-preview:-1"},"canonical":"https:\/\/algarve7.pt\/index.php\/2025\/01\/porsche-sprint-challenge-se-algarve-acolhe-o-arranque-da-terceira-epoca-do-campeonato\/desporto\/17\/03\/","og_locale":"pt_PT","og_type":"article","og_title":"Porsche Sprint Challenge SE, Algarve acolhe o arranque da terceira \u00e9poca do campeonato - Algarve 7","og_description":"Porsche Sprint Challenge SE, Algarve acolhe o arranque da terceira \u00e9poca do campeonato Desporto","og_url":"https:\/\/algarve7.pt\/index.php\/2025\/01\/porsche-sprint-challenge-se-algarve-acolhe-o-arranque-da-terceira-epoca-do-campeonato\/desporto\/17\/03\/","og_site_name":"Algarve 7","article_publisher":"https:\/\/www.facebook.com\/algarve7","article_author":"https:\/\/www.facebook.com\/algarve7","article_published_time":"2025-01-14T17:03:45+00:00","article_modified_time":"2025-01-14T17:03:49+00:00","og_image":[{"width":800,"height":500,"url":"https:\/\/algarve7.pt\/wp-content\/uploads\/2025\/01\/b9e94a58-eda5-bf14-5dbf-d38e0df0b6bf.jpg","type":"image\/jpeg"}],"author":"Algarve 7","twitter_card":"summary_large_image","twitter_creator":"@Algarvesete","twitter_site":"@Algarvesete","twitter_misc":{"Escrito por":"Algarve 7","Tempo estimado de leitura":"3 minutos"},"schema":{"@context":"https:\/\/schema.org","@graph":[{"@type":"Article","@id":"https:\/\/algarve7.pt\/index.php\/2025\/01\/porsche-sprint-challenge-se-algarve-acolhe-o-arranque-da-terceira-epoca-do-campeonato\/desporto\/17\/03\/#article","isPartOf":{"@id":"https:\/\/algarve7.pt\/index.php\/2025\/01\/porsche-sprint-challenge-se-algarve-acolhe-o-arranque-da-terceira-epoca-do-campeonato\/desporto\/17\/03\/"},"author":{"name":"Algarve 7","@id":"https:\/\/algarve7.pt\/#\/schema\/person\/23fa70681308e7b319a3204bcea45e0c"},"headline":"Porsche Sprint Challenge SE, Algarve acolhe o arranque da terceira \u00e9poca do campeonato","datePublished":"2025-01-14T17:03:45+00:00","dateModified":"2025-01-14T17:03:49+00:00","mainEntityOfPage":{"@id":"https:\/\/algarve7.pt\/index.php\/2025\/01\/porsche-sprint-challenge-se-algarve-acolhe-o-arranque-da-terceira-epoca-do-campeonato\/desporto\/17\/03\/"},"wordCount":407,"publisher":{"@id":"https:\/\/algarve7.pt\/#organization"},"image":{"@id":"https:\/\/algarve7.pt\/index.php\/2025\/01\/porsche-sprint-challenge-se-algarve-acolhe-o-arranque-da-terceira-epoca-do-campeonato\/desporto\/17\/03\/#primaryimage"},"thumbnailUrl":"https:\/\/algarve7.pt\/wp-content\/uploads\/2025\/01\/b9e94a58-eda5-bf14-5dbf-d38e0df0b6bf.jpg","keywords":["Algarve","Aut\u00f3dromo Internacional do Algarve","Desporto","Portim\u00e3o"],"articleSection":["Desporto"],"inLanguage":"pt-PT"},{"@type":"WebPage","@id":"https:\/\/algarve7.pt\/index.php\/2025\/01\/porsche-sprint-challenge-se-algarve-acolhe-o-arranque-da-terceira-epoca-do-campeonato\/desporto\/17\/03\/","url":"https:\/\/algarve7.pt\/index.php\/2025\/01\/porsche-sprint-challenge-se-algarve-acolhe-o-arranque-da-terceira-epoca-do-campeonato\/desporto\/17\/03\/","name":"Porsche Sprint Challenge SE, Algarve acolhe o arranque da terceira \u00e9poca do campeonato - Algarve 7","isPartOf":{"@id":"https:\/\/algarve7.pt\/#website"},"primaryImageOfPage":{"@id":"https:\/\/algarve7.pt\/index.php\/2025\/01\/porsche-sprint-challenge-se-algarve-acolhe-o-arranque-da-terceira-epoca-do-campeonato\/desporto\/17\/03\/#primaryimage"},"image":{"@id":"https:\/\/algarve7.pt\/index.php\/2025\/01\/porsche-sprint-challenge-se-algarve-acolhe-o-arranque-da-terceira-epoca-do-campeonato\/desporto\/17\/03\/#primaryimage"},"thumbnailUrl":"https:\/\/algarve7.pt\/wp-content\/uploads\/2025\/01\/b9e94a58-eda5-bf14-5dbf-d38e0df0b6bf.jpg","datePublished":"2025-01-14T17:03:45+00:00","dateModified":"2025-01-14T17:03:49+00:00","description":"Porsche Sprint Challenge SE, Algarve acolhe o arranque da terceira \u00e9poca do campeonato Desporto","breadcrumb":{"@id":"https:\/\/algarve7.pt\/index.php\/2025\/01\/porsche-sprint-challenge-se-algarve-acolhe-o-arranque-da-terceira-epoca-do-campeonato\/desporto\/17\/03\/#breadcrumb"},"inLanguage":"pt-PT","potentialAction":[{"@type":"ReadAction","target":["https:\/\/algarve7.pt\/index.php\/2025\/01\/porsche-sprint-challenge-se-algarve-acolhe-o-arranque-da-terceira-epoca-do-campeonato\/desporto\/17\/03\/"]}]},{"@type":"ImageObject","inLanguage":"pt-PT","@id":"https:\/\/algarve7.pt\/index.php\/2025\/01\/porsche-sprint-challenge-se-algarve-acolhe-o-arranque-da-terceira-epoca-do-campeonato\/desporto\/17\/03\/#primaryimage","url":"https:\/\/algarve7.pt\/wp-content\/uploads\/2025\/01\/b9e94a58-eda5-bf14-5dbf-d38e0df0b6bf.jpg","contentUrl":"https:\/\/algarve7.pt\/wp-content\/uploads\/2025\/01\/b9e94a58-eda5-bf14-5dbf-d38e0df0b6bf.jpg","width":800,"height":500},{"@type":"BreadcrumbList","@id":"https:\/\/algarve7.pt\/index.php\/2025\/01\/porsche-sprint-challenge-se-algarve-acolhe-o-arranque-da-terceira-epoca-do-campeonato\/desporto\/17\/03\/#breadcrumb","itemListElement":[{"@type":"ListItem","position":1,"name":"In\u00edcio","item":"https:\/\/algarve7.pt\/"},{"@type":"ListItem","position":2,"name":"Porsche Sprint Challenge SE, Algarve acolhe o arranque da terceira \u00e9poca do campeonato"}]},{"@type":"WebSite","@id":"https:\/\/algarve7.pt\/#website","url":"https:\/\/algarve7.pt\/","name":"Algarve 7","description":"Informa\u00e7\u00e3o sobre o Algarve","publisher":{"@id":"https:\/\/algarve7.pt\/#organization"},"potentialAction":[{"@type":"SearchAction","target":{"@type":"EntryPoint","urlTemplate":"https:\/\/algarve7.pt\/?s={search_term_string}"},"query-input":{"@type":"PropertyValueSpecification","valueRequired":true,"valueName":"search_term_string"}}],"inLanguage":"pt-PT"},{"@type":"Organization","@id":"https:\/\/algarve7.pt\/#organization","name":"Algarve 7","url":"https:\/\/algarve7.pt\/","logo":{"@type":"ImageObject","inLanguage":"pt-PT","@id":"https:\/\/algarve7.pt\/#\/schema\/logo\/image\/","url":"https:\/\/algarve7.pt\/wp-content\/uploads\/2020\/10\/Logo-8.jpg","contentUrl":"https:\/\/algarve7.pt\/wp-content\/uploads\/2020\/10\/Logo-8.jpg","width":1680,"height":1186,"caption":"Algarve 7"},"image":{"@id":"https:\/\/algarve7.pt\/#\/schema\/logo\/image\/"},"sameAs":["https:\/\/www.facebook.com\/algarve7","https:\/\/x.com\/Algarvesete","https:\/\/www.instagram.com\/jornalalgarve7\/","https:\/\/www.linkedin.com\/company\/algarve7","https:\/\/www.pinterest.pt\/geral0939\/_created\/"]},{"@type":"Person","@id":"https:\/\/algarve7.pt\/#\/schema\/person\/23fa70681308e7b319a3204bcea45e0c","name":"Algarve 7","sameAs":["https:\/\/algarve7.pt","https:\/\/www.facebook.com\/algarve7"],"url":"https:\/\/algarve7.pt\/index.php\/author\/geralalgarve7-pt\/"}]}},"jetpack_publicize_connections":[],"jetpack_featured_media_url":"https:\/\/algarve7.pt\/wp-content\/uploads\/2025\/01\/b9e94a58-eda5-bf14-5dbf-d38e0df0b6bf.jpg","jetpack_shortlink":"https:\/\/wp.me\/pcezmW-c1M","jetpack_sharing_enabled":true,"_links":{"self":[{"href":"https:\/\/algarve7.pt\/index.php\/wp-json\/wp\/v2\/posts\/46238","targetHints":{"allow":["GET"]}}],"collection":[{"href":"https:\/\/algarve7.pt\/index.php\/wp-json\/wp\/v2\/posts"}],"about":[{"href":"https:\/\/algarve7.pt\/index.php\/wp-json\/wp\/v2\/types\/post"}],"author":[{"embeddable":true,"href":"https:\/\/algarve7.pt\/index.php\/wp-json\/wp\/v2\/users\/1"}],"replies":[{"embeddable":true,"href":"https:\/\/algarve7.pt\/index.php\/wp-json\/wp\/v2\/comments?post=46238"}],"version-history":[{"count":0,"href":"https:\/\/algarve7.pt\/index.php\/wp-json\/wp\/v2\/posts\/46238\/revisions"}],"wp:featuredmedia":[{"embeddable":true,"href":"https:\/\/algarve7.pt\/index.php\/wp-json\/wp\/v2\/media\/46239"}],"wp:attachment":[{"href":"https:\/\/algarve7.pt\/index.php\/wp-json\/wp\/v2\/media?parent=46238"}],"wp:term":[{"taxonomy":"category","embeddable":true,"href":"https:\/\/algarve7.pt\/index.php\/wp-json\/wp\/v2\/categories?post=46238"},{"taxonomy":"post_tag","embeddable":true,"href":"https:\/\/algarve7.pt\/index.php\/wp-json\/wp\/v2\/tags?post=46238"}],"curies":[{"name":"wp","href":"https:\/\/api.w.org\/{rel}","templated":true}]}}