{"id":4614,"date":"2020-12-14T17:49:14","date_gmt":"2020-12-14T17:49:14","guid":{"rendered":"https:\/\/algarve7.pt\/?p=4614"},"modified":"2020-12-14T17:49:15","modified_gmt":"2020-12-14T17:49:15","slug":"cip-promove-conferencia-sobre-os-desafios-da-concretizacao-da-tecnologia-5g-em-portugal","status":"publish","type":"post","link":"https:\/\/algarve7.pt\/index.php\/2020\/12\/cip-promove-conferencia-sobre-os-desafios-da-concretizacao-da-tecnologia-5g-em-portugal\/atualidade\/17\/49\/","title":{"rendered":"CIP promove confer\u00eancia sobre os desafios da concretiza\u00e7\u00e3o da tecnologia 5G em Portugal"},"content":{"rendered":"\n<p>A CIP \u2013 Confedera\u00e7\u00e3o Empresarial de Portugal promove esta ter\u00e7a-feira, 15 de dezembro, uma confer\u00eancia sobre os desafios da introdu\u00e7\u00e3o da quinta gera\u00e7\u00e3o das comunica\u00e7\u00f5es m\u00f3veis (5G) em Portugal e a necessidade de existir um mercado concorrencial, mas justo.<\/p>\n\n\n\n<p>A confer\u00eancia \u201cO DESAFIO DO 5G E O IMPERATIVO DO MERCADO JUSTO\u201d ter\u00e1 in\u00edcio com uma interven\u00e7\u00e3o do presidente da CIP, Ant\u00f3nio Saraiva, e ser\u00e1 encerrada com uma interven\u00e7\u00e3o do Ministro de Estado, da Economia e da Transi\u00e7\u00e3o Digital, Pedro Siza Vieira.<\/p>\n\n\n\n<p>Contar\u00e1 com uma interven\u00e7\u00e3o do CEO da Altice Portugal, Alexandre Fonseca, que anteceder\u00e1 um debate, moderado por Ant\u00f3nio Costa, pulisher do ECO, e em que participar\u00e3o Jorge Pereira da Costa, Partner Roland Berger; Jo\u00e3o Confraria, Professor Universit\u00e1rio e Ex-Administrador da Anacom; e Pedro Mota Soares, Secret\u00e1rio-geral Apritel.<\/p>\n\n\n\n<p>A confer\u00eancia realiza-se em ambiente digital e ser\u00e1 transmitida atrav\u00e9s do site da CIP (<a href=\"http:\/\/cip.or.pt\/\" target=\"_blank\" rel=\"noreferrer noopener\">cip.or.pt<\/a>) e das suas contas nas redes sociais Facebook e Twitter.<\/p>\n","protected":false},"excerpt":{"rendered":"<p>A CIP \u2013 Confedera\u00e7\u00e3o Empresarial de Portugal promove esta ter\u00e7a-feira, 15 de dezembro, uma confer\u00eancia sobre os desafios da introdu\u00e7\u00e3o<\/p>\n","protected":false},"author":1,"featured_media":1928,"comment_status":"closed","ping_status":"open","sticky":false,"template":"","format":"standard","meta":{"colormag_page_container_layout":"default_layout","colormag_page_sidebar_layout":"default_layout","_monsterinsights_skip_tracking":false,"_monsterinsights_sitenote_active":false,"_monsterinsights_sitenote_note":"","_monsterinsights_sitenote_category":0,"jetpack_post_was_ever_published":false,"_jetpack_newsletter_access":"","_jetpack_dont_email_post_to_subs":false,"_jetpack_newsletter_tier_id":0,"_jetpack_memberships_contains_paywalled_content":false,"_jetpack_memberships_contains_paid_content":false,"footnotes":"","jetpack_publicize_message":"","jetpack_publicize_feature_enabled":true,"jetpack_social_post_already_shared":true,"jetpack_social_options":{"image_generator_settings":{"template":"highway","default_image_id":0,"font":"","enabled":false},"version":2}},"categories":[11],"tags":[62,195,98],"class_list":["post-4614","post","type-post","status-publish","format-standard","has-post-thumbnail","hentry","category-atualidade","tag-atualidade","tag-cip","tag-nacional"],"yoast_head":"<!-- This site is optimized with the Yoast SEO plugin v27.5 - https:\/\/yoast.com\/product\/yoast-seo-wordpress\/ -->\n<title>CIP promove confer\u00eancia sobre os desafios da concretiza\u00e7\u00e3o da tecnologia 5G em Portugal - Algarve 7<\/title>\n<meta name=\"description\" content=\"CIP promove confer\u00eancia sobre os desafios da concretiza\u00e7\u00e3o da tecnologia 5G em Portugal Atualidade\" \/>\n<meta name=\"robots\" content=\"index, follow, max-snippet:-1, max-image-preview:large, max-video-preview:-1\" \/>\n<link rel=\"canonical\" href=\"https:\/\/algarve7.pt\/index.php\/2020\/12\/cip-promove-conferencia-sobre-os-desafios-da-concretizacao-da-tecnologia-5g-em-portugal\/atualidade\/17\/49\/\" \/>\n<meta property=\"og:locale\" content=\"pt_PT\" \/>\n<meta property=\"og:type\" content=\"article\" \/>\n<meta property=\"og:title\" content=\"CIP promove confer\u00eancia sobre os desafios da concretiza\u00e7\u00e3o da tecnologia 5G em Portugal - Algarve 7\" \/>\n<meta property=\"og:description\" content=\"CIP promove confer\u00eancia sobre os desafios da concretiza\u00e7\u00e3o da tecnologia 5G em Portugal Atualidade\" \/>\n<meta property=\"og:url\" content=\"https:\/\/algarve7.pt\/index.php\/2020\/12\/cip-promove-conferencia-sobre-os-desafios-da-concretizacao-da-tecnologia-5g-em-portugal\/atualidade\/17\/49\/\" \/>\n<meta property=\"og:site_name\" content=\"Algarve 7\" \/>\n<meta property=\"article:publisher\" content=\"https:\/\/www.facebook.com\/algarve7\" \/>\n<meta property=\"article:author\" content=\"https:\/\/www.facebook.com\/algarve7\" \/>\n<meta property=\"article:published_time\" content=\"2020-12-14T17:49:14+00:00\" \/>\n<meta property=\"article:modified_time\" content=\"2020-12-14T17:49:15+00:00\" \/>\n<meta property=\"og:image\" content=\"https:\/\/algarve7.pt\/wp-content\/uploads\/2020\/09\/615ae26f9932bbd73bc4b6fcf851d662_L.jpg\" \/>\n\t<meta property=\"og:image:width\" content=\"720\" \/>\n\t<meta property=\"og:image:height\" content=\"436\" \/>\n\t<meta property=\"og:image:type\" content=\"image\/jpeg\" \/>\n<meta name=\"author\" content=\"Algarve 7\" \/>\n<meta name=\"twitter:card\" content=\"summary_large_image\" \/>\n<meta name=\"twitter:creator\" content=\"@Algarvesete\" \/>\n<meta name=\"twitter:site\" content=\"@Algarvesete\" \/>\n<meta name=\"twitter:label1\" content=\"Escrito por\" \/>\n\t<meta name=\"twitter:data1\" content=\"Algarve 7\" \/>\n\t<meta name=\"twitter:label2\" content=\"Tempo estimado de leitura\" \/>\n\t<meta name=\"twitter:data2\" content=\"1 minuto\" \/>\n<script type=\"application\/ld+json\" class=\"yoast-schema-graph\">{\"@context\":\"https:\\\/\\\/schema.org\",\"@graph\":[{\"@type\":\"Article\",\"@id\":\"https:\\\/\\\/algarve7.pt\\\/index.php\\\/2020\\\/12\\\/cip-promove-conferencia-sobre-os-desafios-da-concretizacao-da-tecnologia-5g-em-portugal\\\/atualidade\\\/17\\\/49\\\/#article\",\"isPartOf\":{\"@id\":\"https:\\\/\\\/algarve7.pt\\\/index.php\\\/2020\\\/12\\\/cip-promove-conferencia-sobre-os-desafios-da-concretizacao-da-tecnologia-5g-em-portugal\\\/atualidade\\\/17\\\/49\\\/\"},\"author\":{\"name\":\"Algarve 7\",\"@id\":\"https:\\\/\\\/algarve7.pt\\\/#\\\/schema\\\/person\\\/23fa70681308e7b319a3204bcea45e0c\"},\"headline\":\"CIP promove confer\u00eancia sobre os desafios da concretiza\u00e7\u00e3o da tecnologia 5G em Portugal\",\"datePublished\":\"2020-12-14T17:49:14+00:00\",\"dateModified\":\"2020-12-14T17:49:15+00:00\",\"mainEntityOfPage\":{\"@id\":\"https:\\\/\\\/algarve7.pt\\\/index.php\\\/2020\\\/12\\\/cip-promove-conferencia-sobre-os-desafios-da-concretizacao-da-tecnologia-5g-em-portugal\\\/atualidade\\\/17\\\/49\\\/\"},\"wordCount\":189,\"publisher\":{\"@id\":\"https:\\\/\\\/algarve7.pt\\\/#organization\"},\"image\":{\"@id\":\"https:\\\/\\\/algarve7.pt\\\/index.php\\\/2020\\\/12\\\/cip-promove-conferencia-sobre-os-desafios-da-concretizacao-da-tecnologia-5g-em-portugal\\\/atualidade\\\/17\\\/49\\\/#primaryimage\"},\"thumbnailUrl\":\"https:\\\/\\\/algarve7.pt\\\/wp-content\\\/uploads\\\/2020\\\/09\\\/615ae26f9932bbd73bc4b6fcf851d662_L.jpg\",\"keywords\":[\"Atualidade\",\"CIP\",\"Nacional\"],\"articleSection\":[\"Atualidade\"],\"inLanguage\":\"pt-PT\"},{\"@type\":\"WebPage\",\"@id\":\"https:\\\/\\\/algarve7.pt\\\/index.php\\\/2020\\\/12\\\/cip-promove-conferencia-sobre-os-desafios-da-concretizacao-da-tecnologia-5g-em-portugal\\\/atualidade\\\/17\\\/49\\\/\",\"url\":\"https:\\\/\\\/algarve7.pt\\\/index.php\\\/2020\\\/12\\\/cip-promove-conferencia-sobre-os-desafios-da-concretizacao-da-tecnologia-5g-em-portugal\\\/atualidade\\\/17\\\/49\\\/\",\"name\":\"CIP promove confer\u00eancia sobre os desafios da concretiza\u00e7\u00e3o da tecnologia 5G em Portugal - Algarve 7\",\"isPartOf\":{\"@id\":\"https:\\\/\\\/algarve7.pt\\\/#website\"},\"primaryImageOfPage\":{\"@id\":\"https:\\\/\\\/algarve7.pt\\\/index.php\\\/2020\\\/12\\\/cip-promove-conferencia-sobre-os-desafios-da-concretizacao-da-tecnologia-5g-em-portugal\\\/atualidade\\\/17\\\/49\\\/#primaryimage\"},\"image\":{\"@id\":\"https:\\\/\\\/algarve7.pt\\\/index.php\\\/2020\\\/12\\\/cip-promove-conferencia-sobre-os-desafios-da-concretizacao-da-tecnologia-5g-em-portugal\\\/atualidade\\\/17\\\/49\\\/#primaryimage\"},\"thumbnailUrl\":\"https:\\\/\\\/algarve7.pt\\\/wp-content\\\/uploads\\\/2020\\\/09\\\/615ae26f9932bbd73bc4b6fcf851d662_L.jpg\",\"datePublished\":\"2020-12-14T17:49:14+00:00\",\"dateModified\":\"2020-12-14T17:49:15+00:00\",\"description\":\"CIP promove confer\u00eancia sobre os desafios da concretiza\u00e7\u00e3o da tecnologia 5G em Portugal Atualidade\",\"breadcrumb\":{\"@id\":\"https:\\\/\\\/algarve7.pt\\\/index.php\\\/2020\\\/12\\\/cip-promove-conferencia-sobre-os-desafios-da-concretizacao-da-tecnologia-5g-em-portugal\\\/atualidade\\\/17\\\/49\\\/#breadcrumb\"},\"inLanguage\":\"pt-PT\",\"potentialAction\":[{\"@type\":\"ReadAction\",\"target\":[\"https:\\\/\\\/algarve7.pt\\\/index.php\\\/2020\\\/12\\\/cip-promove-conferencia-sobre-os-desafios-da-concretizacao-da-tecnologia-5g-em-portugal\\\/atualidade\\\/17\\\/49\\\/\"]}]},{\"@type\":\"ImageObject\",\"inLanguage\":\"pt-PT\",\"@id\":\"https:\\\/\\\/algarve7.pt\\\/index.php\\\/2020\\\/12\\\/cip-promove-conferencia-sobre-os-desafios-da-concretizacao-da-tecnologia-5g-em-portugal\\\/atualidade\\\/17\\\/49\\\/#primaryimage\",\"url\":\"https:\\\/\\\/algarve7.pt\\\/wp-content\\\/uploads\\\/2020\\\/09\\\/615ae26f9932bbd73bc4b6fcf851d662_L.jpg\",\"contentUrl\":\"https:\\\/\\\/algarve7.pt\\\/wp-content\\\/uploads\\\/2020\\\/09\\\/615ae26f9932bbd73bc4b6fcf851d662_L.jpg\",\"width\":720,\"height\":436},{\"@type\":\"BreadcrumbList\",\"@id\":\"https:\\\/\\\/algarve7.pt\\\/index.php\\\/2020\\\/12\\\/cip-promove-conferencia-sobre-os-desafios-da-concretizacao-da-tecnologia-5g-em-portugal\\\/atualidade\\\/17\\\/49\\\/#breadcrumb\",\"itemListElement\":[{\"@type\":\"ListItem\",\"position\":1,\"name\":\"In\u00edcio\",\"item\":\"https:\\\/\\\/algarve7.pt\\\/\"},{\"@type\":\"ListItem\",\"position\":2,\"name\":\"CIP promove confer\u00eancia sobre os desafios da concretiza\u00e7\u00e3o da tecnologia 5G em Portugal\"}]},{\"@type\":\"WebSite\",\"@id\":\"https:\\\/\\\/algarve7.pt\\\/#website\",\"url\":\"https:\\\/\\\/algarve7.pt\\\/\",\"name\":\"Algarve 7\",\"description\":\"Informa\u00e7\u00e3o sobre o Algarve\",\"publisher\":{\"@id\":\"https:\\\/\\\/algarve7.pt\\\/#organization\"},\"potentialAction\":[{\"@type\":\"SearchAction\",\"target\":{\"@type\":\"EntryPoint\",\"urlTemplate\":\"https:\\\/\\\/algarve7.pt\\\/?s={search_term_string}\"},\"query-input\":{\"@type\":\"PropertyValueSpecification\",\"valueRequired\":true,\"valueName\":\"search_term_string\"}}],\"inLanguage\":\"pt-PT\"},{\"@type\":\"Organization\",\"@id\":\"https:\\\/\\\/algarve7.pt\\\/#organization\",\"name\":\"Algarve 7\",\"url\":\"https:\\\/\\\/algarve7.pt\\\/\",\"logo\":{\"@type\":\"ImageObject\",\"inLanguage\":\"pt-PT\",\"@id\":\"https:\\\/\\\/algarve7.pt\\\/#\\\/schema\\\/logo\\\/image\\\/\",\"url\":\"https:\\\/\\\/algarve7.pt\\\/wp-content\\\/uploads\\\/2020\\\/10\\\/Logo-8.jpg\",\"contentUrl\":\"https:\\\/\\\/algarve7.pt\\\/wp-content\\\/uploads\\\/2020\\\/10\\\/Logo-8.jpg\",\"width\":1680,\"height\":1186,\"caption\":\"Algarve 7\"},\"image\":{\"@id\":\"https:\\\/\\\/algarve7.pt\\\/#\\\/schema\\\/logo\\\/image\\\/\"},\"sameAs\":[\"https:\\\/\\\/www.facebook.com\\\/algarve7\",\"https:\\\/\\\/x.com\\\/Algarvesete\",\"https:\\\/\\\/www.instagram.com\\\/jornalalgarve7\\\/\",\"https:\\\/\\\/www.linkedin.com\\\/company\\\/algarve7\",\"https:\\\/\\\/www.pinterest.pt\\\/geral0939\\\/_created\\\/\"]},{\"@type\":\"Person\",\"@id\":\"https:\\\/\\\/algarve7.pt\\\/#\\\/schema\\\/person\\\/23fa70681308e7b319a3204bcea45e0c\",\"name\":\"Algarve 7\",\"sameAs\":[\"https:\\\/\\\/algarve7.pt\",\"https:\\\/\\\/www.facebook.com\\\/algarve7\"],\"url\":\"https:\\\/\\\/algarve7.pt\\\/index.php\\\/author\\\/geralalgarve7-pt\\\/\"}]}<\/script>\n<!-- \/ Yoast SEO plugin. -->","yoast_head_json":{"title":"CIP promove confer\u00eancia sobre os desafios da concretiza\u00e7\u00e3o da tecnologia 5G em Portugal - Algarve 7","description":"CIP promove confer\u00eancia sobre os desafios da concretiza\u00e7\u00e3o da tecnologia 5G em Portugal Atualidade","robots":{"index":"index","follow":"follow","max-snippet":"max-snippet:-1","max-image-preview":"max-image-preview:large","max-video-preview":"max-video-preview:-1"},"canonical":"https:\/\/algarve7.pt\/index.php\/2020\/12\/cip-promove-conferencia-sobre-os-desafios-da-concretizacao-da-tecnologia-5g-em-portugal\/atualidade\/17\/49\/","og_locale":"pt_PT","og_type":"article","og_title":"CIP promove confer\u00eancia sobre os desafios da concretiza\u00e7\u00e3o da tecnologia 5G em Portugal - Algarve 7","og_description":"CIP promove confer\u00eancia sobre os desafios da concretiza\u00e7\u00e3o da tecnologia 5G em Portugal Atualidade","og_url":"https:\/\/algarve7.pt\/index.php\/2020\/12\/cip-promove-conferencia-sobre-os-desafios-da-concretizacao-da-tecnologia-5g-em-portugal\/atualidade\/17\/49\/","og_site_name":"Algarve 7","article_publisher":"https:\/\/www.facebook.com\/algarve7","article_author":"https:\/\/www.facebook.com\/algarve7","article_published_time":"2020-12-14T17:49:14+00:00","article_modified_time":"2020-12-14T17:49:15+00:00","og_image":[{"width":720,"height":436,"url":"https:\/\/algarve7.pt\/wp-content\/uploads\/2020\/09\/615ae26f9932bbd73bc4b6fcf851d662_L.jpg","type":"image\/jpeg"}],"author":"Algarve 7","twitter_card":"summary_large_image","twitter_creator":"@Algarvesete","twitter_site":"@Algarvesete","twitter_misc":{"Escrito por":"Algarve 7","Tempo estimado de leitura":"1 minuto"},"schema":{"@context":"https:\/\/schema.org","@graph":[{"@type":"Article","@id":"https:\/\/algarve7.pt\/index.php\/2020\/12\/cip-promove-conferencia-sobre-os-desafios-da-concretizacao-da-tecnologia-5g-em-portugal\/atualidade\/17\/49\/#article","isPartOf":{"@id":"https:\/\/algarve7.pt\/index.php\/2020\/12\/cip-promove-conferencia-sobre-os-desafios-da-concretizacao-da-tecnologia-5g-em-portugal\/atualidade\/17\/49\/"},"author":{"name":"Algarve 7","@id":"https:\/\/algarve7.pt\/#\/schema\/person\/23fa70681308e7b319a3204bcea45e0c"},"headline":"CIP promove confer\u00eancia sobre os desafios da concretiza\u00e7\u00e3o da tecnologia 5G em Portugal","datePublished":"2020-12-14T17:49:14+00:00","dateModified":"2020-12-14T17:49:15+00:00","mainEntityOfPage":{"@id":"https:\/\/algarve7.pt\/index.php\/2020\/12\/cip-promove-conferencia-sobre-os-desafios-da-concretizacao-da-tecnologia-5g-em-portugal\/atualidade\/17\/49\/"},"wordCount":189,"publisher":{"@id":"https:\/\/algarve7.pt\/#organization"},"image":{"@id":"https:\/\/algarve7.pt\/index.php\/2020\/12\/cip-promove-conferencia-sobre-os-desafios-da-concretizacao-da-tecnologia-5g-em-portugal\/atualidade\/17\/49\/#primaryimage"},"thumbnailUrl":"https:\/\/algarve7.pt\/wp-content\/uploads\/2020\/09\/615ae26f9932bbd73bc4b6fcf851d662_L.jpg","keywords":["Atualidade","CIP","Nacional"],"articleSection":["Atualidade"],"inLanguage":"pt-PT"},{"@type":"WebPage","@id":"https:\/\/algarve7.pt\/index.php\/2020\/12\/cip-promove-conferencia-sobre-os-desafios-da-concretizacao-da-tecnologia-5g-em-portugal\/atualidade\/17\/49\/","url":"https:\/\/algarve7.pt\/index.php\/2020\/12\/cip-promove-conferencia-sobre-os-desafios-da-concretizacao-da-tecnologia-5g-em-portugal\/atualidade\/17\/49\/","name":"CIP promove confer\u00eancia sobre os desafios da concretiza\u00e7\u00e3o da tecnologia 5G em Portugal - Algarve 7","isPartOf":{"@id":"https:\/\/algarve7.pt\/#website"},"primaryImageOfPage":{"@id":"https:\/\/algarve7.pt\/index.php\/2020\/12\/cip-promove-conferencia-sobre-os-desafios-da-concretizacao-da-tecnologia-5g-em-portugal\/atualidade\/17\/49\/#primaryimage"},"image":{"@id":"https:\/\/algarve7.pt\/index.php\/2020\/12\/cip-promove-conferencia-sobre-os-desafios-da-concretizacao-da-tecnologia-5g-em-portugal\/atualidade\/17\/49\/#primaryimage"},"thumbnailUrl":"https:\/\/algarve7.pt\/wp-content\/uploads\/2020\/09\/615ae26f9932bbd73bc4b6fcf851d662_L.jpg","datePublished":"2020-12-14T17:49:14+00:00","dateModified":"2020-12-14T17:49:15+00:00","description":"CIP promove confer\u00eancia sobre os desafios da concretiza\u00e7\u00e3o da tecnologia 5G em Portugal Atualidade","breadcrumb":{"@id":"https:\/\/algarve7.pt\/index.php\/2020\/12\/cip-promove-conferencia-sobre-os-desafios-da-concretizacao-da-tecnologia-5g-em-portugal\/atualidade\/17\/49\/#breadcrumb"},"inLanguage":"pt-PT","potentialAction":[{"@type":"ReadAction","target":["https:\/\/algarve7.pt\/index.php\/2020\/12\/cip-promove-conferencia-sobre-os-desafios-da-concretizacao-da-tecnologia-5g-em-portugal\/atualidade\/17\/49\/"]}]},{"@type":"ImageObject","inLanguage":"pt-PT","@id":"https:\/\/algarve7.pt\/index.php\/2020\/12\/cip-promove-conferencia-sobre-os-desafios-da-concretizacao-da-tecnologia-5g-em-portugal\/atualidade\/17\/49\/#primaryimage","url":"https:\/\/algarve7.pt\/wp-content\/uploads\/2020\/09\/615ae26f9932bbd73bc4b6fcf851d662_L.jpg","contentUrl":"https:\/\/algarve7.pt\/wp-content\/uploads\/2020\/09\/615ae26f9932bbd73bc4b6fcf851d662_L.jpg","width":720,"height":436},{"@type":"BreadcrumbList","@id":"https:\/\/algarve7.pt\/index.php\/2020\/12\/cip-promove-conferencia-sobre-os-desafios-da-concretizacao-da-tecnologia-5g-em-portugal\/atualidade\/17\/49\/#breadcrumb","itemListElement":[{"@type":"ListItem","position":1,"name":"In\u00edcio","item":"https:\/\/algarve7.pt\/"},{"@type":"ListItem","position":2,"name":"CIP promove confer\u00eancia sobre os desafios da concretiza\u00e7\u00e3o da tecnologia 5G em Portugal"}]},{"@type":"WebSite","@id":"https:\/\/algarve7.pt\/#website","url":"https:\/\/algarve7.pt\/","name":"Algarve 7","description":"Informa\u00e7\u00e3o sobre o Algarve","publisher":{"@id":"https:\/\/algarve7.pt\/#organization"},"potentialAction":[{"@type":"SearchAction","target":{"@type":"EntryPoint","urlTemplate":"https:\/\/algarve7.pt\/?s={search_term_string}"},"query-input":{"@type":"PropertyValueSpecification","valueRequired":true,"valueName":"search_term_string"}}],"inLanguage":"pt-PT"},{"@type":"Organization","@id":"https:\/\/algarve7.pt\/#organization","name":"Algarve 7","url":"https:\/\/algarve7.pt\/","logo":{"@type":"ImageObject","inLanguage":"pt-PT","@id":"https:\/\/algarve7.pt\/#\/schema\/logo\/image\/","url":"https:\/\/algarve7.pt\/wp-content\/uploads\/2020\/10\/Logo-8.jpg","contentUrl":"https:\/\/algarve7.pt\/wp-content\/uploads\/2020\/10\/Logo-8.jpg","width":1680,"height":1186,"caption":"Algarve 7"},"image":{"@id":"https:\/\/algarve7.pt\/#\/schema\/logo\/image\/"},"sameAs":["https:\/\/www.facebook.com\/algarve7","https:\/\/x.com\/Algarvesete","https:\/\/www.instagram.com\/jornalalgarve7\/","https:\/\/www.linkedin.com\/company\/algarve7","https:\/\/www.pinterest.pt\/geral0939\/_created\/"]},{"@type":"Person","@id":"https:\/\/algarve7.pt\/#\/schema\/person\/23fa70681308e7b319a3204bcea45e0c","name":"Algarve 7","sameAs":["https:\/\/algarve7.pt","https:\/\/www.facebook.com\/algarve7"],"url":"https:\/\/algarve7.pt\/index.php\/author\/geralalgarve7-pt\/"}]}},"jetpack_publicize_connections":[],"jetpack_featured_media_url":"https:\/\/algarve7.pt\/wp-content\/uploads\/2020\/09\/615ae26f9932bbd73bc4b6fcf851d662_L.jpg","jetpack_shortlink":"https:\/\/wp.me\/pcezmW-1cq","jetpack_sharing_enabled":true,"_links":{"self":[{"href":"https:\/\/algarve7.pt\/index.php\/wp-json\/wp\/v2\/posts\/4614","targetHints":{"allow":["GET"]}}],"collection":[{"href":"https:\/\/algarve7.pt\/index.php\/wp-json\/wp\/v2\/posts"}],"about":[{"href":"https:\/\/algarve7.pt\/index.php\/wp-json\/wp\/v2\/types\/post"}],"author":[{"embeddable":true,"href":"https:\/\/algarve7.pt\/index.php\/wp-json\/wp\/v2\/users\/1"}],"replies":[{"embeddable":true,"href":"https:\/\/algarve7.pt\/index.php\/wp-json\/wp\/v2\/comments?post=4614"}],"version-history":[{"count":0,"href":"https:\/\/algarve7.pt\/index.php\/wp-json\/wp\/v2\/posts\/4614\/revisions"}],"wp:featuredmedia":[{"embeddable":true,"href":"https:\/\/algarve7.pt\/index.php\/wp-json\/wp\/v2\/media\/1928"}],"wp:attachment":[{"href":"https:\/\/algarve7.pt\/index.php\/wp-json\/wp\/v2\/media?parent=4614"}],"wp:term":[{"taxonomy":"category","embeddable":true,"href":"https:\/\/algarve7.pt\/index.php\/wp-json\/wp\/v2\/categories?post=4614"},{"taxonomy":"post_tag","embeddable":true,"href":"https:\/\/algarve7.pt\/index.php\/wp-json\/wp\/v2\/tags?post=4614"}],"curies":[{"name":"wp","href":"https:\/\/api.w.org\/{rel}","templated":true}]}}