{"id":4611,"date":"2020-12-14T15:20:46","date_gmt":"2020-12-14T15:20:46","guid":{"rendered":"https:\/\/algarve7.pt\/?p=4611"},"modified":"2020-12-14T15:20:47","modified_gmt":"2020-12-14T15:20:47","slug":"concerto-daniel-kemish-no-teatro-lethes-a-17-e-18-de-dezembro","status":"publish","type":"post","link":"https:\/\/algarve7.pt\/index.php\/2020\/12\/concerto-daniel-kemish-no-teatro-lethes-a-17-e-18-de-dezembro\/cultura\/15\/20\/","title":{"rendered":"Concerto Daniel Kemish no Teatro Lethes a 17 e 18 de dezembro"},"content":{"rendered":"\n<p>Daniel Kemish regressa ao Teatro Lethes no que prometem&nbsp;ser duas noites \u00fanicas e inesquec\u00edveis, com performances&nbsp;completamente diferentes. N\u00e3o perca a oportunidade de celebrar&nbsp;o Natal e experienciar duas noites memor\u00e1veis com Daniel&nbsp;Kemish, a sua banda e alguns convidados especiais.<\/p>\n\n\n\n<p><strong>QUI. 17\u00a0\/ Rock &amp; Roll<\/strong>\u00a0&#8211; prepare-se para uma atmosfera de\u00a0festa, enquanto Daniel aumenta o volume de alguns de seus\u00a0cl\u00e1ssicos do rock e temas do seu novo \u00e1lbum.<br>Espect\u00e1culo com Strobe-Lights<br><br><strong>SEX. 18 \/ Acoustic<\/strong>\u00a0&#8211; uma noite num estilo ac\u00fastico, com m\u00fasicas\u00a0novas, antigas e algumas das suas m\u00fasicas favoritas.<\/p>\n\n\n\n<p><strong>DURA\u00c7\u00c3O:&nbsp;<\/strong>90m \/\/ M\/6<\/p>\n\n\n\n<p><strong>BILHETES:<\/strong>&nbsp;12.50\u20ac \/\/&nbsp;2 espect\u00e1culos &#8211; 20\u20ac<\/p>\n","protected":false},"excerpt":{"rendered":"<p>Daniel Kemish regressa ao Teatro Lethes no que prometem&nbsp;ser duas noites \u00fanicas e inesquec\u00edveis, com performances&nbsp;completamente diferentes. N\u00e3o perca a<\/p>\n","protected":false},"author":1,"featured_media":4612,"comment_status":"closed","ping_status":"open","sticky":false,"template":"","format":"standard","meta":{"colormag_page_container_layout":"default_layout","colormag_page_sidebar_layout":"default_layout","_monsterinsights_skip_tracking":false,"_monsterinsights_sitenote_active":false,"_monsterinsights_sitenote_note":"","_monsterinsights_sitenote_category":0,"jetpack_post_was_ever_published":false,"_jetpack_newsletter_access":"","_jetpack_dont_email_post_to_subs":false,"_jetpack_newsletter_tier_id":0,"_jetpack_memberships_contains_paywalled_content":false,"_jetpack_memberships_contains_paid_content":false,"footnotes":"","jetpack_publicize_message":"","jetpack_publicize_feature_enabled":true,"jetpack_social_post_already_shared":true,"jetpack_social_options":{"image_generator_settings":{"template":"highway","default_image_id":0,"font":"","enabled":false},"version":2}},"categories":[14],"tags":[36,52,35,57,67],"class_list":["post-4611","post","type-post","status-publish","format-standard","has-post-thumbnail","hentry","category-cultura","tag-algarve","tag-concerto","tag-cultura","tag-faro","tag-teatro-lethes"],"yoast_head":"<!-- This site is optimized with the Yoast SEO plugin v27.5 - https:\/\/yoast.com\/product\/yoast-seo-wordpress\/ -->\n<title>Concerto Daniel Kemish no Teatro Lethes a 17 e 18 de dezembro - Algarve 7<\/title>\n<meta name=\"description\" content=\"Concerto Daniel Kemish no Teatro Lethes a 17 e 18 de dezembro Cultura\" \/>\n<meta name=\"robots\" content=\"index, follow, max-snippet:-1, max-image-preview:large, max-video-preview:-1\" \/>\n<link rel=\"canonical\" href=\"https:\/\/algarve7.pt\/index.php\/2020\/12\/concerto-daniel-kemish-no-teatro-lethes-a-17-e-18-de-dezembro\/cultura\/15\/20\/\" \/>\n<meta property=\"og:locale\" content=\"pt_PT\" \/>\n<meta property=\"og:type\" content=\"article\" \/>\n<meta property=\"og:title\" content=\"Concerto Daniel Kemish no Teatro Lethes a 17 e 18 de dezembro - Algarve 7\" \/>\n<meta property=\"og:description\" content=\"Concerto Daniel Kemish no Teatro Lethes a 17 e 18 de dezembro Cultura\" \/>\n<meta property=\"og:url\" content=\"https:\/\/algarve7.pt\/index.php\/2020\/12\/concerto-daniel-kemish-no-teatro-lethes-a-17-e-18-de-dezembro\/cultura\/15\/20\/\" \/>\n<meta property=\"og:site_name\" content=\"Algarve 7\" \/>\n<meta property=\"article:publisher\" content=\"https:\/\/www.facebook.com\/algarve7\" \/>\n<meta property=\"article:author\" content=\"https:\/\/www.facebook.com\/algarve7\" \/>\n<meta property=\"article:published_time\" content=\"2020-12-14T15:20:46+00:00\" \/>\n<meta property=\"article:modified_time\" content=\"2020-12-14T15:20:47+00:00\" \/>\n<meta property=\"og:image\" content=\"https:\/\/algarve7.pt\/wp-content\/uploads\/2020\/12\/Premios-Cine-Tendinha-05-12-2020-145.jpg\" \/>\n\t<meta property=\"og:image:width\" content=\"1920\" \/>\n\t<meta property=\"og:image:height\" content=\"1280\" \/>\n\t<meta property=\"og:image:type\" content=\"image\/jpeg\" \/>\n<meta name=\"author\" content=\"Algarve 7\" \/>\n<meta name=\"twitter:card\" content=\"summary_large_image\" \/>\n<meta name=\"twitter:creator\" content=\"@Algarvesete\" \/>\n<meta name=\"twitter:site\" content=\"@Algarvesete\" \/>\n<meta name=\"twitter:label1\" content=\"Escrito por\" \/>\n\t<meta name=\"twitter:data1\" content=\"Algarve 7\" \/>\n\t<meta name=\"twitter:label2\" content=\"Tempo estimado de leitura\" \/>\n\t<meta name=\"twitter:data2\" content=\"1 minuto\" \/>\n<script type=\"application\/ld+json\" class=\"yoast-schema-graph\">{\"@context\":\"https:\\\/\\\/schema.org\",\"@graph\":[{\"@type\":\"Article\",\"@id\":\"https:\\\/\\\/algarve7.pt\\\/index.php\\\/2020\\\/12\\\/concerto-daniel-kemish-no-teatro-lethes-a-17-e-18-de-dezembro\\\/cultura\\\/15\\\/20\\\/#article\",\"isPartOf\":{\"@id\":\"https:\\\/\\\/algarve7.pt\\\/index.php\\\/2020\\\/12\\\/concerto-daniel-kemish-no-teatro-lethes-a-17-e-18-de-dezembro\\\/cultura\\\/15\\\/20\\\/\"},\"author\":{\"name\":\"Algarve 7\",\"@id\":\"https:\\\/\\\/algarve7.pt\\\/#\\\/schema\\\/person\\\/23fa70681308e7b319a3204bcea45e0c\"},\"headline\":\"Concerto Daniel Kemish no Teatro Lethes a 17 e 18 de dezembro\",\"datePublished\":\"2020-12-14T15:20:46+00:00\",\"dateModified\":\"2020-12-14T15:20:47+00:00\",\"mainEntityOfPage\":{\"@id\":\"https:\\\/\\\/algarve7.pt\\\/index.php\\\/2020\\\/12\\\/concerto-daniel-kemish-no-teatro-lethes-a-17-e-18-de-dezembro\\\/cultura\\\/15\\\/20\\\/\"},\"wordCount\":125,\"publisher\":{\"@id\":\"https:\\\/\\\/algarve7.pt\\\/#organization\"},\"image\":{\"@id\":\"https:\\\/\\\/algarve7.pt\\\/index.php\\\/2020\\\/12\\\/concerto-daniel-kemish-no-teatro-lethes-a-17-e-18-de-dezembro\\\/cultura\\\/15\\\/20\\\/#primaryimage\"},\"thumbnailUrl\":\"https:\\\/\\\/algarve7.pt\\\/wp-content\\\/uploads\\\/2020\\\/12\\\/Premios-Cine-Tendinha-05-12-2020-145.jpg\",\"keywords\":[\"Algarve\",\"Concerto\",\"Cultura\",\"Faro\",\"Teatro Lethes\"],\"articleSection\":[\"Cultura\"],\"inLanguage\":\"pt-PT\"},{\"@type\":\"WebPage\",\"@id\":\"https:\\\/\\\/algarve7.pt\\\/index.php\\\/2020\\\/12\\\/concerto-daniel-kemish-no-teatro-lethes-a-17-e-18-de-dezembro\\\/cultura\\\/15\\\/20\\\/\",\"url\":\"https:\\\/\\\/algarve7.pt\\\/index.php\\\/2020\\\/12\\\/concerto-daniel-kemish-no-teatro-lethes-a-17-e-18-de-dezembro\\\/cultura\\\/15\\\/20\\\/\",\"name\":\"Concerto Daniel Kemish no Teatro Lethes a 17 e 18 de dezembro - Algarve 7\",\"isPartOf\":{\"@id\":\"https:\\\/\\\/algarve7.pt\\\/#website\"},\"primaryImageOfPage\":{\"@id\":\"https:\\\/\\\/algarve7.pt\\\/index.php\\\/2020\\\/12\\\/concerto-daniel-kemish-no-teatro-lethes-a-17-e-18-de-dezembro\\\/cultura\\\/15\\\/20\\\/#primaryimage\"},\"image\":{\"@id\":\"https:\\\/\\\/algarve7.pt\\\/index.php\\\/2020\\\/12\\\/concerto-daniel-kemish-no-teatro-lethes-a-17-e-18-de-dezembro\\\/cultura\\\/15\\\/20\\\/#primaryimage\"},\"thumbnailUrl\":\"https:\\\/\\\/algarve7.pt\\\/wp-content\\\/uploads\\\/2020\\\/12\\\/Premios-Cine-Tendinha-05-12-2020-145.jpg\",\"datePublished\":\"2020-12-14T15:20:46+00:00\",\"dateModified\":\"2020-12-14T15:20:47+00:00\",\"description\":\"Concerto Daniel Kemish no Teatro Lethes a 17 e 18 de dezembro Cultura\",\"breadcrumb\":{\"@id\":\"https:\\\/\\\/algarve7.pt\\\/index.php\\\/2020\\\/12\\\/concerto-daniel-kemish-no-teatro-lethes-a-17-e-18-de-dezembro\\\/cultura\\\/15\\\/20\\\/#breadcrumb\"},\"inLanguage\":\"pt-PT\",\"potentialAction\":[{\"@type\":\"ReadAction\",\"target\":[\"https:\\\/\\\/algarve7.pt\\\/index.php\\\/2020\\\/12\\\/concerto-daniel-kemish-no-teatro-lethes-a-17-e-18-de-dezembro\\\/cultura\\\/15\\\/20\\\/\"]}]},{\"@type\":\"ImageObject\",\"inLanguage\":\"pt-PT\",\"@id\":\"https:\\\/\\\/algarve7.pt\\\/index.php\\\/2020\\\/12\\\/concerto-daniel-kemish-no-teatro-lethes-a-17-e-18-de-dezembro\\\/cultura\\\/15\\\/20\\\/#primaryimage\",\"url\":\"https:\\\/\\\/algarve7.pt\\\/wp-content\\\/uploads\\\/2020\\\/12\\\/Premios-Cine-Tendinha-05-12-2020-145.jpg\",\"contentUrl\":\"https:\\\/\\\/algarve7.pt\\\/wp-content\\\/uploads\\\/2020\\\/12\\\/Premios-Cine-Tendinha-05-12-2020-145.jpg\",\"width\":1920,\"height\":1280},{\"@type\":\"BreadcrumbList\",\"@id\":\"https:\\\/\\\/algarve7.pt\\\/index.php\\\/2020\\\/12\\\/concerto-daniel-kemish-no-teatro-lethes-a-17-e-18-de-dezembro\\\/cultura\\\/15\\\/20\\\/#breadcrumb\",\"itemListElement\":[{\"@type\":\"ListItem\",\"position\":1,\"name\":\"In\u00edcio\",\"item\":\"https:\\\/\\\/algarve7.pt\\\/\"},{\"@type\":\"ListItem\",\"position\":2,\"name\":\"Concerto Daniel Kemish no Teatro Lethes a 17 e 18 de dezembro\"}]},{\"@type\":\"WebSite\",\"@id\":\"https:\\\/\\\/algarve7.pt\\\/#website\",\"url\":\"https:\\\/\\\/algarve7.pt\\\/\",\"name\":\"Algarve 7\",\"description\":\"Informa\u00e7\u00e3o sobre o Algarve\",\"publisher\":{\"@id\":\"https:\\\/\\\/algarve7.pt\\\/#organization\"},\"potentialAction\":[{\"@type\":\"SearchAction\",\"target\":{\"@type\":\"EntryPoint\",\"urlTemplate\":\"https:\\\/\\\/algarve7.pt\\\/?s={search_term_string}\"},\"query-input\":{\"@type\":\"PropertyValueSpecification\",\"valueRequired\":true,\"valueName\":\"search_term_string\"}}],\"inLanguage\":\"pt-PT\"},{\"@type\":\"Organization\",\"@id\":\"https:\\\/\\\/algarve7.pt\\\/#organization\",\"name\":\"Algarve 7\",\"url\":\"https:\\\/\\\/algarve7.pt\\\/\",\"logo\":{\"@type\":\"ImageObject\",\"inLanguage\":\"pt-PT\",\"@id\":\"https:\\\/\\\/algarve7.pt\\\/#\\\/schema\\\/logo\\\/image\\\/\",\"url\":\"https:\\\/\\\/algarve7.pt\\\/wp-content\\\/uploads\\\/2020\\\/10\\\/Logo-8.jpg\",\"contentUrl\":\"https:\\\/\\\/algarve7.pt\\\/wp-content\\\/uploads\\\/2020\\\/10\\\/Logo-8.jpg\",\"width\":1680,\"height\":1186,\"caption\":\"Algarve 7\"},\"image\":{\"@id\":\"https:\\\/\\\/algarve7.pt\\\/#\\\/schema\\\/logo\\\/image\\\/\"},\"sameAs\":[\"https:\\\/\\\/www.facebook.com\\\/algarve7\",\"https:\\\/\\\/x.com\\\/Algarvesete\",\"https:\\\/\\\/www.instagram.com\\\/jornalalgarve7\\\/\",\"https:\\\/\\\/www.linkedin.com\\\/company\\\/algarve7\",\"https:\\\/\\\/www.pinterest.pt\\\/geral0939\\\/_created\\\/\"]},{\"@type\":\"Person\",\"@id\":\"https:\\\/\\\/algarve7.pt\\\/#\\\/schema\\\/person\\\/23fa70681308e7b319a3204bcea45e0c\",\"name\":\"Algarve 7\",\"sameAs\":[\"https:\\\/\\\/algarve7.pt\",\"https:\\\/\\\/www.facebook.com\\\/algarve7\"],\"url\":\"https:\\\/\\\/algarve7.pt\\\/index.php\\\/author\\\/geralalgarve7-pt\\\/\"}]}<\/script>\n<!-- \/ Yoast SEO plugin. -->","yoast_head_json":{"title":"Concerto Daniel Kemish no Teatro Lethes a 17 e 18 de dezembro - Algarve 7","description":"Concerto Daniel Kemish no Teatro Lethes a 17 e 18 de dezembro Cultura","robots":{"index":"index","follow":"follow","max-snippet":"max-snippet:-1","max-image-preview":"max-image-preview:large","max-video-preview":"max-video-preview:-1"},"canonical":"https:\/\/algarve7.pt\/index.php\/2020\/12\/concerto-daniel-kemish-no-teatro-lethes-a-17-e-18-de-dezembro\/cultura\/15\/20\/","og_locale":"pt_PT","og_type":"article","og_title":"Concerto Daniel Kemish no Teatro Lethes a 17 e 18 de dezembro - Algarve 7","og_description":"Concerto Daniel Kemish no Teatro Lethes a 17 e 18 de dezembro Cultura","og_url":"https:\/\/algarve7.pt\/index.php\/2020\/12\/concerto-daniel-kemish-no-teatro-lethes-a-17-e-18-de-dezembro\/cultura\/15\/20\/","og_site_name":"Algarve 7","article_publisher":"https:\/\/www.facebook.com\/algarve7","article_author":"https:\/\/www.facebook.com\/algarve7","article_published_time":"2020-12-14T15:20:46+00:00","article_modified_time":"2020-12-14T15:20:47+00:00","og_image":[{"width":1920,"height":1280,"url":"https:\/\/algarve7.pt\/wp-content\/uploads\/2020\/12\/Premios-Cine-Tendinha-05-12-2020-145.jpg","type":"image\/jpeg"}],"author":"Algarve 7","twitter_card":"summary_large_image","twitter_creator":"@Algarvesete","twitter_site":"@Algarvesete","twitter_misc":{"Escrito por":"Algarve 7","Tempo estimado de leitura":"1 minuto"},"schema":{"@context":"https:\/\/schema.org","@graph":[{"@type":"Article","@id":"https:\/\/algarve7.pt\/index.php\/2020\/12\/concerto-daniel-kemish-no-teatro-lethes-a-17-e-18-de-dezembro\/cultura\/15\/20\/#article","isPartOf":{"@id":"https:\/\/algarve7.pt\/index.php\/2020\/12\/concerto-daniel-kemish-no-teatro-lethes-a-17-e-18-de-dezembro\/cultura\/15\/20\/"},"author":{"name":"Algarve 7","@id":"https:\/\/algarve7.pt\/#\/schema\/person\/23fa70681308e7b319a3204bcea45e0c"},"headline":"Concerto Daniel Kemish no Teatro Lethes a 17 e 18 de dezembro","datePublished":"2020-12-14T15:20:46+00:00","dateModified":"2020-12-14T15:20:47+00:00","mainEntityOfPage":{"@id":"https:\/\/algarve7.pt\/index.php\/2020\/12\/concerto-daniel-kemish-no-teatro-lethes-a-17-e-18-de-dezembro\/cultura\/15\/20\/"},"wordCount":125,"publisher":{"@id":"https:\/\/algarve7.pt\/#organization"},"image":{"@id":"https:\/\/algarve7.pt\/index.php\/2020\/12\/concerto-daniel-kemish-no-teatro-lethes-a-17-e-18-de-dezembro\/cultura\/15\/20\/#primaryimage"},"thumbnailUrl":"https:\/\/algarve7.pt\/wp-content\/uploads\/2020\/12\/Premios-Cine-Tendinha-05-12-2020-145.jpg","keywords":["Algarve","Concerto","Cultura","Faro","Teatro Lethes"],"articleSection":["Cultura"],"inLanguage":"pt-PT"},{"@type":"WebPage","@id":"https:\/\/algarve7.pt\/index.php\/2020\/12\/concerto-daniel-kemish-no-teatro-lethes-a-17-e-18-de-dezembro\/cultura\/15\/20\/","url":"https:\/\/algarve7.pt\/index.php\/2020\/12\/concerto-daniel-kemish-no-teatro-lethes-a-17-e-18-de-dezembro\/cultura\/15\/20\/","name":"Concerto Daniel Kemish no Teatro Lethes a 17 e 18 de dezembro - Algarve 7","isPartOf":{"@id":"https:\/\/algarve7.pt\/#website"},"primaryImageOfPage":{"@id":"https:\/\/algarve7.pt\/index.php\/2020\/12\/concerto-daniel-kemish-no-teatro-lethes-a-17-e-18-de-dezembro\/cultura\/15\/20\/#primaryimage"},"image":{"@id":"https:\/\/algarve7.pt\/index.php\/2020\/12\/concerto-daniel-kemish-no-teatro-lethes-a-17-e-18-de-dezembro\/cultura\/15\/20\/#primaryimage"},"thumbnailUrl":"https:\/\/algarve7.pt\/wp-content\/uploads\/2020\/12\/Premios-Cine-Tendinha-05-12-2020-145.jpg","datePublished":"2020-12-14T15:20:46+00:00","dateModified":"2020-12-14T15:20:47+00:00","description":"Concerto Daniel Kemish no Teatro Lethes a 17 e 18 de dezembro Cultura","breadcrumb":{"@id":"https:\/\/algarve7.pt\/index.php\/2020\/12\/concerto-daniel-kemish-no-teatro-lethes-a-17-e-18-de-dezembro\/cultura\/15\/20\/#breadcrumb"},"inLanguage":"pt-PT","potentialAction":[{"@type":"ReadAction","target":["https:\/\/algarve7.pt\/index.php\/2020\/12\/concerto-daniel-kemish-no-teatro-lethes-a-17-e-18-de-dezembro\/cultura\/15\/20\/"]}]},{"@type":"ImageObject","inLanguage":"pt-PT","@id":"https:\/\/algarve7.pt\/index.php\/2020\/12\/concerto-daniel-kemish-no-teatro-lethes-a-17-e-18-de-dezembro\/cultura\/15\/20\/#primaryimage","url":"https:\/\/algarve7.pt\/wp-content\/uploads\/2020\/12\/Premios-Cine-Tendinha-05-12-2020-145.jpg","contentUrl":"https:\/\/algarve7.pt\/wp-content\/uploads\/2020\/12\/Premios-Cine-Tendinha-05-12-2020-145.jpg","width":1920,"height":1280},{"@type":"BreadcrumbList","@id":"https:\/\/algarve7.pt\/index.php\/2020\/12\/concerto-daniel-kemish-no-teatro-lethes-a-17-e-18-de-dezembro\/cultura\/15\/20\/#breadcrumb","itemListElement":[{"@type":"ListItem","position":1,"name":"In\u00edcio","item":"https:\/\/algarve7.pt\/"},{"@type":"ListItem","position":2,"name":"Concerto Daniel Kemish no Teatro Lethes a 17 e 18 de dezembro"}]},{"@type":"WebSite","@id":"https:\/\/algarve7.pt\/#website","url":"https:\/\/algarve7.pt\/","name":"Algarve 7","description":"Informa\u00e7\u00e3o sobre o Algarve","publisher":{"@id":"https:\/\/algarve7.pt\/#organization"},"potentialAction":[{"@type":"SearchAction","target":{"@type":"EntryPoint","urlTemplate":"https:\/\/algarve7.pt\/?s={search_term_string}"},"query-input":{"@type":"PropertyValueSpecification","valueRequired":true,"valueName":"search_term_string"}}],"inLanguage":"pt-PT"},{"@type":"Organization","@id":"https:\/\/algarve7.pt\/#organization","name":"Algarve 7","url":"https:\/\/algarve7.pt\/","logo":{"@type":"ImageObject","inLanguage":"pt-PT","@id":"https:\/\/algarve7.pt\/#\/schema\/logo\/image\/","url":"https:\/\/algarve7.pt\/wp-content\/uploads\/2020\/10\/Logo-8.jpg","contentUrl":"https:\/\/algarve7.pt\/wp-content\/uploads\/2020\/10\/Logo-8.jpg","width":1680,"height":1186,"caption":"Algarve 7"},"image":{"@id":"https:\/\/algarve7.pt\/#\/schema\/logo\/image\/"},"sameAs":["https:\/\/www.facebook.com\/algarve7","https:\/\/x.com\/Algarvesete","https:\/\/www.instagram.com\/jornalalgarve7\/","https:\/\/www.linkedin.com\/company\/algarve7","https:\/\/www.pinterest.pt\/geral0939\/_created\/"]},{"@type":"Person","@id":"https:\/\/algarve7.pt\/#\/schema\/person\/23fa70681308e7b319a3204bcea45e0c","name":"Algarve 7","sameAs":["https:\/\/algarve7.pt","https:\/\/www.facebook.com\/algarve7"],"url":"https:\/\/algarve7.pt\/index.php\/author\/geralalgarve7-pt\/"}]}},"jetpack_publicize_connections":[],"jetpack_featured_media_url":"https:\/\/algarve7.pt\/wp-content\/uploads\/2020\/12\/Premios-Cine-Tendinha-05-12-2020-145.jpg","jetpack_shortlink":"https:\/\/wp.me\/pcezmW-1cn","jetpack_sharing_enabled":true,"_links":{"self":[{"href":"https:\/\/algarve7.pt\/index.php\/wp-json\/wp\/v2\/posts\/4611","targetHints":{"allow":["GET"]}}],"collection":[{"href":"https:\/\/algarve7.pt\/index.php\/wp-json\/wp\/v2\/posts"}],"about":[{"href":"https:\/\/algarve7.pt\/index.php\/wp-json\/wp\/v2\/types\/post"}],"author":[{"embeddable":true,"href":"https:\/\/algarve7.pt\/index.php\/wp-json\/wp\/v2\/users\/1"}],"replies":[{"embeddable":true,"href":"https:\/\/algarve7.pt\/index.php\/wp-json\/wp\/v2\/comments?post=4611"}],"version-history":[{"count":0,"href":"https:\/\/algarve7.pt\/index.php\/wp-json\/wp\/v2\/posts\/4611\/revisions"}],"wp:featuredmedia":[{"embeddable":true,"href":"https:\/\/algarve7.pt\/index.php\/wp-json\/wp\/v2\/media\/4612"}],"wp:attachment":[{"href":"https:\/\/algarve7.pt\/index.php\/wp-json\/wp\/v2\/media?parent=4611"}],"wp:term":[{"taxonomy":"category","embeddable":true,"href":"https:\/\/algarve7.pt\/index.php\/wp-json\/wp\/v2\/categories?post=4611"},{"taxonomy":"post_tag","embeddable":true,"href":"https:\/\/algarve7.pt\/index.php\/wp-json\/wp\/v2\/tags?post=4611"}],"curies":[{"name":"wp","href":"https:\/\/api.w.org\/{rel}","templated":true}]}}