{"id":46043,"date":"2025-01-08T18:38:42","date_gmt":"2025-01-08T18:38:42","guid":{"rendered":"https:\/\/algarve7.pt\/?p=46043"},"modified":"2025-01-08T18:38:45","modified_gmt":"2025-01-08T18:38:45","slug":"biblioteca-municipal-alvaro-de-campos-integra-projeto-europeu-de-combate-a-desinformacao","status":"publish","type":"post","link":"https:\/\/algarve7.pt\/index.php\/2025\/01\/biblioteca-municipal-alvaro-de-campos-integra-projeto-europeu-de-combate-a-desinformacao\/cultura\/18\/38\/","title":{"rendered":"Biblioteca Municipal \u00c1lvaro de Campos integra Projeto Europeu de Combate \u00e0 Desinforma\u00e7\u00e3o"},"content":{"rendered":"\n<p>A Biblioteca Municipal \u00c1lvaro de Campos, em Tavira, foi uma das seis bibliotecas portuguesas selecionadas para integrar o projeto europeu CLAD \u2013 Citizens &amp; Libraries Against Disinformation. Este projeto tem como objetivo sensibilizar os cidad\u00e3os para os perigos da desinforma\u00e7\u00e3o e fornecer-lhes ferramentas para a reconhecerem e defenderem-se dela. O mesmo foi iniciado com uma confer\u00eancia internacional realizada no passado dia 26 de novembro de 2024, na Dire\u00e7\u00e3o-Geral do Livro, dos Arquivos e das Bibliotecas, e decorrer\u00e1 at\u00e9 2026.<\/p>\n\n\n\n<p>Em Tavira, o projeto centra-se em duas tem\u00e1ticas: &#8220;Ra\u00edzes e Identidades&#8221;, focada em minorias culturais, e &#8220;Agarra a tua \u00e1gua!&#8221;, dedicada \u00e0s quest\u00f5es ambientais. Estas iniciativas ser\u00e3o dirigidas ao p\u00fablico adulto, procurando promover uma comunidade mais informada e participativa, atrav\u00e9s de forma\u00e7\u00f5es, debates p\u00fablicos e workshops.&nbsp;<\/p>\n\n\n\n<p>As principais atividades do projeto incluem a organiza\u00e7\u00e3o de f\u00f3runs p\u00fablicos e forma\u00e7\u00f5es para debater e combater a desinforma\u00e7\u00e3o, o fornecimento de ferramentas e materiais para ajudar os cidad\u00e3os a detetar not\u00edcias falsas e o trabalho com institui\u00e7\u00f5es e meios de comunica\u00e7\u00e3o locais para divulgar as melhores pr\u00e1ticas.<\/p>\n\n\n\n<p>O CLAD \u00e9 coordenado pelo Goethe-Institut e conta com a participa\u00e7\u00e3o da Associa\u00e7\u00e3o Portuguesa de Bibliotec\u00e1rios, Arquivistas e Profissionais da Informa\u00e7\u00e3o e Documenta\u00e7\u00e3o (BAD), da Dire\u00e7\u00e3o-Geral do Livro, dos Arquivos e das Bibliotecas (DGLAB) e da Cidade Velha de Bratislava. Em Portugal, al\u00e9m de Tavira, participam as bibliotecas municipais de Gr\u00e2ndola, Santa Maria da Feira, Castelo Branco, Condeixa-a-Nova e Bragan\u00e7a, juntamente com tr\u00eas bibliotecas eslovacas.<\/p>\n\n\n\n<p>As bibliotecas desempenham um papel fundamental neste esfor\u00e7o, enquanto centros de educa\u00e7\u00e3o e envolvimento social. &#8220;O nosso objetivo \u00e9 refor\u00e7ar o papel da biblioteca como centro de informa\u00e7\u00e3o fidedigna e espa\u00e7o de participa\u00e7\u00e3o cidad\u00e3, contribuindo para uma sociedade mais esclarecida e preparada para distinguir factos de not\u00edcias falsas&#8221;, destaca o Munic\u00edpio de Tavira.<\/p>\n\n\n\n<p>O projeto \u00e9 cofinanciado pela Uni\u00e3o Europeia, no \u00e2mbito do Citizens, Equality, Rights and Values Programme. Todas as atividades ser\u00e3o gratuitas e abertas ao p\u00fablico.<\/p>\n","protected":false},"excerpt":{"rendered":"<p>A Biblioteca Municipal \u00c1lvaro de Campos, em Tavira, foi uma das seis bibliotecas portuguesas selecionadas para integrar o projeto europeu<\/p>\n","protected":false},"author":1,"featured_media":46044,"comment_status":"closed","ping_status":"closed","sticky":false,"template":"","format":"standard","meta":{"colormag_page_container_layout":"default_layout","colormag_page_sidebar_layout":"default_layout","_monsterinsights_skip_tracking":false,"_monsterinsights_sitenote_active":false,"_monsterinsights_sitenote_note":"","_monsterinsights_sitenote_category":0,"jetpack_post_was_ever_published":false,"_jetpack_newsletter_access":"","_jetpack_dont_email_post_to_subs":false,"_jetpack_newsletter_tier_id":0,"_jetpack_memberships_contains_paywalled_content":false,"_jetpack_memberships_contains_paid_content":false,"footnotes":"","jetpack_publicize_message":"","jetpack_publicize_feature_enabled":true,"jetpack_social_post_already_shared":true,"jetpack_social_options":{"image_generator_settings":{"template":"highway","default_image_id":0,"font":"","enabled":false},"version":2}},"categories":[14],"tags":[36,35,54],"class_list":["post-46043","post","type-post","status-publish","format-standard","has-post-thumbnail","hentry","category-cultura","tag-algarve","tag-cultura","tag-tavira"],"yoast_head":"<!-- This site is optimized with the Yoast SEO plugin v27.5 - https:\/\/yoast.com\/product\/yoast-seo-wordpress\/ -->\n<title>Biblioteca Municipal \u00c1lvaro de Campos integra Projeto Europeu de Combate \u00e0 Desinforma\u00e7\u00e3o - Algarve 7<\/title>\n<meta name=\"description\" content=\"Biblioteca Municipal \u00c1lvaro de Campos integra Projeto Europeu de Combate \u00e0 Desinforma\u00e7\u00e3o Cultura\" \/>\n<meta name=\"robots\" content=\"index, follow, max-snippet:-1, max-image-preview:large, max-video-preview:-1\" \/>\n<link rel=\"canonical\" href=\"https:\/\/algarve7.pt\/index.php\/2025\/01\/biblioteca-municipal-alvaro-de-campos-integra-projeto-europeu-de-combate-a-desinformacao\/cultura\/18\/38\/\" \/>\n<meta property=\"og:locale\" content=\"pt_PT\" \/>\n<meta property=\"og:type\" content=\"article\" \/>\n<meta property=\"og:title\" content=\"Biblioteca Municipal \u00c1lvaro de Campos integra Projeto Europeu de Combate \u00e0 Desinforma\u00e7\u00e3o - Algarve 7\" \/>\n<meta property=\"og:description\" content=\"Biblioteca Municipal \u00c1lvaro de Campos integra Projeto Europeu de Combate \u00e0 Desinforma\u00e7\u00e3o Cultura\" \/>\n<meta property=\"og:url\" content=\"https:\/\/algarve7.pt\/index.php\/2025\/01\/biblioteca-municipal-alvaro-de-campos-integra-projeto-europeu-de-combate-a-desinformacao\/cultura\/18\/38\/\" \/>\n<meta property=\"og:site_name\" content=\"Algarve 7\" \/>\n<meta property=\"article:publisher\" content=\"https:\/\/www.facebook.com\/algarve7\" \/>\n<meta property=\"article:author\" content=\"https:\/\/www.facebook.com\/algarve7\" \/>\n<meta property=\"article:published_time\" content=\"2025-01-08T18:38:42+00:00\" \/>\n<meta property=\"article:modified_time\" content=\"2025-01-08T18:38:45+00:00\" \/>\n<meta property=\"og:image\" content=\"https:\/\/algarve7.pt\/wp-content\/uploads\/2025\/01\/Captura-de-ecra-2025-01-08-as-18.34.34.png\" \/>\n\t<meta property=\"og:image:width\" content=\"800\" \/>\n\t<meta property=\"og:image:height\" content=\"500\" \/>\n\t<meta property=\"og:image:type\" content=\"image\/png\" \/>\n<meta name=\"author\" content=\"Algarve 7\" \/>\n<meta name=\"twitter:card\" content=\"summary_large_image\" \/>\n<meta name=\"twitter:creator\" content=\"@Algarvesete\" \/>\n<meta name=\"twitter:site\" content=\"@Algarvesete\" \/>\n<meta name=\"twitter:label1\" content=\"Escrito por\" \/>\n\t<meta name=\"twitter:data1\" content=\"Algarve 7\" \/>\n\t<meta name=\"twitter:label2\" content=\"Tempo estimado de leitura\" \/>\n\t<meta name=\"twitter:data2\" content=\"2 minutos\" \/>\n<script type=\"application\/ld+json\" class=\"yoast-schema-graph\">{\"@context\":\"https:\\\/\\\/schema.org\",\"@graph\":[{\"@type\":\"Article\",\"@id\":\"https:\\\/\\\/algarve7.pt\\\/index.php\\\/2025\\\/01\\\/biblioteca-municipal-alvaro-de-campos-integra-projeto-europeu-de-combate-a-desinformacao\\\/cultura\\\/18\\\/38\\\/#article\",\"isPartOf\":{\"@id\":\"https:\\\/\\\/algarve7.pt\\\/index.php\\\/2025\\\/01\\\/biblioteca-municipal-alvaro-de-campos-integra-projeto-europeu-de-combate-a-desinformacao\\\/cultura\\\/18\\\/38\\\/\"},\"author\":{\"name\":\"Algarve 7\",\"@id\":\"https:\\\/\\\/algarve7.pt\\\/#\\\/schema\\\/person\\\/23fa70681308e7b319a3204bcea45e0c\"},\"headline\":\"Biblioteca Municipal \u00c1lvaro de Campos integra Projeto Europeu de Combate \u00e0 Desinforma\u00e7\u00e3o\",\"datePublished\":\"2025-01-08T18:38:42+00:00\",\"dateModified\":\"2025-01-08T18:38:45+00:00\",\"mainEntityOfPage\":{\"@id\":\"https:\\\/\\\/algarve7.pt\\\/index.php\\\/2025\\\/01\\\/biblioteca-municipal-alvaro-de-campos-integra-projeto-europeu-de-combate-a-desinformacao\\\/cultura\\\/18\\\/38\\\/\"},\"wordCount\":365,\"publisher\":{\"@id\":\"https:\\\/\\\/algarve7.pt\\\/#organization\"},\"image\":{\"@id\":\"https:\\\/\\\/algarve7.pt\\\/index.php\\\/2025\\\/01\\\/biblioteca-municipal-alvaro-de-campos-integra-projeto-europeu-de-combate-a-desinformacao\\\/cultura\\\/18\\\/38\\\/#primaryimage\"},\"thumbnailUrl\":\"https:\\\/\\\/algarve7.pt\\\/wp-content\\\/uploads\\\/2025\\\/01\\\/Captura-de-ecra-2025-01-08-as-18.34.34.png\",\"keywords\":[\"Algarve\",\"Cultura\",\"Tavira\"],\"articleSection\":[\"Cultura\"],\"inLanguage\":\"pt-PT\"},{\"@type\":\"WebPage\",\"@id\":\"https:\\\/\\\/algarve7.pt\\\/index.php\\\/2025\\\/01\\\/biblioteca-municipal-alvaro-de-campos-integra-projeto-europeu-de-combate-a-desinformacao\\\/cultura\\\/18\\\/38\\\/\",\"url\":\"https:\\\/\\\/algarve7.pt\\\/index.php\\\/2025\\\/01\\\/biblioteca-municipal-alvaro-de-campos-integra-projeto-europeu-de-combate-a-desinformacao\\\/cultura\\\/18\\\/38\\\/\",\"name\":\"Biblioteca Municipal \u00c1lvaro de Campos integra Projeto Europeu de Combate \u00e0 Desinforma\u00e7\u00e3o - Algarve 7\",\"isPartOf\":{\"@id\":\"https:\\\/\\\/algarve7.pt\\\/#website\"},\"primaryImageOfPage\":{\"@id\":\"https:\\\/\\\/algarve7.pt\\\/index.php\\\/2025\\\/01\\\/biblioteca-municipal-alvaro-de-campos-integra-projeto-europeu-de-combate-a-desinformacao\\\/cultura\\\/18\\\/38\\\/#primaryimage\"},\"image\":{\"@id\":\"https:\\\/\\\/algarve7.pt\\\/index.php\\\/2025\\\/01\\\/biblioteca-municipal-alvaro-de-campos-integra-projeto-europeu-de-combate-a-desinformacao\\\/cultura\\\/18\\\/38\\\/#primaryimage\"},\"thumbnailUrl\":\"https:\\\/\\\/algarve7.pt\\\/wp-content\\\/uploads\\\/2025\\\/01\\\/Captura-de-ecra-2025-01-08-as-18.34.34.png\",\"datePublished\":\"2025-01-08T18:38:42+00:00\",\"dateModified\":\"2025-01-08T18:38:45+00:00\",\"description\":\"Biblioteca Municipal \u00c1lvaro de Campos integra Projeto Europeu de Combate \u00e0 Desinforma\u00e7\u00e3o Cultura\",\"breadcrumb\":{\"@id\":\"https:\\\/\\\/algarve7.pt\\\/index.php\\\/2025\\\/01\\\/biblioteca-municipal-alvaro-de-campos-integra-projeto-europeu-de-combate-a-desinformacao\\\/cultura\\\/18\\\/38\\\/#breadcrumb\"},\"inLanguage\":\"pt-PT\",\"potentialAction\":[{\"@type\":\"ReadAction\",\"target\":[\"https:\\\/\\\/algarve7.pt\\\/index.php\\\/2025\\\/01\\\/biblioteca-municipal-alvaro-de-campos-integra-projeto-europeu-de-combate-a-desinformacao\\\/cultura\\\/18\\\/38\\\/\"]}]},{\"@type\":\"ImageObject\",\"inLanguage\":\"pt-PT\",\"@id\":\"https:\\\/\\\/algarve7.pt\\\/index.php\\\/2025\\\/01\\\/biblioteca-municipal-alvaro-de-campos-integra-projeto-europeu-de-combate-a-desinformacao\\\/cultura\\\/18\\\/38\\\/#primaryimage\",\"url\":\"https:\\\/\\\/algarve7.pt\\\/wp-content\\\/uploads\\\/2025\\\/01\\\/Captura-de-ecra-2025-01-08-as-18.34.34.png\",\"contentUrl\":\"https:\\\/\\\/algarve7.pt\\\/wp-content\\\/uploads\\\/2025\\\/01\\\/Captura-de-ecra-2025-01-08-as-18.34.34.png\",\"width\":800,\"height\":500},{\"@type\":\"BreadcrumbList\",\"@id\":\"https:\\\/\\\/algarve7.pt\\\/index.php\\\/2025\\\/01\\\/biblioteca-municipal-alvaro-de-campos-integra-projeto-europeu-de-combate-a-desinformacao\\\/cultura\\\/18\\\/38\\\/#breadcrumb\",\"itemListElement\":[{\"@type\":\"ListItem\",\"position\":1,\"name\":\"In\u00edcio\",\"item\":\"https:\\\/\\\/algarve7.pt\\\/\"},{\"@type\":\"ListItem\",\"position\":2,\"name\":\"Biblioteca Municipal \u00c1lvaro de Campos integra Projeto Europeu de Combate \u00e0 Desinforma\u00e7\u00e3o\"}]},{\"@type\":\"WebSite\",\"@id\":\"https:\\\/\\\/algarve7.pt\\\/#website\",\"url\":\"https:\\\/\\\/algarve7.pt\\\/\",\"name\":\"Algarve 7\",\"description\":\"Informa\u00e7\u00e3o sobre o Algarve\",\"publisher\":{\"@id\":\"https:\\\/\\\/algarve7.pt\\\/#organization\"},\"potentialAction\":[{\"@type\":\"SearchAction\",\"target\":{\"@type\":\"EntryPoint\",\"urlTemplate\":\"https:\\\/\\\/algarve7.pt\\\/?s={search_term_string}\"},\"query-input\":{\"@type\":\"PropertyValueSpecification\",\"valueRequired\":true,\"valueName\":\"search_term_string\"}}],\"inLanguage\":\"pt-PT\"},{\"@type\":\"Organization\",\"@id\":\"https:\\\/\\\/algarve7.pt\\\/#organization\",\"name\":\"Algarve 7\",\"url\":\"https:\\\/\\\/algarve7.pt\\\/\",\"logo\":{\"@type\":\"ImageObject\",\"inLanguage\":\"pt-PT\",\"@id\":\"https:\\\/\\\/algarve7.pt\\\/#\\\/schema\\\/logo\\\/image\\\/\",\"url\":\"https:\\\/\\\/algarve7.pt\\\/wp-content\\\/uploads\\\/2020\\\/10\\\/Logo-8.jpg\",\"contentUrl\":\"https:\\\/\\\/algarve7.pt\\\/wp-content\\\/uploads\\\/2020\\\/10\\\/Logo-8.jpg\",\"width\":1680,\"height\":1186,\"caption\":\"Algarve 7\"},\"image\":{\"@id\":\"https:\\\/\\\/algarve7.pt\\\/#\\\/schema\\\/logo\\\/image\\\/\"},\"sameAs\":[\"https:\\\/\\\/www.facebook.com\\\/algarve7\",\"https:\\\/\\\/x.com\\\/Algarvesete\",\"https:\\\/\\\/www.instagram.com\\\/jornalalgarve7\\\/\",\"https:\\\/\\\/www.linkedin.com\\\/company\\\/algarve7\",\"https:\\\/\\\/www.pinterest.pt\\\/geral0939\\\/_created\\\/\"]},{\"@type\":\"Person\",\"@id\":\"https:\\\/\\\/algarve7.pt\\\/#\\\/schema\\\/person\\\/23fa70681308e7b319a3204bcea45e0c\",\"name\":\"Algarve 7\",\"sameAs\":[\"https:\\\/\\\/algarve7.pt\",\"https:\\\/\\\/www.facebook.com\\\/algarve7\"],\"url\":\"https:\\\/\\\/algarve7.pt\\\/index.php\\\/author\\\/geralalgarve7-pt\\\/\"}]}<\/script>\n<!-- \/ Yoast SEO plugin. -->","yoast_head_json":{"title":"Biblioteca Municipal \u00c1lvaro de Campos integra Projeto Europeu de Combate \u00e0 Desinforma\u00e7\u00e3o - Algarve 7","description":"Biblioteca Municipal \u00c1lvaro de Campos integra Projeto Europeu de Combate \u00e0 Desinforma\u00e7\u00e3o Cultura","robots":{"index":"index","follow":"follow","max-snippet":"max-snippet:-1","max-image-preview":"max-image-preview:large","max-video-preview":"max-video-preview:-1"},"canonical":"https:\/\/algarve7.pt\/index.php\/2025\/01\/biblioteca-municipal-alvaro-de-campos-integra-projeto-europeu-de-combate-a-desinformacao\/cultura\/18\/38\/","og_locale":"pt_PT","og_type":"article","og_title":"Biblioteca Municipal \u00c1lvaro de Campos integra Projeto Europeu de Combate \u00e0 Desinforma\u00e7\u00e3o - Algarve 7","og_description":"Biblioteca Municipal \u00c1lvaro de Campos integra Projeto Europeu de Combate \u00e0 Desinforma\u00e7\u00e3o Cultura","og_url":"https:\/\/algarve7.pt\/index.php\/2025\/01\/biblioteca-municipal-alvaro-de-campos-integra-projeto-europeu-de-combate-a-desinformacao\/cultura\/18\/38\/","og_site_name":"Algarve 7","article_publisher":"https:\/\/www.facebook.com\/algarve7","article_author":"https:\/\/www.facebook.com\/algarve7","article_published_time":"2025-01-08T18:38:42+00:00","article_modified_time":"2025-01-08T18:38:45+00:00","og_image":[{"width":800,"height":500,"url":"https:\/\/algarve7.pt\/wp-content\/uploads\/2025\/01\/Captura-de-ecra-2025-01-08-as-18.34.34.png","type":"image\/png"}],"author":"Algarve 7","twitter_card":"summary_large_image","twitter_creator":"@Algarvesete","twitter_site":"@Algarvesete","twitter_misc":{"Escrito por":"Algarve 7","Tempo estimado de leitura":"2 minutos"},"schema":{"@context":"https:\/\/schema.org","@graph":[{"@type":"Article","@id":"https:\/\/algarve7.pt\/index.php\/2025\/01\/biblioteca-municipal-alvaro-de-campos-integra-projeto-europeu-de-combate-a-desinformacao\/cultura\/18\/38\/#article","isPartOf":{"@id":"https:\/\/algarve7.pt\/index.php\/2025\/01\/biblioteca-municipal-alvaro-de-campos-integra-projeto-europeu-de-combate-a-desinformacao\/cultura\/18\/38\/"},"author":{"name":"Algarve 7","@id":"https:\/\/algarve7.pt\/#\/schema\/person\/23fa70681308e7b319a3204bcea45e0c"},"headline":"Biblioteca Municipal \u00c1lvaro de Campos integra Projeto Europeu de Combate \u00e0 Desinforma\u00e7\u00e3o","datePublished":"2025-01-08T18:38:42+00:00","dateModified":"2025-01-08T18:38:45+00:00","mainEntityOfPage":{"@id":"https:\/\/algarve7.pt\/index.php\/2025\/01\/biblioteca-municipal-alvaro-de-campos-integra-projeto-europeu-de-combate-a-desinformacao\/cultura\/18\/38\/"},"wordCount":365,"publisher":{"@id":"https:\/\/algarve7.pt\/#organization"},"image":{"@id":"https:\/\/algarve7.pt\/index.php\/2025\/01\/biblioteca-municipal-alvaro-de-campos-integra-projeto-europeu-de-combate-a-desinformacao\/cultura\/18\/38\/#primaryimage"},"thumbnailUrl":"https:\/\/algarve7.pt\/wp-content\/uploads\/2025\/01\/Captura-de-ecra-2025-01-08-as-18.34.34.png","keywords":["Algarve","Cultura","Tavira"],"articleSection":["Cultura"],"inLanguage":"pt-PT"},{"@type":"WebPage","@id":"https:\/\/algarve7.pt\/index.php\/2025\/01\/biblioteca-municipal-alvaro-de-campos-integra-projeto-europeu-de-combate-a-desinformacao\/cultura\/18\/38\/","url":"https:\/\/algarve7.pt\/index.php\/2025\/01\/biblioteca-municipal-alvaro-de-campos-integra-projeto-europeu-de-combate-a-desinformacao\/cultura\/18\/38\/","name":"Biblioteca Municipal \u00c1lvaro de Campos integra Projeto Europeu de Combate \u00e0 Desinforma\u00e7\u00e3o - Algarve 7","isPartOf":{"@id":"https:\/\/algarve7.pt\/#website"},"primaryImageOfPage":{"@id":"https:\/\/algarve7.pt\/index.php\/2025\/01\/biblioteca-municipal-alvaro-de-campos-integra-projeto-europeu-de-combate-a-desinformacao\/cultura\/18\/38\/#primaryimage"},"image":{"@id":"https:\/\/algarve7.pt\/index.php\/2025\/01\/biblioteca-municipal-alvaro-de-campos-integra-projeto-europeu-de-combate-a-desinformacao\/cultura\/18\/38\/#primaryimage"},"thumbnailUrl":"https:\/\/algarve7.pt\/wp-content\/uploads\/2025\/01\/Captura-de-ecra-2025-01-08-as-18.34.34.png","datePublished":"2025-01-08T18:38:42+00:00","dateModified":"2025-01-08T18:38:45+00:00","description":"Biblioteca Municipal \u00c1lvaro de Campos integra Projeto Europeu de Combate \u00e0 Desinforma\u00e7\u00e3o Cultura","breadcrumb":{"@id":"https:\/\/algarve7.pt\/index.php\/2025\/01\/biblioteca-municipal-alvaro-de-campos-integra-projeto-europeu-de-combate-a-desinformacao\/cultura\/18\/38\/#breadcrumb"},"inLanguage":"pt-PT","potentialAction":[{"@type":"ReadAction","target":["https:\/\/algarve7.pt\/index.php\/2025\/01\/biblioteca-municipal-alvaro-de-campos-integra-projeto-europeu-de-combate-a-desinformacao\/cultura\/18\/38\/"]}]},{"@type":"ImageObject","inLanguage":"pt-PT","@id":"https:\/\/algarve7.pt\/index.php\/2025\/01\/biblioteca-municipal-alvaro-de-campos-integra-projeto-europeu-de-combate-a-desinformacao\/cultura\/18\/38\/#primaryimage","url":"https:\/\/algarve7.pt\/wp-content\/uploads\/2025\/01\/Captura-de-ecra-2025-01-08-as-18.34.34.png","contentUrl":"https:\/\/algarve7.pt\/wp-content\/uploads\/2025\/01\/Captura-de-ecra-2025-01-08-as-18.34.34.png","width":800,"height":500},{"@type":"BreadcrumbList","@id":"https:\/\/algarve7.pt\/index.php\/2025\/01\/biblioteca-municipal-alvaro-de-campos-integra-projeto-europeu-de-combate-a-desinformacao\/cultura\/18\/38\/#breadcrumb","itemListElement":[{"@type":"ListItem","position":1,"name":"In\u00edcio","item":"https:\/\/algarve7.pt\/"},{"@type":"ListItem","position":2,"name":"Biblioteca Municipal \u00c1lvaro de Campos integra Projeto Europeu de Combate \u00e0 Desinforma\u00e7\u00e3o"}]},{"@type":"WebSite","@id":"https:\/\/algarve7.pt\/#website","url":"https:\/\/algarve7.pt\/","name":"Algarve 7","description":"Informa\u00e7\u00e3o sobre o Algarve","publisher":{"@id":"https:\/\/algarve7.pt\/#organization"},"potentialAction":[{"@type":"SearchAction","target":{"@type":"EntryPoint","urlTemplate":"https:\/\/algarve7.pt\/?s={search_term_string}"},"query-input":{"@type":"PropertyValueSpecification","valueRequired":true,"valueName":"search_term_string"}}],"inLanguage":"pt-PT"},{"@type":"Organization","@id":"https:\/\/algarve7.pt\/#organization","name":"Algarve 7","url":"https:\/\/algarve7.pt\/","logo":{"@type":"ImageObject","inLanguage":"pt-PT","@id":"https:\/\/algarve7.pt\/#\/schema\/logo\/image\/","url":"https:\/\/algarve7.pt\/wp-content\/uploads\/2020\/10\/Logo-8.jpg","contentUrl":"https:\/\/algarve7.pt\/wp-content\/uploads\/2020\/10\/Logo-8.jpg","width":1680,"height":1186,"caption":"Algarve 7"},"image":{"@id":"https:\/\/algarve7.pt\/#\/schema\/logo\/image\/"},"sameAs":["https:\/\/www.facebook.com\/algarve7","https:\/\/x.com\/Algarvesete","https:\/\/www.instagram.com\/jornalalgarve7\/","https:\/\/www.linkedin.com\/company\/algarve7","https:\/\/www.pinterest.pt\/geral0939\/_created\/"]},{"@type":"Person","@id":"https:\/\/algarve7.pt\/#\/schema\/person\/23fa70681308e7b319a3204bcea45e0c","name":"Algarve 7","sameAs":["https:\/\/algarve7.pt","https:\/\/www.facebook.com\/algarve7"],"url":"https:\/\/algarve7.pt\/index.php\/author\/geralalgarve7-pt\/"}]}},"jetpack_publicize_connections":[],"jetpack_featured_media_url":"https:\/\/algarve7.pt\/wp-content\/uploads\/2025\/01\/Captura-de-ecra-2025-01-08-as-18.34.34.png","jetpack_shortlink":"https:\/\/wp.me\/pcezmW-bYD","jetpack_sharing_enabled":true,"_links":{"self":[{"href":"https:\/\/algarve7.pt\/index.php\/wp-json\/wp\/v2\/posts\/46043","targetHints":{"allow":["GET"]}}],"collection":[{"href":"https:\/\/algarve7.pt\/index.php\/wp-json\/wp\/v2\/posts"}],"about":[{"href":"https:\/\/algarve7.pt\/index.php\/wp-json\/wp\/v2\/types\/post"}],"author":[{"embeddable":true,"href":"https:\/\/algarve7.pt\/index.php\/wp-json\/wp\/v2\/users\/1"}],"replies":[{"embeddable":true,"href":"https:\/\/algarve7.pt\/index.php\/wp-json\/wp\/v2\/comments?post=46043"}],"version-history":[{"count":0,"href":"https:\/\/algarve7.pt\/index.php\/wp-json\/wp\/v2\/posts\/46043\/revisions"}],"wp:featuredmedia":[{"embeddable":true,"href":"https:\/\/algarve7.pt\/index.php\/wp-json\/wp\/v2\/media\/46044"}],"wp:attachment":[{"href":"https:\/\/algarve7.pt\/index.php\/wp-json\/wp\/v2\/media?parent=46043"}],"wp:term":[{"taxonomy":"category","embeddable":true,"href":"https:\/\/algarve7.pt\/index.php\/wp-json\/wp\/v2\/categories?post=46043"},{"taxonomy":"post_tag","embeddable":true,"href":"https:\/\/algarve7.pt\/index.php\/wp-json\/wp\/v2\/tags?post=46043"}],"curies":[{"name":"wp","href":"https:\/\/api.w.org\/{rel}","templated":true}]}}