{"id":46037,"date":"2025-01-08T15:06:16","date_gmt":"2025-01-08T15:06:16","guid":{"rendered":"https:\/\/algarve7.pt\/?p=46037"},"modified":"2025-01-08T15:06:20","modified_gmt":"2025-01-08T15:06:20","slug":"ualg-conquista-selo-estudante-atleta-do-ensino-superior-2024-2026","status":"publish","type":"post","link":"https:\/\/algarve7.pt\/index.php\/2025\/01\/ualg-conquista-selo-estudante-atleta-do-ensino-superior-2024-2026\/desporto\/15\/06\/","title":{"rendered":"UAlg conquista Selo Estudante-Atleta do Ensino Superior 2024-2026"},"content":{"rendered":"\n<p><strong>O Instituto Portugu\u00eas do Desporto e Juventude distinguiu a Universidade do Algarve (UAlg)) com o Selo Estudante-Atleta do Ensino Superior. Na segunda edi\u00e7\u00e3o da iniciativa, referente ao tri\u00e9nio 2024-2026, o t\u00edtulo foi atribu\u00eddo a 7&nbsp;das 12 entidades candidatas, tendo a UAlg&nbsp;obtido a classifica\u00e7\u00e3o de 74 pontos.<\/strong><\/p>\n\n\n\n<p>Para o IPDJ, a atribui\u00e7\u00e3o deste selo \u00e9 um reflexo do compromisso da Universidade do Algarve com a integra\u00e7\u00e3o da pr\u00e1tica desportiva no ambiente acad\u00e9mico, criando condi\u00e7\u00f5es para que os estudantes possam alcan\u00e7ar elevados padr\u00f5es de desempenho, tanto nos estudos, como nas modalidades desportivas em representa\u00e7\u00e3o das suas Institui\u00e7\u00f5es de Ensino Superior (IES). Segundo o IPDJ, \u201ceste reconhecimento \u00e9 apenas mais um est\u00edmulo ao apoio cont\u00ednuo de todos os envolvidos na promo\u00e7\u00e3o do desporto no ensino superior, em particular aos estudantes-atletas, cuja dedica\u00e7\u00e3o e esfor\u00e7o s\u00e3o o motor para a cria\u00e7\u00e3o de melhores condi\u00e7\u00f5es para a pr\u00e1tica desportiva em contexto acad\u00e9mico.\u201d<\/p>\n\n\n\n<p>A atribui\u00e7\u00e3o do Selo Estudante-Atleta resulta da avalia\u00e7\u00e3o das candidaturas submetidas pelas Institui\u00e7\u00f5es de Ensino Superior (IES), numa pondera\u00e7\u00e3o m\u00ednima de 70 pontos, no conjunto das pontua\u00e7\u00f5es obtidas nos diferentes crit\u00e9rios elencados. Para a atribui\u00e7\u00e3o do Selo \u00e9 considerada a implementa\u00e7\u00e3o de condi\u00e7\u00f5es suportadas em regulamenta\u00e7\u00e3o pr\u00f3pria, metodologias, infraestruturas, recursos, instrumentos e iniciativas que se destinem ao efetivo apoio estrutural do estudante-atleta.<\/p>\n\n\n\n<p>Este selo reconhece o esfor\u00e7o cont\u00ednuo da institui\u00e7\u00e3o em promover a excel\u00eancia nas condi\u00e7\u00f5es para a pr\u00e1tica desportiva e para o simult\u00e2neo desenvolvimento acad\u00e9mico dos seus estudantes-atletas.<\/p>\n","protected":false},"excerpt":{"rendered":"<p>O Instituto Portugu\u00eas do Desporto e Juventude distinguiu a Universidade do Algarve (UAlg)) com o Selo Estudante-Atleta do Ensino Superior.<\/p>\n","protected":false},"author":1,"featured_media":46038,"comment_status":"closed","ping_status":"closed","sticky":false,"template":"","format":"standard","meta":{"colormag_page_container_layout":"default_layout","colormag_page_sidebar_layout":"default_layout","_monsterinsights_skip_tracking":false,"_monsterinsights_sitenote_active":false,"_monsterinsights_sitenote_note":"","_monsterinsights_sitenote_category":0,"jetpack_post_was_ever_published":false,"_jetpack_newsletter_access":"","_jetpack_dont_email_post_to_subs":false,"_jetpack_newsletter_tier_id":0,"_jetpack_memberships_contains_paywalled_content":false,"_jetpack_memberships_contains_paid_content":false,"footnotes":"","jetpack_publicize_message":"","jetpack_publicize_feature_enabled":true,"jetpack_social_post_already_shared":true,"jetpack_social_options":{"image_generator_settings":{"template":"highway","default_image_id":0,"font":"","enabled":false},"version":2}},"categories":[15],"tags":[36,40,182],"class_list":["post-46037","post","type-post","status-publish","format-standard","has-post-thumbnail","hentry","category-desporto","tag-algarve","tag-desporto","tag-ualg"],"yoast_head":"<!-- This site is optimized with the Yoast SEO plugin v27.5 - https:\/\/yoast.com\/product\/yoast-seo-wordpress\/ -->\n<title>UAlg conquista Selo Estudante-Atleta do Ensino Superior 2024-2026 - Algarve 7<\/title>\n<meta name=\"description\" content=\"UAlg conquista Selo Estudante-Atleta do Ensino Superior 2024-2026 Desporto\" \/>\n<meta name=\"robots\" content=\"index, follow, max-snippet:-1, max-image-preview:large, max-video-preview:-1\" \/>\n<link rel=\"canonical\" href=\"https:\/\/algarve7.pt\/index.php\/2025\/01\/ualg-conquista-selo-estudante-atleta-do-ensino-superior-2024-2026\/desporto\/15\/06\/\" \/>\n<meta property=\"og:locale\" content=\"pt_PT\" \/>\n<meta property=\"og:type\" content=\"article\" \/>\n<meta property=\"og:title\" content=\"UAlg conquista Selo Estudante-Atleta do Ensino Superior 2024-2026 - Algarve 7\" \/>\n<meta property=\"og:description\" content=\"UAlg conquista Selo Estudante-Atleta do Ensino Superior 2024-2026 Desporto\" \/>\n<meta property=\"og:url\" content=\"https:\/\/algarve7.pt\/index.php\/2025\/01\/ualg-conquista-selo-estudante-atleta-do-ensino-superior-2024-2026\/desporto\/15\/06\/\" \/>\n<meta property=\"og:site_name\" content=\"Algarve 7\" \/>\n<meta property=\"article:publisher\" content=\"https:\/\/www.facebook.com\/algarve7\" \/>\n<meta property=\"article:author\" content=\"https:\/\/www.facebook.com\/algarve7\" \/>\n<meta property=\"article:published_time\" content=\"2025-01-08T15:06:16+00:00\" \/>\n<meta property=\"article:modified_time\" content=\"2025-01-08T15:06:20+00:00\" \/>\n<meta property=\"og:image\" content=\"https:\/\/algarve7.pt\/wp-content\/uploads\/2025\/01\/primage_77470.jpeg\" \/>\n\t<meta property=\"og:image:width\" content=\"800\" \/>\n\t<meta property=\"og:image:height\" content=\"500\" \/>\n\t<meta property=\"og:image:type\" content=\"image\/jpeg\" \/>\n<meta name=\"author\" content=\"Algarve 7\" \/>\n<meta name=\"twitter:card\" content=\"summary_large_image\" \/>\n<meta name=\"twitter:creator\" content=\"@Algarvesete\" \/>\n<meta name=\"twitter:site\" content=\"@Algarvesete\" \/>\n<meta name=\"twitter:label1\" content=\"Escrito por\" \/>\n\t<meta name=\"twitter:data1\" content=\"Algarve 7\" \/>\n\t<meta name=\"twitter:label2\" content=\"Tempo estimado de leitura\" \/>\n\t<meta name=\"twitter:data2\" content=\"2 minutos\" \/>\n<script type=\"application\/ld+json\" class=\"yoast-schema-graph\">{\"@context\":\"https:\\\/\\\/schema.org\",\"@graph\":[{\"@type\":\"Article\",\"@id\":\"https:\\\/\\\/algarve7.pt\\\/index.php\\\/2025\\\/01\\\/ualg-conquista-selo-estudante-atleta-do-ensino-superior-2024-2026\\\/desporto\\\/15\\\/06\\\/#article\",\"isPartOf\":{\"@id\":\"https:\\\/\\\/algarve7.pt\\\/index.php\\\/2025\\\/01\\\/ualg-conquista-selo-estudante-atleta-do-ensino-superior-2024-2026\\\/desporto\\\/15\\\/06\\\/\"},\"author\":{\"name\":\"Algarve 7\",\"@id\":\"https:\\\/\\\/algarve7.pt\\\/#\\\/schema\\\/person\\\/23fa70681308e7b319a3204bcea45e0c\"},\"headline\":\"UAlg conquista Selo Estudante-Atleta do Ensino Superior 2024-2026\",\"datePublished\":\"2025-01-08T15:06:16+00:00\",\"dateModified\":\"2025-01-08T15:06:20+00:00\",\"mainEntityOfPage\":{\"@id\":\"https:\\\/\\\/algarve7.pt\\\/index.php\\\/2025\\\/01\\\/ualg-conquista-selo-estudante-atleta-do-ensino-superior-2024-2026\\\/desporto\\\/15\\\/06\\\/\"},\"wordCount\":286,\"publisher\":{\"@id\":\"https:\\\/\\\/algarve7.pt\\\/#organization\"},\"image\":{\"@id\":\"https:\\\/\\\/algarve7.pt\\\/index.php\\\/2025\\\/01\\\/ualg-conquista-selo-estudante-atleta-do-ensino-superior-2024-2026\\\/desporto\\\/15\\\/06\\\/#primaryimage\"},\"thumbnailUrl\":\"https:\\\/\\\/algarve7.pt\\\/wp-content\\\/uploads\\\/2025\\\/01\\\/primage_77470.jpeg\",\"keywords\":[\"Algarve\",\"Desporto\",\"UALG\"],\"articleSection\":[\"Desporto\"],\"inLanguage\":\"pt-PT\"},{\"@type\":\"WebPage\",\"@id\":\"https:\\\/\\\/algarve7.pt\\\/index.php\\\/2025\\\/01\\\/ualg-conquista-selo-estudante-atleta-do-ensino-superior-2024-2026\\\/desporto\\\/15\\\/06\\\/\",\"url\":\"https:\\\/\\\/algarve7.pt\\\/index.php\\\/2025\\\/01\\\/ualg-conquista-selo-estudante-atleta-do-ensino-superior-2024-2026\\\/desporto\\\/15\\\/06\\\/\",\"name\":\"UAlg conquista Selo Estudante-Atleta do Ensino Superior 2024-2026 - Algarve 7\",\"isPartOf\":{\"@id\":\"https:\\\/\\\/algarve7.pt\\\/#website\"},\"primaryImageOfPage\":{\"@id\":\"https:\\\/\\\/algarve7.pt\\\/index.php\\\/2025\\\/01\\\/ualg-conquista-selo-estudante-atleta-do-ensino-superior-2024-2026\\\/desporto\\\/15\\\/06\\\/#primaryimage\"},\"image\":{\"@id\":\"https:\\\/\\\/algarve7.pt\\\/index.php\\\/2025\\\/01\\\/ualg-conquista-selo-estudante-atleta-do-ensino-superior-2024-2026\\\/desporto\\\/15\\\/06\\\/#primaryimage\"},\"thumbnailUrl\":\"https:\\\/\\\/algarve7.pt\\\/wp-content\\\/uploads\\\/2025\\\/01\\\/primage_77470.jpeg\",\"datePublished\":\"2025-01-08T15:06:16+00:00\",\"dateModified\":\"2025-01-08T15:06:20+00:00\",\"description\":\"UAlg conquista Selo Estudante-Atleta do Ensino Superior 2024-2026 Desporto\",\"breadcrumb\":{\"@id\":\"https:\\\/\\\/algarve7.pt\\\/index.php\\\/2025\\\/01\\\/ualg-conquista-selo-estudante-atleta-do-ensino-superior-2024-2026\\\/desporto\\\/15\\\/06\\\/#breadcrumb\"},\"inLanguage\":\"pt-PT\",\"potentialAction\":[{\"@type\":\"ReadAction\",\"target\":[\"https:\\\/\\\/algarve7.pt\\\/index.php\\\/2025\\\/01\\\/ualg-conquista-selo-estudante-atleta-do-ensino-superior-2024-2026\\\/desporto\\\/15\\\/06\\\/\"]}]},{\"@type\":\"ImageObject\",\"inLanguage\":\"pt-PT\",\"@id\":\"https:\\\/\\\/algarve7.pt\\\/index.php\\\/2025\\\/01\\\/ualg-conquista-selo-estudante-atleta-do-ensino-superior-2024-2026\\\/desporto\\\/15\\\/06\\\/#primaryimage\",\"url\":\"https:\\\/\\\/algarve7.pt\\\/wp-content\\\/uploads\\\/2025\\\/01\\\/primage_77470.jpeg\",\"contentUrl\":\"https:\\\/\\\/algarve7.pt\\\/wp-content\\\/uploads\\\/2025\\\/01\\\/primage_77470.jpeg\",\"width\":800,\"height\":500},{\"@type\":\"BreadcrumbList\",\"@id\":\"https:\\\/\\\/algarve7.pt\\\/index.php\\\/2025\\\/01\\\/ualg-conquista-selo-estudante-atleta-do-ensino-superior-2024-2026\\\/desporto\\\/15\\\/06\\\/#breadcrumb\",\"itemListElement\":[{\"@type\":\"ListItem\",\"position\":1,\"name\":\"In\u00edcio\",\"item\":\"https:\\\/\\\/algarve7.pt\\\/\"},{\"@type\":\"ListItem\",\"position\":2,\"name\":\"UAlg conquista Selo Estudante-Atleta do Ensino Superior 2024-2026\"}]},{\"@type\":\"WebSite\",\"@id\":\"https:\\\/\\\/algarve7.pt\\\/#website\",\"url\":\"https:\\\/\\\/algarve7.pt\\\/\",\"name\":\"Algarve 7\",\"description\":\"Informa\u00e7\u00e3o sobre o Algarve\",\"publisher\":{\"@id\":\"https:\\\/\\\/algarve7.pt\\\/#organization\"},\"potentialAction\":[{\"@type\":\"SearchAction\",\"target\":{\"@type\":\"EntryPoint\",\"urlTemplate\":\"https:\\\/\\\/algarve7.pt\\\/?s={search_term_string}\"},\"query-input\":{\"@type\":\"PropertyValueSpecification\",\"valueRequired\":true,\"valueName\":\"search_term_string\"}}],\"inLanguage\":\"pt-PT\"},{\"@type\":\"Organization\",\"@id\":\"https:\\\/\\\/algarve7.pt\\\/#organization\",\"name\":\"Algarve 7\",\"url\":\"https:\\\/\\\/algarve7.pt\\\/\",\"logo\":{\"@type\":\"ImageObject\",\"inLanguage\":\"pt-PT\",\"@id\":\"https:\\\/\\\/algarve7.pt\\\/#\\\/schema\\\/logo\\\/image\\\/\",\"url\":\"https:\\\/\\\/algarve7.pt\\\/wp-content\\\/uploads\\\/2020\\\/10\\\/Logo-8.jpg\",\"contentUrl\":\"https:\\\/\\\/algarve7.pt\\\/wp-content\\\/uploads\\\/2020\\\/10\\\/Logo-8.jpg\",\"width\":1680,\"height\":1186,\"caption\":\"Algarve 7\"},\"image\":{\"@id\":\"https:\\\/\\\/algarve7.pt\\\/#\\\/schema\\\/logo\\\/image\\\/\"},\"sameAs\":[\"https:\\\/\\\/www.facebook.com\\\/algarve7\",\"https:\\\/\\\/x.com\\\/Algarvesete\",\"https:\\\/\\\/www.instagram.com\\\/jornalalgarve7\\\/\",\"https:\\\/\\\/www.linkedin.com\\\/company\\\/algarve7\",\"https:\\\/\\\/www.pinterest.pt\\\/geral0939\\\/_created\\\/\"]},{\"@type\":\"Person\",\"@id\":\"https:\\\/\\\/algarve7.pt\\\/#\\\/schema\\\/person\\\/23fa70681308e7b319a3204bcea45e0c\",\"name\":\"Algarve 7\",\"sameAs\":[\"https:\\\/\\\/algarve7.pt\",\"https:\\\/\\\/www.facebook.com\\\/algarve7\"],\"url\":\"https:\\\/\\\/algarve7.pt\\\/index.php\\\/author\\\/geralalgarve7-pt\\\/\"}]}<\/script>\n<!-- \/ Yoast SEO plugin. -->","yoast_head_json":{"title":"UAlg conquista Selo Estudante-Atleta do Ensino Superior 2024-2026 - Algarve 7","description":"UAlg conquista Selo Estudante-Atleta do Ensino Superior 2024-2026 Desporto","robots":{"index":"index","follow":"follow","max-snippet":"max-snippet:-1","max-image-preview":"max-image-preview:large","max-video-preview":"max-video-preview:-1"},"canonical":"https:\/\/algarve7.pt\/index.php\/2025\/01\/ualg-conquista-selo-estudante-atleta-do-ensino-superior-2024-2026\/desporto\/15\/06\/","og_locale":"pt_PT","og_type":"article","og_title":"UAlg conquista Selo Estudante-Atleta do Ensino Superior 2024-2026 - Algarve 7","og_description":"UAlg conquista Selo Estudante-Atleta do Ensino Superior 2024-2026 Desporto","og_url":"https:\/\/algarve7.pt\/index.php\/2025\/01\/ualg-conquista-selo-estudante-atleta-do-ensino-superior-2024-2026\/desporto\/15\/06\/","og_site_name":"Algarve 7","article_publisher":"https:\/\/www.facebook.com\/algarve7","article_author":"https:\/\/www.facebook.com\/algarve7","article_published_time":"2025-01-08T15:06:16+00:00","article_modified_time":"2025-01-08T15:06:20+00:00","og_image":[{"width":800,"height":500,"url":"https:\/\/algarve7.pt\/wp-content\/uploads\/2025\/01\/primage_77470.jpeg","type":"image\/jpeg"}],"author":"Algarve 7","twitter_card":"summary_large_image","twitter_creator":"@Algarvesete","twitter_site":"@Algarvesete","twitter_misc":{"Escrito por":"Algarve 7","Tempo estimado de leitura":"2 minutos"},"schema":{"@context":"https:\/\/schema.org","@graph":[{"@type":"Article","@id":"https:\/\/algarve7.pt\/index.php\/2025\/01\/ualg-conquista-selo-estudante-atleta-do-ensino-superior-2024-2026\/desporto\/15\/06\/#article","isPartOf":{"@id":"https:\/\/algarve7.pt\/index.php\/2025\/01\/ualg-conquista-selo-estudante-atleta-do-ensino-superior-2024-2026\/desporto\/15\/06\/"},"author":{"name":"Algarve 7","@id":"https:\/\/algarve7.pt\/#\/schema\/person\/23fa70681308e7b319a3204bcea45e0c"},"headline":"UAlg conquista Selo Estudante-Atleta do Ensino Superior 2024-2026","datePublished":"2025-01-08T15:06:16+00:00","dateModified":"2025-01-08T15:06:20+00:00","mainEntityOfPage":{"@id":"https:\/\/algarve7.pt\/index.php\/2025\/01\/ualg-conquista-selo-estudante-atleta-do-ensino-superior-2024-2026\/desporto\/15\/06\/"},"wordCount":286,"publisher":{"@id":"https:\/\/algarve7.pt\/#organization"},"image":{"@id":"https:\/\/algarve7.pt\/index.php\/2025\/01\/ualg-conquista-selo-estudante-atleta-do-ensino-superior-2024-2026\/desporto\/15\/06\/#primaryimage"},"thumbnailUrl":"https:\/\/algarve7.pt\/wp-content\/uploads\/2025\/01\/primage_77470.jpeg","keywords":["Algarve","Desporto","UALG"],"articleSection":["Desporto"],"inLanguage":"pt-PT"},{"@type":"WebPage","@id":"https:\/\/algarve7.pt\/index.php\/2025\/01\/ualg-conquista-selo-estudante-atleta-do-ensino-superior-2024-2026\/desporto\/15\/06\/","url":"https:\/\/algarve7.pt\/index.php\/2025\/01\/ualg-conquista-selo-estudante-atleta-do-ensino-superior-2024-2026\/desporto\/15\/06\/","name":"UAlg conquista Selo Estudante-Atleta do Ensino Superior 2024-2026 - Algarve 7","isPartOf":{"@id":"https:\/\/algarve7.pt\/#website"},"primaryImageOfPage":{"@id":"https:\/\/algarve7.pt\/index.php\/2025\/01\/ualg-conquista-selo-estudante-atleta-do-ensino-superior-2024-2026\/desporto\/15\/06\/#primaryimage"},"image":{"@id":"https:\/\/algarve7.pt\/index.php\/2025\/01\/ualg-conquista-selo-estudante-atleta-do-ensino-superior-2024-2026\/desporto\/15\/06\/#primaryimage"},"thumbnailUrl":"https:\/\/algarve7.pt\/wp-content\/uploads\/2025\/01\/primage_77470.jpeg","datePublished":"2025-01-08T15:06:16+00:00","dateModified":"2025-01-08T15:06:20+00:00","description":"UAlg conquista Selo Estudante-Atleta do Ensino Superior 2024-2026 Desporto","breadcrumb":{"@id":"https:\/\/algarve7.pt\/index.php\/2025\/01\/ualg-conquista-selo-estudante-atleta-do-ensino-superior-2024-2026\/desporto\/15\/06\/#breadcrumb"},"inLanguage":"pt-PT","potentialAction":[{"@type":"ReadAction","target":["https:\/\/algarve7.pt\/index.php\/2025\/01\/ualg-conquista-selo-estudante-atleta-do-ensino-superior-2024-2026\/desporto\/15\/06\/"]}]},{"@type":"ImageObject","inLanguage":"pt-PT","@id":"https:\/\/algarve7.pt\/index.php\/2025\/01\/ualg-conquista-selo-estudante-atleta-do-ensino-superior-2024-2026\/desporto\/15\/06\/#primaryimage","url":"https:\/\/algarve7.pt\/wp-content\/uploads\/2025\/01\/primage_77470.jpeg","contentUrl":"https:\/\/algarve7.pt\/wp-content\/uploads\/2025\/01\/primage_77470.jpeg","width":800,"height":500},{"@type":"BreadcrumbList","@id":"https:\/\/algarve7.pt\/index.php\/2025\/01\/ualg-conquista-selo-estudante-atleta-do-ensino-superior-2024-2026\/desporto\/15\/06\/#breadcrumb","itemListElement":[{"@type":"ListItem","position":1,"name":"In\u00edcio","item":"https:\/\/algarve7.pt\/"},{"@type":"ListItem","position":2,"name":"UAlg conquista Selo Estudante-Atleta do Ensino Superior 2024-2026"}]},{"@type":"WebSite","@id":"https:\/\/algarve7.pt\/#website","url":"https:\/\/algarve7.pt\/","name":"Algarve 7","description":"Informa\u00e7\u00e3o sobre o Algarve","publisher":{"@id":"https:\/\/algarve7.pt\/#organization"},"potentialAction":[{"@type":"SearchAction","target":{"@type":"EntryPoint","urlTemplate":"https:\/\/algarve7.pt\/?s={search_term_string}"},"query-input":{"@type":"PropertyValueSpecification","valueRequired":true,"valueName":"search_term_string"}}],"inLanguage":"pt-PT"},{"@type":"Organization","@id":"https:\/\/algarve7.pt\/#organization","name":"Algarve 7","url":"https:\/\/algarve7.pt\/","logo":{"@type":"ImageObject","inLanguage":"pt-PT","@id":"https:\/\/algarve7.pt\/#\/schema\/logo\/image\/","url":"https:\/\/algarve7.pt\/wp-content\/uploads\/2020\/10\/Logo-8.jpg","contentUrl":"https:\/\/algarve7.pt\/wp-content\/uploads\/2020\/10\/Logo-8.jpg","width":1680,"height":1186,"caption":"Algarve 7"},"image":{"@id":"https:\/\/algarve7.pt\/#\/schema\/logo\/image\/"},"sameAs":["https:\/\/www.facebook.com\/algarve7","https:\/\/x.com\/Algarvesete","https:\/\/www.instagram.com\/jornalalgarve7\/","https:\/\/www.linkedin.com\/company\/algarve7","https:\/\/www.pinterest.pt\/geral0939\/_created\/"]},{"@type":"Person","@id":"https:\/\/algarve7.pt\/#\/schema\/person\/23fa70681308e7b319a3204bcea45e0c","name":"Algarve 7","sameAs":["https:\/\/algarve7.pt","https:\/\/www.facebook.com\/algarve7"],"url":"https:\/\/algarve7.pt\/index.php\/author\/geralalgarve7-pt\/"}]}},"jetpack_publicize_connections":[],"jetpack_featured_media_url":"https:\/\/algarve7.pt\/wp-content\/uploads\/2025\/01\/primage_77470.jpeg","jetpack_shortlink":"https:\/\/wp.me\/pcezmW-bYx","jetpack_sharing_enabled":true,"_links":{"self":[{"href":"https:\/\/algarve7.pt\/index.php\/wp-json\/wp\/v2\/posts\/46037","targetHints":{"allow":["GET"]}}],"collection":[{"href":"https:\/\/algarve7.pt\/index.php\/wp-json\/wp\/v2\/posts"}],"about":[{"href":"https:\/\/algarve7.pt\/index.php\/wp-json\/wp\/v2\/types\/post"}],"author":[{"embeddable":true,"href":"https:\/\/algarve7.pt\/index.php\/wp-json\/wp\/v2\/users\/1"}],"replies":[{"embeddable":true,"href":"https:\/\/algarve7.pt\/index.php\/wp-json\/wp\/v2\/comments?post=46037"}],"version-history":[{"count":0,"href":"https:\/\/algarve7.pt\/index.php\/wp-json\/wp\/v2\/posts\/46037\/revisions"}],"wp:featuredmedia":[{"embeddable":true,"href":"https:\/\/algarve7.pt\/index.php\/wp-json\/wp\/v2\/media\/46038"}],"wp:attachment":[{"href":"https:\/\/algarve7.pt\/index.php\/wp-json\/wp\/v2\/media?parent=46037"}],"wp:term":[{"taxonomy":"category","embeddable":true,"href":"https:\/\/algarve7.pt\/index.php\/wp-json\/wp\/v2\/categories?post=46037"},{"taxonomy":"post_tag","embeddable":true,"href":"https:\/\/algarve7.pt\/index.php\/wp-json\/wp\/v2\/tags?post=46037"}],"curies":[{"name":"wp","href":"https:\/\/api.w.org\/{rel}","templated":true}]}}