{"id":45900,"date":"2025-01-03T13:05:26","date_gmt":"2025-01-03T13:05:26","guid":{"rendered":"https:\/\/algarve7.pt\/?p=45900"},"modified":"2025-01-03T13:05:28","modified_gmt":"2025-01-03T13:05:28","slug":"plas-veredas-de-monchique","status":"publish","type":"post","link":"https:\/\/algarve7.pt\/index.php\/2025\/01\/plas-veredas-de-monchique\/desporto\/13\/05\/","title":{"rendered":"P\u2019las Veredas de Monchique\u00a0"},"content":{"rendered":"\n<p>Com o intuito de explorar os trilhos pedestres do concelho de Monchique, o Munic\u00edpio de Monchique, atrav\u00e9s do Setor de Desporto e Juventude, promove o programa \u201cP\u2019las Veredas de Monchique\u201d. O objetivo passa por cumprir os trilhos\/rotas no menor tempo poss\u00edvel em regime de marcha ou corrida-trail.<\/p>\n\n\n\n<p>Inscri\u00e7\u00e3o no programaA inscri\u00e7\u00e3o no programa P&#8217;las Veredas de Monchique &#8211; \u00c9poca 2024\/2025 tem um valor de 7,07\u20ac (taxa de seguro), que permite o acesso a todas as atividades deste programa. A inscri\u00e7\u00e3o no programa \u00e9 realizada atrav\u00e9s do formul\u00e1rio seguinte:\u00a0<a href=\"https:\/\/forms.office.com\/r\/GRaKtBz2me\" target=\"_blank\" rel=\"noreferrer noopener\">https:\/\/forms.office.com\/r\/GRaKtBz2me<\/a><\/p>\n\n\n\n<p>As inscri\u00e7\u00f5es devem ser, obrigatoriamente,&nbsp;realizadas at\u00e9 \u00e0s 17h00 da sexta-feira anterior \u00e0 atividade. No ato da inscri\u00e7\u00e3o, \u00e9 impreter\u00edvel que forne\u00e7a os seguintes dados: nome completo, data de nascimento, contacto de telem\u00f3vel e endere\u00e7o de e-mail.<\/p>\n\n\n\n<p><a href=\"https:\/\/cms.cm-monchique.pt\/upload_files\/client_id_1\/website_id_1\/Servicos_Municipais\/Desporto\/Veredas_Monchique\/veredas2024\/programa%C3%A7%C3%A3o.pdf\" target=\"_blank\" rel=\"noreferrer noopener\">Programa 2024\/25<\/a><\/p>\n\n\n\n<p>Informa\u00e7\u00f5es:\u00a0<a href=\"https:\/\/cm-monchique.pt\/pt\/menu\/404\/plas-veredas-de-monchique.aspx\" target=\"_blank\" rel=\"noreferrer noopener\">https:\/\/cm-monchique.pt\/pt\/menu\/404\/plas-veredas-de-monchique.aspx<\/a>\u00a0<\/p>\n\n\n\n<p>Informa\u00e7\u00f5es sobre as atividades1) O n\u00edvel de dificuldade varia em fun\u00e7\u00e3o da condi\u00e7\u00e3o f\u00edsica do praticante. O grau de dificuldade mencionado no calend\u00e1rio tem como refer\u00eancia um indiv\u00edduo adulto, saud\u00e1vel e que pratica regularmente desporto, exerc\u00edcio f\u00edsico ou atividade f\u00edsica.2) Os percursos t\u00eam as seguintes caracter\u00edsticas: sinuosos; subidas e descidas ingremes; terreno inst\u00e1vel com folhas, pedras soltas, ramos de \u00e1rvores, etc.3) N\u00e3o h\u00e1 viatura de apoio.4) Atividade cont\u00ednua, sem paragens, devendo ser realizada no menor tempo poss\u00edvel.5) \u00c9 essencial levar: roupa e cal\u00e7ado confort\u00e1vel; acess\u00f3rios adequados \u00e0s condi\u00e7\u00f5es clim\u00e1ticas; \u00e1gua; refor\u00e7o alimentar; telem\u00f3vel.6) As atividades s\u00f3 se realizam havendo um m\u00ednimo de 5 participantes inscritos.7) Informa\u00e7\u00f5es dos percursos em:\u00a0<a href=\"https:\/\/viaalgarviana.org\/menu\/67\/pequenas-rotas\" target=\"_blank\" rel=\"noreferrer noopener\">https:\/\/viaalgarviana.org\/menu\/67\/pequenas-rotas<\/a>\u00a0|\u00a0<a href=\"https:\/\/viaalgarviana.org\/menu\/65\/gr13---via-algarviana\" target=\"_blank\" rel=\"noreferrer noopener\">https:\/\/viaalgarviana.org\/menu\/65\/gr13&#8212;via-algarviana<\/a>\u00a0<\/p>\n\n\n\n<p>Contactos para outras informa\u00e7\u00f5es ou esclarecimentosTelefone: 282 910 234E-mail: desporto@cm-monchique.pt<\/p>\n\n\n\n<figure class=\"wp-block-image aligncenter size-large\"><img loading=\"lazy\" decoding=\"async\" width=\"368\" height=\"520\" src=\"https:\/\/algarve7.pt\/wp-content\/uploads\/2025\/01\/Cartaz-page-001-368x520.jpg\" alt=\"\" class=\"wp-image-45901\" srcset=\"https:\/\/algarve7.pt\/wp-content\/uploads\/2025\/01\/Cartaz-page-001-368x520.jpg 368w, https:\/\/algarve7.pt\/wp-content\/uploads\/2025\/01\/Cartaz-page-001-212x300.jpg 212w, https:\/\/algarve7.pt\/wp-content\/uploads\/2025\/01\/Cartaz-page-001-768x1086.jpg 768w, https:\/\/algarve7.pt\/wp-content\/uploads\/2025\/01\/Cartaz-page-001-1086x1536.jpg 1086w, https:\/\/algarve7.pt\/wp-content\/uploads\/2025\/01\/Cartaz-page-001.jpg 1240w\" sizes=\"auto, (max-width: 368px) 100vw, 368px\" \/><\/figure>\n","protected":false},"excerpt":{"rendered":"<p>Com o intuito de explorar os trilhos pedestres do concelho de Monchique, o Munic\u00edpio de Monchique, atrav\u00e9s do Setor de<\/p>\n","protected":false},"author":1,"featured_media":45902,"comment_status":"closed","ping_status":"closed","sticky":false,"template":"","format":"standard","meta":{"colormag_page_container_layout":"default_layout","colormag_page_sidebar_layout":"default_layout","_monsterinsights_skip_tracking":false,"_monsterinsights_sitenote_active":false,"_monsterinsights_sitenote_note":"","_monsterinsights_sitenote_category":0,"jetpack_post_was_ever_published":false,"_jetpack_newsletter_access":"","_jetpack_dont_email_post_to_subs":false,"_jetpack_newsletter_tier_id":0,"_jetpack_memberships_contains_paywalled_content":false,"_jetpack_memberships_contains_paid_content":false,"footnotes":"","jetpack_publicize_message":"","jetpack_publicize_feature_enabled":true,"jetpack_social_post_already_shared":true,"jetpack_social_options":{"image_generator_settings":{"template":"highway","default_image_id":0,"font":"","enabled":false},"version":2}},"categories":[15],"tags":[36,40,171],"class_list":["post-45900","post","type-post","status-publish","format-standard","has-post-thumbnail","hentry","category-desporto","tag-algarve","tag-desporto","tag-monchique"],"yoast_head":"<!-- This site is optimized with the Yoast SEO plugin v27.5 - https:\/\/yoast.com\/product\/yoast-seo-wordpress\/ -->\n<title>P\u2019las Veredas de Monchique\u00a0 - Algarve 7<\/title>\n<meta name=\"description\" content=\"P\u2019las Veredas de Monchique\u00a0 Desporto\" \/>\n<meta name=\"robots\" content=\"index, follow, max-snippet:-1, max-image-preview:large, max-video-preview:-1\" \/>\n<link rel=\"canonical\" href=\"https:\/\/algarve7.pt\/index.php\/2025\/01\/plas-veredas-de-monchique\/desporto\/13\/05\/\" \/>\n<meta property=\"og:locale\" content=\"pt_PT\" \/>\n<meta property=\"og:type\" content=\"article\" \/>\n<meta property=\"og:title\" content=\"P\u2019las Veredas de Monchique\u00a0 - Algarve 7\" \/>\n<meta property=\"og:description\" content=\"P\u2019las Veredas de Monchique\u00a0 Desporto\" \/>\n<meta property=\"og:url\" content=\"https:\/\/algarve7.pt\/index.php\/2025\/01\/plas-veredas-de-monchique\/desporto\/13\/05\/\" \/>\n<meta property=\"og:site_name\" content=\"Algarve 7\" \/>\n<meta property=\"article:publisher\" content=\"https:\/\/www.facebook.com\/algarve7\" \/>\n<meta property=\"article:author\" content=\"https:\/\/www.facebook.com\/algarve7\" \/>\n<meta property=\"article:published_time\" content=\"2025-01-03T13:05:26+00:00\" \/>\n<meta property=\"article:modified_time\" content=\"2025-01-03T13:05:28+00:00\" \/>\n<meta property=\"og:image\" content=\"https:\/\/algarve7.pt\/wp-content\/uploads\/2025\/01\/Captura-de-ecra-2025-01-03-as-13.03.43.png\" \/>\n\t<meta property=\"og:image:width\" content=\"800\" \/>\n\t<meta property=\"og:image:height\" content=\"500\" \/>\n\t<meta property=\"og:image:type\" content=\"image\/png\" \/>\n<meta name=\"author\" content=\"Algarve 7\" \/>\n<meta name=\"twitter:card\" content=\"summary_large_image\" \/>\n<meta name=\"twitter:creator\" content=\"@Algarvesete\" \/>\n<meta name=\"twitter:site\" content=\"@Algarvesete\" \/>\n<meta name=\"twitter:label1\" content=\"Escrito por\" \/>\n\t<meta name=\"twitter:data1\" content=\"Algarve 7\" \/>\n\t<meta name=\"twitter:label2\" content=\"Tempo estimado de leitura\" \/>\n\t<meta name=\"twitter:data2\" content=\"2 minutos\" \/>\n<script type=\"application\/ld+json\" class=\"yoast-schema-graph\">{\"@context\":\"https:\\\/\\\/schema.org\",\"@graph\":[{\"@type\":\"Article\",\"@id\":\"https:\\\/\\\/algarve7.pt\\\/index.php\\\/2025\\\/01\\\/plas-veredas-de-monchique\\\/desporto\\\/13\\\/05\\\/#article\",\"isPartOf\":{\"@id\":\"https:\\\/\\\/algarve7.pt\\\/index.php\\\/2025\\\/01\\\/plas-veredas-de-monchique\\\/desporto\\\/13\\\/05\\\/\"},\"author\":{\"name\":\"Algarve 7\",\"@id\":\"https:\\\/\\\/algarve7.pt\\\/#\\\/schema\\\/person\\\/23fa70681308e7b319a3204bcea45e0c\"},\"headline\":\"P\u2019las Veredas de Monchique\u00a0\",\"datePublished\":\"2025-01-03T13:05:26+00:00\",\"dateModified\":\"2025-01-03T13:05:28+00:00\",\"mainEntityOfPage\":{\"@id\":\"https:\\\/\\\/algarve7.pt\\\/index.php\\\/2025\\\/01\\\/plas-veredas-de-monchique\\\/desporto\\\/13\\\/05\\\/\"},\"wordCount\":316,\"publisher\":{\"@id\":\"https:\\\/\\\/algarve7.pt\\\/#organization\"},\"image\":{\"@id\":\"https:\\\/\\\/algarve7.pt\\\/index.php\\\/2025\\\/01\\\/plas-veredas-de-monchique\\\/desporto\\\/13\\\/05\\\/#primaryimage\"},\"thumbnailUrl\":\"https:\\\/\\\/algarve7.pt\\\/wp-content\\\/uploads\\\/2025\\\/01\\\/Captura-de-ecra-2025-01-03-as-13.03.43.png\",\"keywords\":[\"Algarve\",\"Desporto\",\"Monchique\"],\"articleSection\":[\"Desporto\"],\"inLanguage\":\"pt-PT\"},{\"@type\":\"WebPage\",\"@id\":\"https:\\\/\\\/algarve7.pt\\\/index.php\\\/2025\\\/01\\\/plas-veredas-de-monchique\\\/desporto\\\/13\\\/05\\\/\",\"url\":\"https:\\\/\\\/algarve7.pt\\\/index.php\\\/2025\\\/01\\\/plas-veredas-de-monchique\\\/desporto\\\/13\\\/05\\\/\",\"name\":\"P\u2019las Veredas de Monchique\u00a0 - Algarve 7\",\"isPartOf\":{\"@id\":\"https:\\\/\\\/algarve7.pt\\\/#website\"},\"primaryImageOfPage\":{\"@id\":\"https:\\\/\\\/algarve7.pt\\\/index.php\\\/2025\\\/01\\\/plas-veredas-de-monchique\\\/desporto\\\/13\\\/05\\\/#primaryimage\"},\"image\":{\"@id\":\"https:\\\/\\\/algarve7.pt\\\/index.php\\\/2025\\\/01\\\/plas-veredas-de-monchique\\\/desporto\\\/13\\\/05\\\/#primaryimage\"},\"thumbnailUrl\":\"https:\\\/\\\/algarve7.pt\\\/wp-content\\\/uploads\\\/2025\\\/01\\\/Captura-de-ecra-2025-01-03-as-13.03.43.png\",\"datePublished\":\"2025-01-03T13:05:26+00:00\",\"dateModified\":\"2025-01-03T13:05:28+00:00\",\"description\":\"P\u2019las Veredas de Monchique\u00a0 Desporto\",\"breadcrumb\":{\"@id\":\"https:\\\/\\\/algarve7.pt\\\/index.php\\\/2025\\\/01\\\/plas-veredas-de-monchique\\\/desporto\\\/13\\\/05\\\/#breadcrumb\"},\"inLanguage\":\"pt-PT\",\"potentialAction\":[{\"@type\":\"ReadAction\",\"target\":[\"https:\\\/\\\/algarve7.pt\\\/index.php\\\/2025\\\/01\\\/plas-veredas-de-monchique\\\/desporto\\\/13\\\/05\\\/\"]}]},{\"@type\":\"ImageObject\",\"inLanguage\":\"pt-PT\",\"@id\":\"https:\\\/\\\/algarve7.pt\\\/index.php\\\/2025\\\/01\\\/plas-veredas-de-monchique\\\/desporto\\\/13\\\/05\\\/#primaryimage\",\"url\":\"https:\\\/\\\/algarve7.pt\\\/wp-content\\\/uploads\\\/2025\\\/01\\\/Captura-de-ecra-2025-01-03-as-13.03.43.png\",\"contentUrl\":\"https:\\\/\\\/algarve7.pt\\\/wp-content\\\/uploads\\\/2025\\\/01\\\/Captura-de-ecra-2025-01-03-as-13.03.43.png\",\"width\":800,\"height\":500},{\"@type\":\"BreadcrumbList\",\"@id\":\"https:\\\/\\\/algarve7.pt\\\/index.php\\\/2025\\\/01\\\/plas-veredas-de-monchique\\\/desporto\\\/13\\\/05\\\/#breadcrumb\",\"itemListElement\":[{\"@type\":\"ListItem\",\"position\":1,\"name\":\"In\u00edcio\",\"item\":\"https:\\\/\\\/algarve7.pt\\\/\"},{\"@type\":\"ListItem\",\"position\":2,\"name\":\"P\u2019las Veredas de Monchique\u00a0\"}]},{\"@type\":\"WebSite\",\"@id\":\"https:\\\/\\\/algarve7.pt\\\/#website\",\"url\":\"https:\\\/\\\/algarve7.pt\\\/\",\"name\":\"Algarve 7\",\"description\":\"Informa\u00e7\u00e3o sobre o Algarve\",\"publisher\":{\"@id\":\"https:\\\/\\\/algarve7.pt\\\/#organization\"},\"potentialAction\":[{\"@type\":\"SearchAction\",\"target\":{\"@type\":\"EntryPoint\",\"urlTemplate\":\"https:\\\/\\\/algarve7.pt\\\/?s={search_term_string}\"},\"query-input\":{\"@type\":\"PropertyValueSpecification\",\"valueRequired\":true,\"valueName\":\"search_term_string\"}}],\"inLanguage\":\"pt-PT\"},{\"@type\":\"Organization\",\"@id\":\"https:\\\/\\\/algarve7.pt\\\/#organization\",\"name\":\"Algarve 7\",\"url\":\"https:\\\/\\\/algarve7.pt\\\/\",\"logo\":{\"@type\":\"ImageObject\",\"inLanguage\":\"pt-PT\",\"@id\":\"https:\\\/\\\/algarve7.pt\\\/#\\\/schema\\\/logo\\\/image\\\/\",\"url\":\"https:\\\/\\\/algarve7.pt\\\/wp-content\\\/uploads\\\/2020\\\/10\\\/Logo-8.jpg\",\"contentUrl\":\"https:\\\/\\\/algarve7.pt\\\/wp-content\\\/uploads\\\/2020\\\/10\\\/Logo-8.jpg\",\"width\":1680,\"height\":1186,\"caption\":\"Algarve 7\"},\"image\":{\"@id\":\"https:\\\/\\\/algarve7.pt\\\/#\\\/schema\\\/logo\\\/image\\\/\"},\"sameAs\":[\"https:\\\/\\\/www.facebook.com\\\/algarve7\",\"https:\\\/\\\/x.com\\\/Algarvesete\",\"https:\\\/\\\/www.instagram.com\\\/jornalalgarve7\\\/\",\"https:\\\/\\\/www.linkedin.com\\\/company\\\/algarve7\",\"https:\\\/\\\/www.pinterest.pt\\\/geral0939\\\/_created\\\/\"]},{\"@type\":\"Person\",\"@id\":\"https:\\\/\\\/algarve7.pt\\\/#\\\/schema\\\/person\\\/23fa70681308e7b319a3204bcea45e0c\",\"name\":\"Algarve 7\",\"sameAs\":[\"https:\\\/\\\/algarve7.pt\",\"https:\\\/\\\/www.facebook.com\\\/algarve7\"],\"url\":\"https:\\\/\\\/algarve7.pt\\\/index.php\\\/author\\\/geralalgarve7-pt\\\/\"}]}<\/script>\n<!-- \/ Yoast SEO plugin. -->","yoast_head_json":{"title":"P\u2019las Veredas de Monchique\u00a0 - Algarve 7","description":"P\u2019las Veredas de Monchique\u00a0 Desporto","robots":{"index":"index","follow":"follow","max-snippet":"max-snippet:-1","max-image-preview":"max-image-preview:large","max-video-preview":"max-video-preview:-1"},"canonical":"https:\/\/algarve7.pt\/index.php\/2025\/01\/plas-veredas-de-monchique\/desporto\/13\/05\/","og_locale":"pt_PT","og_type":"article","og_title":"P\u2019las Veredas de Monchique\u00a0 - Algarve 7","og_description":"P\u2019las Veredas de Monchique\u00a0 Desporto","og_url":"https:\/\/algarve7.pt\/index.php\/2025\/01\/plas-veredas-de-monchique\/desporto\/13\/05\/","og_site_name":"Algarve 7","article_publisher":"https:\/\/www.facebook.com\/algarve7","article_author":"https:\/\/www.facebook.com\/algarve7","article_published_time":"2025-01-03T13:05:26+00:00","article_modified_time":"2025-01-03T13:05:28+00:00","og_image":[{"width":800,"height":500,"url":"https:\/\/algarve7.pt\/wp-content\/uploads\/2025\/01\/Captura-de-ecra-2025-01-03-as-13.03.43.png","type":"image\/png"}],"author":"Algarve 7","twitter_card":"summary_large_image","twitter_creator":"@Algarvesete","twitter_site":"@Algarvesete","twitter_misc":{"Escrito por":"Algarve 7","Tempo estimado de leitura":"2 minutos"},"schema":{"@context":"https:\/\/schema.org","@graph":[{"@type":"Article","@id":"https:\/\/algarve7.pt\/index.php\/2025\/01\/plas-veredas-de-monchique\/desporto\/13\/05\/#article","isPartOf":{"@id":"https:\/\/algarve7.pt\/index.php\/2025\/01\/plas-veredas-de-monchique\/desporto\/13\/05\/"},"author":{"name":"Algarve 7","@id":"https:\/\/algarve7.pt\/#\/schema\/person\/23fa70681308e7b319a3204bcea45e0c"},"headline":"P\u2019las Veredas de Monchique\u00a0","datePublished":"2025-01-03T13:05:26+00:00","dateModified":"2025-01-03T13:05:28+00:00","mainEntityOfPage":{"@id":"https:\/\/algarve7.pt\/index.php\/2025\/01\/plas-veredas-de-monchique\/desporto\/13\/05\/"},"wordCount":316,"publisher":{"@id":"https:\/\/algarve7.pt\/#organization"},"image":{"@id":"https:\/\/algarve7.pt\/index.php\/2025\/01\/plas-veredas-de-monchique\/desporto\/13\/05\/#primaryimage"},"thumbnailUrl":"https:\/\/algarve7.pt\/wp-content\/uploads\/2025\/01\/Captura-de-ecra-2025-01-03-as-13.03.43.png","keywords":["Algarve","Desporto","Monchique"],"articleSection":["Desporto"],"inLanguage":"pt-PT"},{"@type":"WebPage","@id":"https:\/\/algarve7.pt\/index.php\/2025\/01\/plas-veredas-de-monchique\/desporto\/13\/05\/","url":"https:\/\/algarve7.pt\/index.php\/2025\/01\/plas-veredas-de-monchique\/desporto\/13\/05\/","name":"P\u2019las Veredas de Monchique\u00a0 - Algarve 7","isPartOf":{"@id":"https:\/\/algarve7.pt\/#website"},"primaryImageOfPage":{"@id":"https:\/\/algarve7.pt\/index.php\/2025\/01\/plas-veredas-de-monchique\/desporto\/13\/05\/#primaryimage"},"image":{"@id":"https:\/\/algarve7.pt\/index.php\/2025\/01\/plas-veredas-de-monchique\/desporto\/13\/05\/#primaryimage"},"thumbnailUrl":"https:\/\/algarve7.pt\/wp-content\/uploads\/2025\/01\/Captura-de-ecra-2025-01-03-as-13.03.43.png","datePublished":"2025-01-03T13:05:26+00:00","dateModified":"2025-01-03T13:05:28+00:00","description":"P\u2019las Veredas de Monchique\u00a0 Desporto","breadcrumb":{"@id":"https:\/\/algarve7.pt\/index.php\/2025\/01\/plas-veredas-de-monchique\/desporto\/13\/05\/#breadcrumb"},"inLanguage":"pt-PT","potentialAction":[{"@type":"ReadAction","target":["https:\/\/algarve7.pt\/index.php\/2025\/01\/plas-veredas-de-monchique\/desporto\/13\/05\/"]}]},{"@type":"ImageObject","inLanguage":"pt-PT","@id":"https:\/\/algarve7.pt\/index.php\/2025\/01\/plas-veredas-de-monchique\/desporto\/13\/05\/#primaryimage","url":"https:\/\/algarve7.pt\/wp-content\/uploads\/2025\/01\/Captura-de-ecra-2025-01-03-as-13.03.43.png","contentUrl":"https:\/\/algarve7.pt\/wp-content\/uploads\/2025\/01\/Captura-de-ecra-2025-01-03-as-13.03.43.png","width":800,"height":500},{"@type":"BreadcrumbList","@id":"https:\/\/algarve7.pt\/index.php\/2025\/01\/plas-veredas-de-monchique\/desporto\/13\/05\/#breadcrumb","itemListElement":[{"@type":"ListItem","position":1,"name":"In\u00edcio","item":"https:\/\/algarve7.pt\/"},{"@type":"ListItem","position":2,"name":"P\u2019las Veredas de Monchique\u00a0"}]},{"@type":"WebSite","@id":"https:\/\/algarve7.pt\/#website","url":"https:\/\/algarve7.pt\/","name":"Algarve 7","description":"Informa\u00e7\u00e3o sobre o Algarve","publisher":{"@id":"https:\/\/algarve7.pt\/#organization"},"potentialAction":[{"@type":"SearchAction","target":{"@type":"EntryPoint","urlTemplate":"https:\/\/algarve7.pt\/?s={search_term_string}"},"query-input":{"@type":"PropertyValueSpecification","valueRequired":true,"valueName":"search_term_string"}}],"inLanguage":"pt-PT"},{"@type":"Organization","@id":"https:\/\/algarve7.pt\/#organization","name":"Algarve 7","url":"https:\/\/algarve7.pt\/","logo":{"@type":"ImageObject","inLanguage":"pt-PT","@id":"https:\/\/algarve7.pt\/#\/schema\/logo\/image\/","url":"https:\/\/algarve7.pt\/wp-content\/uploads\/2020\/10\/Logo-8.jpg","contentUrl":"https:\/\/algarve7.pt\/wp-content\/uploads\/2020\/10\/Logo-8.jpg","width":1680,"height":1186,"caption":"Algarve 7"},"image":{"@id":"https:\/\/algarve7.pt\/#\/schema\/logo\/image\/"},"sameAs":["https:\/\/www.facebook.com\/algarve7","https:\/\/x.com\/Algarvesete","https:\/\/www.instagram.com\/jornalalgarve7\/","https:\/\/www.linkedin.com\/company\/algarve7","https:\/\/www.pinterest.pt\/geral0939\/_created\/"]},{"@type":"Person","@id":"https:\/\/algarve7.pt\/#\/schema\/person\/23fa70681308e7b319a3204bcea45e0c","name":"Algarve 7","sameAs":["https:\/\/algarve7.pt","https:\/\/www.facebook.com\/algarve7"],"url":"https:\/\/algarve7.pt\/index.php\/author\/geralalgarve7-pt\/"}]}},"jetpack_publicize_connections":[],"jetpack_featured_media_url":"https:\/\/algarve7.pt\/wp-content\/uploads\/2025\/01\/Captura-de-ecra-2025-01-03-as-13.03.43.png","jetpack_shortlink":"https:\/\/wp.me\/pcezmW-bWk","jetpack_sharing_enabled":true,"_links":{"self":[{"href":"https:\/\/algarve7.pt\/index.php\/wp-json\/wp\/v2\/posts\/45900","targetHints":{"allow":["GET"]}}],"collection":[{"href":"https:\/\/algarve7.pt\/index.php\/wp-json\/wp\/v2\/posts"}],"about":[{"href":"https:\/\/algarve7.pt\/index.php\/wp-json\/wp\/v2\/types\/post"}],"author":[{"embeddable":true,"href":"https:\/\/algarve7.pt\/index.php\/wp-json\/wp\/v2\/users\/1"}],"replies":[{"embeddable":true,"href":"https:\/\/algarve7.pt\/index.php\/wp-json\/wp\/v2\/comments?post=45900"}],"version-history":[{"count":0,"href":"https:\/\/algarve7.pt\/index.php\/wp-json\/wp\/v2\/posts\/45900\/revisions"}],"wp:featuredmedia":[{"embeddable":true,"href":"https:\/\/algarve7.pt\/index.php\/wp-json\/wp\/v2\/media\/45902"}],"wp:attachment":[{"href":"https:\/\/algarve7.pt\/index.php\/wp-json\/wp\/v2\/media?parent=45900"}],"wp:term":[{"taxonomy":"category","embeddable":true,"href":"https:\/\/algarve7.pt\/index.php\/wp-json\/wp\/v2\/categories?post=45900"},{"taxonomy":"post_tag","embeddable":true,"href":"https:\/\/algarve7.pt\/index.php\/wp-json\/wp\/v2\/tags?post=45900"}],"curies":[{"name":"wp","href":"https:\/\/api.w.org\/{rel}","templated":true}]}}