{"id":45898,"date":"2025-01-03T09:18:20","date_gmt":"2025-01-03T09:18:20","guid":{"rendered":"https:\/\/algarve7.pt\/?p=45898"},"modified":"2025-01-03T09:18:23","modified_gmt":"2025-01-03T09:18:23","slug":"operacao-natal-e-ano-novo-2024-2025-balanco-final-com-dados-provisorios-de-18-de-dezembro-de-2024-a-02-de-janeiro-de-2025","status":"publish","type":"post","link":"https:\/\/algarve7.pt\/index.php\/2025\/01\/operacao-natal-e-ano-novo-2024-2025-balanco-final-com-dados-provisorios-de-18-de-dezembro-de-2024-a-02-de-janeiro-de-2025\/nacional\/09\/18\/","title":{"rendered":"Opera\u00e7\u00e3o \u201cNatal e Ano Novo 2024\/2025\u201d \u2013 Balan\u00e7o final com dados provis\u00f3rios de 18 de dezembro de 2024 a 02 de janeiro de 2025"},"content":{"rendered":"\n<p>A Guarda Nacional Republicana (GNR), entre o dia&nbsp;<strong>18<\/strong>&nbsp;de dezembro de 2024 e&nbsp;<strong>02<\/strong>&nbsp;de janeiro de 2025, realizou a Opera\u00e7\u00e3o \u201cNatal e Ano Novo 2024\/2025\u201d, intensificou as a\u00e7\u00f5es de patrulhamento, sensibiliza\u00e7\u00e3o e fiscaliza\u00e7\u00e3o com o objetivo de&nbsp;<strong>combater a criminalidade e diminuir a sinistralidade rodovi\u00e1ria, &nbsp;<\/strong>por forma a garantir que as festividades e as desloca\u00e7\u00f5es decorressem em seguran\u00e7a, em todo o territ\u00f3rio nacional.<\/p>\n\n\n\n<p>Em resultado das a\u00e7\u00f5es de preven\u00e7\u00e3o, sensibiliza\u00e7\u00e3o e fiscaliza\u00e7\u00e3o, registou-se o seguinte:<\/p>\n\n\n\n<p>No \u00e2mbito da preven\u00e7\u00e3o e sensibiliza\u00e7\u00e3o, h\u00e1 a destacar:<\/p>\n\n\n\n<ul class=\"wp-block-list\">\n<li>Foram efetuadas\u00a0<strong>1 580 a\u00e7\u00f5es de sensibiliza\u00e7\u00e3o<\/strong>\u00a0no \u00e2mbito do com\u00e9rcio seguro, tendo sido sensibilizados\u00a0<strong>9 060 comerciantes<\/strong>.<\/li>\n\n\n\n<li>Foram visitados\u00a0<strong>6 744 idosos,\u00a0<\/strong>no \u00e2mbito das nossas a\u00e7\u00f5es de preven\u00e7\u00e3o criminal e policiamento comunit\u00e1rio.<\/li>\n<\/ul>\n\n\n\n<p>No \u00e2mbito da criminalidade geral, destacam-se:<\/p>\n\n\n\n<ul class=\"wp-block-list\">\n<li><strong>63<\/strong>\u00a0detidos por tr\u00e1fico estupefacientes.<\/li>\n\n\n\n<li><strong>26\u00a0<\/strong>detidos<strong>\u00a0<\/strong>por posse ilegal de armas ou armas proibidas.<\/li>\n\n\n\n<li><strong>37\u00a0<\/strong>detidos<strong>\u00a0<\/strong>por furto e roubo<strong>.<\/strong><\/li>\n<\/ul>\n\n\n\n<p>No que diz respeito \u00e0s apreens\u00f5es mais relevantes, destacamos:<\/p>\n\n\n\n<ul class=\"wp-block-list\">\n<li><strong>2\u00a0839<\/strong>\u00a0doses de hero\u00edna.<\/li>\n\n\n\n<li><strong>2 289<\/strong>\u00a0doses de coca\u00edna.<\/li>\n\n\n\n<li><strong>3 935<\/strong>\u00a0doses de haxixe.<\/li>\n\n\n\n<li><strong>182<\/strong>\u00a0doses de cannabis.<\/li>\n\n\n\n<li><strong>48\u00a0<\/strong>doses de MDMA.<\/li>\n\n\n\n<li><strong>120\u00a0<\/strong>armas.<\/li>\n\n\n\n<li><strong>603<\/strong>\u00a0muni\u00e7\u00f5es de diferentes calibres.<\/li>\n\n\n\n<li><strong>46<\/strong>\u00a0ve\u00edculos.<\/li>\n<\/ul>\n\n\n\n<p>No \u00e2mbito fiscal e aduaneiro:<\/p>\n\n\n\n<ul class=\"wp-block-list\">\n<li>Foram realizadas\u00a0<strong>746\u00a0<\/strong>a\u00e7\u00f5es de fiscaliza\u00e7\u00e3o.<\/li>\n\n\n\n<li>Foram detetadas\u00a0<strong>609\u00a0<\/strong>contraordena\u00e7\u00f5es, na sua grande maioria no \u00e2mbito do Regime de Bens em Circula\u00e7\u00e3o.<\/li>\n<\/ul>\n\n\n\n<p>No \u00e2mbito da fiscaliza\u00e7\u00e3o rodovi\u00e1ria, destacam-se:<\/p>\n\n\n\n<p>\u00b7&nbsp;&nbsp;&nbsp;&nbsp;&nbsp;&nbsp;<strong>155 578&nbsp;<\/strong>condutores fiscalizados, dos quais,<strong>&nbsp;1 404&nbsp;<\/strong>conduziam com&nbsp;<strong>excesso de \u00e1lcool<\/strong>&nbsp;e, destes,&nbsp;<strong>691 foram detidos<\/strong>&nbsp;por conduzirem com uma taxa de \u00e1lcool no sangue igual ou superior a 1,2 g\/l. Foram ainda&nbsp;<strong>detidas 257&nbsp;pessoas<\/strong>&nbsp;por conduzirem&nbsp;<strong>sem habilita\u00e7\u00e3o legal<\/strong>.<\/p>\n\n\n\n<p>\u00b7&nbsp;&nbsp;&nbsp;&nbsp;&nbsp;&nbsp;Das&nbsp;<strong>27 654 infra\u00e7\u00f5es&nbsp;<\/strong>detetadas, destacam-se:&nbsp;<\/p>\n\n\n\n<ul class=\"wp-block-list\">\n<li><strong>6 597\u00a0<\/strong>por excesso de velocidade.<\/li>\n\n\n\n<li><strong>713\u00a0<\/strong>excessos de \u00e1lcool.<\/li>\n\n\n\n<li><strong>681<\/strong>\u00a0por falta ou incorreta utiliza\u00e7\u00e3o do cinto de seguran\u00e7a e\/ou sistema de reten\u00e7\u00e3o para crian\u00e7as (SRC).<\/li>\n\n\n\n<li><strong>506<\/strong>\u00a0por uso indevido do telem\u00f3vel no exerc\u00edcio da condu\u00e7\u00e3o.<\/li>\n\n\n\n<li><strong>2 576\u00a0<\/strong>por falta de<strong>\u00a0<\/strong>inspe\u00e7\u00e3o peri\u00f3dica obrigat\u00f3ria.<\/li>\n\n\n\n<li><strong>851\u00a0<\/strong>por falta de seguro de responsabilidade civil obrigat\u00f3rio.<\/li>\n<\/ul>\n\n\n\n<p>\u00b7&nbsp;&nbsp;&nbsp;&nbsp;&nbsp;&nbsp;Relativamente \u00e0 sinistralidade rodovi\u00e1ria, a GNR registou:<\/p>\n\n\n\n<ul class=\"wp-block-list\">\n<li><strong>3 234 acidentes<\/strong>.<\/li>\n\n\n\n<li><strong>20 v\u00edtimas mortais<\/strong>.<\/li>\n\n\n\n<li><strong>87 feridos graves<\/strong>.<\/li>\n\n\n\n<li><strong>972 feridos leves<\/strong>.<\/li>\n<\/ul>\n\n\n\n<p>Em per\u00edodo hom\u00f3logo da Opera\u00e7\u00e3o \u201cNatal e Ano Novo 2023\/2024\u201d, registaram-se 3&nbsp;665 acidentes, 19 v\u00edtimas mortais, 86 feridos graves e 1 024 feridos leves.<\/p>\n","protected":false},"excerpt":{"rendered":"<p>A Guarda Nacional Republicana (GNR), entre o dia&nbsp;18&nbsp;de dezembro de 2024 e&nbsp;02&nbsp;de janeiro de 2025, realizou a Opera\u00e7\u00e3o \u201cNatal e<\/p>\n","protected":false},"author":1,"featured_media":45672,"comment_status":"closed","ping_status":"closed","sticky":false,"template":"","format":"standard","meta":{"colormag_page_container_layout":"default_layout","colormag_page_sidebar_layout":"default_layout","_monsterinsights_skip_tracking":false,"_monsterinsights_sitenote_active":false,"_monsterinsights_sitenote_note":"","_monsterinsights_sitenote_category":0,"jetpack_post_was_ever_published":false,"_jetpack_newsletter_access":"","_jetpack_dont_email_post_to_subs":false,"_jetpack_newsletter_tier_id":0,"_jetpack_memberships_contains_paywalled_content":false,"_jetpack_memberships_contains_paid_content":false,"footnotes":"","jetpack_publicize_message":"","jetpack_publicize_feature_enabled":true,"jetpack_social_post_already_shared":true,"jetpack_social_options":{"image_generator_settings":{"template":"highway","default_image_id":0,"font":"","enabled":false},"version":2}},"categories":[189],"tags":[140,98],"class_list":["post-45898","post","type-post","status-publish","format-standard","has-post-thumbnail","hentry","category-nacional","tag-gnr","tag-nacional"],"yoast_head":"<!-- This site is optimized with the Yoast SEO plugin v27.5 - https:\/\/yoast.com\/product\/yoast-seo-wordpress\/ -->\n<title>Opera\u00e7\u00e3o \u201cNatal e Ano Novo 2024\/2025\u201d \u2013 Balan\u00e7o final com dados provis\u00f3rios de 18 de dezembro de 2024 a 02 de janeiro de 2025 - Algarve 7<\/title>\n<meta name=\"description\" content=\"Opera\u00e7\u00e3o \u201cNatal e Ano Novo 2024\/2025\u201d \u2013 Balan\u00e7o final com dados provis\u00f3rios de 18 de dezembro de 2024 a 02 de janeiro de 2025 Nacional\" \/>\n<meta name=\"robots\" content=\"index, follow, max-snippet:-1, max-image-preview:large, max-video-preview:-1\" \/>\n<link rel=\"canonical\" href=\"https:\/\/algarve7.pt\/index.php\/2025\/01\/operacao-natal-e-ano-novo-2024-2025-balanco-final-com-dados-provisorios-de-18-de-dezembro-de-2024-a-02-de-janeiro-de-2025\/nacional\/09\/18\/\" \/>\n<meta property=\"og:locale\" content=\"pt_PT\" \/>\n<meta property=\"og:type\" content=\"article\" \/>\n<meta property=\"og:title\" content=\"Opera\u00e7\u00e3o \u201cNatal e Ano Novo 2024\/2025\u201d \u2013 Balan\u00e7o final com dados provis\u00f3rios de 18 de dezembro de 2024 a 02 de janeiro de 2025 - Algarve 7\" \/>\n<meta property=\"og:description\" content=\"Opera\u00e7\u00e3o \u201cNatal e Ano Novo 2024\/2025\u201d \u2013 Balan\u00e7o final com dados provis\u00f3rios de 18 de dezembro de 2024 a 02 de janeiro de 2025 Nacional\" \/>\n<meta property=\"og:url\" content=\"https:\/\/algarve7.pt\/index.php\/2025\/01\/operacao-natal-e-ano-novo-2024-2025-balanco-final-com-dados-provisorios-de-18-de-dezembro-de-2024-a-02-de-janeiro-de-2025\/nacional\/09\/18\/\" \/>\n<meta property=\"og:site_name\" content=\"Algarve 7\" \/>\n<meta property=\"article:publisher\" content=\"https:\/\/www.facebook.com\/algarve7\" \/>\n<meta property=\"article:author\" content=\"https:\/\/www.facebook.com\/algarve7\" \/>\n<meta property=\"article:published_time\" content=\"2025-01-03T09:18:20+00:00\" \/>\n<meta property=\"article:modified_time\" content=\"2025-01-03T09:18:23+00:00\" \/>\n<meta property=\"og:image\" content=\"https:\/\/algarve7.pt\/wp-content\/uploads\/2024\/12\/GNR-Operacao-Natal-e-Ano-Novo.png\" \/>\n\t<meta property=\"og:image:width\" content=\"800\" \/>\n\t<meta property=\"og:image:height\" content=\"550\" \/>\n\t<meta property=\"og:image:type\" content=\"image\/png\" \/>\n<meta name=\"author\" content=\"Algarve 7\" \/>\n<meta name=\"twitter:card\" content=\"summary_large_image\" \/>\n<meta name=\"twitter:creator\" content=\"@Algarvesete\" \/>\n<meta name=\"twitter:site\" content=\"@Algarvesete\" \/>\n<meta name=\"twitter:label1\" content=\"Escrito por\" \/>\n\t<meta name=\"twitter:data1\" content=\"Algarve 7\" \/>\n\t<meta name=\"twitter:label2\" content=\"Tempo estimado de leitura\" \/>\n\t<meta name=\"twitter:data2\" content=\"3 minutos\" \/>\n<script type=\"application\/ld+json\" class=\"yoast-schema-graph\">{\"@context\":\"https:\\\/\\\/schema.org\",\"@graph\":[{\"@type\":\"Article\",\"@id\":\"https:\\\/\\\/algarve7.pt\\\/index.php\\\/2025\\\/01\\\/operacao-natal-e-ano-novo-2024-2025-balanco-final-com-dados-provisorios-de-18-de-dezembro-de-2024-a-02-de-janeiro-de-2025\\\/nacional\\\/09\\\/18\\\/#article\",\"isPartOf\":{\"@id\":\"https:\\\/\\\/algarve7.pt\\\/index.php\\\/2025\\\/01\\\/operacao-natal-e-ano-novo-2024-2025-balanco-final-com-dados-provisorios-de-18-de-dezembro-de-2024-a-02-de-janeiro-de-2025\\\/nacional\\\/09\\\/18\\\/\"},\"author\":{\"name\":\"Algarve 7\",\"@id\":\"https:\\\/\\\/algarve7.pt\\\/#\\\/schema\\\/person\\\/23fa70681308e7b319a3204bcea45e0c\"},\"headline\":\"Opera\u00e7\u00e3o \u201cNatal e Ano Novo 2024\\\/2025\u201d \u2013 Balan\u00e7o final com dados provis\u00f3rios de 18 de dezembro de 2024 a 02 de janeiro de 2025\",\"datePublished\":\"2025-01-03T09:18:20+00:00\",\"dateModified\":\"2025-01-03T09:18:23+00:00\",\"mainEntityOfPage\":{\"@id\":\"https:\\\/\\\/algarve7.pt\\\/index.php\\\/2025\\\/01\\\/operacao-natal-e-ano-novo-2024-2025-balanco-final-com-dados-provisorios-de-18-de-dezembro-de-2024-a-02-de-janeiro-de-2025\\\/nacional\\\/09\\\/18\\\/\"},\"wordCount\":424,\"publisher\":{\"@id\":\"https:\\\/\\\/algarve7.pt\\\/#organization\"},\"image\":{\"@id\":\"https:\\\/\\\/algarve7.pt\\\/index.php\\\/2025\\\/01\\\/operacao-natal-e-ano-novo-2024-2025-balanco-final-com-dados-provisorios-de-18-de-dezembro-de-2024-a-02-de-janeiro-de-2025\\\/nacional\\\/09\\\/18\\\/#primaryimage\"},\"thumbnailUrl\":\"https:\\\/\\\/algarve7.pt\\\/wp-content\\\/uploads\\\/2024\\\/12\\\/GNR-Operacao-Natal-e-Ano-Novo.png\",\"keywords\":[\"GNR\",\"Nacional\"],\"articleSection\":[\"Nacional\"],\"inLanguage\":\"pt-PT\"},{\"@type\":\"WebPage\",\"@id\":\"https:\\\/\\\/algarve7.pt\\\/index.php\\\/2025\\\/01\\\/operacao-natal-e-ano-novo-2024-2025-balanco-final-com-dados-provisorios-de-18-de-dezembro-de-2024-a-02-de-janeiro-de-2025\\\/nacional\\\/09\\\/18\\\/\",\"url\":\"https:\\\/\\\/algarve7.pt\\\/index.php\\\/2025\\\/01\\\/operacao-natal-e-ano-novo-2024-2025-balanco-final-com-dados-provisorios-de-18-de-dezembro-de-2024-a-02-de-janeiro-de-2025\\\/nacional\\\/09\\\/18\\\/\",\"name\":\"Opera\u00e7\u00e3o \u201cNatal e Ano Novo 2024\\\/2025\u201d \u2013 Balan\u00e7o final com dados provis\u00f3rios de 18 de dezembro de 2024 a 02 de janeiro de 2025 - Algarve 7\",\"isPartOf\":{\"@id\":\"https:\\\/\\\/algarve7.pt\\\/#website\"},\"primaryImageOfPage\":{\"@id\":\"https:\\\/\\\/algarve7.pt\\\/index.php\\\/2025\\\/01\\\/operacao-natal-e-ano-novo-2024-2025-balanco-final-com-dados-provisorios-de-18-de-dezembro-de-2024-a-02-de-janeiro-de-2025\\\/nacional\\\/09\\\/18\\\/#primaryimage\"},\"image\":{\"@id\":\"https:\\\/\\\/algarve7.pt\\\/index.php\\\/2025\\\/01\\\/operacao-natal-e-ano-novo-2024-2025-balanco-final-com-dados-provisorios-de-18-de-dezembro-de-2024-a-02-de-janeiro-de-2025\\\/nacional\\\/09\\\/18\\\/#primaryimage\"},\"thumbnailUrl\":\"https:\\\/\\\/algarve7.pt\\\/wp-content\\\/uploads\\\/2024\\\/12\\\/GNR-Operacao-Natal-e-Ano-Novo.png\",\"datePublished\":\"2025-01-03T09:18:20+00:00\",\"dateModified\":\"2025-01-03T09:18:23+00:00\",\"description\":\"Opera\u00e7\u00e3o \u201cNatal e Ano Novo 2024\\\/2025\u201d \u2013 Balan\u00e7o final com dados provis\u00f3rios de 18 de dezembro de 2024 a 02 de janeiro de 2025 Nacional\",\"breadcrumb\":{\"@id\":\"https:\\\/\\\/algarve7.pt\\\/index.php\\\/2025\\\/01\\\/operacao-natal-e-ano-novo-2024-2025-balanco-final-com-dados-provisorios-de-18-de-dezembro-de-2024-a-02-de-janeiro-de-2025\\\/nacional\\\/09\\\/18\\\/#breadcrumb\"},\"inLanguage\":\"pt-PT\",\"potentialAction\":[{\"@type\":\"ReadAction\",\"target\":[\"https:\\\/\\\/algarve7.pt\\\/index.php\\\/2025\\\/01\\\/operacao-natal-e-ano-novo-2024-2025-balanco-final-com-dados-provisorios-de-18-de-dezembro-de-2024-a-02-de-janeiro-de-2025\\\/nacional\\\/09\\\/18\\\/\"]}]},{\"@type\":\"ImageObject\",\"inLanguage\":\"pt-PT\",\"@id\":\"https:\\\/\\\/algarve7.pt\\\/index.php\\\/2025\\\/01\\\/operacao-natal-e-ano-novo-2024-2025-balanco-final-com-dados-provisorios-de-18-de-dezembro-de-2024-a-02-de-janeiro-de-2025\\\/nacional\\\/09\\\/18\\\/#primaryimage\",\"url\":\"https:\\\/\\\/algarve7.pt\\\/wp-content\\\/uploads\\\/2024\\\/12\\\/GNR-Operacao-Natal-e-Ano-Novo.png\",\"contentUrl\":\"https:\\\/\\\/algarve7.pt\\\/wp-content\\\/uploads\\\/2024\\\/12\\\/GNR-Operacao-Natal-e-Ano-Novo.png\",\"width\":800,\"height\":550},{\"@type\":\"BreadcrumbList\",\"@id\":\"https:\\\/\\\/algarve7.pt\\\/index.php\\\/2025\\\/01\\\/operacao-natal-e-ano-novo-2024-2025-balanco-final-com-dados-provisorios-de-18-de-dezembro-de-2024-a-02-de-janeiro-de-2025\\\/nacional\\\/09\\\/18\\\/#breadcrumb\",\"itemListElement\":[{\"@type\":\"ListItem\",\"position\":1,\"name\":\"In\u00edcio\",\"item\":\"https:\\\/\\\/algarve7.pt\\\/\"},{\"@type\":\"ListItem\",\"position\":2,\"name\":\"Opera\u00e7\u00e3o \u201cNatal e Ano Novo 2024\\\/2025\u201d \u2013 Balan\u00e7o final com dados provis\u00f3rios de 18 de dezembro de 2024 a 02 de janeiro de 2025\"}]},{\"@type\":\"WebSite\",\"@id\":\"https:\\\/\\\/algarve7.pt\\\/#website\",\"url\":\"https:\\\/\\\/algarve7.pt\\\/\",\"name\":\"Algarve 7\",\"description\":\"Informa\u00e7\u00e3o sobre o Algarve\",\"publisher\":{\"@id\":\"https:\\\/\\\/algarve7.pt\\\/#organization\"},\"potentialAction\":[{\"@type\":\"SearchAction\",\"target\":{\"@type\":\"EntryPoint\",\"urlTemplate\":\"https:\\\/\\\/algarve7.pt\\\/?s={search_term_string}\"},\"query-input\":{\"@type\":\"PropertyValueSpecification\",\"valueRequired\":true,\"valueName\":\"search_term_string\"}}],\"inLanguage\":\"pt-PT\"},{\"@type\":\"Organization\",\"@id\":\"https:\\\/\\\/algarve7.pt\\\/#organization\",\"name\":\"Algarve 7\",\"url\":\"https:\\\/\\\/algarve7.pt\\\/\",\"logo\":{\"@type\":\"ImageObject\",\"inLanguage\":\"pt-PT\",\"@id\":\"https:\\\/\\\/algarve7.pt\\\/#\\\/schema\\\/logo\\\/image\\\/\",\"url\":\"https:\\\/\\\/algarve7.pt\\\/wp-content\\\/uploads\\\/2020\\\/10\\\/Logo-8.jpg\",\"contentUrl\":\"https:\\\/\\\/algarve7.pt\\\/wp-content\\\/uploads\\\/2020\\\/10\\\/Logo-8.jpg\",\"width\":1680,\"height\":1186,\"caption\":\"Algarve 7\"},\"image\":{\"@id\":\"https:\\\/\\\/algarve7.pt\\\/#\\\/schema\\\/logo\\\/image\\\/\"},\"sameAs\":[\"https:\\\/\\\/www.facebook.com\\\/algarve7\",\"https:\\\/\\\/x.com\\\/Algarvesete\",\"https:\\\/\\\/www.instagram.com\\\/jornalalgarve7\\\/\",\"https:\\\/\\\/www.linkedin.com\\\/company\\\/algarve7\",\"https:\\\/\\\/www.pinterest.pt\\\/geral0939\\\/_created\\\/\"]},{\"@type\":\"Person\",\"@id\":\"https:\\\/\\\/algarve7.pt\\\/#\\\/schema\\\/person\\\/23fa70681308e7b319a3204bcea45e0c\",\"name\":\"Algarve 7\",\"sameAs\":[\"https:\\\/\\\/algarve7.pt\",\"https:\\\/\\\/www.facebook.com\\\/algarve7\"],\"url\":\"https:\\\/\\\/algarve7.pt\\\/index.php\\\/author\\\/geralalgarve7-pt\\\/\"}]}<\/script>\n<!-- \/ Yoast SEO plugin. -->","yoast_head_json":{"title":"Opera\u00e7\u00e3o \u201cNatal e Ano Novo 2024\/2025\u201d \u2013 Balan\u00e7o final com dados provis\u00f3rios de 18 de dezembro de 2024 a 02 de janeiro de 2025 - Algarve 7","description":"Opera\u00e7\u00e3o \u201cNatal e Ano Novo 2024\/2025\u201d \u2013 Balan\u00e7o final com dados provis\u00f3rios de 18 de dezembro de 2024 a 02 de janeiro de 2025 Nacional","robots":{"index":"index","follow":"follow","max-snippet":"max-snippet:-1","max-image-preview":"max-image-preview:large","max-video-preview":"max-video-preview:-1"},"canonical":"https:\/\/algarve7.pt\/index.php\/2025\/01\/operacao-natal-e-ano-novo-2024-2025-balanco-final-com-dados-provisorios-de-18-de-dezembro-de-2024-a-02-de-janeiro-de-2025\/nacional\/09\/18\/","og_locale":"pt_PT","og_type":"article","og_title":"Opera\u00e7\u00e3o \u201cNatal e Ano Novo 2024\/2025\u201d \u2013 Balan\u00e7o final com dados provis\u00f3rios de 18 de dezembro de 2024 a 02 de janeiro de 2025 - Algarve 7","og_description":"Opera\u00e7\u00e3o \u201cNatal e Ano Novo 2024\/2025\u201d \u2013 Balan\u00e7o final com dados provis\u00f3rios de 18 de dezembro de 2024 a 02 de janeiro de 2025 Nacional","og_url":"https:\/\/algarve7.pt\/index.php\/2025\/01\/operacao-natal-e-ano-novo-2024-2025-balanco-final-com-dados-provisorios-de-18-de-dezembro-de-2024-a-02-de-janeiro-de-2025\/nacional\/09\/18\/","og_site_name":"Algarve 7","article_publisher":"https:\/\/www.facebook.com\/algarve7","article_author":"https:\/\/www.facebook.com\/algarve7","article_published_time":"2025-01-03T09:18:20+00:00","article_modified_time":"2025-01-03T09:18:23+00:00","og_image":[{"width":800,"height":550,"url":"https:\/\/algarve7.pt\/wp-content\/uploads\/2024\/12\/GNR-Operacao-Natal-e-Ano-Novo.png","type":"image\/png"}],"author":"Algarve 7","twitter_card":"summary_large_image","twitter_creator":"@Algarvesete","twitter_site":"@Algarvesete","twitter_misc":{"Escrito por":"Algarve 7","Tempo estimado de leitura":"3 minutos"},"schema":{"@context":"https:\/\/schema.org","@graph":[{"@type":"Article","@id":"https:\/\/algarve7.pt\/index.php\/2025\/01\/operacao-natal-e-ano-novo-2024-2025-balanco-final-com-dados-provisorios-de-18-de-dezembro-de-2024-a-02-de-janeiro-de-2025\/nacional\/09\/18\/#article","isPartOf":{"@id":"https:\/\/algarve7.pt\/index.php\/2025\/01\/operacao-natal-e-ano-novo-2024-2025-balanco-final-com-dados-provisorios-de-18-de-dezembro-de-2024-a-02-de-janeiro-de-2025\/nacional\/09\/18\/"},"author":{"name":"Algarve 7","@id":"https:\/\/algarve7.pt\/#\/schema\/person\/23fa70681308e7b319a3204bcea45e0c"},"headline":"Opera\u00e7\u00e3o \u201cNatal e Ano Novo 2024\/2025\u201d \u2013 Balan\u00e7o final com dados provis\u00f3rios de 18 de dezembro de 2024 a 02 de janeiro de 2025","datePublished":"2025-01-03T09:18:20+00:00","dateModified":"2025-01-03T09:18:23+00:00","mainEntityOfPage":{"@id":"https:\/\/algarve7.pt\/index.php\/2025\/01\/operacao-natal-e-ano-novo-2024-2025-balanco-final-com-dados-provisorios-de-18-de-dezembro-de-2024-a-02-de-janeiro-de-2025\/nacional\/09\/18\/"},"wordCount":424,"publisher":{"@id":"https:\/\/algarve7.pt\/#organization"},"image":{"@id":"https:\/\/algarve7.pt\/index.php\/2025\/01\/operacao-natal-e-ano-novo-2024-2025-balanco-final-com-dados-provisorios-de-18-de-dezembro-de-2024-a-02-de-janeiro-de-2025\/nacional\/09\/18\/#primaryimage"},"thumbnailUrl":"https:\/\/algarve7.pt\/wp-content\/uploads\/2024\/12\/GNR-Operacao-Natal-e-Ano-Novo.png","keywords":["GNR","Nacional"],"articleSection":["Nacional"],"inLanguage":"pt-PT"},{"@type":"WebPage","@id":"https:\/\/algarve7.pt\/index.php\/2025\/01\/operacao-natal-e-ano-novo-2024-2025-balanco-final-com-dados-provisorios-de-18-de-dezembro-de-2024-a-02-de-janeiro-de-2025\/nacional\/09\/18\/","url":"https:\/\/algarve7.pt\/index.php\/2025\/01\/operacao-natal-e-ano-novo-2024-2025-balanco-final-com-dados-provisorios-de-18-de-dezembro-de-2024-a-02-de-janeiro-de-2025\/nacional\/09\/18\/","name":"Opera\u00e7\u00e3o \u201cNatal e Ano Novo 2024\/2025\u201d \u2013 Balan\u00e7o final com dados provis\u00f3rios de 18 de dezembro de 2024 a 02 de janeiro de 2025 - Algarve 7","isPartOf":{"@id":"https:\/\/algarve7.pt\/#website"},"primaryImageOfPage":{"@id":"https:\/\/algarve7.pt\/index.php\/2025\/01\/operacao-natal-e-ano-novo-2024-2025-balanco-final-com-dados-provisorios-de-18-de-dezembro-de-2024-a-02-de-janeiro-de-2025\/nacional\/09\/18\/#primaryimage"},"image":{"@id":"https:\/\/algarve7.pt\/index.php\/2025\/01\/operacao-natal-e-ano-novo-2024-2025-balanco-final-com-dados-provisorios-de-18-de-dezembro-de-2024-a-02-de-janeiro-de-2025\/nacional\/09\/18\/#primaryimage"},"thumbnailUrl":"https:\/\/algarve7.pt\/wp-content\/uploads\/2024\/12\/GNR-Operacao-Natal-e-Ano-Novo.png","datePublished":"2025-01-03T09:18:20+00:00","dateModified":"2025-01-03T09:18:23+00:00","description":"Opera\u00e7\u00e3o \u201cNatal e Ano Novo 2024\/2025\u201d \u2013 Balan\u00e7o final com dados provis\u00f3rios de 18 de dezembro de 2024 a 02 de janeiro de 2025 Nacional","breadcrumb":{"@id":"https:\/\/algarve7.pt\/index.php\/2025\/01\/operacao-natal-e-ano-novo-2024-2025-balanco-final-com-dados-provisorios-de-18-de-dezembro-de-2024-a-02-de-janeiro-de-2025\/nacional\/09\/18\/#breadcrumb"},"inLanguage":"pt-PT","potentialAction":[{"@type":"ReadAction","target":["https:\/\/algarve7.pt\/index.php\/2025\/01\/operacao-natal-e-ano-novo-2024-2025-balanco-final-com-dados-provisorios-de-18-de-dezembro-de-2024-a-02-de-janeiro-de-2025\/nacional\/09\/18\/"]}]},{"@type":"ImageObject","inLanguage":"pt-PT","@id":"https:\/\/algarve7.pt\/index.php\/2025\/01\/operacao-natal-e-ano-novo-2024-2025-balanco-final-com-dados-provisorios-de-18-de-dezembro-de-2024-a-02-de-janeiro-de-2025\/nacional\/09\/18\/#primaryimage","url":"https:\/\/algarve7.pt\/wp-content\/uploads\/2024\/12\/GNR-Operacao-Natal-e-Ano-Novo.png","contentUrl":"https:\/\/algarve7.pt\/wp-content\/uploads\/2024\/12\/GNR-Operacao-Natal-e-Ano-Novo.png","width":800,"height":550},{"@type":"BreadcrumbList","@id":"https:\/\/algarve7.pt\/index.php\/2025\/01\/operacao-natal-e-ano-novo-2024-2025-balanco-final-com-dados-provisorios-de-18-de-dezembro-de-2024-a-02-de-janeiro-de-2025\/nacional\/09\/18\/#breadcrumb","itemListElement":[{"@type":"ListItem","position":1,"name":"In\u00edcio","item":"https:\/\/algarve7.pt\/"},{"@type":"ListItem","position":2,"name":"Opera\u00e7\u00e3o \u201cNatal e Ano Novo 2024\/2025\u201d \u2013 Balan\u00e7o final com dados provis\u00f3rios de 18 de dezembro de 2024 a 02 de janeiro de 2025"}]},{"@type":"WebSite","@id":"https:\/\/algarve7.pt\/#website","url":"https:\/\/algarve7.pt\/","name":"Algarve 7","description":"Informa\u00e7\u00e3o sobre o Algarve","publisher":{"@id":"https:\/\/algarve7.pt\/#organization"},"potentialAction":[{"@type":"SearchAction","target":{"@type":"EntryPoint","urlTemplate":"https:\/\/algarve7.pt\/?s={search_term_string}"},"query-input":{"@type":"PropertyValueSpecification","valueRequired":true,"valueName":"search_term_string"}}],"inLanguage":"pt-PT"},{"@type":"Organization","@id":"https:\/\/algarve7.pt\/#organization","name":"Algarve 7","url":"https:\/\/algarve7.pt\/","logo":{"@type":"ImageObject","inLanguage":"pt-PT","@id":"https:\/\/algarve7.pt\/#\/schema\/logo\/image\/","url":"https:\/\/algarve7.pt\/wp-content\/uploads\/2020\/10\/Logo-8.jpg","contentUrl":"https:\/\/algarve7.pt\/wp-content\/uploads\/2020\/10\/Logo-8.jpg","width":1680,"height":1186,"caption":"Algarve 7"},"image":{"@id":"https:\/\/algarve7.pt\/#\/schema\/logo\/image\/"},"sameAs":["https:\/\/www.facebook.com\/algarve7","https:\/\/x.com\/Algarvesete","https:\/\/www.instagram.com\/jornalalgarve7\/","https:\/\/www.linkedin.com\/company\/algarve7","https:\/\/www.pinterest.pt\/geral0939\/_created\/"]},{"@type":"Person","@id":"https:\/\/algarve7.pt\/#\/schema\/person\/23fa70681308e7b319a3204bcea45e0c","name":"Algarve 7","sameAs":["https:\/\/algarve7.pt","https:\/\/www.facebook.com\/algarve7"],"url":"https:\/\/algarve7.pt\/index.php\/author\/geralalgarve7-pt\/"}]}},"jetpack_publicize_connections":[],"jetpack_featured_media_url":"https:\/\/algarve7.pt\/wp-content\/uploads\/2024\/12\/GNR-Operacao-Natal-e-Ano-Novo.png","jetpack_shortlink":"https:\/\/wp.me\/pcezmW-bWi","jetpack_sharing_enabled":true,"_links":{"self":[{"href":"https:\/\/algarve7.pt\/index.php\/wp-json\/wp\/v2\/posts\/45898","targetHints":{"allow":["GET"]}}],"collection":[{"href":"https:\/\/algarve7.pt\/index.php\/wp-json\/wp\/v2\/posts"}],"about":[{"href":"https:\/\/algarve7.pt\/index.php\/wp-json\/wp\/v2\/types\/post"}],"author":[{"embeddable":true,"href":"https:\/\/algarve7.pt\/index.php\/wp-json\/wp\/v2\/users\/1"}],"replies":[{"embeddable":true,"href":"https:\/\/algarve7.pt\/index.php\/wp-json\/wp\/v2\/comments?post=45898"}],"version-history":[{"count":0,"href":"https:\/\/algarve7.pt\/index.php\/wp-json\/wp\/v2\/posts\/45898\/revisions"}],"wp:featuredmedia":[{"embeddable":true,"href":"https:\/\/algarve7.pt\/index.php\/wp-json\/wp\/v2\/media\/45672"}],"wp:attachment":[{"href":"https:\/\/algarve7.pt\/index.php\/wp-json\/wp\/v2\/media?parent=45898"}],"wp:term":[{"taxonomy":"category","embeddable":true,"href":"https:\/\/algarve7.pt\/index.php\/wp-json\/wp\/v2\/categories?post=45898"},{"taxonomy":"post_tag","embeddable":true,"href":"https:\/\/algarve7.pt\/index.php\/wp-json\/wp\/v2\/tags?post=45898"}],"curies":[{"name":"wp","href":"https:\/\/api.w.org\/{rel}","templated":true}]}}