{"id":45863,"date":"2024-12-31T11:00:00","date_gmt":"2024-12-31T11:00:00","guid":{"rendered":"https:\/\/algarve7.pt\/?p=45863"},"modified":"2024-12-31T10:06:40","modified_gmt":"2024-12-31T10:06:40","slug":"governo-faz-acordo-com-sindicato-independente-dos-medicos","status":"publish","type":"post","link":"https:\/\/algarve7.pt\/index.php\/2024\/12\/governo-faz-acordo-com-sindicato-independente-dos-medicos\/saude\/11\/00\/","title":{"rendered":"Governo faz acordo com Sindicato Independente dos M\u00e9dicos\u00a0"},"content":{"rendered":"\n<p>O Governo, representado pelo Minist\u00e9rio da Sa\u00fade e pelo Minist\u00e9rio das Finan\u00e7as, assinou hoje, 30 de dezembro, um acordo negocial com o Sindicato Independente dos M\u00e9dicos, SIM. Este acordo foi constru\u00eddo ao longo de 6 meses, de forma construtiva, colaborativa, respons\u00e1vel em prol do Servi\u00e7o Nacional de Sa\u00fade.&nbsp;<\/p>\n\n\n\n<p>A Proposta do Governo assegura a revis\u00e3o da tabela remunerat\u00f3ria e a valoriza\u00e7\u00e3o remunerat\u00f3ria para os m\u00e9dicos de todos os regimes de trabalho, incluindo a dedica\u00e7\u00e3o exclusiva, nas diversas categorias da carreira m\u00e9dica, respetivamente, Assistente, Assistente Graduado e Assistente Graduado S\u00e9nior entre 2025-2027. A esta revaloriza\u00e7\u00e3o acrescem ainda os aumentos anuais da Administra\u00e7\u00e3o P\u00fablica.<\/p>\n\n\n\n<p>Foi acordada a Revis\u00e3o do Acordo Coletivo (AC) e o Acordo Coletivo de Carreira Especial (ACCE). Destacando-se assim a revis\u00e3o e a defini\u00e7\u00e3o de regras particulares de organiza\u00e7\u00e3o e disciplina do trabalho m\u00e9dico, com particular destaque para a diminui\u00e7\u00e3o faseada (entre 2026-2028) do n\u00famero de horas de trabalho normal no servi\u00e7o de urg\u00eancia, que acompanha a transi\u00e7\u00e3o, igualmente faseada, da organiza\u00e7\u00e3o em rede do servi\u00e7o de urg\u00eancia do SNS, apostando o Governo no trabalho m\u00e9dico planeado, bem como medidas que promovam a concilia\u00e7\u00e3o entre a vida profissional e familiar.<\/p>\n\n\n\n<p>Neste acordo, os M\u00e9dicos Internos s\u00e3o tamb\u00e9m valorizados, n\u00e3o apenas em termos remunerat\u00f3rios, mas igualmente nas condi\u00e7\u00f5es de equipara\u00e7\u00e3o ao primeiro n\u00edvel da carreira m\u00e9dica no que se referem ao trabalho suplementar no servi\u00e7o de urg\u00eancia (80% do valor hora suplementar da carreira de assistente) assim como no reconhecimento imediato do seu estatuto remunerat\u00f3rio de especialista ap\u00f3s conclus\u00e3o do internato, enquanto aguardam assinatura de contrato com o SNS.<\/p>\n\n\n\n<p>Reconhecendo a import\u00e2ncia de garantir a progress\u00e3o na carreira de forma mais sustent\u00e1vel e permitir ao SNS manter a capacidade formativa das pr\u00f3ximas gera\u00e7\u00f5es de m\u00e9dicos especialistas, foi determinada a abertura anual de 350 vagas, entre 2025 e 2028, para concursos de assistentes graduados senior<a>.<\/a><\/p>\n\n\n\n<p>A Sa\u00fade P\u00fablica, \u00e9 neste acordo, substancialmente valorizada, atrav\u00e9s do aumento de 100% do suplemento de autoridade de sa\u00fade p\u00fablica, tendo 50% sido concretizados em outubro de 2024 e em janeiro de 2025, os restantes 50%.<\/p>\n\n\n\n<p>Deu-se particular destaque aos m\u00e9dicos que fazem parte dos quadros do INEM, reconhecendo que o trabalho desenvolvido \u00e9 equiparado ao trabalho dos m\u00e9dicos em servi\u00e7o de urg\u00eancia.<\/p>\n\n\n\n<p>Foi ainda acordado a integra\u00e7\u00e3o na Tabela Remunerat\u00f3ria das Remunera\u00e7\u00f5es dos M\u00e9dicos com Contrato Individual de Trabalho (CIT), anterior a 2012, com ades\u00e3o volunt\u00e1ria.<\/p>\n\n\n\n<p>A revis\u00e3o do Sistema de Avalia\u00e7\u00e3o de Desempenho dos M\u00e9dicos (SIADAP), que se encontra em fase final de conclus\u00e3o, foi tamb\u00e9m alvo da negocia\u00e7\u00e3o.&nbsp;<\/p>\n\n\n\n<p>Esta negocia\u00e7\u00e3o enquadra-se na medida \u201cPlano de Motiva\u00e7\u00e3o dos Profissionais de Sa\u00fade\u201d prevista no Programa do Governo.&nbsp;<\/p>\n","protected":false},"excerpt":{"rendered":"<p>O Governo, representado pelo Minist\u00e9rio da Sa\u00fade e pelo Minist\u00e9rio das Finan\u00e7as, assinou hoje, 30 de dezembro, um acordo negocial<\/p>\n","protected":false},"author":1,"featured_media":45864,"comment_status":"closed","ping_status":"closed","sticky":false,"template":"","format":"standard","meta":{"colormag_page_container_layout":"default_layout","colormag_page_sidebar_layout":"default_layout","_monsterinsights_skip_tracking":false,"_monsterinsights_sitenote_active":false,"_monsterinsights_sitenote_note":"","_monsterinsights_sitenote_category":0,"jetpack_post_was_ever_published":false,"_jetpack_newsletter_access":"","_jetpack_dont_email_post_to_subs":false,"_jetpack_newsletter_tier_id":0,"_jetpack_memberships_contains_paywalled_content":false,"_jetpack_memberships_contains_paid_content":false,"footnotes":"","jetpack_publicize_message":"","jetpack_publicize_feature_enabled":true,"jetpack_social_post_already_shared":true,"jetpack_social_options":{"image_generator_settings":{"template":"highway","default_image_id":0,"font":"","enabled":false},"version":2}},"categories":[59],"tags":[98,58],"class_list":["post-45863","post","type-post","status-publish","format-standard","has-post-thumbnail","hentry","category-saude","tag-nacional","tag-saude"],"yoast_head":"<!-- This site is optimized with the Yoast SEO plugin v27.5 - https:\/\/yoast.com\/product\/yoast-seo-wordpress\/ -->\n<title>Governo faz acordo com Sindicato Independente dos M\u00e9dicos\u00a0 - Algarve 7<\/title>\n<meta name=\"description\" content=\"Governo faz acordo com Sindicato Independente dos M\u00e9dicos\u00a0 Sa\u00fade\" \/>\n<meta name=\"robots\" content=\"index, follow, max-snippet:-1, max-image-preview:large, max-video-preview:-1\" \/>\n<link rel=\"canonical\" href=\"https:\/\/algarve7.pt\/index.php\/2024\/12\/governo-faz-acordo-com-sindicato-independente-dos-medicos\/saude\/11\/00\/\" \/>\n<meta property=\"og:locale\" content=\"pt_PT\" \/>\n<meta property=\"og:type\" content=\"article\" \/>\n<meta property=\"og:title\" content=\"Governo faz acordo com Sindicato Independente dos M\u00e9dicos\u00a0 - Algarve 7\" \/>\n<meta property=\"og:description\" content=\"Governo faz acordo com Sindicato Independente dos M\u00e9dicos\u00a0 Sa\u00fade\" \/>\n<meta property=\"og:url\" content=\"https:\/\/algarve7.pt\/index.php\/2024\/12\/governo-faz-acordo-com-sindicato-independente-dos-medicos\/saude\/11\/00\/\" \/>\n<meta property=\"og:site_name\" content=\"Algarve 7\" \/>\n<meta property=\"article:publisher\" content=\"https:\/\/www.facebook.com\/algarve7\" \/>\n<meta property=\"article:author\" content=\"https:\/\/www.facebook.com\/algarve7\" \/>\n<meta property=\"article:published_time\" content=\"2024-12-31T11:00:00+00:00\" \/>\n<meta property=\"og:image\" content=\"https:\/\/algarve7.pt\/wp-content\/uploads\/2024\/12\/Ministerio-da-Saude.png\" \/>\n\t<meta property=\"og:image:width\" content=\"800\" \/>\n\t<meta property=\"og:image:height\" content=\"520\" \/>\n\t<meta property=\"og:image:type\" content=\"image\/png\" \/>\n<meta name=\"author\" content=\"Algarve 7\" \/>\n<meta name=\"twitter:card\" content=\"summary_large_image\" \/>\n<meta name=\"twitter:creator\" content=\"@Algarvesete\" \/>\n<meta name=\"twitter:site\" content=\"@Algarvesete\" \/>\n<meta name=\"twitter:label1\" content=\"Escrito por\" \/>\n\t<meta name=\"twitter:data1\" content=\"Algarve 7\" \/>\n\t<meta name=\"twitter:label2\" content=\"Tempo estimado de leitura\" \/>\n\t<meta name=\"twitter:data2\" content=\"3 minutos\" \/>\n<script type=\"application\/ld+json\" class=\"yoast-schema-graph\">{\"@context\":\"https:\\\/\\\/schema.org\",\"@graph\":[{\"@type\":\"Article\",\"@id\":\"https:\\\/\\\/algarve7.pt\\\/index.php\\\/2024\\\/12\\\/governo-faz-acordo-com-sindicato-independente-dos-medicos\\\/saude\\\/11\\\/00\\\/#article\",\"isPartOf\":{\"@id\":\"https:\\\/\\\/algarve7.pt\\\/index.php\\\/2024\\\/12\\\/governo-faz-acordo-com-sindicato-independente-dos-medicos\\\/saude\\\/11\\\/00\\\/\"},\"author\":{\"name\":\"Algarve 7\",\"@id\":\"https:\\\/\\\/algarve7.pt\\\/#\\\/schema\\\/person\\\/23fa70681308e7b319a3204bcea45e0c\"},\"headline\":\"Governo faz acordo com Sindicato Independente dos M\u00e9dicos\u00a0\",\"datePublished\":\"2024-12-31T11:00:00+00:00\",\"mainEntityOfPage\":{\"@id\":\"https:\\\/\\\/algarve7.pt\\\/index.php\\\/2024\\\/12\\\/governo-faz-acordo-com-sindicato-independente-dos-medicos\\\/saude\\\/11\\\/00\\\/\"},\"wordCount\":509,\"publisher\":{\"@id\":\"https:\\\/\\\/algarve7.pt\\\/#organization\"},\"image\":{\"@id\":\"https:\\\/\\\/algarve7.pt\\\/index.php\\\/2024\\\/12\\\/governo-faz-acordo-com-sindicato-independente-dos-medicos\\\/saude\\\/11\\\/00\\\/#primaryimage\"},\"thumbnailUrl\":\"https:\\\/\\\/algarve7.pt\\\/wp-content\\\/uploads\\\/2024\\\/12\\\/Ministerio-da-Saude.png\",\"keywords\":[\"Nacional\",\"Sa\u00fade\"],\"articleSection\":[\"Sa\u00fade\"],\"inLanguage\":\"pt-PT\"},{\"@type\":\"WebPage\",\"@id\":\"https:\\\/\\\/algarve7.pt\\\/index.php\\\/2024\\\/12\\\/governo-faz-acordo-com-sindicato-independente-dos-medicos\\\/saude\\\/11\\\/00\\\/\",\"url\":\"https:\\\/\\\/algarve7.pt\\\/index.php\\\/2024\\\/12\\\/governo-faz-acordo-com-sindicato-independente-dos-medicos\\\/saude\\\/11\\\/00\\\/\",\"name\":\"Governo faz acordo com Sindicato Independente dos M\u00e9dicos\u00a0 - Algarve 7\",\"isPartOf\":{\"@id\":\"https:\\\/\\\/algarve7.pt\\\/#website\"},\"primaryImageOfPage\":{\"@id\":\"https:\\\/\\\/algarve7.pt\\\/index.php\\\/2024\\\/12\\\/governo-faz-acordo-com-sindicato-independente-dos-medicos\\\/saude\\\/11\\\/00\\\/#primaryimage\"},\"image\":{\"@id\":\"https:\\\/\\\/algarve7.pt\\\/index.php\\\/2024\\\/12\\\/governo-faz-acordo-com-sindicato-independente-dos-medicos\\\/saude\\\/11\\\/00\\\/#primaryimage\"},\"thumbnailUrl\":\"https:\\\/\\\/algarve7.pt\\\/wp-content\\\/uploads\\\/2024\\\/12\\\/Ministerio-da-Saude.png\",\"datePublished\":\"2024-12-31T11:00:00+00:00\",\"description\":\"Governo faz acordo com Sindicato Independente dos M\u00e9dicos\u00a0 Sa\u00fade\",\"breadcrumb\":{\"@id\":\"https:\\\/\\\/algarve7.pt\\\/index.php\\\/2024\\\/12\\\/governo-faz-acordo-com-sindicato-independente-dos-medicos\\\/saude\\\/11\\\/00\\\/#breadcrumb\"},\"inLanguage\":\"pt-PT\",\"potentialAction\":[{\"@type\":\"ReadAction\",\"target\":[\"https:\\\/\\\/algarve7.pt\\\/index.php\\\/2024\\\/12\\\/governo-faz-acordo-com-sindicato-independente-dos-medicos\\\/saude\\\/11\\\/00\\\/\"]}]},{\"@type\":\"ImageObject\",\"inLanguage\":\"pt-PT\",\"@id\":\"https:\\\/\\\/algarve7.pt\\\/index.php\\\/2024\\\/12\\\/governo-faz-acordo-com-sindicato-independente-dos-medicos\\\/saude\\\/11\\\/00\\\/#primaryimage\",\"url\":\"https:\\\/\\\/algarve7.pt\\\/wp-content\\\/uploads\\\/2024\\\/12\\\/Ministerio-da-Saude.png\",\"contentUrl\":\"https:\\\/\\\/algarve7.pt\\\/wp-content\\\/uploads\\\/2024\\\/12\\\/Ministerio-da-Saude.png\",\"width\":800,\"height\":520},{\"@type\":\"BreadcrumbList\",\"@id\":\"https:\\\/\\\/algarve7.pt\\\/index.php\\\/2024\\\/12\\\/governo-faz-acordo-com-sindicato-independente-dos-medicos\\\/saude\\\/11\\\/00\\\/#breadcrumb\",\"itemListElement\":[{\"@type\":\"ListItem\",\"position\":1,\"name\":\"In\u00edcio\",\"item\":\"https:\\\/\\\/algarve7.pt\\\/\"},{\"@type\":\"ListItem\",\"position\":2,\"name\":\"Governo faz acordo com Sindicato Independente dos M\u00e9dicos\u00a0\"}]},{\"@type\":\"WebSite\",\"@id\":\"https:\\\/\\\/algarve7.pt\\\/#website\",\"url\":\"https:\\\/\\\/algarve7.pt\\\/\",\"name\":\"Algarve 7\",\"description\":\"Informa\u00e7\u00e3o sobre o Algarve\",\"publisher\":{\"@id\":\"https:\\\/\\\/algarve7.pt\\\/#organization\"},\"potentialAction\":[{\"@type\":\"SearchAction\",\"target\":{\"@type\":\"EntryPoint\",\"urlTemplate\":\"https:\\\/\\\/algarve7.pt\\\/?s={search_term_string}\"},\"query-input\":{\"@type\":\"PropertyValueSpecification\",\"valueRequired\":true,\"valueName\":\"search_term_string\"}}],\"inLanguage\":\"pt-PT\"},{\"@type\":\"Organization\",\"@id\":\"https:\\\/\\\/algarve7.pt\\\/#organization\",\"name\":\"Algarve 7\",\"url\":\"https:\\\/\\\/algarve7.pt\\\/\",\"logo\":{\"@type\":\"ImageObject\",\"inLanguage\":\"pt-PT\",\"@id\":\"https:\\\/\\\/algarve7.pt\\\/#\\\/schema\\\/logo\\\/image\\\/\",\"url\":\"https:\\\/\\\/algarve7.pt\\\/wp-content\\\/uploads\\\/2020\\\/10\\\/Logo-8.jpg\",\"contentUrl\":\"https:\\\/\\\/algarve7.pt\\\/wp-content\\\/uploads\\\/2020\\\/10\\\/Logo-8.jpg\",\"width\":1680,\"height\":1186,\"caption\":\"Algarve 7\"},\"image\":{\"@id\":\"https:\\\/\\\/algarve7.pt\\\/#\\\/schema\\\/logo\\\/image\\\/\"},\"sameAs\":[\"https:\\\/\\\/www.facebook.com\\\/algarve7\",\"https:\\\/\\\/x.com\\\/Algarvesete\",\"https:\\\/\\\/www.instagram.com\\\/jornalalgarve7\\\/\",\"https:\\\/\\\/www.linkedin.com\\\/company\\\/algarve7\",\"https:\\\/\\\/www.pinterest.pt\\\/geral0939\\\/_created\\\/\"]},{\"@type\":\"Person\",\"@id\":\"https:\\\/\\\/algarve7.pt\\\/#\\\/schema\\\/person\\\/23fa70681308e7b319a3204bcea45e0c\",\"name\":\"Algarve 7\",\"sameAs\":[\"https:\\\/\\\/algarve7.pt\",\"https:\\\/\\\/www.facebook.com\\\/algarve7\"],\"url\":\"https:\\\/\\\/algarve7.pt\\\/index.php\\\/author\\\/geralalgarve7-pt\\\/\"}]}<\/script>\n<!-- \/ Yoast SEO plugin. -->","yoast_head_json":{"title":"Governo faz acordo com Sindicato Independente dos M\u00e9dicos\u00a0 - Algarve 7","description":"Governo faz acordo com Sindicato Independente dos M\u00e9dicos\u00a0 Sa\u00fade","robots":{"index":"index","follow":"follow","max-snippet":"max-snippet:-1","max-image-preview":"max-image-preview:large","max-video-preview":"max-video-preview:-1"},"canonical":"https:\/\/algarve7.pt\/index.php\/2024\/12\/governo-faz-acordo-com-sindicato-independente-dos-medicos\/saude\/11\/00\/","og_locale":"pt_PT","og_type":"article","og_title":"Governo faz acordo com Sindicato Independente dos M\u00e9dicos\u00a0 - Algarve 7","og_description":"Governo faz acordo com Sindicato Independente dos M\u00e9dicos\u00a0 Sa\u00fade","og_url":"https:\/\/algarve7.pt\/index.php\/2024\/12\/governo-faz-acordo-com-sindicato-independente-dos-medicos\/saude\/11\/00\/","og_site_name":"Algarve 7","article_publisher":"https:\/\/www.facebook.com\/algarve7","article_author":"https:\/\/www.facebook.com\/algarve7","article_published_time":"2024-12-31T11:00:00+00:00","og_image":[{"width":800,"height":520,"url":"https:\/\/algarve7.pt\/wp-content\/uploads\/2024\/12\/Ministerio-da-Saude.png","type":"image\/png"}],"author":"Algarve 7","twitter_card":"summary_large_image","twitter_creator":"@Algarvesete","twitter_site":"@Algarvesete","twitter_misc":{"Escrito por":"Algarve 7","Tempo estimado de leitura":"3 minutos"},"schema":{"@context":"https:\/\/schema.org","@graph":[{"@type":"Article","@id":"https:\/\/algarve7.pt\/index.php\/2024\/12\/governo-faz-acordo-com-sindicato-independente-dos-medicos\/saude\/11\/00\/#article","isPartOf":{"@id":"https:\/\/algarve7.pt\/index.php\/2024\/12\/governo-faz-acordo-com-sindicato-independente-dos-medicos\/saude\/11\/00\/"},"author":{"name":"Algarve 7","@id":"https:\/\/algarve7.pt\/#\/schema\/person\/23fa70681308e7b319a3204bcea45e0c"},"headline":"Governo faz acordo com Sindicato Independente dos M\u00e9dicos\u00a0","datePublished":"2024-12-31T11:00:00+00:00","mainEntityOfPage":{"@id":"https:\/\/algarve7.pt\/index.php\/2024\/12\/governo-faz-acordo-com-sindicato-independente-dos-medicos\/saude\/11\/00\/"},"wordCount":509,"publisher":{"@id":"https:\/\/algarve7.pt\/#organization"},"image":{"@id":"https:\/\/algarve7.pt\/index.php\/2024\/12\/governo-faz-acordo-com-sindicato-independente-dos-medicos\/saude\/11\/00\/#primaryimage"},"thumbnailUrl":"https:\/\/algarve7.pt\/wp-content\/uploads\/2024\/12\/Ministerio-da-Saude.png","keywords":["Nacional","Sa\u00fade"],"articleSection":["Sa\u00fade"],"inLanguage":"pt-PT"},{"@type":"WebPage","@id":"https:\/\/algarve7.pt\/index.php\/2024\/12\/governo-faz-acordo-com-sindicato-independente-dos-medicos\/saude\/11\/00\/","url":"https:\/\/algarve7.pt\/index.php\/2024\/12\/governo-faz-acordo-com-sindicato-independente-dos-medicos\/saude\/11\/00\/","name":"Governo faz acordo com Sindicato Independente dos M\u00e9dicos\u00a0 - Algarve 7","isPartOf":{"@id":"https:\/\/algarve7.pt\/#website"},"primaryImageOfPage":{"@id":"https:\/\/algarve7.pt\/index.php\/2024\/12\/governo-faz-acordo-com-sindicato-independente-dos-medicos\/saude\/11\/00\/#primaryimage"},"image":{"@id":"https:\/\/algarve7.pt\/index.php\/2024\/12\/governo-faz-acordo-com-sindicato-independente-dos-medicos\/saude\/11\/00\/#primaryimage"},"thumbnailUrl":"https:\/\/algarve7.pt\/wp-content\/uploads\/2024\/12\/Ministerio-da-Saude.png","datePublished":"2024-12-31T11:00:00+00:00","description":"Governo faz acordo com Sindicato Independente dos M\u00e9dicos\u00a0 Sa\u00fade","breadcrumb":{"@id":"https:\/\/algarve7.pt\/index.php\/2024\/12\/governo-faz-acordo-com-sindicato-independente-dos-medicos\/saude\/11\/00\/#breadcrumb"},"inLanguage":"pt-PT","potentialAction":[{"@type":"ReadAction","target":["https:\/\/algarve7.pt\/index.php\/2024\/12\/governo-faz-acordo-com-sindicato-independente-dos-medicos\/saude\/11\/00\/"]}]},{"@type":"ImageObject","inLanguage":"pt-PT","@id":"https:\/\/algarve7.pt\/index.php\/2024\/12\/governo-faz-acordo-com-sindicato-independente-dos-medicos\/saude\/11\/00\/#primaryimage","url":"https:\/\/algarve7.pt\/wp-content\/uploads\/2024\/12\/Ministerio-da-Saude.png","contentUrl":"https:\/\/algarve7.pt\/wp-content\/uploads\/2024\/12\/Ministerio-da-Saude.png","width":800,"height":520},{"@type":"BreadcrumbList","@id":"https:\/\/algarve7.pt\/index.php\/2024\/12\/governo-faz-acordo-com-sindicato-independente-dos-medicos\/saude\/11\/00\/#breadcrumb","itemListElement":[{"@type":"ListItem","position":1,"name":"In\u00edcio","item":"https:\/\/algarve7.pt\/"},{"@type":"ListItem","position":2,"name":"Governo faz acordo com Sindicato Independente dos M\u00e9dicos\u00a0"}]},{"@type":"WebSite","@id":"https:\/\/algarve7.pt\/#website","url":"https:\/\/algarve7.pt\/","name":"Algarve 7","description":"Informa\u00e7\u00e3o sobre o Algarve","publisher":{"@id":"https:\/\/algarve7.pt\/#organization"},"potentialAction":[{"@type":"SearchAction","target":{"@type":"EntryPoint","urlTemplate":"https:\/\/algarve7.pt\/?s={search_term_string}"},"query-input":{"@type":"PropertyValueSpecification","valueRequired":true,"valueName":"search_term_string"}}],"inLanguage":"pt-PT"},{"@type":"Organization","@id":"https:\/\/algarve7.pt\/#organization","name":"Algarve 7","url":"https:\/\/algarve7.pt\/","logo":{"@type":"ImageObject","inLanguage":"pt-PT","@id":"https:\/\/algarve7.pt\/#\/schema\/logo\/image\/","url":"https:\/\/algarve7.pt\/wp-content\/uploads\/2020\/10\/Logo-8.jpg","contentUrl":"https:\/\/algarve7.pt\/wp-content\/uploads\/2020\/10\/Logo-8.jpg","width":1680,"height":1186,"caption":"Algarve 7"},"image":{"@id":"https:\/\/algarve7.pt\/#\/schema\/logo\/image\/"},"sameAs":["https:\/\/www.facebook.com\/algarve7","https:\/\/x.com\/Algarvesete","https:\/\/www.instagram.com\/jornalalgarve7\/","https:\/\/www.linkedin.com\/company\/algarve7","https:\/\/www.pinterest.pt\/geral0939\/_created\/"]},{"@type":"Person","@id":"https:\/\/algarve7.pt\/#\/schema\/person\/23fa70681308e7b319a3204bcea45e0c","name":"Algarve 7","sameAs":["https:\/\/algarve7.pt","https:\/\/www.facebook.com\/algarve7"],"url":"https:\/\/algarve7.pt\/index.php\/author\/geralalgarve7-pt\/"}]}},"jetpack_publicize_connections":[],"jetpack_featured_media_url":"https:\/\/algarve7.pt\/wp-content\/uploads\/2024\/12\/Ministerio-da-Saude.png","jetpack_shortlink":"https:\/\/wp.me\/pcezmW-bVJ","jetpack_sharing_enabled":true,"_links":{"self":[{"href":"https:\/\/algarve7.pt\/index.php\/wp-json\/wp\/v2\/posts\/45863","targetHints":{"allow":["GET"]}}],"collection":[{"href":"https:\/\/algarve7.pt\/index.php\/wp-json\/wp\/v2\/posts"}],"about":[{"href":"https:\/\/algarve7.pt\/index.php\/wp-json\/wp\/v2\/types\/post"}],"author":[{"embeddable":true,"href":"https:\/\/algarve7.pt\/index.php\/wp-json\/wp\/v2\/users\/1"}],"replies":[{"embeddable":true,"href":"https:\/\/algarve7.pt\/index.php\/wp-json\/wp\/v2\/comments?post=45863"}],"version-history":[{"count":0,"href":"https:\/\/algarve7.pt\/index.php\/wp-json\/wp\/v2\/posts\/45863\/revisions"}],"wp:featuredmedia":[{"embeddable":true,"href":"https:\/\/algarve7.pt\/index.php\/wp-json\/wp\/v2\/media\/45864"}],"wp:attachment":[{"href":"https:\/\/algarve7.pt\/index.php\/wp-json\/wp\/v2\/media?parent=45863"}],"wp:term":[{"taxonomy":"category","embeddable":true,"href":"https:\/\/algarve7.pt\/index.php\/wp-json\/wp\/v2\/categories?post=45863"},{"taxonomy":"post_tag","embeddable":true,"href":"https:\/\/algarve7.pt\/index.php\/wp-json\/wp\/v2\/tags?post=45863"}],"curies":[{"name":"wp","href":"https:\/\/api.w.org\/{rel}","templated":true}]}}