{"id":45826,"date":"2024-12-28T10:00:00","date_gmt":"2024-12-28T10:00:00","guid":{"rendered":"https:\/\/algarve7.pt\/?p=45826"},"modified":"2024-12-27T18:57:19","modified_gmt":"2024-12-27T18:57:19","slug":"jovens-sao-brasenses-erguem-monumento-ao-saber","status":"publish","type":"post","link":"https:\/\/algarve7.pt\/index.php\/2024\/12\/jovens-sao-brasenses-erguem-monumento-ao-saber\/atualidade\/10\/00\/","title":{"rendered":"Jovens S\u00e3o-Brasenses erguem monumento ao Saber"},"content":{"rendered":"\n<p><strong>S\u00e3o Br\u00e1s de Alportel inaugurou esta ter\u00e7a-feira, 17 de dezembro, o Monumento ao Saber, uma obra que celebra o poder transformador da educa\u00e7\u00e3o e da juventude. Localizado na Rotunda do Saber, este conjunto escult\u00f3rico resultou de um concurso de ideias lan\u00e7ado pela C\u00e2mara Municipal aos jovens estudantes que integram a Assembleia Jovem e foi concretizado pelo escultor Carlos de Oliveira Correia.<\/strong><\/p>\n\n\n\n<p>O monumento \u00e9 composto por um conjunto de obras escult\u00f3ricas da autoria do escultor Carlos de Oliveira Correia com base na ideia lan\u00e7ada pela turma do 8\u00baA do ano letivo de 2022\/23 do Agrupamento de Escolas Jos\u00e9 Belchior Viegas que empenharam o seu trabalho, vis\u00e3o e criatividade para a cria\u00e7\u00e3o deste monumento de homenagem \u00e0 educa\u00e7\u00e3o.&nbsp;<\/p>\n\n\n\n<p>Na rotunda foram instaladas duas esculturas de jovens estudantes que rumam em dire\u00e7\u00e3o \u00e0 outra pe\u00e7a escult\u00f3rica que \u00e9 composta por um livro que suporta o mundo.<\/p>\n\n\n\n<p><strong>Obra inspiradora para o futuro<\/strong><\/p>\n\n\n\n<p>\u201cEstamos muito orgulhosos e felizes com o que est\u00e1 aqui representado\u201d, afirmou Carolina Contreiras, em representa\u00e7\u00e3o da turma.&nbsp;<\/p>\n\n\n\n<p>Para a Vice-Presidente da C\u00e2mara, Marlene Guerreiro, que na ocasi\u00e3o apresentou a iniciativa e o orgulho nos jovens da terra, o monumento simboliza \u201co saber, que nasce da curiosidade de uma mente inquieta e a capacidade de transformar o futuro atrav\u00e9s da sabedoria\u201d, lembrando que o saber n\u00e3o ocupa lugar, raz\u00e3o pela qual foi atribu\u00eddo o nome a uma rotunda pequena no tamanho e grande no significado; sendo de experi\u00eancia&nbsp;&nbsp;feito e aumentando tanto mais quanto mais partilhado\u201d<\/p>\n\n\n\n<p><strong>Educa\u00e7\u00e3o como riqueza maior<\/strong><\/p>\n\n\n\n<p>Durante a inaugura\u00e7\u00e3o, o Presidente da C\u00e2mara, Vitor Guerreiro, lembrou aos muitos jovens presentes que \u201co conhecimento que levam para o futuro \u00e9 a vossa maior riqueza\u201d. J\u00e1 a Delegada Regional de Educa\u00e7\u00e3o do Algarve, Carla Alexandra Fernandes, destacou o monumento como s\u00edmbolo da import\u00e2ncia da educa\u00e7\u00e3o e da voz ativa dos jovens em S\u00e3o Br\u00e1s de Alportel, elogiando a din\u00e2mica do munic\u00edpio e o papel da Assembleia Jovem.<\/p>\n\n\n\n<p><strong>Sonhos que se tornam realidade<\/strong><\/p>\n\n\n\n<p>A Diretora do Agrupamento, S\u00f3nia Figueiredo, enalteceu o empenho de todos os envolvidos, afirmando que o monumento \u00e9 prova de que \u201cos sonhos se concretizam quando queremos\u201d.<\/p>\n\n\n\n<p>Estamos aqui reunidos por algo t\u00e3o distinto e \u00fanico, enqanto indiv\u00edduos e comunidade, representar e homenagear a arte de ser curioso, a arte de interrogar o \u00f3bvio &#8211; a arte do saber.<\/p>\n\n\n\n<p>\u201cConsidero que o conceito desta obra vai para al\u00e9m do que cada um de n\u00f3s observa\u201d, observou o artista Carlos de Oliveira Correia destacando o facto de a obra ter sido idealizada por jovens e integrada num espa\u00e7o p\u00fablico junto a um estabelecimento de ensino. \u201cEste conjunto escult\u00f3rico procura representar todos os fundamentos essenciais para o saber: a curiosidade, a determina\u00e7\u00e3o e a partilha\u201d, afirmou frisando que \u201c\u00e9 na escola que se aprende a ser quem queremos ser, e qual o papel que queremos ter enquanto cidad\u00e3os\u201d.<\/p>\n\n\n\n<p>A par da natural homenagem \u00e0 educa\u00e7\u00e3o e a todos os que se dedicam \u00e0 forma\u00e7\u00e3o das novas gera\u00e7\u00f5es, o Monumento ao Saber enriquece o patrim\u00f3nio cultural s\u00e3o-brasense e afirma o concelho como um espa\u00e7o de criatividade e participa\u00e7\u00e3o jovem, constituindo mais um elemento muito relevante na rota da arte urbana.<\/p>\n","protected":false},"excerpt":{"rendered":"<p>S\u00e3o Br\u00e1s de Alportel inaugurou esta ter\u00e7a-feira, 17 de dezembro, o Monumento ao Saber, uma obra que celebra o poder<\/p>\n","protected":false},"author":1,"featured_media":45827,"comment_status":"closed","ping_status":"closed","sticky":false,"template":"","format":"standard","meta":{"colormag_page_container_layout":"default_layout","colormag_page_sidebar_layout":"default_layout","_monsterinsights_skip_tracking":false,"_monsterinsights_sitenote_active":false,"_monsterinsights_sitenote_note":"","_monsterinsights_sitenote_category":0,"jetpack_post_was_ever_published":false,"_jetpack_newsletter_access":"","_jetpack_dont_email_post_to_subs":false,"_jetpack_newsletter_tier_id":0,"_jetpack_memberships_contains_paywalled_content":false,"_jetpack_memberships_contains_paid_content":false,"footnotes":"","jetpack_publicize_message":"","jetpack_publicize_feature_enabled":true,"jetpack_social_post_already_shared":true,"jetpack_social_options":{"image_generator_settings":{"template":"highway","default_image_id":0,"font":"","enabled":false},"version":2}},"categories":[11],"tags":[36,62,63],"class_list":["post-45826","post","type-post","status-publish","format-standard","has-post-thumbnail","hentry","category-atualidade","tag-algarve","tag-atualidade","tag-sao-bras-de-alportel"],"yoast_head":"<!-- This site is optimized with the Yoast SEO plugin v27.5 - https:\/\/yoast.com\/product\/yoast-seo-wordpress\/ -->\n<title>Jovens S\u00e3o-Brasenses erguem monumento ao Saber - Algarve 7<\/title>\n<meta name=\"description\" content=\"Jovens S\u00e3o-Brasenses erguem monumento ao Saber Atualidade\" \/>\n<meta name=\"robots\" content=\"index, follow, max-snippet:-1, max-image-preview:large, max-video-preview:-1\" \/>\n<link rel=\"canonical\" href=\"https:\/\/algarve7.pt\/index.php\/2024\/12\/jovens-sao-brasenses-erguem-monumento-ao-saber\/atualidade\/10\/00\/\" \/>\n<meta property=\"og:locale\" content=\"pt_PT\" \/>\n<meta property=\"og:type\" content=\"article\" \/>\n<meta property=\"og:title\" content=\"Jovens S\u00e3o-Brasenses erguem monumento ao Saber - Algarve 7\" \/>\n<meta property=\"og:description\" content=\"Jovens S\u00e3o-Brasenses erguem monumento ao Saber Atualidade\" \/>\n<meta property=\"og:url\" content=\"https:\/\/algarve7.pt\/index.php\/2024\/12\/jovens-sao-brasenses-erguem-monumento-ao-saber\/atualidade\/10\/00\/\" \/>\n<meta property=\"og:site_name\" content=\"Algarve 7\" \/>\n<meta property=\"article:publisher\" content=\"https:\/\/www.facebook.com\/algarve7\" \/>\n<meta property=\"article:author\" content=\"https:\/\/www.facebook.com\/algarve7\" \/>\n<meta property=\"article:published_time\" content=\"2024-12-28T10:00:00+00:00\" \/>\n<meta property=\"og:image\" content=\"https:\/\/algarve7.pt\/wp-content\/uploads\/2024\/12\/Inauguracao_Monumento_ao_Saber_SBA-5.jpg\" \/>\n\t<meta property=\"og:image:width\" content=\"800\" \/>\n\t<meta property=\"og:image:height\" content=\"500\" \/>\n\t<meta property=\"og:image:type\" content=\"image\/jpeg\" \/>\n<meta name=\"author\" content=\"Algarve 7\" \/>\n<meta name=\"twitter:card\" content=\"summary_large_image\" \/>\n<meta name=\"twitter:creator\" content=\"@Algarvesete\" \/>\n<meta name=\"twitter:site\" content=\"@Algarvesete\" \/>\n<meta name=\"twitter:label1\" content=\"Escrito por\" \/>\n\t<meta name=\"twitter:data1\" content=\"Algarve 7\" \/>\n\t<meta name=\"twitter:label2\" content=\"Tempo estimado de leitura\" \/>\n\t<meta name=\"twitter:data2\" content=\"4 minutos\" \/>\n<script type=\"application\/ld+json\" class=\"yoast-schema-graph\">{\"@context\":\"https:\\\/\\\/schema.org\",\"@graph\":[{\"@type\":\"Article\",\"@id\":\"https:\\\/\\\/algarve7.pt\\\/index.php\\\/2024\\\/12\\\/jovens-sao-brasenses-erguem-monumento-ao-saber\\\/atualidade\\\/10\\\/00\\\/#article\",\"isPartOf\":{\"@id\":\"https:\\\/\\\/algarve7.pt\\\/index.php\\\/2024\\\/12\\\/jovens-sao-brasenses-erguem-monumento-ao-saber\\\/atualidade\\\/10\\\/00\\\/\"},\"author\":{\"name\":\"Algarve 7\",\"@id\":\"https:\\\/\\\/algarve7.pt\\\/#\\\/schema\\\/person\\\/23fa70681308e7b319a3204bcea45e0c\"},\"headline\":\"Jovens S\u00e3o-Brasenses erguem monumento ao Saber\",\"datePublished\":\"2024-12-28T10:00:00+00:00\",\"mainEntityOfPage\":{\"@id\":\"https:\\\/\\\/algarve7.pt\\\/index.php\\\/2024\\\/12\\\/jovens-sao-brasenses-erguem-monumento-ao-saber\\\/atualidade\\\/10\\\/00\\\/\"},\"wordCount\":571,\"publisher\":{\"@id\":\"https:\\\/\\\/algarve7.pt\\\/#organization\"},\"image\":{\"@id\":\"https:\\\/\\\/algarve7.pt\\\/index.php\\\/2024\\\/12\\\/jovens-sao-brasenses-erguem-monumento-ao-saber\\\/atualidade\\\/10\\\/00\\\/#primaryimage\"},\"thumbnailUrl\":\"https:\\\/\\\/algarve7.pt\\\/wp-content\\\/uploads\\\/2024\\\/12\\\/Inauguracao_Monumento_ao_Saber_SBA-5.jpg\",\"keywords\":[\"Algarve\",\"Atualidade\",\"S\u00e3o Br\u00e1s de Alportel\"],\"articleSection\":[\"Atualidade\"],\"inLanguage\":\"pt-PT\"},{\"@type\":\"WebPage\",\"@id\":\"https:\\\/\\\/algarve7.pt\\\/index.php\\\/2024\\\/12\\\/jovens-sao-brasenses-erguem-monumento-ao-saber\\\/atualidade\\\/10\\\/00\\\/\",\"url\":\"https:\\\/\\\/algarve7.pt\\\/index.php\\\/2024\\\/12\\\/jovens-sao-brasenses-erguem-monumento-ao-saber\\\/atualidade\\\/10\\\/00\\\/\",\"name\":\"Jovens S\u00e3o-Brasenses erguem monumento ao Saber - Algarve 7\",\"isPartOf\":{\"@id\":\"https:\\\/\\\/algarve7.pt\\\/#website\"},\"primaryImageOfPage\":{\"@id\":\"https:\\\/\\\/algarve7.pt\\\/index.php\\\/2024\\\/12\\\/jovens-sao-brasenses-erguem-monumento-ao-saber\\\/atualidade\\\/10\\\/00\\\/#primaryimage\"},\"image\":{\"@id\":\"https:\\\/\\\/algarve7.pt\\\/index.php\\\/2024\\\/12\\\/jovens-sao-brasenses-erguem-monumento-ao-saber\\\/atualidade\\\/10\\\/00\\\/#primaryimage\"},\"thumbnailUrl\":\"https:\\\/\\\/algarve7.pt\\\/wp-content\\\/uploads\\\/2024\\\/12\\\/Inauguracao_Monumento_ao_Saber_SBA-5.jpg\",\"datePublished\":\"2024-12-28T10:00:00+00:00\",\"description\":\"Jovens S\u00e3o-Brasenses erguem monumento ao Saber Atualidade\",\"breadcrumb\":{\"@id\":\"https:\\\/\\\/algarve7.pt\\\/index.php\\\/2024\\\/12\\\/jovens-sao-brasenses-erguem-monumento-ao-saber\\\/atualidade\\\/10\\\/00\\\/#breadcrumb\"},\"inLanguage\":\"pt-PT\",\"potentialAction\":[{\"@type\":\"ReadAction\",\"target\":[\"https:\\\/\\\/algarve7.pt\\\/index.php\\\/2024\\\/12\\\/jovens-sao-brasenses-erguem-monumento-ao-saber\\\/atualidade\\\/10\\\/00\\\/\"]}]},{\"@type\":\"ImageObject\",\"inLanguage\":\"pt-PT\",\"@id\":\"https:\\\/\\\/algarve7.pt\\\/index.php\\\/2024\\\/12\\\/jovens-sao-brasenses-erguem-monumento-ao-saber\\\/atualidade\\\/10\\\/00\\\/#primaryimage\",\"url\":\"https:\\\/\\\/algarve7.pt\\\/wp-content\\\/uploads\\\/2024\\\/12\\\/Inauguracao_Monumento_ao_Saber_SBA-5.jpg\",\"contentUrl\":\"https:\\\/\\\/algarve7.pt\\\/wp-content\\\/uploads\\\/2024\\\/12\\\/Inauguracao_Monumento_ao_Saber_SBA-5.jpg\",\"width\":800,\"height\":500},{\"@type\":\"BreadcrumbList\",\"@id\":\"https:\\\/\\\/algarve7.pt\\\/index.php\\\/2024\\\/12\\\/jovens-sao-brasenses-erguem-monumento-ao-saber\\\/atualidade\\\/10\\\/00\\\/#breadcrumb\",\"itemListElement\":[{\"@type\":\"ListItem\",\"position\":1,\"name\":\"In\u00edcio\",\"item\":\"https:\\\/\\\/algarve7.pt\\\/\"},{\"@type\":\"ListItem\",\"position\":2,\"name\":\"Jovens S\u00e3o-Brasenses erguem monumento ao Saber\"}]},{\"@type\":\"WebSite\",\"@id\":\"https:\\\/\\\/algarve7.pt\\\/#website\",\"url\":\"https:\\\/\\\/algarve7.pt\\\/\",\"name\":\"Algarve 7\",\"description\":\"Informa\u00e7\u00e3o sobre o Algarve\",\"publisher\":{\"@id\":\"https:\\\/\\\/algarve7.pt\\\/#organization\"},\"potentialAction\":[{\"@type\":\"SearchAction\",\"target\":{\"@type\":\"EntryPoint\",\"urlTemplate\":\"https:\\\/\\\/algarve7.pt\\\/?s={search_term_string}\"},\"query-input\":{\"@type\":\"PropertyValueSpecification\",\"valueRequired\":true,\"valueName\":\"search_term_string\"}}],\"inLanguage\":\"pt-PT\"},{\"@type\":\"Organization\",\"@id\":\"https:\\\/\\\/algarve7.pt\\\/#organization\",\"name\":\"Algarve 7\",\"url\":\"https:\\\/\\\/algarve7.pt\\\/\",\"logo\":{\"@type\":\"ImageObject\",\"inLanguage\":\"pt-PT\",\"@id\":\"https:\\\/\\\/algarve7.pt\\\/#\\\/schema\\\/logo\\\/image\\\/\",\"url\":\"https:\\\/\\\/algarve7.pt\\\/wp-content\\\/uploads\\\/2020\\\/10\\\/Logo-8.jpg\",\"contentUrl\":\"https:\\\/\\\/algarve7.pt\\\/wp-content\\\/uploads\\\/2020\\\/10\\\/Logo-8.jpg\",\"width\":1680,\"height\":1186,\"caption\":\"Algarve 7\"},\"image\":{\"@id\":\"https:\\\/\\\/algarve7.pt\\\/#\\\/schema\\\/logo\\\/image\\\/\"},\"sameAs\":[\"https:\\\/\\\/www.facebook.com\\\/algarve7\",\"https:\\\/\\\/x.com\\\/Algarvesete\",\"https:\\\/\\\/www.instagram.com\\\/jornalalgarve7\\\/\",\"https:\\\/\\\/www.linkedin.com\\\/company\\\/algarve7\",\"https:\\\/\\\/www.pinterest.pt\\\/geral0939\\\/_created\\\/\"]},{\"@type\":\"Person\",\"@id\":\"https:\\\/\\\/algarve7.pt\\\/#\\\/schema\\\/person\\\/23fa70681308e7b319a3204bcea45e0c\",\"name\":\"Algarve 7\",\"sameAs\":[\"https:\\\/\\\/algarve7.pt\",\"https:\\\/\\\/www.facebook.com\\\/algarve7\"],\"url\":\"https:\\\/\\\/algarve7.pt\\\/index.php\\\/author\\\/geralalgarve7-pt\\\/\"}]}<\/script>\n<!-- \/ Yoast SEO plugin. -->","yoast_head_json":{"title":"Jovens S\u00e3o-Brasenses erguem monumento ao Saber - Algarve 7","description":"Jovens S\u00e3o-Brasenses erguem monumento ao Saber Atualidade","robots":{"index":"index","follow":"follow","max-snippet":"max-snippet:-1","max-image-preview":"max-image-preview:large","max-video-preview":"max-video-preview:-1"},"canonical":"https:\/\/algarve7.pt\/index.php\/2024\/12\/jovens-sao-brasenses-erguem-monumento-ao-saber\/atualidade\/10\/00\/","og_locale":"pt_PT","og_type":"article","og_title":"Jovens S\u00e3o-Brasenses erguem monumento ao Saber - Algarve 7","og_description":"Jovens S\u00e3o-Brasenses erguem monumento ao Saber Atualidade","og_url":"https:\/\/algarve7.pt\/index.php\/2024\/12\/jovens-sao-brasenses-erguem-monumento-ao-saber\/atualidade\/10\/00\/","og_site_name":"Algarve 7","article_publisher":"https:\/\/www.facebook.com\/algarve7","article_author":"https:\/\/www.facebook.com\/algarve7","article_published_time":"2024-12-28T10:00:00+00:00","og_image":[{"width":800,"height":500,"url":"https:\/\/algarve7.pt\/wp-content\/uploads\/2024\/12\/Inauguracao_Monumento_ao_Saber_SBA-5.jpg","type":"image\/jpeg"}],"author":"Algarve 7","twitter_card":"summary_large_image","twitter_creator":"@Algarvesete","twitter_site":"@Algarvesete","twitter_misc":{"Escrito por":"Algarve 7","Tempo estimado de leitura":"4 minutos"},"schema":{"@context":"https:\/\/schema.org","@graph":[{"@type":"Article","@id":"https:\/\/algarve7.pt\/index.php\/2024\/12\/jovens-sao-brasenses-erguem-monumento-ao-saber\/atualidade\/10\/00\/#article","isPartOf":{"@id":"https:\/\/algarve7.pt\/index.php\/2024\/12\/jovens-sao-brasenses-erguem-monumento-ao-saber\/atualidade\/10\/00\/"},"author":{"name":"Algarve 7","@id":"https:\/\/algarve7.pt\/#\/schema\/person\/23fa70681308e7b319a3204bcea45e0c"},"headline":"Jovens S\u00e3o-Brasenses erguem monumento ao Saber","datePublished":"2024-12-28T10:00:00+00:00","mainEntityOfPage":{"@id":"https:\/\/algarve7.pt\/index.php\/2024\/12\/jovens-sao-brasenses-erguem-monumento-ao-saber\/atualidade\/10\/00\/"},"wordCount":571,"publisher":{"@id":"https:\/\/algarve7.pt\/#organization"},"image":{"@id":"https:\/\/algarve7.pt\/index.php\/2024\/12\/jovens-sao-brasenses-erguem-monumento-ao-saber\/atualidade\/10\/00\/#primaryimage"},"thumbnailUrl":"https:\/\/algarve7.pt\/wp-content\/uploads\/2024\/12\/Inauguracao_Monumento_ao_Saber_SBA-5.jpg","keywords":["Algarve","Atualidade","S\u00e3o Br\u00e1s de Alportel"],"articleSection":["Atualidade"],"inLanguage":"pt-PT"},{"@type":"WebPage","@id":"https:\/\/algarve7.pt\/index.php\/2024\/12\/jovens-sao-brasenses-erguem-monumento-ao-saber\/atualidade\/10\/00\/","url":"https:\/\/algarve7.pt\/index.php\/2024\/12\/jovens-sao-brasenses-erguem-monumento-ao-saber\/atualidade\/10\/00\/","name":"Jovens S\u00e3o-Brasenses erguem monumento ao Saber - Algarve 7","isPartOf":{"@id":"https:\/\/algarve7.pt\/#website"},"primaryImageOfPage":{"@id":"https:\/\/algarve7.pt\/index.php\/2024\/12\/jovens-sao-brasenses-erguem-monumento-ao-saber\/atualidade\/10\/00\/#primaryimage"},"image":{"@id":"https:\/\/algarve7.pt\/index.php\/2024\/12\/jovens-sao-brasenses-erguem-monumento-ao-saber\/atualidade\/10\/00\/#primaryimage"},"thumbnailUrl":"https:\/\/algarve7.pt\/wp-content\/uploads\/2024\/12\/Inauguracao_Monumento_ao_Saber_SBA-5.jpg","datePublished":"2024-12-28T10:00:00+00:00","description":"Jovens S\u00e3o-Brasenses erguem monumento ao Saber Atualidade","breadcrumb":{"@id":"https:\/\/algarve7.pt\/index.php\/2024\/12\/jovens-sao-brasenses-erguem-monumento-ao-saber\/atualidade\/10\/00\/#breadcrumb"},"inLanguage":"pt-PT","potentialAction":[{"@type":"ReadAction","target":["https:\/\/algarve7.pt\/index.php\/2024\/12\/jovens-sao-brasenses-erguem-monumento-ao-saber\/atualidade\/10\/00\/"]}]},{"@type":"ImageObject","inLanguage":"pt-PT","@id":"https:\/\/algarve7.pt\/index.php\/2024\/12\/jovens-sao-brasenses-erguem-monumento-ao-saber\/atualidade\/10\/00\/#primaryimage","url":"https:\/\/algarve7.pt\/wp-content\/uploads\/2024\/12\/Inauguracao_Monumento_ao_Saber_SBA-5.jpg","contentUrl":"https:\/\/algarve7.pt\/wp-content\/uploads\/2024\/12\/Inauguracao_Monumento_ao_Saber_SBA-5.jpg","width":800,"height":500},{"@type":"BreadcrumbList","@id":"https:\/\/algarve7.pt\/index.php\/2024\/12\/jovens-sao-brasenses-erguem-monumento-ao-saber\/atualidade\/10\/00\/#breadcrumb","itemListElement":[{"@type":"ListItem","position":1,"name":"In\u00edcio","item":"https:\/\/algarve7.pt\/"},{"@type":"ListItem","position":2,"name":"Jovens S\u00e3o-Brasenses erguem monumento ao Saber"}]},{"@type":"WebSite","@id":"https:\/\/algarve7.pt\/#website","url":"https:\/\/algarve7.pt\/","name":"Algarve 7","description":"Informa\u00e7\u00e3o sobre o Algarve","publisher":{"@id":"https:\/\/algarve7.pt\/#organization"},"potentialAction":[{"@type":"SearchAction","target":{"@type":"EntryPoint","urlTemplate":"https:\/\/algarve7.pt\/?s={search_term_string}"},"query-input":{"@type":"PropertyValueSpecification","valueRequired":true,"valueName":"search_term_string"}}],"inLanguage":"pt-PT"},{"@type":"Organization","@id":"https:\/\/algarve7.pt\/#organization","name":"Algarve 7","url":"https:\/\/algarve7.pt\/","logo":{"@type":"ImageObject","inLanguage":"pt-PT","@id":"https:\/\/algarve7.pt\/#\/schema\/logo\/image\/","url":"https:\/\/algarve7.pt\/wp-content\/uploads\/2020\/10\/Logo-8.jpg","contentUrl":"https:\/\/algarve7.pt\/wp-content\/uploads\/2020\/10\/Logo-8.jpg","width":1680,"height":1186,"caption":"Algarve 7"},"image":{"@id":"https:\/\/algarve7.pt\/#\/schema\/logo\/image\/"},"sameAs":["https:\/\/www.facebook.com\/algarve7","https:\/\/x.com\/Algarvesete","https:\/\/www.instagram.com\/jornalalgarve7\/","https:\/\/www.linkedin.com\/company\/algarve7","https:\/\/www.pinterest.pt\/geral0939\/_created\/"]},{"@type":"Person","@id":"https:\/\/algarve7.pt\/#\/schema\/person\/23fa70681308e7b319a3204bcea45e0c","name":"Algarve 7","sameAs":["https:\/\/algarve7.pt","https:\/\/www.facebook.com\/algarve7"],"url":"https:\/\/algarve7.pt\/index.php\/author\/geralalgarve7-pt\/"}]}},"jetpack_publicize_connections":[],"jetpack_featured_media_url":"https:\/\/algarve7.pt\/wp-content\/uploads\/2024\/12\/Inauguracao_Monumento_ao_Saber_SBA-5.jpg","jetpack_shortlink":"https:\/\/wp.me\/pcezmW-bV8","jetpack_sharing_enabled":true,"_links":{"self":[{"href":"https:\/\/algarve7.pt\/index.php\/wp-json\/wp\/v2\/posts\/45826","targetHints":{"allow":["GET"]}}],"collection":[{"href":"https:\/\/algarve7.pt\/index.php\/wp-json\/wp\/v2\/posts"}],"about":[{"href":"https:\/\/algarve7.pt\/index.php\/wp-json\/wp\/v2\/types\/post"}],"author":[{"embeddable":true,"href":"https:\/\/algarve7.pt\/index.php\/wp-json\/wp\/v2\/users\/1"}],"replies":[{"embeddable":true,"href":"https:\/\/algarve7.pt\/index.php\/wp-json\/wp\/v2\/comments?post=45826"}],"version-history":[{"count":0,"href":"https:\/\/algarve7.pt\/index.php\/wp-json\/wp\/v2\/posts\/45826\/revisions"}],"wp:featuredmedia":[{"embeddable":true,"href":"https:\/\/algarve7.pt\/index.php\/wp-json\/wp\/v2\/media\/45827"}],"wp:attachment":[{"href":"https:\/\/algarve7.pt\/index.php\/wp-json\/wp\/v2\/media?parent=45826"}],"wp:term":[{"taxonomy":"category","embeddable":true,"href":"https:\/\/algarve7.pt\/index.php\/wp-json\/wp\/v2\/categories?post=45826"},{"taxonomy":"post_tag","embeddable":true,"href":"https:\/\/algarve7.pt\/index.php\/wp-json\/wp\/v2\/tags?post=45826"}],"curies":[{"name":"wp","href":"https:\/\/api.w.org\/{rel}","templated":true}]}}