{"id":45803,"date":"2024-12-26T09:40:40","date_gmt":"2024-12-26T09:40:40","guid":{"rendered":"https:\/\/algarve7.pt\/?p=45803"},"modified":"2024-12-26T09:40:43","modified_gmt":"2024-12-26T09:40:43","slug":"operacao-natal-e-ano-novo-2024-2025-dados-provisorios-de-20-a-25-de-dezembro-de-2024","status":"publish","type":"post","link":"https:\/\/algarve7.pt\/index.php\/2024\/12\/operacao-natal-e-ano-novo-2024-2025-dados-provisorios-de-20-a-25-de-dezembro-de-2024\/nacional\/09\/40\/","title":{"rendered":"Opera\u00e7\u00e3o \u201cNatal e Ano Novo 2024\/2025\u201d \u2013 Dados Provis\u00f3rios de 20 a 25 de dezembro de 2024"},"content":{"rendered":"\n<p>No per\u00edodo entre as 00h00 do dia&nbsp;<strong>20<\/strong>&nbsp;de dezembro de 2024, e as 23h59 do dia de ontem,&nbsp;<strong>25<\/strong>&nbsp;de dezembro de 2024, no \u00e2mbito da Opera\u00e7\u00e3o \u201cNatal e Ano Novo 2024\/2025\u201d, a Guarda Nacional Republicana (GNR) registou os seguintes dados operacionais, em resultado das a\u00e7\u00f5es desencadeadas pelos militares que, diariamente, est\u00e3o empenhados na preven\u00e7\u00e3o da criminalidade, no patrulhamento rodovi\u00e1rio e na presta\u00e7\u00e3o de aux\u00edlio aos condutores, para garantir o decorrer das festividades e as desloca\u00e7\u00f5es de pessoas em seguran\u00e7a, nomeadamente:<\/p>\n\n\n\n<ul class=\"wp-block-list\">\n<li><strong>56 911\u00a0<\/strong>condutores fiscalizados, dos quais,<strong>\u00a0609\u00a0<\/strong>conduziam com\u00a0<strong>excesso de \u00e1lcool<\/strong>\u00a0e, destes,\u00a0<strong>308 foram detidos<\/strong>\u00a0por conduzirem com uma taxa de \u00e1lcool no sangue igual ou superior a 1,2 g\/l. Foram ainda\u00a0<strong>detidas 95 pessoas<\/strong>\u00a0por conduzirem\u00a0<strong>sem habilita\u00e7\u00e3o legal<\/strong>;<\/li>\n<\/ul>\n\n\n\n<ul class=\"wp-block-list\">\n<li><strong>Das 8 317 contraordena\u00e7\u00f5es rodovi\u00e1rias\u00a0<\/strong>detetadas, destacam-se:<\/li>\n<\/ul>\n\n\n\n<ul class=\"wp-block-list\">\n<li><strong>2 521<\/strong>\u00a0por excesso de velocidade;<\/li>\n\n\n\n<li><strong>301\u00a0<\/strong>excessos de \u00e1lcool;<\/li>\n\n\n\n<li><strong>248<\/strong>\u00a0por falta ou incorreta utiliza\u00e7\u00e3o do cinto de seguran\u00e7a e\/ou sistema de reten\u00e7\u00e3o para crian\u00e7as (SRC);<\/li>\n\n\n\n<li><strong>180<\/strong>\u00a0por uso indevido do telem\u00f3vel no exerc\u00edcio da condu\u00e7\u00e3o;<\/li>\n\n\n\n<li><strong>901\u00a0<\/strong>por falta de<strong>\u00a0<\/strong>inspe\u00e7\u00e3o peri\u00f3dica obrigat\u00f3ria;<\/li>\n\n\n\n<li><strong>276\u00a0<\/strong>por falta de seguro de responsabilidade civil obrigat\u00f3rio.<\/li>\n<\/ul>\n\n\n\n<ul class=\"wp-block-list\">\n<li>Relativamente \u00e0 sinistralidade rodovi\u00e1ria, a GNR registou\u00a0<strong>1 231 acidentes<\/strong>, dos quais resultaram\u00a0<strong>10 v\u00edtimas mortais<\/strong>, 39 feridos graves e 344 feridos leves.<\/li>\n<\/ul>\n\n\n\n<p>No que concerne aos acidentes com as&nbsp;<strong>dez<\/strong>&nbsp;v\u00edtimas mortais, importa referir que os mesmos dizem respeito a:<\/p>\n\n\n\n<ul class=\"wp-block-list\">\n<li>Despiste, ocorrido em 20 de dezembro, pelas 02h44min, na E. N. 125, na localidade de Albufeira, do distrito de Faro, no qual foi interveniente um ve\u00edculo ligeiro, tendo resultado uma v\u00edtima mortal, do g\u00e9nero masculino, com 27 anos de idade;<\/li>\n\n\n\n<li>Despiste, ocorrido em 20 de dezembro, pelas 20h25min, na Rua do Cantim, Fonte Coberta, na localidade de Barcelos, do distrito de Braga, no qual foi interveniente um motociclo, tendo resultado uma v\u00edtima mortal, do g\u00e9nero masculino, com 72 anos de idade;<\/li>\n\n\n\n<li>Despiste, ocorrido em 21 de dezembro, pelas 02h05min, na E. N. 119, na localidade de Biscainho &#8211; Coruche, do distrito de Santar\u00e9m, no qual foi interveniente um motociclo, tendo resultado uma v\u00edtima mortal, do g\u00e9nero masculino, com 37 anos de idade;<\/li>\n\n\n\n<li>Atropelamento de pe\u00e3o, ocorrido em 21 de dezembro, pelas 10h45min, na Rua da Ponte Pereiro, na localidade de Pedroso \u2013 Vila Nova de Gaia, do distrito de Porto, no qual foi interveniente um ve\u00edculo ligeiro, tendo resultado uma v\u00edtima mortal, do g\u00e9nero feminino, com 76 anos de idade;<\/li>\n\n\n\n<li>Colis\u00e3o, ocorrida em 21 de dezembro, pelas 13h12min, na Estrada da Ponte Bar\u00e3o, na localidade de Boliqueime, do distrito de Faro, no qual foi interveniente um motociclo e um veloc\u00edpede, tendo resultado uma v\u00edtima mortal, do g\u00e9nero masculino, com 19 anos de idade;<\/li>\n\n\n\n<li>Colis\u00e3o, ocorrida em 21 de dezembro, pelas 14h00min, no I.P. 2, na localidade de Beja, do distrito de Beja, no qual foram intervenientes tr\u00eas ve\u00edculos ligeiros, tendo resultado uma v\u00edtima mortal, do g\u00e9nero masculino, com 71 anos de idade;<\/li>\n\n\n\n<li>Atropelamento de pe\u00e3o, ocorrido em 21 de dezembro, pelas 17h58min, na Autoestrada N.\u00ba 19 (A 19), na localidade de Leiria, do distrito de Leiria, no qual foi interveniente um ve\u00edculo ligeiro, tendo resultado uma v\u00edtima mortal, do g\u00e9nero feminino, com 50 anos de idade;<\/li>\n\n\n\n<li>Despiste, ocorrido em 22 de dezembro, pelas 04h37min, na Autoestrada N.\u00ba 23 (A 23), na sa\u00edda para Benqueren\u00e7as, do distrito de Castelo Branco, no qual foi interveniente um motociclo, tendo resultado uma v\u00edtima mortal, do g\u00e9nero masculino, com 28 anos de idade;<\/li>\n\n\n\n<li>Colis\u00e3o, ocorrida em 23 de dezembro, pelas 19h16min, no I.C. 2, na localidade de Santa Maria da Feira, do distrito de Aveiro, no qual foram intervenientes dois ve\u00edculos ligeiros, tendo resultado uma v\u00edtima mortal, do g\u00e9nero masculino, com 76 anos de idade;<\/li>\n\n\n\n<li>Atropelamento de pe\u00e3o, ocorrido em 24 de dezembro, pelas 06h49min, na Rua Dr. Miguel F. Martins, na localidade de Oliveira do Bairro, do distrito de Aveiro, no qual a viatura ap\u00f3s ficar destravada acabou por atropelar o pr\u00f3prio condutor, resultando na morte de uma v\u00edtima do g\u00e9nero masculino, com 57 anos de idade.<\/li>\n<\/ul>\n\n\n\n<p>Durante a opera\u00e7\u00e3o, a GNR ir\u00e1 continuar a priorizar a fiscaliza\u00e7\u00e3o \u00e0s seguintes infra\u00e7\u00f5es:<\/p>\n\n\n\n<ul class=\"wp-block-list\">\n<li>Condu\u00e7\u00e3o sob a influ\u00eancia do \u00e1lcool e de subst\u00e2ncias psicotr\u00f3picas;<\/li>\n\n\n\n<li>Excesso de velocidade;<\/li>\n\n\n\n<li>Utiliza\u00e7\u00e3o indevida do telem\u00f3vel;<\/li>\n\n\n\n<li>Utiliza\u00e7\u00e3o correta do cinto de seguran\u00e7a e do SRC;<\/li>\n\n\n\n<li>Falta de inspe\u00e7\u00e3o peri\u00f3dica obrigat\u00f3ria;<\/li>\n\n\n\n<li>Falta de seguro de responsabilidade civil obrigat\u00f3rio;<\/li>\n\n\n\n<li>Incorreta execu\u00e7\u00e3o de manobras de ultrapassagem, de mudan\u00e7a de dire\u00e7\u00e3o e de ced\u00eancia de passagem.<\/li>\n<\/ul>\n","protected":false},"excerpt":{"rendered":"<p>No per\u00edodo entre as 00h00 do dia&nbsp;20&nbsp;de dezembro de 2024, e as 23h59 do dia de ontem,&nbsp;25&nbsp;de dezembro de 2024,<\/p>\n","protected":false},"author":1,"featured_media":45672,"comment_status":"closed","ping_status":"closed","sticky":false,"template":"","format":"standard","meta":{"colormag_page_container_layout":"default_layout","colormag_page_sidebar_layout":"default_layout","_monsterinsights_skip_tracking":false,"_monsterinsights_sitenote_active":false,"_monsterinsights_sitenote_note":"","_monsterinsights_sitenote_category":0,"jetpack_post_was_ever_published":false,"_jetpack_newsletter_access":"","_jetpack_dont_email_post_to_subs":false,"_jetpack_newsletter_tier_id":0,"_jetpack_memberships_contains_paywalled_content":false,"_jetpack_memberships_contains_paid_content":false,"footnotes":"","jetpack_publicize_message":"","jetpack_publicize_feature_enabled":true,"jetpack_social_post_already_shared":true,"jetpack_social_options":{"image_generator_settings":{"template":"highway","default_image_id":0,"font":"","enabled":false},"version":2}},"categories":[189],"tags":[140,98],"class_list":["post-45803","post","type-post","status-publish","format-standard","has-post-thumbnail","hentry","category-nacional","tag-gnr","tag-nacional"],"yoast_head":"<!-- This site is optimized with the Yoast SEO plugin v27.5 - https:\/\/yoast.com\/product\/yoast-seo-wordpress\/ -->\n<title>Opera\u00e7\u00e3o \u201cNatal e Ano Novo 2024\/2025\u201d \u2013 Dados Provis\u00f3rios de 20 a 25 de dezembro de 2024 - Algarve 7<\/title>\n<meta name=\"description\" content=\"Opera\u00e7\u00e3o \u201cNatal e Ano Novo 2024\/2025\u201d \u2013 Dados Provis\u00f3rios de 20 a 25 de dezembro de 2024 Nacional\" \/>\n<meta name=\"robots\" content=\"index, follow, max-snippet:-1, max-image-preview:large, max-video-preview:-1\" \/>\n<link rel=\"canonical\" href=\"https:\/\/algarve7.pt\/index.php\/2024\/12\/operacao-natal-e-ano-novo-2024-2025-dados-provisorios-de-20-a-25-de-dezembro-de-2024\/nacional\/09\/40\/\" \/>\n<meta property=\"og:locale\" content=\"pt_PT\" \/>\n<meta property=\"og:type\" content=\"article\" \/>\n<meta property=\"og:title\" content=\"Opera\u00e7\u00e3o \u201cNatal e Ano Novo 2024\/2025\u201d \u2013 Dados Provis\u00f3rios de 20 a 25 de dezembro de 2024 - Algarve 7\" \/>\n<meta property=\"og:description\" content=\"Opera\u00e7\u00e3o \u201cNatal e Ano Novo 2024\/2025\u201d \u2013 Dados Provis\u00f3rios de 20 a 25 de dezembro de 2024 Nacional\" \/>\n<meta property=\"og:url\" content=\"https:\/\/algarve7.pt\/index.php\/2024\/12\/operacao-natal-e-ano-novo-2024-2025-dados-provisorios-de-20-a-25-de-dezembro-de-2024\/nacional\/09\/40\/\" \/>\n<meta property=\"og:site_name\" content=\"Algarve 7\" \/>\n<meta property=\"article:publisher\" content=\"https:\/\/www.facebook.com\/algarve7\" \/>\n<meta property=\"article:author\" content=\"https:\/\/www.facebook.com\/algarve7\" \/>\n<meta property=\"article:published_time\" content=\"2024-12-26T09:40:40+00:00\" \/>\n<meta property=\"article:modified_time\" content=\"2024-12-26T09:40:43+00:00\" \/>\n<meta property=\"og:image\" content=\"https:\/\/algarve7.pt\/wp-content\/uploads\/2024\/12\/GNR-Operacao-Natal-e-Ano-Novo.png\" \/>\n\t<meta property=\"og:image:width\" content=\"800\" \/>\n\t<meta property=\"og:image:height\" content=\"550\" \/>\n\t<meta property=\"og:image:type\" content=\"image\/png\" \/>\n<meta name=\"author\" content=\"Algarve 7\" \/>\n<meta name=\"twitter:card\" content=\"summary_large_image\" \/>\n<meta name=\"twitter:creator\" content=\"@Algarvesete\" \/>\n<meta name=\"twitter:site\" content=\"@Algarvesete\" \/>\n<meta name=\"twitter:label1\" content=\"Escrito por\" \/>\n\t<meta name=\"twitter:data1\" content=\"Algarve 7\" \/>\n\t<meta name=\"twitter:label2\" content=\"Tempo estimado de leitura\" \/>\n\t<meta name=\"twitter:data2\" content=\"5 minutos\" \/>\n<script type=\"application\/ld+json\" class=\"yoast-schema-graph\">{\"@context\":\"https:\\\/\\\/schema.org\",\"@graph\":[{\"@type\":\"Article\",\"@id\":\"https:\\\/\\\/algarve7.pt\\\/index.php\\\/2024\\\/12\\\/operacao-natal-e-ano-novo-2024-2025-dados-provisorios-de-20-a-25-de-dezembro-de-2024\\\/nacional\\\/09\\\/40\\\/#article\",\"isPartOf\":{\"@id\":\"https:\\\/\\\/algarve7.pt\\\/index.php\\\/2024\\\/12\\\/operacao-natal-e-ano-novo-2024-2025-dados-provisorios-de-20-a-25-de-dezembro-de-2024\\\/nacional\\\/09\\\/40\\\/\"},\"author\":{\"name\":\"Algarve 7\",\"@id\":\"https:\\\/\\\/algarve7.pt\\\/#\\\/schema\\\/person\\\/23fa70681308e7b319a3204bcea45e0c\"},\"headline\":\"Opera\u00e7\u00e3o \u201cNatal e Ano Novo 2024\\\/2025\u201d \u2013 Dados Provis\u00f3rios de 20 a 25 de dezembro de 2024\",\"datePublished\":\"2024-12-26T09:40:40+00:00\",\"dateModified\":\"2024-12-26T09:40:43+00:00\",\"mainEntityOfPage\":{\"@id\":\"https:\\\/\\\/algarve7.pt\\\/index.php\\\/2024\\\/12\\\/operacao-natal-e-ano-novo-2024-2025-dados-provisorios-de-20-a-25-de-dezembro-de-2024\\\/nacional\\\/09\\\/40\\\/\"},\"wordCount\":789,\"publisher\":{\"@id\":\"https:\\\/\\\/algarve7.pt\\\/#organization\"},\"image\":{\"@id\":\"https:\\\/\\\/algarve7.pt\\\/index.php\\\/2024\\\/12\\\/operacao-natal-e-ano-novo-2024-2025-dados-provisorios-de-20-a-25-de-dezembro-de-2024\\\/nacional\\\/09\\\/40\\\/#primaryimage\"},\"thumbnailUrl\":\"https:\\\/\\\/algarve7.pt\\\/wp-content\\\/uploads\\\/2024\\\/12\\\/GNR-Operacao-Natal-e-Ano-Novo.png\",\"keywords\":[\"GNR\",\"Nacional\"],\"articleSection\":[\"Nacional\"],\"inLanguage\":\"pt-PT\"},{\"@type\":\"WebPage\",\"@id\":\"https:\\\/\\\/algarve7.pt\\\/index.php\\\/2024\\\/12\\\/operacao-natal-e-ano-novo-2024-2025-dados-provisorios-de-20-a-25-de-dezembro-de-2024\\\/nacional\\\/09\\\/40\\\/\",\"url\":\"https:\\\/\\\/algarve7.pt\\\/index.php\\\/2024\\\/12\\\/operacao-natal-e-ano-novo-2024-2025-dados-provisorios-de-20-a-25-de-dezembro-de-2024\\\/nacional\\\/09\\\/40\\\/\",\"name\":\"Opera\u00e7\u00e3o \u201cNatal e Ano Novo 2024\\\/2025\u201d \u2013 Dados Provis\u00f3rios de 20 a 25 de dezembro de 2024 - Algarve 7\",\"isPartOf\":{\"@id\":\"https:\\\/\\\/algarve7.pt\\\/#website\"},\"primaryImageOfPage\":{\"@id\":\"https:\\\/\\\/algarve7.pt\\\/index.php\\\/2024\\\/12\\\/operacao-natal-e-ano-novo-2024-2025-dados-provisorios-de-20-a-25-de-dezembro-de-2024\\\/nacional\\\/09\\\/40\\\/#primaryimage\"},\"image\":{\"@id\":\"https:\\\/\\\/algarve7.pt\\\/index.php\\\/2024\\\/12\\\/operacao-natal-e-ano-novo-2024-2025-dados-provisorios-de-20-a-25-de-dezembro-de-2024\\\/nacional\\\/09\\\/40\\\/#primaryimage\"},\"thumbnailUrl\":\"https:\\\/\\\/algarve7.pt\\\/wp-content\\\/uploads\\\/2024\\\/12\\\/GNR-Operacao-Natal-e-Ano-Novo.png\",\"datePublished\":\"2024-12-26T09:40:40+00:00\",\"dateModified\":\"2024-12-26T09:40:43+00:00\",\"description\":\"Opera\u00e7\u00e3o \u201cNatal e Ano Novo 2024\\\/2025\u201d \u2013 Dados Provis\u00f3rios de 20 a 25 de dezembro de 2024 Nacional\",\"breadcrumb\":{\"@id\":\"https:\\\/\\\/algarve7.pt\\\/index.php\\\/2024\\\/12\\\/operacao-natal-e-ano-novo-2024-2025-dados-provisorios-de-20-a-25-de-dezembro-de-2024\\\/nacional\\\/09\\\/40\\\/#breadcrumb\"},\"inLanguage\":\"pt-PT\",\"potentialAction\":[{\"@type\":\"ReadAction\",\"target\":[\"https:\\\/\\\/algarve7.pt\\\/index.php\\\/2024\\\/12\\\/operacao-natal-e-ano-novo-2024-2025-dados-provisorios-de-20-a-25-de-dezembro-de-2024\\\/nacional\\\/09\\\/40\\\/\"]}]},{\"@type\":\"ImageObject\",\"inLanguage\":\"pt-PT\",\"@id\":\"https:\\\/\\\/algarve7.pt\\\/index.php\\\/2024\\\/12\\\/operacao-natal-e-ano-novo-2024-2025-dados-provisorios-de-20-a-25-de-dezembro-de-2024\\\/nacional\\\/09\\\/40\\\/#primaryimage\",\"url\":\"https:\\\/\\\/algarve7.pt\\\/wp-content\\\/uploads\\\/2024\\\/12\\\/GNR-Operacao-Natal-e-Ano-Novo.png\",\"contentUrl\":\"https:\\\/\\\/algarve7.pt\\\/wp-content\\\/uploads\\\/2024\\\/12\\\/GNR-Operacao-Natal-e-Ano-Novo.png\",\"width\":800,\"height\":550},{\"@type\":\"BreadcrumbList\",\"@id\":\"https:\\\/\\\/algarve7.pt\\\/index.php\\\/2024\\\/12\\\/operacao-natal-e-ano-novo-2024-2025-dados-provisorios-de-20-a-25-de-dezembro-de-2024\\\/nacional\\\/09\\\/40\\\/#breadcrumb\",\"itemListElement\":[{\"@type\":\"ListItem\",\"position\":1,\"name\":\"In\u00edcio\",\"item\":\"https:\\\/\\\/algarve7.pt\\\/\"},{\"@type\":\"ListItem\",\"position\":2,\"name\":\"Opera\u00e7\u00e3o \u201cNatal e Ano Novo 2024\\\/2025\u201d \u2013 Dados Provis\u00f3rios de 20 a 25 de dezembro de 2024\"}]},{\"@type\":\"WebSite\",\"@id\":\"https:\\\/\\\/algarve7.pt\\\/#website\",\"url\":\"https:\\\/\\\/algarve7.pt\\\/\",\"name\":\"Algarve 7\",\"description\":\"Informa\u00e7\u00e3o sobre o Algarve\",\"publisher\":{\"@id\":\"https:\\\/\\\/algarve7.pt\\\/#organization\"},\"potentialAction\":[{\"@type\":\"SearchAction\",\"target\":{\"@type\":\"EntryPoint\",\"urlTemplate\":\"https:\\\/\\\/algarve7.pt\\\/?s={search_term_string}\"},\"query-input\":{\"@type\":\"PropertyValueSpecification\",\"valueRequired\":true,\"valueName\":\"search_term_string\"}}],\"inLanguage\":\"pt-PT\"},{\"@type\":\"Organization\",\"@id\":\"https:\\\/\\\/algarve7.pt\\\/#organization\",\"name\":\"Algarve 7\",\"url\":\"https:\\\/\\\/algarve7.pt\\\/\",\"logo\":{\"@type\":\"ImageObject\",\"inLanguage\":\"pt-PT\",\"@id\":\"https:\\\/\\\/algarve7.pt\\\/#\\\/schema\\\/logo\\\/image\\\/\",\"url\":\"https:\\\/\\\/algarve7.pt\\\/wp-content\\\/uploads\\\/2020\\\/10\\\/Logo-8.jpg\",\"contentUrl\":\"https:\\\/\\\/algarve7.pt\\\/wp-content\\\/uploads\\\/2020\\\/10\\\/Logo-8.jpg\",\"width\":1680,\"height\":1186,\"caption\":\"Algarve 7\"},\"image\":{\"@id\":\"https:\\\/\\\/algarve7.pt\\\/#\\\/schema\\\/logo\\\/image\\\/\"},\"sameAs\":[\"https:\\\/\\\/www.facebook.com\\\/algarve7\",\"https:\\\/\\\/x.com\\\/Algarvesete\",\"https:\\\/\\\/www.instagram.com\\\/jornalalgarve7\\\/\",\"https:\\\/\\\/www.linkedin.com\\\/company\\\/algarve7\",\"https:\\\/\\\/www.pinterest.pt\\\/geral0939\\\/_created\\\/\"]},{\"@type\":\"Person\",\"@id\":\"https:\\\/\\\/algarve7.pt\\\/#\\\/schema\\\/person\\\/23fa70681308e7b319a3204bcea45e0c\",\"name\":\"Algarve 7\",\"sameAs\":[\"https:\\\/\\\/algarve7.pt\",\"https:\\\/\\\/www.facebook.com\\\/algarve7\"],\"url\":\"https:\\\/\\\/algarve7.pt\\\/index.php\\\/author\\\/geralalgarve7-pt\\\/\"}]}<\/script>\n<!-- \/ Yoast SEO plugin. -->","yoast_head_json":{"title":"Opera\u00e7\u00e3o \u201cNatal e Ano Novo 2024\/2025\u201d \u2013 Dados Provis\u00f3rios de 20 a 25 de dezembro de 2024 - Algarve 7","description":"Opera\u00e7\u00e3o \u201cNatal e Ano Novo 2024\/2025\u201d \u2013 Dados Provis\u00f3rios de 20 a 25 de dezembro de 2024 Nacional","robots":{"index":"index","follow":"follow","max-snippet":"max-snippet:-1","max-image-preview":"max-image-preview:large","max-video-preview":"max-video-preview:-1"},"canonical":"https:\/\/algarve7.pt\/index.php\/2024\/12\/operacao-natal-e-ano-novo-2024-2025-dados-provisorios-de-20-a-25-de-dezembro-de-2024\/nacional\/09\/40\/","og_locale":"pt_PT","og_type":"article","og_title":"Opera\u00e7\u00e3o \u201cNatal e Ano Novo 2024\/2025\u201d \u2013 Dados Provis\u00f3rios de 20 a 25 de dezembro de 2024 - Algarve 7","og_description":"Opera\u00e7\u00e3o \u201cNatal e Ano Novo 2024\/2025\u201d \u2013 Dados Provis\u00f3rios de 20 a 25 de dezembro de 2024 Nacional","og_url":"https:\/\/algarve7.pt\/index.php\/2024\/12\/operacao-natal-e-ano-novo-2024-2025-dados-provisorios-de-20-a-25-de-dezembro-de-2024\/nacional\/09\/40\/","og_site_name":"Algarve 7","article_publisher":"https:\/\/www.facebook.com\/algarve7","article_author":"https:\/\/www.facebook.com\/algarve7","article_published_time":"2024-12-26T09:40:40+00:00","article_modified_time":"2024-12-26T09:40:43+00:00","og_image":[{"width":800,"height":550,"url":"https:\/\/algarve7.pt\/wp-content\/uploads\/2024\/12\/GNR-Operacao-Natal-e-Ano-Novo.png","type":"image\/png"}],"author":"Algarve 7","twitter_card":"summary_large_image","twitter_creator":"@Algarvesete","twitter_site":"@Algarvesete","twitter_misc":{"Escrito por":"Algarve 7","Tempo estimado de leitura":"5 minutos"},"schema":{"@context":"https:\/\/schema.org","@graph":[{"@type":"Article","@id":"https:\/\/algarve7.pt\/index.php\/2024\/12\/operacao-natal-e-ano-novo-2024-2025-dados-provisorios-de-20-a-25-de-dezembro-de-2024\/nacional\/09\/40\/#article","isPartOf":{"@id":"https:\/\/algarve7.pt\/index.php\/2024\/12\/operacao-natal-e-ano-novo-2024-2025-dados-provisorios-de-20-a-25-de-dezembro-de-2024\/nacional\/09\/40\/"},"author":{"name":"Algarve 7","@id":"https:\/\/algarve7.pt\/#\/schema\/person\/23fa70681308e7b319a3204bcea45e0c"},"headline":"Opera\u00e7\u00e3o \u201cNatal e Ano Novo 2024\/2025\u201d \u2013 Dados Provis\u00f3rios de 20 a 25 de dezembro de 2024","datePublished":"2024-12-26T09:40:40+00:00","dateModified":"2024-12-26T09:40:43+00:00","mainEntityOfPage":{"@id":"https:\/\/algarve7.pt\/index.php\/2024\/12\/operacao-natal-e-ano-novo-2024-2025-dados-provisorios-de-20-a-25-de-dezembro-de-2024\/nacional\/09\/40\/"},"wordCount":789,"publisher":{"@id":"https:\/\/algarve7.pt\/#organization"},"image":{"@id":"https:\/\/algarve7.pt\/index.php\/2024\/12\/operacao-natal-e-ano-novo-2024-2025-dados-provisorios-de-20-a-25-de-dezembro-de-2024\/nacional\/09\/40\/#primaryimage"},"thumbnailUrl":"https:\/\/algarve7.pt\/wp-content\/uploads\/2024\/12\/GNR-Operacao-Natal-e-Ano-Novo.png","keywords":["GNR","Nacional"],"articleSection":["Nacional"],"inLanguage":"pt-PT"},{"@type":"WebPage","@id":"https:\/\/algarve7.pt\/index.php\/2024\/12\/operacao-natal-e-ano-novo-2024-2025-dados-provisorios-de-20-a-25-de-dezembro-de-2024\/nacional\/09\/40\/","url":"https:\/\/algarve7.pt\/index.php\/2024\/12\/operacao-natal-e-ano-novo-2024-2025-dados-provisorios-de-20-a-25-de-dezembro-de-2024\/nacional\/09\/40\/","name":"Opera\u00e7\u00e3o \u201cNatal e Ano Novo 2024\/2025\u201d \u2013 Dados Provis\u00f3rios de 20 a 25 de dezembro de 2024 - Algarve 7","isPartOf":{"@id":"https:\/\/algarve7.pt\/#website"},"primaryImageOfPage":{"@id":"https:\/\/algarve7.pt\/index.php\/2024\/12\/operacao-natal-e-ano-novo-2024-2025-dados-provisorios-de-20-a-25-de-dezembro-de-2024\/nacional\/09\/40\/#primaryimage"},"image":{"@id":"https:\/\/algarve7.pt\/index.php\/2024\/12\/operacao-natal-e-ano-novo-2024-2025-dados-provisorios-de-20-a-25-de-dezembro-de-2024\/nacional\/09\/40\/#primaryimage"},"thumbnailUrl":"https:\/\/algarve7.pt\/wp-content\/uploads\/2024\/12\/GNR-Operacao-Natal-e-Ano-Novo.png","datePublished":"2024-12-26T09:40:40+00:00","dateModified":"2024-12-26T09:40:43+00:00","description":"Opera\u00e7\u00e3o \u201cNatal e Ano Novo 2024\/2025\u201d \u2013 Dados Provis\u00f3rios de 20 a 25 de dezembro de 2024 Nacional","breadcrumb":{"@id":"https:\/\/algarve7.pt\/index.php\/2024\/12\/operacao-natal-e-ano-novo-2024-2025-dados-provisorios-de-20-a-25-de-dezembro-de-2024\/nacional\/09\/40\/#breadcrumb"},"inLanguage":"pt-PT","potentialAction":[{"@type":"ReadAction","target":["https:\/\/algarve7.pt\/index.php\/2024\/12\/operacao-natal-e-ano-novo-2024-2025-dados-provisorios-de-20-a-25-de-dezembro-de-2024\/nacional\/09\/40\/"]}]},{"@type":"ImageObject","inLanguage":"pt-PT","@id":"https:\/\/algarve7.pt\/index.php\/2024\/12\/operacao-natal-e-ano-novo-2024-2025-dados-provisorios-de-20-a-25-de-dezembro-de-2024\/nacional\/09\/40\/#primaryimage","url":"https:\/\/algarve7.pt\/wp-content\/uploads\/2024\/12\/GNR-Operacao-Natal-e-Ano-Novo.png","contentUrl":"https:\/\/algarve7.pt\/wp-content\/uploads\/2024\/12\/GNR-Operacao-Natal-e-Ano-Novo.png","width":800,"height":550},{"@type":"BreadcrumbList","@id":"https:\/\/algarve7.pt\/index.php\/2024\/12\/operacao-natal-e-ano-novo-2024-2025-dados-provisorios-de-20-a-25-de-dezembro-de-2024\/nacional\/09\/40\/#breadcrumb","itemListElement":[{"@type":"ListItem","position":1,"name":"In\u00edcio","item":"https:\/\/algarve7.pt\/"},{"@type":"ListItem","position":2,"name":"Opera\u00e7\u00e3o \u201cNatal e Ano Novo 2024\/2025\u201d \u2013 Dados Provis\u00f3rios de 20 a 25 de dezembro de 2024"}]},{"@type":"WebSite","@id":"https:\/\/algarve7.pt\/#website","url":"https:\/\/algarve7.pt\/","name":"Algarve 7","description":"Informa\u00e7\u00e3o sobre o Algarve","publisher":{"@id":"https:\/\/algarve7.pt\/#organization"},"potentialAction":[{"@type":"SearchAction","target":{"@type":"EntryPoint","urlTemplate":"https:\/\/algarve7.pt\/?s={search_term_string}"},"query-input":{"@type":"PropertyValueSpecification","valueRequired":true,"valueName":"search_term_string"}}],"inLanguage":"pt-PT"},{"@type":"Organization","@id":"https:\/\/algarve7.pt\/#organization","name":"Algarve 7","url":"https:\/\/algarve7.pt\/","logo":{"@type":"ImageObject","inLanguage":"pt-PT","@id":"https:\/\/algarve7.pt\/#\/schema\/logo\/image\/","url":"https:\/\/algarve7.pt\/wp-content\/uploads\/2020\/10\/Logo-8.jpg","contentUrl":"https:\/\/algarve7.pt\/wp-content\/uploads\/2020\/10\/Logo-8.jpg","width":1680,"height":1186,"caption":"Algarve 7"},"image":{"@id":"https:\/\/algarve7.pt\/#\/schema\/logo\/image\/"},"sameAs":["https:\/\/www.facebook.com\/algarve7","https:\/\/x.com\/Algarvesete","https:\/\/www.instagram.com\/jornalalgarve7\/","https:\/\/www.linkedin.com\/company\/algarve7","https:\/\/www.pinterest.pt\/geral0939\/_created\/"]},{"@type":"Person","@id":"https:\/\/algarve7.pt\/#\/schema\/person\/23fa70681308e7b319a3204bcea45e0c","name":"Algarve 7","sameAs":["https:\/\/algarve7.pt","https:\/\/www.facebook.com\/algarve7"],"url":"https:\/\/algarve7.pt\/index.php\/author\/geralalgarve7-pt\/"}]}},"jetpack_publicize_connections":[],"jetpack_featured_media_url":"https:\/\/algarve7.pt\/wp-content\/uploads\/2024\/12\/GNR-Operacao-Natal-e-Ano-Novo.png","jetpack_shortlink":"https:\/\/wp.me\/pcezmW-bUL","jetpack_sharing_enabled":true,"_links":{"self":[{"href":"https:\/\/algarve7.pt\/index.php\/wp-json\/wp\/v2\/posts\/45803","targetHints":{"allow":["GET"]}}],"collection":[{"href":"https:\/\/algarve7.pt\/index.php\/wp-json\/wp\/v2\/posts"}],"about":[{"href":"https:\/\/algarve7.pt\/index.php\/wp-json\/wp\/v2\/types\/post"}],"author":[{"embeddable":true,"href":"https:\/\/algarve7.pt\/index.php\/wp-json\/wp\/v2\/users\/1"}],"replies":[{"embeddable":true,"href":"https:\/\/algarve7.pt\/index.php\/wp-json\/wp\/v2\/comments?post=45803"}],"version-history":[{"count":0,"href":"https:\/\/algarve7.pt\/index.php\/wp-json\/wp\/v2\/posts\/45803\/revisions"}],"wp:featuredmedia":[{"embeddable":true,"href":"https:\/\/algarve7.pt\/index.php\/wp-json\/wp\/v2\/media\/45672"}],"wp:attachment":[{"href":"https:\/\/algarve7.pt\/index.php\/wp-json\/wp\/v2\/media?parent=45803"}],"wp:term":[{"taxonomy":"category","embeddable":true,"href":"https:\/\/algarve7.pt\/index.php\/wp-json\/wp\/v2\/categories?post=45803"},{"taxonomy":"post_tag","embeddable":true,"href":"https:\/\/algarve7.pt\/index.php\/wp-json\/wp\/v2\/tags?post=45803"}],"curies":[{"name":"wp","href":"https:\/\/api.w.org\/{rel}","templated":true}]}}