{"id":45787,"date":"2024-12-25T11:00:00","date_gmt":"2024-12-25T11:00:00","guid":{"rendered":"https:\/\/algarve7.pt\/?p=45787"},"modified":"2024-12-23T15:32:31","modified_gmt":"2024-12-23T15:32:31","slug":"a-tradicao-das-janeiras-encanta-quarteira-no-arranque-do-novo-ano","status":"publish","type":"post","link":"https:\/\/algarve7.pt\/index.php\/2024\/12\/a-tradicao-das-janeiras-encanta-quarteira-no-arranque-do-novo-ano\/cultura\/11\/00\/","title":{"rendered":"A tradi\u00e7\u00e3o das Janeiras encanta Quarteira no arranque do novo ano"},"content":{"rendered":"\n<p>O Sal\u00e3o da Igreja S\u00e3o Pedro do Mar enche-se de Cantares de Janeiras e Charolas no dia 4 de janeiro.<\/p>\n\n\n\n<p>Com in\u00edcio \u00e0s 19h00, a tradicional celebra\u00e7\u00e3o dos Reis acontece no primeiro s\u00e1bado do ano e conta com a participa\u00e7\u00e3o da Tuna da Academia do Saber, dos grupos Charolas da Aldeia Branca de Estoi, Charolas das Barreiras Brancas \u2013 AGAL, Perijovens, Grupos de Cantares de Janeiras \u00abA For\u00e7a da Tradi\u00e7\u00e3o\u00bb de Paderne, Casa do Povo da Concei\u00e7\u00e3o de Faro, Grupo das Janeiras ARPI de Faro, Clube Desportivo e Cultural dos Machados, Janeiras dos Olhos de \u00c1gua \u201cOs Amigos\u201d e a Charola Mocidade Uni\u00e3o Bordeirense.&nbsp;<\/p>\n\n\n\n<p>O evento \u00e9 organizado pela Junta de Freguesia de Quarteira e tem entrada livre.&nbsp;<\/p>\n","protected":false},"excerpt":{"rendered":"<p>O Sal\u00e3o da Igreja S\u00e3o Pedro do Mar enche-se de Cantares de Janeiras e Charolas no dia 4 de janeiro.<\/p>\n","protected":false},"author":1,"featured_media":45788,"comment_status":"closed","ping_status":"closed","sticky":false,"template":"","format":"standard","meta":{"colormag_page_container_layout":"default_layout","colormag_page_sidebar_layout":"default_layout","_monsterinsights_skip_tracking":false,"_monsterinsights_sitenote_active":false,"_monsterinsights_sitenote_note":"","_monsterinsights_sitenote_category":0,"jetpack_post_was_ever_published":false,"_jetpack_newsletter_access":"","_jetpack_dont_email_post_to_subs":false,"_jetpack_newsletter_tier_id":0,"_jetpack_memberships_contains_paywalled_content":false,"_jetpack_memberships_contains_paid_content":false,"footnotes":"","jetpack_publicize_message":"","jetpack_publicize_feature_enabled":true,"jetpack_social_post_already_shared":true,"jetpack_social_options":{"image_generator_settings":{"template":"highway","default_image_id":0,"font":"","enabled":false},"version":2}},"categories":[14],"tags":[36,35,810,112],"class_list":["post-45787","post","type-post","status-publish","format-standard","has-post-thumbnail","hentry","category-cultura","tag-algarve","tag-cultura","tag-janeiras","tag-quarteira"],"yoast_head":"<!-- This site is optimized with the Yoast SEO plugin v27.5 - https:\/\/yoast.com\/product\/yoast-seo-wordpress\/ -->\n<title>A tradi\u00e7\u00e3o das Janeiras encanta Quarteira no arranque do novo ano - Algarve 7<\/title>\n<meta name=\"description\" content=\"A tradi\u00e7\u00e3o das Janeiras encanta Quarteira no arranque do novo ano Cultura\" \/>\n<meta name=\"robots\" content=\"index, follow, max-snippet:-1, max-image-preview:large, max-video-preview:-1\" \/>\n<link rel=\"canonical\" href=\"https:\/\/algarve7.pt\/index.php\/2024\/12\/a-tradicao-das-janeiras-encanta-quarteira-no-arranque-do-novo-ano\/cultura\/11\/00\/\" \/>\n<meta property=\"og:locale\" content=\"pt_PT\" \/>\n<meta property=\"og:type\" content=\"article\" \/>\n<meta property=\"og:title\" content=\"A tradi\u00e7\u00e3o das Janeiras encanta Quarteira no arranque do novo ano - Algarve 7\" \/>\n<meta property=\"og:description\" content=\"A tradi\u00e7\u00e3o das Janeiras encanta Quarteira no arranque do novo ano Cultura\" \/>\n<meta property=\"og:url\" content=\"https:\/\/algarve7.pt\/index.php\/2024\/12\/a-tradicao-das-janeiras-encanta-quarteira-no-arranque-do-novo-ano\/cultura\/11\/00\/\" \/>\n<meta property=\"og:site_name\" content=\"Algarve 7\" \/>\n<meta property=\"article:publisher\" content=\"https:\/\/www.facebook.com\/algarve7\" \/>\n<meta property=\"article:author\" content=\"https:\/\/www.facebook.com\/algarve7\" \/>\n<meta property=\"article:published_time\" content=\"2024-12-25T11:00:00+00:00\" \/>\n<meta property=\"og:image\" content=\"https:\/\/algarve7.pt\/wp-content\/uploads\/2024\/12\/2024_12_19_JaneiraseCharolas_Post_A.jpg\" \/>\n\t<meta property=\"og:image:width\" content=\"800\" \/>\n\t<meta property=\"og:image:height\" content=\"550\" \/>\n\t<meta property=\"og:image:type\" content=\"image\/jpeg\" \/>\n<meta name=\"author\" content=\"Algarve 7\" \/>\n<meta name=\"twitter:card\" content=\"summary_large_image\" \/>\n<meta name=\"twitter:creator\" content=\"@Algarvesete\" \/>\n<meta name=\"twitter:site\" content=\"@Algarvesete\" \/>\n<meta name=\"twitter:label1\" content=\"Escrito por\" \/>\n\t<meta name=\"twitter:data1\" content=\"Algarve 7\" \/>\n\t<meta name=\"twitter:label2\" content=\"Tempo estimado de leitura\" \/>\n\t<meta name=\"twitter:data2\" content=\"1 minuto\" \/>\n<script type=\"application\/ld+json\" class=\"yoast-schema-graph\">{\"@context\":\"https:\\\/\\\/schema.org\",\"@graph\":[{\"@type\":\"Article\",\"@id\":\"https:\\\/\\\/algarve7.pt\\\/index.php\\\/2024\\\/12\\\/a-tradicao-das-janeiras-encanta-quarteira-no-arranque-do-novo-ano\\\/cultura\\\/11\\\/00\\\/#article\",\"isPartOf\":{\"@id\":\"https:\\\/\\\/algarve7.pt\\\/index.php\\\/2024\\\/12\\\/a-tradicao-das-janeiras-encanta-quarteira-no-arranque-do-novo-ano\\\/cultura\\\/11\\\/00\\\/\"},\"author\":{\"name\":\"Algarve 7\",\"@id\":\"https:\\\/\\\/algarve7.pt\\\/#\\\/schema\\\/person\\\/23fa70681308e7b319a3204bcea45e0c\"},\"headline\":\"A tradi\u00e7\u00e3o das Janeiras encanta Quarteira no arranque do novo ano\",\"datePublished\":\"2024-12-25T11:00:00+00:00\",\"mainEntityOfPage\":{\"@id\":\"https:\\\/\\\/algarve7.pt\\\/index.php\\\/2024\\\/12\\\/a-tradicao-das-janeiras-encanta-quarteira-no-arranque-do-novo-ano\\\/cultura\\\/11\\\/00\\\/\"},\"wordCount\":139,\"publisher\":{\"@id\":\"https:\\\/\\\/algarve7.pt\\\/#organization\"},\"image\":{\"@id\":\"https:\\\/\\\/algarve7.pt\\\/index.php\\\/2024\\\/12\\\/a-tradicao-das-janeiras-encanta-quarteira-no-arranque-do-novo-ano\\\/cultura\\\/11\\\/00\\\/#primaryimage\"},\"thumbnailUrl\":\"https:\\\/\\\/algarve7.pt\\\/wp-content\\\/uploads\\\/2024\\\/12\\\/2024_12_19_JaneiraseCharolas_Post_A.jpg\",\"keywords\":[\"Algarve\",\"Cultura\",\"Janeiras\",\"Quarteira\"],\"articleSection\":[\"Cultura\"],\"inLanguage\":\"pt-PT\"},{\"@type\":\"WebPage\",\"@id\":\"https:\\\/\\\/algarve7.pt\\\/index.php\\\/2024\\\/12\\\/a-tradicao-das-janeiras-encanta-quarteira-no-arranque-do-novo-ano\\\/cultura\\\/11\\\/00\\\/\",\"url\":\"https:\\\/\\\/algarve7.pt\\\/index.php\\\/2024\\\/12\\\/a-tradicao-das-janeiras-encanta-quarteira-no-arranque-do-novo-ano\\\/cultura\\\/11\\\/00\\\/\",\"name\":\"A tradi\u00e7\u00e3o das Janeiras encanta Quarteira no arranque do novo ano - Algarve 7\",\"isPartOf\":{\"@id\":\"https:\\\/\\\/algarve7.pt\\\/#website\"},\"primaryImageOfPage\":{\"@id\":\"https:\\\/\\\/algarve7.pt\\\/index.php\\\/2024\\\/12\\\/a-tradicao-das-janeiras-encanta-quarteira-no-arranque-do-novo-ano\\\/cultura\\\/11\\\/00\\\/#primaryimage\"},\"image\":{\"@id\":\"https:\\\/\\\/algarve7.pt\\\/index.php\\\/2024\\\/12\\\/a-tradicao-das-janeiras-encanta-quarteira-no-arranque-do-novo-ano\\\/cultura\\\/11\\\/00\\\/#primaryimage\"},\"thumbnailUrl\":\"https:\\\/\\\/algarve7.pt\\\/wp-content\\\/uploads\\\/2024\\\/12\\\/2024_12_19_JaneiraseCharolas_Post_A.jpg\",\"datePublished\":\"2024-12-25T11:00:00+00:00\",\"description\":\"A tradi\u00e7\u00e3o das Janeiras encanta Quarteira no arranque do novo ano Cultura\",\"breadcrumb\":{\"@id\":\"https:\\\/\\\/algarve7.pt\\\/index.php\\\/2024\\\/12\\\/a-tradicao-das-janeiras-encanta-quarteira-no-arranque-do-novo-ano\\\/cultura\\\/11\\\/00\\\/#breadcrumb\"},\"inLanguage\":\"pt-PT\",\"potentialAction\":[{\"@type\":\"ReadAction\",\"target\":[\"https:\\\/\\\/algarve7.pt\\\/index.php\\\/2024\\\/12\\\/a-tradicao-das-janeiras-encanta-quarteira-no-arranque-do-novo-ano\\\/cultura\\\/11\\\/00\\\/\"]}]},{\"@type\":\"ImageObject\",\"inLanguage\":\"pt-PT\",\"@id\":\"https:\\\/\\\/algarve7.pt\\\/index.php\\\/2024\\\/12\\\/a-tradicao-das-janeiras-encanta-quarteira-no-arranque-do-novo-ano\\\/cultura\\\/11\\\/00\\\/#primaryimage\",\"url\":\"https:\\\/\\\/algarve7.pt\\\/wp-content\\\/uploads\\\/2024\\\/12\\\/2024_12_19_JaneiraseCharolas_Post_A.jpg\",\"contentUrl\":\"https:\\\/\\\/algarve7.pt\\\/wp-content\\\/uploads\\\/2024\\\/12\\\/2024_12_19_JaneiraseCharolas_Post_A.jpg\",\"width\":800,\"height\":550},{\"@type\":\"BreadcrumbList\",\"@id\":\"https:\\\/\\\/algarve7.pt\\\/index.php\\\/2024\\\/12\\\/a-tradicao-das-janeiras-encanta-quarteira-no-arranque-do-novo-ano\\\/cultura\\\/11\\\/00\\\/#breadcrumb\",\"itemListElement\":[{\"@type\":\"ListItem\",\"position\":1,\"name\":\"In\u00edcio\",\"item\":\"https:\\\/\\\/algarve7.pt\\\/\"},{\"@type\":\"ListItem\",\"position\":2,\"name\":\"A tradi\u00e7\u00e3o das Janeiras encanta Quarteira no arranque do novo ano\"}]},{\"@type\":\"WebSite\",\"@id\":\"https:\\\/\\\/algarve7.pt\\\/#website\",\"url\":\"https:\\\/\\\/algarve7.pt\\\/\",\"name\":\"Algarve 7\",\"description\":\"Informa\u00e7\u00e3o sobre o Algarve\",\"publisher\":{\"@id\":\"https:\\\/\\\/algarve7.pt\\\/#organization\"},\"potentialAction\":[{\"@type\":\"SearchAction\",\"target\":{\"@type\":\"EntryPoint\",\"urlTemplate\":\"https:\\\/\\\/algarve7.pt\\\/?s={search_term_string}\"},\"query-input\":{\"@type\":\"PropertyValueSpecification\",\"valueRequired\":true,\"valueName\":\"search_term_string\"}}],\"inLanguage\":\"pt-PT\"},{\"@type\":\"Organization\",\"@id\":\"https:\\\/\\\/algarve7.pt\\\/#organization\",\"name\":\"Algarve 7\",\"url\":\"https:\\\/\\\/algarve7.pt\\\/\",\"logo\":{\"@type\":\"ImageObject\",\"inLanguage\":\"pt-PT\",\"@id\":\"https:\\\/\\\/algarve7.pt\\\/#\\\/schema\\\/logo\\\/image\\\/\",\"url\":\"https:\\\/\\\/algarve7.pt\\\/wp-content\\\/uploads\\\/2020\\\/10\\\/Logo-8.jpg\",\"contentUrl\":\"https:\\\/\\\/algarve7.pt\\\/wp-content\\\/uploads\\\/2020\\\/10\\\/Logo-8.jpg\",\"width\":1680,\"height\":1186,\"caption\":\"Algarve 7\"},\"image\":{\"@id\":\"https:\\\/\\\/algarve7.pt\\\/#\\\/schema\\\/logo\\\/image\\\/\"},\"sameAs\":[\"https:\\\/\\\/www.facebook.com\\\/algarve7\",\"https:\\\/\\\/x.com\\\/Algarvesete\",\"https:\\\/\\\/www.instagram.com\\\/jornalalgarve7\\\/\",\"https:\\\/\\\/www.linkedin.com\\\/company\\\/algarve7\",\"https:\\\/\\\/www.pinterest.pt\\\/geral0939\\\/_created\\\/\"]},{\"@type\":\"Person\",\"@id\":\"https:\\\/\\\/algarve7.pt\\\/#\\\/schema\\\/person\\\/23fa70681308e7b319a3204bcea45e0c\",\"name\":\"Algarve 7\",\"sameAs\":[\"https:\\\/\\\/algarve7.pt\",\"https:\\\/\\\/www.facebook.com\\\/algarve7\"],\"url\":\"https:\\\/\\\/algarve7.pt\\\/index.php\\\/author\\\/geralalgarve7-pt\\\/\"}]}<\/script>\n<!-- \/ Yoast SEO plugin. -->","yoast_head_json":{"title":"A tradi\u00e7\u00e3o das Janeiras encanta Quarteira no arranque do novo ano - Algarve 7","description":"A tradi\u00e7\u00e3o das Janeiras encanta Quarteira no arranque do novo ano Cultura","robots":{"index":"index","follow":"follow","max-snippet":"max-snippet:-1","max-image-preview":"max-image-preview:large","max-video-preview":"max-video-preview:-1"},"canonical":"https:\/\/algarve7.pt\/index.php\/2024\/12\/a-tradicao-das-janeiras-encanta-quarteira-no-arranque-do-novo-ano\/cultura\/11\/00\/","og_locale":"pt_PT","og_type":"article","og_title":"A tradi\u00e7\u00e3o das Janeiras encanta Quarteira no arranque do novo ano - Algarve 7","og_description":"A tradi\u00e7\u00e3o das Janeiras encanta Quarteira no arranque do novo ano Cultura","og_url":"https:\/\/algarve7.pt\/index.php\/2024\/12\/a-tradicao-das-janeiras-encanta-quarteira-no-arranque-do-novo-ano\/cultura\/11\/00\/","og_site_name":"Algarve 7","article_publisher":"https:\/\/www.facebook.com\/algarve7","article_author":"https:\/\/www.facebook.com\/algarve7","article_published_time":"2024-12-25T11:00:00+00:00","og_image":[{"width":800,"height":550,"url":"https:\/\/algarve7.pt\/wp-content\/uploads\/2024\/12\/2024_12_19_JaneiraseCharolas_Post_A.jpg","type":"image\/jpeg"}],"author":"Algarve 7","twitter_card":"summary_large_image","twitter_creator":"@Algarvesete","twitter_site":"@Algarvesete","twitter_misc":{"Escrito por":"Algarve 7","Tempo estimado de leitura":"1 minuto"},"schema":{"@context":"https:\/\/schema.org","@graph":[{"@type":"Article","@id":"https:\/\/algarve7.pt\/index.php\/2024\/12\/a-tradicao-das-janeiras-encanta-quarteira-no-arranque-do-novo-ano\/cultura\/11\/00\/#article","isPartOf":{"@id":"https:\/\/algarve7.pt\/index.php\/2024\/12\/a-tradicao-das-janeiras-encanta-quarteira-no-arranque-do-novo-ano\/cultura\/11\/00\/"},"author":{"name":"Algarve 7","@id":"https:\/\/algarve7.pt\/#\/schema\/person\/23fa70681308e7b319a3204bcea45e0c"},"headline":"A tradi\u00e7\u00e3o das Janeiras encanta Quarteira no arranque do novo ano","datePublished":"2024-12-25T11:00:00+00:00","mainEntityOfPage":{"@id":"https:\/\/algarve7.pt\/index.php\/2024\/12\/a-tradicao-das-janeiras-encanta-quarteira-no-arranque-do-novo-ano\/cultura\/11\/00\/"},"wordCount":139,"publisher":{"@id":"https:\/\/algarve7.pt\/#organization"},"image":{"@id":"https:\/\/algarve7.pt\/index.php\/2024\/12\/a-tradicao-das-janeiras-encanta-quarteira-no-arranque-do-novo-ano\/cultura\/11\/00\/#primaryimage"},"thumbnailUrl":"https:\/\/algarve7.pt\/wp-content\/uploads\/2024\/12\/2024_12_19_JaneiraseCharolas_Post_A.jpg","keywords":["Algarve","Cultura","Janeiras","Quarteira"],"articleSection":["Cultura"],"inLanguage":"pt-PT"},{"@type":"WebPage","@id":"https:\/\/algarve7.pt\/index.php\/2024\/12\/a-tradicao-das-janeiras-encanta-quarteira-no-arranque-do-novo-ano\/cultura\/11\/00\/","url":"https:\/\/algarve7.pt\/index.php\/2024\/12\/a-tradicao-das-janeiras-encanta-quarteira-no-arranque-do-novo-ano\/cultura\/11\/00\/","name":"A tradi\u00e7\u00e3o das Janeiras encanta Quarteira no arranque do novo ano - Algarve 7","isPartOf":{"@id":"https:\/\/algarve7.pt\/#website"},"primaryImageOfPage":{"@id":"https:\/\/algarve7.pt\/index.php\/2024\/12\/a-tradicao-das-janeiras-encanta-quarteira-no-arranque-do-novo-ano\/cultura\/11\/00\/#primaryimage"},"image":{"@id":"https:\/\/algarve7.pt\/index.php\/2024\/12\/a-tradicao-das-janeiras-encanta-quarteira-no-arranque-do-novo-ano\/cultura\/11\/00\/#primaryimage"},"thumbnailUrl":"https:\/\/algarve7.pt\/wp-content\/uploads\/2024\/12\/2024_12_19_JaneiraseCharolas_Post_A.jpg","datePublished":"2024-12-25T11:00:00+00:00","description":"A tradi\u00e7\u00e3o das Janeiras encanta Quarteira no arranque do novo ano Cultura","breadcrumb":{"@id":"https:\/\/algarve7.pt\/index.php\/2024\/12\/a-tradicao-das-janeiras-encanta-quarteira-no-arranque-do-novo-ano\/cultura\/11\/00\/#breadcrumb"},"inLanguage":"pt-PT","potentialAction":[{"@type":"ReadAction","target":["https:\/\/algarve7.pt\/index.php\/2024\/12\/a-tradicao-das-janeiras-encanta-quarteira-no-arranque-do-novo-ano\/cultura\/11\/00\/"]}]},{"@type":"ImageObject","inLanguage":"pt-PT","@id":"https:\/\/algarve7.pt\/index.php\/2024\/12\/a-tradicao-das-janeiras-encanta-quarteira-no-arranque-do-novo-ano\/cultura\/11\/00\/#primaryimage","url":"https:\/\/algarve7.pt\/wp-content\/uploads\/2024\/12\/2024_12_19_JaneiraseCharolas_Post_A.jpg","contentUrl":"https:\/\/algarve7.pt\/wp-content\/uploads\/2024\/12\/2024_12_19_JaneiraseCharolas_Post_A.jpg","width":800,"height":550},{"@type":"BreadcrumbList","@id":"https:\/\/algarve7.pt\/index.php\/2024\/12\/a-tradicao-das-janeiras-encanta-quarteira-no-arranque-do-novo-ano\/cultura\/11\/00\/#breadcrumb","itemListElement":[{"@type":"ListItem","position":1,"name":"In\u00edcio","item":"https:\/\/algarve7.pt\/"},{"@type":"ListItem","position":2,"name":"A tradi\u00e7\u00e3o das Janeiras encanta Quarteira no arranque do novo ano"}]},{"@type":"WebSite","@id":"https:\/\/algarve7.pt\/#website","url":"https:\/\/algarve7.pt\/","name":"Algarve 7","description":"Informa\u00e7\u00e3o sobre o Algarve","publisher":{"@id":"https:\/\/algarve7.pt\/#organization"},"potentialAction":[{"@type":"SearchAction","target":{"@type":"EntryPoint","urlTemplate":"https:\/\/algarve7.pt\/?s={search_term_string}"},"query-input":{"@type":"PropertyValueSpecification","valueRequired":true,"valueName":"search_term_string"}}],"inLanguage":"pt-PT"},{"@type":"Organization","@id":"https:\/\/algarve7.pt\/#organization","name":"Algarve 7","url":"https:\/\/algarve7.pt\/","logo":{"@type":"ImageObject","inLanguage":"pt-PT","@id":"https:\/\/algarve7.pt\/#\/schema\/logo\/image\/","url":"https:\/\/algarve7.pt\/wp-content\/uploads\/2020\/10\/Logo-8.jpg","contentUrl":"https:\/\/algarve7.pt\/wp-content\/uploads\/2020\/10\/Logo-8.jpg","width":1680,"height":1186,"caption":"Algarve 7"},"image":{"@id":"https:\/\/algarve7.pt\/#\/schema\/logo\/image\/"},"sameAs":["https:\/\/www.facebook.com\/algarve7","https:\/\/x.com\/Algarvesete","https:\/\/www.instagram.com\/jornalalgarve7\/","https:\/\/www.linkedin.com\/company\/algarve7","https:\/\/www.pinterest.pt\/geral0939\/_created\/"]},{"@type":"Person","@id":"https:\/\/algarve7.pt\/#\/schema\/person\/23fa70681308e7b319a3204bcea45e0c","name":"Algarve 7","sameAs":["https:\/\/algarve7.pt","https:\/\/www.facebook.com\/algarve7"],"url":"https:\/\/algarve7.pt\/index.php\/author\/geralalgarve7-pt\/"}]}},"jetpack_publicize_connections":[],"jetpack_featured_media_url":"https:\/\/algarve7.pt\/wp-content\/uploads\/2024\/12\/2024_12_19_JaneiraseCharolas_Post_A.jpg","jetpack_shortlink":"https:\/\/wp.me\/pcezmW-bUv","jetpack_sharing_enabled":true,"_links":{"self":[{"href":"https:\/\/algarve7.pt\/index.php\/wp-json\/wp\/v2\/posts\/45787","targetHints":{"allow":["GET"]}}],"collection":[{"href":"https:\/\/algarve7.pt\/index.php\/wp-json\/wp\/v2\/posts"}],"about":[{"href":"https:\/\/algarve7.pt\/index.php\/wp-json\/wp\/v2\/types\/post"}],"author":[{"embeddable":true,"href":"https:\/\/algarve7.pt\/index.php\/wp-json\/wp\/v2\/users\/1"}],"replies":[{"embeddable":true,"href":"https:\/\/algarve7.pt\/index.php\/wp-json\/wp\/v2\/comments?post=45787"}],"version-history":[{"count":0,"href":"https:\/\/algarve7.pt\/index.php\/wp-json\/wp\/v2\/posts\/45787\/revisions"}],"wp:featuredmedia":[{"embeddable":true,"href":"https:\/\/algarve7.pt\/index.php\/wp-json\/wp\/v2\/media\/45788"}],"wp:attachment":[{"href":"https:\/\/algarve7.pt\/index.php\/wp-json\/wp\/v2\/media?parent=45787"}],"wp:term":[{"taxonomy":"category","embeddable":true,"href":"https:\/\/algarve7.pt\/index.php\/wp-json\/wp\/v2\/categories?post=45787"},{"taxonomy":"post_tag","embeddable":true,"href":"https:\/\/algarve7.pt\/index.php\/wp-json\/wp\/v2\/tags?post=45787"}],"curies":[{"name":"wp","href":"https:\/\/api.w.org\/{rel}","templated":true}]}}