{"id":45738,"date":"2024-12-22T11:00:00","date_gmt":"2024-12-22T11:00:00","guid":{"rendered":"https:\/\/algarve7.pt\/?p=45738"},"modified":"2024-12-20T19:03:07","modified_gmt":"2024-12-20T19:03:07","slug":"flixbus-reforca-ligacoes-para-o-algarve-neste-natal-e-ano-novo","status":"publish","type":"post","link":"https:\/\/algarve7.pt\/index.php\/2024\/12\/flixbus-reforca-ligacoes-para-o-algarve-neste-natal-e-ano-novo\/nacional\/11\/00\/","title":{"rendered":"FlixBus refor\u00e7a liga\u00e7\u00f5es para o Algarve neste Natal e Ano Novo"},"content":{"rendered":"\n<p>A FlixBus refor\u00e7ou esta semana todas as liga\u00e7\u00f5es entre Lisboa e o Algarve, de forma a dar resposta ao aumento da procura neste per\u00edodo do Natal e Ano Novo. Este ano, as viagens para o Sul do pa\u00eds registam um aumento de 35% face ao mesmo per\u00edodo de 2023. A FlixBus est\u00e1 a oferecer 172 liga\u00e7\u00f5es di\u00e1rias (86 em cada sentido) para a regi\u00e3o algarvia, e onde se incluem novos destinos como Monte Gordo, Vila Real de Santo Ant\u00f3nio ou Vilamoura, para al\u00e9m dos j\u00e1 habituais Faro, Portim\u00e3o, Albufeira, Lagos, Quarteira, Tavira, Olh\u00e3o e Arma\u00e7\u00e3o de P\u00eara.<\/p>\n\n\n\n<p>A FlixBus registou um aumento da procura para a regi\u00e3o da Andaluzia, em especial para Sevilha, e tamb\u00e9m para Bilbao e S\u00e3o Sebasti\u00e3o, pelo que as viagens para estes destinos foram tamb\u00e9m refor\u00e7adas. J\u00e1 nas liga\u00e7\u00f5es entre Lisboa e Madrid, o aumento da oferta chega aos 18%, com at\u00e9 12 viagens di\u00e1rias entre estas duas capitais europeias.<\/p>\n\n\n\n<p>At\u00e9 ao in\u00edcio de janeiro, a FlixBus refor\u00e7a toda a sua rede dom\u00e9stica e internacional, a fim de responder \u00e0s necessidades de mobilidade dos portugueses e dos turistas que visitam o pa\u00eds nesta \u00e9poca natal\u00edcia.&nbsp;<\/p>\n\n\n\n<p>A n\u00edvel nacional, e na opera\u00e7\u00e3o dom\u00e9stica, ou seja, nas linhas nacionais, h\u00e1 viagens que crescem at\u00e9 60%, sendo que, no total, o aumento na rede dom\u00e9stica \u00e9 de 24%, e de 15% na opera\u00e7\u00e3o internacional.<\/p>\n\n\n\n<p>A liga\u00e7\u00e3o Lisboa-Porto passa a ter at\u00e9 166 viagens (83 em cada sentido) durante este per\u00edodo de Natal e Ano Novo, o que representa um aumento de cerca de 60% face ao ano anterior, em que foram disponibilizadas 104 viagens neste eixo. Coimbra tamb\u00e9m regista um aumento na procura, e por isso as viagens para esta cidade foram refor\u00e7adas em 29%.&nbsp;<\/p>\n\n\n\n<p>Para al\u00e9m do corredor Lisboa-Porto, a FlixBus regista, este ano, um aumento da procura para as cidades da Guarda, Viseu, Aveiro e Figueira da Foz. A fim de dar resposta a este aumento da procura, todas as viagens para estas regi\u00f5es foram refor\u00e7adas com mais hor\u00e1rios e frequ\u00eancias. Quanto ao Algarve, este continua a ser um dos destinos preferidos dos portugueses para a passagem de ano, e por isso, e \u00e0 semelhan\u00e7a do ano passado, a FlixBus refor\u00e7ou, tamb\u00e9m, as suas liga\u00e7\u00f5es ao Sul do pa\u00eds.&nbsp;<\/p>\n\n\n\n<p><strong>Pablo Pastega, Vice-Presidente da FlixBus para a Europa Ocidental, e director-geral da FlixBus em Portugal:<\/strong>&nbsp;\u201c<em>\u00c0 semelhan\u00e7a do ano passado, a liga\u00e7\u00e3o Porto-Lisboa \u00e9 a que regista maior procura, e, neste per\u00edodo festivo, a FlixBus disponibiliza at\u00e9 166 viagens di\u00e1rias neste eixo, 83 em cada sentido, o que representa um aumento de cerca de 60% em rela\u00e7\u00e3o a 2023, em tivemos at\u00e9 104 viagens (52 em cada sentido) durante este per\u00edodo de Natal e Ano Novo. \u00c9 a prova de que a mobilidade do pa\u00eds vai muito al\u00e9m do comboio, e que os chamados &#8220;expressos&#8221; t\u00eam um papel important\u00edssimo na mobilidade do pa\u00eds\u201d.<\/em><\/p>\n\n\n\n<p>Ainda a n\u00edvel dom\u00e9stico, e de forma a facilitar as viagens de todos aqueles que viajam de avi\u00e3o, a FlixBus refor\u00e7ou, tamb\u00e9m, as liga\u00e7\u00f5es aos tr\u00eas aeroportos nacionais.<\/p>\n","protected":false},"excerpt":{"rendered":"<p>A FlixBus refor\u00e7ou esta semana todas as liga\u00e7\u00f5es entre Lisboa e o Algarve, de forma a dar resposta ao aumento<\/p>\n","protected":false},"author":1,"featured_media":30029,"comment_status":"closed","ping_status":"closed","sticky":false,"template":"","format":"standard","meta":{"colormag_page_container_layout":"default_layout","colormag_page_sidebar_layout":"default_layout","_monsterinsights_skip_tracking":false,"_monsterinsights_sitenote_active":false,"_monsterinsights_sitenote_note":"","_monsterinsights_sitenote_category":0,"jetpack_post_was_ever_published":false,"_jetpack_newsletter_access":"","_jetpack_dont_email_post_to_subs":false,"_jetpack_newsletter_tier_id":0,"_jetpack_memberships_contains_paywalled_content":false,"_jetpack_memberships_contains_paid_content":false,"footnotes":"","jetpack_publicize_message":"","jetpack_publicize_feature_enabled":true,"jetpack_social_post_already_shared":true,"jetpack_social_options":{"image_generator_settings":{"template":"highway","default_image_id":0,"font":"","enabled":false},"version":2}},"categories":[189],"tags":[36,62,98],"class_list":["post-45738","post","type-post","status-publish","format-standard","has-post-thumbnail","hentry","category-nacional","tag-algarve","tag-atualidade","tag-nacional"],"yoast_head":"<!-- This site is optimized with the Yoast SEO plugin v27.5 - https:\/\/yoast.com\/product\/yoast-seo-wordpress\/ -->\n<title>FlixBus refor\u00e7a liga\u00e7\u00f5es para o Algarve neste Natal e Ano Novo - Algarve 7<\/title>\n<meta name=\"description\" content=\"FlixBus refor\u00e7a liga\u00e7\u00f5es para o Algarve neste Natal e Ano Novo Nacional\" \/>\n<meta name=\"robots\" content=\"index, follow, max-snippet:-1, max-image-preview:large, max-video-preview:-1\" \/>\n<link rel=\"canonical\" href=\"https:\/\/algarve7.pt\/index.php\/2024\/12\/flixbus-reforca-ligacoes-para-o-algarve-neste-natal-e-ano-novo\/nacional\/11\/00\/\" \/>\n<meta property=\"og:locale\" content=\"pt_PT\" \/>\n<meta property=\"og:type\" content=\"article\" \/>\n<meta property=\"og:title\" content=\"FlixBus refor\u00e7a liga\u00e7\u00f5es para o Algarve neste Natal e Ano Novo - Algarve 7\" \/>\n<meta property=\"og:description\" content=\"FlixBus refor\u00e7a liga\u00e7\u00f5es para o Algarve neste Natal e Ano Novo Nacional\" \/>\n<meta property=\"og:url\" content=\"https:\/\/algarve7.pt\/index.php\/2024\/12\/flixbus-reforca-ligacoes-para-o-algarve-neste-natal-e-ano-novo\/nacional\/11\/00\/\" \/>\n<meta property=\"og:site_name\" content=\"Algarve 7\" \/>\n<meta property=\"article:publisher\" content=\"https:\/\/www.facebook.com\/algarve7\" \/>\n<meta property=\"article:author\" content=\"https:\/\/www.facebook.com\/algarve7\" \/>\n<meta property=\"article:published_time\" content=\"2024-12-22T11:00:00+00:00\" \/>\n<meta property=\"og:image\" content=\"https:\/\/algarve7.pt\/wp-content\/uploads\/2023\/08\/flixbus-maxthrelfallphoto-16-motorway-departure-evening-435-re-II.jpg\" \/>\n\t<meta property=\"og:image:width\" content=\"1024\" \/>\n\t<meta property=\"og:image:height\" content=\"682\" \/>\n\t<meta property=\"og:image:type\" content=\"image\/jpeg\" \/>\n<meta name=\"author\" content=\"Algarve 7\" \/>\n<meta name=\"twitter:card\" content=\"summary_large_image\" \/>\n<meta name=\"twitter:creator\" content=\"@Algarvesete\" \/>\n<meta name=\"twitter:site\" content=\"@Algarvesete\" \/>\n<meta name=\"twitter:label1\" content=\"Escrito por\" \/>\n\t<meta name=\"twitter:data1\" content=\"Algarve 7\" \/>\n\t<meta name=\"twitter:label2\" content=\"Tempo estimado de leitura\" \/>\n\t<meta name=\"twitter:data2\" content=\"3 minutos\" \/>\n<script type=\"application\/ld+json\" class=\"yoast-schema-graph\">{\"@context\":\"https:\\\/\\\/schema.org\",\"@graph\":[{\"@type\":\"Article\",\"@id\":\"https:\\\/\\\/algarve7.pt\\\/index.php\\\/2024\\\/12\\\/flixbus-reforca-ligacoes-para-o-algarve-neste-natal-e-ano-novo\\\/nacional\\\/11\\\/00\\\/#article\",\"isPartOf\":{\"@id\":\"https:\\\/\\\/algarve7.pt\\\/index.php\\\/2024\\\/12\\\/flixbus-reforca-ligacoes-para-o-algarve-neste-natal-e-ano-novo\\\/nacional\\\/11\\\/00\\\/\"},\"author\":{\"name\":\"Algarve 7\",\"@id\":\"https:\\\/\\\/algarve7.pt\\\/#\\\/schema\\\/person\\\/23fa70681308e7b319a3204bcea45e0c\"},\"headline\":\"FlixBus refor\u00e7a liga\u00e7\u00f5es para o Algarve neste Natal e Ano Novo\",\"datePublished\":\"2024-12-22T11:00:00+00:00\",\"mainEntityOfPage\":{\"@id\":\"https:\\\/\\\/algarve7.pt\\\/index.php\\\/2024\\\/12\\\/flixbus-reforca-ligacoes-para-o-algarve-neste-natal-e-ano-novo\\\/nacional\\\/11\\\/00\\\/\"},\"wordCount\":559,\"publisher\":{\"@id\":\"https:\\\/\\\/algarve7.pt\\\/#organization\"},\"image\":{\"@id\":\"https:\\\/\\\/algarve7.pt\\\/index.php\\\/2024\\\/12\\\/flixbus-reforca-ligacoes-para-o-algarve-neste-natal-e-ano-novo\\\/nacional\\\/11\\\/00\\\/#primaryimage\"},\"thumbnailUrl\":\"https:\\\/\\\/algarve7.pt\\\/wp-content\\\/uploads\\\/2023\\\/08\\\/flixbus-maxthrelfallphoto-16-motorway-departure-evening-435-re-II.jpg\",\"keywords\":[\"Algarve\",\"Atualidade\",\"Nacional\"],\"articleSection\":[\"Nacional\"],\"inLanguage\":\"pt-PT\"},{\"@type\":\"WebPage\",\"@id\":\"https:\\\/\\\/algarve7.pt\\\/index.php\\\/2024\\\/12\\\/flixbus-reforca-ligacoes-para-o-algarve-neste-natal-e-ano-novo\\\/nacional\\\/11\\\/00\\\/\",\"url\":\"https:\\\/\\\/algarve7.pt\\\/index.php\\\/2024\\\/12\\\/flixbus-reforca-ligacoes-para-o-algarve-neste-natal-e-ano-novo\\\/nacional\\\/11\\\/00\\\/\",\"name\":\"FlixBus refor\u00e7a liga\u00e7\u00f5es para o Algarve neste Natal e Ano Novo - Algarve 7\",\"isPartOf\":{\"@id\":\"https:\\\/\\\/algarve7.pt\\\/#website\"},\"primaryImageOfPage\":{\"@id\":\"https:\\\/\\\/algarve7.pt\\\/index.php\\\/2024\\\/12\\\/flixbus-reforca-ligacoes-para-o-algarve-neste-natal-e-ano-novo\\\/nacional\\\/11\\\/00\\\/#primaryimage\"},\"image\":{\"@id\":\"https:\\\/\\\/algarve7.pt\\\/index.php\\\/2024\\\/12\\\/flixbus-reforca-ligacoes-para-o-algarve-neste-natal-e-ano-novo\\\/nacional\\\/11\\\/00\\\/#primaryimage\"},\"thumbnailUrl\":\"https:\\\/\\\/algarve7.pt\\\/wp-content\\\/uploads\\\/2023\\\/08\\\/flixbus-maxthrelfallphoto-16-motorway-departure-evening-435-re-II.jpg\",\"datePublished\":\"2024-12-22T11:00:00+00:00\",\"description\":\"FlixBus refor\u00e7a liga\u00e7\u00f5es para o Algarve neste Natal e Ano Novo Nacional\",\"breadcrumb\":{\"@id\":\"https:\\\/\\\/algarve7.pt\\\/index.php\\\/2024\\\/12\\\/flixbus-reforca-ligacoes-para-o-algarve-neste-natal-e-ano-novo\\\/nacional\\\/11\\\/00\\\/#breadcrumb\"},\"inLanguage\":\"pt-PT\",\"potentialAction\":[{\"@type\":\"ReadAction\",\"target\":[\"https:\\\/\\\/algarve7.pt\\\/index.php\\\/2024\\\/12\\\/flixbus-reforca-ligacoes-para-o-algarve-neste-natal-e-ano-novo\\\/nacional\\\/11\\\/00\\\/\"]}]},{\"@type\":\"ImageObject\",\"inLanguage\":\"pt-PT\",\"@id\":\"https:\\\/\\\/algarve7.pt\\\/index.php\\\/2024\\\/12\\\/flixbus-reforca-ligacoes-para-o-algarve-neste-natal-e-ano-novo\\\/nacional\\\/11\\\/00\\\/#primaryimage\",\"url\":\"https:\\\/\\\/algarve7.pt\\\/wp-content\\\/uploads\\\/2023\\\/08\\\/flixbus-maxthrelfallphoto-16-motorway-departure-evening-435-re-II.jpg\",\"contentUrl\":\"https:\\\/\\\/algarve7.pt\\\/wp-content\\\/uploads\\\/2023\\\/08\\\/flixbus-maxthrelfallphoto-16-motorway-departure-evening-435-re-II.jpg\",\"width\":1024,\"height\":682},{\"@type\":\"BreadcrumbList\",\"@id\":\"https:\\\/\\\/algarve7.pt\\\/index.php\\\/2024\\\/12\\\/flixbus-reforca-ligacoes-para-o-algarve-neste-natal-e-ano-novo\\\/nacional\\\/11\\\/00\\\/#breadcrumb\",\"itemListElement\":[{\"@type\":\"ListItem\",\"position\":1,\"name\":\"In\u00edcio\",\"item\":\"https:\\\/\\\/algarve7.pt\\\/\"},{\"@type\":\"ListItem\",\"position\":2,\"name\":\"FlixBus refor\u00e7a liga\u00e7\u00f5es para o Algarve neste Natal e Ano Novo\"}]},{\"@type\":\"WebSite\",\"@id\":\"https:\\\/\\\/algarve7.pt\\\/#website\",\"url\":\"https:\\\/\\\/algarve7.pt\\\/\",\"name\":\"Algarve 7\",\"description\":\"Informa\u00e7\u00e3o sobre o Algarve\",\"publisher\":{\"@id\":\"https:\\\/\\\/algarve7.pt\\\/#organization\"},\"potentialAction\":[{\"@type\":\"SearchAction\",\"target\":{\"@type\":\"EntryPoint\",\"urlTemplate\":\"https:\\\/\\\/algarve7.pt\\\/?s={search_term_string}\"},\"query-input\":{\"@type\":\"PropertyValueSpecification\",\"valueRequired\":true,\"valueName\":\"search_term_string\"}}],\"inLanguage\":\"pt-PT\"},{\"@type\":\"Organization\",\"@id\":\"https:\\\/\\\/algarve7.pt\\\/#organization\",\"name\":\"Algarve 7\",\"url\":\"https:\\\/\\\/algarve7.pt\\\/\",\"logo\":{\"@type\":\"ImageObject\",\"inLanguage\":\"pt-PT\",\"@id\":\"https:\\\/\\\/algarve7.pt\\\/#\\\/schema\\\/logo\\\/image\\\/\",\"url\":\"https:\\\/\\\/algarve7.pt\\\/wp-content\\\/uploads\\\/2020\\\/10\\\/Logo-8.jpg\",\"contentUrl\":\"https:\\\/\\\/algarve7.pt\\\/wp-content\\\/uploads\\\/2020\\\/10\\\/Logo-8.jpg\",\"width\":1680,\"height\":1186,\"caption\":\"Algarve 7\"},\"image\":{\"@id\":\"https:\\\/\\\/algarve7.pt\\\/#\\\/schema\\\/logo\\\/image\\\/\"},\"sameAs\":[\"https:\\\/\\\/www.facebook.com\\\/algarve7\",\"https:\\\/\\\/x.com\\\/Algarvesete\",\"https:\\\/\\\/www.instagram.com\\\/jornalalgarve7\\\/\",\"https:\\\/\\\/www.linkedin.com\\\/company\\\/algarve7\",\"https:\\\/\\\/www.pinterest.pt\\\/geral0939\\\/_created\\\/\"]},{\"@type\":\"Person\",\"@id\":\"https:\\\/\\\/algarve7.pt\\\/#\\\/schema\\\/person\\\/23fa70681308e7b319a3204bcea45e0c\",\"name\":\"Algarve 7\",\"sameAs\":[\"https:\\\/\\\/algarve7.pt\",\"https:\\\/\\\/www.facebook.com\\\/algarve7\"],\"url\":\"https:\\\/\\\/algarve7.pt\\\/index.php\\\/author\\\/geralalgarve7-pt\\\/\"}]}<\/script>\n<!-- \/ Yoast SEO plugin. -->","yoast_head_json":{"title":"FlixBus refor\u00e7a liga\u00e7\u00f5es para o Algarve neste Natal e Ano Novo - Algarve 7","description":"FlixBus refor\u00e7a liga\u00e7\u00f5es para o Algarve neste Natal e Ano Novo Nacional","robots":{"index":"index","follow":"follow","max-snippet":"max-snippet:-1","max-image-preview":"max-image-preview:large","max-video-preview":"max-video-preview:-1"},"canonical":"https:\/\/algarve7.pt\/index.php\/2024\/12\/flixbus-reforca-ligacoes-para-o-algarve-neste-natal-e-ano-novo\/nacional\/11\/00\/","og_locale":"pt_PT","og_type":"article","og_title":"FlixBus refor\u00e7a liga\u00e7\u00f5es para o Algarve neste Natal e Ano Novo - Algarve 7","og_description":"FlixBus refor\u00e7a liga\u00e7\u00f5es para o Algarve neste Natal e Ano Novo Nacional","og_url":"https:\/\/algarve7.pt\/index.php\/2024\/12\/flixbus-reforca-ligacoes-para-o-algarve-neste-natal-e-ano-novo\/nacional\/11\/00\/","og_site_name":"Algarve 7","article_publisher":"https:\/\/www.facebook.com\/algarve7","article_author":"https:\/\/www.facebook.com\/algarve7","article_published_time":"2024-12-22T11:00:00+00:00","og_image":[{"width":1024,"height":682,"url":"https:\/\/algarve7.pt\/wp-content\/uploads\/2023\/08\/flixbus-maxthrelfallphoto-16-motorway-departure-evening-435-re-II.jpg","type":"image\/jpeg"}],"author":"Algarve 7","twitter_card":"summary_large_image","twitter_creator":"@Algarvesete","twitter_site":"@Algarvesete","twitter_misc":{"Escrito por":"Algarve 7","Tempo estimado de leitura":"3 minutos"},"schema":{"@context":"https:\/\/schema.org","@graph":[{"@type":"Article","@id":"https:\/\/algarve7.pt\/index.php\/2024\/12\/flixbus-reforca-ligacoes-para-o-algarve-neste-natal-e-ano-novo\/nacional\/11\/00\/#article","isPartOf":{"@id":"https:\/\/algarve7.pt\/index.php\/2024\/12\/flixbus-reforca-ligacoes-para-o-algarve-neste-natal-e-ano-novo\/nacional\/11\/00\/"},"author":{"name":"Algarve 7","@id":"https:\/\/algarve7.pt\/#\/schema\/person\/23fa70681308e7b319a3204bcea45e0c"},"headline":"FlixBus refor\u00e7a liga\u00e7\u00f5es para o Algarve neste Natal e Ano Novo","datePublished":"2024-12-22T11:00:00+00:00","mainEntityOfPage":{"@id":"https:\/\/algarve7.pt\/index.php\/2024\/12\/flixbus-reforca-ligacoes-para-o-algarve-neste-natal-e-ano-novo\/nacional\/11\/00\/"},"wordCount":559,"publisher":{"@id":"https:\/\/algarve7.pt\/#organization"},"image":{"@id":"https:\/\/algarve7.pt\/index.php\/2024\/12\/flixbus-reforca-ligacoes-para-o-algarve-neste-natal-e-ano-novo\/nacional\/11\/00\/#primaryimage"},"thumbnailUrl":"https:\/\/algarve7.pt\/wp-content\/uploads\/2023\/08\/flixbus-maxthrelfallphoto-16-motorway-departure-evening-435-re-II.jpg","keywords":["Algarve","Atualidade","Nacional"],"articleSection":["Nacional"],"inLanguage":"pt-PT"},{"@type":"WebPage","@id":"https:\/\/algarve7.pt\/index.php\/2024\/12\/flixbus-reforca-ligacoes-para-o-algarve-neste-natal-e-ano-novo\/nacional\/11\/00\/","url":"https:\/\/algarve7.pt\/index.php\/2024\/12\/flixbus-reforca-ligacoes-para-o-algarve-neste-natal-e-ano-novo\/nacional\/11\/00\/","name":"FlixBus refor\u00e7a liga\u00e7\u00f5es para o Algarve neste Natal e Ano Novo - Algarve 7","isPartOf":{"@id":"https:\/\/algarve7.pt\/#website"},"primaryImageOfPage":{"@id":"https:\/\/algarve7.pt\/index.php\/2024\/12\/flixbus-reforca-ligacoes-para-o-algarve-neste-natal-e-ano-novo\/nacional\/11\/00\/#primaryimage"},"image":{"@id":"https:\/\/algarve7.pt\/index.php\/2024\/12\/flixbus-reforca-ligacoes-para-o-algarve-neste-natal-e-ano-novo\/nacional\/11\/00\/#primaryimage"},"thumbnailUrl":"https:\/\/algarve7.pt\/wp-content\/uploads\/2023\/08\/flixbus-maxthrelfallphoto-16-motorway-departure-evening-435-re-II.jpg","datePublished":"2024-12-22T11:00:00+00:00","description":"FlixBus refor\u00e7a liga\u00e7\u00f5es para o Algarve neste Natal e Ano Novo Nacional","breadcrumb":{"@id":"https:\/\/algarve7.pt\/index.php\/2024\/12\/flixbus-reforca-ligacoes-para-o-algarve-neste-natal-e-ano-novo\/nacional\/11\/00\/#breadcrumb"},"inLanguage":"pt-PT","potentialAction":[{"@type":"ReadAction","target":["https:\/\/algarve7.pt\/index.php\/2024\/12\/flixbus-reforca-ligacoes-para-o-algarve-neste-natal-e-ano-novo\/nacional\/11\/00\/"]}]},{"@type":"ImageObject","inLanguage":"pt-PT","@id":"https:\/\/algarve7.pt\/index.php\/2024\/12\/flixbus-reforca-ligacoes-para-o-algarve-neste-natal-e-ano-novo\/nacional\/11\/00\/#primaryimage","url":"https:\/\/algarve7.pt\/wp-content\/uploads\/2023\/08\/flixbus-maxthrelfallphoto-16-motorway-departure-evening-435-re-II.jpg","contentUrl":"https:\/\/algarve7.pt\/wp-content\/uploads\/2023\/08\/flixbus-maxthrelfallphoto-16-motorway-departure-evening-435-re-II.jpg","width":1024,"height":682},{"@type":"BreadcrumbList","@id":"https:\/\/algarve7.pt\/index.php\/2024\/12\/flixbus-reforca-ligacoes-para-o-algarve-neste-natal-e-ano-novo\/nacional\/11\/00\/#breadcrumb","itemListElement":[{"@type":"ListItem","position":1,"name":"In\u00edcio","item":"https:\/\/algarve7.pt\/"},{"@type":"ListItem","position":2,"name":"FlixBus refor\u00e7a liga\u00e7\u00f5es para o Algarve neste Natal e Ano Novo"}]},{"@type":"WebSite","@id":"https:\/\/algarve7.pt\/#website","url":"https:\/\/algarve7.pt\/","name":"Algarve 7","description":"Informa\u00e7\u00e3o sobre o Algarve","publisher":{"@id":"https:\/\/algarve7.pt\/#organization"},"potentialAction":[{"@type":"SearchAction","target":{"@type":"EntryPoint","urlTemplate":"https:\/\/algarve7.pt\/?s={search_term_string}"},"query-input":{"@type":"PropertyValueSpecification","valueRequired":true,"valueName":"search_term_string"}}],"inLanguage":"pt-PT"},{"@type":"Organization","@id":"https:\/\/algarve7.pt\/#organization","name":"Algarve 7","url":"https:\/\/algarve7.pt\/","logo":{"@type":"ImageObject","inLanguage":"pt-PT","@id":"https:\/\/algarve7.pt\/#\/schema\/logo\/image\/","url":"https:\/\/algarve7.pt\/wp-content\/uploads\/2020\/10\/Logo-8.jpg","contentUrl":"https:\/\/algarve7.pt\/wp-content\/uploads\/2020\/10\/Logo-8.jpg","width":1680,"height":1186,"caption":"Algarve 7"},"image":{"@id":"https:\/\/algarve7.pt\/#\/schema\/logo\/image\/"},"sameAs":["https:\/\/www.facebook.com\/algarve7","https:\/\/x.com\/Algarvesete","https:\/\/www.instagram.com\/jornalalgarve7\/","https:\/\/www.linkedin.com\/company\/algarve7","https:\/\/www.pinterest.pt\/geral0939\/_created\/"]},{"@type":"Person","@id":"https:\/\/algarve7.pt\/#\/schema\/person\/23fa70681308e7b319a3204bcea45e0c","name":"Algarve 7","sameAs":["https:\/\/algarve7.pt","https:\/\/www.facebook.com\/algarve7"],"url":"https:\/\/algarve7.pt\/index.php\/author\/geralalgarve7-pt\/"}]}},"jetpack_publicize_connections":[],"jetpack_featured_media_url":"https:\/\/algarve7.pt\/wp-content\/uploads\/2023\/08\/flixbus-maxthrelfallphoto-16-motorway-departure-evening-435-re-II.jpg","jetpack_shortlink":"https:\/\/wp.me\/pcezmW-bTI","jetpack_sharing_enabled":true,"_links":{"self":[{"href":"https:\/\/algarve7.pt\/index.php\/wp-json\/wp\/v2\/posts\/45738","targetHints":{"allow":["GET"]}}],"collection":[{"href":"https:\/\/algarve7.pt\/index.php\/wp-json\/wp\/v2\/posts"}],"about":[{"href":"https:\/\/algarve7.pt\/index.php\/wp-json\/wp\/v2\/types\/post"}],"author":[{"embeddable":true,"href":"https:\/\/algarve7.pt\/index.php\/wp-json\/wp\/v2\/users\/1"}],"replies":[{"embeddable":true,"href":"https:\/\/algarve7.pt\/index.php\/wp-json\/wp\/v2\/comments?post=45738"}],"version-history":[{"count":0,"href":"https:\/\/algarve7.pt\/index.php\/wp-json\/wp\/v2\/posts\/45738\/revisions"}],"wp:featuredmedia":[{"embeddable":true,"href":"https:\/\/algarve7.pt\/index.php\/wp-json\/wp\/v2\/media\/30029"}],"wp:attachment":[{"href":"https:\/\/algarve7.pt\/index.php\/wp-json\/wp\/v2\/media?parent=45738"}],"wp:term":[{"taxonomy":"category","embeddable":true,"href":"https:\/\/algarve7.pt\/index.php\/wp-json\/wp\/v2\/categories?post=45738"},{"taxonomy":"post_tag","embeddable":true,"href":"https:\/\/algarve7.pt\/index.php\/wp-json\/wp\/v2\/tags?post=45738"}],"curies":[{"name":"wp","href":"https:\/\/api.w.org\/{rel}","templated":true}]}}