{"id":45732,"date":"2024-12-22T11:00:00","date_gmt":"2024-12-22T11:00:00","guid":{"rendered":"https:\/\/algarve7.pt\/?p=45732"},"modified":"2024-12-20T18:48:55","modified_gmt":"2024-12-20T18:48:55","slug":"ccdr-algarve-aprova-intervencoes-nos-polos-de-inovacao-de-tavira-e-do-patacao-faro","status":"publish","type":"post","link":"https:\/\/algarve7.pt\/index.php\/2024\/12\/ccdr-algarve-aprova-intervencoes-nos-polos-de-inovacao-de-tavira-e-do-patacao-faro\/atualidade\/11\/00\/","title":{"rendered":"CCDR Algarve aprova interven\u00e7\u00f5es nos Polos de Inova\u00e7\u00e3o de Tavira e do Patac\u00e3o (Faro)"},"content":{"rendered":"\n<p><strong>O Conselho Diretivo da Comiss\u00e3o de Coordena\u00e7\u00e3o e desenvolvimento Regional (CCDR) do Algarve, I.P. adjudicou investimentos de 2.362.508, 41 euros nos Polos de Inova\u00e7\u00e3o de Faro (Patac\u00e3o) e de Tavira, com estimativa de conclus\u00e3o no final de 2025.<\/strong><strong><\/strong><\/p>\n\n\n\n<p><strong>Apresentadas ao Ministro da Agricultura e Pescas, Jos\u00e9 Manuel Fernandes, e ao Secret\u00e1rio de Estado da Agricultura, Jo\u00e3o Moura, durante a visita que efetuou aos servi\u00e7os regionais de agricultura e pescas, estas interven\u00e7\u00f5es contam com financiamento do Plano de Recupera\u00e7\u00e3o e Resili\u00eancia (PRR),<\/strong>&nbsp;no \u00e2mbito da Componente 5 \u2013 Capitaliza\u00e7\u00e3o e Inova\u00e7\u00e3o Empresarial, integrada na Dimens\u00e3o Resili\u00eancia, da qual faz parte a&nbsp;<strong>Agenda de Inova\u00e7\u00e3o para a Agricultura<\/strong>, aprovada pela Resolu\u00e7\u00e3o do Conselho de Ministros n.\u00ba 86\/2020, de 13 de outubro,&nbsp;<\/p>\n\n\n\n<p>Neste contexto, ser\u00e3o executados os projetos&nbsp;&nbsp;\u201c<strong>C05-i03-P-000037 P\u00f3lo de Inova\u00e7\u00e3o de Tavira<\/strong>\u201d, aprovado com um investimento eleg\u00edvel de 1.677.789,53\u20ac, e o \u201c<strong>C05-i03-P-000038 Polo de Inova\u00e7\u00e3o de Faro<\/strong>\u201d, aprovado com um investimento eleg\u00edvel de 684.718,88\u20ac, ambos com um cronograma para executar material e financeiramente at\u00e9 31 de dezembro de 2025.<\/p>\n\n\n\n<p>As candidaturas assentam nas seguintes linhas de a\u00e7\u00e3o (LA), consubstanciadas nos objetivos operacionais (OP), respetivos:<\/p>\n\n\n\n<ul class=\"wp-block-list\">\n<li>LA1. Infraestruturas e equipamentos: recuperar e modernizar infraestruturas e equipamentos na rede de esta\u00e7\u00f5es experimentais da \u00e1rea da agricultura.<\/li>\n\n\n\n<li>OP1. Refor\u00e7ar a capacidade de investiga\u00e7\u00e3o, inova\u00e7\u00e3o, forma\u00e7\u00e3o, demonstra\u00e7\u00e3o e transfer\u00eancia de conhecimento e tecnologia.<\/li>\n<\/ul>\n\n\n\n<p>A aposta na&nbsp;<strong>moderniza\u00e7\u00e3o da Rede de Inova\u00e7\u00e3o<\/strong>&nbsp;constitui um dos alicerces do projeto aludido, a qual se pretende seja consubstanciada atrav\u00e9s da renova\u00e7\u00e3o\/ requalifica\u00e7\u00e3o das infraestruturas e equipamentos cient\u00edficos de laborat\u00f3rios, estruturas piloto, esta\u00e7\u00f5es centro experimentais e cole\u00e7\u00f5es de variedades regionais.<\/p>\n\n\n\n<p><strong>Polo de Inova\u00e7\u00e3o de Tavira<\/strong><strong><\/strong><\/p>\n\n\n\n<p>O Polo da Rede de Inova\u00e7\u00e3o de Tavira \u2013&nbsp;<strong>Centro de Experimenta\u00e7\u00e3o Agr\u00e1ria de Tavira (CEAT)<\/strong>&nbsp;inserido numa propriedade com cerca de 27ha tem prevista a reabilita\u00e7\u00e3o do edif\u00edcio sede da delega\u00e7\u00e3o do Sotavento da CCDR Algarve IP \u2013 Agricultura e Pescas.&nbsp;<\/p>\n\n\n\n<p>O Polo de Inova\u00e7\u00e3o de Tavira re\u00fane um vasto acervo de cole\u00e7\u00f5es ampelogr\u00e1ficas e de fruteiras tradicionais mediterr\u00e2nicas, algumas \u00fanicas no Pa\u00eds, que resultam de prospe\u00e7\u00e3o realizada na regi\u00e3o.<\/p>\n\n\n\n<p>As variedades tradicionais do Algarve, pela sua origem e natureza enquadradas no conceito de Dieta Mediterr\u00e2nica, est\u00e3o particularmente bem-adaptadas \u00e0s condi\u00e7\u00f5es edafo-clim\u00e1ticas da regi\u00e3o e encerram significativa variabilidade inter e intravarietal, cuja preserva\u00e7\u00e3o \u00e9 vital para programas de melhoramento futuros.<\/p>\n\n\n\n<p>Este germoplasma encontra-se em risco, uma vez que, com a evolu\u00e7\u00e3o t\u00e9cnica e econ\u00f3mica da agricultura, muitas destas variedades deixaram de ser cultivadas e tendem a desaparecer.&nbsp;<\/p>\n\n\n\n<p>Por outro lado, estas variedades apresentam, de uma forma geral, melhor qualidade a n\u00edvel organol\u00e9tico e nutricional, fatores cada vez mais valorizados pelos consumidores. Pela sua rusticidade adaptam-se tamb\u00e9m a sistemas de cultivo menos exigentes em fatores de produ\u00e7\u00e3o e a regi\u00f5es de baixa densidade, onde normalmente os solos s\u00e3o mais pobres.<\/p>\n\n\n\n<p>O edif\u00edcio-sede da delega\u00e7\u00e3o do Sotavento da CCDR Algarve IP \u2013 Agricultura e Pescas necessita igualmente de uma interven\u00e7\u00e3o de car\u00e1ter geral com obras de conserva\u00e7\u00e3o e melhoramento, considerando a falta de manuten\u00e7\u00e3o ao longo dos anos, desde a sua constru\u00e7\u00e3o, no final dos anos 50.<\/p>\n\n\n\n<p>O edif\u00edcio que alberga os servi\u00e7os e laborat\u00f3rios do Polo da Rede de Inova\u00e7\u00e3o de Tavira \u2013 CEAT, sendo imperativo melhorar e modernizar as suas condi\u00e7\u00f5es de utiliza\u00e7\u00e3o e por consequ\u00eancia prestar melhor servi\u00e7o ao setor agr\u00edcola da regi\u00e3o.&nbsp;<\/p>\n\n\n\n<p>O Polo de Inova\u00e7\u00e3o de Tavira \u00e9 uma infraestrutura que re\u00fane condi\u00e7\u00f5es para se constituir como&nbsp;<strong>centro de refer\u00eancia da Dieta Mediterr\u00e2nica<\/strong>, na \u00e1rea da investiga\u00e7\u00e3o, inova\u00e7\u00e3o, divulga\u00e7\u00e3o\/promo\u00e7\u00e3o e transfer\u00eancia da tecnologia, nos setores da sa\u00fade e bem estar, alimenta\u00e7\u00e3o sustent\u00e1vel, adapta\u00e7\u00e3o \u00e0s altera\u00e7\u00f5es clim\u00e1ticas, literacia, patrim\u00f3nio, cultural e liga\u00e7\u00e3o ao turismo, que mobilizar\u00e1 e integrar\u00e1&nbsp;<em>stakeholders<\/em>&nbsp;com responsabilidade na dinamiza\u00e7\u00e3o, implementa\u00e7\u00e3o e execu\u00e7\u00e3o de atividades de investiga\u00e7\u00e3o, inova\u00e7\u00e3o, forma\u00e7\u00e3o, demonstra\u00e7\u00e3o e transfer\u00eancia de conhecimento e tecnologia, refor\u00e7ando, significativamente, o ecossistema de investiga\u00e7\u00e3o e inova\u00e7\u00e3o agr\u00edcola e agroalimentar e das dimens\u00f5es chave da Dieta Mediterr\u00e2nica.<\/p>\n\n\n\n<p>Genericamente as obras de reabilita\u00e7\u00e3o a executar no Polo de Tavira s\u00e3o as seguintes:<\/p>\n\n\n\n<p>1. Reabilita\u00e7\u00e3o do revestimento da cobertura do edif\u00edcio, com a introdu\u00e7\u00e3o de subtelha de forma a garantir a estanquicidade dessa cobertura;&nbsp;<\/p>\n\n\n\n<p>2. Substitui\u00e7\u00e3o das caixilharias&nbsp;<\/p>\n\n\n\n<p>3. Execu\u00e7\u00e3o integral da pintura interior do edif\u00edcio;&nbsp;<\/p>\n\n\n\n<p>4. Execu\u00e7\u00e3o integral da pintura exterior do edif\u00edcio;&nbsp;<\/p>\n\n\n\n<p>5. Lavagem por jacto de \u00e1gua os revestimentos em pedra e marmorite das fachadas&nbsp;<\/p>\n\n\n\n<p>6. Repara\u00e7\u00e3o de pavimentos interiores&nbsp;<\/p>\n\n\n\n<p>7. Remodela\u00e7\u00e3o da rede el\u00e9trica existente<\/p>\n\n\n\n<p>8. Substitui\u00e7\u00e3o pontual de portas interiores&nbsp;<\/p>\n\n\n\n<p>9. Renova\u00e7\u00e3o integral da rede de rega&nbsp;<\/p>\n\n\n\n<p>Pretende-se renovar uma rede de rega instalada em 1989, infraestrutura fundamental para a realiza\u00e7\u00e3o das atividades de experimenta\u00e7\u00e3o e demonstra\u00e7\u00e3o neste Polo, que beneficia atualmente uma \u00e1rea de cerca de 26ha, utilizando \u00e1gua fornecida pelo Per\u00edmetro de Rega do Sotavento Algarvio, atrav\u00e9s de um hidrante regulado para fornecer um caudal nominal de 35 m3\/hora, embora possa atingir valores pr\u00f3ximos de 50 m3\/hora, e 3,5 kg\/cm2 de press\u00e3o.<\/p>\n\n\n\n<p>A rede foi concebida para distribuir \u00e1gua com origem em dois furos artesianos e de duas noras existentes na explora\u00e7\u00e3o, estando atualmente desativadas, pelo que dever\u00e1 ser reformulada de acordo com a localiza\u00e7\u00e3o e caracter\u00edsticas da nova origem e modernizada atrav\u00e9s da substitui\u00e7\u00e3o integral das suas condutas e diversos \u00f3rg\u00e3os, bastante degradados, nos quais \u00e9 frequente a ocorr\u00eancia de roturas nas condutas, com perdas de \u00e1gua e preju\u00edzos para as culturas instaladas.<\/p>\n\n\n\n<p>Ser\u00e3o modernizados os equipamentos a jusante do hidrante do Per\u00edmetro de Rega do Sotavento Algarvio, com substitui\u00e7\u00e3o da esta\u00e7\u00e3o de filtragem.<\/p>\n\n\n\n<p>Ter\u00e1 cinco casas de rega para prote\u00e7\u00e3o dos equipamentos de programa\u00e7\u00e3o das regas e fertirregas e de aplica\u00e7\u00e3o dos fertilizantes, com recupera\u00e7\u00e3o de duas casas existentes e constru\u00e7\u00e3o de tr\u00eas novas casas.<\/p>\n\n\n\n<p>A rede de rega ser\u00e1 gerida atrav\u00e9s de programadores modernos com capacidade para controlar as electrov\u00e1lvulas setoriais e sondas de humidade no solo e tamb\u00e9m equipada com equipamentos que permitam a perce\u00e7\u00e3o atempada de roturas e outras anomalias, de modo a aumentar a efici\u00eancia de distribui\u00e7\u00e3o e garantir de forma fi\u00e1vel a \u00e1gua por todo o Centro de Experimenta\u00e7\u00e3o e ao longo do n\u00famero de horas necess\u00e1rias para assegurar a rega de todas as culturas instaladas.<\/p>\n\n\n\n<p>O montante do investimento contratado totaliza 1.195.953,60\u20ac conforme se apresenta abaixo:<\/p>\n\n\n\n<p>Espera-se que esteja consignada a obra em 16\/01\/2025 e que os trabalhos sejam conclu\u00eddos no prazo de 330 dias , ou seja at\u00e9 ao final de dezembro de 2025.<\/p>\n\n\n\n<p>10. Planta\u00e7\u00f5es e ensaios<\/p>\n\n\n\n<p>No que concerne \u00e0&nbsp;<strong>componente agron\u00f3mica<\/strong>&nbsp;do projeto PRR-C05-i03-P-000037 &#8211; Polo de Inova\u00e7\u00e3o de Tavira, a n\u00edvel de ensaios de campo, est\u00e3o em curso as seguintes a\u00e7\u00f5es:<\/p>\n\n\n\n<p>&#8211; Instala\u00e7\u00e3o de cole\u00e7\u00f5es de novas esp\u00e9cies, nomeadamente pereiras, marmeleiros, damasqueiros e ameixeiras. Estas esp\u00e9cies careciam de prospe\u00e7\u00f5es para avalia\u00e7\u00e3o diversidade gen\u00e9tica do germoplasma regional e consequente sele\u00e7\u00e3o e preserva\u00e7\u00e3o.<\/p>\n\n\n\n<p>&#8211; Replanta\u00e7\u00e3o da cole\u00e7\u00e3o de figueiras, composta por 96 acessos, uma vez que as \u00e1rvores da cole\u00e7\u00e3o existente, boa parte delas plantadas nos anos 90 do s\u00e9culo passado, apresentam marcados sinais de envelhecimento.&nbsp;<\/p>\n\n\n\n<p>&#8211; Instala\u00e7\u00e3o de 112 novos clones da emblem\u00e1tica casta algarvia Negra Mole, que ir\u00e3o enriquecer a cole\u00e7\u00e3o ampelogr\u00e1fica j\u00e1 existente no Polo de Inova\u00e7\u00e3o de Tavira.<\/p>\n\n\n\n<p>&#8211; Numa parcela de alfarrobeiras, ser\u00e1 instalado um ensaio de consocia\u00e7\u00e3o com pitaia, esp\u00e9cie com baixo consumo de \u00e1gua, em que se pretende estudar a viabilidade de utiliza\u00e7\u00e3o do tronco das \u00e1rvores como sistema de suporte.<\/p>\n\n\n\n<p><strong>Polo de Inova\u00e7\u00e3o do Faro<\/strong><strong><\/strong><\/p>\n\n\n\n<p>O Polo de Inova\u00e7\u00e3o de Faro, sediado no Patac\u00e3o, \u00e9 uma infraestrutura que re\u00fane condi\u00e7\u00f5es para se constituir como refer\u00eancia nacional, para a produ\u00e7\u00e3o frut\u00edcola e hortofrut\u00edcola, com particular \u00eanfase nas boas pr\u00e1ticas agr\u00edcolas ambientalmente sustent\u00e1veis, como o Modo de Produ\u00e7\u00e3o Biol\u00f3gico, na preserva\u00e7\u00e3o e promo\u00e7\u00e3o da biodiversidade, atrav\u00e9s da cole\u00e7\u00e3o de germoplasma de citrinos, na gest\u00e3o racional dos recursos h\u00eddricos, no desenvolvimento e promo\u00e7\u00e3o da agricultura social, na \u00e1rea da experimenta\u00e7\u00e3o, inova\u00e7\u00e3o, divulga\u00e7\u00e3o\/promo\u00e7\u00e3o e transfer\u00eancia da tecnologia, a par de outros como a alimenta\u00e7\u00e3o sustent\u00e1vel, adapta\u00e7\u00e3o \u00e0s altera\u00e7\u00f5es clim\u00e1ticas, literacia, patrim\u00f3nio, cultura e liga\u00e7\u00e3o ao turismo, refor\u00e7ando, significativamente, o ecossistema de investiga\u00e7\u00e3o e inova\u00e7\u00e3o agr\u00edcola e agroalimentar.<\/p>\n\n\n\n<p>Para os setores do agroalimentar algarvio, resulta fundamental o efeito de alavancagem induzido por uma pol\u00edtica consistente de aposta na valoriza\u00e7\u00e3o dos recursos end\u00f3genos, de redu\u00e7\u00e3o do desperd\u00edcio alimentar nos v\u00e1rios est\u00e1dios da cadeia de valor, e de promo\u00e7\u00e3o dos circuitos curtos, como via para redu\u00e7\u00e3o da pegada ecol\u00f3gica e melhoria da competitividade atrav\u00e9s da redu\u00e7\u00e3o dos custos produ\u00e7\u00e3o.&nbsp;<\/p>\n\n\n\n<p>O Polo de Inova\u00e7\u00e3o de Faro integra a cadeia de valor da fruticultura e disp\u00f5e de uma \u00e1rea aproximada de 12 hectares, que integra edificado com v\u00e1rias val\u00eancias, onde se destaca o edif\u00edcio sede da CCDR Algarve, I.P \u2013 Agricultura e Pescas, que re\u00fane os servi\u00e7os de atendimento, t\u00e9cnicos e administrativos, no \u00e2mbito das compet\u00eancias definidas, edif\u00edcios que albergavam o antigo centro de forma\u00e7\u00e3o e servi\u00e7os t\u00e9cnicos e administrativos, armaz\u00e9ns, hangares, abrigos e outras estruturas de apoio \u00e0 atividade agr\u00edcola.<\/p>\n\n\n\n<p>A atividade do Polo de Inova\u00e7\u00e3o de Faro engloba tamb\u00e9m a realiza\u00e7\u00e3o de ensaios no \u00e2mbito do projeto&nbsp;<strong>PRR-02\/C05-i03\/2021 &#8211; \u201cValoriza\u00e7\u00e3o de recursos gen\u00e9ticos tradicionais, novas culturas e gest\u00e3o de \u00e1gua de rega em contexto de altera\u00e7\u00f5es clim\u00e1ticas<\/strong>\u201d, com candidatura em curso.&nbsp;<\/p>\n\n\n\n<p>No \u00e2mbito da agricultura social, a CCDR Algarve disponibiliza, no espa\u00e7o do Polo de Inova\u00e7\u00e3o de Faro, uma \u00e1rea de cerca de um hectare para culturas hort\u00edcolas, em Modo de Produ\u00e7\u00e3o Biol\u00f3gico, ao Banco Alimentar Contra a Fome do Algarve, cuja produ\u00e7\u00e3o se destina aos benefici\u00e1rios desta entidade.&nbsp;<\/p>\n\n\n\n<p>(\u2026) damasqueiros, campos de estrel\u00edcias, catos e suculentas, espa\u00e7os verdes e plantas ornamentais dispersas.<\/p>\n\n\n\n<p>Estas unidades pretendem divulgar o trabalho e atividades do Polo e abrir a estrutura a visitas da comunidade educativa e sociedade civil, em geral.&nbsp;<\/p>\n\n\n\n<p>Genericamente as obras de reabilita\u00e7\u00e3o a executar no Polo do Patac\u00e3o s\u00e3o as seguintes:<\/p>\n\n\n\n<p>1. Pintura exterior do hangar;&nbsp;<\/p>\n\n\n\n<p>2. Repara\u00e7\u00e3o de infiltra\u00e7\u00e3o num dos armaz\u00e9ns&nbsp;<\/p>\n\n\n\n<p>3. Renova\u00e7\u00e3o da rede de rega \u2013 Polo de Faro<\/p>\n\n\n\n<p>Pretende-se renovar uma rede de rega instalada em 1990, infraestrutura fundamental para a realiza\u00e7\u00e3o das atividades de experimenta\u00e7\u00e3o e demonstra\u00e7\u00e3o no Polo de Faro.<\/p>\n\n\n\n<p>A atual rede de rega beneficia uma \u00e1rea de cerca de 12ha, tendo sido concebida para distribuir \u00e1gua proveniente de uma capta\u00e7\u00e3o subterr\u00e2nea, com o apoio de 3 reservat\u00f3rios.<\/p>\n\n\n\n<p>A renova\u00e7\u00e3o prevista consistir\u00e1, principalmente, na instala\u00e7\u00e3o de duas variadores de velocidade que comandar\u00e3o a bomba submers\u00edvel que eleva a \u00e1gua da capta\u00e7\u00e3o subterr\u00e2nea e a bomba do reservat\u00f3rio existente junto ao furo, sendo desativadas outras tr\u00eas bombas e tamb\u00e9m desativados dois reservat\u00f3rios. A nova rede de rega ter\u00e1 um menor n\u00famero de condutas, com uma consider\u00e1vel redu\u00e7\u00e3o na extens\u00e3o total, sendo mais funcional e com um reduzido n\u00famero de equipamentos pass\u00edveis de avarias.<\/p>\n\n\n\n<p>Ser\u00e1 instalada uma nova esta\u00e7\u00e3o de filtragem a jusante da capta\u00e7\u00e3o subterr\u00e2nea e ser\u00e3o substitu\u00eddas todas as condutas da rede por novas condutas de polietileno de alta densidade, de diversas classes de press\u00e3o e di\u00e2metros nominais variando de DN 125, PN 10 a DN 50, PN6, com uma extens\u00e3o de cerca de 2.500 m, bem como todas as \u201ccruzetas\u201d, \u00f3rg\u00e3os de distribui\u00e7\u00e3o e hidrantes \u00e0 entrada das parcelas, os quais ser\u00e3o equipados com electrov\u00e1lvulas, contadores e man\u00f3metros.<\/p>\n\n\n\n<p>A rede de rega ser\u00e1 gerida atrav\u00e9s de programadores modernos com capacidade para controlar as electrov\u00e1lvulas setoriais e sondas de humidade no solo e tamb\u00e9m equipada com equipamentos que permitam a perce\u00e7\u00e3o atempada de roturas e outras anomalias, de modo a aumentar a efici\u00eancia de distribui\u00e7\u00e3o e garantir de forma fi\u00e1vel a \u00e1gua por todo o Centro de Experimenta\u00e7\u00e3o e ao longo do n\u00famero de horas necess\u00e1rias para assegurar a rega de todas as culturas instaladas.<\/p>\n\n\n\n<p>O procedimento de contrata\u00e7\u00e3o p\u00fablica destinado \u00e0 realiza\u00e7\u00e3o das obras e remodela\u00e7\u00e3o da Rede de Rega do Polo de Patac\u00e3o-Faro j\u00e1 foi igualmente adjudicado, o contrato assinado e est\u00e1 em fase de envio para visto do Tribunal de Contas.<\/p>\n","protected":false},"excerpt":{"rendered":"<p>O Conselho Diretivo da Comiss\u00e3o de Coordena\u00e7\u00e3o e desenvolvimento Regional (CCDR) do Algarve, I.P. adjudicou investimentos de 2.362.508, 41 euros<\/p>\n","protected":false},"author":1,"featured_media":45733,"comment_status":"closed","ping_status":"closed","sticky":false,"template":"","format":"standard","meta":{"colormag_page_container_layout":"default_layout","colormag_page_sidebar_layout":"default_layout","_monsterinsights_skip_tracking":false,"_monsterinsights_sitenote_active":false,"_monsterinsights_sitenote_note":"","_monsterinsights_sitenote_category":0,"jetpack_post_was_ever_published":false,"_jetpack_newsletter_access":"","_jetpack_dont_email_post_to_subs":false,"_jetpack_newsletter_tier_id":0,"_jetpack_memberships_contains_paywalled_content":false,"_jetpack_memberships_contains_paid_content":false,"footnotes":"","jetpack_publicize_message":"","jetpack_publicize_feature_enabled":true,"jetpack_social_post_already_shared":true,"jetpack_social_options":{"image_generator_settings":{"template":"highway","default_image_id":0,"font":"","enabled":false},"version":2}},"categories":[11],"tags":[36,62,143],"class_list":["post-45732","post","type-post","status-publish","format-standard","has-post-thumbnail","hentry","category-atualidade","tag-algarve","tag-atualidade","tag-ccdr-algarve"],"yoast_head":"<!-- This site is optimized with the Yoast SEO plugin v27.5 - https:\/\/yoast.com\/product\/yoast-seo-wordpress\/ -->\n<title>CCDR Algarve aprova interven\u00e7\u00f5es nos Polos de Inova\u00e7\u00e3o de Tavira e do Patac\u00e3o (Faro) - Algarve 7<\/title>\n<meta name=\"description\" content=\"CCDR Algarve aprova interven\u00e7\u00f5es nos Polos de Inova\u00e7\u00e3o de Tavira e do Patac\u00e3o (Faro) Atualidade\" \/>\n<meta name=\"robots\" content=\"index, follow, max-snippet:-1, max-image-preview:large, max-video-preview:-1\" \/>\n<link rel=\"canonical\" href=\"https:\/\/algarve7.pt\/index.php\/2024\/12\/ccdr-algarve-aprova-intervencoes-nos-polos-de-inovacao-de-tavira-e-do-patacao-faro\/atualidade\/11\/00\/\" \/>\n<meta property=\"og:locale\" content=\"pt_PT\" \/>\n<meta property=\"og:type\" content=\"article\" \/>\n<meta property=\"og:title\" content=\"CCDR Algarve aprova interven\u00e7\u00f5es nos Polos de Inova\u00e7\u00e3o de Tavira e do Patac\u00e3o (Faro) - Algarve 7\" \/>\n<meta property=\"og:description\" content=\"CCDR Algarve aprova interven\u00e7\u00f5es nos Polos de Inova\u00e7\u00e3o de Tavira e do Patac\u00e3o (Faro) Atualidade\" \/>\n<meta property=\"og:url\" content=\"https:\/\/algarve7.pt\/index.php\/2024\/12\/ccdr-algarve-aprova-intervencoes-nos-polos-de-inovacao-de-tavira-e-do-patacao-faro\/atualidade\/11\/00\/\" \/>\n<meta property=\"og:site_name\" content=\"Algarve 7\" \/>\n<meta property=\"article:publisher\" content=\"https:\/\/www.facebook.com\/algarve7\" \/>\n<meta property=\"article:author\" content=\"https:\/\/www.facebook.com\/algarve7\" \/>\n<meta property=\"article:published_time\" content=\"2024-12-22T11:00:00+00:00\" \/>\n<meta property=\"og:image\" content=\"https:\/\/algarve7.pt\/wp-content\/uploads\/2024\/12\/CCDRAlgarve_Patacao_Faro.jpg\" \/>\n\t<meta property=\"og:image:width\" content=\"800\" \/>\n\t<meta property=\"og:image:height\" content=\"500\" \/>\n\t<meta property=\"og:image:type\" content=\"image\/jpeg\" \/>\n<meta name=\"author\" content=\"Algarve 7\" \/>\n<meta name=\"twitter:card\" content=\"summary_large_image\" \/>\n<meta name=\"twitter:creator\" content=\"@Algarvesete\" \/>\n<meta name=\"twitter:site\" content=\"@Algarvesete\" \/>\n<meta name=\"twitter:label1\" content=\"Escrito por\" \/>\n\t<meta name=\"twitter:data1\" content=\"Algarve 7\" \/>\n\t<meta name=\"twitter:label2\" content=\"Tempo estimado de leitura\" \/>\n\t<meta name=\"twitter:data2\" content=\"11 minutos\" \/>\n<script type=\"application\/ld+json\" class=\"yoast-schema-graph\">{\"@context\":\"https:\\\/\\\/schema.org\",\"@graph\":[{\"@type\":\"Article\",\"@id\":\"https:\\\/\\\/algarve7.pt\\\/index.php\\\/2024\\\/12\\\/ccdr-algarve-aprova-intervencoes-nos-polos-de-inovacao-de-tavira-e-do-patacao-faro\\\/atualidade\\\/11\\\/00\\\/#article\",\"isPartOf\":{\"@id\":\"https:\\\/\\\/algarve7.pt\\\/index.php\\\/2024\\\/12\\\/ccdr-algarve-aprova-intervencoes-nos-polos-de-inovacao-de-tavira-e-do-patacao-faro\\\/atualidade\\\/11\\\/00\\\/\"},\"author\":{\"name\":\"Algarve 7\",\"@id\":\"https:\\\/\\\/algarve7.pt\\\/#\\\/schema\\\/person\\\/23fa70681308e7b319a3204bcea45e0c\"},\"headline\":\"CCDR Algarve aprova interven\u00e7\u00f5es nos Polos de Inova\u00e7\u00e3o de Tavira e do Patac\u00e3o (Faro)\",\"datePublished\":\"2024-12-22T11:00:00+00:00\",\"mainEntityOfPage\":{\"@id\":\"https:\\\/\\\/algarve7.pt\\\/index.php\\\/2024\\\/12\\\/ccdr-algarve-aprova-intervencoes-nos-polos-de-inovacao-de-tavira-e-do-patacao-faro\\\/atualidade\\\/11\\\/00\\\/\"},\"wordCount\":2269,\"publisher\":{\"@id\":\"https:\\\/\\\/algarve7.pt\\\/#organization\"},\"image\":{\"@id\":\"https:\\\/\\\/algarve7.pt\\\/index.php\\\/2024\\\/12\\\/ccdr-algarve-aprova-intervencoes-nos-polos-de-inovacao-de-tavira-e-do-patacao-faro\\\/atualidade\\\/11\\\/00\\\/#primaryimage\"},\"thumbnailUrl\":\"https:\\\/\\\/algarve7.pt\\\/wp-content\\\/uploads\\\/2024\\\/12\\\/CCDRAlgarve_Patacao_Faro.jpg\",\"keywords\":[\"Algarve\",\"Atualidade\",\"CCDR Algarve\"],\"articleSection\":[\"Atualidade\"],\"inLanguage\":\"pt-PT\"},{\"@type\":\"WebPage\",\"@id\":\"https:\\\/\\\/algarve7.pt\\\/index.php\\\/2024\\\/12\\\/ccdr-algarve-aprova-intervencoes-nos-polos-de-inovacao-de-tavira-e-do-patacao-faro\\\/atualidade\\\/11\\\/00\\\/\",\"url\":\"https:\\\/\\\/algarve7.pt\\\/index.php\\\/2024\\\/12\\\/ccdr-algarve-aprova-intervencoes-nos-polos-de-inovacao-de-tavira-e-do-patacao-faro\\\/atualidade\\\/11\\\/00\\\/\",\"name\":\"CCDR Algarve aprova interven\u00e7\u00f5es nos Polos de Inova\u00e7\u00e3o de Tavira e do Patac\u00e3o (Faro) - Algarve 7\",\"isPartOf\":{\"@id\":\"https:\\\/\\\/algarve7.pt\\\/#website\"},\"primaryImageOfPage\":{\"@id\":\"https:\\\/\\\/algarve7.pt\\\/index.php\\\/2024\\\/12\\\/ccdr-algarve-aprova-intervencoes-nos-polos-de-inovacao-de-tavira-e-do-patacao-faro\\\/atualidade\\\/11\\\/00\\\/#primaryimage\"},\"image\":{\"@id\":\"https:\\\/\\\/algarve7.pt\\\/index.php\\\/2024\\\/12\\\/ccdr-algarve-aprova-intervencoes-nos-polos-de-inovacao-de-tavira-e-do-patacao-faro\\\/atualidade\\\/11\\\/00\\\/#primaryimage\"},\"thumbnailUrl\":\"https:\\\/\\\/algarve7.pt\\\/wp-content\\\/uploads\\\/2024\\\/12\\\/CCDRAlgarve_Patacao_Faro.jpg\",\"datePublished\":\"2024-12-22T11:00:00+00:00\",\"description\":\"CCDR Algarve aprova interven\u00e7\u00f5es nos Polos de Inova\u00e7\u00e3o de Tavira e do Patac\u00e3o (Faro) Atualidade\",\"breadcrumb\":{\"@id\":\"https:\\\/\\\/algarve7.pt\\\/index.php\\\/2024\\\/12\\\/ccdr-algarve-aprova-intervencoes-nos-polos-de-inovacao-de-tavira-e-do-patacao-faro\\\/atualidade\\\/11\\\/00\\\/#breadcrumb\"},\"inLanguage\":\"pt-PT\",\"potentialAction\":[{\"@type\":\"ReadAction\",\"target\":[\"https:\\\/\\\/algarve7.pt\\\/index.php\\\/2024\\\/12\\\/ccdr-algarve-aprova-intervencoes-nos-polos-de-inovacao-de-tavira-e-do-patacao-faro\\\/atualidade\\\/11\\\/00\\\/\"]}]},{\"@type\":\"ImageObject\",\"inLanguage\":\"pt-PT\",\"@id\":\"https:\\\/\\\/algarve7.pt\\\/index.php\\\/2024\\\/12\\\/ccdr-algarve-aprova-intervencoes-nos-polos-de-inovacao-de-tavira-e-do-patacao-faro\\\/atualidade\\\/11\\\/00\\\/#primaryimage\",\"url\":\"https:\\\/\\\/algarve7.pt\\\/wp-content\\\/uploads\\\/2024\\\/12\\\/CCDRAlgarve_Patacao_Faro.jpg\",\"contentUrl\":\"https:\\\/\\\/algarve7.pt\\\/wp-content\\\/uploads\\\/2024\\\/12\\\/CCDRAlgarve_Patacao_Faro.jpg\",\"width\":800,\"height\":500},{\"@type\":\"BreadcrumbList\",\"@id\":\"https:\\\/\\\/algarve7.pt\\\/index.php\\\/2024\\\/12\\\/ccdr-algarve-aprova-intervencoes-nos-polos-de-inovacao-de-tavira-e-do-patacao-faro\\\/atualidade\\\/11\\\/00\\\/#breadcrumb\",\"itemListElement\":[{\"@type\":\"ListItem\",\"position\":1,\"name\":\"In\u00edcio\",\"item\":\"https:\\\/\\\/algarve7.pt\\\/\"},{\"@type\":\"ListItem\",\"position\":2,\"name\":\"CCDR Algarve aprova interven\u00e7\u00f5es nos Polos de Inova\u00e7\u00e3o de Tavira e do Patac\u00e3o (Faro)\"}]},{\"@type\":\"WebSite\",\"@id\":\"https:\\\/\\\/algarve7.pt\\\/#website\",\"url\":\"https:\\\/\\\/algarve7.pt\\\/\",\"name\":\"Algarve 7\",\"description\":\"Informa\u00e7\u00e3o sobre o Algarve\",\"publisher\":{\"@id\":\"https:\\\/\\\/algarve7.pt\\\/#organization\"},\"potentialAction\":[{\"@type\":\"SearchAction\",\"target\":{\"@type\":\"EntryPoint\",\"urlTemplate\":\"https:\\\/\\\/algarve7.pt\\\/?s={search_term_string}\"},\"query-input\":{\"@type\":\"PropertyValueSpecification\",\"valueRequired\":true,\"valueName\":\"search_term_string\"}}],\"inLanguage\":\"pt-PT\"},{\"@type\":\"Organization\",\"@id\":\"https:\\\/\\\/algarve7.pt\\\/#organization\",\"name\":\"Algarve 7\",\"url\":\"https:\\\/\\\/algarve7.pt\\\/\",\"logo\":{\"@type\":\"ImageObject\",\"inLanguage\":\"pt-PT\",\"@id\":\"https:\\\/\\\/algarve7.pt\\\/#\\\/schema\\\/logo\\\/image\\\/\",\"url\":\"https:\\\/\\\/algarve7.pt\\\/wp-content\\\/uploads\\\/2020\\\/10\\\/Logo-8.jpg\",\"contentUrl\":\"https:\\\/\\\/algarve7.pt\\\/wp-content\\\/uploads\\\/2020\\\/10\\\/Logo-8.jpg\",\"width\":1680,\"height\":1186,\"caption\":\"Algarve 7\"},\"image\":{\"@id\":\"https:\\\/\\\/algarve7.pt\\\/#\\\/schema\\\/logo\\\/image\\\/\"},\"sameAs\":[\"https:\\\/\\\/www.facebook.com\\\/algarve7\",\"https:\\\/\\\/x.com\\\/Algarvesete\",\"https:\\\/\\\/www.instagram.com\\\/jornalalgarve7\\\/\",\"https:\\\/\\\/www.linkedin.com\\\/company\\\/algarve7\",\"https:\\\/\\\/www.pinterest.pt\\\/geral0939\\\/_created\\\/\"]},{\"@type\":\"Person\",\"@id\":\"https:\\\/\\\/algarve7.pt\\\/#\\\/schema\\\/person\\\/23fa70681308e7b319a3204bcea45e0c\",\"name\":\"Algarve 7\",\"sameAs\":[\"https:\\\/\\\/algarve7.pt\",\"https:\\\/\\\/www.facebook.com\\\/algarve7\"],\"url\":\"https:\\\/\\\/algarve7.pt\\\/index.php\\\/author\\\/geralalgarve7-pt\\\/\"}]}<\/script>\n<!-- \/ Yoast SEO plugin. -->","yoast_head_json":{"title":"CCDR Algarve aprova interven\u00e7\u00f5es nos Polos de Inova\u00e7\u00e3o de Tavira e do Patac\u00e3o (Faro) - Algarve 7","description":"CCDR Algarve aprova interven\u00e7\u00f5es nos Polos de Inova\u00e7\u00e3o de Tavira e do Patac\u00e3o (Faro) Atualidade","robots":{"index":"index","follow":"follow","max-snippet":"max-snippet:-1","max-image-preview":"max-image-preview:large","max-video-preview":"max-video-preview:-1"},"canonical":"https:\/\/algarve7.pt\/index.php\/2024\/12\/ccdr-algarve-aprova-intervencoes-nos-polos-de-inovacao-de-tavira-e-do-patacao-faro\/atualidade\/11\/00\/","og_locale":"pt_PT","og_type":"article","og_title":"CCDR Algarve aprova interven\u00e7\u00f5es nos Polos de Inova\u00e7\u00e3o de Tavira e do Patac\u00e3o (Faro) - Algarve 7","og_description":"CCDR Algarve aprova interven\u00e7\u00f5es nos Polos de Inova\u00e7\u00e3o de Tavira e do Patac\u00e3o (Faro) Atualidade","og_url":"https:\/\/algarve7.pt\/index.php\/2024\/12\/ccdr-algarve-aprova-intervencoes-nos-polos-de-inovacao-de-tavira-e-do-patacao-faro\/atualidade\/11\/00\/","og_site_name":"Algarve 7","article_publisher":"https:\/\/www.facebook.com\/algarve7","article_author":"https:\/\/www.facebook.com\/algarve7","article_published_time":"2024-12-22T11:00:00+00:00","og_image":[{"width":800,"height":500,"url":"https:\/\/algarve7.pt\/wp-content\/uploads\/2024\/12\/CCDRAlgarve_Patacao_Faro.jpg","type":"image\/jpeg"}],"author":"Algarve 7","twitter_card":"summary_large_image","twitter_creator":"@Algarvesete","twitter_site":"@Algarvesete","twitter_misc":{"Escrito por":"Algarve 7","Tempo estimado de leitura":"11 minutos"},"schema":{"@context":"https:\/\/schema.org","@graph":[{"@type":"Article","@id":"https:\/\/algarve7.pt\/index.php\/2024\/12\/ccdr-algarve-aprova-intervencoes-nos-polos-de-inovacao-de-tavira-e-do-patacao-faro\/atualidade\/11\/00\/#article","isPartOf":{"@id":"https:\/\/algarve7.pt\/index.php\/2024\/12\/ccdr-algarve-aprova-intervencoes-nos-polos-de-inovacao-de-tavira-e-do-patacao-faro\/atualidade\/11\/00\/"},"author":{"name":"Algarve 7","@id":"https:\/\/algarve7.pt\/#\/schema\/person\/23fa70681308e7b319a3204bcea45e0c"},"headline":"CCDR Algarve aprova interven\u00e7\u00f5es nos Polos de Inova\u00e7\u00e3o de Tavira e do Patac\u00e3o (Faro)","datePublished":"2024-12-22T11:00:00+00:00","mainEntityOfPage":{"@id":"https:\/\/algarve7.pt\/index.php\/2024\/12\/ccdr-algarve-aprova-intervencoes-nos-polos-de-inovacao-de-tavira-e-do-patacao-faro\/atualidade\/11\/00\/"},"wordCount":2269,"publisher":{"@id":"https:\/\/algarve7.pt\/#organization"},"image":{"@id":"https:\/\/algarve7.pt\/index.php\/2024\/12\/ccdr-algarve-aprova-intervencoes-nos-polos-de-inovacao-de-tavira-e-do-patacao-faro\/atualidade\/11\/00\/#primaryimage"},"thumbnailUrl":"https:\/\/algarve7.pt\/wp-content\/uploads\/2024\/12\/CCDRAlgarve_Patacao_Faro.jpg","keywords":["Algarve","Atualidade","CCDR Algarve"],"articleSection":["Atualidade"],"inLanguage":"pt-PT"},{"@type":"WebPage","@id":"https:\/\/algarve7.pt\/index.php\/2024\/12\/ccdr-algarve-aprova-intervencoes-nos-polos-de-inovacao-de-tavira-e-do-patacao-faro\/atualidade\/11\/00\/","url":"https:\/\/algarve7.pt\/index.php\/2024\/12\/ccdr-algarve-aprova-intervencoes-nos-polos-de-inovacao-de-tavira-e-do-patacao-faro\/atualidade\/11\/00\/","name":"CCDR Algarve aprova interven\u00e7\u00f5es nos Polos de Inova\u00e7\u00e3o de Tavira e do Patac\u00e3o (Faro) - Algarve 7","isPartOf":{"@id":"https:\/\/algarve7.pt\/#website"},"primaryImageOfPage":{"@id":"https:\/\/algarve7.pt\/index.php\/2024\/12\/ccdr-algarve-aprova-intervencoes-nos-polos-de-inovacao-de-tavira-e-do-patacao-faro\/atualidade\/11\/00\/#primaryimage"},"image":{"@id":"https:\/\/algarve7.pt\/index.php\/2024\/12\/ccdr-algarve-aprova-intervencoes-nos-polos-de-inovacao-de-tavira-e-do-patacao-faro\/atualidade\/11\/00\/#primaryimage"},"thumbnailUrl":"https:\/\/algarve7.pt\/wp-content\/uploads\/2024\/12\/CCDRAlgarve_Patacao_Faro.jpg","datePublished":"2024-12-22T11:00:00+00:00","description":"CCDR Algarve aprova interven\u00e7\u00f5es nos Polos de Inova\u00e7\u00e3o de Tavira e do Patac\u00e3o (Faro) Atualidade","breadcrumb":{"@id":"https:\/\/algarve7.pt\/index.php\/2024\/12\/ccdr-algarve-aprova-intervencoes-nos-polos-de-inovacao-de-tavira-e-do-patacao-faro\/atualidade\/11\/00\/#breadcrumb"},"inLanguage":"pt-PT","potentialAction":[{"@type":"ReadAction","target":["https:\/\/algarve7.pt\/index.php\/2024\/12\/ccdr-algarve-aprova-intervencoes-nos-polos-de-inovacao-de-tavira-e-do-patacao-faro\/atualidade\/11\/00\/"]}]},{"@type":"ImageObject","inLanguage":"pt-PT","@id":"https:\/\/algarve7.pt\/index.php\/2024\/12\/ccdr-algarve-aprova-intervencoes-nos-polos-de-inovacao-de-tavira-e-do-patacao-faro\/atualidade\/11\/00\/#primaryimage","url":"https:\/\/algarve7.pt\/wp-content\/uploads\/2024\/12\/CCDRAlgarve_Patacao_Faro.jpg","contentUrl":"https:\/\/algarve7.pt\/wp-content\/uploads\/2024\/12\/CCDRAlgarve_Patacao_Faro.jpg","width":800,"height":500},{"@type":"BreadcrumbList","@id":"https:\/\/algarve7.pt\/index.php\/2024\/12\/ccdr-algarve-aprova-intervencoes-nos-polos-de-inovacao-de-tavira-e-do-patacao-faro\/atualidade\/11\/00\/#breadcrumb","itemListElement":[{"@type":"ListItem","position":1,"name":"In\u00edcio","item":"https:\/\/algarve7.pt\/"},{"@type":"ListItem","position":2,"name":"CCDR Algarve aprova interven\u00e7\u00f5es nos Polos de Inova\u00e7\u00e3o de Tavira e do Patac\u00e3o (Faro)"}]},{"@type":"WebSite","@id":"https:\/\/algarve7.pt\/#website","url":"https:\/\/algarve7.pt\/","name":"Algarve 7","description":"Informa\u00e7\u00e3o sobre o Algarve","publisher":{"@id":"https:\/\/algarve7.pt\/#organization"},"potentialAction":[{"@type":"SearchAction","target":{"@type":"EntryPoint","urlTemplate":"https:\/\/algarve7.pt\/?s={search_term_string}"},"query-input":{"@type":"PropertyValueSpecification","valueRequired":true,"valueName":"search_term_string"}}],"inLanguage":"pt-PT"},{"@type":"Organization","@id":"https:\/\/algarve7.pt\/#organization","name":"Algarve 7","url":"https:\/\/algarve7.pt\/","logo":{"@type":"ImageObject","inLanguage":"pt-PT","@id":"https:\/\/algarve7.pt\/#\/schema\/logo\/image\/","url":"https:\/\/algarve7.pt\/wp-content\/uploads\/2020\/10\/Logo-8.jpg","contentUrl":"https:\/\/algarve7.pt\/wp-content\/uploads\/2020\/10\/Logo-8.jpg","width":1680,"height":1186,"caption":"Algarve 7"},"image":{"@id":"https:\/\/algarve7.pt\/#\/schema\/logo\/image\/"},"sameAs":["https:\/\/www.facebook.com\/algarve7","https:\/\/x.com\/Algarvesete","https:\/\/www.instagram.com\/jornalalgarve7\/","https:\/\/www.linkedin.com\/company\/algarve7","https:\/\/www.pinterest.pt\/geral0939\/_created\/"]},{"@type":"Person","@id":"https:\/\/algarve7.pt\/#\/schema\/person\/23fa70681308e7b319a3204bcea45e0c","name":"Algarve 7","sameAs":["https:\/\/algarve7.pt","https:\/\/www.facebook.com\/algarve7"],"url":"https:\/\/algarve7.pt\/index.php\/author\/geralalgarve7-pt\/"}]}},"jetpack_publicize_connections":[],"jetpack_featured_media_url":"https:\/\/algarve7.pt\/wp-content\/uploads\/2024\/12\/CCDRAlgarve_Patacao_Faro.jpg","jetpack_shortlink":"https:\/\/wp.me\/pcezmW-bTC","jetpack_sharing_enabled":true,"_links":{"self":[{"href":"https:\/\/algarve7.pt\/index.php\/wp-json\/wp\/v2\/posts\/45732","targetHints":{"allow":["GET"]}}],"collection":[{"href":"https:\/\/algarve7.pt\/index.php\/wp-json\/wp\/v2\/posts"}],"about":[{"href":"https:\/\/algarve7.pt\/index.php\/wp-json\/wp\/v2\/types\/post"}],"author":[{"embeddable":true,"href":"https:\/\/algarve7.pt\/index.php\/wp-json\/wp\/v2\/users\/1"}],"replies":[{"embeddable":true,"href":"https:\/\/algarve7.pt\/index.php\/wp-json\/wp\/v2\/comments?post=45732"}],"version-history":[{"count":0,"href":"https:\/\/algarve7.pt\/index.php\/wp-json\/wp\/v2\/posts\/45732\/revisions"}],"wp:featuredmedia":[{"embeddable":true,"href":"https:\/\/algarve7.pt\/index.php\/wp-json\/wp\/v2\/media\/45733"}],"wp:attachment":[{"href":"https:\/\/algarve7.pt\/index.php\/wp-json\/wp\/v2\/media?parent=45732"}],"wp:term":[{"taxonomy":"category","embeddable":true,"href":"https:\/\/algarve7.pt\/index.php\/wp-json\/wp\/v2\/categories?post=45732"},{"taxonomy":"post_tag","embeddable":true,"href":"https:\/\/algarve7.pt\/index.php\/wp-json\/wp\/v2\/tags?post=45732"}],"curies":[{"name":"wp","href":"https:\/\/api.w.org\/{rel}","templated":true}]}}