{"id":45596,"date":"2024-12-18T08:30:00","date_gmt":"2024-12-18T08:30:00","guid":{"rendered":"https:\/\/algarve7.pt\/?p=45596"},"modified":"2024-12-17T13:27:13","modified_gmt":"2024-12-17T13:27:13","slug":"ano-recorde-de-provas-internacionais-no-autodromo-internacional-do-algarve-para-2025","status":"publish","type":"post","link":"https:\/\/algarve7.pt\/index.php\/2024\/12\/ano-recorde-de-provas-internacionais-no-autodromo-internacional-do-algarve-para-2025\/desporto\/08\/30\/","title":{"rendered":"Ano recorde de provas internacionais no Aut\u00f3dromo Internacional do Algarve para 2025"},"content":{"rendered":"\n<p><strong>2025<\/strong>&nbsp;est\u00e1 a chegar e mais uma vez ser\u00e1 em alta velocidade que ir\u00e1 passar pelo&nbsp;<strong>Aut\u00f3dromo Internacional do Algarve<\/strong>&nbsp;com um calend\u00e1rio repleto de provas em duas e quatro rodas.<br><br>Com a bandeira de xadr\u00eaz prestes a ser mostrada no final de mais um ano o circuito junto \u00e0 cidade de&nbsp;<strong>Portim\u00e3o<\/strong>&nbsp;tem j\u00e1 a sua agenda do ano que se avizinha preparada para se acender o sem\u00e1foro verde. No total s\u00e3o j\u00e1&nbsp;<strong>23<\/strong>&nbsp;as provas confirmadas no<strong>&nbsp;AIA<\/strong>&nbsp;e&nbsp;<strong>KIA<\/strong>&nbsp;num calend\u00e1rio que ir\u00e1 agradar a todos os amantes do desporto motorizado e onde se destacam as provas do&nbsp;<strong>Mundial Superbike<\/strong>em&nbsp;<strong>Mar\u00e7o<\/strong>,&nbsp;<strong>European Le Mans Series<\/strong>&nbsp;e&nbsp;<strong>Algarve Classic Festival<\/strong>em&nbsp;<strong>Outubro<\/strong>&nbsp;e a pen\u00faltima ronda do mundial&nbsp;<strong>MotoGP<\/strong>&nbsp;em&nbsp;<strong>Novembro<\/strong>, bem como o mundial&nbsp;<strong>CIK FIA<\/strong>&nbsp;no in\u00edcio de&nbsp;<strong>Maio<\/strong>&nbsp;no&nbsp;<strong>Kart\u00f3dromo<\/strong>.<br><br>Juntamente com as provas agendadas para o&nbsp;<strong>Aut\u00f3dromo Internacional do Algarve<\/strong>&nbsp;tamb\u00e9m o&nbsp;<strong>Kart\u00f3dromo Internacional do Algarve<\/strong>&nbsp;ser\u00e1 palco de uma m\u00e3o cheia de provas eleg\u00edveis para campeonatos nacionais e internacionais que mais uma vez escolheram um dos tra\u00e7ados mais r\u00e1pidos na&nbsp;<strong>Europa<\/strong>&nbsp;para realizar etapas dos seus calend\u00e1rios. Ser\u00e3o cinco as provas a realizar no&nbsp;<strong>KIA<\/strong>&nbsp;em&nbsp;<strong>2025<\/strong>.<br><br>\u2018Este ser\u00e1 o ano em que mais competi\u00e7\u00f5es internacionais teremos a realizar no nosso circuito e todas elas em \u00e9poca baixa. \u00c9 para n\u00f3s muito importante conseguirmos datas fora dos per\u00edodos de maior ocupa\u00e7\u00e3o no&nbsp;<strong>Algarve<\/strong>&nbsp;assegurando desta forma n\u00e3o s\u00f3 um retorno medi\u00e1tico sobre a regi\u00e3o mais efectivo mas acima de tudo garantindo uma maior vitalidade econ\u00f3mica para toda a regi\u00e3o por for\u00e7a dos muitos visitantes que cada prova assegura seja p\u00fablico ou elementos das equipas pois na maioria dos casos as estruturas dos campeonatos fixam-se na regi\u00e3o durante pelo menos uma semana dinamizando toda a actividade hoteleira da regi\u00e3o com a sua presen\u00e7a.\u2019 Afirma&nbsp;<strong>Jaime Costa<\/strong>, administrador do&nbsp;<strong>Aut\u00f3dromo Internacional do Algarve<\/strong>.<br><br>Com&nbsp;<strong>bilhetes j\u00e1 \u00e0 venda<\/strong>&nbsp;para as provas dos mundiais&nbsp;<strong>Superbike<\/strong>e&nbsp;<strong>MotoGP<\/strong>&nbsp;o&nbsp;<strong>Aut\u00f3dromo Internacional do Algarve<\/strong>&nbsp;continua assim a ser palco das maiores competi\u00e7\u00f5es do desporto motorizado assegurando igualmente a visita de muitos forasteiros ao&nbsp;<strong>Algarve<\/strong>&nbsp;mesmo fora do habitual per\u00edodo estival, refor\u00e7ando a posi\u00e7\u00e3o e import\u00e2ncia do circuito como impulsionador da economia regional.<br>&nbsp;<br><strong>Calend\u00e1rio Aut\u00f3dromo Internacional do Algarve<br><br>Janeiro<\/strong><br>18 a 19 \u2013 Porsche Sprint Challenge<br>23 a 26 \u2013 Gedlich Winter Series<br>30 de Janeiro a 2 de Fevereiro \u2013 Gedlich Winter Series 6H<br><strong>Fevereiro<\/strong><br>14 a 16 \u2013 6 Horas Gulf Racing<br>21 a 23 \u2013 F4 Espanha Winter Series<br><strong>Mar\u00e7o<\/strong><br>28 a 30 \u2013 Mundial Superbike<br><strong>Abril<\/strong><br>4 a 6 \u2013 Algarve Iberian Racing Festival<br>10 a 12 \u2013 Porsche Sprint Challenge Sui\u00e7a<br>24 a 27 \u2013 GT Open<br><strong>Maio<\/strong><br>29 de Maio a 1 de Junho \u2013 Ultimate Cup<br><strong>Junho<\/strong><br>6 a 8 \u2013 F4 Espanha<br><strong>Julho<\/strong><br>18 a 20 Julho \u2013 CNV Moto<br><strong>Setembro<\/strong><br>5 a 7 \u2013 Lamera Cup<br><strong>Outubro<\/strong><br>10 a 12 \u2013 Fun Cup<br>13 a 19 \u2013 European Le Mans Series<br>23 a 26 \u2013 Algarve Classic Festival<br><strong>Novembro<\/strong><br>7 a 9 \u2013 MotoGP<br>&nbsp;<br><strong>Calend\u00e1rio Kart\u00f3dromo Internacional do Algarve<\/strong>28 de Fevereiro a 2 de Mar\u00e7o &#8211; Champions of the Future Academy<br>22 e 23 de Mar\u00e7o &#8211; Campeonato Nacional Rotax<br>12 e 13 de Abril &#8211; Campeonato de Portugal de Karting<br>23 a 26 de Abril &#8211; Champions of the Future<br>1 a 4 de Maio &#8211; Mundial CIK FIA<\/p>\n","protected":false},"excerpt":{"rendered":"<p>2025&nbsp;est\u00e1 a chegar e mais uma vez ser\u00e1 em alta velocidade que ir\u00e1 passar pelo&nbsp;Aut\u00f3dromo Internacional do Algarve&nbsp;com um calend\u00e1rio<\/p>\n","protected":false},"author":1,"featured_media":45597,"comment_status":"closed","ping_status":"closed","sticky":false,"template":"","format":"standard","meta":{"colormag_page_container_layout":"default_layout","colormag_page_sidebar_layout":"default_layout","_monsterinsights_skip_tracking":false,"_monsterinsights_sitenote_active":false,"_monsterinsights_sitenote_note":"","_monsterinsights_sitenote_category":0,"jetpack_post_was_ever_published":false,"_jetpack_newsletter_access":"","_jetpack_dont_email_post_to_subs":false,"_jetpack_newsletter_tier_id":0,"_jetpack_memberships_contains_paywalled_content":false,"_jetpack_memberships_contains_paid_content":false,"footnotes":"","jetpack_publicize_message":"","jetpack_publicize_feature_enabled":true,"jetpack_social_post_already_shared":true,"jetpack_social_options":{"image_generator_settings":{"template":"highway","default_image_id":0,"font":"","enabled":false},"version":2}},"categories":[15],"tags":[36,239,40,72],"class_list":["post-45596","post","type-post","status-publish","format-standard","has-post-thumbnail","hentry","category-desporto","tag-algarve","tag-autodromo-internacional-do-algarve","tag-desporto","tag-portimao"],"yoast_head":"<!-- This site is optimized with the Yoast SEO plugin v27.5 - https:\/\/yoast.com\/product\/yoast-seo-wordpress\/ -->\n<title>Ano recorde de provas internacionais no Aut\u00f3dromo Internacional do Algarve para 2025 - Algarve 7<\/title>\n<meta name=\"description\" content=\"Ano recorde de provas internacionais no Aut\u00f3dromo Internacional do Algarve para 2025 Desporto\" \/>\n<meta name=\"robots\" content=\"index, follow, max-snippet:-1, max-image-preview:large, max-video-preview:-1\" \/>\n<link rel=\"canonical\" href=\"https:\/\/algarve7.pt\/index.php\/2024\/12\/ano-recorde-de-provas-internacionais-no-autodromo-internacional-do-algarve-para-2025\/desporto\/08\/30\/\" \/>\n<meta property=\"og:locale\" content=\"pt_PT\" \/>\n<meta property=\"og:type\" content=\"article\" \/>\n<meta property=\"og:title\" content=\"Ano recorde de provas internacionais no Aut\u00f3dromo Internacional do Algarve para 2025 - Algarve 7\" \/>\n<meta property=\"og:description\" content=\"Ano recorde de provas internacionais no Aut\u00f3dromo Internacional do Algarve para 2025 Desporto\" \/>\n<meta property=\"og:url\" content=\"https:\/\/algarve7.pt\/index.php\/2024\/12\/ano-recorde-de-provas-internacionais-no-autodromo-internacional-do-algarve-para-2025\/desporto\/08\/30\/\" \/>\n<meta property=\"og:site_name\" content=\"Algarve 7\" \/>\n<meta property=\"article:publisher\" content=\"https:\/\/www.facebook.com\/algarve7\" \/>\n<meta property=\"article:author\" content=\"https:\/\/www.facebook.com\/algarve7\" \/>\n<meta property=\"article:published_time\" content=\"2024-12-18T08:30:00+00:00\" \/>\n<meta property=\"og:image\" content=\"https:\/\/algarve7.pt\/wp-content\/uploads\/2024\/12\/1881a05b-9c40-7931-2874-7c914cef9266.png\" \/>\n\t<meta property=\"og:image:width\" content=\"800\" \/>\n\t<meta property=\"og:image:height\" content=\"500\" \/>\n\t<meta property=\"og:image:type\" content=\"image\/png\" \/>\n<meta name=\"author\" content=\"Algarve 7\" \/>\n<meta name=\"twitter:card\" content=\"summary_large_image\" \/>\n<meta name=\"twitter:creator\" content=\"@Algarvesete\" \/>\n<meta name=\"twitter:site\" content=\"@Algarvesete\" \/>\n<meta name=\"twitter:label1\" content=\"Escrito por\" \/>\n\t<meta name=\"twitter:data1\" content=\"Algarve 7\" \/>\n\t<meta name=\"twitter:label2\" content=\"Tempo estimado de leitura\" \/>\n\t<meta name=\"twitter:data2\" content=\"4 minutos\" \/>\n<script type=\"application\/ld+json\" class=\"yoast-schema-graph\">{\"@context\":\"https:\\\/\\\/schema.org\",\"@graph\":[{\"@type\":\"Article\",\"@id\":\"https:\\\/\\\/algarve7.pt\\\/index.php\\\/2024\\\/12\\\/ano-recorde-de-provas-internacionais-no-autodromo-internacional-do-algarve-para-2025\\\/desporto\\\/08\\\/30\\\/#article\",\"isPartOf\":{\"@id\":\"https:\\\/\\\/algarve7.pt\\\/index.php\\\/2024\\\/12\\\/ano-recorde-de-provas-internacionais-no-autodromo-internacional-do-algarve-para-2025\\\/desporto\\\/08\\\/30\\\/\"},\"author\":{\"name\":\"Algarve 7\",\"@id\":\"https:\\\/\\\/algarve7.pt\\\/#\\\/schema\\\/person\\\/23fa70681308e7b319a3204bcea45e0c\"},\"headline\":\"Ano recorde de provas internacionais no Aut\u00f3dromo Internacional do Algarve para 2025\",\"datePublished\":\"2024-12-18T08:30:00+00:00\",\"mainEntityOfPage\":{\"@id\":\"https:\\\/\\\/algarve7.pt\\\/index.php\\\/2024\\\/12\\\/ano-recorde-de-provas-internacionais-no-autodromo-internacional-do-algarve-para-2025\\\/desporto\\\/08\\\/30\\\/\"},\"wordCount\":602,\"publisher\":{\"@id\":\"https:\\\/\\\/algarve7.pt\\\/#organization\"},\"image\":{\"@id\":\"https:\\\/\\\/algarve7.pt\\\/index.php\\\/2024\\\/12\\\/ano-recorde-de-provas-internacionais-no-autodromo-internacional-do-algarve-para-2025\\\/desporto\\\/08\\\/30\\\/#primaryimage\"},\"thumbnailUrl\":\"https:\\\/\\\/algarve7.pt\\\/wp-content\\\/uploads\\\/2024\\\/12\\\/1881a05b-9c40-7931-2874-7c914cef9266.png\",\"keywords\":[\"Algarve\",\"Aut\u00f3dromo Internacional do Algarve\",\"Desporto\",\"Portim\u00e3o\"],\"articleSection\":[\"Desporto\"],\"inLanguage\":\"pt-PT\"},{\"@type\":\"WebPage\",\"@id\":\"https:\\\/\\\/algarve7.pt\\\/index.php\\\/2024\\\/12\\\/ano-recorde-de-provas-internacionais-no-autodromo-internacional-do-algarve-para-2025\\\/desporto\\\/08\\\/30\\\/\",\"url\":\"https:\\\/\\\/algarve7.pt\\\/index.php\\\/2024\\\/12\\\/ano-recorde-de-provas-internacionais-no-autodromo-internacional-do-algarve-para-2025\\\/desporto\\\/08\\\/30\\\/\",\"name\":\"Ano recorde de provas internacionais no Aut\u00f3dromo Internacional do Algarve para 2025 - Algarve 7\",\"isPartOf\":{\"@id\":\"https:\\\/\\\/algarve7.pt\\\/#website\"},\"primaryImageOfPage\":{\"@id\":\"https:\\\/\\\/algarve7.pt\\\/index.php\\\/2024\\\/12\\\/ano-recorde-de-provas-internacionais-no-autodromo-internacional-do-algarve-para-2025\\\/desporto\\\/08\\\/30\\\/#primaryimage\"},\"image\":{\"@id\":\"https:\\\/\\\/algarve7.pt\\\/index.php\\\/2024\\\/12\\\/ano-recorde-de-provas-internacionais-no-autodromo-internacional-do-algarve-para-2025\\\/desporto\\\/08\\\/30\\\/#primaryimage\"},\"thumbnailUrl\":\"https:\\\/\\\/algarve7.pt\\\/wp-content\\\/uploads\\\/2024\\\/12\\\/1881a05b-9c40-7931-2874-7c914cef9266.png\",\"datePublished\":\"2024-12-18T08:30:00+00:00\",\"description\":\"Ano recorde de provas internacionais no Aut\u00f3dromo Internacional do Algarve para 2025 Desporto\",\"breadcrumb\":{\"@id\":\"https:\\\/\\\/algarve7.pt\\\/index.php\\\/2024\\\/12\\\/ano-recorde-de-provas-internacionais-no-autodromo-internacional-do-algarve-para-2025\\\/desporto\\\/08\\\/30\\\/#breadcrumb\"},\"inLanguage\":\"pt-PT\",\"potentialAction\":[{\"@type\":\"ReadAction\",\"target\":[\"https:\\\/\\\/algarve7.pt\\\/index.php\\\/2024\\\/12\\\/ano-recorde-de-provas-internacionais-no-autodromo-internacional-do-algarve-para-2025\\\/desporto\\\/08\\\/30\\\/\"]}]},{\"@type\":\"ImageObject\",\"inLanguage\":\"pt-PT\",\"@id\":\"https:\\\/\\\/algarve7.pt\\\/index.php\\\/2024\\\/12\\\/ano-recorde-de-provas-internacionais-no-autodromo-internacional-do-algarve-para-2025\\\/desporto\\\/08\\\/30\\\/#primaryimage\",\"url\":\"https:\\\/\\\/algarve7.pt\\\/wp-content\\\/uploads\\\/2024\\\/12\\\/1881a05b-9c40-7931-2874-7c914cef9266.png\",\"contentUrl\":\"https:\\\/\\\/algarve7.pt\\\/wp-content\\\/uploads\\\/2024\\\/12\\\/1881a05b-9c40-7931-2874-7c914cef9266.png\",\"width\":800,\"height\":500},{\"@type\":\"BreadcrumbList\",\"@id\":\"https:\\\/\\\/algarve7.pt\\\/index.php\\\/2024\\\/12\\\/ano-recorde-de-provas-internacionais-no-autodromo-internacional-do-algarve-para-2025\\\/desporto\\\/08\\\/30\\\/#breadcrumb\",\"itemListElement\":[{\"@type\":\"ListItem\",\"position\":1,\"name\":\"In\u00edcio\",\"item\":\"https:\\\/\\\/algarve7.pt\\\/\"},{\"@type\":\"ListItem\",\"position\":2,\"name\":\"Ano recorde de provas internacionais no Aut\u00f3dromo Internacional do Algarve para 2025\"}]},{\"@type\":\"WebSite\",\"@id\":\"https:\\\/\\\/algarve7.pt\\\/#website\",\"url\":\"https:\\\/\\\/algarve7.pt\\\/\",\"name\":\"Algarve 7\",\"description\":\"Informa\u00e7\u00e3o sobre o Algarve\",\"publisher\":{\"@id\":\"https:\\\/\\\/algarve7.pt\\\/#organization\"},\"potentialAction\":[{\"@type\":\"SearchAction\",\"target\":{\"@type\":\"EntryPoint\",\"urlTemplate\":\"https:\\\/\\\/algarve7.pt\\\/?s={search_term_string}\"},\"query-input\":{\"@type\":\"PropertyValueSpecification\",\"valueRequired\":true,\"valueName\":\"search_term_string\"}}],\"inLanguage\":\"pt-PT\"},{\"@type\":\"Organization\",\"@id\":\"https:\\\/\\\/algarve7.pt\\\/#organization\",\"name\":\"Algarve 7\",\"url\":\"https:\\\/\\\/algarve7.pt\\\/\",\"logo\":{\"@type\":\"ImageObject\",\"inLanguage\":\"pt-PT\",\"@id\":\"https:\\\/\\\/algarve7.pt\\\/#\\\/schema\\\/logo\\\/image\\\/\",\"url\":\"https:\\\/\\\/algarve7.pt\\\/wp-content\\\/uploads\\\/2020\\\/10\\\/Logo-8.jpg\",\"contentUrl\":\"https:\\\/\\\/algarve7.pt\\\/wp-content\\\/uploads\\\/2020\\\/10\\\/Logo-8.jpg\",\"width\":1680,\"height\":1186,\"caption\":\"Algarve 7\"},\"image\":{\"@id\":\"https:\\\/\\\/algarve7.pt\\\/#\\\/schema\\\/logo\\\/image\\\/\"},\"sameAs\":[\"https:\\\/\\\/www.facebook.com\\\/algarve7\",\"https:\\\/\\\/x.com\\\/Algarvesete\",\"https:\\\/\\\/www.instagram.com\\\/jornalalgarve7\\\/\",\"https:\\\/\\\/www.linkedin.com\\\/company\\\/algarve7\",\"https:\\\/\\\/www.pinterest.pt\\\/geral0939\\\/_created\\\/\"]},{\"@type\":\"Person\",\"@id\":\"https:\\\/\\\/algarve7.pt\\\/#\\\/schema\\\/person\\\/23fa70681308e7b319a3204bcea45e0c\",\"name\":\"Algarve 7\",\"sameAs\":[\"https:\\\/\\\/algarve7.pt\",\"https:\\\/\\\/www.facebook.com\\\/algarve7\"],\"url\":\"https:\\\/\\\/algarve7.pt\\\/index.php\\\/author\\\/geralalgarve7-pt\\\/\"}]}<\/script>\n<!-- \/ Yoast SEO plugin. -->","yoast_head_json":{"title":"Ano recorde de provas internacionais no Aut\u00f3dromo Internacional do Algarve para 2025 - Algarve 7","description":"Ano recorde de provas internacionais no Aut\u00f3dromo Internacional do Algarve para 2025 Desporto","robots":{"index":"index","follow":"follow","max-snippet":"max-snippet:-1","max-image-preview":"max-image-preview:large","max-video-preview":"max-video-preview:-1"},"canonical":"https:\/\/algarve7.pt\/index.php\/2024\/12\/ano-recorde-de-provas-internacionais-no-autodromo-internacional-do-algarve-para-2025\/desporto\/08\/30\/","og_locale":"pt_PT","og_type":"article","og_title":"Ano recorde de provas internacionais no Aut\u00f3dromo Internacional do Algarve para 2025 - Algarve 7","og_description":"Ano recorde de provas internacionais no Aut\u00f3dromo Internacional do Algarve para 2025 Desporto","og_url":"https:\/\/algarve7.pt\/index.php\/2024\/12\/ano-recorde-de-provas-internacionais-no-autodromo-internacional-do-algarve-para-2025\/desporto\/08\/30\/","og_site_name":"Algarve 7","article_publisher":"https:\/\/www.facebook.com\/algarve7","article_author":"https:\/\/www.facebook.com\/algarve7","article_published_time":"2024-12-18T08:30:00+00:00","og_image":[{"width":800,"height":500,"url":"https:\/\/algarve7.pt\/wp-content\/uploads\/2024\/12\/1881a05b-9c40-7931-2874-7c914cef9266.png","type":"image\/png"}],"author":"Algarve 7","twitter_card":"summary_large_image","twitter_creator":"@Algarvesete","twitter_site":"@Algarvesete","twitter_misc":{"Escrito por":"Algarve 7","Tempo estimado de leitura":"4 minutos"},"schema":{"@context":"https:\/\/schema.org","@graph":[{"@type":"Article","@id":"https:\/\/algarve7.pt\/index.php\/2024\/12\/ano-recorde-de-provas-internacionais-no-autodromo-internacional-do-algarve-para-2025\/desporto\/08\/30\/#article","isPartOf":{"@id":"https:\/\/algarve7.pt\/index.php\/2024\/12\/ano-recorde-de-provas-internacionais-no-autodromo-internacional-do-algarve-para-2025\/desporto\/08\/30\/"},"author":{"name":"Algarve 7","@id":"https:\/\/algarve7.pt\/#\/schema\/person\/23fa70681308e7b319a3204bcea45e0c"},"headline":"Ano recorde de provas internacionais no Aut\u00f3dromo Internacional do Algarve para 2025","datePublished":"2024-12-18T08:30:00+00:00","mainEntityOfPage":{"@id":"https:\/\/algarve7.pt\/index.php\/2024\/12\/ano-recorde-de-provas-internacionais-no-autodromo-internacional-do-algarve-para-2025\/desporto\/08\/30\/"},"wordCount":602,"publisher":{"@id":"https:\/\/algarve7.pt\/#organization"},"image":{"@id":"https:\/\/algarve7.pt\/index.php\/2024\/12\/ano-recorde-de-provas-internacionais-no-autodromo-internacional-do-algarve-para-2025\/desporto\/08\/30\/#primaryimage"},"thumbnailUrl":"https:\/\/algarve7.pt\/wp-content\/uploads\/2024\/12\/1881a05b-9c40-7931-2874-7c914cef9266.png","keywords":["Algarve","Aut\u00f3dromo Internacional do Algarve","Desporto","Portim\u00e3o"],"articleSection":["Desporto"],"inLanguage":"pt-PT"},{"@type":"WebPage","@id":"https:\/\/algarve7.pt\/index.php\/2024\/12\/ano-recorde-de-provas-internacionais-no-autodromo-internacional-do-algarve-para-2025\/desporto\/08\/30\/","url":"https:\/\/algarve7.pt\/index.php\/2024\/12\/ano-recorde-de-provas-internacionais-no-autodromo-internacional-do-algarve-para-2025\/desporto\/08\/30\/","name":"Ano recorde de provas internacionais no Aut\u00f3dromo Internacional do Algarve para 2025 - Algarve 7","isPartOf":{"@id":"https:\/\/algarve7.pt\/#website"},"primaryImageOfPage":{"@id":"https:\/\/algarve7.pt\/index.php\/2024\/12\/ano-recorde-de-provas-internacionais-no-autodromo-internacional-do-algarve-para-2025\/desporto\/08\/30\/#primaryimage"},"image":{"@id":"https:\/\/algarve7.pt\/index.php\/2024\/12\/ano-recorde-de-provas-internacionais-no-autodromo-internacional-do-algarve-para-2025\/desporto\/08\/30\/#primaryimage"},"thumbnailUrl":"https:\/\/algarve7.pt\/wp-content\/uploads\/2024\/12\/1881a05b-9c40-7931-2874-7c914cef9266.png","datePublished":"2024-12-18T08:30:00+00:00","description":"Ano recorde de provas internacionais no Aut\u00f3dromo Internacional do Algarve para 2025 Desporto","breadcrumb":{"@id":"https:\/\/algarve7.pt\/index.php\/2024\/12\/ano-recorde-de-provas-internacionais-no-autodromo-internacional-do-algarve-para-2025\/desporto\/08\/30\/#breadcrumb"},"inLanguage":"pt-PT","potentialAction":[{"@type":"ReadAction","target":["https:\/\/algarve7.pt\/index.php\/2024\/12\/ano-recorde-de-provas-internacionais-no-autodromo-internacional-do-algarve-para-2025\/desporto\/08\/30\/"]}]},{"@type":"ImageObject","inLanguage":"pt-PT","@id":"https:\/\/algarve7.pt\/index.php\/2024\/12\/ano-recorde-de-provas-internacionais-no-autodromo-internacional-do-algarve-para-2025\/desporto\/08\/30\/#primaryimage","url":"https:\/\/algarve7.pt\/wp-content\/uploads\/2024\/12\/1881a05b-9c40-7931-2874-7c914cef9266.png","contentUrl":"https:\/\/algarve7.pt\/wp-content\/uploads\/2024\/12\/1881a05b-9c40-7931-2874-7c914cef9266.png","width":800,"height":500},{"@type":"BreadcrumbList","@id":"https:\/\/algarve7.pt\/index.php\/2024\/12\/ano-recorde-de-provas-internacionais-no-autodromo-internacional-do-algarve-para-2025\/desporto\/08\/30\/#breadcrumb","itemListElement":[{"@type":"ListItem","position":1,"name":"In\u00edcio","item":"https:\/\/algarve7.pt\/"},{"@type":"ListItem","position":2,"name":"Ano recorde de provas internacionais no Aut\u00f3dromo Internacional do Algarve para 2025"}]},{"@type":"WebSite","@id":"https:\/\/algarve7.pt\/#website","url":"https:\/\/algarve7.pt\/","name":"Algarve 7","description":"Informa\u00e7\u00e3o sobre o Algarve","publisher":{"@id":"https:\/\/algarve7.pt\/#organization"},"potentialAction":[{"@type":"SearchAction","target":{"@type":"EntryPoint","urlTemplate":"https:\/\/algarve7.pt\/?s={search_term_string}"},"query-input":{"@type":"PropertyValueSpecification","valueRequired":true,"valueName":"search_term_string"}}],"inLanguage":"pt-PT"},{"@type":"Organization","@id":"https:\/\/algarve7.pt\/#organization","name":"Algarve 7","url":"https:\/\/algarve7.pt\/","logo":{"@type":"ImageObject","inLanguage":"pt-PT","@id":"https:\/\/algarve7.pt\/#\/schema\/logo\/image\/","url":"https:\/\/algarve7.pt\/wp-content\/uploads\/2020\/10\/Logo-8.jpg","contentUrl":"https:\/\/algarve7.pt\/wp-content\/uploads\/2020\/10\/Logo-8.jpg","width":1680,"height":1186,"caption":"Algarve 7"},"image":{"@id":"https:\/\/algarve7.pt\/#\/schema\/logo\/image\/"},"sameAs":["https:\/\/www.facebook.com\/algarve7","https:\/\/x.com\/Algarvesete","https:\/\/www.instagram.com\/jornalalgarve7\/","https:\/\/www.linkedin.com\/company\/algarve7","https:\/\/www.pinterest.pt\/geral0939\/_created\/"]},{"@type":"Person","@id":"https:\/\/algarve7.pt\/#\/schema\/person\/23fa70681308e7b319a3204bcea45e0c","name":"Algarve 7","sameAs":["https:\/\/algarve7.pt","https:\/\/www.facebook.com\/algarve7"],"url":"https:\/\/algarve7.pt\/index.php\/author\/geralalgarve7-pt\/"}]}},"jetpack_publicize_connections":[],"jetpack_featured_media_url":"https:\/\/algarve7.pt\/wp-content\/uploads\/2024\/12\/1881a05b-9c40-7931-2874-7c914cef9266.png","jetpack_shortlink":"https:\/\/wp.me\/pcezmW-bRq","jetpack_sharing_enabled":true,"_links":{"self":[{"href":"https:\/\/algarve7.pt\/index.php\/wp-json\/wp\/v2\/posts\/45596","targetHints":{"allow":["GET"]}}],"collection":[{"href":"https:\/\/algarve7.pt\/index.php\/wp-json\/wp\/v2\/posts"}],"about":[{"href":"https:\/\/algarve7.pt\/index.php\/wp-json\/wp\/v2\/types\/post"}],"author":[{"embeddable":true,"href":"https:\/\/algarve7.pt\/index.php\/wp-json\/wp\/v2\/users\/1"}],"replies":[{"embeddable":true,"href":"https:\/\/algarve7.pt\/index.php\/wp-json\/wp\/v2\/comments?post=45596"}],"version-history":[{"count":0,"href":"https:\/\/algarve7.pt\/index.php\/wp-json\/wp\/v2\/posts\/45596\/revisions"}],"wp:featuredmedia":[{"embeddable":true,"href":"https:\/\/algarve7.pt\/index.php\/wp-json\/wp\/v2\/media\/45597"}],"wp:attachment":[{"href":"https:\/\/algarve7.pt\/index.php\/wp-json\/wp\/v2\/media?parent=45596"}],"wp:term":[{"taxonomy":"category","embeddable":true,"href":"https:\/\/algarve7.pt\/index.php\/wp-json\/wp\/v2\/categories?post=45596"},{"taxonomy":"post_tag","embeddable":true,"href":"https:\/\/algarve7.pt\/index.php\/wp-json\/wp\/v2\/tags?post=45596"}],"curies":[{"name":"wp","href":"https:\/\/api.w.org\/{rel}","templated":true}]}}