{"id":45532,"date":"2024-12-17T07:50:00","date_gmt":"2024-12-17T07:50:00","guid":{"rendered":"https:\/\/algarve7.pt\/?p=45532"},"modified":"2024-12-16T11:23:45","modified_gmt":"2024-12-16T11:23:45","slug":"ualg-lanca-8a-edicao-do-concurso-ideias-em-caixa","status":"publish","type":"post","link":"https:\/\/algarve7.pt\/index.php\/2024\/12\/ualg-lanca-8a-edicao-do-concurso-ideias-em-caixa\/atualidade\/07\/50\/","title":{"rendered":"UAlg lan\u00e7a 8\u00aa edi\u00e7\u00e3o do Concurso \u00abIdeias em Caixa\u00bb"},"content":{"rendered":"\n<p><strong>A Universidade do Algarve, atrav\u00e9s da Divis\u00e3o de Empreendedorismo e Transfer\u00eancia de Tecnologia (CRIA), lan\u00e7a mais uma edi\u00e7\u00e3o do Concurso \u00abIdeias em Caixa\u00bb.<\/strong><\/p>\n\n\n\n<p>A iniciativa \u00e9 organizada em parceria com a Associa\u00e7\u00e3o Empresarial da Regi\u00e3o do Algarve &#8211; NERA, a Associa\u00e7\u00e3o Nacional de Jovens Empres\u00e1rios (ANJE), AMAL \u2013 Comunidade Intermunicipal do Algarve, a Algarve Evolution, e a Algarve Systems and Technology Partnership Association (Algarve STP). &nbsp;<\/p>\n\n\n\n<p>Este concurso tem como principal miss\u00e3o promover o empreendedorismo e a iniciativa empresarial, atrav\u00e9s da cria\u00e7\u00e3o de novas empresas nos diferentes dom\u00ednios de especializa\u00e7\u00e3o dos setores do turismo, economia do mar, recursos end\u00f3genos terrestres, ind\u00fastrias culturais e criativas (ICC), sa\u00fade, bem-estar e longevidade, sustentabilidade ambiental, tecnologias de informa\u00e7\u00e3o, comunica\u00e7\u00e3o e eletr\u00f3nica (TICE), entre outras de manifesto interesse.&nbsp;<\/p>\n\n\n\n<p>Neste sentido, pretende-se alcan\u00e7ar os seguintes objetivos:&nbsp;estimular e apoiar a cria\u00e7\u00e3o de novas empresas e startups inovadoras;&nbsp;fomentar a aplica\u00e7\u00e3o empresarial do conhecimento produzido na Universidade do Algarve pelos alunos, investigadores e professores;&nbsp;estimular e apoiar a cria\u00e7\u00e3o de spinoffs a partir dos resultados de investiga\u00e7\u00e3o da Universidade do Algarve;&nbsp;promover o empreendedorismo qualificado e a inova\u00e7\u00e3o na regi\u00e3o do Algarve;&nbsp;contribuir para a cria\u00e7\u00e3o e aumento do emprego qualificado;&nbsp;contribuir para o aumento das exporta\u00e7\u00f5es e para a diversifica\u00e7\u00e3o da base produtiva da economia regional; e&nbsp;contribuir para o desenvolvimento econ\u00f3mico e social da regi\u00e3o e do Pa\u00eds.<\/p>\n\n\n\n<p>O \u00abIdeias em Caixa\u00bb destina-se a pessoas com mais de 18 anos (individualmente ou em grupo), e a empresas e organiza\u00e7\u00f5es constitu\u00eddas h\u00e1 menos de tr\u00eas anos, que pretendam desenvolver ideias de neg\u00f3cio inovadoras que n\u00e3o estejam em fase de explora\u00e7\u00e3o comercial.<\/p>\n\n\n\n<p>As 40 melhores ideias de neg\u00f3cio ter\u00e3o acesso a A\u00e7\u00f5es de Matura\u00e7\u00e3o e Acelera\u00e7\u00e3o, enquanto as 20 melhores, a um Programa de Coaching Empresarial, entre outros pr\u00e9mios de apoio \u00e0 cria\u00e7\u00e3o da empresa. A primeira melhor ideia classificada em cada categoria a concurso: I&amp;DT, Turismo, Mar, Sa\u00fade e Bem-Estar, Recursos End\u00f3genos, ICC, TICE e Sustentabilidade, receber\u00e1 um pr\u00e9mio monet\u00e1rio de 5.000\u20ac, perfazendo um total de 40.000\u20ac a entregar em valor monet\u00e1rio.&nbsp;<\/p>\n\n\n\n<p>A fase de candidaturas \u00e9&nbsp;<strong>at\u00e9 7 de mar\u00e7o 2025<\/strong>, atrav\u00e9s do preenchimento do formul\u00e1rio de candidatura dispon\u00edvel em&nbsp;<a href=\"http:\/\/www.cria.pt\/\">www.cria.pt<\/a>.&nbsp;<\/p>\n\n\n\n<p>Esta iniciativa constitui uma das atividades nucleares do projeto ALGARVE EMPREENDE 2026: Promo\u00e7\u00e3o do Empreendedorismo Qualificado na Regi\u00e3o do Algarve, um projeto cofinanciado pelo SIAC \u2013 Empreendedorismo Qualificado associado ao Conhecimento, do Programa Regional do Algarve 2030 (Algarve 2030).<\/p>\n","protected":false},"excerpt":{"rendered":"<p>A Universidade do Algarve, atrav\u00e9s da Divis\u00e3o de Empreendedorismo e Transfer\u00eancia de Tecnologia (CRIA), lan\u00e7a mais uma edi\u00e7\u00e3o do Concurso<\/p>\n","protected":false},"author":1,"featured_media":45533,"comment_status":"closed","ping_status":"closed","sticky":false,"template":"","format":"standard","meta":{"colormag_page_container_layout":"default_layout","colormag_page_sidebar_layout":"default_layout","_monsterinsights_skip_tracking":false,"_monsterinsights_sitenote_active":false,"_monsterinsights_sitenote_note":"","_monsterinsights_sitenote_category":0,"jetpack_post_was_ever_published":false,"_jetpack_newsletter_access":"","_jetpack_dont_email_post_to_subs":false,"_jetpack_newsletter_tier_id":0,"_jetpack_memberships_contains_paywalled_content":false,"_jetpack_memberships_contains_paid_content":false,"footnotes":"","jetpack_publicize_message":"","jetpack_publicize_feature_enabled":true,"jetpack_social_post_already_shared":true,"jetpack_social_options":{"image_generator_settings":{"template":"highway","default_image_id":0,"font":"","enabled":false},"version":2}},"categories":[11],"tags":[36,62,182],"class_list":["post-45532","post","type-post","status-publish","format-standard","has-post-thumbnail","hentry","category-atualidade","tag-algarve","tag-atualidade","tag-ualg"],"yoast_head":"<!-- This site is optimized with the Yoast SEO plugin v27.5 - https:\/\/yoast.com\/product\/yoast-seo-wordpress\/ -->\n<title>UAlg lan\u00e7a 8\u00aa edi\u00e7\u00e3o do Concurso \u00abIdeias em Caixa\u00bb - Algarve 7<\/title>\n<meta name=\"description\" content=\"UAlg lan\u00e7a 8\u00aa edi\u00e7\u00e3o do Concurso \u00abIdeias em Caixa\u00bb Atualidade\" \/>\n<meta name=\"robots\" content=\"index, follow, max-snippet:-1, max-image-preview:large, max-video-preview:-1\" \/>\n<link rel=\"canonical\" href=\"https:\/\/algarve7.pt\/index.php\/2024\/12\/ualg-lanca-8a-edicao-do-concurso-ideias-em-caixa\/atualidade\/07\/50\/\" \/>\n<meta property=\"og:locale\" content=\"pt_PT\" \/>\n<meta property=\"og:type\" content=\"article\" \/>\n<meta property=\"og:title\" content=\"UAlg lan\u00e7a 8\u00aa edi\u00e7\u00e3o do Concurso \u00abIdeias em Caixa\u00bb - Algarve 7\" \/>\n<meta property=\"og:description\" content=\"UAlg lan\u00e7a 8\u00aa edi\u00e7\u00e3o do Concurso \u00abIdeias em Caixa\u00bb Atualidade\" \/>\n<meta property=\"og:url\" content=\"https:\/\/algarve7.pt\/index.php\/2024\/12\/ualg-lanca-8a-edicao-do-concurso-ideias-em-caixa\/atualidade\/07\/50\/\" \/>\n<meta property=\"og:site_name\" content=\"Algarve 7\" \/>\n<meta property=\"article:publisher\" content=\"https:\/\/www.facebook.com\/algarve7\" \/>\n<meta property=\"article:author\" content=\"https:\/\/www.facebook.com\/algarve7\" \/>\n<meta property=\"article:published_time\" content=\"2024-12-17T07:50:00+00:00\" \/>\n<meta property=\"og:image\" content=\"https:\/\/algarve7.pt\/wp-content\/uploads\/2024\/12\/primage_77233.jpeg\" \/>\n\t<meta property=\"og:image:width\" content=\"800\" \/>\n\t<meta property=\"og:image:height\" content=\"500\" \/>\n\t<meta property=\"og:image:type\" content=\"image\/jpeg\" \/>\n<meta name=\"author\" content=\"Algarve 7\" \/>\n<meta name=\"twitter:card\" content=\"summary_large_image\" \/>\n<meta name=\"twitter:creator\" content=\"@Algarvesete\" \/>\n<meta name=\"twitter:site\" content=\"@Algarvesete\" \/>\n<meta name=\"twitter:label1\" content=\"Escrito por\" \/>\n\t<meta name=\"twitter:data1\" content=\"Algarve 7\" \/>\n\t<meta name=\"twitter:label2\" content=\"Tempo estimado de leitura\" \/>\n\t<meta name=\"twitter:data2\" content=\"3 minutos\" \/>\n<script type=\"application\/ld+json\" class=\"yoast-schema-graph\">{\"@context\":\"https:\\\/\\\/schema.org\",\"@graph\":[{\"@type\":\"Article\",\"@id\":\"https:\\\/\\\/algarve7.pt\\\/index.php\\\/2024\\\/12\\\/ualg-lanca-8a-edicao-do-concurso-ideias-em-caixa\\\/atualidade\\\/07\\\/50\\\/#article\",\"isPartOf\":{\"@id\":\"https:\\\/\\\/algarve7.pt\\\/index.php\\\/2024\\\/12\\\/ualg-lanca-8a-edicao-do-concurso-ideias-em-caixa\\\/atualidade\\\/07\\\/50\\\/\"},\"author\":{\"name\":\"Algarve 7\",\"@id\":\"https:\\\/\\\/algarve7.pt\\\/#\\\/schema\\\/person\\\/23fa70681308e7b319a3204bcea45e0c\"},\"headline\":\"UAlg lan\u00e7a 8\u00aa edi\u00e7\u00e3o do Concurso \u00abIdeias em Caixa\u00bb\",\"datePublished\":\"2024-12-17T07:50:00+00:00\",\"mainEntityOfPage\":{\"@id\":\"https:\\\/\\\/algarve7.pt\\\/index.php\\\/2024\\\/12\\\/ualg-lanca-8a-edicao-do-concurso-ideias-em-caixa\\\/atualidade\\\/07\\\/50\\\/\"},\"wordCount\":463,\"publisher\":{\"@id\":\"https:\\\/\\\/algarve7.pt\\\/#organization\"},\"image\":{\"@id\":\"https:\\\/\\\/algarve7.pt\\\/index.php\\\/2024\\\/12\\\/ualg-lanca-8a-edicao-do-concurso-ideias-em-caixa\\\/atualidade\\\/07\\\/50\\\/#primaryimage\"},\"thumbnailUrl\":\"https:\\\/\\\/algarve7.pt\\\/wp-content\\\/uploads\\\/2024\\\/12\\\/primage_77233.jpeg\",\"keywords\":[\"Algarve\",\"Atualidade\",\"UALG\"],\"articleSection\":[\"Atualidade\"],\"inLanguage\":\"pt-PT\"},{\"@type\":\"WebPage\",\"@id\":\"https:\\\/\\\/algarve7.pt\\\/index.php\\\/2024\\\/12\\\/ualg-lanca-8a-edicao-do-concurso-ideias-em-caixa\\\/atualidade\\\/07\\\/50\\\/\",\"url\":\"https:\\\/\\\/algarve7.pt\\\/index.php\\\/2024\\\/12\\\/ualg-lanca-8a-edicao-do-concurso-ideias-em-caixa\\\/atualidade\\\/07\\\/50\\\/\",\"name\":\"UAlg lan\u00e7a 8\u00aa edi\u00e7\u00e3o do Concurso \u00abIdeias em Caixa\u00bb - Algarve 7\",\"isPartOf\":{\"@id\":\"https:\\\/\\\/algarve7.pt\\\/#website\"},\"primaryImageOfPage\":{\"@id\":\"https:\\\/\\\/algarve7.pt\\\/index.php\\\/2024\\\/12\\\/ualg-lanca-8a-edicao-do-concurso-ideias-em-caixa\\\/atualidade\\\/07\\\/50\\\/#primaryimage\"},\"image\":{\"@id\":\"https:\\\/\\\/algarve7.pt\\\/index.php\\\/2024\\\/12\\\/ualg-lanca-8a-edicao-do-concurso-ideias-em-caixa\\\/atualidade\\\/07\\\/50\\\/#primaryimage\"},\"thumbnailUrl\":\"https:\\\/\\\/algarve7.pt\\\/wp-content\\\/uploads\\\/2024\\\/12\\\/primage_77233.jpeg\",\"datePublished\":\"2024-12-17T07:50:00+00:00\",\"description\":\"UAlg lan\u00e7a 8\u00aa edi\u00e7\u00e3o do Concurso \u00abIdeias em Caixa\u00bb Atualidade\",\"breadcrumb\":{\"@id\":\"https:\\\/\\\/algarve7.pt\\\/index.php\\\/2024\\\/12\\\/ualg-lanca-8a-edicao-do-concurso-ideias-em-caixa\\\/atualidade\\\/07\\\/50\\\/#breadcrumb\"},\"inLanguage\":\"pt-PT\",\"potentialAction\":[{\"@type\":\"ReadAction\",\"target\":[\"https:\\\/\\\/algarve7.pt\\\/index.php\\\/2024\\\/12\\\/ualg-lanca-8a-edicao-do-concurso-ideias-em-caixa\\\/atualidade\\\/07\\\/50\\\/\"]}]},{\"@type\":\"ImageObject\",\"inLanguage\":\"pt-PT\",\"@id\":\"https:\\\/\\\/algarve7.pt\\\/index.php\\\/2024\\\/12\\\/ualg-lanca-8a-edicao-do-concurso-ideias-em-caixa\\\/atualidade\\\/07\\\/50\\\/#primaryimage\",\"url\":\"https:\\\/\\\/algarve7.pt\\\/wp-content\\\/uploads\\\/2024\\\/12\\\/primage_77233.jpeg\",\"contentUrl\":\"https:\\\/\\\/algarve7.pt\\\/wp-content\\\/uploads\\\/2024\\\/12\\\/primage_77233.jpeg\",\"width\":800,\"height\":500},{\"@type\":\"BreadcrumbList\",\"@id\":\"https:\\\/\\\/algarve7.pt\\\/index.php\\\/2024\\\/12\\\/ualg-lanca-8a-edicao-do-concurso-ideias-em-caixa\\\/atualidade\\\/07\\\/50\\\/#breadcrumb\",\"itemListElement\":[{\"@type\":\"ListItem\",\"position\":1,\"name\":\"In\u00edcio\",\"item\":\"https:\\\/\\\/algarve7.pt\\\/\"},{\"@type\":\"ListItem\",\"position\":2,\"name\":\"UAlg lan\u00e7a 8\u00aa edi\u00e7\u00e3o do Concurso \u00abIdeias em Caixa\u00bb\"}]},{\"@type\":\"WebSite\",\"@id\":\"https:\\\/\\\/algarve7.pt\\\/#website\",\"url\":\"https:\\\/\\\/algarve7.pt\\\/\",\"name\":\"Algarve 7\",\"description\":\"Informa\u00e7\u00e3o sobre o Algarve\",\"publisher\":{\"@id\":\"https:\\\/\\\/algarve7.pt\\\/#organization\"},\"potentialAction\":[{\"@type\":\"SearchAction\",\"target\":{\"@type\":\"EntryPoint\",\"urlTemplate\":\"https:\\\/\\\/algarve7.pt\\\/?s={search_term_string}\"},\"query-input\":{\"@type\":\"PropertyValueSpecification\",\"valueRequired\":true,\"valueName\":\"search_term_string\"}}],\"inLanguage\":\"pt-PT\"},{\"@type\":\"Organization\",\"@id\":\"https:\\\/\\\/algarve7.pt\\\/#organization\",\"name\":\"Algarve 7\",\"url\":\"https:\\\/\\\/algarve7.pt\\\/\",\"logo\":{\"@type\":\"ImageObject\",\"inLanguage\":\"pt-PT\",\"@id\":\"https:\\\/\\\/algarve7.pt\\\/#\\\/schema\\\/logo\\\/image\\\/\",\"url\":\"https:\\\/\\\/algarve7.pt\\\/wp-content\\\/uploads\\\/2020\\\/10\\\/Logo-8.jpg\",\"contentUrl\":\"https:\\\/\\\/algarve7.pt\\\/wp-content\\\/uploads\\\/2020\\\/10\\\/Logo-8.jpg\",\"width\":1680,\"height\":1186,\"caption\":\"Algarve 7\"},\"image\":{\"@id\":\"https:\\\/\\\/algarve7.pt\\\/#\\\/schema\\\/logo\\\/image\\\/\"},\"sameAs\":[\"https:\\\/\\\/www.facebook.com\\\/algarve7\",\"https:\\\/\\\/x.com\\\/Algarvesete\",\"https:\\\/\\\/www.instagram.com\\\/jornalalgarve7\\\/\",\"https:\\\/\\\/www.linkedin.com\\\/company\\\/algarve7\",\"https:\\\/\\\/www.pinterest.pt\\\/geral0939\\\/_created\\\/\"]},{\"@type\":\"Person\",\"@id\":\"https:\\\/\\\/algarve7.pt\\\/#\\\/schema\\\/person\\\/23fa70681308e7b319a3204bcea45e0c\",\"name\":\"Algarve 7\",\"sameAs\":[\"https:\\\/\\\/algarve7.pt\",\"https:\\\/\\\/www.facebook.com\\\/algarve7\"],\"url\":\"https:\\\/\\\/algarve7.pt\\\/index.php\\\/author\\\/geralalgarve7-pt\\\/\"}]}<\/script>\n<!-- \/ Yoast SEO plugin. -->","yoast_head_json":{"title":"UAlg lan\u00e7a 8\u00aa edi\u00e7\u00e3o do Concurso \u00abIdeias em Caixa\u00bb - Algarve 7","description":"UAlg lan\u00e7a 8\u00aa edi\u00e7\u00e3o do Concurso \u00abIdeias em Caixa\u00bb Atualidade","robots":{"index":"index","follow":"follow","max-snippet":"max-snippet:-1","max-image-preview":"max-image-preview:large","max-video-preview":"max-video-preview:-1"},"canonical":"https:\/\/algarve7.pt\/index.php\/2024\/12\/ualg-lanca-8a-edicao-do-concurso-ideias-em-caixa\/atualidade\/07\/50\/","og_locale":"pt_PT","og_type":"article","og_title":"UAlg lan\u00e7a 8\u00aa edi\u00e7\u00e3o do Concurso \u00abIdeias em Caixa\u00bb - Algarve 7","og_description":"UAlg lan\u00e7a 8\u00aa edi\u00e7\u00e3o do Concurso \u00abIdeias em Caixa\u00bb Atualidade","og_url":"https:\/\/algarve7.pt\/index.php\/2024\/12\/ualg-lanca-8a-edicao-do-concurso-ideias-em-caixa\/atualidade\/07\/50\/","og_site_name":"Algarve 7","article_publisher":"https:\/\/www.facebook.com\/algarve7","article_author":"https:\/\/www.facebook.com\/algarve7","article_published_time":"2024-12-17T07:50:00+00:00","og_image":[{"width":800,"height":500,"url":"https:\/\/algarve7.pt\/wp-content\/uploads\/2024\/12\/primage_77233.jpeg","type":"image\/jpeg"}],"author":"Algarve 7","twitter_card":"summary_large_image","twitter_creator":"@Algarvesete","twitter_site":"@Algarvesete","twitter_misc":{"Escrito por":"Algarve 7","Tempo estimado de leitura":"3 minutos"},"schema":{"@context":"https:\/\/schema.org","@graph":[{"@type":"Article","@id":"https:\/\/algarve7.pt\/index.php\/2024\/12\/ualg-lanca-8a-edicao-do-concurso-ideias-em-caixa\/atualidade\/07\/50\/#article","isPartOf":{"@id":"https:\/\/algarve7.pt\/index.php\/2024\/12\/ualg-lanca-8a-edicao-do-concurso-ideias-em-caixa\/atualidade\/07\/50\/"},"author":{"name":"Algarve 7","@id":"https:\/\/algarve7.pt\/#\/schema\/person\/23fa70681308e7b319a3204bcea45e0c"},"headline":"UAlg lan\u00e7a 8\u00aa edi\u00e7\u00e3o do Concurso \u00abIdeias em Caixa\u00bb","datePublished":"2024-12-17T07:50:00+00:00","mainEntityOfPage":{"@id":"https:\/\/algarve7.pt\/index.php\/2024\/12\/ualg-lanca-8a-edicao-do-concurso-ideias-em-caixa\/atualidade\/07\/50\/"},"wordCount":463,"publisher":{"@id":"https:\/\/algarve7.pt\/#organization"},"image":{"@id":"https:\/\/algarve7.pt\/index.php\/2024\/12\/ualg-lanca-8a-edicao-do-concurso-ideias-em-caixa\/atualidade\/07\/50\/#primaryimage"},"thumbnailUrl":"https:\/\/algarve7.pt\/wp-content\/uploads\/2024\/12\/primage_77233.jpeg","keywords":["Algarve","Atualidade","UALG"],"articleSection":["Atualidade"],"inLanguage":"pt-PT"},{"@type":"WebPage","@id":"https:\/\/algarve7.pt\/index.php\/2024\/12\/ualg-lanca-8a-edicao-do-concurso-ideias-em-caixa\/atualidade\/07\/50\/","url":"https:\/\/algarve7.pt\/index.php\/2024\/12\/ualg-lanca-8a-edicao-do-concurso-ideias-em-caixa\/atualidade\/07\/50\/","name":"UAlg lan\u00e7a 8\u00aa edi\u00e7\u00e3o do Concurso \u00abIdeias em Caixa\u00bb - Algarve 7","isPartOf":{"@id":"https:\/\/algarve7.pt\/#website"},"primaryImageOfPage":{"@id":"https:\/\/algarve7.pt\/index.php\/2024\/12\/ualg-lanca-8a-edicao-do-concurso-ideias-em-caixa\/atualidade\/07\/50\/#primaryimage"},"image":{"@id":"https:\/\/algarve7.pt\/index.php\/2024\/12\/ualg-lanca-8a-edicao-do-concurso-ideias-em-caixa\/atualidade\/07\/50\/#primaryimage"},"thumbnailUrl":"https:\/\/algarve7.pt\/wp-content\/uploads\/2024\/12\/primage_77233.jpeg","datePublished":"2024-12-17T07:50:00+00:00","description":"UAlg lan\u00e7a 8\u00aa edi\u00e7\u00e3o do Concurso \u00abIdeias em Caixa\u00bb Atualidade","breadcrumb":{"@id":"https:\/\/algarve7.pt\/index.php\/2024\/12\/ualg-lanca-8a-edicao-do-concurso-ideias-em-caixa\/atualidade\/07\/50\/#breadcrumb"},"inLanguage":"pt-PT","potentialAction":[{"@type":"ReadAction","target":["https:\/\/algarve7.pt\/index.php\/2024\/12\/ualg-lanca-8a-edicao-do-concurso-ideias-em-caixa\/atualidade\/07\/50\/"]}]},{"@type":"ImageObject","inLanguage":"pt-PT","@id":"https:\/\/algarve7.pt\/index.php\/2024\/12\/ualg-lanca-8a-edicao-do-concurso-ideias-em-caixa\/atualidade\/07\/50\/#primaryimage","url":"https:\/\/algarve7.pt\/wp-content\/uploads\/2024\/12\/primage_77233.jpeg","contentUrl":"https:\/\/algarve7.pt\/wp-content\/uploads\/2024\/12\/primage_77233.jpeg","width":800,"height":500},{"@type":"BreadcrumbList","@id":"https:\/\/algarve7.pt\/index.php\/2024\/12\/ualg-lanca-8a-edicao-do-concurso-ideias-em-caixa\/atualidade\/07\/50\/#breadcrumb","itemListElement":[{"@type":"ListItem","position":1,"name":"In\u00edcio","item":"https:\/\/algarve7.pt\/"},{"@type":"ListItem","position":2,"name":"UAlg lan\u00e7a 8\u00aa edi\u00e7\u00e3o do Concurso \u00abIdeias em Caixa\u00bb"}]},{"@type":"WebSite","@id":"https:\/\/algarve7.pt\/#website","url":"https:\/\/algarve7.pt\/","name":"Algarve 7","description":"Informa\u00e7\u00e3o sobre o Algarve","publisher":{"@id":"https:\/\/algarve7.pt\/#organization"},"potentialAction":[{"@type":"SearchAction","target":{"@type":"EntryPoint","urlTemplate":"https:\/\/algarve7.pt\/?s={search_term_string}"},"query-input":{"@type":"PropertyValueSpecification","valueRequired":true,"valueName":"search_term_string"}}],"inLanguage":"pt-PT"},{"@type":"Organization","@id":"https:\/\/algarve7.pt\/#organization","name":"Algarve 7","url":"https:\/\/algarve7.pt\/","logo":{"@type":"ImageObject","inLanguage":"pt-PT","@id":"https:\/\/algarve7.pt\/#\/schema\/logo\/image\/","url":"https:\/\/algarve7.pt\/wp-content\/uploads\/2020\/10\/Logo-8.jpg","contentUrl":"https:\/\/algarve7.pt\/wp-content\/uploads\/2020\/10\/Logo-8.jpg","width":1680,"height":1186,"caption":"Algarve 7"},"image":{"@id":"https:\/\/algarve7.pt\/#\/schema\/logo\/image\/"},"sameAs":["https:\/\/www.facebook.com\/algarve7","https:\/\/x.com\/Algarvesete","https:\/\/www.instagram.com\/jornalalgarve7\/","https:\/\/www.linkedin.com\/company\/algarve7","https:\/\/www.pinterest.pt\/geral0939\/_created\/"]},{"@type":"Person","@id":"https:\/\/algarve7.pt\/#\/schema\/person\/23fa70681308e7b319a3204bcea45e0c","name":"Algarve 7","sameAs":["https:\/\/algarve7.pt","https:\/\/www.facebook.com\/algarve7"],"url":"https:\/\/algarve7.pt\/index.php\/author\/geralalgarve7-pt\/"}]}},"jetpack_publicize_connections":[],"jetpack_featured_media_url":"https:\/\/algarve7.pt\/wp-content\/uploads\/2024\/12\/primage_77233.jpeg","jetpack_shortlink":"https:\/\/wp.me\/pcezmW-bQo","jetpack_sharing_enabled":true,"_links":{"self":[{"href":"https:\/\/algarve7.pt\/index.php\/wp-json\/wp\/v2\/posts\/45532","targetHints":{"allow":["GET"]}}],"collection":[{"href":"https:\/\/algarve7.pt\/index.php\/wp-json\/wp\/v2\/posts"}],"about":[{"href":"https:\/\/algarve7.pt\/index.php\/wp-json\/wp\/v2\/types\/post"}],"author":[{"embeddable":true,"href":"https:\/\/algarve7.pt\/index.php\/wp-json\/wp\/v2\/users\/1"}],"replies":[{"embeddable":true,"href":"https:\/\/algarve7.pt\/index.php\/wp-json\/wp\/v2\/comments?post=45532"}],"version-history":[{"count":0,"href":"https:\/\/algarve7.pt\/index.php\/wp-json\/wp\/v2\/posts\/45532\/revisions"}],"wp:featuredmedia":[{"embeddable":true,"href":"https:\/\/algarve7.pt\/index.php\/wp-json\/wp\/v2\/media\/45533"}],"wp:attachment":[{"href":"https:\/\/algarve7.pt\/index.php\/wp-json\/wp\/v2\/media?parent=45532"}],"wp:term":[{"taxonomy":"category","embeddable":true,"href":"https:\/\/algarve7.pt\/index.php\/wp-json\/wp\/v2\/categories?post=45532"},{"taxonomy":"post_tag","embeddable":true,"href":"https:\/\/algarve7.pt\/index.php\/wp-json\/wp\/v2\/tags?post=45532"}],"curies":[{"name":"wp","href":"https:\/\/api.w.org\/{rel}","templated":true}]}}