{"id":45523,"date":"2024-12-16T10:31:34","date_gmt":"2024-12-16T10:31:34","guid":{"rendered":"https:\/\/algarve7.pt\/?p=45523"},"modified":"2024-12-16T10:31:36","modified_gmt":"2024-12-16T10:31:36","slug":"manuel-aureliano-alves-e-o-vencedor-da-3a-edicao-do-premio-investigador-ualg","status":"publish","type":"post","link":"https:\/\/algarve7.pt\/index.php\/2024\/12\/manuel-aureliano-alves-e-o-vencedor-da-3a-edicao-do-premio-investigador-ualg\/saude\/10\/31\/","title":{"rendered":"Manuel Aureliano Alves \u00e9 o vencedor da 3\u00aa edi\u00e7\u00e3o do &#8220;Pr\u00e9mio Investigador UAlg&#8221;"},"content":{"rendered":"\n<p><strong>Manuel Aureliano Alves, docente da Faculdade de Ci\u00eancias e Tecnologia (FCT) e investigador do Centro de Ci\u00eancias do Mar (CCMAR), \u00e9 o vencedor da 3\u00aa edi\u00e7\u00e3o do &#8220;Pr\u00e9mio Investigador UAlg&#8221;, que visa distinguir e reconhecer publicamente o trabalho desenvolvido por um investigador da Universidade do Algarve, na \u00e1rea da investiga\u00e7\u00e3o cient\u00edfica, com destaque a n\u00edvel nacional e internacional, de que resulte impacto efetivo na produtividade cient\u00edfica e na afirma\u00e7\u00e3o da excel\u00eancia da Institui\u00e7\u00e3o.<\/strong><\/p>\n\n\n\n<p>&nbsp;O Pr\u00e9mio materializa-se na entrega de um diploma, na cerim\u00f3nia p\u00fablica do Dia da Universidade, que este ano se realiza dia 11 de dezembro, e de uma dota\u00e7\u00e3o no valor de cinco mil euros.<\/p>\n\n\n\n<p>Manuel Aureliano Alves \u00e9 licenciado em Bioqu\u00edmica, mestre em Biologia Celular e doutorado em Bioqu\u00edmica\/Bioenerg\u00e9tica pela Faculdade de Ci\u00eancias e Tecnologia da Universidade de Coimbra. Na UAlg, desde 1997, tem promovido e desenvolvido, juntamente com os seus alunos do N\u00facleo de Estudantes de Bioqu\u00edmica da UAlg &#8211; Nebqual e colaboradores, o ensino e a investiga\u00e7\u00e3o em Bioqu\u00edmica.&nbsp;<\/p>\n\n\n\n<p>No Centro de Ci\u00eancias do Mar (CCMAR) da UAlg desenvolve os seus estudos de investiga\u00e7\u00e3o em prote\u00ednas associadas com o mecanismo e a regula\u00e7\u00e3o da contra\u00e7\u00e3o muscular, nomeadamente miosina, actina e Ca2+-ATPase. Adicionalmente, devido \u00e0s atividades biol\u00f3gicas dos polioxometalatos (POMs), tais como o decavanadato (V10), tem focado a sua investiga\u00e7\u00e3o na prov\u00e1vel utiliza\u00e7\u00e3o destes POMs como potenciais f\u00e1rmacos do futuro no combate contra bact\u00e9rias resistentes a antibi\u00f3ticos, cancro, diabetes e mais recentemente no tratamento da doen\u00e7a de Alzheimer.&nbsp;<\/p>\n\n\n\n<p>Para Manuel Aureliano, \u201cas institui\u00e7\u00f5es universit\u00e1rias devem promover e desenvolver nos seus alunos a originalidade de pensamento, um dos grandes pilares das ci\u00eancias moleculares e aplicadas\u201d.&nbsp; Sobre a atribui\u00e7\u00e3o do pr\u00e9mio refere: \u201cSinto-me sinceramente honrado pela atribui\u00e7\u00e3o deste pr\u00e9mio, pois o reconhecimento em casa \u00e9 simplesmente o melhor e muitas vezes n\u00e3o nos chega. Dedico este pr\u00e9mio aos meus mentores e\/ou colaboradores que me souberam esperar\u2026e a ti\u2026\u201d.<\/p>\n\n\n\n<p>O j\u00fari da edi\u00e7\u00e3o 2024 contou com os seguintes elementos: Miguel Castelo-Branco Craveiro Sousa, professor catedr\u00e1tico da Faculdade de Ci\u00eancias da Sa\u00fade, Universidade da Beira Interior; Maria Cristina de Oliveira Salgado Nunes, professora catedr\u00e1tica da Faculdade de Ci\u00eancias Humanas e Sociais da Universidade do Algarve; Maria Margarida da Cruz Godinho Ribau Teixeira, professora associada com agrega\u00e7\u00e3o e coordenadora do polo da Universidade do Algarve do Centro de Investiga\u00e7\u00e3o em Ambiente e Sustentabilidade (CENSE); Delminda Maria de Jesus Moura, professora associada aposentada e investigadora do Centro de Investiga\u00e7\u00e3o Marinha Ambiental (CIMA) da Universidade do Algarve; e Joana Gaspar de Freitas, investigadora do Centro de Hist\u00f3ria da Universidade de Lisboa.<\/p>\n\n\n\n<p>Este pr\u00e9mio visa, principalmente, fomentar a participa\u00e7\u00e3o dos docentes e investigadores da UAlg em projetos e na internacionaliza\u00e7\u00e3o da Institui\u00e7\u00e3o, com impactos efetivos na produtividade cient\u00edfica e na afirma\u00e7\u00e3o da excel\u00eancia da Universidade do Algarve enquanto Institui\u00e7\u00e3o que integra o Sistema Cient\u00edfico e Tecnol\u00f3gico Nacional.<\/p>\n","protected":false},"excerpt":{"rendered":"<p>Manuel Aureliano Alves, docente da Faculdade de Ci\u00eancias e Tecnologia (FCT) e investigador do Centro de Ci\u00eancias do Mar (CCMAR),<\/p>\n","protected":false},"author":1,"featured_media":45524,"comment_status":"closed","ping_status":"closed","sticky":false,"template":"","format":"standard","meta":{"colormag_page_container_layout":"default_layout","colormag_page_sidebar_layout":"default_layout","_monsterinsights_skip_tracking":false,"_monsterinsights_sitenote_active":false,"_monsterinsights_sitenote_note":"","_monsterinsights_sitenote_category":0,"jetpack_post_was_ever_published":false,"_jetpack_newsletter_access":"","_jetpack_dont_email_post_to_subs":false,"_jetpack_newsletter_tier_id":0,"_jetpack_memberships_contains_paywalled_content":false,"_jetpack_memberships_contains_paid_content":false,"footnotes":"","jetpack_publicize_message":"","jetpack_publicize_feature_enabled":true,"jetpack_social_post_already_shared":true,"jetpack_social_options":{"image_generator_settings":{"template":"highway","default_image_id":0,"font":"","enabled":false},"version":2}},"categories":[59],"tags":[36,58,182],"class_list":["post-45523","post","type-post","status-publish","format-standard","has-post-thumbnail","hentry","category-saude","tag-algarve","tag-saude","tag-ualg"],"yoast_head":"<!-- This site is optimized with the Yoast SEO plugin v27.5 - https:\/\/yoast.com\/product\/yoast-seo-wordpress\/ -->\n<title>Manuel Aureliano Alves \u00e9 o vencedor da 3\u00aa edi\u00e7\u00e3o do &quot;Pr\u00e9mio Investigador UAlg&quot; - Algarve 7<\/title>\n<meta name=\"description\" content=\"Manuel Aureliano Alves \u00e9 o vencedor da 3\u00aa edi\u00e7\u00e3o do &quot;Pr\u00e9mio Investigador UAlg&quot; Sa\u00fade\" \/>\n<meta name=\"robots\" content=\"index, follow, max-snippet:-1, max-image-preview:large, max-video-preview:-1\" \/>\n<link rel=\"canonical\" href=\"https:\/\/algarve7.pt\/index.php\/2024\/12\/manuel-aureliano-alves-e-o-vencedor-da-3a-edicao-do-premio-investigador-ualg\/saude\/10\/31\/\" \/>\n<meta property=\"og:locale\" content=\"pt_PT\" \/>\n<meta property=\"og:type\" content=\"article\" \/>\n<meta property=\"og:title\" content=\"Manuel Aureliano Alves \u00e9 o vencedor da 3\u00aa edi\u00e7\u00e3o do &quot;Pr\u00e9mio Investigador UAlg&quot; - Algarve 7\" \/>\n<meta property=\"og:description\" content=\"Manuel Aureliano Alves \u00e9 o vencedor da 3\u00aa edi\u00e7\u00e3o do &quot;Pr\u00e9mio Investigador UAlg&quot; Sa\u00fade\" \/>\n<meta property=\"og:url\" content=\"https:\/\/algarve7.pt\/index.php\/2024\/12\/manuel-aureliano-alves-e-o-vencedor-da-3a-edicao-do-premio-investigador-ualg\/saude\/10\/31\/\" \/>\n<meta property=\"og:site_name\" content=\"Algarve 7\" \/>\n<meta property=\"article:publisher\" content=\"https:\/\/www.facebook.com\/algarve7\" \/>\n<meta property=\"article:author\" content=\"https:\/\/www.facebook.com\/algarve7\" \/>\n<meta property=\"article:published_time\" content=\"2024-12-16T10:31:34+00:00\" \/>\n<meta property=\"article:modified_time\" content=\"2024-12-16T10:31:36+00:00\" \/>\n<meta property=\"og:image\" content=\"https:\/\/algarve7.pt\/wp-content\/uploads\/2024\/12\/primage_77124.jpeg\" \/>\n\t<meta property=\"og:image:width\" content=\"800\" \/>\n\t<meta property=\"og:image:height\" content=\"500\" \/>\n\t<meta property=\"og:image:type\" content=\"image\/jpeg\" \/>\n<meta name=\"author\" content=\"Algarve 7\" \/>\n<meta name=\"twitter:card\" content=\"summary_large_image\" \/>\n<meta name=\"twitter:creator\" content=\"@Algarvesete\" \/>\n<meta name=\"twitter:site\" content=\"@Algarvesete\" \/>\n<meta name=\"twitter:label1\" content=\"Escrito por\" \/>\n\t<meta name=\"twitter:data1\" content=\"Algarve 7\" \/>\n\t<meta name=\"twitter:label2\" content=\"Tempo estimado de leitura\" \/>\n\t<meta name=\"twitter:data2\" content=\"3 minutos\" \/>\n<script type=\"application\/ld+json\" class=\"yoast-schema-graph\">{\"@context\":\"https:\\\/\\\/schema.org\",\"@graph\":[{\"@type\":\"Article\",\"@id\":\"https:\\\/\\\/algarve7.pt\\\/index.php\\\/2024\\\/12\\\/manuel-aureliano-alves-e-o-vencedor-da-3a-edicao-do-premio-investigador-ualg\\\/saude\\\/10\\\/31\\\/#article\",\"isPartOf\":{\"@id\":\"https:\\\/\\\/algarve7.pt\\\/index.php\\\/2024\\\/12\\\/manuel-aureliano-alves-e-o-vencedor-da-3a-edicao-do-premio-investigador-ualg\\\/saude\\\/10\\\/31\\\/\"},\"author\":{\"name\":\"Algarve 7\",\"@id\":\"https:\\\/\\\/algarve7.pt\\\/#\\\/schema\\\/person\\\/23fa70681308e7b319a3204bcea45e0c\"},\"headline\":\"Manuel Aureliano Alves \u00e9 o vencedor da 3\u00aa edi\u00e7\u00e3o do &#8220;Pr\u00e9mio Investigador UAlg&#8221;\",\"datePublished\":\"2024-12-16T10:31:34+00:00\",\"dateModified\":\"2024-12-16T10:31:36+00:00\",\"mainEntityOfPage\":{\"@id\":\"https:\\\/\\\/algarve7.pt\\\/index.php\\\/2024\\\/12\\\/manuel-aureliano-alves-e-o-vencedor-da-3a-edicao-do-premio-investigador-ualg\\\/saude\\\/10\\\/31\\\/\"},\"wordCount\":543,\"publisher\":{\"@id\":\"https:\\\/\\\/algarve7.pt\\\/#organization\"},\"image\":{\"@id\":\"https:\\\/\\\/algarve7.pt\\\/index.php\\\/2024\\\/12\\\/manuel-aureliano-alves-e-o-vencedor-da-3a-edicao-do-premio-investigador-ualg\\\/saude\\\/10\\\/31\\\/#primaryimage\"},\"thumbnailUrl\":\"https:\\\/\\\/algarve7.pt\\\/wp-content\\\/uploads\\\/2024\\\/12\\\/primage_77124.jpeg\",\"keywords\":[\"Algarve\",\"Sa\u00fade\",\"UALG\"],\"articleSection\":[\"Sa\u00fade\"],\"inLanguage\":\"pt-PT\"},{\"@type\":\"WebPage\",\"@id\":\"https:\\\/\\\/algarve7.pt\\\/index.php\\\/2024\\\/12\\\/manuel-aureliano-alves-e-o-vencedor-da-3a-edicao-do-premio-investigador-ualg\\\/saude\\\/10\\\/31\\\/\",\"url\":\"https:\\\/\\\/algarve7.pt\\\/index.php\\\/2024\\\/12\\\/manuel-aureliano-alves-e-o-vencedor-da-3a-edicao-do-premio-investigador-ualg\\\/saude\\\/10\\\/31\\\/\",\"name\":\"Manuel Aureliano Alves \u00e9 o vencedor da 3\u00aa edi\u00e7\u00e3o do \\\"Pr\u00e9mio Investigador UAlg\\\" - Algarve 7\",\"isPartOf\":{\"@id\":\"https:\\\/\\\/algarve7.pt\\\/#website\"},\"primaryImageOfPage\":{\"@id\":\"https:\\\/\\\/algarve7.pt\\\/index.php\\\/2024\\\/12\\\/manuel-aureliano-alves-e-o-vencedor-da-3a-edicao-do-premio-investigador-ualg\\\/saude\\\/10\\\/31\\\/#primaryimage\"},\"image\":{\"@id\":\"https:\\\/\\\/algarve7.pt\\\/index.php\\\/2024\\\/12\\\/manuel-aureliano-alves-e-o-vencedor-da-3a-edicao-do-premio-investigador-ualg\\\/saude\\\/10\\\/31\\\/#primaryimage\"},\"thumbnailUrl\":\"https:\\\/\\\/algarve7.pt\\\/wp-content\\\/uploads\\\/2024\\\/12\\\/primage_77124.jpeg\",\"datePublished\":\"2024-12-16T10:31:34+00:00\",\"dateModified\":\"2024-12-16T10:31:36+00:00\",\"description\":\"Manuel Aureliano Alves \u00e9 o vencedor da 3\u00aa edi\u00e7\u00e3o do \\\"Pr\u00e9mio Investigador UAlg\\\" Sa\u00fade\",\"breadcrumb\":{\"@id\":\"https:\\\/\\\/algarve7.pt\\\/index.php\\\/2024\\\/12\\\/manuel-aureliano-alves-e-o-vencedor-da-3a-edicao-do-premio-investigador-ualg\\\/saude\\\/10\\\/31\\\/#breadcrumb\"},\"inLanguage\":\"pt-PT\",\"potentialAction\":[{\"@type\":\"ReadAction\",\"target\":[\"https:\\\/\\\/algarve7.pt\\\/index.php\\\/2024\\\/12\\\/manuel-aureliano-alves-e-o-vencedor-da-3a-edicao-do-premio-investigador-ualg\\\/saude\\\/10\\\/31\\\/\"]}]},{\"@type\":\"ImageObject\",\"inLanguage\":\"pt-PT\",\"@id\":\"https:\\\/\\\/algarve7.pt\\\/index.php\\\/2024\\\/12\\\/manuel-aureliano-alves-e-o-vencedor-da-3a-edicao-do-premio-investigador-ualg\\\/saude\\\/10\\\/31\\\/#primaryimage\",\"url\":\"https:\\\/\\\/algarve7.pt\\\/wp-content\\\/uploads\\\/2024\\\/12\\\/primage_77124.jpeg\",\"contentUrl\":\"https:\\\/\\\/algarve7.pt\\\/wp-content\\\/uploads\\\/2024\\\/12\\\/primage_77124.jpeg\",\"width\":800,\"height\":500},{\"@type\":\"BreadcrumbList\",\"@id\":\"https:\\\/\\\/algarve7.pt\\\/index.php\\\/2024\\\/12\\\/manuel-aureliano-alves-e-o-vencedor-da-3a-edicao-do-premio-investigador-ualg\\\/saude\\\/10\\\/31\\\/#breadcrumb\",\"itemListElement\":[{\"@type\":\"ListItem\",\"position\":1,\"name\":\"In\u00edcio\",\"item\":\"https:\\\/\\\/algarve7.pt\\\/\"},{\"@type\":\"ListItem\",\"position\":2,\"name\":\"Manuel Aureliano Alves \u00e9 o vencedor da 3\u00aa edi\u00e7\u00e3o do &#8220;Pr\u00e9mio Investigador UAlg&#8221;\"}]},{\"@type\":\"WebSite\",\"@id\":\"https:\\\/\\\/algarve7.pt\\\/#website\",\"url\":\"https:\\\/\\\/algarve7.pt\\\/\",\"name\":\"Algarve 7\",\"description\":\"Informa\u00e7\u00e3o sobre o Algarve\",\"publisher\":{\"@id\":\"https:\\\/\\\/algarve7.pt\\\/#organization\"},\"potentialAction\":[{\"@type\":\"SearchAction\",\"target\":{\"@type\":\"EntryPoint\",\"urlTemplate\":\"https:\\\/\\\/algarve7.pt\\\/?s={search_term_string}\"},\"query-input\":{\"@type\":\"PropertyValueSpecification\",\"valueRequired\":true,\"valueName\":\"search_term_string\"}}],\"inLanguage\":\"pt-PT\"},{\"@type\":\"Organization\",\"@id\":\"https:\\\/\\\/algarve7.pt\\\/#organization\",\"name\":\"Algarve 7\",\"url\":\"https:\\\/\\\/algarve7.pt\\\/\",\"logo\":{\"@type\":\"ImageObject\",\"inLanguage\":\"pt-PT\",\"@id\":\"https:\\\/\\\/algarve7.pt\\\/#\\\/schema\\\/logo\\\/image\\\/\",\"url\":\"https:\\\/\\\/algarve7.pt\\\/wp-content\\\/uploads\\\/2020\\\/10\\\/Logo-8.jpg\",\"contentUrl\":\"https:\\\/\\\/algarve7.pt\\\/wp-content\\\/uploads\\\/2020\\\/10\\\/Logo-8.jpg\",\"width\":1680,\"height\":1186,\"caption\":\"Algarve 7\"},\"image\":{\"@id\":\"https:\\\/\\\/algarve7.pt\\\/#\\\/schema\\\/logo\\\/image\\\/\"},\"sameAs\":[\"https:\\\/\\\/www.facebook.com\\\/algarve7\",\"https:\\\/\\\/x.com\\\/Algarvesete\",\"https:\\\/\\\/www.instagram.com\\\/jornalalgarve7\\\/\",\"https:\\\/\\\/www.linkedin.com\\\/company\\\/algarve7\",\"https:\\\/\\\/www.pinterest.pt\\\/geral0939\\\/_created\\\/\"]},{\"@type\":\"Person\",\"@id\":\"https:\\\/\\\/algarve7.pt\\\/#\\\/schema\\\/person\\\/23fa70681308e7b319a3204bcea45e0c\",\"name\":\"Algarve 7\",\"sameAs\":[\"https:\\\/\\\/algarve7.pt\",\"https:\\\/\\\/www.facebook.com\\\/algarve7\"],\"url\":\"https:\\\/\\\/algarve7.pt\\\/index.php\\\/author\\\/geralalgarve7-pt\\\/\"}]}<\/script>\n<!-- \/ Yoast SEO plugin. -->","yoast_head_json":{"title":"Manuel Aureliano Alves \u00e9 o vencedor da 3\u00aa edi\u00e7\u00e3o do \"Pr\u00e9mio Investigador UAlg\" - Algarve 7","description":"Manuel Aureliano Alves \u00e9 o vencedor da 3\u00aa edi\u00e7\u00e3o do \"Pr\u00e9mio Investigador UAlg\" Sa\u00fade","robots":{"index":"index","follow":"follow","max-snippet":"max-snippet:-1","max-image-preview":"max-image-preview:large","max-video-preview":"max-video-preview:-1"},"canonical":"https:\/\/algarve7.pt\/index.php\/2024\/12\/manuel-aureliano-alves-e-o-vencedor-da-3a-edicao-do-premio-investigador-ualg\/saude\/10\/31\/","og_locale":"pt_PT","og_type":"article","og_title":"Manuel Aureliano Alves \u00e9 o vencedor da 3\u00aa edi\u00e7\u00e3o do \"Pr\u00e9mio Investigador UAlg\" - Algarve 7","og_description":"Manuel Aureliano Alves \u00e9 o vencedor da 3\u00aa edi\u00e7\u00e3o do \"Pr\u00e9mio Investigador UAlg\" Sa\u00fade","og_url":"https:\/\/algarve7.pt\/index.php\/2024\/12\/manuel-aureliano-alves-e-o-vencedor-da-3a-edicao-do-premio-investigador-ualg\/saude\/10\/31\/","og_site_name":"Algarve 7","article_publisher":"https:\/\/www.facebook.com\/algarve7","article_author":"https:\/\/www.facebook.com\/algarve7","article_published_time":"2024-12-16T10:31:34+00:00","article_modified_time":"2024-12-16T10:31:36+00:00","og_image":[{"width":800,"height":500,"url":"https:\/\/algarve7.pt\/wp-content\/uploads\/2024\/12\/primage_77124.jpeg","type":"image\/jpeg"}],"author":"Algarve 7","twitter_card":"summary_large_image","twitter_creator":"@Algarvesete","twitter_site":"@Algarvesete","twitter_misc":{"Escrito por":"Algarve 7","Tempo estimado de leitura":"3 minutos"},"schema":{"@context":"https:\/\/schema.org","@graph":[{"@type":"Article","@id":"https:\/\/algarve7.pt\/index.php\/2024\/12\/manuel-aureliano-alves-e-o-vencedor-da-3a-edicao-do-premio-investigador-ualg\/saude\/10\/31\/#article","isPartOf":{"@id":"https:\/\/algarve7.pt\/index.php\/2024\/12\/manuel-aureliano-alves-e-o-vencedor-da-3a-edicao-do-premio-investigador-ualg\/saude\/10\/31\/"},"author":{"name":"Algarve 7","@id":"https:\/\/algarve7.pt\/#\/schema\/person\/23fa70681308e7b319a3204bcea45e0c"},"headline":"Manuel Aureliano Alves \u00e9 o vencedor da 3\u00aa edi\u00e7\u00e3o do &#8220;Pr\u00e9mio Investigador UAlg&#8221;","datePublished":"2024-12-16T10:31:34+00:00","dateModified":"2024-12-16T10:31:36+00:00","mainEntityOfPage":{"@id":"https:\/\/algarve7.pt\/index.php\/2024\/12\/manuel-aureliano-alves-e-o-vencedor-da-3a-edicao-do-premio-investigador-ualg\/saude\/10\/31\/"},"wordCount":543,"publisher":{"@id":"https:\/\/algarve7.pt\/#organization"},"image":{"@id":"https:\/\/algarve7.pt\/index.php\/2024\/12\/manuel-aureliano-alves-e-o-vencedor-da-3a-edicao-do-premio-investigador-ualg\/saude\/10\/31\/#primaryimage"},"thumbnailUrl":"https:\/\/algarve7.pt\/wp-content\/uploads\/2024\/12\/primage_77124.jpeg","keywords":["Algarve","Sa\u00fade","UALG"],"articleSection":["Sa\u00fade"],"inLanguage":"pt-PT"},{"@type":"WebPage","@id":"https:\/\/algarve7.pt\/index.php\/2024\/12\/manuel-aureliano-alves-e-o-vencedor-da-3a-edicao-do-premio-investigador-ualg\/saude\/10\/31\/","url":"https:\/\/algarve7.pt\/index.php\/2024\/12\/manuel-aureliano-alves-e-o-vencedor-da-3a-edicao-do-premio-investigador-ualg\/saude\/10\/31\/","name":"Manuel Aureliano Alves \u00e9 o vencedor da 3\u00aa edi\u00e7\u00e3o do \"Pr\u00e9mio Investigador UAlg\" - Algarve 7","isPartOf":{"@id":"https:\/\/algarve7.pt\/#website"},"primaryImageOfPage":{"@id":"https:\/\/algarve7.pt\/index.php\/2024\/12\/manuel-aureliano-alves-e-o-vencedor-da-3a-edicao-do-premio-investigador-ualg\/saude\/10\/31\/#primaryimage"},"image":{"@id":"https:\/\/algarve7.pt\/index.php\/2024\/12\/manuel-aureliano-alves-e-o-vencedor-da-3a-edicao-do-premio-investigador-ualg\/saude\/10\/31\/#primaryimage"},"thumbnailUrl":"https:\/\/algarve7.pt\/wp-content\/uploads\/2024\/12\/primage_77124.jpeg","datePublished":"2024-12-16T10:31:34+00:00","dateModified":"2024-12-16T10:31:36+00:00","description":"Manuel Aureliano Alves \u00e9 o vencedor da 3\u00aa edi\u00e7\u00e3o do \"Pr\u00e9mio Investigador UAlg\" Sa\u00fade","breadcrumb":{"@id":"https:\/\/algarve7.pt\/index.php\/2024\/12\/manuel-aureliano-alves-e-o-vencedor-da-3a-edicao-do-premio-investigador-ualg\/saude\/10\/31\/#breadcrumb"},"inLanguage":"pt-PT","potentialAction":[{"@type":"ReadAction","target":["https:\/\/algarve7.pt\/index.php\/2024\/12\/manuel-aureliano-alves-e-o-vencedor-da-3a-edicao-do-premio-investigador-ualg\/saude\/10\/31\/"]}]},{"@type":"ImageObject","inLanguage":"pt-PT","@id":"https:\/\/algarve7.pt\/index.php\/2024\/12\/manuel-aureliano-alves-e-o-vencedor-da-3a-edicao-do-premio-investigador-ualg\/saude\/10\/31\/#primaryimage","url":"https:\/\/algarve7.pt\/wp-content\/uploads\/2024\/12\/primage_77124.jpeg","contentUrl":"https:\/\/algarve7.pt\/wp-content\/uploads\/2024\/12\/primage_77124.jpeg","width":800,"height":500},{"@type":"BreadcrumbList","@id":"https:\/\/algarve7.pt\/index.php\/2024\/12\/manuel-aureliano-alves-e-o-vencedor-da-3a-edicao-do-premio-investigador-ualg\/saude\/10\/31\/#breadcrumb","itemListElement":[{"@type":"ListItem","position":1,"name":"In\u00edcio","item":"https:\/\/algarve7.pt\/"},{"@type":"ListItem","position":2,"name":"Manuel Aureliano Alves \u00e9 o vencedor da 3\u00aa edi\u00e7\u00e3o do &#8220;Pr\u00e9mio Investigador UAlg&#8221;"}]},{"@type":"WebSite","@id":"https:\/\/algarve7.pt\/#website","url":"https:\/\/algarve7.pt\/","name":"Algarve 7","description":"Informa\u00e7\u00e3o sobre o Algarve","publisher":{"@id":"https:\/\/algarve7.pt\/#organization"},"potentialAction":[{"@type":"SearchAction","target":{"@type":"EntryPoint","urlTemplate":"https:\/\/algarve7.pt\/?s={search_term_string}"},"query-input":{"@type":"PropertyValueSpecification","valueRequired":true,"valueName":"search_term_string"}}],"inLanguage":"pt-PT"},{"@type":"Organization","@id":"https:\/\/algarve7.pt\/#organization","name":"Algarve 7","url":"https:\/\/algarve7.pt\/","logo":{"@type":"ImageObject","inLanguage":"pt-PT","@id":"https:\/\/algarve7.pt\/#\/schema\/logo\/image\/","url":"https:\/\/algarve7.pt\/wp-content\/uploads\/2020\/10\/Logo-8.jpg","contentUrl":"https:\/\/algarve7.pt\/wp-content\/uploads\/2020\/10\/Logo-8.jpg","width":1680,"height":1186,"caption":"Algarve 7"},"image":{"@id":"https:\/\/algarve7.pt\/#\/schema\/logo\/image\/"},"sameAs":["https:\/\/www.facebook.com\/algarve7","https:\/\/x.com\/Algarvesete","https:\/\/www.instagram.com\/jornalalgarve7\/","https:\/\/www.linkedin.com\/company\/algarve7","https:\/\/www.pinterest.pt\/geral0939\/_created\/"]},{"@type":"Person","@id":"https:\/\/algarve7.pt\/#\/schema\/person\/23fa70681308e7b319a3204bcea45e0c","name":"Algarve 7","sameAs":["https:\/\/algarve7.pt","https:\/\/www.facebook.com\/algarve7"],"url":"https:\/\/algarve7.pt\/index.php\/author\/geralalgarve7-pt\/"}]}},"jetpack_publicize_connections":[],"jetpack_featured_media_url":"https:\/\/algarve7.pt\/wp-content\/uploads\/2024\/12\/primage_77124.jpeg","jetpack_shortlink":"https:\/\/wp.me\/pcezmW-bQf","jetpack_sharing_enabled":true,"_links":{"self":[{"href":"https:\/\/algarve7.pt\/index.php\/wp-json\/wp\/v2\/posts\/45523","targetHints":{"allow":["GET"]}}],"collection":[{"href":"https:\/\/algarve7.pt\/index.php\/wp-json\/wp\/v2\/posts"}],"about":[{"href":"https:\/\/algarve7.pt\/index.php\/wp-json\/wp\/v2\/types\/post"}],"author":[{"embeddable":true,"href":"https:\/\/algarve7.pt\/index.php\/wp-json\/wp\/v2\/users\/1"}],"replies":[{"embeddable":true,"href":"https:\/\/algarve7.pt\/index.php\/wp-json\/wp\/v2\/comments?post=45523"}],"version-history":[{"count":0,"href":"https:\/\/algarve7.pt\/index.php\/wp-json\/wp\/v2\/posts\/45523\/revisions"}],"wp:featuredmedia":[{"embeddable":true,"href":"https:\/\/algarve7.pt\/index.php\/wp-json\/wp\/v2\/media\/45524"}],"wp:attachment":[{"href":"https:\/\/algarve7.pt\/index.php\/wp-json\/wp\/v2\/media?parent=45523"}],"wp:term":[{"taxonomy":"category","embeddable":true,"href":"https:\/\/algarve7.pt\/index.php\/wp-json\/wp\/v2\/categories?post=45523"},{"taxonomy":"post_tag","embeddable":true,"href":"https:\/\/algarve7.pt\/index.php\/wp-json\/wp\/v2\/tags?post=45523"}],"curies":[{"name":"wp","href":"https:\/\/api.w.org\/{rel}","templated":true}]}}