{"id":45516,"date":"2024-12-15T13:27:11","date_gmt":"2024-12-15T13:27:11","guid":{"rendered":"https:\/\/algarve7.pt\/index.php\/2024\/12\/bombeiros-de-albufeira-tem-duas-novas-ambulancias-de-socorro\/atualidade\/13\/27\/"},"modified":"2024-12-15T13:27:11","modified_gmt":"2024-12-15T13:27:11","slug":"bombeiros-de-albufeira-tem-duas-novas-ambulancias-de-socorro","status":"publish","type":"post","link":"https:\/\/algarve7.pt\/index.php\/2024\/12\/bombeiros-de-albufeira-tem-duas-novas-ambulancias-de-socorro\/atualidade\/13\/27\/","title":{"rendered":"Bombeiros de Albufeira t\u00eam duas novas ambul\u00e2ncias de socorro"},"content":{"rendered":"\n<p>No dia 11 de dezembro realizou-se, no quartel dos Bombeiros de Albufeira, uma cerim\u00f3nia que englobou v\u00e1rios momentos, com a presen\u00e7a de elementos do quadro de comando, quadro ativo, quadro de honra, fanfarra e escolinha de bombeiros. O momento iniciou-se com a inaugura\u00e7\u00e3o e b\u00ean\u00e7\u00e3o do Pres\u00e9pio, pelo Padre Fl\u00e1vio Martins, com cerca de 60 metros quadrados e diversas figuras distribu\u00eddas por musgo, areia, pedras, cursos de \u00e1gua, al\u00e9m de constru\u00e7\u00f5es \u00e1rabes e europeias (feito \u00e0 m\u00e3o pelos Bombeiros), e que pode ser visitado todos os dias, das 9h \u00e0s 23h, at\u00e9 7 de janeiro de 2025.&nbsp;<\/p>\n\n\n\n<p>Seguiu-se a B\u00ean\u00e7\u00e3o de duas Ambul\u00e2ncia de Socorro, pelo P\u00e1roco Padre Fl\u00e1vio Martins, subsidiadas a 100 por cento pelo Munic\u00edpio de Albufeira, renovando assim a frota de meios de socorro do Corpo de Bombeiros de Albufeira. Ap\u00f3s a b\u00ean\u00e7\u00e3o, decorreram as promo\u00e7\u00f5es nas carreiras de oficial de bombeiro e de bombeiro volunt\u00e1rio. Foram promovidos a bombeiros de 3.\u00aa, 10 bombeiros estagi\u00e1rios, que ingressam agora na carreira de bombeiro volunt\u00e1rio. Estes novos elementos v\u00e3o garantir a continuidade de uma eficiente presta\u00e7\u00e3o de socorro da comunidade.&nbsp;<\/p>\n\n\n\n<p>Por \u00faltimo, destaca-se a passagem ao Quadro de Honra e respetiva entrega de medalhas ao Chefe V\u00edtor Gon\u00e7alves e ao Bombeiro de 3.\u00aa Isaurindo Guerreiro, com 43 e 35 anos respetivamente de servi\u00e7o no corpo ativo. Para a entrega das medalhas estiveram presentes o Presidente da C\u00e2mara Municipal de Albufeira, Jos\u00e9 Carlos Rolo, e o Comandante Sub-Regional de Emerg\u00eancia e Prote\u00e7\u00e3o Civil do Algarve, Richard Marques.&nbsp;<\/p>\n\n\n\n<p>As cerim\u00f3nias encerraram com o discurso do Comandante em Supl\u00eancia do Corpo de Bombeiros de Albufeira, Rui Fernandes, seguido do Presidente da Associa\u00e7\u00e3o Humanit\u00e1ria dos Bombeiros Volunt\u00e1rios de Albufeira, Paulo Afonso, do Comandante Sub-Regional de Emerg\u00eancia e Prote\u00e7\u00e3o Civil, em representa\u00e7\u00e3o da Autoridade Nacional de Prote\u00e7\u00e3o Civil, Richard Marque, e, por fim, do Presidente da C\u00e2mara Municipal de Albufeira, Jos\u00e9 Carlos Rolo. Para al\u00e9m destas individualidades, marcaram presen\u00e7a na cerim\u00f3nia os vereadores Cl\u00e1udia Guedelha, Ricardo Clemente, V\u00edtor Ferraz e Desid\u00e9rio Silva, os Presidentes de Junta de Freguesia de Albufeira e Olhos D\u2019\u00c1gua, Indaleta Cabrita, e da Junta de Freguesia da Guia, Dinis Nascimento, os \u00f3rg\u00e3os sociais da AHBVA, v\u00e1rios benem\u00e9ritos da Associa\u00e7\u00e3o de Bombeiros e dezenas de familiares de bombeiros e populares da comunidade de Albufeira.<\/p>\n","protected":false},"excerpt":{"rendered":"<p>No dia 11 de dezembro realizou-se, no quartel dos Bombeiros de Albufeira, uma cerim\u00f3nia que englobou v\u00e1rios momentos, com a<\/p>\n","protected":false},"author":1,"featured_media":45515,"comment_status":"","ping_status":"","sticky":false,"template":"","format":"standard","meta":{"colormag_page_container_layout":"default_layout","colormag_page_sidebar_layout":"default_layout","_monsterinsights_skip_tracking":false,"_monsterinsights_sitenote_active":false,"_monsterinsights_sitenote_note":"","_monsterinsights_sitenote_category":0,"jetpack_post_was_ever_published":false,"_jetpack_newsletter_access":"","_jetpack_dont_email_post_to_subs":false,"_jetpack_newsletter_tier_id":0,"_jetpack_memberships_contains_paywalled_content":false,"_jetpack_memberships_contains_paid_content":false,"footnotes":"","jetpack_publicize_message":"","jetpack_publicize_feature_enabled":true,"jetpack_social_post_already_shared":true,"jetpack_social_options":{"image_generator_settings":{"template":"highway","default_image_id":0,"font":"","enabled":false},"version":2}},"categories":[11],"tags":[155,36,62,104],"class_list":["post-45516","post","type-post","status-publish","format-standard","has-post-thumbnail","hentry","category-atualidade","tag-albufeira","tag-algarve","tag-atualidade","tag-bombeiros"],"yoast_head":"<!-- This site is optimized with the Yoast SEO plugin v27.5 - https:\/\/yoast.com\/product\/yoast-seo-wordpress\/ -->\n<title>Bombeiros de Albufeira t\u00eam duas novas ambul\u00e2ncias de socorro - Algarve 7<\/title>\n<meta name=\"description\" content=\"Bombeiros de Albufeira t\u00eam duas novas ambul\u00e2ncias de socorro\" \/>\n<meta name=\"robots\" content=\"index, follow, max-snippet:-1, max-image-preview:large, max-video-preview:-1\" \/>\n<link rel=\"canonical\" href=\"https:\/\/algarve7.pt\/index.php\/2024\/12\/bombeiros-de-albufeira-tem-duas-novas-ambulancias-de-socorro\/atualidade\/13\/27\/\" \/>\n<meta property=\"og:locale\" content=\"pt_PT\" \/>\n<meta property=\"og:type\" content=\"article\" \/>\n<meta property=\"og:title\" content=\"Bombeiros de Albufeira t\u00eam duas novas ambul\u00e2ncias de socorro - Algarve 7\" \/>\n<meta property=\"og:description\" content=\"Bombeiros de Albufeira t\u00eam duas novas ambul\u00e2ncias de socorro\" \/>\n<meta property=\"og:url\" content=\"https:\/\/algarve7.pt\/index.php\/2024\/12\/bombeiros-de-albufeira-tem-duas-novas-ambulancias-de-socorro\/atualidade\/13\/27\/\" \/>\n<meta property=\"og:site_name\" content=\"Algarve 7\" \/>\n<meta property=\"article:publisher\" content=\"https:\/\/www.facebook.com\/algarve7\" \/>\n<meta property=\"article:author\" content=\"https:\/\/www.facebook.com\/algarve7\" \/>\n<meta property=\"article:published_time\" content=\"2024-12-15T13:27:11+00:00\" \/>\n<meta property=\"og:image\" content=\"https:\/\/algarve7.pt\/wp-content\/uploads\/2020\/10\/Logo-8.jpg\" \/>\n\t<meta property=\"og:image:width\" content=\"1680\" \/>\n\t<meta property=\"og:image:height\" content=\"1186\" \/>\n\t<meta property=\"og:image:type\" content=\"image\/jpeg\" \/>\n<meta name=\"author\" content=\"Algarve 7\" \/>\n<meta name=\"twitter:card\" content=\"summary_large_image\" \/>\n<meta name=\"twitter:creator\" content=\"@Algarvesete\" \/>\n<meta name=\"twitter:site\" content=\"@Algarvesete\" \/>\n<meta name=\"twitter:label1\" content=\"Escrito por\" \/>\n\t<meta name=\"twitter:data1\" content=\"Algarve 7\" \/>\n\t<meta name=\"twitter:label2\" content=\"Tempo estimado de leitura\" \/>\n\t<meta name=\"twitter:data2\" content=\"2 minutos\" \/>\n<script type=\"application\/ld+json\" class=\"yoast-schema-graph\">{\"@context\":\"https:\\\/\\\/schema.org\",\"@graph\":[{\"@type\":\"Article\",\"@id\":\"https:\\\/\\\/algarve7.pt\\\/index.php\\\/2024\\\/12\\\/bombeiros-de-albufeira-tem-duas-novas-ambulancias-de-socorro\\\/atualidade\\\/13\\\/27\\\/#article\",\"isPartOf\":{\"@id\":\"https:\\\/\\\/algarve7.pt\\\/index.php\\\/2024\\\/12\\\/bombeiros-de-albufeira-tem-duas-novas-ambulancias-de-socorro\\\/atualidade\\\/13\\\/27\\\/\"},\"author\":{\"name\":\"Algarve 7\",\"@id\":\"https:\\\/\\\/algarve7.pt\\\/#\\\/schema\\\/person\\\/23fa70681308e7b319a3204bcea45e0c\"},\"headline\":\"Bombeiros de Albufeira t\u00eam duas novas ambul\u00e2ncias de socorro\",\"datePublished\":\"2024-12-15T13:27:11+00:00\",\"mainEntityOfPage\":{\"@id\":\"https:\\\/\\\/algarve7.pt\\\/index.php\\\/2024\\\/12\\\/bombeiros-de-albufeira-tem-duas-novas-ambulancias-de-socorro\\\/atualidade\\\/13\\\/27\\\/\"},\"wordCount\":430,\"publisher\":{\"@id\":\"https:\\\/\\\/algarve7.pt\\\/#organization\"},\"image\":{\"@id\":\"https:\\\/\\\/algarve7.pt\\\/index.php\\\/2024\\\/12\\\/bombeiros-de-albufeira-tem-duas-novas-ambulancias-de-socorro\\\/atualidade\\\/13\\\/27\\\/#primaryimage\"},\"thumbnailUrl\":\"https:\\\/\\\/algarve7.pt\\\/wp-content\\\/uploads\\\/2024\\\/12\\\/img_1675-1.jpg\",\"keywords\":[\"Albufeira\",\"Algarve\",\"Atualidade\",\"Bombeiros\"],\"articleSection\":[\"Atualidade\"],\"inLanguage\":\"pt-PT\"},{\"@type\":\"WebPage\",\"@id\":\"https:\\\/\\\/algarve7.pt\\\/index.php\\\/2024\\\/12\\\/bombeiros-de-albufeira-tem-duas-novas-ambulancias-de-socorro\\\/atualidade\\\/13\\\/27\\\/\",\"url\":\"https:\\\/\\\/algarve7.pt\\\/index.php\\\/2024\\\/12\\\/bombeiros-de-albufeira-tem-duas-novas-ambulancias-de-socorro\\\/atualidade\\\/13\\\/27\\\/\",\"name\":\"Bombeiros de Albufeira t\u00eam duas novas ambul\u00e2ncias de socorro - Algarve 7\",\"isPartOf\":{\"@id\":\"https:\\\/\\\/algarve7.pt\\\/#website\"},\"primaryImageOfPage\":{\"@id\":\"https:\\\/\\\/algarve7.pt\\\/index.php\\\/2024\\\/12\\\/bombeiros-de-albufeira-tem-duas-novas-ambulancias-de-socorro\\\/atualidade\\\/13\\\/27\\\/#primaryimage\"},\"image\":{\"@id\":\"https:\\\/\\\/algarve7.pt\\\/index.php\\\/2024\\\/12\\\/bombeiros-de-albufeira-tem-duas-novas-ambulancias-de-socorro\\\/atualidade\\\/13\\\/27\\\/#primaryimage\"},\"thumbnailUrl\":\"https:\\\/\\\/algarve7.pt\\\/wp-content\\\/uploads\\\/2024\\\/12\\\/img_1675-1.jpg\",\"datePublished\":\"2024-12-15T13:27:11+00:00\",\"description\":\"Bombeiros de Albufeira t\u00eam duas novas ambul\u00e2ncias de socorro\",\"breadcrumb\":{\"@id\":\"https:\\\/\\\/algarve7.pt\\\/index.php\\\/2024\\\/12\\\/bombeiros-de-albufeira-tem-duas-novas-ambulancias-de-socorro\\\/atualidade\\\/13\\\/27\\\/#breadcrumb\"},\"inLanguage\":\"pt-PT\",\"potentialAction\":[{\"@type\":\"ReadAction\",\"target\":[\"https:\\\/\\\/algarve7.pt\\\/index.php\\\/2024\\\/12\\\/bombeiros-de-albufeira-tem-duas-novas-ambulancias-de-socorro\\\/atualidade\\\/13\\\/27\\\/\"]}]},{\"@type\":\"ImageObject\",\"inLanguage\":\"pt-PT\",\"@id\":\"https:\\\/\\\/algarve7.pt\\\/index.php\\\/2024\\\/12\\\/bombeiros-de-albufeira-tem-duas-novas-ambulancias-de-socorro\\\/atualidade\\\/13\\\/27\\\/#primaryimage\",\"url\":\"https:\\\/\\\/algarve7.pt\\\/wp-content\\\/uploads\\\/2024\\\/12\\\/img_1675-1.jpg\",\"contentUrl\":\"https:\\\/\\\/algarve7.pt\\\/wp-content\\\/uploads\\\/2024\\\/12\\\/img_1675-1.jpg\",\"width\":1600,\"height\":1066},{\"@type\":\"BreadcrumbList\",\"@id\":\"https:\\\/\\\/algarve7.pt\\\/index.php\\\/2024\\\/12\\\/bombeiros-de-albufeira-tem-duas-novas-ambulancias-de-socorro\\\/atualidade\\\/13\\\/27\\\/#breadcrumb\",\"itemListElement\":[{\"@type\":\"ListItem\",\"position\":1,\"name\":\"In\u00edcio\",\"item\":\"https:\\\/\\\/algarve7.pt\\\/\"},{\"@type\":\"ListItem\",\"position\":2,\"name\":\"Bombeiros de Albufeira t\u00eam duas novas ambul\u00e2ncias de socorro\"}]},{\"@type\":\"WebSite\",\"@id\":\"https:\\\/\\\/algarve7.pt\\\/#website\",\"url\":\"https:\\\/\\\/algarve7.pt\\\/\",\"name\":\"Algarve 7\",\"description\":\"Informa\u00e7\u00e3o sobre o Algarve\",\"publisher\":{\"@id\":\"https:\\\/\\\/algarve7.pt\\\/#organization\"},\"potentialAction\":[{\"@type\":\"SearchAction\",\"target\":{\"@type\":\"EntryPoint\",\"urlTemplate\":\"https:\\\/\\\/algarve7.pt\\\/?s={search_term_string}\"},\"query-input\":{\"@type\":\"PropertyValueSpecification\",\"valueRequired\":true,\"valueName\":\"search_term_string\"}}],\"inLanguage\":\"pt-PT\"},{\"@type\":\"Organization\",\"@id\":\"https:\\\/\\\/algarve7.pt\\\/#organization\",\"name\":\"Algarve 7\",\"url\":\"https:\\\/\\\/algarve7.pt\\\/\",\"logo\":{\"@type\":\"ImageObject\",\"inLanguage\":\"pt-PT\",\"@id\":\"https:\\\/\\\/algarve7.pt\\\/#\\\/schema\\\/logo\\\/image\\\/\",\"url\":\"https:\\\/\\\/algarve7.pt\\\/wp-content\\\/uploads\\\/2020\\\/10\\\/Logo-8.jpg\",\"contentUrl\":\"https:\\\/\\\/algarve7.pt\\\/wp-content\\\/uploads\\\/2020\\\/10\\\/Logo-8.jpg\",\"width\":1680,\"height\":1186,\"caption\":\"Algarve 7\"},\"image\":{\"@id\":\"https:\\\/\\\/algarve7.pt\\\/#\\\/schema\\\/logo\\\/image\\\/\"},\"sameAs\":[\"https:\\\/\\\/www.facebook.com\\\/algarve7\",\"https:\\\/\\\/x.com\\\/Algarvesete\",\"https:\\\/\\\/www.instagram.com\\\/jornalalgarve7\\\/\",\"https:\\\/\\\/www.linkedin.com\\\/company\\\/algarve7\",\"https:\\\/\\\/www.pinterest.pt\\\/geral0939\\\/_created\\\/\"]},{\"@type\":\"Person\",\"@id\":\"https:\\\/\\\/algarve7.pt\\\/#\\\/schema\\\/person\\\/23fa70681308e7b319a3204bcea45e0c\",\"name\":\"Algarve 7\",\"sameAs\":[\"https:\\\/\\\/algarve7.pt\",\"https:\\\/\\\/www.facebook.com\\\/algarve7\"],\"url\":\"https:\\\/\\\/algarve7.pt\\\/index.php\\\/author\\\/geralalgarve7-pt\\\/\"}]}<\/script>\n<!-- \/ Yoast SEO plugin. -->","yoast_head_json":{"title":"Bombeiros de Albufeira t\u00eam duas novas ambul\u00e2ncias de socorro - Algarve 7","description":"Bombeiros de Albufeira t\u00eam duas novas ambul\u00e2ncias de socorro","robots":{"index":"index","follow":"follow","max-snippet":"max-snippet:-1","max-image-preview":"max-image-preview:large","max-video-preview":"max-video-preview:-1"},"canonical":"https:\/\/algarve7.pt\/index.php\/2024\/12\/bombeiros-de-albufeira-tem-duas-novas-ambulancias-de-socorro\/atualidade\/13\/27\/","og_locale":"pt_PT","og_type":"article","og_title":"Bombeiros de Albufeira t\u00eam duas novas ambul\u00e2ncias de socorro - Algarve 7","og_description":"Bombeiros de Albufeira t\u00eam duas novas ambul\u00e2ncias de socorro","og_url":"https:\/\/algarve7.pt\/index.php\/2024\/12\/bombeiros-de-albufeira-tem-duas-novas-ambulancias-de-socorro\/atualidade\/13\/27\/","og_site_name":"Algarve 7","article_publisher":"https:\/\/www.facebook.com\/algarve7","article_author":"https:\/\/www.facebook.com\/algarve7","article_published_time":"2024-12-15T13:27:11+00:00","og_image":[{"width":1680,"height":1186,"url":"https:\/\/algarve7.pt\/wp-content\/uploads\/2020\/10\/Logo-8.jpg","type":"image\/jpeg"}],"author":"Algarve 7","twitter_card":"summary_large_image","twitter_creator":"@Algarvesete","twitter_site":"@Algarvesete","twitter_misc":{"Escrito por":"Algarve 7","Tempo estimado de leitura":"2 minutos"},"schema":{"@context":"https:\/\/schema.org","@graph":[{"@type":"Article","@id":"https:\/\/algarve7.pt\/index.php\/2024\/12\/bombeiros-de-albufeira-tem-duas-novas-ambulancias-de-socorro\/atualidade\/13\/27\/#article","isPartOf":{"@id":"https:\/\/algarve7.pt\/index.php\/2024\/12\/bombeiros-de-albufeira-tem-duas-novas-ambulancias-de-socorro\/atualidade\/13\/27\/"},"author":{"name":"Algarve 7","@id":"https:\/\/algarve7.pt\/#\/schema\/person\/23fa70681308e7b319a3204bcea45e0c"},"headline":"Bombeiros de Albufeira t\u00eam duas novas ambul\u00e2ncias de socorro","datePublished":"2024-12-15T13:27:11+00:00","mainEntityOfPage":{"@id":"https:\/\/algarve7.pt\/index.php\/2024\/12\/bombeiros-de-albufeira-tem-duas-novas-ambulancias-de-socorro\/atualidade\/13\/27\/"},"wordCount":430,"publisher":{"@id":"https:\/\/algarve7.pt\/#organization"},"image":{"@id":"https:\/\/algarve7.pt\/index.php\/2024\/12\/bombeiros-de-albufeira-tem-duas-novas-ambulancias-de-socorro\/atualidade\/13\/27\/#primaryimage"},"thumbnailUrl":"https:\/\/algarve7.pt\/wp-content\/uploads\/2024\/12\/img_1675-1.jpg","keywords":["Albufeira","Algarve","Atualidade","Bombeiros"],"articleSection":["Atualidade"],"inLanguage":"pt-PT"},{"@type":"WebPage","@id":"https:\/\/algarve7.pt\/index.php\/2024\/12\/bombeiros-de-albufeira-tem-duas-novas-ambulancias-de-socorro\/atualidade\/13\/27\/","url":"https:\/\/algarve7.pt\/index.php\/2024\/12\/bombeiros-de-albufeira-tem-duas-novas-ambulancias-de-socorro\/atualidade\/13\/27\/","name":"Bombeiros de Albufeira t\u00eam duas novas ambul\u00e2ncias de socorro - Algarve 7","isPartOf":{"@id":"https:\/\/algarve7.pt\/#website"},"primaryImageOfPage":{"@id":"https:\/\/algarve7.pt\/index.php\/2024\/12\/bombeiros-de-albufeira-tem-duas-novas-ambulancias-de-socorro\/atualidade\/13\/27\/#primaryimage"},"image":{"@id":"https:\/\/algarve7.pt\/index.php\/2024\/12\/bombeiros-de-albufeira-tem-duas-novas-ambulancias-de-socorro\/atualidade\/13\/27\/#primaryimage"},"thumbnailUrl":"https:\/\/algarve7.pt\/wp-content\/uploads\/2024\/12\/img_1675-1.jpg","datePublished":"2024-12-15T13:27:11+00:00","description":"Bombeiros de Albufeira t\u00eam duas novas ambul\u00e2ncias de socorro","breadcrumb":{"@id":"https:\/\/algarve7.pt\/index.php\/2024\/12\/bombeiros-de-albufeira-tem-duas-novas-ambulancias-de-socorro\/atualidade\/13\/27\/#breadcrumb"},"inLanguage":"pt-PT","potentialAction":[{"@type":"ReadAction","target":["https:\/\/algarve7.pt\/index.php\/2024\/12\/bombeiros-de-albufeira-tem-duas-novas-ambulancias-de-socorro\/atualidade\/13\/27\/"]}]},{"@type":"ImageObject","inLanguage":"pt-PT","@id":"https:\/\/algarve7.pt\/index.php\/2024\/12\/bombeiros-de-albufeira-tem-duas-novas-ambulancias-de-socorro\/atualidade\/13\/27\/#primaryimage","url":"https:\/\/algarve7.pt\/wp-content\/uploads\/2024\/12\/img_1675-1.jpg","contentUrl":"https:\/\/algarve7.pt\/wp-content\/uploads\/2024\/12\/img_1675-1.jpg","width":1600,"height":1066},{"@type":"BreadcrumbList","@id":"https:\/\/algarve7.pt\/index.php\/2024\/12\/bombeiros-de-albufeira-tem-duas-novas-ambulancias-de-socorro\/atualidade\/13\/27\/#breadcrumb","itemListElement":[{"@type":"ListItem","position":1,"name":"In\u00edcio","item":"https:\/\/algarve7.pt\/"},{"@type":"ListItem","position":2,"name":"Bombeiros de Albufeira t\u00eam duas novas ambul\u00e2ncias de socorro"}]},{"@type":"WebSite","@id":"https:\/\/algarve7.pt\/#website","url":"https:\/\/algarve7.pt\/","name":"Algarve 7","description":"Informa\u00e7\u00e3o sobre o Algarve","publisher":{"@id":"https:\/\/algarve7.pt\/#organization"},"potentialAction":[{"@type":"SearchAction","target":{"@type":"EntryPoint","urlTemplate":"https:\/\/algarve7.pt\/?s={search_term_string}"},"query-input":{"@type":"PropertyValueSpecification","valueRequired":true,"valueName":"search_term_string"}}],"inLanguage":"pt-PT"},{"@type":"Organization","@id":"https:\/\/algarve7.pt\/#organization","name":"Algarve 7","url":"https:\/\/algarve7.pt\/","logo":{"@type":"ImageObject","inLanguage":"pt-PT","@id":"https:\/\/algarve7.pt\/#\/schema\/logo\/image\/","url":"https:\/\/algarve7.pt\/wp-content\/uploads\/2020\/10\/Logo-8.jpg","contentUrl":"https:\/\/algarve7.pt\/wp-content\/uploads\/2020\/10\/Logo-8.jpg","width":1680,"height":1186,"caption":"Algarve 7"},"image":{"@id":"https:\/\/algarve7.pt\/#\/schema\/logo\/image\/"},"sameAs":["https:\/\/www.facebook.com\/algarve7","https:\/\/x.com\/Algarvesete","https:\/\/www.instagram.com\/jornalalgarve7\/","https:\/\/www.linkedin.com\/company\/algarve7","https:\/\/www.pinterest.pt\/geral0939\/_created\/"]},{"@type":"Person","@id":"https:\/\/algarve7.pt\/#\/schema\/person\/23fa70681308e7b319a3204bcea45e0c","name":"Algarve 7","sameAs":["https:\/\/algarve7.pt","https:\/\/www.facebook.com\/algarve7"],"url":"https:\/\/algarve7.pt\/index.php\/author\/geralalgarve7-pt\/"}]}},"jetpack_publicize_connections":[],"jetpack_featured_media_url":"https:\/\/algarve7.pt\/wp-content\/uploads\/2024\/12\/img_1675-1.jpg","jetpack_shortlink":"https:\/\/wp.me\/pcezmW-bQ8","jetpack_sharing_enabled":true,"_links":{"self":[{"href":"https:\/\/algarve7.pt\/index.php\/wp-json\/wp\/v2\/posts\/45516","targetHints":{"allow":["GET"]}}],"collection":[{"href":"https:\/\/algarve7.pt\/index.php\/wp-json\/wp\/v2\/posts"}],"about":[{"href":"https:\/\/algarve7.pt\/index.php\/wp-json\/wp\/v2\/types\/post"}],"author":[{"embeddable":true,"href":"https:\/\/algarve7.pt\/index.php\/wp-json\/wp\/v2\/users\/1"}],"replies":[{"embeddable":true,"href":"https:\/\/algarve7.pt\/index.php\/wp-json\/wp\/v2\/comments?post=45516"}],"version-history":[{"count":0,"href":"https:\/\/algarve7.pt\/index.php\/wp-json\/wp\/v2\/posts\/45516\/revisions"}],"wp:featuredmedia":[{"embeddable":true,"href":"https:\/\/algarve7.pt\/index.php\/wp-json\/wp\/v2\/media\/45515"}],"wp:attachment":[{"href":"https:\/\/algarve7.pt\/index.php\/wp-json\/wp\/v2\/media?parent=45516"}],"wp:term":[{"taxonomy":"category","embeddable":true,"href":"https:\/\/algarve7.pt\/index.php\/wp-json\/wp\/v2\/categories?post=45516"},{"taxonomy":"post_tag","embeddable":true,"href":"https:\/\/algarve7.pt\/index.php\/wp-json\/wp\/v2\/tags?post=45516"}],"curies":[{"name":"wp","href":"https:\/\/api.w.org\/{rel}","templated":true}]}}