{"id":45463,"date":"2024-12-12T21:58:14","date_gmt":"2024-12-12T21:58:14","guid":{"rendered":"https:\/\/algarve7.pt\/index.php\/2024\/12\/florestas-miyawaki-nas-escolas-do-concelho-de-loule-ja-estao-a-dar-frutos\/atualidade\/21\/58\/"},"modified":"2024-12-12T21:58:14","modified_gmt":"2024-12-12T21:58:14","slug":"florestas-miyawaki-nas-escolas-do-concelho-de-loule-ja-estao-a-dar-frutos","status":"publish","type":"post","link":"https:\/\/algarve7.pt\/index.php\/2024\/12\/florestas-miyawaki-nas-escolas-do-concelho-de-loule-ja-estao-a-dar-frutos\/atualidade\/21\/58\/","title":{"rendered":"Florestas Miyawaki nas escolas do concelho de Loul\u00e9 j\u00e1 est\u00e3o a dar frutos"},"content":{"rendered":"\n<p>As miniflorestas (com base no m\u00e9todo Miyawaki) que foram criadas na Escola EB Dr. Ant\u00f3nio de Sousa Agostinho (Agrupamento de Escolas de Almancil) e na Escola Secund\u00e1ria de Loul\u00e9, respetivamente nos dias 13 e 17 de maio, no \u00e2mbito da \u00abSemana do Clima 2024\u00bb promovida pelo Munic\u00edpio de Loul\u00e9, j\u00e1 est\u00e3o a dar frutos. S\u00e3o frutos como morangos, medronho e azeitonas, mas tamb\u00e9m frutos no seio da comunidade escolar que se materializam na ades\u00e3o de professores, alunos e outros parceiros deste projeto.&nbsp;<\/p>\n\n\n\n<p>Ap\u00f3s a planta\u00e7\u00e3o, e para que o solo e as plantas tenham as condi\u00e7\u00f5es adequadas ao seu desenvolvimento, \u00e9 essencial regar, podar e mondar as miniflorestas, especialmente durante os primeiros dois a tr\u00eas anos. Para potenciar a biodiversidade em termos de fauna, poder\u00e3o tamb\u00e9m instalar-se abrigos\/hot\u00e9is para aves, r\u00e9pteis e insetos. Em ambas as escolas, e com particular empenho no passado m\u00eas de novembro, a comunidade escolar tem-se dedicado \u00e0 recolha do lixo e \u00e0 monda\/remo\u00e7\u00e3o das plantas indesej\u00e1veis (como jun\u00e7a, escalracho, malva, m\u00e9lia e cardo), para evitar que se comecem a apoderar da \u00e1rea que foi plantada com esp\u00e9cies aut\u00f3ctones. Na EB Dr. Ant\u00f3nio de Sousa Agostinho, a realiza\u00e7\u00e3o destas tarefas contou tamb\u00e9m com a preciosa colabora\u00e7\u00e3o de sete volunt\u00e1rios inscritos no Banco Local de Voluntariado de Loul\u00e9 e de dois volunt\u00e1rios (1 utente e 1 animadora social) da ASCA \u2013 Associa\u00e7\u00e3o Social e Cultural de Almancil, aos quais foi feita uma breve apresenta\u00e7\u00e3o do projeto e atribu\u00eddo um Certificado de Participa\u00e7\u00e3o.&nbsp;<\/p>\n\n\n\n<p>O Banco Local de Voluntariado foi criado em fevereiro de 2010, aquando da assinatura de um protocolo entre o Munic\u00edpio e o Conselho Nacional para a Promo\u00e7\u00e3o do Voluntariado, e surge como um espa\u00e7o din\u00e2mico que, para al\u00e9m de difundir informa\u00e7\u00e3o e proporcionar forma\u00e7\u00e3o, possibilita uma articula\u00e7\u00e3o cont\u00ednua e atualizada entre a necessidade de trabalho volunt\u00e1rio e a vontade de exercer voluntariado. Qualquer cidad\u00e3o que acredite que pode fazer a diferen\u00e7a pode inscrever-se no Banco Local de Voluntariado atrav\u00e9s do link&nbsp;<a href=\"https:\/\/forms.gle\/gSS7KCpxbkH6p2e8A\">https:\/\/forms.gle\/gSS7KCpxbkH6p2e8A<\/a>.&nbsp;<\/p>\n\n\n\n<p>Em ambas as escolas, os alunos encontram-se a elaborar um log\u00f3tipo para a sua minifloresta, com vista a integr\u00e1-lo no painel informativo sobre a mesma, que o Munic\u00edpio de Loul\u00e9 se prop\u00f5e produzir e instalar em cada local. O projeto \u00abMiniflorestas nas escolas do concelho de Loul\u00e9 (m\u00e9todo Miyawaki)\u00bb surgiu da inten\u00e7\u00e3o do Munic\u00edpio em, aplicando os princ\u00edpios de refloresta\u00e7\u00e3o e restauro de terras degradadas desenvolvidos pelo bot\u00e2nico japon\u00eas Akira Miyawaki, promover a cria\u00e7\u00e3o de pequenas florestas de crescimento r\u00e1pido em cada agrupamento escolar, com o maior envolvimento poss\u00edvel da comunidade, visando trazer para o meio urbano os benef\u00edcios associados \u00e0s florestas (sequestro CO2 atmosf\u00e9rico; redu\u00e7\u00e3o da polui\u00e7\u00e3o qu\u00edmica e sonora; ameniza\u00e7\u00e3o t\u00e9rmica; melhoria da sa\u00fade humana; promo\u00e7\u00e3o da biodiversidade), e contribuir diretamente para v\u00e1rios Objetivos de Desenvolvimento Sustent\u00e1vel das Na\u00e7\u00f5es Unidas (com destaque para os ODS 4 \u2013 Educa\u00e7\u00e3o de qualidade, ODS 11 \u2013 Cidades e comunidades sustent\u00e1veis, ODS 13 \u2013 A\u00e7\u00e3o clim\u00e1tica, ODS 15 \u2013 Proteger a vida terrestre, e ODS 17 \u2013 Parcerias para o desenvolvimento sustent\u00e1vel).<\/p>\n","protected":false},"excerpt":{"rendered":"<p>As miniflorestas (com base no m\u00e9todo Miyawaki) que foram criadas na Escola EB Dr. Ant\u00f3nio de Sousa Agostinho (Agrupamento de<\/p>\n","protected":false},"author":1,"featured_media":45462,"comment_status":"","ping_status":"","sticky":false,"template":"","format":"standard","meta":{"colormag_page_container_layout":"default_layout","colormag_page_sidebar_layout":"default_layout","_monsterinsights_skip_tracking":false,"_monsterinsights_sitenote_active":false,"_monsterinsights_sitenote_note":"","_monsterinsights_sitenote_category":0,"jetpack_post_was_ever_published":false,"_jetpack_newsletter_access":"","_jetpack_dont_email_post_to_subs":false,"_jetpack_newsletter_tier_id":0,"_jetpack_memberships_contains_paywalled_content":false,"_jetpack_memberships_contains_paid_content":false,"footnotes":"","jetpack_publicize_message":"","jetpack_publicize_feature_enabled":true,"jetpack_social_post_already_shared":true,"jetpack_social_options":{"image_generator_settings":{"template":"highway","default_image_id":0,"font":"","enabled":false},"version":2}},"categories":[11],"tags":[36,32,31],"class_list":["post-45463","post","type-post","status-publish","format-standard","has-post-thumbnail","hentry","category-atualidade","tag-algarve","tag-ambiente","tag-loule"],"yoast_head":"<!-- This site is optimized with the Yoast SEO plugin v27.5 - https:\/\/yoast.com\/product\/yoast-seo-wordpress\/ -->\n<title>Florestas Miyawaki nas escolas do concelho de Loul\u00e9 j\u00e1 est\u00e3o a dar frutos - Algarve 7<\/title>\n<meta name=\"description\" content=\"Florestas Miyawaki nas escolas do concelho de Loul\u00e9 j\u00e1 est\u00e3o a dar frutos\" \/>\n<meta name=\"robots\" content=\"index, follow, max-snippet:-1, max-image-preview:large, max-video-preview:-1\" \/>\n<link rel=\"canonical\" href=\"https:\/\/algarve7.pt\/index.php\/2024\/12\/florestas-miyawaki-nas-escolas-do-concelho-de-loule-ja-estao-a-dar-frutos\/atualidade\/21\/58\/\" \/>\n<meta property=\"og:locale\" content=\"pt_PT\" \/>\n<meta property=\"og:type\" content=\"article\" \/>\n<meta property=\"og:title\" content=\"Florestas Miyawaki nas escolas do concelho de Loul\u00e9 j\u00e1 est\u00e3o a dar frutos - Algarve 7\" \/>\n<meta property=\"og:description\" content=\"Florestas Miyawaki nas escolas do concelho de Loul\u00e9 j\u00e1 est\u00e3o a dar frutos\" \/>\n<meta property=\"og:url\" content=\"https:\/\/algarve7.pt\/index.php\/2024\/12\/florestas-miyawaki-nas-escolas-do-concelho-de-loule-ja-estao-a-dar-frutos\/atualidade\/21\/58\/\" \/>\n<meta property=\"og:site_name\" content=\"Algarve 7\" \/>\n<meta property=\"article:publisher\" content=\"https:\/\/www.facebook.com\/algarve7\" \/>\n<meta property=\"article:author\" content=\"https:\/\/www.facebook.com\/algarve7\" \/>\n<meta property=\"article:published_time\" content=\"2024-12-12T21:58:14+00:00\" \/>\n<meta property=\"og:image\" content=\"https:\/\/algarve7.pt\/wp-content\/uploads\/2020\/10\/Logo-8.jpg\" \/>\n\t<meta property=\"og:image:width\" content=\"1680\" \/>\n\t<meta property=\"og:image:height\" content=\"1186\" \/>\n\t<meta property=\"og:image:type\" content=\"image\/jpeg\" \/>\n<meta name=\"author\" content=\"Algarve 7\" \/>\n<meta name=\"twitter:card\" content=\"summary_large_image\" \/>\n<meta name=\"twitter:creator\" content=\"@Algarvesete\" \/>\n<meta name=\"twitter:site\" content=\"@Algarvesete\" \/>\n<meta name=\"twitter:label1\" content=\"Escrito por\" \/>\n\t<meta name=\"twitter:data1\" content=\"Algarve 7\" \/>\n\t<meta name=\"twitter:label2\" content=\"Tempo estimado de leitura\" \/>\n\t<meta name=\"twitter:data2\" content=\"3 minutos\" \/>\n<script type=\"application\/ld+json\" class=\"yoast-schema-graph\">{\"@context\":\"https:\\\/\\\/schema.org\",\"@graph\":[{\"@type\":\"Article\",\"@id\":\"https:\\\/\\\/algarve7.pt\\\/index.php\\\/2024\\\/12\\\/florestas-miyawaki-nas-escolas-do-concelho-de-loule-ja-estao-a-dar-frutos\\\/atualidade\\\/21\\\/58\\\/#article\",\"isPartOf\":{\"@id\":\"https:\\\/\\\/algarve7.pt\\\/index.php\\\/2024\\\/12\\\/florestas-miyawaki-nas-escolas-do-concelho-de-loule-ja-estao-a-dar-frutos\\\/atualidade\\\/21\\\/58\\\/\"},\"author\":{\"name\":\"Algarve 7\",\"@id\":\"https:\\\/\\\/algarve7.pt\\\/#\\\/schema\\\/person\\\/23fa70681308e7b319a3204bcea45e0c\"},\"headline\":\"Florestas Miyawaki nas escolas do concelho de Loul\u00e9 j\u00e1 est\u00e3o a dar frutos\",\"datePublished\":\"2024-12-12T21:58:14+00:00\",\"mainEntityOfPage\":{\"@id\":\"https:\\\/\\\/algarve7.pt\\\/index.php\\\/2024\\\/12\\\/florestas-miyawaki-nas-escolas-do-concelho-de-loule-ja-estao-a-dar-frutos\\\/atualidade\\\/21\\\/58\\\/\"},\"wordCount\":581,\"publisher\":{\"@id\":\"https:\\\/\\\/algarve7.pt\\\/#organization\"},\"image\":{\"@id\":\"https:\\\/\\\/algarve7.pt\\\/index.php\\\/2024\\\/12\\\/florestas-miyawaki-nas-escolas-do-concelho-de-loule-ja-estao-a-dar-frutos\\\/atualidade\\\/21\\\/58\\\/#primaryimage\"},\"thumbnailUrl\":\"https:\\\/\\\/algarve7.pt\\\/wp-content\\\/uploads\\\/2024\\\/12\\\/img_1553-1.jpg\",\"keywords\":[\"Algarve\",\"Ambiente\",\"Loul\u00e9\"],\"articleSection\":[\"Atualidade\"],\"inLanguage\":\"pt-PT\"},{\"@type\":\"WebPage\",\"@id\":\"https:\\\/\\\/algarve7.pt\\\/index.php\\\/2024\\\/12\\\/florestas-miyawaki-nas-escolas-do-concelho-de-loule-ja-estao-a-dar-frutos\\\/atualidade\\\/21\\\/58\\\/\",\"url\":\"https:\\\/\\\/algarve7.pt\\\/index.php\\\/2024\\\/12\\\/florestas-miyawaki-nas-escolas-do-concelho-de-loule-ja-estao-a-dar-frutos\\\/atualidade\\\/21\\\/58\\\/\",\"name\":\"Florestas Miyawaki nas escolas do concelho de Loul\u00e9 j\u00e1 est\u00e3o a dar frutos - Algarve 7\",\"isPartOf\":{\"@id\":\"https:\\\/\\\/algarve7.pt\\\/#website\"},\"primaryImageOfPage\":{\"@id\":\"https:\\\/\\\/algarve7.pt\\\/index.php\\\/2024\\\/12\\\/florestas-miyawaki-nas-escolas-do-concelho-de-loule-ja-estao-a-dar-frutos\\\/atualidade\\\/21\\\/58\\\/#primaryimage\"},\"image\":{\"@id\":\"https:\\\/\\\/algarve7.pt\\\/index.php\\\/2024\\\/12\\\/florestas-miyawaki-nas-escolas-do-concelho-de-loule-ja-estao-a-dar-frutos\\\/atualidade\\\/21\\\/58\\\/#primaryimage\"},\"thumbnailUrl\":\"https:\\\/\\\/algarve7.pt\\\/wp-content\\\/uploads\\\/2024\\\/12\\\/img_1553-1.jpg\",\"datePublished\":\"2024-12-12T21:58:14+00:00\",\"description\":\"Florestas Miyawaki nas escolas do concelho de Loul\u00e9 j\u00e1 est\u00e3o a dar frutos\",\"breadcrumb\":{\"@id\":\"https:\\\/\\\/algarve7.pt\\\/index.php\\\/2024\\\/12\\\/florestas-miyawaki-nas-escolas-do-concelho-de-loule-ja-estao-a-dar-frutos\\\/atualidade\\\/21\\\/58\\\/#breadcrumb\"},\"inLanguage\":\"pt-PT\",\"potentialAction\":[{\"@type\":\"ReadAction\",\"target\":[\"https:\\\/\\\/algarve7.pt\\\/index.php\\\/2024\\\/12\\\/florestas-miyawaki-nas-escolas-do-concelho-de-loule-ja-estao-a-dar-frutos\\\/atualidade\\\/21\\\/58\\\/\"]}]},{\"@type\":\"ImageObject\",\"inLanguage\":\"pt-PT\",\"@id\":\"https:\\\/\\\/algarve7.pt\\\/index.php\\\/2024\\\/12\\\/florestas-miyawaki-nas-escolas-do-concelho-de-loule-ja-estao-a-dar-frutos\\\/atualidade\\\/21\\\/58\\\/#primaryimage\",\"url\":\"https:\\\/\\\/algarve7.pt\\\/wp-content\\\/uploads\\\/2024\\\/12\\\/img_1553-1.jpg\",\"contentUrl\":\"https:\\\/\\\/algarve7.pt\\\/wp-content\\\/uploads\\\/2024\\\/12\\\/img_1553-1.jpg\",\"width\":2000,\"height\":1737,\"caption\":\"smart\"},{\"@type\":\"BreadcrumbList\",\"@id\":\"https:\\\/\\\/algarve7.pt\\\/index.php\\\/2024\\\/12\\\/florestas-miyawaki-nas-escolas-do-concelho-de-loule-ja-estao-a-dar-frutos\\\/atualidade\\\/21\\\/58\\\/#breadcrumb\",\"itemListElement\":[{\"@type\":\"ListItem\",\"position\":1,\"name\":\"In\u00edcio\",\"item\":\"https:\\\/\\\/algarve7.pt\\\/\"},{\"@type\":\"ListItem\",\"position\":2,\"name\":\"Florestas Miyawaki nas escolas do concelho de Loul\u00e9 j\u00e1 est\u00e3o a dar frutos\"}]},{\"@type\":\"WebSite\",\"@id\":\"https:\\\/\\\/algarve7.pt\\\/#website\",\"url\":\"https:\\\/\\\/algarve7.pt\\\/\",\"name\":\"Algarve 7\",\"description\":\"Informa\u00e7\u00e3o sobre o Algarve\",\"publisher\":{\"@id\":\"https:\\\/\\\/algarve7.pt\\\/#organization\"},\"potentialAction\":[{\"@type\":\"SearchAction\",\"target\":{\"@type\":\"EntryPoint\",\"urlTemplate\":\"https:\\\/\\\/algarve7.pt\\\/?s={search_term_string}\"},\"query-input\":{\"@type\":\"PropertyValueSpecification\",\"valueRequired\":true,\"valueName\":\"search_term_string\"}}],\"inLanguage\":\"pt-PT\"},{\"@type\":\"Organization\",\"@id\":\"https:\\\/\\\/algarve7.pt\\\/#organization\",\"name\":\"Algarve 7\",\"url\":\"https:\\\/\\\/algarve7.pt\\\/\",\"logo\":{\"@type\":\"ImageObject\",\"inLanguage\":\"pt-PT\",\"@id\":\"https:\\\/\\\/algarve7.pt\\\/#\\\/schema\\\/logo\\\/image\\\/\",\"url\":\"https:\\\/\\\/algarve7.pt\\\/wp-content\\\/uploads\\\/2020\\\/10\\\/Logo-8.jpg\",\"contentUrl\":\"https:\\\/\\\/algarve7.pt\\\/wp-content\\\/uploads\\\/2020\\\/10\\\/Logo-8.jpg\",\"width\":1680,\"height\":1186,\"caption\":\"Algarve 7\"},\"image\":{\"@id\":\"https:\\\/\\\/algarve7.pt\\\/#\\\/schema\\\/logo\\\/image\\\/\"},\"sameAs\":[\"https:\\\/\\\/www.facebook.com\\\/algarve7\",\"https:\\\/\\\/x.com\\\/Algarvesete\",\"https:\\\/\\\/www.instagram.com\\\/jornalalgarve7\\\/\",\"https:\\\/\\\/www.linkedin.com\\\/company\\\/algarve7\",\"https:\\\/\\\/www.pinterest.pt\\\/geral0939\\\/_created\\\/\"]},{\"@type\":\"Person\",\"@id\":\"https:\\\/\\\/algarve7.pt\\\/#\\\/schema\\\/person\\\/23fa70681308e7b319a3204bcea45e0c\",\"name\":\"Algarve 7\",\"sameAs\":[\"https:\\\/\\\/algarve7.pt\",\"https:\\\/\\\/www.facebook.com\\\/algarve7\"],\"url\":\"https:\\\/\\\/algarve7.pt\\\/index.php\\\/author\\\/geralalgarve7-pt\\\/\"}]}<\/script>\n<!-- \/ Yoast SEO plugin. -->","yoast_head_json":{"title":"Florestas Miyawaki nas escolas do concelho de Loul\u00e9 j\u00e1 est\u00e3o a dar frutos - Algarve 7","description":"Florestas Miyawaki nas escolas do concelho de Loul\u00e9 j\u00e1 est\u00e3o a dar frutos","robots":{"index":"index","follow":"follow","max-snippet":"max-snippet:-1","max-image-preview":"max-image-preview:large","max-video-preview":"max-video-preview:-1"},"canonical":"https:\/\/algarve7.pt\/index.php\/2024\/12\/florestas-miyawaki-nas-escolas-do-concelho-de-loule-ja-estao-a-dar-frutos\/atualidade\/21\/58\/","og_locale":"pt_PT","og_type":"article","og_title":"Florestas Miyawaki nas escolas do concelho de Loul\u00e9 j\u00e1 est\u00e3o a dar frutos - Algarve 7","og_description":"Florestas Miyawaki nas escolas do concelho de Loul\u00e9 j\u00e1 est\u00e3o a dar frutos","og_url":"https:\/\/algarve7.pt\/index.php\/2024\/12\/florestas-miyawaki-nas-escolas-do-concelho-de-loule-ja-estao-a-dar-frutos\/atualidade\/21\/58\/","og_site_name":"Algarve 7","article_publisher":"https:\/\/www.facebook.com\/algarve7","article_author":"https:\/\/www.facebook.com\/algarve7","article_published_time":"2024-12-12T21:58:14+00:00","og_image":[{"width":1680,"height":1186,"url":"https:\/\/algarve7.pt\/wp-content\/uploads\/2020\/10\/Logo-8.jpg","type":"image\/jpeg"}],"author":"Algarve 7","twitter_card":"summary_large_image","twitter_creator":"@Algarvesete","twitter_site":"@Algarvesete","twitter_misc":{"Escrito por":"Algarve 7","Tempo estimado de leitura":"3 minutos"},"schema":{"@context":"https:\/\/schema.org","@graph":[{"@type":"Article","@id":"https:\/\/algarve7.pt\/index.php\/2024\/12\/florestas-miyawaki-nas-escolas-do-concelho-de-loule-ja-estao-a-dar-frutos\/atualidade\/21\/58\/#article","isPartOf":{"@id":"https:\/\/algarve7.pt\/index.php\/2024\/12\/florestas-miyawaki-nas-escolas-do-concelho-de-loule-ja-estao-a-dar-frutos\/atualidade\/21\/58\/"},"author":{"name":"Algarve 7","@id":"https:\/\/algarve7.pt\/#\/schema\/person\/23fa70681308e7b319a3204bcea45e0c"},"headline":"Florestas Miyawaki nas escolas do concelho de Loul\u00e9 j\u00e1 est\u00e3o a dar frutos","datePublished":"2024-12-12T21:58:14+00:00","mainEntityOfPage":{"@id":"https:\/\/algarve7.pt\/index.php\/2024\/12\/florestas-miyawaki-nas-escolas-do-concelho-de-loule-ja-estao-a-dar-frutos\/atualidade\/21\/58\/"},"wordCount":581,"publisher":{"@id":"https:\/\/algarve7.pt\/#organization"},"image":{"@id":"https:\/\/algarve7.pt\/index.php\/2024\/12\/florestas-miyawaki-nas-escolas-do-concelho-de-loule-ja-estao-a-dar-frutos\/atualidade\/21\/58\/#primaryimage"},"thumbnailUrl":"https:\/\/algarve7.pt\/wp-content\/uploads\/2024\/12\/img_1553-1.jpg","keywords":["Algarve","Ambiente","Loul\u00e9"],"articleSection":["Atualidade"],"inLanguage":"pt-PT"},{"@type":"WebPage","@id":"https:\/\/algarve7.pt\/index.php\/2024\/12\/florestas-miyawaki-nas-escolas-do-concelho-de-loule-ja-estao-a-dar-frutos\/atualidade\/21\/58\/","url":"https:\/\/algarve7.pt\/index.php\/2024\/12\/florestas-miyawaki-nas-escolas-do-concelho-de-loule-ja-estao-a-dar-frutos\/atualidade\/21\/58\/","name":"Florestas Miyawaki nas escolas do concelho de Loul\u00e9 j\u00e1 est\u00e3o a dar frutos - Algarve 7","isPartOf":{"@id":"https:\/\/algarve7.pt\/#website"},"primaryImageOfPage":{"@id":"https:\/\/algarve7.pt\/index.php\/2024\/12\/florestas-miyawaki-nas-escolas-do-concelho-de-loule-ja-estao-a-dar-frutos\/atualidade\/21\/58\/#primaryimage"},"image":{"@id":"https:\/\/algarve7.pt\/index.php\/2024\/12\/florestas-miyawaki-nas-escolas-do-concelho-de-loule-ja-estao-a-dar-frutos\/atualidade\/21\/58\/#primaryimage"},"thumbnailUrl":"https:\/\/algarve7.pt\/wp-content\/uploads\/2024\/12\/img_1553-1.jpg","datePublished":"2024-12-12T21:58:14+00:00","description":"Florestas Miyawaki nas escolas do concelho de Loul\u00e9 j\u00e1 est\u00e3o a dar frutos","breadcrumb":{"@id":"https:\/\/algarve7.pt\/index.php\/2024\/12\/florestas-miyawaki-nas-escolas-do-concelho-de-loule-ja-estao-a-dar-frutos\/atualidade\/21\/58\/#breadcrumb"},"inLanguage":"pt-PT","potentialAction":[{"@type":"ReadAction","target":["https:\/\/algarve7.pt\/index.php\/2024\/12\/florestas-miyawaki-nas-escolas-do-concelho-de-loule-ja-estao-a-dar-frutos\/atualidade\/21\/58\/"]}]},{"@type":"ImageObject","inLanguage":"pt-PT","@id":"https:\/\/algarve7.pt\/index.php\/2024\/12\/florestas-miyawaki-nas-escolas-do-concelho-de-loule-ja-estao-a-dar-frutos\/atualidade\/21\/58\/#primaryimage","url":"https:\/\/algarve7.pt\/wp-content\/uploads\/2024\/12\/img_1553-1.jpg","contentUrl":"https:\/\/algarve7.pt\/wp-content\/uploads\/2024\/12\/img_1553-1.jpg","width":2000,"height":1737,"caption":"smart"},{"@type":"BreadcrumbList","@id":"https:\/\/algarve7.pt\/index.php\/2024\/12\/florestas-miyawaki-nas-escolas-do-concelho-de-loule-ja-estao-a-dar-frutos\/atualidade\/21\/58\/#breadcrumb","itemListElement":[{"@type":"ListItem","position":1,"name":"In\u00edcio","item":"https:\/\/algarve7.pt\/"},{"@type":"ListItem","position":2,"name":"Florestas Miyawaki nas escolas do concelho de Loul\u00e9 j\u00e1 est\u00e3o a dar frutos"}]},{"@type":"WebSite","@id":"https:\/\/algarve7.pt\/#website","url":"https:\/\/algarve7.pt\/","name":"Algarve 7","description":"Informa\u00e7\u00e3o sobre o Algarve","publisher":{"@id":"https:\/\/algarve7.pt\/#organization"},"potentialAction":[{"@type":"SearchAction","target":{"@type":"EntryPoint","urlTemplate":"https:\/\/algarve7.pt\/?s={search_term_string}"},"query-input":{"@type":"PropertyValueSpecification","valueRequired":true,"valueName":"search_term_string"}}],"inLanguage":"pt-PT"},{"@type":"Organization","@id":"https:\/\/algarve7.pt\/#organization","name":"Algarve 7","url":"https:\/\/algarve7.pt\/","logo":{"@type":"ImageObject","inLanguage":"pt-PT","@id":"https:\/\/algarve7.pt\/#\/schema\/logo\/image\/","url":"https:\/\/algarve7.pt\/wp-content\/uploads\/2020\/10\/Logo-8.jpg","contentUrl":"https:\/\/algarve7.pt\/wp-content\/uploads\/2020\/10\/Logo-8.jpg","width":1680,"height":1186,"caption":"Algarve 7"},"image":{"@id":"https:\/\/algarve7.pt\/#\/schema\/logo\/image\/"},"sameAs":["https:\/\/www.facebook.com\/algarve7","https:\/\/x.com\/Algarvesete","https:\/\/www.instagram.com\/jornalalgarve7\/","https:\/\/www.linkedin.com\/company\/algarve7","https:\/\/www.pinterest.pt\/geral0939\/_created\/"]},{"@type":"Person","@id":"https:\/\/algarve7.pt\/#\/schema\/person\/23fa70681308e7b319a3204bcea45e0c","name":"Algarve 7","sameAs":["https:\/\/algarve7.pt","https:\/\/www.facebook.com\/algarve7"],"url":"https:\/\/algarve7.pt\/index.php\/author\/geralalgarve7-pt\/"}]}},"jetpack_publicize_connections":[],"jetpack_featured_media_url":"https:\/\/algarve7.pt\/wp-content\/uploads\/2024\/12\/img_1553-1.jpg","jetpack_shortlink":"https:\/\/wp.me\/pcezmW-bPh","jetpack_sharing_enabled":true,"_links":{"self":[{"href":"https:\/\/algarve7.pt\/index.php\/wp-json\/wp\/v2\/posts\/45463","targetHints":{"allow":["GET"]}}],"collection":[{"href":"https:\/\/algarve7.pt\/index.php\/wp-json\/wp\/v2\/posts"}],"about":[{"href":"https:\/\/algarve7.pt\/index.php\/wp-json\/wp\/v2\/types\/post"}],"author":[{"embeddable":true,"href":"https:\/\/algarve7.pt\/index.php\/wp-json\/wp\/v2\/users\/1"}],"replies":[{"embeddable":true,"href":"https:\/\/algarve7.pt\/index.php\/wp-json\/wp\/v2\/comments?post=45463"}],"version-history":[{"count":0,"href":"https:\/\/algarve7.pt\/index.php\/wp-json\/wp\/v2\/posts\/45463\/revisions"}],"wp:featuredmedia":[{"embeddable":true,"href":"https:\/\/algarve7.pt\/index.php\/wp-json\/wp\/v2\/media\/45462"}],"wp:attachment":[{"href":"https:\/\/algarve7.pt\/index.php\/wp-json\/wp\/v2\/media?parent=45463"}],"wp:term":[{"taxonomy":"category","embeddable":true,"href":"https:\/\/algarve7.pt\/index.php\/wp-json\/wp\/v2\/categories?post=45463"},{"taxonomy":"post_tag","embeddable":true,"href":"https:\/\/algarve7.pt\/index.php\/wp-json\/wp\/v2\/tags?post=45463"}],"curies":[{"name":"wp","href":"https:\/\/api.w.org\/{rel}","templated":true}]}}