{"id":45271,"date":"2024-12-04T16:35:28","date_gmt":"2024-12-04T16:35:28","guid":{"rendered":"https:\/\/algarve7.pt\/?p=45271"},"modified":"2024-12-04T16:35:30","modified_gmt":"2024-12-04T16:35:30","slug":"andre-gomes-eleito-presidente-da-associacao-turismo-do-algarve","status":"publish","type":"post","link":"https:\/\/algarve7.pt\/index.php\/2024\/12\/andre-gomes-eleito-presidente-da-associacao-turismo-do-algarve\/turismo\/16\/35\/","title":{"rendered":"Andr\u00e9 Gomes eleito presidente da associa\u00e7\u00e3o turismo do Algarve\u00a0\u00a0"},"content":{"rendered":"\n<p>Andr\u00e9 Gomes foi eleito, por unanimidade, com 103 votos expressos pelos Associados, como presidente da Associa\u00e7\u00e3o Turismo do Algarve (ATA), na sequ\u00eancia da Assembleia Geral Ordin\u00e1ria e Eleitoral, que ontem teve lugar no audit\u00f3rio da Regi\u00e3o de Turismo do Algarve.&nbsp;<br><br>A elei\u00e7\u00e3o para o tri\u00e9nio 2024-2027 reafirma a confian\u00e7a dos Associados no trabalho desenvolvido at\u00e9 ao momento e abre caminho para a continuidade de uma estrat\u00e9gia que tem produzido resultados significativos para a promo\u00e7\u00e3o do Algarve como destino tur\u00edstico de refer\u00eancia junto dos mercados internacionais.<\/p>\n\n\n\n<p><br>De recordar que entre os marcos mais relevantes alcan\u00e7ados pela ATA durante o primeiro mandato de Andr\u00e9 Gomes est\u00e3o:<\/p>\n\n\n\n<ul class=\"wp-block-list\">\n<li>A expans\u00e3o expressiva da sua base de associados, reflexo de um trabalho cont\u00ednuo de proximidade e de envolvimento com o setor.<\/li>\n\n\n\n<li>O aumento exponencial do n\u00famero de empresas associadas que se candidataram aos apoios financeiros existentes para Planos de Comercializa\u00e7\u00e3o e Vendas, que veio refor\u00e7ar a competitividade do destino.<\/li>\n\n\n\n<li>O contributo para o fortalecimento da conectividade a\u00e9rea da regi\u00e3o junto de\u00a0v\u00e1rios mercados, com destaque para o aguardado lan\u00e7amento do primeiro voo direto entre Nova Iorque\/Newark e Faro, operado pela United Airlines<\/li>\n\n\n\n<li>O refor\u00e7o do reconhecimento internacional da regi\u00e3o: o Algarve foi eleito Melhor Destino de Praia da Europa pela 10\u00aa vez nos World Travel Awards 2023 e, em 2024, recebeu o t\u00edtulo de Melhor Destino de Praia do Mundo pela terceira vez.<\/li>\n\n\n\n<li>O crescimento significativo do interesse de mercados de longa dist\u00e2ncia pelo Algarve, entre os quais os EUA, Canad\u00e1 e Brasil.\u00a0<\/li>\n\n\n\n<li>A escolha do Algarve como palco da primeira edi\u00e7\u00e3o do Guia Michelin Portugal, evento que refor\u00e7ou o prest\u00edgio da regi\u00e3o como destino cuja oferta vai al\u00e9m do sol e da praia, proporcionando experi\u00eancias que atendem a um turista mais exigente e diversificado.<br>\u00a0<\/li>\n<\/ul>\n\n\n\n<p>Para o mandato que agora se inicia, Andr\u00e9 Gomes compromete-se a dar continuidade ao trabalho realizado, assumindo uma estrat\u00e9gia que aposta na inova\u00e7\u00e3o, na articula\u00e7\u00e3o eficaz entre a ATA e a Regi\u00e3o de Turismo do Algarve (RTA) e na valoriza\u00e7\u00e3o do contributo de todos os agentes e profissionais do setor. Segundo o presidente eleito: &#8220;<em><strong>O Algarve est\u00e1 cada vez mais conectado ao mundo e diversificado nas suas propostas. Este mandato ser\u00e1 dedicado a consolidar o trabalho feito e a introduzir estrat\u00e9gias que ampliem o nosso alcance e os resultados j\u00e1 conquistados, atrav\u00e9s da promo\u00e7\u00e3o de um turismo sustent\u00e1vel e adaptado \u00e0s necessidades dos nossos Associados e dos nossos visitantes.<\/strong><\/em>&#8220;<br>&nbsp;<\/p>\n\n\n\n<p>A import\u00e2ncia da colabora\u00e7\u00e3o de todos os envolvidos no setor neste projeto coletivo para os pr\u00f3ximos anos foi refor\u00e7ada pela nova dire\u00e7\u00e3o, que afirma: &#8221;&nbsp;<em><strong>Contamos com todos para, juntos e com uma energia renovada, continuarmos a construir o futuro do turismo do Algarve, com a determina\u00e7\u00e3o e o compromisso que a nossa regi\u00e3o merece.<\/strong><\/em>&#8220;<\/p>\n","protected":false},"excerpt":{"rendered":"<p>Andr\u00e9 Gomes foi eleito, por unanimidade, com 103 votos expressos pelos Associados, como presidente da Associa\u00e7\u00e3o Turismo do Algarve (ATA),<\/p>\n","protected":false},"author":1,"featured_media":45272,"comment_status":"closed","ping_status":"closed","sticky":false,"template":"","format":"standard","meta":{"colormag_page_container_layout":"default_layout","colormag_page_sidebar_layout":"default_layout","_monsterinsights_skip_tracking":false,"_monsterinsights_sitenote_active":false,"_monsterinsights_sitenote_note":"","_monsterinsights_sitenote_category":0,"jetpack_post_was_ever_published":false,"_jetpack_newsletter_access":"","_jetpack_dont_email_post_to_subs":false,"_jetpack_newsletter_tier_id":0,"_jetpack_memberships_contains_paywalled_content":false,"_jetpack_memberships_contains_paid_content":false,"footnotes":"","jetpack_publicize_message":"","jetpack_publicize_feature_enabled":true,"jetpack_social_post_already_shared":true,"jetpack_social_options":{"image_generator_settings":{"template":"highway","default_image_id":0,"font":"","enabled":false},"version":2}},"categories":[17],"tags":[36,426,45],"class_list":["post-45271","post","type-post","status-publish","format-standard","has-post-thumbnail","hentry","category-turismo","tag-algarve","tag-ata","tag-turismo"],"yoast_head":"<!-- This site is optimized with the Yoast SEO plugin v27.5 - https:\/\/yoast.com\/product\/yoast-seo-wordpress\/ -->\n<title>Andr\u00e9 Gomes eleito presidente da associa\u00e7\u00e3o turismo do Algarve\u00a0\u00a0 - Algarve 7<\/title>\n<meta name=\"description\" content=\"Andr\u00e9 Gomes eleito presidente da associa\u00e7\u00e3o turismo do Algarve\u00a0\u00a0 Turismo\" \/>\n<meta name=\"robots\" content=\"index, follow, max-snippet:-1, max-image-preview:large, max-video-preview:-1\" \/>\n<link rel=\"canonical\" href=\"https:\/\/algarve7.pt\/index.php\/2024\/12\/andre-gomes-eleito-presidente-da-associacao-turismo-do-algarve\/turismo\/16\/35\/\" \/>\n<meta property=\"og:locale\" content=\"pt_PT\" \/>\n<meta property=\"og:type\" content=\"article\" \/>\n<meta property=\"og:title\" content=\"Andr\u00e9 Gomes eleito presidente da associa\u00e7\u00e3o turismo do Algarve\u00a0\u00a0 - Algarve 7\" \/>\n<meta property=\"og:description\" content=\"Andr\u00e9 Gomes eleito presidente da associa\u00e7\u00e3o turismo do Algarve\u00a0\u00a0 Turismo\" \/>\n<meta property=\"og:url\" content=\"https:\/\/algarve7.pt\/index.php\/2024\/12\/andre-gomes-eleito-presidente-da-associacao-turismo-do-algarve\/turismo\/16\/35\/\" \/>\n<meta property=\"og:site_name\" content=\"Algarve 7\" \/>\n<meta property=\"article:publisher\" content=\"https:\/\/www.facebook.com\/algarve7\" \/>\n<meta property=\"article:author\" content=\"https:\/\/www.facebook.com\/algarve7\" \/>\n<meta property=\"article:published_time\" content=\"2024-12-04T16:35:28+00:00\" \/>\n<meta property=\"article:modified_time\" content=\"2024-12-04T16:35:30+00:00\" \/>\n<meta property=\"og:image\" content=\"https:\/\/algarve7.pt\/wp-content\/uploads\/2024\/12\/20230822TAlgarve20230822TAlgarve0841_VC.jpeg\" \/>\n\t<meta property=\"og:image:width\" content=\"800\" \/>\n\t<meta property=\"og:image:height\" content=\"530\" \/>\n\t<meta property=\"og:image:type\" content=\"image\/jpeg\" \/>\n<meta name=\"author\" content=\"Algarve 7\" \/>\n<meta name=\"twitter:card\" content=\"summary_large_image\" \/>\n<meta name=\"twitter:creator\" content=\"@Algarvesete\" \/>\n<meta name=\"twitter:site\" content=\"@Algarvesete\" \/>\n<meta name=\"twitter:label1\" content=\"Escrito por\" \/>\n\t<meta name=\"twitter:data1\" content=\"Algarve 7\" \/>\n\t<meta name=\"twitter:label2\" content=\"Tempo estimado de leitura\" \/>\n\t<meta name=\"twitter:data2\" content=\"3 minutos\" \/>\n<script type=\"application\/ld+json\" class=\"yoast-schema-graph\">{\"@context\":\"https:\\\/\\\/schema.org\",\"@graph\":[{\"@type\":\"Article\",\"@id\":\"https:\\\/\\\/algarve7.pt\\\/index.php\\\/2024\\\/12\\\/andre-gomes-eleito-presidente-da-associacao-turismo-do-algarve\\\/turismo\\\/16\\\/35\\\/#article\",\"isPartOf\":{\"@id\":\"https:\\\/\\\/algarve7.pt\\\/index.php\\\/2024\\\/12\\\/andre-gomes-eleito-presidente-da-associacao-turismo-do-algarve\\\/turismo\\\/16\\\/35\\\/\"},\"author\":{\"name\":\"Algarve 7\",\"@id\":\"https:\\\/\\\/algarve7.pt\\\/#\\\/schema\\\/person\\\/23fa70681308e7b319a3204bcea45e0c\"},\"headline\":\"Andr\u00e9 Gomes eleito presidente da associa\u00e7\u00e3o turismo do Algarve\u00a0\u00a0\",\"datePublished\":\"2024-12-04T16:35:28+00:00\",\"dateModified\":\"2024-12-04T16:35:30+00:00\",\"mainEntityOfPage\":{\"@id\":\"https:\\\/\\\/algarve7.pt\\\/index.php\\\/2024\\\/12\\\/andre-gomes-eleito-presidente-da-associacao-turismo-do-algarve\\\/turismo\\\/16\\\/35\\\/\"},\"wordCount\":511,\"publisher\":{\"@id\":\"https:\\\/\\\/algarve7.pt\\\/#organization\"},\"image\":{\"@id\":\"https:\\\/\\\/algarve7.pt\\\/index.php\\\/2024\\\/12\\\/andre-gomes-eleito-presidente-da-associacao-turismo-do-algarve\\\/turismo\\\/16\\\/35\\\/#primaryimage\"},\"thumbnailUrl\":\"https:\\\/\\\/algarve7.pt\\\/wp-content\\\/uploads\\\/2024\\\/12\\\/20230822TAlgarve20230822TAlgarve0841_VC.jpeg\",\"keywords\":[\"Algarve\",\"ATA\",\"Turismo\"],\"articleSection\":[\"Turismo\"],\"inLanguage\":\"pt-PT\"},{\"@type\":\"WebPage\",\"@id\":\"https:\\\/\\\/algarve7.pt\\\/index.php\\\/2024\\\/12\\\/andre-gomes-eleito-presidente-da-associacao-turismo-do-algarve\\\/turismo\\\/16\\\/35\\\/\",\"url\":\"https:\\\/\\\/algarve7.pt\\\/index.php\\\/2024\\\/12\\\/andre-gomes-eleito-presidente-da-associacao-turismo-do-algarve\\\/turismo\\\/16\\\/35\\\/\",\"name\":\"Andr\u00e9 Gomes eleito presidente da associa\u00e7\u00e3o turismo do Algarve\u00a0\u00a0 - Algarve 7\",\"isPartOf\":{\"@id\":\"https:\\\/\\\/algarve7.pt\\\/#website\"},\"primaryImageOfPage\":{\"@id\":\"https:\\\/\\\/algarve7.pt\\\/index.php\\\/2024\\\/12\\\/andre-gomes-eleito-presidente-da-associacao-turismo-do-algarve\\\/turismo\\\/16\\\/35\\\/#primaryimage\"},\"image\":{\"@id\":\"https:\\\/\\\/algarve7.pt\\\/index.php\\\/2024\\\/12\\\/andre-gomes-eleito-presidente-da-associacao-turismo-do-algarve\\\/turismo\\\/16\\\/35\\\/#primaryimage\"},\"thumbnailUrl\":\"https:\\\/\\\/algarve7.pt\\\/wp-content\\\/uploads\\\/2024\\\/12\\\/20230822TAlgarve20230822TAlgarve0841_VC.jpeg\",\"datePublished\":\"2024-12-04T16:35:28+00:00\",\"dateModified\":\"2024-12-04T16:35:30+00:00\",\"description\":\"Andr\u00e9 Gomes eleito presidente da associa\u00e7\u00e3o turismo do Algarve\u00a0\u00a0 Turismo\",\"breadcrumb\":{\"@id\":\"https:\\\/\\\/algarve7.pt\\\/index.php\\\/2024\\\/12\\\/andre-gomes-eleito-presidente-da-associacao-turismo-do-algarve\\\/turismo\\\/16\\\/35\\\/#breadcrumb\"},\"inLanguage\":\"pt-PT\",\"potentialAction\":[{\"@type\":\"ReadAction\",\"target\":[\"https:\\\/\\\/algarve7.pt\\\/index.php\\\/2024\\\/12\\\/andre-gomes-eleito-presidente-da-associacao-turismo-do-algarve\\\/turismo\\\/16\\\/35\\\/\"]}]},{\"@type\":\"ImageObject\",\"inLanguage\":\"pt-PT\",\"@id\":\"https:\\\/\\\/algarve7.pt\\\/index.php\\\/2024\\\/12\\\/andre-gomes-eleito-presidente-da-associacao-turismo-do-algarve\\\/turismo\\\/16\\\/35\\\/#primaryimage\",\"url\":\"https:\\\/\\\/algarve7.pt\\\/wp-content\\\/uploads\\\/2024\\\/12\\\/20230822TAlgarve20230822TAlgarve0841_VC.jpeg\",\"contentUrl\":\"https:\\\/\\\/algarve7.pt\\\/wp-content\\\/uploads\\\/2024\\\/12\\\/20230822TAlgarve20230822TAlgarve0841_VC.jpeg\",\"width\":800,\"height\":530},{\"@type\":\"BreadcrumbList\",\"@id\":\"https:\\\/\\\/algarve7.pt\\\/index.php\\\/2024\\\/12\\\/andre-gomes-eleito-presidente-da-associacao-turismo-do-algarve\\\/turismo\\\/16\\\/35\\\/#breadcrumb\",\"itemListElement\":[{\"@type\":\"ListItem\",\"position\":1,\"name\":\"In\u00edcio\",\"item\":\"https:\\\/\\\/algarve7.pt\\\/\"},{\"@type\":\"ListItem\",\"position\":2,\"name\":\"Andr\u00e9 Gomes eleito presidente da associa\u00e7\u00e3o turismo do Algarve\u00a0\u00a0\"}]},{\"@type\":\"WebSite\",\"@id\":\"https:\\\/\\\/algarve7.pt\\\/#website\",\"url\":\"https:\\\/\\\/algarve7.pt\\\/\",\"name\":\"Algarve 7\",\"description\":\"Informa\u00e7\u00e3o sobre o Algarve\",\"publisher\":{\"@id\":\"https:\\\/\\\/algarve7.pt\\\/#organization\"},\"potentialAction\":[{\"@type\":\"SearchAction\",\"target\":{\"@type\":\"EntryPoint\",\"urlTemplate\":\"https:\\\/\\\/algarve7.pt\\\/?s={search_term_string}\"},\"query-input\":{\"@type\":\"PropertyValueSpecification\",\"valueRequired\":true,\"valueName\":\"search_term_string\"}}],\"inLanguage\":\"pt-PT\"},{\"@type\":\"Organization\",\"@id\":\"https:\\\/\\\/algarve7.pt\\\/#organization\",\"name\":\"Algarve 7\",\"url\":\"https:\\\/\\\/algarve7.pt\\\/\",\"logo\":{\"@type\":\"ImageObject\",\"inLanguage\":\"pt-PT\",\"@id\":\"https:\\\/\\\/algarve7.pt\\\/#\\\/schema\\\/logo\\\/image\\\/\",\"url\":\"https:\\\/\\\/algarve7.pt\\\/wp-content\\\/uploads\\\/2020\\\/10\\\/Logo-8.jpg\",\"contentUrl\":\"https:\\\/\\\/algarve7.pt\\\/wp-content\\\/uploads\\\/2020\\\/10\\\/Logo-8.jpg\",\"width\":1680,\"height\":1186,\"caption\":\"Algarve 7\"},\"image\":{\"@id\":\"https:\\\/\\\/algarve7.pt\\\/#\\\/schema\\\/logo\\\/image\\\/\"},\"sameAs\":[\"https:\\\/\\\/www.facebook.com\\\/algarve7\",\"https:\\\/\\\/x.com\\\/Algarvesete\",\"https:\\\/\\\/www.instagram.com\\\/jornalalgarve7\\\/\",\"https:\\\/\\\/www.linkedin.com\\\/company\\\/algarve7\",\"https:\\\/\\\/www.pinterest.pt\\\/geral0939\\\/_created\\\/\"]},{\"@type\":\"Person\",\"@id\":\"https:\\\/\\\/algarve7.pt\\\/#\\\/schema\\\/person\\\/23fa70681308e7b319a3204bcea45e0c\",\"name\":\"Algarve 7\",\"sameAs\":[\"https:\\\/\\\/algarve7.pt\",\"https:\\\/\\\/www.facebook.com\\\/algarve7\"],\"url\":\"https:\\\/\\\/algarve7.pt\\\/index.php\\\/author\\\/geralalgarve7-pt\\\/\"}]}<\/script>\n<!-- \/ Yoast SEO plugin. -->","yoast_head_json":{"title":"Andr\u00e9 Gomes eleito presidente da associa\u00e7\u00e3o turismo do Algarve\u00a0\u00a0 - Algarve 7","description":"Andr\u00e9 Gomes eleito presidente da associa\u00e7\u00e3o turismo do Algarve\u00a0\u00a0 Turismo","robots":{"index":"index","follow":"follow","max-snippet":"max-snippet:-1","max-image-preview":"max-image-preview:large","max-video-preview":"max-video-preview:-1"},"canonical":"https:\/\/algarve7.pt\/index.php\/2024\/12\/andre-gomes-eleito-presidente-da-associacao-turismo-do-algarve\/turismo\/16\/35\/","og_locale":"pt_PT","og_type":"article","og_title":"Andr\u00e9 Gomes eleito presidente da associa\u00e7\u00e3o turismo do Algarve\u00a0\u00a0 - Algarve 7","og_description":"Andr\u00e9 Gomes eleito presidente da associa\u00e7\u00e3o turismo do Algarve\u00a0\u00a0 Turismo","og_url":"https:\/\/algarve7.pt\/index.php\/2024\/12\/andre-gomes-eleito-presidente-da-associacao-turismo-do-algarve\/turismo\/16\/35\/","og_site_name":"Algarve 7","article_publisher":"https:\/\/www.facebook.com\/algarve7","article_author":"https:\/\/www.facebook.com\/algarve7","article_published_time":"2024-12-04T16:35:28+00:00","article_modified_time":"2024-12-04T16:35:30+00:00","og_image":[{"width":800,"height":530,"url":"https:\/\/algarve7.pt\/wp-content\/uploads\/2024\/12\/20230822TAlgarve20230822TAlgarve0841_VC.jpeg","type":"image\/jpeg"}],"author":"Algarve 7","twitter_card":"summary_large_image","twitter_creator":"@Algarvesete","twitter_site":"@Algarvesete","twitter_misc":{"Escrito por":"Algarve 7","Tempo estimado de leitura":"3 minutos"},"schema":{"@context":"https:\/\/schema.org","@graph":[{"@type":"Article","@id":"https:\/\/algarve7.pt\/index.php\/2024\/12\/andre-gomes-eleito-presidente-da-associacao-turismo-do-algarve\/turismo\/16\/35\/#article","isPartOf":{"@id":"https:\/\/algarve7.pt\/index.php\/2024\/12\/andre-gomes-eleito-presidente-da-associacao-turismo-do-algarve\/turismo\/16\/35\/"},"author":{"name":"Algarve 7","@id":"https:\/\/algarve7.pt\/#\/schema\/person\/23fa70681308e7b319a3204bcea45e0c"},"headline":"Andr\u00e9 Gomes eleito presidente da associa\u00e7\u00e3o turismo do Algarve\u00a0\u00a0","datePublished":"2024-12-04T16:35:28+00:00","dateModified":"2024-12-04T16:35:30+00:00","mainEntityOfPage":{"@id":"https:\/\/algarve7.pt\/index.php\/2024\/12\/andre-gomes-eleito-presidente-da-associacao-turismo-do-algarve\/turismo\/16\/35\/"},"wordCount":511,"publisher":{"@id":"https:\/\/algarve7.pt\/#organization"},"image":{"@id":"https:\/\/algarve7.pt\/index.php\/2024\/12\/andre-gomes-eleito-presidente-da-associacao-turismo-do-algarve\/turismo\/16\/35\/#primaryimage"},"thumbnailUrl":"https:\/\/algarve7.pt\/wp-content\/uploads\/2024\/12\/20230822TAlgarve20230822TAlgarve0841_VC.jpeg","keywords":["Algarve","ATA","Turismo"],"articleSection":["Turismo"],"inLanguage":"pt-PT"},{"@type":"WebPage","@id":"https:\/\/algarve7.pt\/index.php\/2024\/12\/andre-gomes-eleito-presidente-da-associacao-turismo-do-algarve\/turismo\/16\/35\/","url":"https:\/\/algarve7.pt\/index.php\/2024\/12\/andre-gomes-eleito-presidente-da-associacao-turismo-do-algarve\/turismo\/16\/35\/","name":"Andr\u00e9 Gomes eleito presidente da associa\u00e7\u00e3o turismo do Algarve\u00a0\u00a0 - Algarve 7","isPartOf":{"@id":"https:\/\/algarve7.pt\/#website"},"primaryImageOfPage":{"@id":"https:\/\/algarve7.pt\/index.php\/2024\/12\/andre-gomes-eleito-presidente-da-associacao-turismo-do-algarve\/turismo\/16\/35\/#primaryimage"},"image":{"@id":"https:\/\/algarve7.pt\/index.php\/2024\/12\/andre-gomes-eleito-presidente-da-associacao-turismo-do-algarve\/turismo\/16\/35\/#primaryimage"},"thumbnailUrl":"https:\/\/algarve7.pt\/wp-content\/uploads\/2024\/12\/20230822TAlgarve20230822TAlgarve0841_VC.jpeg","datePublished":"2024-12-04T16:35:28+00:00","dateModified":"2024-12-04T16:35:30+00:00","description":"Andr\u00e9 Gomes eleito presidente da associa\u00e7\u00e3o turismo do Algarve\u00a0\u00a0 Turismo","breadcrumb":{"@id":"https:\/\/algarve7.pt\/index.php\/2024\/12\/andre-gomes-eleito-presidente-da-associacao-turismo-do-algarve\/turismo\/16\/35\/#breadcrumb"},"inLanguage":"pt-PT","potentialAction":[{"@type":"ReadAction","target":["https:\/\/algarve7.pt\/index.php\/2024\/12\/andre-gomes-eleito-presidente-da-associacao-turismo-do-algarve\/turismo\/16\/35\/"]}]},{"@type":"ImageObject","inLanguage":"pt-PT","@id":"https:\/\/algarve7.pt\/index.php\/2024\/12\/andre-gomes-eleito-presidente-da-associacao-turismo-do-algarve\/turismo\/16\/35\/#primaryimage","url":"https:\/\/algarve7.pt\/wp-content\/uploads\/2024\/12\/20230822TAlgarve20230822TAlgarve0841_VC.jpeg","contentUrl":"https:\/\/algarve7.pt\/wp-content\/uploads\/2024\/12\/20230822TAlgarve20230822TAlgarve0841_VC.jpeg","width":800,"height":530},{"@type":"BreadcrumbList","@id":"https:\/\/algarve7.pt\/index.php\/2024\/12\/andre-gomes-eleito-presidente-da-associacao-turismo-do-algarve\/turismo\/16\/35\/#breadcrumb","itemListElement":[{"@type":"ListItem","position":1,"name":"In\u00edcio","item":"https:\/\/algarve7.pt\/"},{"@type":"ListItem","position":2,"name":"Andr\u00e9 Gomes eleito presidente da associa\u00e7\u00e3o turismo do Algarve\u00a0\u00a0"}]},{"@type":"WebSite","@id":"https:\/\/algarve7.pt\/#website","url":"https:\/\/algarve7.pt\/","name":"Algarve 7","description":"Informa\u00e7\u00e3o sobre o Algarve","publisher":{"@id":"https:\/\/algarve7.pt\/#organization"},"potentialAction":[{"@type":"SearchAction","target":{"@type":"EntryPoint","urlTemplate":"https:\/\/algarve7.pt\/?s={search_term_string}"},"query-input":{"@type":"PropertyValueSpecification","valueRequired":true,"valueName":"search_term_string"}}],"inLanguage":"pt-PT"},{"@type":"Organization","@id":"https:\/\/algarve7.pt\/#organization","name":"Algarve 7","url":"https:\/\/algarve7.pt\/","logo":{"@type":"ImageObject","inLanguage":"pt-PT","@id":"https:\/\/algarve7.pt\/#\/schema\/logo\/image\/","url":"https:\/\/algarve7.pt\/wp-content\/uploads\/2020\/10\/Logo-8.jpg","contentUrl":"https:\/\/algarve7.pt\/wp-content\/uploads\/2020\/10\/Logo-8.jpg","width":1680,"height":1186,"caption":"Algarve 7"},"image":{"@id":"https:\/\/algarve7.pt\/#\/schema\/logo\/image\/"},"sameAs":["https:\/\/www.facebook.com\/algarve7","https:\/\/x.com\/Algarvesete","https:\/\/www.instagram.com\/jornalalgarve7\/","https:\/\/www.linkedin.com\/company\/algarve7","https:\/\/www.pinterest.pt\/geral0939\/_created\/"]},{"@type":"Person","@id":"https:\/\/algarve7.pt\/#\/schema\/person\/23fa70681308e7b319a3204bcea45e0c","name":"Algarve 7","sameAs":["https:\/\/algarve7.pt","https:\/\/www.facebook.com\/algarve7"],"url":"https:\/\/algarve7.pt\/index.php\/author\/geralalgarve7-pt\/"}]}},"jetpack_publicize_connections":[],"jetpack_featured_media_url":"https:\/\/algarve7.pt\/wp-content\/uploads\/2024\/12\/20230822TAlgarve20230822TAlgarve0841_VC.jpeg","jetpack_shortlink":"https:\/\/wp.me\/pcezmW-bMb","jetpack_sharing_enabled":true,"_links":{"self":[{"href":"https:\/\/algarve7.pt\/index.php\/wp-json\/wp\/v2\/posts\/45271","targetHints":{"allow":["GET"]}}],"collection":[{"href":"https:\/\/algarve7.pt\/index.php\/wp-json\/wp\/v2\/posts"}],"about":[{"href":"https:\/\/algarve7.pt\/index.php\/wp-json\/wp\/v2\/types\/post"}],"author":[{"embeddable":true,"href":"https:\/\/algarve7.pt\/index.php\/wp-json\/wp\/v2\/users\/1"}],"replies":[{"embeddable":true,"href":"https:\/\/algarve7.pt\/index.php\/wp-json\/wp\/v2\/comments?post=45271"}],"version-history":[{"count":0,"href":"https:\/\/algarve7.pt\/index.php\/wp-json\/wp\/v2\/posts\/45271\/revisions"}],"wp:featuredmedia":[{"embeddable":true,"href":"https:\/\/algarve7.pt\/index.php\/wp-json\/wp\/v2\/media\/45272"}],"wp:attachment":[{"href":"https:\/\/algarve7.pt\/index.php\/wp-json\/wp\/v2\/media?parent=45271"}],"wp:term":[{"taxonomy":"category","embeddable":true,"href":"https:\/\/algarve7.pt\/index.php\/wp-json\/wp\/v2\/categories?post=45271"},{"taxonomy":"post_tag","embeddable":true,"href":"https:\/\/algarve7.pt\/index.php\/wp-json\/wp\/v2\/tags?post=45271"}],"curies":[{"name":"wp","href":"https:\/\/api.w.org\/{rel}","templated":true}]}}