{"id":45032,"date":"2024-11-29T11:45:00","date_gmt":"2024-11-29T11:45:00","guid":{"rendered":"https:\/\/algarve7.pt\/?p=45032"},"modified":"2024-11-28T20:24:58","modified_gmt":"2024-11-28T20:24:58","slug":"chegada-do-pai-natal-da-inicio-a-programacao-de-natal-em-faro","status":"publish","type":"post","link":"https:\/\/algarve7.pt\/index.php\/2024\/11\/chegada-do-pai-natal-da-inicio-a-programacao-de-natal-em-faro\/cultura\/11\/45\/","title":{"rendered":"Chegada do pai natal d\u00e1 in\u00edcio \u00e0 programa\u00e7\u00e3o de Natal em Faro"},"content":{"rendered":"\n<p>Casa do Pai Natal tem abertura marcada para dia 30 de novembro. Conjunto alargado de iniciativas v\u00e3o decorrer, em toda a baixa da cidade, at\u00e9 dia 24 de dezembro&nbsp;<\/p>\n\n\n\n<p>O Munic\u00edpio de Faro, em parceria com a Associa\u00e7\u00e3o de Com\u00e9rcio e Servi\u00e7os do Algarve (ACRAL),&nbsp;a Associa\u00e7\u00e3o de Desenvolvimento Comercial da Zona Hist\u00f3rica de Faro (ADCZHF), a Associa\u00e7\u00e3o dos Industriais Hoteleiros e Similares do Algarve (AHISA) e a Associa\u00e7\u00e3o Cultural e Ativista da Baixa de Faro (ACABF), vai este ano retomar uma programa\u00e7\u00e3o alargada de anima\u00e7\u00e3o de Natal, que ter\u00e1 in\u00edcio no pr\u00f3ximo s\u00e1bado, dia 30 de novembro, com a j\u00e1 tradicional chegada do Pai Natal.<\/p>\n\n\n\n<p>O desfile, em formato arruada, com anima\u00e7\u00e3o e m\u00fasica vai ter in\u00edcio no Jardim Manuel B\u00edvar, a partir das 10h30, ap\u00f3s a chegada do Pai Natal, no \u00e2mbito do passeio equestre (organizado pela CONFEST, desde Estoi at\u00e9 \u00e0 baixa da cidade), culminando com a abertura da Casa do Pai Natal (R. Tenente Valadim, na antiga loja Martinez), a partir das 11h30.&nbsp;&nbsp;<\/p>\n\n\n\n<p>Como em anos anteriores, a Casa do Pai Natal volta a ser o epicentro da programa\u00e7\u00e3o de Natal, local onde ser\u00e1 distribu\u00eddo o novo livro d\u2019 \u201cos Farrobinhas\u201d, bem como, de forma in\u00e9dita, um kit criado para este efeito com v\u00e1rios jogos tradicionais.<\/p>\n\n\n\n<p>Paralelamente, a partir de dia 30 de novembro e at\u00e9 dia 24 de dezembro, decorrer\u00e3o na Casa do Pai Natal e em toda a baixa da cidade um conjunto alargado de iniciativas que incluir\u00e3o espect\u00e1culos e concertos, anima\u00e7\u00f5es de rua, performances, ateliers, entre v\u00e1rias outras.<\/p>\n\n\n\n<p>A partir de dia 5 e at\u00e9 dia 23 de dezembro, o Jardim Manuel Bivar volta a receber tamb\u00e9m um mercadinho de Natal, com organiza\u00e7\u00e3o da Ambifaro e funcionar\u00e1 das 11h00 \u00e0s 21h00.&nbsp;<\/p>\n\n\n\n<p>Este mercadinho contar\u00e1 com uma programa\u00e7\u00e3o diversificada, com destaque para um concerto da banda farense The Miranda\u2019s, no dia 19 de dezembro.<\/p>\n\n\n\n<p>&nbsp;Para o Presidente da C\u00e2mara Municipal de Faro, Rog\u00e9rio Bacalhau, este conjunto alargado de iniciativas, bem como a ilumina\u00e7\u00e3o de Natal \u2013 cuja liga\u00e7\u00e3o aconteceu no passado dia 22 de novembro \u2013 ou a programa\u00e7\u00e3o de passagem de ano, que ser\u00e1 igualmente divulgada em breve, pretende dar um sinal de apoio \u00e0s fam\u00edlias e \u00e0 economia, particularmente ao com\u00e9rcio local e restaura\u00e7\u00e3o, mas tamb\u00e9m atraindo e cativando novos visitantes e turistas para o nosso concelho\u201d.<\/p>\n\n\n\n<p>Para mais informa\u00e7\u00f5es sobre a programa\u00e7\u00e3o completa de Natal e passagem de ano, poder\u00e1 ser consultado o s\u00edtio da C\u00e2mara Municipal de Faro (www.cm-faro.pt).&nbsp;<\/p>\n","protected":false},"excerpt":{"rendered":"<p>Casa do Pai Natal tem abertura marcada para dia 30 de novembro. Conjunto alargado de iniciativas v\u00e3o decorrer, em toda<\/p>\n","protected":false},"author":1,"featured_media":45033,"comment_status":"closed","ping_status":"closed","sticky":false,"template":"","format":"standard","meta":{"colormag_page_container_layout":"default_layout","colormag_page_sidebar_layout":"default_layout","_monsterinsights_skip_tracking":false,"_monsterinsights_sitenote_active":false,"_monsterinsights_sitenote_note":"","_monsterinsights_sitenote_category":0,"jetpack_post_was_ever_published":false,"_jetpack_newsletter_access":"","_jetpack_dont_email_post_to_subs":false,"_jetpack_newsletter_tier_id":0,"_jetpack_memberships_contains_paywalled_content":false,"_jetpack_memberships_contains_paid_content":false,"footnotes":"","jetpack_publicize_message":"","jetpack_publicize_feature_enabled":true,"jetpack_social_post_already_shared":true,"jetpack_social_options":{"image_generator_settings":{"template":"highway","default_image_id":0,"font":"","enabled":false},"version":2}},"categories":[14],"tags":[36,35,57],"class_list":["post-45032","post","type-post","status-publish","format-standard","has-post-thumbnail","hentry","category-cultura","tag-algarve","tag-cultura","tag-faro"],"yoast_head":"<!-- This site is optimized with the Yoast SEO plugin v27.5 - https:\/\/yoast.com\/product\/yoast-seo-wordpress\/ -->\n<title>Chegada do pai natal d\u00e1 in\u00edcio \u00e0 programa\u00e7\u00e3o de Natal em Faro - Algarve 7<\/title>\n<meta name=\"description\" content=\"Chegada do pai natal d\u00e1 in\u00edcio \u00e0 programa\u00e7\u00e3o de Natal em Faro Cultura\" \/>\n<meta name=\"robots\" content=\"index, follow, max-snippet:-1, max-image-preview:large, max-video-preview:-1\" \/>\n<link rel=\"canonical\" href=\"https:\/\/algarve7.pt\/index.php\/2024\/11\/chegada-do-pai-natal-da-inicio-a-programacao-de-natal-em-faro\/cultura\/11\/45\/\" \/>\n<meta property=\"og:locale\" content=\"pt_PT\" \/>\n<meta property=\"og:type\" content=\"article\" \/>\n<meta property=\"og:title\" content=\"Chegada do pai natal d\u00e1 in\u00edcio \u00e0 programa\u00e7\u00e3o de Natal em Faro - Algarve 7\" \/>\n<meta property=\"og:description\" content=\"Chegada do pai natal d\u00e1 in\u00edcio \u00e0 programa\u00e7\u00e3o de Natal em Faro Cultura\" \/>\n<meta property=\"og:url\" content=\"https:\/\/algarve7.pt\/index.php\/2024\/11\/chegada-do-pai-natal-da-inicio-a-programacao-de-natal-em-faro\/cultura\/11\/45\/\" \/>\n<meta property=\"og:site_name\" content=\"Algarve 7\" \/>\n<meta property=\"article:publisher\" content=\"https:\/\/www.facebook.com\/algarve7\" \/>\n<meta property=\"article:author\" content=\"https:\/\/www.facebook.com\/algarve7\" \/>\n<meta property=\"article:published_time\" content=\"2024-11-29T11:45:00+00:00\" \/>\n<meta property=\"og:image\" content=\"https:\/\/algarve7.pt\/wp-content\/uploads\/2024\/11\/PAI-NATAL.jpg\" \/>\n\t<meta property=\"og:image:width\" content=\"800\" \/>\n\t<meta property=\"og:image:height\" content=\"530\" \/>\n\t<meta property=\"og:image:type\" content=\"image\/jpeg\" \/>\n<meta name=\"author\" content=\"Algarve 7\" \/>\n<meta name=\"twitter:card\" content=\"summary_large_image\" \/>\n<meta name=\"twitter:creator\" content=\"@Algarvesete\" \/>\n<meta name=\"twitter:site\" content=\"@Algarvesete\" \/>\n<meta name=\"twitter:label1\" content=\"Escrito por\" \/>\n\t<meta name=\"twitter:data1\" content=\"Algarve 7\" \/>\n\t<meta name=\"twitter:label2\" content=\"Tempo estimado de leitura\" \/>\n\t<meta name=\"twitter:data2\" content=\"3 minutos\" \/>\n<script type=\"application\/ld+json\" class=\"yoast-schema-graph\">{\"@context\":\"https:\\\/\\\/schema.org\",\"@graph\":[{\"@type\":\"Article\",\"@id\":\"https:\\\/\\\/algarve7.pt\\\/index.php\\\/2024\\\/11\\\/chegada-do-pai-natal-da-inicio-a-programacao-de-natal-em-faro\\\/cultura\\\/11\\\/45\\\/#article\",\"isPartOf\":{\"@id\":\"https:\\\/\\\/algarve7.pt\\\/index.php\\\/2024\\\/11\\\/chegada-do-pai-natal-da-inicio-a-programacao-de-natal-em-faro\\\/cultura\\\/11\\\/45\\\/\"},\"author\":{\"name\":\"Algarve 7\",\"@id\":\"https:\\\/\\\/algarve7.pt\\\/#\\\/schema\\\/person\\\/23fa70681308e7b319a3204bcea45e0c\"},\"headline\":\"Chegada do pai natal d\u00e1 in\u00edcio \u00e0 programa\u00e7\u00e3o de Natal em Faro\",\"datePublished\":\"2024-11-29T11:45:00+00:00\",\"mainEntityOfPage\":{\"@id\":\"https:\\\/\\\/algarve7.pt\\\/index.php\\\/2024\\\/11\\\/chegada-do-pai-natal-da-inicio-a-programacao-de-natal-em-faro\\\/cultura\\\/11\\\/45\\\/\"},\"wordCount\":463,\"publisher\":{\"@id\":\"https:\\\/\\\/algarve7.pt\\\/#organization\"},\"image\":{\"@id\":\"https:\\\/\\\/algarve7.pt\\\/index.php\\\/2024\\\/11\\\/chegada-do-pai-natal-da-inicio-a-programacao-de-natal-em-faro\\\/cultura\\\/11\\\/45\\\/#primaryimage\"},\"thumbnailUrl\":\"https:\\\/\\\/algarve7.pt\\\/wp-content\\\/uploads\\\/2024\\\/11\\\/PAI-NATAL.jpg\",\"keywords\":[\"Algarve\",\"Cultura\",\"Faro\"],\"articleSection\":[\"Cultura\"],\"inLanguage\":\"pt-PT\"},{\"@type\":\"WebPage\",\"@id\":\"https:\\\/\\\/algarve7.pt\\\/index.php\\\/2024\\\/11\\\/chegada-do-pai-natal-da-inicio-a-programacao-de-natal-em-faro\\\/cultura\\\/11\\\/45\\\/\",\"url\":\"https:\\\/\\\/algarve7.pt\\\/index.php\\\/2024\\\/11\\\/chegada-do-pai-natal-da-inicio-a-programacao-de-natal-em-faro\\\/cultura\\\/11\\\/45\\\/\",\"name\":\"Chegada do pai natal d\u00e1 in\u00edcio \u00e0 programa\u00e7\u00e3o de Natal em Faro - Algarve 7\",\"isPartOf\":{\"@id\":\"https:\\\/\\\/algarve7.pt\\\/#website\"},\"primaryImageOfPage\":{\"@id\":\"https:\\\/\\\/algarve7.pt\\\/index.php\\\/2024\\\/11\\\/chegada-do-pai-natal-da-inicio-a-programacao-de-natal-em-faro\\\/cultura\\\/11\\\/45\\\/#primaryimage\"},\"image\":{\"@id\":\"https:\\\/\\\/algarve7.pt\\\/index.php\\\/2024\\\/11\\\/chegada-do-pai-natal-da-inicio-a-programacao-de-natal-em-faro\\\/cultura\\\/11\\\/45\\\/#primaryimage\"},\"thumbnailUrl\":\"https:\\\/\\\/algarve7.pt\\\/wp-content\\\/uploads\\\/2024\\\/11\\\/PAI-NATAL.jpg\",\"datePublished\":\"2024-11-29T11:45:00+00:00\",\"description\":\"Chegada do pai natal d\u00e1 in\u00edcio \u00e0 programa\u00e7\u00e3o de Natal em Faro Cultura\",\"breadcrumb\":{\"@id\":\"https:\\\/\\\/algarve7.pt\\\/index.php\\\/2024\\\/11\\\/chegada-do-pai-natal-da-inicio-a-programacao-de-natal-em-faro\\\/cultura\\\/11\\\/45\\\/#breadcrumb\"},\"inLanguage\":\"pt-PT\",\"potentialAction\":[{\"@type\":\"ReadAction\",\"target\":[\"https:\\\/\\\/algarve7.pt\\\/index.php\\\/2024\\\/11\\\/chegada-do-pai-natal-da-inicio-a-programacao-de-natal-em-faro\\\/cultura\\\/11\\\/45\\\/\"]}]},{\"@type\":\"ImageObject\",\"inLanguage\":\"pt-PT\",\"@id\":\"https:\\\/\\\/algarve7.pt\\\/index.php\\\/2024\\\/11\\\/chegada-do-pai-natal-da-inicio-a-programacao-de-natal-em-faro\\\/cultura\\\/11\\\/45\\\/#primaryimage\",\"url\":\"https:\\\/\\\/algarve7.pt\\\/wp-content\\\/uploads\\\/2024\\\/11\\\/PAI-NATAL.jpg\",\"contentUrl\":\"https:\\\/\\\/algarve7.pt\\\/wp-content\\\/uploads\\\/2024\\\/11\\\/PAI-NATAL.jpg\",\"width\":800,\"height\":530},{\"@type\":\"BreadcrumbList\",\"@id\":\"https:\\\/\\\/algarve7.pt\\\/index.php\\\/2024\\\/11\\\/chegada-do-pai-natal-da-inicio-a-programacao-de-natal-em-faro\\\/cultura\\\/11\\\/45\\\/#breadcrumb\",\"itemListElement\":[{\"@type\":\"ListItem\",\"position\":1,\"name\":\"In\u00edcio\",\"item\":\"https:\\\/\\\/algarve7.pt\\\/\"},{\"@type\":\"ListItem\",\"position\":2,\"name\":\"Chegada do pai natal d\u00e1 in\u00edcio \u00e0 programa\u00e7\u00e3o de Natal em Faro\"}]},{\"@type\":\"WebSite\",\"@id\":\"https:\\\/\\\/algarve7.pt\\\/#website\",\"url\":\"https:\\\/\\\/algarve7.pt\\\/\",\"name\":\"Algarve 7\",\"description\":\"Informa\u00e7\u00e3o sobre o Algarve\",\"publisher\":{\"@id\":\"https:\\\/\\\/algarve7.pt\\\/#organization\"},\"potentialAction\":[{\"@type\":\"SearchAction\",\"target\":{\"@type\":\"EntryPoint\",\"urlTemplate\":\"https:\\\/\\\/algarve7.pt\\\/?s={search_term_string}\"},\"query-input\":{\"@type\":\"PropertyValueSpecification\",\"valueRequired\":true,\"valueName\":\"search_term_string\"}}],\"inLanguage\":\"pt-PT\"},{\"@type\":\"Organization\",\"@id\":\"https:\\\/\\\/algarve7.pt\\\/#organization\",\"name\":\"Algarve 7\",\"url\":\"https:\\\/\\\/algarve7.pt\\\/\",\"logo\":{\"@type\":\"ImageObject\",\"inLanguage\":\"pt-PT\",\"@id\":\"https:\\\/\\\/algarve7.pt\\\/#\\\/schema\\\/logo\\\/image\\\/\",\"url\":\"https:\\\/\\\/algarve7.pt\\\/wp-content\\\/uploads\\\/2020\\\/10\\\/Logo-8.jpg\",\"contentUrl\":\"https:\\\/\\\/algarve7.pt\\\/wp-content\\\/uploads\\\/2020\\\/10\\\/Logo-8.jpg\",\"width\":1680,\"height\":1186,\"caption\":\"Algarve 7\"},\"image\":{\"@id\":\"https:\\\/\\\/algarve7.pt\\\/#\\\/schema\\\/logo\\\/image\\\/\"},\"sameAs\":[\"https:\\\/\\\/www.facebook.com\\\/algarve7\",\"https:\\\/\\\/x.com\\\/Algarvesete\",\"https:\\\/\\\/www.instagram.com\\\/jornalalgarve7\\\/\",\"https:\\\/\\\/www.linkedin.com\\\/company\\\/algarve7\",\"https:\\\/\\\/www.pinterest.pt\\\/geral0939\\\/_created\\\/\"]},{\"@type\":\"Person\",\"@id\":\"https:\\\/\\\/algarve7.pt\\\/#\\\/schema\\\/person\\\/23fa70681308e7b319a3204bcea45e0c\",\"name\":\"Algarve 7\",\"sameAs\":[\"https:\\\/\\\/algarve7.pt\",\"https:\\\/\\\/www.facebook.com\\\/algarve7\"],\"url\":\"https:\\\/\\\/algarve7.pt\\\/index.php\\\/author\\\/geralalgarve7-pt\\\/\"}]}<\/script>\n<!-- \/ Yoast SEO plugin. -->","yoast_head_json":{"title":"Chegada do pai natal d\u00e1 in\u00edcio \u00e0 programa\u00e7\u00e3o de Natal em Faro - Algarve 7","description":"Chegada do pai natal d\u00e1 in\u00edcio \u00e0 programa\u00e7\u00e3o de Natal em Faro Cultura","robots":{"index":"index","follow":"follow","max-snippet":"max-snippet:-1","max-image-preview":"max-image-preview:large","max-video-preview":"max-video-preview:-1"},"canonical":"https:\/\/algarve7.pt\/index.php\/2024\/11\/chegada-do-pai-natal-da-inicio-a-programacao-de-natal-em-faro\/cultura\/11\/45\/","og_locale":"pt_PT","og_type":"article","og_title":"Chegada do pai natal d\u00e1 in\u00edcio \u00e0 programa\u00e7\u00e3o de Natal em Faro - Algarve 7","og_description":"Chegada do pai natal d\u00e1 in\u00edcio \u00e0 programa\u00e7\u00e3o de Natal em Faro Cultura","og_url":"https:\/\/algarve7.pt\/index.php\/2024\/11\/chegada-do-pai-natal-da-inicio-a-programacao-de-natal-em-faro\/cultura\/11\/45\/","og_site_name":"Algarve 7","article_publisher":"https:\/\/www.facebook.com\/algarve7","article_author":"https:\/\/www.facebook.com\/algarve7","article_published_time":"2024-11-29T11:45:00+00:00","og_image":[{"width":800,"height":530,"url":"https:\/\/algarve7.pt\/wp-content\/uploads\/2024\/11\/PAI-NATAL.jpg","type":"image\/jpeg"}],"author":"Algarve 7","twitter_card":"summary_large_image","twitter_creator":"@Algarvesete","twitter_site":"@Algarvesete","twitter_misc":{"Escrito por":"Algarve 7","Tempo estimado de leitura":"3 minutos"},"schema":{"@context":"https:\/\/schema.org","@graph":[{"@type":"Article","@id":"https:\/\/algarve7.pt\/index.php\/2024\/11\/chegada-do-pai-natal-da-inicio-a-programacao-de-natal-em-faro\/cultura\/11\/45\/#article","isPartOf":{"@id":"https:\/\/algarve7.pt\/index.php\/2024\/11\/chegada-do-pai-natal-da-inicio-a-programacao-de-natal-em-faro\/cultura\/11\/45\/"},"author":{"name":"Algarve 7","@id":"https:\/\/algarve7.pt\/#\/schema\/person\/23fa70681308e7b319a3204bcea45e0c"},"headline":"Chegada do pai natal d\u00e1 in\u00edcio \u00e0 programa\u00e7\u00e3o de Natal em Faro","datePublished":"2024-11-29T11:45:00+00:00","mainEntityOfPage":{"@id":"https:\/\/algarve7.pt\/index.php\/2024\/11\/chegada-do-pai-natal-da-inicio-a-programacao-de-natal-em-faro\/cultura\/11\/45\/"},"wordCount":463,"publisher":{"@id":"https:\/\/algarve7.pt\/#organization"},"image":{"@id":"https:\/\/algarve7.pt\/index.php\/2024\/11\/chegada-do-pai-natal-da-inicio-a-programacao-de-natal-em-faro\/cultura\/11\/45\/#primaryimage"},"thumbnailUrl":"https:\/\/algarve7.pt\/wp-content\/uploads\/2024\/11\/PAI-NATAL.jpg","keywords":["Algarve","Cultura","Faro"],"articleSection":["Cultura"],"inLanguage":"pt-PT"},{"@type":"WebPage","@id":"https:\/\/algarve7.pt\/index.php\/2024\/11\/chegada-do-pai-natal-da-inicio-a-programacao-de-natal-em-faro\/cultura\/11\/45\/","url":"https:\/\/algarve7.pt\/index.php\/2024\/11\/chegada-do-pai-natal-da-inicio-a-programacao-de-natal-em-faro\/cultura\/11\/45\/","name":"Chegada do pai natal d\u00e1 in\u00edcio \u00e0 programa\u00e7\u00e3o de Natal em Faro - Algarve 7","isPartOf":{"@id":"https:\/\/algarve7.pt\/#website"},"primaryImageOfPage":{"@id":"https:\/\/algarve7.pt\/index.php\/2024\/11\/chegada-do-pai-natal-da-inicio-a-programacao-de-natal-em-faro\/cultura\/11\/45\/#primaryimage"},"image":{"@id":"https:\/\/algarve7.pt\/index.php\/2024\/11\/chegada-do-pai-natal-da-inicio-a-programacao-de-natal-em-faro\/cultura\/11\/45\/#primaryimage"},"thumbnailUrl":"https:\/\/algarve7.pt\/wp-content\/uploads\/2024\/11\/PAI-NATAL.jpg","datePublished":"2024-11-29T11:45:00+00:00","description":"Chegada do pai natal d\u00e1 in\u00edcio \u00e0 programa\u00e7\u00e3o de Natal em Faro Cultura","breadcrumb":{"@id":"https:\/\/algarve7.pt\/index.php\/2024\/11\/chegada-do-pai-natal-da-inicio-a-programacao-de-natal-em-faro\/cultura\/11\/45\/#breadcrumb"},"inLanguage":"pt-PT","potentialAction":[{"@type":"ReadAction","target":["https:\/\/algarve7.pt\/index.php\/2024\/11\/chegada-do-pai-natal-da-inicio-a-programacao-de-natal-em-faro\/cultura\/11\/45\/"]}]},{"@type":"ImageObject","inLanguage":"pt-PT","@id":"https:\/\/algarve7.pt\/index.php\/2024\/11\/chegada-do-pai-natal-da-inicio-a-programacao-de-natal-em-faro\/cultura\/11\/45\/#primaryimage","url":"https:\/\/algarve7.pt\/wp-content\/uploads\/2024\/11\/PAI-NATAL.jpg","contentUrl":"https:\/\/algarve7.pt\/wp-content\/uploads\/2024\/11\/PAI-NATAL.jpg","width":800,"height":530},{"@type":"BreadcrumbList","@id":"https:\/\/algarve7.pt\/index.php\/2024\/11\/chegada-do-pai-natal-da-inicio-a-programacao-de-natal-em-faro\/cultura\/11\/45\/#breadcrumb","itemListElement":[{"@type":"ListItem","position":1,"name":"In\u00edcio","item":"https:\/\/algarve7.pt\/"},{"@type":"ListItem","position":2,"name":"Chegada do pai natal d\u00e1 in\u00edcio \u00e0 programa\u00e7\u00e3o de Natal em Faro"}]},{"@type":"WebSite","@id":"https:\/\/algarve7.pt\/#website","url":"https:\/\/algarve7.pt\/","name":"Algarve 7","description":"Informa\u00e7\u00e3o sobre o Algarve","publisher":{"@id":"https:\/\/algarve7.pt\/#organization"},"potentialAction":[{"@type":"SearchAction","target":{"@type":"EntryPoint","urlTemplate":"https:\/\/algarve7.pt\/?s={search_term_string}"},"query-input":{"@type":"PropertyValueSpecification","valueRequired":true,"valueName":"search_term_string"}}],"inLanguage":"pt-PT"},{"@type":"Organization","@id":"https:\/\/algarve7.pt\/#organization","name":"Algarve 7","url":"https:\/\/algarve7.pt\/","logo":{"@type":"ImageObject","inLanguage":"pt-PT","@id":"https:\/\/algarve7.pt\/#\/schema\/logo\/image\/","url":"https:\/\/algarve7.pt\/wp-content\/uploads\/2020\/10\/Logo-8.jpg","contentUrl":"https:\/\/algarve7.pt\/wp-content\/uploads\/2020\/10\/Logo-8.jpg","width":1680,"height":1186,"caption":"Algarve 7"},"image":{"@id":"https:\/\/algarve7.pt\/#\/schema\/logo\/image\/"},"sameAs":["https:\/\/www.facebook.com\/algarve7","https:\/\/x.com\/Algarvesete","https:\/\/www.instagram.com\/jornalalgarve7\/","https:\/\/www.linkedin.com\/company\/algarve7","https:\/\/www.pinterest.pt\/geral0939\/_created\/"]},{"@type":"Person","@id":"https:\/\/algarve7.pt\/#\/schema\/person\/23fa70681308e7b319a3204bcea45e0c","name":"Algarve 7","sameAs":["https:\/\/algarve7.pt","https:\/\/www.facebook.com\/algarve7"],"url":"https:\/\/algarve7.pt\/index.php\/author\/geralalgarve7-pt\/"}]}},"jetpack_publicize_connections":[],"jetpack_featured_media_url":"https:\/\/algarve7.pt\/wp-content\/uploads\/2024\/11\/PAI-NATAL.jpg","jetpack_shortlink":"https:\/\/wp.me\/pcezmW-bIk","jetpack_sharing_enabled":true,"_links":{"self":[{"href":"https:\/\/algarve7.pt\/index.php\/wp-json\/wp\/v2\/posts\/45032","targetHints":{"allow":["GET"]}}],"collection":[{"href":"https:\/\/algarve7.pt\/index.php\/wp-json\/wp\/v2\/posts"}],"about":[{"href":"https:\/\/algarve7.pt\/index.php\/wp-json\/wp\/v2\/types\/post"}],"author":[{"embeddable":true,"href":"https:\/\/algarve7.pt\/index.php\/wp-json\/wp\/v2\/users\/1"}],"replies":[{"embeddable":true,"href":"https:\/\/algarve7.pt\/index.php\/wp-json\/wp\/v2\/comments?post=45032"}],"version-history":[{"count":0,"href":"https:\/\/algarve7.pt\/index.php\/wp-json\/wp\/v2\/posts\/45032\/revisions"}],"wp:featuredmedia":[{"embeddable":true,"href":"https:\/\/algarve7.pt\/index.php\/wp-json\/wp\/v2\/media\/45033"}],"wp:attachment":[{"href":"https:\/\/algarve7.pt\/index.php\/wp-json\/wp\/v2\/media?parent=45032"}],"wp:term":[{"taxonomy":"category","embeddable":true,"href":"https:\/\/algarve7.pt\/index.php\/wp-json\/wp\/v2\/categories?post=45032"},{"taxonomy":"post_tag","embeddable":true,"href":"https:\/\/algarve7.pt\/index.php\/wp-json\/wp\/v2\/tags?post=45032"}],"curies":[{"name":"wp","href":"https:\/\/api.w.org\/{rel}","templated":true}]}}