{"id":44964,"date":"2024-11-29T07:30:00","date_gmt":"2024-11-29T07:30:00","guid":{"rendered":"https:\/\/algarve7.pt\/?p=44964"},"modified":"2024-11-27T19:05:21","modified_gmt":"2024-11-27T19:05:21","slug":"municipio-de-faro-e-psp-fizeram-ponto-de-situacao-da-seguranca-no-concelho-e-balanco-do-sistema-de-videovigilancia","status":"publish","type":"post","link":"https:\/\/algarve7.pt\/index.php\/2024\/11\/municipio-de-faro-e-psp-fizeram-ponto-de-situacao-da-seguranca-no-concelho-e-balanco-do-sistema-de-videovigilancia\/atualidade\/07\/30\/","title":{"rendered":"Munic\u00edpio de Faro e PSP fizeram ponto de situa\u00e7\u00e3o da seguran\u00e7a no concelho e balan\u00e7o do sistema de videovigil\u00e2ncia\u00a0"},"content":{"rendered":"\n<p>Os respons\u00e1veis da C\u00e2mara Municipal de Faro e do Comando da Pol\u00edcia de Seguran\u00e7a P\u00fablica de Faro reuniram na semana passada de forma a fazer um ponto de situa\u00e7\u00e3o da seguran\u00e7a e criminalidade no munic\u00edpio, bem como um balan\u00e7o dos primeiros tr\u00eas meses do novo sistema de videovigil\u00e2ncia, inaugurado no passado dia 27 de agosto com um total de 41 c\u00e2maras, instaladas em 32 pontos da cidade.<\/p>\n\n\n\n<p>Numa reuni\u00e3o que contou com a presen\u00e7a do Presidente da C\u00e2mara Municipal de Faro, Rog\u00e9rio Bacalhau, do Vice-Presidente da C\u00e2mara Municipal de Faro, Paulo Santos, do comandante distrital da PSP de Faro, Superintendente D\u00e1rio Prates, e do rec\u00e9m-designado Comandante da Pol\u00edcia Municipal de Faro, Fernando Duarte, foi referido pelos respons\u00e1veis da PSP que os dados provis\u00f3rios relativos a este ano parecem manifestar uma estabiliza\u00e7\u00e3o da criminalidade geral, bem como da criminalidade violenta e grave, face a 2023.&nbsp;<\/p>\n\n\n\n<p>Por outro lado, de acordo com indicadores relativos aos \u00faltimos anos, a criminalidade registada em Faro tem incidido em particular sobre crimes como burlas inform\u00e1ticas e comunica\u00e7\u00f5es, outras burlas ou furtos de oportunidade ou, no caso de criminalidade violenta e grave, casos de extors\u00e3o \u2013 nomeadamente atrav\u00e9s da internet &#8211; ou resist\u00eancia e coa\u00e7\u00e3o sobre funcion\u00e1rio.&nbsp;<\/p>\n\n\n\n<p>Por este motivo, e tendo em conta a natureza da maioria destes crimes, al\u00e9m do necess\u00e1rio esfor\u00e7o de patrulhamento e visibilidade, dando resposta ao aumento exponencial do n\u00famero de residentes e turistas registado ao longo dos \u00faltimos anos no concelho de Faro, o Comando da PSP de Faro tem procurado tamb\u00e9m promover um conjunto de a\u00e7\u00f5es de sensibiliza\u00e7\u00e3o e preven\u00e7\u00e3o criminal, dirigidas aos v\u00e1rios escal\u00f5es et\u00e1rios e sociais, de forma a ter impacto real na criminalidade registada.<\/p>\n\n\n\n<p>Por outro lado, o balan\u00e7o da entrada em funcionamento do sistema de videovigil\u00e2ncia do Munic\u00edpio ao longo dos meses de setembro, outubro e novembro \u00e9 igualmente positivo, indicando tamb\u00e9m uma diminui\u00e7\u00e3o da criminalidade em toda a \u00e1rea abrangida. At\u00e9 ao momento, revelaram os respons\u00e1veis da PSP, j\u00e1 foram esclarecidos um total de 39 crimes com recurso ao sistema de videovigil\u00e2ncia.<\/p>\n\n\n\n<p>Dado o impacto positivo da implementa\u00e7\u00e3o desta primeira fase deste sistema, que implicou um investimento municipal superior a 450 mil euros, os respons\u00e1veis do Munic\u00edpio de Faro e do Comando da PSP de Faro concordaram em avan\u00e7ar, desde j\u00e1, para um projeto de complemento e alargamento do sistema de videovigil\u00e2ncia atualmente existente, operado pela PSP ininterruptamente 24 horas por dia.<\/p>\n\n\n\n<p>Paralelamente, e em prol do sentimento de confian\u00e7a e seguran\u00e7a da sua popula\u00e7\u00e3o e visitantes, o Munic\u00edpio de Faro pretende continuar a refor\u00e7ar a colabora\u00e7\u00e3o com a Pol\u00edcia de Seguran\u00e7a P\u00fablica &#8211; nomeadamente atrav\u00e9s das reuni\u00f5es do Conselho Municipal de Seguran\u00e7a, das reuni\u00f5es regulares de coordena\u00e7\u00e3o \u2013 Fiscaliza\u00e7\u00e3o Administrativa e de Tr\u00e2nsito, bem como no \u00e2mbito de eventos ou planos de altera\u00e7\u00e3o urban\u00edstica \u2013 mas tamb\u00e9m em articula\u00e7\u00e3o com a Pol\u00edcia Municipal, que dever\u00e1 entrar em funcionamento no in\u00edcio do pr\u00f3ximo ano.<\/p>\n","protected":false},"excerpt":{"rendered":"<p>Os respons\u00e1veis da C\u00e2mara Municipal de Faro e do Comando da Pol\u00edcia de Seguran\u00e7a P\u00fablica de Faro reuniram na semana<\/p>\n","protected":false},"author":1,"featured_media":44965,"comment_status":"closed","ping_status":"closed","sticky":false,"template":"","format":"standard","meta":{"colormag_page_container_layout":"default_layout","colormag_page_sidebar_layout":"default_layout","_monsterinsights_skip_tracking":false,"_monsterinsights_sitenote_active":false,"_monsterinsights_sitenote_note":"","_monsterinsights_sitenote_category":0,"jetpack_post_was_ever_published":false,"_jetpack_newsletter_access":"","_jetpack_dont_email_post_to_subs":false,"_jetpack_newsletter_tier_id":0,"_jetpack_memberships_contains_paywalled_content":false,"_jetpack_memberships_contains_paid_content":false,"footnotes":"","jetpack_publicize_message":"","jetpack_publicize_feature_enabled":true,"jetpack_social_post_already_shared":true,"jetpack_social_options":{"image_generator_settings":{"template":"highway","default_image_id":0,"font":"","enabled":false},"version":2}},"categories":[11],"tags":[36,62,57],"class_list":["post-44964","post","type-post","status-publish","format-standard","has-post-thumbnail","hentry","category-atualidade","tag-algarve","tag-atualidade","tag-faro"],"yoast_head":"<!-- This site is optimized with the Yoast SEO plugin v27.4 - https:\/\/yoast.com\/product\/yoast-seo-wordpress\/ -->\n<title>Munic\u00edpio de Faro e PSP fizeram ponto de situa\u00e7\u00e3o da seguran\u00e7a no concelho e balan\u00e7o do sistema de videovigil\u00e2ncia\u00a0 - Algarve 7<\/title>\n<meta name=\"description\" content=\"Munic\u00edpio de Faro e PSP fizeram ponto de situa\u00e7\u00e3o da seguran\u00e7a no concelho e balan\u00e7o do sistema de videovigil\u00e2ncia\u00a0 Atualidade\" \/>\n<meta name=\"robots\" content=\"index, follow, max-snippet:-1, max-image-preview:large, max-video-preview:-1\" \/>\n<link rel=\"canonical\" href=\"https:\/\/algarve7.pt\/index.php\/2024\/11\/municipio-de-faro-e-psp-fizeram-ponto-de-situacao-da-seguranca-no-concelho-e-balanco-do-sistema-de-videovigilancia\/atualidade\/07\/30\/\" \/>\n<meta property=\"og:locale\" content=\"pt_PT\" \/>\n<meta property=\"og:type\" content=\"article\" \/>\n<meta property=\"og:title\" content=\"Munic\u00edpio de Faro e PSP fizeram ponto de situa\u00e7\u00e3o da seguran\u00e7a no concelho e balan\u00e7o do sistema de videovigil\u00e2ncia\u00a0 - Algarve 7\" \/>\n<meta property=\"og:description\" content=\"Munic\u00edpio de Faro e PSP fizeram ponto de situa\u00e7\u00e3o da seguran\u00e7a no concelho e balan\u00e7o do sistema de videovigil\u00e2ncia\u00a0 Atualidade\" \/>\n<meta property=\"og:url\" content=\"https:\/\/algarve7.pt\/index.php\/2024\/11\/municipio-de-faro-e-psp-fizeram-ponto-de-situacao-da-seguranca-no-concelho-e-balanco-do-sistema-de-videovigilancia\/atualidade\/07\/30\/\" \/>\n<meta property=\"og:site_name\" content=\"Algarve 7\" \/>\n<meta property=\"article:publisher\" content=\"https:\/\/www.facebook.com\/algarve7\" \/>\n<meta property=\"article:author\" content=\"https:\/\/www.facebook.com\/algarve7\" \/>\n<meta property=\"article:published_time\" content=\"2024-11-29T07:30:00+00:00\" \/>\n<meta property=\"og:image\" content=\"https:\/\/algarve7.pt\/wp-content\/uploads\/2024\/11\/Reuniao-PSP-Videovigilancia.jpeg\" \/>\n\t<meta property=\"og:image:width\" content=\"800\" \/>\n\t<meta property=\"og:image:height\" content=\"530\" \/>\n\t<meta property=\"og:image:type\" content=\"image\/jpeg\" \/>\n<meta name=\"author\" content=\"Algarve 7\" \/>\n<meta name=\"twitter:card\" content=\"summary_large_image\" \/>\n<meta name=\"twitter:creator\" content=\"@Algarvesete\" \/>\n<meta name=\"twitter:site\" content=\"@Algarvesete\" \/>\n<meta name=\"twitter:label1\" content=\"Escrito por\" \/>\n\t<meta name=\"twitter:data1\" content=\"Algarve 7\" \/>\n\t<meta name=\"twitter:label2\" content=\"Tempo estimado de leitura\" \/>\n\t<meta name=\"twitter:data2\" content=\"3 minutos\" \/>\n<script type=\"application\/ld+json\" class=\"yoast-schema-graph\">{\"@context\":\"https:\\\/\\\/schema.org\",\"@graph\":[{\"@type\":\"Article\",\"@id\":\"https:\\\/\\\/algarve7.pt\\\/index.php\\\/2024\\\/11\\\/municipio-de-faro-e-psp-fizeram-ponto-de-situacao-da-seguranca-no-concelho-e-balanco-do-sistema-de-videovigilancia\\\/atualidade\\\/07\\\/30\\\/#article\",\"isPartOf\":{\"@id\":\"https:\\\/\\\/algarve7.pt\\\/index.php\\\/2024\\\/11\\\/municipio-de-faro-e-psp-fizeram-ponto-de-situacao-da-seguranca-no-concelho-e-balanco-do-sistema-de-videovigilancia\\\/atualidade\\\/07\\\/30\\\/\"},\"author\":{\"name\":\"Algarve 7\",\"@id\":\"https:\\\/\\\/algarve7.pt\\\/#\\\/schema\\\/person\\\/23fa70681308e7b319a3204bcea45e0c\"},\"headline\":\"Munic\u00edpio de Faro e PSP fizeram ponto de situa\u00e7\u00e3o da seguran\u00e7a no concelho e balan\u00e7o do sistema de videovigil\u00e2ncia\u00a0\",\"datePublished\":\"2024-11-29T07:30:00+00:00\",\"mainEntityOfPage\":{\"@id\":\"https:\\\/\\\/algarve7.pt\\\/index.php\\\/2024\\\/11\\\/municipio-de-faro-e-psp-fizeram-ponto-de-situacao-da-seguranca-no-concelho-e-balanco-do-sistema-de-videovigilancia\\\/atualidade\\\/07\\\/30\\\/\"},\"wordCount\":570,\"publisher\":{\"@id\":\"https:\\\/\\\/algarve7.pt\\\/#organization\"},\"image\":{\"@id\":\"https:\\\/\\\/algarve7.pt\\\/index.php\\\/2024\\\/11\\\/municipio-de-faro-e-psp-fizeram-ponto-de-situacao-da-seguranca-no-concelho-e-balanco-do-sistema-de-videovigilancia\\\/atualidade\\\/07\\\/30\\\/#primaryimage\"},\"thumbnailUrl\":\"https:\\\/\\\/algarve7.pt\\\/wp-content\\\/uploads\\\/2024\\\/11\\\/Reuniao-PSP-Videovigilancia.jpeg\",\"keywords\":[\"Algarve\",\"Atualidade\",\"Faro\"],\"articleSection\":[\"Atualidade\"],\"inLanguage\":\"pt-PT\"},{\"@type\":\"WebPage\",\"@id\":\"https:\\\/\\\/algarve7.pt\\\/index.php\\\/2024\\\/11\\\/municipio-de-faro-e-psp-fizeram-ponto-de-situacao-da-seguranca-no-concelho-e-balanco-do-sistema-de-videovigilancia\\\/atualidade\\\/07\\\/30\\\/\",\"url\":\"https:\\\/\\\/algarve7.pt\\\/index.php\\\/2024\\\/11\\\/municipio-de-faro-e-psp-fizeram-ponto-de-situacao-da-seguranca-no-concelho-e-balanco-do-sistema-de-videovigilancia\\\/atualidade\\\/07\\\/30\\\/\",\"name\":\"Munic\u00edpio de Faro e PSP fizeram ponto de situa\u00e7\u00e3o da seguran\u00e7a no concelho e balan\u00e7o do sistema de videovigil\u00e2ncia\u00a0 - Algarve 7\",\"isPartOf\":{\"@id\":\"https:\\\/\\\/algarve7.pt\\\/#website\"},\"primaryImageOfPage\":{\"@id\":\"https:\\\/\\\/algarve7.pt\\\/index.php\\\/2024\\\/11\\\/municipio-de-faro-e-psp-fizeram-ponto-de-situacao-da-seguranca-no-concelho-e-balanco-do-sistema-de-videovigilancia\\\/atualidade\\\/07\\\/30\\\/#primaryimage\"},\"image\":{\"@id\":\"https:\\\/\\\/algarve7.pt\\\/index.php\\\/2024\\\/11\\\/municipio-de-faro-e-psp-fizeram-ponto-de-situacao-da-seguranca-no-concelho-e-balanco-do-sistema-de-videovigilancia\\\/atualidade\\\/07\\\/30\\\/#primaryimage\"},\"thumbnailUrl\":\"https:\\\/\\\/algarve7.pt\\\/wp-content\\\/uploads\\\/2024\\\/11\\\/Reuniao-PSP-Videovigilancia.jpeg\",\"datePublished\":\"2024-11-29T07:30:00+00:00\",\"description\":\"Munic\u00edpio de Faro e PSP fizeram ponto de situa\u00e7\u00e3o da seguran\u00e7a no concelho e balan\u00e7o do sistema de videovigil\u00e2ncia\u00a0 Atualidade\",\"breadcrumb\":{\"@id\":\"https:\\\/\\\/algarve7.pt\\\/index.php\\\/2024\\\/11\\\/municipio-de-faro-e-psp-fizeram-ponto-de-situacao-da-seguranca-no-concelho-e-balanco-do-sistema-de-videovigilancia\\\/atualidade\\\/07\\\/30\\\/#breadcrumb\"},\"inLanguage\":\"pt-PT\",\"potentialAction\":[{\"@type\":\"ReadAction\",\"target\":[\"https:\\\/\\\/algarve7.pt\\\/index.php\\\/2024\\\/11\\\/municipio-de-faro-e-psp-fizeram-ponto-de-situacao-da-seguranca-no-concelho-e-balanco-do-sistema-de-videovigilancia\\\/atualidade\\\/07\\\/30\\\/\"]}]},{\"@type\":\"ImageObject\",\"inLanguage\":\"pt-PT\",\"@id\":\"https:\\\/\\\/algarve7.pt\\\/index.php\\\/2024\\\/11\\\/municipio-de-faro-e-psp-fizeram-ponto-de-situacao-da-seguranca-no-concelho-e-balanco-do-sistema-de-videovigilancia\\\/atualidade\\\/07\\\/30\\\/#primaryimage\",\"url\":\"https:\\\/\\\/algarve7.pt\\\/wp-content\\\/uploads\\\/2024\\\/11\\\/Reuniao-PSP-Videovigilancia.jpeg\",\"contentUrl\":\"https:\\\/\\\/algarve7.pt\\\/wp-content\\\/uploads\\\/2024\\\/11\\\/Reuniao-PSP-Videovigilancia.jpeg\",\"width\":800,\"height\":530},{\"@type\":\"BreadcrumbList\",\"@id\":\"https:\\\/\\\/algarve7.pt\\\/index.php\\\/2024\\\/11\\\/municipio-de-faro-e-psp-fizeram-ponto-de-situacao-da-seguranca-no-concelho-e-balanco-do-sistema-de-videovigilancia\\\/atualidade\\\/07\\\/30\\\/#breadcrumb\",\"itemListElement\":[{\"@type\":\"ListItem\",\"position\":1,\"name\":\"In\u00edcio\",\"item\":\"https:\\\/\\\/algarve7.pt\\\/\"},{\"@type\":\"ListItem\",\"position\":2,\"name\":\"Munic\u00edpio de Faro e PSP fizeram ponto de situa\u00e7\u00e3o da seguran\u00e7a no concelho e balan\u00e7o do sistema de videovigil\u00e2ncia\u00a0\"}]},{\"@type\":\"WebSite\",\"@id\":\"https:\\\/\\\/algarve7.pt\\\/#website\",\"url\":\"https:\\\/\\\/algarve7.pt\\\/\",\"name\":\"Algarve 7\",\"description\":\"Informa\u00e7\u00e3o sobre o Algarve\",\"publisher\":{\"@id\":\"https:\\\/\\\/algarve7.pt\\\/#organization\"},\"potentialAction\":[{\"@type\":\"SearchAction\",\"target\":{\"@type\":\"EntryPoint\",\"urlTemplate\":\"https:\\\/\\\/algarve7.pt\\\/?s={search_term_string}\"},\"query-input\":{\"@type\":\"PropertyValueSpecification\",\"valueRequired\":true,\"valueName\":\"search_term_string\"}}],\"inLanguage\":\"pt-PT\"},{\"@type\":\"Organization\",\"@id\":\"https:\\\/\\\/algarve7.pt\\\/#organization\",\"name\":\"Algarve 7\",\"url\":\"https:\\\/\\\/algarve7.pt\\\/\",\"logo\":{\"@type\":\"ImageObject\",\"inLanguage\":\"pt-PT\",\"@id\":\"https:\\\/\\\/algarve7.pt\\\/#\\\/schema\\\/logo\\\/image\\\/\",\"url\":\"https:\\\/\\\/algarve7.pt\\\/wp-content\\\/uploads\\\/2020\\\/10\\\/Logo-8.jpg\",\"contentUrl\":\"https:\\\/\\\/algarve7.pt\\\/wp-content\\\/uploads\\\/2020\\\/10\\\/Logo-8.jpg\",\"width\":1680,\"height\":1186,\"caption\":\"Algarve 7\"},\"image\":{\"@id\":\"https:\\\/\\\/algarve7.pt\\\/#\\\/schema\\\/logo\\\/image\\\/\"},\"sameAs\":[\"https:\\\/\\\/www.facebook.com\\\/algarve7\",\"https:\\\/\\\/x.com\\\/Algarvesete\",\"https:\\\/\\\/www.instagram.com\\\/jornalalgarve7\\\/\",\"https:\\\/\\\/www.linkedin.com\\\/company\\\/algarve7\",\"https:\\\/\\\/www.pinterest.pt\\\/geral0939\\\/_created\\\/\"]},{\"@type\":\"Person\",\"@id\":\"https:\\\/\\\/algarve7.pt\\\/#\\\/schema\\\/person\\\/23fa70681308e7b319a3204bcea45e0c\",\"name\":\"Algarve 7\",\"sameAs\":[\"https:\\\/\\\/algarve7.pt\",\"https:\\\/\\\/www.facebook.com\\\/algarve7\"],\"url\":\"https:\\\/\\\/algarve7.pt\\\/index.php\\\/author\\\/geralalgarve7-pt\\\/\"}]}<\/script>\n<!-- \/ Yoast SEO plugin. -->","yoast_head_json":{"title":"Munic\u00edpio de Faro e PSP fizeram ponto de situa\u00e7\u00e3o da seguran\u00e7a no concelho e balan\u00e7o do sistema de videovigil\u00e2ncia\u00a0 - Algarve 7","description":"Munic\u00edpio de Faro e PSP fizeram ponto de situa\u00e7\u00e3o da seguran\u00e7a no concelho e balan\u00e7o do sistema de videovigil\u00e2ncia\u00a0 Atualidade","robots":{"index":"index","follow":"follow","max-snippet":"max-snippet:-1","max-image-preview":"max-image-preview:large","max-video-preview":"max-video-preview:-1"},"canonical":"https:\/\/algarve7.pt\/index.php\/2024\/11\/municipio-de-faro-e-psp-fizeram-ponto-de-situacao-da-seguranca-no-concelho-e-balanco-do-sistema-de-videovigilancia\/atualidade\/07\/30\/","og_locale":"pt_PT","og_type":"article","og_title":"Munic\u00edpio de Faro e PSP fizeram ponto de situa\u00e7\u00e3o da seguran\u00e7a no concelho e balan\u00e7o do sistema de videovigil\u00e2ncia\u00a0 - Algarve 7","og_description":"Munic\u00edpio de Faro e PSP fizeram ponto de situa\u00e7\u00e3o da seguran\u00e7a no concelho e balan\u00e7o do sistema de videovigil\u00e2ncia\u00a0 Atualidade","og_url":"https:\/\/algarve7.pt\/index.php\/2024\/11\/municipio-de-faro-e-psp-fizeram-ponto-de-situacao-da-seguranca-no-concelho-e-balanco-do-sistema-de-videovigilancia\/atualidade\/07\/30\/","og_site_name":"Algarve 7","article_publisher":"https:\/\/www.facebook.com\/algarve7","article_author":"https:\/\/www.facebook.com\/algarve7","article_published_time":"2024-11-29T07:30:00+00:00","og_image":[{"width":800,"height":530,"url":"https:\/\/algarve7.pt\/wp-content\/uploads\/2024\/11\/Reuniao-PSP-Videovigilancia.jpeg","type":"image\/jpeg"}],"author":"Algarve 7","twitter_card":"summary_large_image","twitter_creator":"@Algarvesete","twitter_site":"@Algarvesete","twitter_misc":{"Escrito por":"Algarve 7","Tempo estimado de leitura":"3 minutos"},"schema":{"@context":"https:\/\/schema.org","@graph":[{"@type":"Article","@id":"https:\/\/algarve7.pt\/index.php\/2024\/11\/municipio-de-faro-e-psp-fizeram-ponto-de-situacao-da-seguranca-no-concelho-e-balanco-do-sistema-de-videovigilancia\/atualidade\/07\/30\/#article","isPartOf":{"@id":"https:\/\/algarve7.pt\/index.php\/2024\/11\/municipio-de-faro-e-psp-fizeram-ponto-de-situacao-da-seguranca-no-concelho-e-balanco-do-sistema-de-videovigilancia\/atualidade\/07\/30\/"},"author":{"name":"Algarve 7","@id":"https:\/\/algarve7.pt\/#\/schema\/person\/23fa70681308e7b319a3204bcea45e0c"},"headline":"Munic\u00edpio de Faro e PSP fizeram ponto de situa\u00e7\u00e3o da seguran\u00e7a no concelho e balan\u00e7o do sistema de videovigil\u00e2ncia\u00a0","datePublished":"2024-11-29T07:30:00+00:00","mainEntityOfPage":{"@id":"https:\/\/algarve7.pt\/index.php\/2024\/11\/municipio-de-faro-e-psp-fizeram-ponto-de-situacao-da-seguranca-no-concelho-e-balanco-do-sistema-de-videovigilancia\/atualidade\/07\/30\/"},"wordCount":570,"publisher":{"@id":"https:\/\/algarve7.pt\/#organization"},"image":{"@id":"https:\/\/algarve7.pt\/index.php\/2024\/11\/municipio-de-faro-e-psp-fizeram-ponto-de-situacao-da-seguranca-no-concelho-e-balanco-do-sistema-de-videovigilancia\/atualidade\/07\/30\/#primaryimage"},"thumbnailUrl":"https:\/\/algarve7.pt\/wp-content\/uploads\/2024\/11\/Reuniao-PSP-Videovigilancia.jpeg","keywords":["Algarve","Atualidade","Faro"],"articleSection":["Atualidade"],"inLanguage":"pt-PT"},{"@type":"WebPage","@id":"https:\/\/algarve7.pt\/index.php\/2024\/11\/municipio-de-faro-e-psp-fizeram-ponto-de-situacao-da-seguranca-no-concelho-e-balanco-do-sistema-de-videovigilancia\/atualidade\/07\/30\/","url":"https:\/\/algarve7.pt\/index.php\/2024\/11\/municipio-de-faro-e-psp-fizeram-ponto-de-situacao-da-seguranca-no-concelho-e-balanco-do-sistema-de-videovigilancia\/atualidade\/07\/30\/","name":"Munic\u00edpio de Faro e PSP fizeram ponto de situa\u00e7\u00e3o da seguran\u00e7a no concelho e balan\u00e7o do sistema de videovigil\u00e2ncia\u00a0 - Algarve 7","isPartOf":{"@id":"https:\/\/algarve7.pt\/#website"},"primaryImageOfPage":{"@id":"https:\/\/algarve7.pt\/index.php\/2024\/11\/municipio-de-faro-e-psp-fizeram-ponto-de-situacao-da-seguranca-no-concelho-e-balanco-do-sistema-de-videovigilancia\/atualidade\/07\/30\/#primaryimage"},"image":{"@id":"https:\/\/algarve7.pt\/index.php\/2024\/11\/municipio-de-faro-e-psp-fizeram-ponto-de-situacao-da-seguranca-no-concelho-e-balanco-do-sistema-de-videovigilancia\/atualidade\/07\/30\/#primaryimage"},"thumbnailUrl":"https:\/\/algarve7.pt\/wp-content\/uploads\/2024\/11\/Reuniao-PSP-Videovigilancia.jpeg","datePublished":"2024-11-29T07:30:00+00:00","description":"Munic\u00edpio de Faro e PSP fizeram ponto de situa\u00e7\u00e3o da seguran\u00e7a no concelho e balan\u00e7o do sistema de videovigil\u00e2ncia\u00a0 Atualidade","breadcrumb":{"@id":"https:\/\/algarve7.pt\/index.php\/2024\/11\/municipio-de-faro-e-psp-fizeram-ponto-de-situacao-da-seguranca-no-concelho-e-balanco-do-sistema-de-videovigilancia\/atualidade\/07\/30\/#breadcrumb"},"inLanguage":"pt-PT","potentialAction":[{"@type":"ReadAction","target":["https:\/\/algarve7.pt\/index.php\/2024\/11\/municipio-de-faro-e-psp-fizeram-ponto-de-situacao-da-seguranca-no-concelho-e-balanco-do-sistema-de-videovigilancia\/atualidade\/07\/30\/"]}]},{"@type":"ImageObject","inLanguage":"pt-PT","@id":"https:\/\/algarve7.pt\/index.php\/2024\/11\/municipio-de-faro-e-psp-fizeram-ponto-de-situacao-da-seguranca-no-concelho-e-balanco-do-sistema-de-videovigilancia\/atualidade\/07\/30\/#primaryimage","url":"https:\/\/algarve7.pt\/wp-content\/uploads\/2024\/11\/Reuniao-PSP-Videovigilancia.jpeg","contentUrl":"https:\/\/algarve7.pt\/wp-content\/uploads\/2024\/11\/Reuniao-PSP-Videovigilancia.jpeg","width":800,"height":530},{"@type":"BreadcrumbList","@id":"https:\/\/algarve7.pt\/index.php\/2024\/11\/municipio-de-faro-e-psp-fizeram-ponto-de-situacao-da-seguranca-no-concelho-e-balanco-do-sistema-de-videovigilancia\/atualidade\/07\/30\/#breadcrumb","itemListElement":[{"@type":"ListItem","position":1,"name":"In\u00edcio","item":"https:\/\/algarve7.pt\/"},{"@type":"ListItem","position":2,"name":"Munic\u00edpio de Faro e PSP fizeram ponto de situa\u00e7\u00e3o da seguran\u00e7a no concelho e balan\u00e7o do sistema de videovigil\u00e2ncia\u00a0"}]},{"@type":"WebSite","@id":"https:\/\/algarve7.pt\/#website","url":"https:\/\/algarve7.pt\/","name":"Algarve 7","description":"Informa\u00e7\u00e3o sobre o Algarve","publisher":{"@id":"https:\/\/algarve7.pt\/#organization"},"potentialAction":[{"@type":"SearchAction","target":{"@type":"EntryPoint","urlTemplate":"https:\/\/algarve7.pt\/?s={search_term_string}"},"query-input":{"@type":"PropertyValueSpecification","valueRequired":true,"valueName":"search_term_string"}}],"inLanguage":"pt-PT"},{"@type":"Organization","@id":"https:\/\/algarve7.pt\/#organization","name":"Algarve 7","url":"https:\/\/algarve7.pt\/","logo":{"@type":"ImageObject","inLanguage":"pt-PT","@id":"https:\/\/algarve7.pt\/#\/schema\/logo\/image\/","url":"https:\/\/algarve7.pt\/wp-content\/uploads\/2020\/10\/Logo-8.jpg","contentUrl":"https:\/\/algarve7.pt\/wp-content\/uploads\/2020\/10\/Logo-8.jpg","width":1680,"height":1186,"caption":"Algarve 7"},"image":{"@id":"https:\/\/algarve7.pt\/#\/schema\/logo\/image\/"},"sameAs":["https:\/\/www.facebook.com\/algarve7","https:\/\/x.com\/Algarvesete","https:\/\/www.instagram.com\/jornalalgarve7\/","https:\/\/www.linkedin.com\/company\/algarve7","https:\/\/www.pinterest.pt\/geral0939\/_created\/"]},{"@type":"Person","@id":"https:\/\/algarve7.pt\/#\/schema\/person\/23fa70681308e7b319a3204bcea45e0c","name":"Algarve 7","sameAs":["https:\/\/algarve7.pt","https:\/\/www.facebook.com\/algarve7"],"url":"https:\/\/algarve7.pt\/index.php\/author\/geralalgarve7-pt\/"}]}},"jetpack_publicize_connections":[],"jetpack_featured_media_url":"https:\/\/algarve7.pt\/wp-content\/uploads\/2024\/11\/Reuniao-PSP-Videovigilancia.jpeg","jetpack_shortlink":"https:\/\/wp.me\/pcezmW-bHe","jetpack_sharing_enabled":true,"_links":{"self":[{"href":"https:\/\/algarve7.pt\/index.php\/wp-json\/wp\/v2\/posts\/44964","targetHints":{"allow":["GET"]}}],"collection":[{"href":"https:\/\/algarve7.pt\/index.php\/wp-json\/wp\/v2\/posts"}],"about":[{"href":"https:\/\/algarve7.pt\/index.php\/wp-json\/wp\/v2\/types\/post"}],"author":[{"embeddable":true,"href":"https:\/\/algarve7.pt\/index.php\/wp-json\/wp\/v2\/users\/1"}],"replies":[{"embeddable":true,"href":"https:\/\/algarve7.pt\/index.php\/wp-json\/wp\/v2\/comments?post=44964"}],"version-history":[{"count":0,"href":"https:\/\/algarve7.pt\/index.php\/wp-json\/wp\/v2\/posts\/44964\/revisions"}],"wp:featuredmedia":[{"embeddable":true,"href":"https:\/\/algarve7.pt\/index.php\/wp-json\/wp\/v2\/media\/44965"}],"wp:attachment":[{"href":"https:\/\/algarve7.pt\/index.php\/wp-json\/wp\/v2\/media?parent=44964"}],"wp:term":[{"taxonomy":"category","embeddable":true,"href":"https:\/\/algarve7.pt\/index.php\/wp-json\/wp\/v2\/categories?post=44964"},{"taxonomy":"post_tag","embeddable":true,"href":"https:\/\/algarve7.pt\/index.php\/wp-json\/wp\/v2\/tags?post=44964"}],"curies":[{"name":"wp","href":"https:\/\/api.w.org\/{rel}","templated":true}]}}